{"id":33598,"date":"2016-04-19T14:48:03","date_gmt":"2016-04-19T19:48:03","guid":{"rendered":"https:\/\/centrourbano.com\/?p=33598"},"modified":"2016-04-20T12:37:46","modified_gmt":"2016-04-20T17:37:46","slug":"hoy-se-celebra-el-dia-mundial-de-la-bicicleta","status":"publish","type":"post","link":"https:\/\/centrourbano.com\/revista\/actualidad\/hoy-se-celebra-el-dia-mundial-de-la-bicicleta\/","title":{"rendered":"Hoy se celebra el D\u00eda Mundial de la Bicicleta"},"content":{"rendered":"<p><em>Andar en bicicleta no solo es bueno para ayudar al medio ambiente sino que tambi\u00e9n trae beneficios a la salud, estado de \u00e1nimo y estilo de vida<br \/>\n<\/em><!--more--><\/p>\n<p>Este 19 de abril el mundo entero celebra el D\u00eda de la Bicicleta, cuyo objetivo es fomentar el uso de este medio de transporte, sobre todo en ciudades altamente pobladas donde el uso del autom\u00f3vil se ha extendido, causando graves problemas al medio ambiente.<\/p>\n<p>Adem\u00e1s, con esta iniciativa se pretende crear conciencia sobre los derechos de los ciclistas y destacar todos los beneficios de este medio, tanto para los usuarios como para el medio ambiente.<\/p>\n<p>Desde hace varios a\u00f1os la Ciudad de M\u00e9xico ha tratado de concientizar a la poblaci\u00f3n sobre el uso de la bicicleta, y sigue creando campa\u00f1as para continuar con el fomento hacia este tipo de trasporte.<\/p>\n<div id=\"attachment_33599\" style=\"width: 510px\" class=\"wp-caption alignnone\"><a href=\"https:\/\/centrourbano.com\/revista\/wp-content\/uploads\/foto8_reforma_menb.jpg\" rel=\"attachment wp-att-33599\"><img loading=\"lazy\" decoding=\"async\" aria-describedby=\"caption-attachment-33599\" class=\"size-full wp-image-33599\" src=\"https:\/\/centrourbano.com\/revista\/wp-content\/uploads\/foto8_reforma_menb.jpg\" alt=\"Hoy se celebra el D\u00eda Mundial de la Bicicleta\" width=\"500\" height=\"251\" srcset=\"https:\/\/centrourbano.com\/revista\/wp-content\/uploads\/foto8_reforma_menb.jpg 500w, https:\/\/centrourbano.com\/revista\/wp-content\/uploads\/foto8_reforma_menb-300x151.jpg 300w\" sizes=\"auto, (max-width: 500px) 100vw, 500px\" \/><\/a><p id=\"caption-attachment-33599\" class=\"wp-caption-text\">Andar en bicicleta no solo es bueno para ayudar al medio ambiente sino que tambi\u00e9n trae beneficios a la salud, estado de \u00e1nimo y estilo de vida<\/p><\/div>\n<p>Por tal motivo, el gobierno de la ciudad, a trav\u00e9s de la Secretar\u00eda del Medio Ambiente (Sedema), el sistema de pr\u00e9stamo de bicicletas Ecobici y el Bosque de Chapultepec, convoc\u00f3 a los ciudadanos para disfrutar de las actividades programadas el pasado s\u00e1bado en la \u201cGran Rodada por el D\u00eda Mundial de la Bicicleta\u201d.<\/p>\n<p>Andar en bicicleta no solo es bueno para ayudar al medio ambiente sino que tambi\u00e9n trae beneficios a la salud, estado de \u00e1nimo y estilo de vida, ya que ayuda a las personas a ejercitarse, baja los niveles de estr\u00e9s y contribuye a la buena oxigenaci\u00f3n.<\/p>\n<p>Como dato interesante, recientemente la revista Wired elabor\u00f3 un ranking con las ciudades m\u00e1s amigables para andar en bici, conform\u00e1ndose de la siguiente manera: Copenhague, en Dinamarca; Amsterdam, en Holanda; Utrecht, Holanda; Estrasburgo, Francia; Eindhoven, en Holanda; Malm\u00f6, en Suecia; Nantes, en Francia; Burdeos, en Francia; Amberes, B\u00e9lgica; Sevilla Espa\u00f1a; Barcelona, Catalu\u00f1a; Berl\u00edn, Alemania; Lubliana, Eslovenia; Buenos Aires, Argentina; Dubl\u00edn, en Irlanda; Viena, Austria; Par\u00eds, Francia; Minneapolis, en Estados Unidos; Hamburgo, Alemania y Montreal, en Canad\u00e1.<\/p>\n","protected":false},"excerpt":{"rendered":"<p>Andar en bicicleta no solo es bueno para ayudar al medio ambiente sino que tambi\u00e9n trae beneficios a la salud, estado de \u00e1nimo y estilo de vida<\/p>\n","protected":false},"author":77,"featured_media":33601,"comment_status":"open","ping_status":"closed","sticky":false,"template":"","format":"standard","meta":{"inline_featured_image":false,"footnotes":""},"categories":[80],"tags":[718,8035,167],"class_list":["post-33598","post","type-post","status-publish","format-standard","has-post-thumbnail","hentry","category-actualidad","tag-bicicleta","tag-dia-mundial-de-la-bicicleta","tag-sedema"],"yoast_head":"<!-- This site is optimized with the Yoast SEO plugin v28.4 - https:\/\/yoast.com\/product\/yoast-seo-wordpress\/ -->\n<title>Hoy se celebra el D\u00eda Mundial de la Bicicleta\u00a0<\/title>\n<meta name=\"description\" content=\"Andar en bicicleta no solo es bueno para ayudar al medio ambiente sino que tambi\u00e9n trae beneficios a la salud, estado de \u00e1nimo y estilo de vida\" \/>\n<meta name=\"robots\" content=\"index, follow, max-snippet:-1, max-image-preview:large, max-video-preview:-1\" \/>\n<link rel=\"canonical\" href=\"https:\/\/centrourbano.com\/revista\/actualidad\/hoy-se-celebra-el-dia-mundial-de-la-bicicleta\/\" \/>\n<meta property=\"og:locale\" content=\"es_ES\" \/>\n<meta property=\"og:type\" content=\"article\" \/>\n<meta property=\"og:title\" content=\"Hoy se celebra el D\u00eda Mundial de la Bicicleta\u00a0\" \/>\n<meta property=\"og:description\" content=\"Andar en bicicleta no solo es bueno para ayudar al medio ambiente sino que tambi\u00e9n trae beneficios a la salud, estado de \u00e1nimo y estilo de vida\" \/>\n<meta property=\"og:url\" content=\"https:\/\/centrourbano.com\/revista\/actualidad\/hoy-se-celebra-el-dia-mundial-de-la-bicicleta\/\" \/>\n<meta property=\"og:site_name\" content=\"Centro Urbano\" \/>\n<meta property=\"article:publisher\" content=\"https:\/\/www.facebook.com\/portalcentrourbano\" \/>\n<meta property=\"article:published_time\" content=\"2016-04-19T19:48:03+00:00\" \/>\n<meta property=\"article:modified_time\" content=\"2016-04-20T17:37:46+00:00\" \/>\n<meta property=\"og:image\" content=\"https:\/\/centrourbano.com\/revista\/wp-content\/uploads\/andar-en-bicicleta.jpg\" \/>\n\t<meta property=\"og:image:width\" content=\"600\" \/>\n\t<meta property=\"og:image:height\" content=\"429\" \/>\n\t<meta property=\"og:image:type\" content=\"image\/jpeg\" \/>\n<meta name=\"author\" content=\"G4A\" \/>\n<meta name=\"twitter:card\" content=\"summary_large_image\" \/>\n<meta name=\"twitter:creator\" content=\"@CentroUrbano\" \/>\n<meta name=\"twitter:site\" content=\"@CentroUrbano\" \/>\n<meta name=\"twitter:label1\" content=\"Escrito por\" \/>\n\t<meta name=\"twitter:data1\" content=\"G4A\" \/>\n\t<meta name=\"twitter:label2\" content=\"Tiempo de lectura\" \/>\n\t<meta name=\"twitter:data2\" content=\"2 minutos\" \/>\n<script type=\"application\/ld+json\" class=\"yoast-schema-graph\">{\"@context\":\"https:\\\/\\\/schema.org\",\"@graph\":[{\"@type\":\"Article\",\"@id\":\"https:\\\/\\\/centrourbano.com\\\/revista\\\/actualidad\\\/hoy-se-celebra-el-dia-mundial-de-la-bicicleta\\\/#article\",\"isPartOf\":{\"@id\":\"https:\\\/\\\/centrourbano.com\\\/revista\\\/actualidad\\\/hoy-se-celebra-el-dia-mundial-de-la-bicicleta\\\/\"},\"author\":{\"name\":\"G4A\",\"@id\":\"https:\\\/\\\/centrourbano.com\\\/revista\\\/#\\\/schema\\\/person\\\/370fa0ba2d8dd5bde3fdb8b62ad360aa\"},\"headline\":\"Hoy se celebra el D\u00eda Mundial de la Bicicleta\",\"datePublished\":\"2016-04-19T19:48:03+00:00\",\"dateModified\":\"2016-04-20T17:37:46+00:00\",\"mainEntityOfPage\":{\"@id\":\"https:\\\/\\\/centrourbano.com\\\/revista\\\/actualidad\\\/hoy-se-celebra-el-dia-mundial-de-la-bicicleta\\\/\"},\"wordCount\":380,\"commentCount\":0,\"publisher\":{\"@id\":\"https:\\\/\\\/centrourbano.com\\\/revista\\\/#organization\"},\"image\":{\"@id\":\"https:\\\/\\\/centrourbano.com\\\/revista\\\/actualidad\\\/hoy-se-celebra-el-dia-mundial-de-la-bicicleta\\\/#primaryimage\"},\"thumbnailUrl\":\"https:\\\/\\\/centrourbano.com\\\/revista\\\/wp-content\\\/uploads\\\/andar-en-bicicleta.jpg\",\"keywords\":[\"Bicicleta\",\"D\u00eda Mundial de la Bicicleta\",\"Sedema\"],\"articleSection\":[\"Actualidad\"],\"inLanguage\":\"es\"},{\"@type\":\"WebPage\",\"@id\":\"https:\\\/\\\/centrourbano.com\\\/revista\\\/actualidad\\\/hoy-se-celebra-el-dia-mundial-de-la-bicicleta\\\/\",\"url\":\"https:\\\/\\\/centrourbano.com\\\/revista\\\/actualidad\\\/hoy-se-celebra-el-dia-mundial-de-la-bicicleta\\\/\",\"name\":\"Hoy se celebra el D\u00eda Mundial de la Bicicleta\u00a0\",\"isPartOf\":{\"@id\":\"https:\\\/\\\/centrourbano.com\\\/revista\\\/#website\"},\"primaryImageOfPage\":{\"@id\":\"https:\\\/\\\/centrourbano.com\\\/revista\\\/actualidad\\\/hoy-se-celebra-el-dia-mundial-de-la-bicicleta\\\/#primaryimage\"},\"image\":{\"@id\":\"https:\\\/\\\/centrourbano.com\\\/revista\\\/actualidad\\\/hoy-se-celebra-el-dia-mundial-de-la-bicicleta\\\/#primaryimage\"},\"thumbnailUrl\":\"https:\\\/\\\/centrourbano.com\\\/revista\\\/wp-content\\\/uploads\\\/andar-en-bicicleta.jpg\",\"datePublished\":\"2016-04-19T19:48:03+00:00\",\"dateModified\":\"2016-04-20T17:37:46+00:00\",\"description\":\"Andar en bicicleta no solo es bueno para ayudar al medio ambiente sino que tambi\u00e9n trae beneficios a la salud, estado de \u00e1nimo y estilo de vida\",\"breadcrumb\":{\"@id\":\"https:\\\/\\\/centrourbano.com\\\/revista\\\/actualidad\\\/hoy-se-celebra-el-dia-mundial-de-la-bicicleta\\\/#breadcrumb\"},\"inLanguage\":\"es\",\"potentialAction\":[{\"@type\":\"ReadAction\",\"target\":[\"https:\\\/\\\/centrourbano.com\\\/revista\\\/actualidad\\\/hoy-se-celebra-el-dia-mundial-de-la-bicicleta\\\/\"]}]},{\"@type\":\"ImageObject\",\"inLanguage\":\"es\",\"@id\":\"https:\\\/\\\/centrourbano.com\\\/revista\\\/actualidad\\\/hoy-se-celebra-el-dia-mundial-de-la-bicicleta\\\/#primaryimage\",\"url\":\"https:\\\/\\\/centrourbano.com\\\/revista\\\/wp-content\\\/uploads\\\/andar-en-bicicleta.jpg\",\"contentUrl\":\"https:\\\/\\\/centrourbano.com\\\/revista\\\/wp-content\\\/uploads\\\/andar-en-bicicleta.jpg\",\"width\":600,\"height\":429,\"caption\":\"Andar en bicicleta no solo es bueno para ayudar al medio ambiente sino que tambi\u00e9n trae beneficios a la salud, estado de \u00e1nimo y estilo de vida\"},{\"@type\":\"BreadcrumbList\",\"@id\":\"https:\\\/\\\/centrourbano.com\\\/revista\\\/actualidad\\\/hoy-se-celebra-el-dia-mundial-de-la-bicicleta\\\/#breadcrumb\",\"itemListElement\":[{\"@type\":\"ListItem\",\"position\":1,\"name\":\"Portada\",\"item\":\"https:\\\/\\\/centrourbano.com\\\/revista\\\/\"},{\"@type\":\"ListItem\",\"position\":2,\"name\":\"Hoy se celebra el D\u00eda Mundial de la Bicicleta\"}]},{\"@type\":\"WebSite\",\"@id\":\"https:\\\/\\\/centrourbano.com\\\/revista\\\/#website\",\"url\":\"https:\\\/\\\/centrourbano.com\\\/revista\\\/\",\"name\":\"Centro Urbano\",\"description\":\"Medio especializado en los sectores vivienda, inmobiliario, construcci\u00f3n, arquitectura y urbanismo.\",\"publisher\":{\"@id\":\"https:\\\/\\\/centrourbano.com\\\/revista\\\/#organization\"},\"potentialAction\":[{\"@type\":\"SearchAction\",\"target\":{\"@type\":\"EntryPoint\",\"urlTemplate\":\"https:\\\/\\\/centrourbano.com\\\/revista\\\/?s={search_term_string}\"},\"query-input\":{\"@type\":\"PropertyValueSpecification\",\"valueRequired\":true,\"valueName\":\"search_term_string\"}}],\"inLanguage\":\"es\"},{\"@type\":\"Organization\",\"@id\":\"https:\\\/\\\/centrourbano.com\\\/revista\\\/#organization\",\"name\":\"Centro Urbano\",\"url\":\"https:\\\/\\\/centrourbano.com\\\/revista\\\/\",\"logo\":{\"@type\":\"ImageObject\",\"inLanguage\":\"es\",\"@id\":\"https:\\\/\\\/centrourbano.com\\\/revista\\\/#\\\/schema\\\/logo\\\/image\\\/\",\"url\":\"https:\\\/\\\/centrourbano.com\\\/revista\\\/wp-content\\\/uploads\\\/web_CU_logo-1.png\",\"contentUrl\":\"https:\\\/\\\/centrourbano.com\\\/revista\\\/wp-content\\\/uploads\\\/web_CU_logo-1.png\",\"width\":350,\"height\":91,\"caption\":\"Centro Urbano\"},\"image\":{\"@id\":\"https:\\\/\\\/centrourbano.com\\\/revista\\\/#\\\/schema\\\/logo\\\/image\\\/\"},\"sameAs\":[\"https:\\\/\\\/www.facebook.com\\\/portalcentrourbano\",\"https:\\\/\\\/x.com\\\/CentroUrbano\",\"https:\\\/\\\/www.instagram.com\\\/centro_urbano\\\/\",\"https:\\\/\\\/www.linkedin.com\\\/company\\\/centro-urbano\\\/\",\"http:\\\/\\\/www.youtube.com\\\/user\\\/portalcentrourbano\"]},{\"@type\":\"Person\",\"@id\":\"https:\\\/\\\/centrourbano.com\\\/revista\\\/#\\\/schema\\\/person\\\/370fa0ba2d8dd5bde3fdb8b62ad360aa\",\"name\":\"G4A\",\"image\":{\"@type\":\"ImageObject\",\"inLanguage\":\"es\",\"@id\":\"https:\\\/\\\/secure.gravatar.com\\\/avatar\\\/932a97121b13d5de5bbd8193c6c83d3b92c9eda0f39623607d4280e7a5778d97?s=96&d=mm&r=g\",\"url\":\"https:\\\/\\\/secure.gravatar.com\\\/avatar\\\/932a97121b13d5de5bbd8193c6c83d3b92c9eda0f39623607d4280e7a5778d97?s=96&d=mm&r=g\",\"contentUrl\":\"https:\\\/\\\/secure.gravatar.com\\\/avatar\\\/932a97121b13d5de5bbd8193c6c83d3b92c9eda0f39623607d4280e7a5778d97?s=96&d=mm&r=g\",\"caption\":\"G4A\"},\"url\":\"https:\\\/\\\/centrourbano.com\\\/revista\\\/author\\\/admin-g4a\\\/\"}]}<\/script>\n<!-- \/ Yoast SEO plugin. -->","yoast_head_json":{"title":"Hoy se celebra el D\u00eda Mundial de la Bicicleta\u00a0","description":"Andar en bicicleta no solo es bueno para ayudar al medio ambiente sino que tambi\u00e9n trae beneficios a la salud, estado de \u00e1nimo y estilo de vida","robots":{"index":"index","follow":"follow","max-snippet":"max-snippet:-1","max-image-preview":"max-image-preview:large","max-video-preview":"max-video-preview:-1"},"canonical":"https:\/\/centrourbano.com\/revista\/actualidad\/hoy-se-celebra-el-dia-mundial-de-la-bicicleta\/","og_locale":"es_ES","og_type":"article","og_title":"Hoy se celebra el D\u00eda Mundial de la Bicicleta\u00a0","og_description":"Andar en bicicleta no solo es bueno para ayudar al medio ambiente sino que tambi\u00e9n trae beneficios a la salud, estado de \u00e1nimo y estilo de vida","og_url":"https:\/\/centrourbano.com\/revista\/actualidad\/hoy-se-celebra-el-dia-mundial-de-la-bicicleta\/","og_site_name":"Centro Urbano","article_publisher":"https:\/\/www.facebook.com\/portalcentrourbano","article_published_time":"2016-04-19T19:48:03+00:00","article_modified_time":"2016-04-20T17:37:46+00:00","og_image":[{"width":600,"height":429,"url":"https:\/\/centrourbano.com\/revista\/wp-content\/uploads\/andar-en-bicicleta.jpg","type":"image\/jpeg"}],"author":"G4A","twitter_card":"summary_large_image","twitter_creator":"@CentroUrbano","twitter_site":"@CentroUrbano","twitter_misc":{"Escrito por":"G4A","Tiempo de lectura":"2 minutos"},"schema":{"@context":"https:\/\/schema.org","@graph":[{"@type":"Article","@id":"https:\/\/centrourbano.com\/revista\/actualidad\/hoy-se-celebra-el-dia-mundial-de-la-bicicleta\/#article","isPartOf":{"@id":"https:\/\/centrourbano.com\/revista\/actualidad\/hoy-se-celebra-el-dia-mundial-de-la-bicicleta\/"},"author":{"name":"G4A","@id":"https:\/\/centrourbano.com\/revista\/#\/schema\/person\/370fa0ba2d8dd5bde3fdb8b62ad360aa"},"headline":"Hoy se celebra el D\u00eda Mundial de la Bicicleta","datePublished":"2016-04-19T19:48:03+00:00","dateModified":"2016-04-20T17:37:46+00:00","mainEntityOfPage":{"@id":"https:\/\/centrourbano.com\/revista\/actualidad\/hoy-se-celebra-el-dia-mundial-de-la-bicicleta\/"},"wordCount":380,"commentCount":0,"publisher":{"@id":"https:\/\/centrourbano.com\/revista\/#organization"},"image":{"@id":"https:\/\/centrourbano.com\/revista\/actualidad\/hoy-se-celebra-el-dia-mundial-de-la-bicicleta\/#primaryimage"},"thumbnailUrl":"https:\/\/centrourbano.com\/revista\/wp-content\/uploads\/andar-en-bicicleta.jpg","keywords":["Bicicleta","D\u00eda Mundial de la Bicicleta","Sedema"],"articleSection":["Actualidad"],"inLanguage":"es"},{"@type":"WebPage","@id":"https:\/\/centrourbano.com\/revista\/actualidad\/hoy-se-celebra-el-dia-mundial-de-la-bicicleta\/","url":"https:\/\/centrourbano.com\/revista\/actualidad\/hoy-se-celebra-el-dia-mundial-de-la-bicicleta\/","name":"Hoy se celebra el D\u00eda Mundial de la Bicicleta\u00a0","isPartOf":{"@id":"https:\/\/centrourbano.com\/revista\/#website"},"primaryImageOfPage":{"@id":"https:\/\/centrourbano.com\/revista\/actualidad\/hoy-se-celebra-el-dia-mundial-de-la-bicicleta\/#primaryimage"},"image":{"@id":"https:\/\/centrourbano.com\/revista\/actualidad\/hoy-se-celebra-el-dia-mundial-de-la-bicicleta\/#primaryimage"},"thumbnailUrl":"https:\/\/centrourbano.com\/revista\/wp-content\/uploads\/andar-en-bicicleta.jpg","datePublished":"2016-04-19T19:48:03+00:00","dateModified":"2016-04-20T17:37:46+00:00","description":"Andar en bicicleta no solo es bueno para ayudar al medio ambiente sino que tambi\u00e9n trae beneficios a la salud, estado de \u00e1nimo y estilo de vida","breadcrumb":{"@id":"https:\/\/centrourbano.com\/revista\/actualidad\/hoy-se-celebra-el-dia-mundial-de-la-bicicleta\/#breadcrumb"},"inLanguage":"es","potentialAction":[{"@type":"ReadAction","target":["https:\/\/centrourbano.com\/revista\/actualidad\/hoy-se-celebra-el-dia-mundial-de-la-bicicleta\/"]}]},{"@type":"ImageObject","inLanguage":"es","@id":"https:\/\/centrourbano.com\/revista\/actualidad\/hoy-se-celebra-el-dia-mundial-de-la-bicicleta\/#primaryimage","url":"https:\/\/centrourbano.com\/revista\/wp-content\/uploads\/andar-en-bicicleta.jpg","contentUrl":"https:\/\/centrourbano.com\/revista\/wp-content\/uploads\/andar-en-bicicleta.jpg","width":600,"height":429,"caption":"Andar en bicicleta no solo es bueno para ayudar al medio ambiente sino que tambi\u00e9n trae beneficios a la salud, estado de \u00e1nimo y estilo de vida"},{"@type":"BreadcrumbList","@id":"https:\/\/centrourbano.com\/revista\/actualidad\/hoy-se-celebra-el-dia-mundial-de-la-bicicleta\/#breadcrumb","itemListElement":[{"@type":"ListItem","position":1,"name":"Portada","item":"https:\/\/centrourbano.com\/revista\/"},{"@type":"ListItem","position":2,"name":"Hoy se celebra el D\u00eda Mundial de la Bicicleta"}]},{"@type":"WebSite","@id":"https:\/\/centrourbano.com\/revista\/#website","url":"https:\/\/centrourbano.com\/revista\/","name":"Centro Urbano","description":"Medio especializado en los sectores vivienda, inmobiliario, construcci\u00f3n, arquitectura y urbanismo.","publisher":{"@id":"https:\/\/centrourbano.com\/revista\/#organization"},"potentialAction":[{"@type":"SearchAction","target":{"@type":"EntryPoint","urlTemplate":"https:\/\/centrourbano.com\/revista\/?s={search_term_string}"},"query-input":{"@type":"PropertyValueSpecification","valueRequired":true,"valueName":"search_term_string"}}],"inLanguage":"es"},{"@type":"Organization","@id":"https:\/\/centrourbano.com\/revista\/#organization","name":"Centro Urbano","url":"https:\/\/centrourbano.com\/revista\/","logo":{"@type":"ImageObject","inLanguage":"es","@id":"https:\/\/centrourbano.com\/revista\/#\/schema\/logo\/image\/","url":"https:\/\/centrourbano.com\/revista\/wp-content\/uploads\/web_CU_logo-1.png","contentUrl":"https:\/\/centrourbano.com\/revista\/wp-content\/uploads\/web_CU_logo-1.png","width":350,"height":91,"caption":"Centro Urbano"},"image":{"@id":"https:\/\/centrourbano.com\/revista\/#\/schema\/logo\/image\/"},"sameAs":["https:\/\/www.facebook.com\/portalcentrourbano","https:\/\/x.com\/CentroUrbano","https:\/\/www.instagram.com\/centro_urbano\/","https:\/\/www.linkedin.com\/company\/centro-urbano\/","http:\/\/www.youtube.com\/user\/portalcentrourbano"]},{"@type":"Person","@id":"https:\/\/centrourbano.com\/revista\/#\/schema\/person\/370fa0ba2d8dd5bde3fdb8b62ad360aa","name":"G4A","image":{"@type":"ImageObject","inLanguage":"es","@id":"https:\/\/secure.gravatar.com\/avatar\/932a97121b13d5de5bbd8193c6c83d3b92c9eda0f39623607d4280e7a5778d97?s=96&d=mm&r=g","url":"https:\/\/secure.gravatar.com\/avatar\/932a97121b13d5de5bbd8193c6c83d3b92c9eda0f39623607d4280e7a5778d97?s=96&d=mm&r=g","contentUrl":"https:\/\/secure.gravatar.com\/avatar\/932a97121b13d5de5bbd8193c6c83d3b92c9eda0f39623607d4280e7a5778d97?s=96&d=mm&r=g","caption":"G4A"},"url":"https:\/\/centrourbano.com\/revista\/author\/admin-g4a\/"}]}},"_links":{"self":[{"href":"https:\/\/centrourbano.com\/revista\/wp-json\/wp\/v2\/posts\/33598","targetHints":{"allow":["GET"]}}],"collection":[{"href":"https:\/\/centrourbano.com\/revista\/wp-json\/wp\/v2\/posts"}],"about":[{"href":"https:\/\/centrourbano.com\/revista\/wp-json\/wp\/v2\/types\/post"}],"author":[{"embeddable":true,"href":"https:\/\/centrourbano.com\/revista\/wp-json\/wp\/v2\/users\/77"}],"replies":[{"embeddable":true,"href":"https:\/\/centrourbano.com\/revista\/wp-json\/wp\/v2\/comments?post=33598"}],"version-history":[{"count":0,"href":"https:\/\/centrourbano.com\/revista\/wp-json\/wp\/v2\/posts\/33598\/revisions"}],"wp:featuredmedia":[{"embeddable":true,"href":"https:\/\/centrourbano.com\/revista\/wp-json\/wp\/v2\/media\/33601"}],"wp:attachment":[{"href":"https:\/\/centrourbano.com\/revista\/wp-json\/wp\/v2\/media?parent=33598"}],"wp:term":[{"taxonomy":"category","embeddable":true,"href":"https:\/\/centrourbano.com\/revista\/wp-json\/wp\/v2\/categories?post=33598"},{"taxonomy":"post_tag","embeddable":true,"href":"https:\/\/centrourbano.com\/revista\/wp-json\/wp\/v2\/tags?post=33598"}],"curies":[{"name":"wp","href":"https:\/\/api.w.org\/{rel}","templated":true}]}}