{"id":33551,"date":"2016-04-19T08:00:11","date_gmt":"2016-04-19T13:00:11","guid":{"rendered":"https:\/\/centrourbano.com\/?p=33551"},"modified":"2016-04-18T13:37:32","modified_gmt":"2016-04-18T18:37:32","slug":"inauguran-ruta-de-paseo-ciclista-dominical-en-cdmx","status":"publish","type":"post","link":"https:\/\/centrourbano.com\/revista\/urbanismo\/inauguran-ruta-de-paseo-ciclista-dominical-en-cdmx\/","title":{"rendered":"Inauguran ruta de paseo ciclista dominical en CDMX"},"content":{"rendered":"<p><em>Al paseo ciclista asistieron m\u00e1s de 500 participantes<\/em><\/p>\n<p><!--more--><\/p>\n<p>M\u00e1s de 500 ciclistas participaron en la apertura de la ruta de paseo ciclista dominical sobre Avenida Congreso de la Uni\u00f3n, para su desarrollo se cont\u00f3 con la participaci\u00f3n de la polic\u00eda delegacional con m\u00e1s de 115 elementos distribuidos a lo largo del recorrido.<\/p>\n<p>Al evento acudi\u00f3 el jefe delegacional en Venustiano Carranza, Israel Moreno Rivera, explic\u00f3 que se barri\u00f3 y pint\u00f3 el camell\u00f3n de toda la avenida Congreso de la Uni\u00f3n, as\u00ed como la implementaci\u00f3n de\u00a0un sistema especial de iluminaci\u00f3n a estos murales art\u00edsticos con el fin de que los vecinos puedan disfrutarlos todo el d\u00eda.<\/p>\n<p>\u201cHoy inauguramos este circuito de m\u00e1s de 5 kil\u00f3metros por toda la avenida Congreso de la Uni\u00f3n, que estar\u00e1 abierto todos los domingos de 8:00 a 13:00 horas desde Viaducto hasta Circuito Interior, para que los padres de familia, ni\u00f1os y j\u00f3venes puedan recorrerla en bicicleta, patines o caminando\u201d, dijo.<\/p>\n<a href=\"https:\/\/centrourbano.com\/revista\/wp-content\/uploads\/382a1f99-0ba8-4875-9d77-0a3ae728a53e-e1461004633693.jpg\" rel=\"attachment wp-att-33553\"><img loading=\"lazy\" decoding=\"async\" class=\"alignnone size-medium wp-image-33553\" src=\"https:\/\/centrourbano.com\/revista\/wp-content\/uploads\/382a1f99-0ba8-4875-9d77-0a3ae728a53e-300x199.jpg\" alt=\"382a1f99-0ba8-4875-9d77-0a3ae728a53e\" width=\"300\" height=\"199\" \/><\/a>\n<p>&nbsp;<\/p>\n<p>Adem\u00e1s, se cort\u00f3 el list\u00f3n inaugural de una cancha de f\u00fatbol y voleibol en el Deportivo Plutarco El\u00edas Calles, a las cuales se les dio mantenimiento y se realiz\u00f3 una sustituci\u00f3n de superficie.<\/p>\n","protected":false},"excerpt":{"rendered":"<p>Al paseo ciclista asistieron m\u00e1s de 500 participantes<\/p>\n","protected":false},"author":77,"featured_media":33552,"comment_status":"open","ping_status":"closed","sticky":false,"template":"","format":"standard","meta":{"inline_featured_image":false,"footnotes":""},"categories":[82],"tags":[],"class_list":["post-33551","post","type-post","status-publish","format-standard","has-post-thumbnail","hentry","category-urbanismo"],"yoast_head":"<!-- This site is optimized with the Yoast SEO plugin v28.4 - https:\/\/yoast.com\/product\/yoast-seo-wordpress\/ -->\n<title>Inauguran ruta de paseo ciclista dominical en CDMX -<\/title>\n<meta name=\"description\" content=\"M\u00e1s de 500 ciclistas participaron en la apertura de la ruta de paseo ciclista dominical sobre Avenida Congreso de la Uni\u00f3n, para su desarrollo se cont\u00f3 con la participaci\u00f3n de la polic\u00eda delegacional con m\u00e1s de 115 elementos distribuidos a lo largo del recorrido.\" \/>\n<meta name=\"robots\" content=\"index, follow, max-snippet:-1, max-image-preview:large, max-video-preview:-1\" \/>\n<link rel=\"canonical\" href=\"https:\/\/centrourbano.com\/revista\/urbanismo\/inauguran-ruta-de-paseo-ciclista-dominical-en-cdmx\/\" \/>\n<meta property=\"og:locale\" content=\"es_ES\" \/>\n<meta property=\"og:type\" content=\"article\" \/>\n<meta property=\"og:title\" content=\"Inauguran ruta de paseo ciclista dominical en CDMX -\" \/>\n<meta property=\"og:description\" content=\"M\u00e1s de 500 ciclistas participaron en la apertura de la ruta de paseo ciclista dominical sobre Avenida Congreso de la Uni\u00f3n, para su desarrollo se cont\u00f3 con la participaci\u00f3n de la polic\u00eda delegacional con m\u00e1s de 115 elementos distribuidos a lo largo del recorrido.\" \/>\n<meta property=\"og:url\" content=\"https:\/\/centrourbano.com\/revista\/urbanismo\/inauguran-ruta-de-paseo-ciclista-dominical-en-cdmx\/\" \/>\n<meta property=\"og:site_name\" content=\"Centro Urbano\" \/>\n<meta property=\"article:publisher\" content=\"https:\/\/www.facebook.com\/portalcentrourbano\" \/>\n<meta property=\"article:published_time\" content=\"2016-04-19T13:00:11+00:00\" \/>\n<meta property=\"og:image\" content=\"https:\/\/centrourbano.com\/revista\/wp-content\/uploads\/677c698c-fb01-48e9-9e2a-985a10f4594b-e1461004459434.jpg\" \/>\n\t<meta property=\"og:image:width\" content=\"580\" \/>\n\t<meta property=\"og:image:height\" content=\"387\" \/>\n\t<meta property=\"og:image:type\" content=\"image\/jpeg\" \/>\n<meta name=\"author\" content=\"G4A\" \/>\n<meta name=\"twitter:card\" content=\"summary_large_image\" \/>\n<meta name=\"twitter:creator\" content=\"@CentroUrbano\" \/>\n<meta name=\"twitter:site\" content=\"@CentroUrbano\" \/>\n<meta name=\"twitter:label1\" content=\"Escrito por\" \/>\n\t<meta name=\"twitter:data1\" content=\"G4A\" \/>\n\t<meta name=\"twitter:label2\" content=\"Tiempo de lectura\" \/>\n\t<meta name=\"twitter:data2\" content=\"1 minuto\" \/>\n<script type=\"application\/ld+json\" class=\"yoast-schema-graph\">{\"@context\":\"https:\\\/\\\/schema.org\",\"@graph\":[{\"@type\":\"Article\",\"@id\":\"https:\\\/\\\/centrourbano.com\\\/revista\\\/urbanismo\\\/inauguran-ruta-de-paseo-ciclista-dominical-en-cdmx\\\/#article\",\"isPartOf\":{\"@id\":\"https:\\\/\\\/centrourbano.com\\\/revista\\\/urbanismo\\\/inauguran-ruta-de-paseo-ciclista-dominical-en-cdmx\\\/\"},\"author\":{\"name\":\"G4A\",\"@id\":\"https:\\\/\\\/centrourbano.com\\\/revista\\\/#\\\/schema\\\/person\\\/370fa0ba2d8dd5bde3fdb8b62ad360aa\"},\"headline\":\"Inauguran ruta de paseo ciclista dominical en CDMX\",\"datePublished\":\"2016-04-19T13:00:11+00:00\",\"mainEntityOfPage\":{\"@id\":\"https:\\\/\\\/centrourbano.com\\\/revista\\\/urbanismo\\\/inauguran-ruta-de-paseo-ciclista-dominical-en-cdmx\\\/\"},\"wordCount\":214,\"commentCount\":0,\"publisher\":{\"@id\":\"https:\\\/\\\/centrourbano.com\\\/revista\\\/#organization\"},\"image\":{\"@id\":\"https:\\\/\\\/centrourbano.com\\\/revista\\\/urbanismo\\\/inauguran-ruta-de-paseo-ciclista-dominical-en-cdmx\\\/#primaryimage\"},\"thumbnailUrl\":\"https:\\\/\\\/centrourbano.com\\\/revista\\\/wp-content\\\/uploads\\\/677c698c-fb01-48e9-9e2a-985a10f4594b-e1461004459434.jpg\",\"articleSection\":[\"Urbanismo\"],\"inLanguage\":\"es\"},{\"@type\":\"WebPage\",\"@id\":\"https:\\\/\\\/centrourbano.com\\\/revista\\\/urbanismo\\\/inauguran-ruta-de-paseo-ciclista-dominical-en-cdmx\\\/\",\"url\":\"https:\\\/\\\/centrourbano.com\\\/revista\\\/urbanismo\\\/inauguran-ruta-de-paseo-ciclista-dominical-en-cdmx\\\/\",\"name\":\"Inauguran ruta de paseo ciclista dominical en CDMX -\",\"isPartOf\":{\"@id\":\"https:\\\/\\\/centrourbano.com\\\/revista\\\/#website\"},\"primaryImageOfPage\":{\"@id\":\"https:\\\/\\\/centrourbano.com\\\/revista\\\/urbanismo\\\/inauguran-ruta-de-paseo-ciclista-dominical-en-cdmx\\\/#primaryimage\"},\"image\":{\"@id\":\"https:\\\/\\\/centrourbano.com\\\/revista\\\/urbanismo\\\/inauguran-ruta-de-paseo-ciclista-dominical-en-cdmx\\\/#primaryimage\"},\"thumbnailUrl\":\"https:\\\/\\\/centrourbano.com\\\/revista\\\/wp-content\\\/uploads\\\/677c698c-fb01-48e9-9e2a-985a10f4594b-e1461004459434.jpg\",\"datePublished\":\"2016-04-19T13:00:11+00:00\",\"description\":\"M\u00e1s de 500 ciclistas participaron en la apertura de la ruta de paseo ciclista dominical sobre Avenida Congreso de la Uni\u00f3n, para su desarrollo se cont\u00f3 con la participaci\u00f3n de la polic\u00eda delegacional con m\u00e1s de 115 elementos distribuidos a lo largo del recorrido.\",\"breadcrumb\":{\"@id\":\"https:\\\/\\\/centrourbano.com\\\/revista\\\/urbanismo\\\/inauguran-ruta-de-paseo-ciclista-dominical-en-cdmx\\\/#breadcrumb\"},\"inLanguage\":\"es\",\"potentialAction\":[{\"@type\":\"ReadAction\",\"target\":[\"https:\\\/\\\/centrourbano.com\\\/revista\\\/urbanismo\\\/inauguran-ruta-de-paseo-ciclista-dominical-en-cdmx\\\/\"]}]},{\"@type\":\"ImageObject\",\"inLanguage\":\"es\",\"@id\":\"https:\\\/\\\/centrourbano.com\\\/revista\\\/urbanismo\\\/inauguran-ruta-de-paseo-ciclista-dominical-en-cdmx\\\/#primaryimage\",\"url\":\"https:\\\/\\\/centrourbano.com\\\/revista\\\/wp-content\\\/uploads\\\/677c698c-fb01-48e9-9e2a-985a10f4594b-e1461004459434.jpg\",\"contentUrl\":\"https:\\\/\\\/centrourbano.com\\\/revista\\\/wp-content\\\/uploads\\\/677c698c-fb01-48e9-9e2a-985a10f4594b-e1461004459434.jpg\",\"width\":580,\"height\":387},{\"@type\":\"BreadcrumbList\",\"@id\":\"https:\\\/\\\/centrourbano.com\\\/revista\\\/urbanismo\\\/inauguran-ruta-de-paseo-ciclista-dominical-en-cdmx\\\/#breadcrumb\",\"itemListElement\":[{\"@type\":\"ListItem\",\"position\":1,\"name\":\"Portada\",\"item\":\"https:\\\/\\\/centrourbano.com\\\/revista\\\/\"},{\"@type\":\"ListItem\",\"position\":2,\"name\":\"Inauguran ruta de paseo ciclista dominical en CDMX\"}]},{\"@type\":\"WebSite\",\"@id\":\"https:\\\/\\\/centrourbano.com\\\/revista\\\/#website\",\"url\":\"https:\\\/\\\/centrourbano.com\\\/revista\\\/\",\"name\":\"Centro Urbano\",\"description\":\"Medio especializado en los sectores vivienda, inmobiliario, construcci\u00f3n, arquitectura y urbanismo.\",\"publisher\":{\"@id\":\"https:\\\/\\\/centrourbano.com\\\/revista\\\/#organization\"},\"potentialAction\":[{\"@type\":\"SearchAction\",\"target\":{\"@type\":\"EntryPoint\",\"urlTemplate\":\"https:\\\/\\\/centrourbano.com\\\/revista\\\/?s={search_term_string}\"},\"query-input\":{\"@type\":\"PropertyValueSpecification\",\"valueRequired\":true,\"valueName\":\"search_term_string\"}}],\"inLanguage\":\"es\"},{\"@type\":\"Organization\",\"@id\":\"https:\\\/\\\/centrourbano.com\\\/revista\\\/#organization\",\"name\":\"Centro Urbano\",\"url\":\"https:\\\/\\\/centrourbano.com\\\/revista\\\/\",\"logo\":{\"@type\":\"ImageObject\",\"inLanguage\":\"es\",\"@id\":\"https:\\\/\\\/centrourbano.com\\\/revista\\\/#\\\/schema\\\/logo\\\/image\\\/\",\"url\":\"https:\\\/\\\/centrourbano.com\\\/revista\\\/wp-content\\\/uploads\\\/web_CU_logo-1.png\",\"contentUrl\":\"https:\\\/\\\/centrourbano.com\\\/revista\\\/wp-content\\\/uploads\\\/web_CU_logo-1.png\",\"width\":350,\"height\":91,\"caption\":\"Centro Urbano\"},\"image\":{\"@id\":\"https:\\\/\\\/centrourbano.com\\\/revista\\\/#\\\/schema\\\/logo\\\/image\\\/\"},\"sameAs\":[\"https:\\\/\\\/www.facebook.com\\\/portalcentrourbano\",\"https:\\\/\\\/x.com\\\/CentroUrbano\",\"https:\\\/\\\/www.instagram.com\\\/centro_urbano\\\/\",\"https:\\\/\\\/www.linkedin.com\\\/company\\\/centro-urbano\\\/\",\"http:\\\/\\\/www.youtube.com\\\/user\\\/portalcentrourbano\"]},{\"@type\":\"Person\",\"@id\":\"https:\\\/\\\/centrourbano.com\\\/revista\\\/#\\\/schema\\\/person\\\/370fa0ba2d8dd5bde3fdb8b62ad360aa\",\"name\":\"G4A\",\"image\":{\"@type\":\"ImageObject\",\"inLanguage\":\"es\",\"@id\":\"https:\\\/\\\/secure.gravatar.com\\\/avatar\\\/932a97121b13d5de5bbd8193c6c83d3b92c9eda0f39623607d4280e7a5778d97?s=96&d=mm&r=g\",\"url\":\"https:\\\/\\\/secure.gravatar.com\\\/avatar\\\/932a97121b13d5de5bbd8193c6c83d3b92c9eda0f39623607d4280e7a5778d97?s=96&d=mm&r=g\",\"contentUrl\":\"https:\\\/\\\/secure.gravatar.com\\\/avatar\\\/932a97121b13d5de5bbd8193c6c83d3b92c9eda0f39623607d4280e7a5778d97?s=96&d=mm&r=g\",\"caption\":\"G4A\"},\"url\":\"https:\\\/\\\/centrourbano.com\\\/revista\\\/author\\\/admin-g4a\\\/\"}]}<\/script>\n<!-- \/ Yoast SEO plugin. -->","yoast_head_json":{"title":"Inauguran ruta de paseo ciclista dominical en CDMX -","description":"M\u00e1s de 500 ciclistas participaron en la apertura de la ruta de paseo ciclista dominical sobre Avenida Congreso de la Uni\u00f3n, para su desarrollo se cont\u00f3 con la participaci\u00f3n de la polic\u00eda delegacional con m\u00e1s de 115 elementos distribuidos a lo largo del recorrido.","robots":{"index":"index","follow":"follow","max-snippet":"max-snippet:-1","max-image-preview":"max-image-preview:large","max-video-preview":"max-video-preview:-1"},"canonical":"https:\/\/centrourbano.com\/revista\/urbanismo\/inauguran-ruta-de-paseo-ciclista-dominical-en-cdmx\/","og_locale":"es_ES","og_type":"article","og_title":"Inauguran ruta de paseo ciclista dominical en CDMX -","og_description":"M\u00e1s de 500 ciclistas participaron en la apertura de la ruta de paseo ciclista dominical sobre Avenida Congreso de la Uni\u00f3n, para su desarrollo se cont\u00f3 con la participaci\u00f3n de la polic\u00eda delegacional con m\u00e1s de 115 elementos distribuidos a lo largo del recorrido.","og_url":"https:\/\/centrourbano.com\/revista\/urbanismo\/inauguran-ruta-de-paseo-ciclista-dominical-en-cdmx\/","og_site_name":"Centro Urbano","article_publisher":"https:\/\/www.facebook.com\/portalcentrourbano","article_published_time":"2016-04-19T13:00:11+00:00","og_image":[{"width":580,"height":387,"url":"https:\/\/centrourbano.com\/revista\/wp-content\/uploads\/677c698c-fb01-48e9-9e2a-985a10f4594b-e1461004459434.jpg","type":"image\/jpeg"}],"author":"G4A","twitter_card":"summary_large_image","twitter_creator":"@CentroUrbano","twitter_site":"@CentroUrbano","twitter_misc":{"Escrito por":"G4A","Tiempo de lectura":"1 minuto"},"schema":{"@context":"https:\/\/schema.org","@graph":[{"@type":"Article","@id":"https:\/\/centrourbano.com\/revista\/urbanismo\/inauguran-ruta-de-paseo-ciclista-dominical-en-cdmx\/#article","isPartOf":{"@id":"https:\/\/centrourbano.com\/revista\/urbanismo\/inauguran-ruta-de-paseo-ciclista-dominical-en-cdmx\/"},"author":{"name":"G4A","@id":"https:\/\/centrourbano.com\/revista\/#\/schema\/person\/370fa0ba2d8dd5bde3fdb8b62ad360aa"},"headline":"Inauguran ruta de paseo ciclista dominical en CDMX","datePublished":"2016-04-19T13:00:11+00:00","mainEntityOfPage":{"@id":"https:\/\/centrourbano.com\/revista\/urbanismo\/inauguran-ruta-de-paseo-ciclista-dominical-en-cdmx\/"},"wordCount":214,"commentCount":0,"publisher":{"@id":"https:\/\/centrourbano.com\/revista\/#organization"},"image":{"@id":"https:\/\/centrourbano.com\/revista\/urbanismo\/inauguran-ruta-de-paseo-ciclista-dominical-en-cdmx\/#primaryimage"},"thumbnailUrl":"https:\/\/centrourbano.com\/revista\/wp-content\/uploads\/677c698c-fb01-48e9-9e2a-985a10f4594b-e1461004459434.jpg","articleSection":["Urbanismo"],"inLanguage":"es"},{"@type":"WebPage","@id":"https:\/\/centrourbano.com\/revista\/urbanismo\/inauguran-ruta-de-paseo-ciclista-dominical-en-cdmx\/","url":"https:\/\/centrourbano.com\/revista\/urbanismo\/inauguran-ruta-de-paseo-ciclista-dominical-en-cdmx\/","name":"Inauguran ruta de paseo ciclista dominical en CDMX -","isPartOf":{"@id":"https:\/\/centrourbano.com\/revista\/#website"},"primaryImageOfPage":{"@id":"https:\/\/centrourbano.com\/revista\/urbanismo\/inauguran-ruta-de-paseo-ciclista-dominical-en-cdmx\/#primaryimage"},"image":{"@id":"https:\/\/centrourbano.com\/revista\/urbanismo\/inauguran-ruta-de-paseo-ciclista-dominical-en-cdmx\/#primaryimage"},"thumbnailUrl":"https:\/\/centrourbano.com\/revista\/wp-content\/uploads\/677c698c-fb01-48e9-9e2a-985a10f4594b-e1461004459434.jpg","datePublished":"2016-04-19T13:00:11+00:00","description":"M\u00e1s de 500 ciclistas participaron en la apertura de la ruta de paseo ciclista dominical sobre Avenida Congreso de la Uni\u00f3n, para su desarrollo se cont\u00f3 con la participaci\u00f3n de la polic\u00eda delegacional con m\u00e1s de 115 elementos distribuidos a lo largo del recorrido.","breadcrumb":{"@id":"https:\/\/centrourbano.com\/revista\/urbanismo\/inauguran-ruta-de-paseo-ciclista-dominical-en-cdmx\/#breadcrumb"},"inLanguage":"es","potentialAction":[{"@type":"ReadAction","target":["https:\/\/centrourbano.com\/revista\/urbanismo\/inauguran-ruta-de-paseo-ciclista-dominical-en-cdmx\/"]}]},{"@type":"ImageObject","inLanguage":"es","@id":"https:\/\/centrourbano.com\/revista\/urbanismo\/inauguran-ruta-de-paseo-ciclista-dominical-en-cdmx\/#primaryimage","url":"https:\/\/centrourbano.com\/revista\/wp-content\/uploads\/677c698c-fb01-48e9-9e2a-985a10f4594b-e1461004459434.jpg","contentUrl":"https:\/\/centrourbano.com\/revista\/wp-content\/uploads\/677c698c-fb01-48e9-9e2a-985a10f4594b-e1461004459434.jpg","width":580,"height":387},{"@type":"BreadcrumbList","@id":"https:\/\/centrourbano.com\/revista\/urbanismo\/inauguran-ruta-de-paseo-ciclista-dominical-en-cdmx\/#breadcrumb","itemListElement":[{"@type":"ListItem","position":1,"name":"Portada","item":"https:\/\/centrourbano.com\/revista\/"},{"@type":"ListItem","position":2,"name":"Inauguran ruta de paseo ciclista dominical en CDMX"}]},{"@type":"WebSite","@id":"https:\/\/centrourbano.com\/revista\/#website","url":"https:\/\/centrourbano.com\/revista\/","name":"Centro Urbano","description":"Medio especializado en los sectores vivienda, inmobiliario, construcci\u00f3n, arquitectura y urbanismo.","publisher":{"@id":"https:\/\/centrourbano.com\/revista\/#organization"},"potentialAction":[{"@type":"SearchAction","target":{"@type":"EntryPoint","urlTemplate":"https:\/\/centrourbano.com\/revista\/?s={search_term_string}"},"query-input":{"@type":"PropertyValueSpecification","valueRequired":true,"valueName":"search_term_string"}}],"inLanguage":"es"},{"@type":"Organization","@id":"https:\/\/centrourbano.com\/revista\/#organization","name":"Centro Urbano","url":"https:\/\/centrourbano.com\/revista\/","logo":{"@type":"ImageObject","inLanguage":"es","@id":"https:\/\/centrourbano.com\/revista\/#\/schema\/logo\/image\/","url":"https:\/\/centrourbano.com\/revista\/wp-content\/uploads\/web_CU_logo-1.png","contentUrl":"https:\/\/centrourbano.com\/revista\/wp-content\/uploads\/web_CU_logo-1.png","width":350,"height":91,"caption":"Centro Urbano"},"image":{"@id":"https:\/\/centrourbano.com\/revista\/#\/schema\/logo\/image\/"},"sameAs":["https:\/\/www.facebook.com\/portalcentrourbano","https:\/\/x.com\/CentroUrbano","https:\/\/www.instagram.com\/centro_urbano\/","https:\/\/www.linkedin.com\/company\/centro-urbano\/","http:\/\/www.youtube.com\/user\/portalcentrourbano"]},{"@type":"Person","@id":"https:\/\/centrourbano.com\/revista\/#\/schema\/person\/370fa0ba2d8dd5bde3fdb8b62ad360aa","name":"G4A","image":{"@type":"ImageObject","inLanguage":"es","@id":"https:\/\/secure.gravatar.com\/avatar\/932a97121b13d5de5bbd8193c6c83d3b92c9eda0f39623607d4280e7a5778d97?s=96&d=mm&r=g","url":"https:\/\/secure.gravatar.com\/avatar\/932a97121b13d5de5bbd8193c6c83d3b92c9eda0f39623607d4280e7a5778d97?s=96&d=mm&r=g","contentUrl":"https:\/\/secure.gravatar.com\/avatar\/932a97121b13d5de5bbd8193c6c83d3b92c9eda0f39623607d4280e7a5778d97?s=96&d=mm&r=g","caption":"G4A"},"url":"https:\/\/centrourbano.com\/revista\/author\/admin-g4a\/"}]}},"_links":{"self":[{"href":"https:\/\/centrourbano.com\/revista\/wp-json\/wp\/v2\/posts\/33551","targetHints":{"allow":["GET"]}}],"collection":[{"href":"https:\/\/centrourbano.com\/revista\/wp-json\/wp\/v2\/posts"}],"about":[{"href":"https:\/\/centrourbano.com\/revista\/wp-json\/wp\/v2\/types\/post"}],"author":[{"embeddable":true,"href":"https:\/\/centrourbano.com\/revista\/wp-json\/wp\/v2\/users\/77"}],"replies":[{"embeddable":true,"href":"https:\/\/centrourbano.com\/revista\/wp-json\/wp\/v2\/comments?post=33551"}],"version-history":[{"count":0,"href":"https:\/\/centrourbano.com\/revista\/wp-json\/wp\/v2\/posts\/33551\/revisions"}],"wp:featuredmedia":[{"embeddable":true,"href":"https:\/\/centrourbano.com\/revista\/wp-json\/wp\/v2\/media\/33552"}],"wp:attachment":[{"href":"https:\/\/centrourbano.com\/revista\/wp-json\/wp\/v2\/media?parent=33551"}],"wp:term":[{"taxonomy":"category","embeddable":true,"href":"https:\/\/centrourbano.com\/revista\/wp-json\/wp\/v2\/categories?post=33551"},{"taxonomy":"post_tag","embeddable":true,"href":"https:\/\/centrourbano.com\/revista\/wp-json\/wp\/v2\/tags?post=33551"}],"curies":[{"name":"wp","href":"https:\/\/api.w.org\/{rel}","templated":true}]}}