{"id":33518,"date":"2016-04-18T09:53:48","date_gmt":"2016-04-18T14:53:48","guid":{"rendered":"https:\/\/centrourbano.com\/?p=33518"},"modified":"2016-04-18T09:54:47","modified_gmt":"2016-04-18T14:54:47","slug":"hospital-materno-de-yucatan-estara-listo-en-2017","status":"publish","type":"post","link":"https:\/\/centrourbano.com\/revista\/construccion\/hospital-materno-de-yucatan-estara-listo-en-2017\/","title":{"rendered":"Hospital Materno de Yucat\u00e1n estar\u00e1 listo en 2017"},"content":{"rendered":"<p><em>Se invierten 600 mdp en la construcci\u00f3n, tendr\u00e1 capacidad de 160 camas y un banco de leche<\/em><br \/>\n<!--more--><\/p>\n<p>La construcci\u00f3n del Hospital Materno Infantil de Yucat\u00e1n presenta un avance de m\u00e1s de 50%, informaron autoridades de la entidad, el edificio podr\u00e1 brindar servicio en el segundo semestre del pr\u00f3ximo a\u00f1o con capacidad de 160 camas. <\/p>\n<p>Daniel Quintal, secretario de Obras P\u00fablicas de la entidad explic\u00f3 que los trabajos que se realizan actualmente consisten en \u201ccimentaci\u00f3n, colado de losas, y levantamiento de columnas y muros, as\u00ed como la colocaci\u00f3n de viguetas y bovedillas, por lo que pronto iniciar\u00e1n las faenas de instalaci\u00f3n el\u00e9ctrica, hidr\u00e1ulica y de drenaje\u201d.  <\/p>\n<p>El presupuesto para realizar estos trabajos es de 600,000,000 de pesos, con lo que el inmueble tendr\u00e1 equipo de \u00faltima generaci\u00f3n, 26 consultorios, 160 camas disponibles, 10 camas m\u00e1s para terapia intensiva obst\u00e9trica y neonatal, 4 quir\u00f3fanos y mismo n\u00famero de salas de expulsi\u00f3n. <\/p>\n<p>Rolando Zapata, gobernador de la entidad dijo que \u201ccon el fin de integrar un servicio especializado desde la etapa prenatal hasta la infantil, el nuevo inmueble presentar\u00e1 \u00e1rea de urgencias con salas de espera diferenciadas y dos espacios de choque, consultorios de valoraci\u00f3n y de triage\u201d. <\/p>\n<p>Las instalaciones hospitalarias tambi\u00e9n tendr\u00e1n un banco de leche, auxiliares de diagn\u00f3stico y sitios para tocolog\u00eda y tococirug\u00eda, que se dividen conforme a lo especificado en las normas solicitadas por la Comisi\u00f3n Federal para la Protecci\u00f3n contra Riesgos Sanitarios (Cofepris). <\/p>\n<p>De acuerdo con el gobierno estatal, el Hospital Materno superar\u00e1 las caracter\u00edsticas del hospital actual, que inici\u00f3 operaciones hace 40 a\u00f1os, con capacidad de 40 camas, 2 quir\u00f3fanos, 1 sala de expulsi\u00f3n y 6 consultorios. Y que no cuenta con banco de leche, \u00e1rea de imagenolog\u00eda ni espacio de choque, mientras que sus laboratorios, zonas de triage y de urgencias, son limitados.<\/p>\n","protected":false},"excerpt":{"rendered":"<p>Se invierten 600 mdp en la construcci\u00f3n, tendr\u00e1 capacidad de 160 camas y un banco de leche<\/p>\n","protected":false},"author":37,"featured_media":33521,"comment_status":"open","ping_status":"closed","sticky":false,"template":"","format":"standard","meta":{"om_disable_all_campaigns":false,"inline_featured_image":false,"_monsterinsights_skip_tracking":false,"_monsterinsights_sitenote_active":false,"_monsterinsights_sitenote_note":"","_monsterinsights_sitenote_category":0,"footnotes":""},"categories":[14],"tags":[],"class_list":["post-33518","post","type-post","status-publish","format-standard","has-post-thumbnail","hentry","category-construccion"],"yoast_head":"<!-- This site is optimized with the Yoast SEO plugin v27.4 - https:\/\/yoast.com\/product\/yoast-seo-wordpress\/ -->\n<title>Hospital Materno de Yucat\u00e1n estar\u00e1 listo en 2017 -<\/title>\n<meta name=\"description\" content=\"La construcci\u00f3n del Hospital Materno Infantil de Yucat\u00e1n presenta un avance de m\u00e1s de 50%, informaron autoridades de la entidad, el edificio podr\u00e1 brindar servicio en el segundo semestre del pr\u00f3ximo a\u00f1o con capacidad de 160 camas.\" \/>\n<meta name=\"robots\" content=\"index, follow, max-snippet:-1, max-image-preview:large, max-video-preview:-1\" \/>\n<link rel=\"canonical\" href=\"https:\/\/centrourbano.com\/revista\/construccion\/hospital-materno-de-yucatan-estara-listo-en-2017\/\" \/>\n<meta property=\"og:locale\" content=\"es_ES\" \/>\n<meta property=\"og:type\" content=\"article\" \/>\n<meta property=\"og:title\" content=\"Hospital Materno de Yucat\u00e1n estar\u00e1 listo en 2017 -\" \/>\n<meta property=\"og:description\" content=\"La construcci\u00f3n del Hospital Materno Infantil de Yucat\u00e1n presenta un avance de m\u00e1s de 50%, informaron autoridades de la entidad, el edificio podr\u00e1 brindar servicio en el segundo semestre del pr\u00f3ximo a\u00f1o con capacidad de 160 camas.\" \/>\n<meta property=\"og:url\" content=\"https:\/\/centrourbano.com\/revista\/construccion\/hospital-materno-de-yucatan-estara-listo-en-2017\/\" \/>\n<meta property=\"og:site_name\" content=\"Centro Urbano\" \/>\n<meta property=\"article:publisher\" content=\"https:\/\/www.facebook.com\/portalcentrourbano\" \/>\n<meta property=\"article:published_time\" content=\"2016-04-18T14:53:48+00:00\" \/>\n<meta property=\"article:modified_time\" content=\"2016-04-18T14:54:47+00:00\" \/>\n<meta property=\"og:image\" content=\"https:\/\/centrourbano.com\/revista\/wp-content\/uploads\/Hospital-Materno-Yucat\u00e1n.jpg\" \/>\n\t<meta property=\"og:image:width\" content=\"800\" \/>\n\t<meta property=\"og:image:height\" content=\"533\" \/>\n\t<meta property=\"og:image:type\" content=\"image\/jpeg\" \/>\n<meta name=\"author\" content=\"Diego Rodr\u00edguez\" \/>\n<meta name=\"twitter:card\" content=\"summary_large_image\" \/>\n<meta name=\"twitter:creator\" content=\"@CentroUrbano\" \/>\n<meta name=\"twitter:site\" content=\"@CentroUrbano\" \/>\n<meta name=\"twitter:label1\" content=\"Escrito por\" \/>\n\t<meta name=\"twitter:data1\" content=\"Diego Rodr\u00edguez\" \/>\n\t<meta name=\"twitter:label2\" content=\"Tiempo de lectura\" \/>\n\t<meta name=\"twitter:data2\" content=\"2 minutos\" \/>\n<script type=\"application\/ld+json\" class=\"yoast-schema-graph\">{\"@context\":\"https:\\\/\\\/schema.org\",\"@graph\":[{\"@type\":\"Article\",\"@id\":\"https:\\\/\\\/centrourbano.com\\\/revista\\\/construccion\\\/hospital-materno-de-yucatan-estara-listo-en-2017\\\/#article\",\"isPartOf\":{\"@id\":\"https:\\\/\\\/centrourbano.com\\\/revista\\\/construccion\\\/hospital-materno-de-yucatan-estara-listo-en-2017\\\/\"},\"author\":{\"name\":\"Diego Rodr\u00edguez\",\"@id\":\"https:\\\/\\\/centrourbano.com\\\/revista\\\/#\\\/schema\\\/person\\\/b50192a3cd0e680841b45dc537f53970\"},\"headline\":\"Hospital Materno de Yucat\u00e1n estar\u00e1 listo en 2017\",\"datePublished\":\"2016-04-18T14:53:48+00:00\",\"dateModified\":\"2016-04-18T14:54:47+00:00\",\"mainEntityOfPage\":{\"@id\":\"https:\\\/\\\/centrourbano.com\\\/revista\\\/construccion\\\/hospital-materno-de-yucatan-estara-listo-en-2017\\\/\"},\"wordCount\":323,\"commentCount\":0,\"publisher\":{\"@id\":\"https:\\\/\\\/centrourbano.com\\\/revista\\\/#organization\"},\"image\":{\"@id\":\"https:\\\/\\\/centrourbano.com\\\/revista\\\/construccion\\\/hospital-materno-de-yucatan-estara-listo-en-2017\\\/#primaryimage\"},\"thumbnailUrl\":\"https:\\\/\\\/centrourbano.com\\\/revista\\\/wp-content\\\/uploads\\\/Hospital-Materno-Yucat\u00e1n.jpg\",\"articleSection\":[\"Construcci\u00f3n\"],\"inLanguage\":\"es\",\"potentialAction\":[{\"@type\":\"CommentAction\",\"name\":\"Comment\",\"target\":[\"https:\\\/\\\/centrourbano.com\\\/revista\\\/construccion\\\/hospital-materno-de-yucatan-estara-listo-en-2017\\\/#respond\"]}]},{\"@type\":\"WebPage\",\"@id\":\"https:\\\/\\\/centrourbano.com\\\/revista\\\/construccion\\\/hospital-materno-de-yucatan-estara-listo-en-2017\\\/\",\"url\":\"https:\\\/\\\/centrourbano.com\\\/revista\\\/construccion\\\/hospital-materno-de-yucatan-estara-listo-en-2017\\\/\",\"name\":\"Hospital Materno de Yucat\u00e1n estar\u00e1 listo en 2017 -\",\"isPartOf\":{\"@id\":\"https:\\\/\\\/centrourbano.com\\\/revista\\\/#website\"},\"primaryImageOfPage\":{\"@id\":\"https:\\\/\\\/centrourbano.com\\\/revista\\\/construccion\\\/hospital-materno-de-yucatan-estara-listo-en-2017\\\/#primaryimage\"},\"image\":{\"@id\":\"https:\\\/\\\/centrourbano.com\\\/revista\\\/construccion\\\/hospital-materno-de-yucatan-estara-listo-en-2017\\\/#primaryimage\"},\"thumbnailUrl\":\"https:\\\/\\\/centrourbano.com\\\/revista\\\/wp-content\\\/uploads\\\/Hospital-Materno-Yucat\u00e1n.jpg\",\"datePublished\":\"2016-04-18T14:53:48+00:00\",\"dateModified\":\"2016-04-18T14:54:47+00:00\",\"description\":\"La construcci\u00f3n del Hospital Materno Infantil de Yucat\u00e1n presenta un avance de m\u00e1s de 50%, informaron autoridades de la entidad, el edificio podr\u00e1 brindar servicio en el segundo semestre del pr\u00f3ximo a\u00f1o con capacidad de 160 camas.\",\"breadcrumb\":{\"@id\":\"https:\\\/\\\/centrourbano.com\\\/revista\\\/construccion\\\/hospital-materno-de-yucatan-estara-listo-en-2017\\\/#breadcrumb\"},\"inLanguage\":\"es\",\"potentialAction\":[{\"@type\":\"ReadAction\",\"target\":[\"https:\\\/\\\/centrourbano.com\\\/revista\\\/construccion\\\/hospital-materno-de-yucatan-estara-listo-en-2017\\\/\"]}]},{\"@type\":\"ImageObject\",\"inLanguage\":\"es\",\"@id\":\"https:\\\/\\\/centrourbano.com\\\/revista\\\/construccion\\\/hospital-materno-de-yucatan-estara-listo-en-2017\\\/#primaryimage\",\"url\":\"https:\\\/\\\/centrourbano.com\\\/revista\\\/wp-content\\\/uploads\\\/Hospital-Materno-Yucat\u00e1n.jpg\",\"contentUrl\":\"https:\\\/\\\/centrourbano.com\\\/revista\\\/wp-content\\\/uploads\\\/Hospital-Materno-Yucat\u00e1n.jpg\",\"width\":800,\"height\":533,\"caption\":\"Se invierten 600 mdp en la construcci\u00f3n, tendr\u00e1 capacidad de 160 camas y un banco de leche\"},{\"@type\":\"BreadcrumbList\",\"@id\":\"https:\\\/\\\/centrourbano.com\\\/revista\\\/construccion\\\/hospital-materno-de-yucatan-estara-listo-en-2017\\\/#breadcrumb\",\"itemListElement\":[{\"@type\":\"ListItem\",\"position\":1,\"name\":\"Portada\",\"item\":\"https:\\\/\\\/centrourbano.com\\\/revista\\\/\"},{\"@type\":\"ListItem\",\"position\":2,\"name\":\"Hospital Materno de Yucat\u00e1n estar\u00e1 listo en 2017\"}]},{\"@type\":\"WebSite\",\"@id\":\"https:\\\/\\\/centrourbano.com\\\/revista\\\/#website\",\"url\":\"https:\\\/\\\/centrourbano.com\\\/revista\\\/\",\"name\":\"Centro Urbano\",\"description\":\"Medio especializado en los sectores vivienda, inmobiliario, construcci\u00f3n, arquitectura y urbanismo.\",\"publisher\":{\"@id\":\"https:\\\/\\\/centrourbano.com\\\/revista\\\/#organization\"},\"potentialAction\":[{\"@type\":\"SearchAction\",\"target\":{\"@type\":\"EntryPoint\",\"urlTemplate\":\"https:\\\/\\\/centrourbano.com\\\/revista\\\/?s={search_term_string}\"},\"query-input\":{\"@type\":\"PropertyValueSpecification\",\"valueRequired\":true,\"valueName\":\"search_term_string\"}}],\"inLanguage\":\"es\"},{\"@type\":\"Organization\",\"@id\":\"https:\\\/\\\/centrourbano.com\\\/revista\\\/#organization\",\"name\":\"Centro Urbano\",\"url\":\"https:\\\/\\\/centrourbano.com\\\/revista\\\/\",\"logo\":{\"@type\":\"ImageObject\",\"inLanguage\":\"es\",\"@id\":\"https:\\\/\\\/centrourbano.com\\\/revista\\\/#\\\/schema\\\/logo\\\/image\\\/\",\"url\":\"https:\\\/\\\/centrourbano.com\\\/revista\\\/wp-content\\\/uploads\\\/web_CU_logo-1.png\",\"contentUrl\":\"https:\\\/\\\/centrourbano.com\\\/revista\\\/wp-content\\\/uploads\\\/web_CU_logo-1.png\",\"width\":350,\"height\":91,\"caption\":\"Centro Urbano\"},\"image\":{\"@id\":\"https:\\\/\\\/centrourbano.com\\\/revista\\\/#\\\/schema\\\/logo\\\/image\\\/\"},\"sameAs\":[\"https:\\\/\\\/www.facebook.com\\\/portalcentrourbano\",\"https:\\\/\\\/x.com\\\/CentroUrbano\",\"https:\\\/\\\/www.instagram.com\\\/centro_urbano\\\/\",\"https:\\\/\\\/www.linkedin.com\\\/company\\\/centro-urbano\\\/\",\"http:\\\/\\\/www.youtube.com\\\/user\\\/portalcentrourbano\"]},{\"@type\":\"Person\",\"@id\":\"https:\\\/\\\/centrourbano.com\\\/revista\\\/#\\\/schema\\\/person\\\/b50192a3cd0e680841b45dc537f53970\",\"name\":\"Diego Rodr\u00edguez\",\"image\":{\"@type\":\"ImageObject\",\"inLanguage\":\"es\",\"@id\":\"https:\\\/\\\/secure.gravatar.com\\\/avatar\\\/d217565525df2df5d4e7265d47758506f41845ed9529510921a7625d8365789d?s=96&d=mm&r=g\",\"url\":\"https:\\\/\\\/secure.gravatar.com\\\/avatar\\\/d217565525df2df5d4e7265d47758506f41845ed9529510921a7625d8365789d?s=96&d=mm&r=g\",\"contentUrl\":\"https:\\\/\\\/secure.gravatar.com\\\/avatar\\\/d217565525df2df5d4e7265d47758506f41845ed9529510921a7625d8365789d?s=96&d=mm&r=g\",\"caption\":\"Diego Rodr\u00edguez\"},\"description\":\"Egresado de la Facultad de Estudios Superiores Acatl\u00e1n de la carrera en Comunicaci\u00f3n, con especialidad en medios escritos. Reportero del desaparecido peri\u00f3dico Nuestro M\u00e9xico, en donde cubri\u00f3 las fuentes delegacionales y Asamblea Legislativa. Tambi\u00e9n trabaj\u00f3 en la Coordinaci\u00f3n de Comunicaci\u00f3n Social en la delegaci\u00f3n \u00c1lvaro Obreg\u00f3n. Le gusta leer novelas y cuentos.\",\"url\":\"https:\\\/\\\/centrourbano.com\\\/revista\\\/author\\\/diegorodriguez\\\/\"}]}<\/script>\n<!-- \/ Yoast SEO plugin. -->","yoast_head_json":{"title":"Hospital Materno de Yucat\u00e1n estar\u00e1 listo en 2017 -","description":"La construcci\u00f3n del Hospital Materno Infantil de Yucat\u00e1n presenta un avance de m\u00e1s de 50%, informaron autoridades de la entidad, el edificio podr\u00e1 brindar servicio en el segundo semestre del pr\u00f3ximo a\u00f1o con capacidad de 160 camas.","robots":{"index":"index","follow":"follow","max-snippet":"max-snippet:-1","max-image-preview":"max-image-preview:large","max-video-preview":"max-video-preview:-1"},"canonical":"https:\/\/centrourbano.com\/revista\/construccion\/hospital-materno-de-yucatan-estara-listo-en-2017\/","og_locale":"es_ES","og_type":"article","og_title":"Hospital Materno de Yucat\u00e1n estar\u00e1 listo en 2017 -","og_description":"La construcci\u00f3n del Hospital Materno Infantil de Yucat\u00e1n presenta un avance de m\u00e1s de 50%, informaron autoridades de la entidad, el edificio podr\u00e1 brindar servicio en el segundo semestre del pr\u00f3ximo a\u00f1o con capacidad de 160 camas.","og_url":"https:\/\/centrourbano.com\/revista\/construccion\/hospital-materno-de-yucatan-estara-listo-en-2017\/","og_site_name":"Centro Urbano","article_publisher":"https:\/\/www.facebook.com\/portalcentrourbano","article_published_time":"2016-04-18T14:53:48+00:00","article_modified_time":"2016-04-18T14:54:47+00:00","og_image":[{"width":800,"height":533,"url":"https:\/\/centrourbano.com\/revista\/wp-content\/uploads\/Hospital-Materno-Yucat\u00e1n.jpg","type":"image\/jpeg"}],"author":"Diego Rodr\u00edguez","twitter_card":"summary_large_image","twitter_creator":"@CentroUrbano","twitter_site":"@CentroUrbano","twitter_misc":{"Escrito por":"Diego Rodr\u00edguez","Tiempo de lectura":"2 minutos"},"schema":{"@context":"https:\/\/schema.org","@graph":[{"@type":"Article","@id":"https:\/\/centrourbano.com\/revista\/construccion\/hospital-materno-de-yucatan-estara-listo-en-2017\/#article","isPartOf":{"@id":"https:\/\/centrourbano.com\/revista\/construccion\/hospital-materno-de-yucatan-estara-listo-en-2017\/"},"author":{"name":"Diego Rodr\u00edguez","@id":"https:\/\/centrourbano.com\/revista\/#\/schema\/person\/b50192a3cd0e680841b45dc537f53970"},"headline":"Hospital Materno de Yucat\u00e1n estar\u00e1 listo en 2017","datePublished":"2016-04-18T14:53:48+00:00","dateModified":"2016-04-18T14:54:47+00:00","mainEntityOfPage":{"@id":"https:\/\/centrourbano.com\/revista\/construccion\/hospital-materno-de-yucatan-estara-listo-en-2017\/"},"wordCount":323,"commentCount":0,"publisher":{"@id":"https:\/\/centrourbano.com\/revista\/#organization"},"image":{"@id":"https:\/\/centrourbano.com\/revista\/construccion\/hospital-materno-de-yucatan-estara-listo-en-2017\/#primaryimage"},"thumbnailUrl":"https:\/\/centrourbano.com\/revista\/wp-content\/uploads\/Hospital-Materno-Yucat\u00e1n.jpg","articleSection":["Construcci\u00f3n"],"inLanguage":"es","potentialAction":[{"@type":"CommentAction","name":"Comment","target":["https:\/\/centrourbano.com\/revista\/construccion\/hospital-materno-de-yucatan-estara-listo-en-2017\/#respond"]}]},{"@type":"WebPage","@id":"https:\/\/centrourbano.com\/revista\/construccion\/hospital-materno-de-yucatan-estara-listo-en-2017\/","url":"https:\/\/centrourbano.com\/revista\/construccion\/hospital-materno-de-yucatan-estara-listo-en-2017\/","name":"Hospital Materno de Yucat\u00e1n estar\u00e1 listo en 2017 -","isPartOf":{"@id":"https:\/\/centrourbano.com\/revista\/#website"},"primaryImageOfPage":{"@id":"https:\/\/centrourbano.com\/revista\/construccion\/hospital-materno-de-yucatan-estara-listo-en-2017\/#primaryimage"},"image":{"@id":"https:\/\/centrourbano.com\/revista\/construccion\/hospital-materno-de-yucatan-estara-listo-en-2017\/#primaryimage"},"thumbnailUrl":"https:\/\/centrourbano.com\/revista\/wp-content\/uploads\/Hospital-Materno-Yucat\u00e1n.jpg","datePublished":"2016-04-18T14:53:48+00:00","dateModified":"2016-04-18T14:54:47+00:00","description":"La construcci\u00f3n del Hospital Materno Infantil de Yucat\u00e1n presenta un avance de m\u00e1s de 50%, informaron autoridades de la entidad, el edificio podr\u00e1 brindar servicio en el segundo semestre del pr\u00f3ximo a\u00f1o con capacidad de 160 camas.","breadcrumb":{"@id":"https:\/\/centrourbano.com\/revista\/construccion\/hospital-materno-de-yucatan-estara-listo-en-2017\/#breadcrumb"},"inLanguage":"es","potentialAction":[{"@type":"ReadAction","target":["https:\/\/centrourbano.com\/revista\/construccion\/hospital-materno-de-yucatan-estara-listo-en-2017\/"]}]},{"@type":"ImageObject","inLanguage":"es","@id":"https:\/\/centrourbano.com\/revista\/construccion\/hospital-materno-de-yucatan-estara-listo-en-2017\/#primaryimage","url":"https:\/\/centrourbano.com\/revista\/wp-content\/uploads\/Hospital-Materno-Yucat\u00e1n.jpg","contentUrl":"https:\/\/centrourbano.com\/revista\/wp-content\/uploads\/Hospital-Materno-Yucat\u00e1n.jpg","width":800,"height":533,"caption":"Se invierten 600 mdp en la construcci\u00f3n, tendr\u00e1 capacidad de 160 camas y un banco de leche"},{"@type":"BreadcrumbList","@id":"https:\/\/centrourbano.com\/revista\/construccion\/hospital-materno-de-yucatan-estara-listo-en-2017\/#breadcrumb","itemListElement":[{"@type":"ListItem","position":1,"name":"Portada","item":"https:\/\/centrourbano.com\/revista\/"},{"@type":"ListItem","position":2,"name":"Hospital Materno de Yucat\u00e1n estar\u00e1 listo en 2017"}]},{"@type":"WebSite","@id":"https:\/\/centrourbano.com\/revista\/#website","url":"https:\/\/centrourbano.com\/revista\/","name":"Centro Urbano","description":"Medio especializado en los sectores vivienda, inmobiliario, construcci\u00f3n, arquitectura y urbanismo.","publisher":{"@id":"https:\/\/centrourbano.com\/revista\/#organization"},"potentialAction":[{"@type":"SearchAction","target":{"@type":"EntryPoint","urlTemplate":"https:\/\/centrourbano.com\/revista\/?s={search_term_string}"},"query-input":{"@type":"PropertyValueSpecification","valueRequired":true,"valueName":"search_term_string"}}],"inLanguage":"es"},{"@type":"Organization","@id":"https:\/\/centrourbano.com\/revista\/#organization","name":"Centro Urbano","url":"https:\/\/centrourbano.com\/revista\/","logo":{"@type":"ImageObject","inLanguage":"es","@id":"https:\/\/centrourbano.com\/revista\/#\/schema\/logo\/image\/","url":"https:\/\/centrourbano.com\/revista\/wp-content\/uploads\/web_CU_logo-1.png","contentUrl":"https:\/\/centrourbano.com\/revista\/wp-content\/uploads\/web_CU_logo-1.png","width":350,"height":91,"caption":"Centro Urbano"},"image":{"@id":"https:\/\/centrourbano.com\/revista\/#\/schema\/logo\/image\/"},"sameAs":["https:\/\/www.facebook.com\/portalcentrourbano","https:\/\/x.com\/CentroUrbano","https:\/\/www.instagram.com\/centro_urbano\/","https:\/\/www.linkedin.com\/company\/centro-urbano\/","http:\/\/www.youtube.com\/user\/portalcentrourbano"]},{"@type":"Person","@id":"https:\/\/centrourbano.com\/revista\/#\/schema\/person\/b50192a3cd0e680841b45dc537f53970","name":"Diego Rodr\u00edguez","image":{"@type":"ImageObject","inLanguage":"es","@id":"https:\/\/secure.gravatar.com\/avatar\/d217565525df2df5d4e7265d47758506f41845ed9529510921a7625d8365789d?s=96&d=mm&r=g","url":"https:\/\/secure.gravatar.com\/avatar\/d217565525df2df5d4e7265d47758506f41845ed9529510921a7625d8365789d?s=96&d=mm&r=g","contentUrl":"https:\/\/secure.gravatar.com\/avatar\/d217565525df2df5d4e7265d47758506f41845ed9529510921a7625d8365789d?s=96&d=mm&r=g","caption":"Diego Rodr\u00edguez"},"description":"Egresado de la Facultad de Estudios Superiores Acatl\u00e1n de la carrera en Comunicaci\u00f3n, con especialidad en medios escritos. Reportero del desaparecido peri\u00f3dico Nuestro M\u00e9xico, en donde cubri\u00f3 las fuentes delegacionales y Asamblea Legislativa. Tambi\u00e9n trabaj\u00f3 en la Coordinaci\u00f3n de Comunicaci\u00f3n Social en la delegaci\u00f3n \u00c1lvaro Obreg\u00f3n. Le gusta leer novelas y cuentos.","url":"https:\/\/centrourbano.com\/revista\/author\/diegorodriguez\/"}]}},"_links":{"self":[{"href":"https:\/\/centrourbano.com\/revista\/wp-json\/wp\/v2\/posts\/33518","targetHints":{"allow":["GET"]}}],"collection":[{"href":"https:\/\/centrourbano.com\/revista\/wp-json\/wp\/v2\/posts"}],"about":[{"href":"https:\/\/centrourbano.com\/revista\/wp-json\/wp\/v2\/types\/post"}],"author":[{"embeddable":true,"href":"https:\/\/centrourbano.com\/revista\/wp-json\/wp\/v2\/users\/37"}],"replies":[{"embeddable":true,"href":"https:\/\/centrourbano.com\/revista\/wp-json\/wp\/v2\/comments?post=33518"}],"version-history":[{"count":0,"href":"https:\/\/centrourbano.com\/revista\/wp-json\/wp\/v2\/posts\/33518\/revisions"}],"wp:featuredmedia":[{"embeddable":true,"href":"https:\/\/centrourbano.com\/revista\/wp-json\/wp\/v2\/media\/33521"}],"wp:attachment":[{"href":"https:\/\/centrourbano.com\/revista\/wp-json\/wp\/v2\/media?parent=33518"}],"wp:term":[{"taxonomy":"category","embeddable":true,"href":"https:\/\/centrourbano.com\/revista\/wp-json\/wp\/v2\/categories?post=33518"},{"taxonomy":"post_tag","embeddable":true,"href":"https:\/\/centrourbano.com\/revista\/wp-json\/wp\/v2\/tags?post=33518"}],"curies":[{"name":"wp","href":"https:\/\/api.w.org\/{rel}","templated":true}]}}