{"id":33377,"date":"2016-04-13T12:09:45","date_gmt":"2016-04-13T17:09:45","guid":{"rendered":"https:\/\/centrourbano.com\/?p=33377"},"modified":"2016-04-13T12:09:45","modified_gmt":"2016-04-13T17:09:45","slug":"tomaran-medidas-para-el-hoy-no-circula","status":"publish","type":"post","link":"https:\/\/centrourbano.com\/revista\/actualidad\/tomaran-medidas-para-el-hoy-no-circula\/","title":{"rendered":"Tomar\u00e1n medidas para el Hoy No Circula"},"content":{"rendered":"<p><em>Ser\u00e1 hasta el 30 de junio cuando determines las medidas que se implementar\u00e1n<\/em><\/p>\n<p><!--more--><\/p>\n<p>Debido a los altos niveles de contaminaci\u00f3n registrados en las \u00faltimas semanas y a los nuevos programas para reducir el uso del autom\u00f3vil por parte del Gobierno de la Ciudad de M\u00e9xico, el secretario de Medio Ambiente y Recursos Naturales (Semarnat) Rafael Pacchiano adelant\u00f3 que habr\u00e1 una norma m\u00e1s estricta para la verificaci\u00f3n vehicular, m\u00e1s no se mantendr\u00e1 el \u201cHoy No Circula\u201d sin importar el holograma.<\/p>\n<p>\u201cS\u00f3lo aquellos autos y veh\u00edculos que contaminen poco puedan pasar la verificaci\u00f3n y que los autos y veh\u00edculos no haya forma que la pasen\u201d, afirm\u00f3 el funcionario.<\/p>\n<p>Dijo que mantener el Hoy No Circula sin importar el holograma nunca ha sido una opci\u00f3n ya que est\u00e1n conscientes que las personas comprar\u00e1n un auto viejo para circular todos los d\u00edas.<\/p>\n<p>Inform\u00f3 que ser\u00e1 hasta el 30 de junio cuando se determinen las medidas y definan si mantener el Hoy No Circula para todos, pero podr\u00eda darse a conocer antes.<\/p>\n","protected":false},"excerpt":{"rendered":"<p>Ser\u00e1 hasta el 30 de junio cuando determines las medidas que se implementar\u00e1n<\/p>\n","protected":false},"author":77,"featured_media":33381,"comment_status":"open","ping_status":"closed","sticky":false,"template":"","format":"standard","meta":{"inline_featured_image":false,"footnotes":""},"categories":[80],"tags":[],"class_list":["post-33377","post","type-post","status-publish","format-standard","has-post-thumbnail","hentry","category-actualidad"],"yoast_head":"<!-- This site is optimized with the Yoast SEO plugin v28.4 - https:\/\/yoast.com\/product\/yoast-seo-wordpress\/ -->\n<title>Tomar\u00e1n medidas para el Hoy No Circula -<\/title>\n<meta name=\"description\" content=\"Debido a los altos niveles de contaminaci\u00f3n registrados en las \u00faltimas semanas y a los nuevos programas para reducir el uso del autom\u00f3vil por parte del Gobierno de la Ciudad de M\u00e9xico, el secretario de Medio Ambiente y Recursos Naturales (Semarnat) Rafael Pacchiano adelant\u00f3 que habr\u00e1 una norma m\u00e1s estricta para la verificaci\u00f3n vehicular, m\u00e1s no se mantendr\u00e1 el \u201cHoy No Circula\u201d sin importar el holograma.\" \/>\n<meta name=\"robots\" content=\"index, follow, max-snippet:-1, max-image-preview:large, max-video-preview:-1\" \/>\n<link rel=\"canonical\" href=\"https:\/\/centrourbano.com\/revista\/actualidad\/tomaran-medidas-para-el-hoy-no-circula\/\" \/>\n<meta property=\"og:locale\" content=\"es_ES\" \/>\n<meta property=\"og:type\" content=\"article\" \/>\n<meta property=\"og:title\" content=\"Tomar\u00e1n medidas para el Hoy No Circula -\" \/>\n<meta property=\"og:description\" content=\"Debido a los altos niveles de contaminaci\u00f3n registrados en las \u00faltimas semanas y a los nuevos programas para reducir el uso del autom\u00f3vil por parte del Gobierno de la Ciudad de M\u00e9xico, el secretario de Medio Ambiente y Recursos Naturales (Semarnat) Rafael Pacchiano adelant\u00f3 que habr\u00e1 una norma m\u00e1s estricta para la verificaci\u00f3n vehicular, m\u00e1s no se mantendr\u00e1 el \u201cHoy No Circula\u201d sin importar el holograma.\" \/>\n<meta property=\"og:url\" content=\"https:\/\/centrourbano.com\/revista\/actualidad\/tomaran-medidas-para-el-hoy-no-circula\/\" \/>\n<meta property=\"og:site_name\" content=\"Centro Urbano\" \/>\n<meta property=\"article:publisher\" content=\"https:\/\/www.facebook.com\/portalcentrourbano\" \/>\n<meta property=\"article:published_time\" content=\"2016-04-13T17:09:45+00:00\" \/>\n<meta property=\"og:image\" content=\"https:\/\/centrourbano.com\/revista\/wp-content\/uploads\/feb9db691d43d9d133829a38583a8be9-e1460567371666.jpg\" \/>\n\t<meta property=\"og:image:width\" content=\"580\" \/>\n\t<meta property=\"og:image:height\" content=\"309\" \/>\n\t<meta property=\"og:image:type\" content=\"image\/jpeg\" \/>\n<meta name=\"author\" content=\"G4A\" \/>\n<meta name=\"twitter:card\" content=\"summary_large_image\" \/>\n<meta name=\"twitter:creator\" content=\"@CentroUrbano\" \/>\n<meta name=\"twitter:site\" content=\"@CentroUrbano\" \/>\n<meta name=\"twitter:label1\" content=\"Escrito por\" \/>\n\t<meta name=\"twitter:data1\" content=\"G4A\" \/>\n\t<meta name=\"twitter:label2\" content=\"Tiempo de lectura\" \/>\n\t<meta name=\"twitter:data2\" content=\"1 minuto\" \/>\n<script type=\"application\/ld+json\" class=\"yoast-schema-graph\">{\"@context\":\"https:\\\/\\\/schema.org\",\"@graph\":[{\"@type\":\"Article\",\"@id\":\"https:\\\/\\\/centrourbano.com\\\/revista\\\/actualidad\\\/tomaran-medidas-para-el-hoy-no-circula\\\/#article\",\"isPartOf\":{\"@id\":\"https:\\\/\\\/centrourbano.com\\\/revista\\\/actualidad\\\/tomaran-medidas-para-el-hoy-no-circula\\\/\"},\"author\":{\"name\":\"G4A\",\"@id\":\"https:\\\/\\\/centrourbano.com\\\/revista\\\/#\\\/schema\\\/person\\\/370fa0ba2d8dd5bde3fdb8b62ad360aa\"},\"headline\":\"Tomar\u00e1n medidas para el Hoy No Circula\",\"datePublished\":\"2016-04-13T17:09:45+00:00\",\"mainEntityOfPage\":{\"@id\":\"https:\\\/\\\/centrourbano.com\\\/revista\\\/actualidad\\\/tomaran-medidas-para-el-hoy-no-circula\\\/\"},\"wordCount\":189,\"commentCount\":0,\"publisher\":{\"@id\":\"https:\\\/\\\/centrourbano.com\\\/revista\\\/#organization\"},\"image\":{\"@id\":\"https:\\\/\\\/centrourbano.com\\\/revista\\\/actualidad\\\/tomaran-medidas-para-el-hoy-no-circula\\\/#primaryimage\"},\"thumbnailUrl\":\"https:\\\/\\\/centrourbano.com\\\/revista\\\/wp-content\\\/uploads\\\/feb9db691d43d9d133829a38583a8be9-e1460567371666.jpg\",\"articleSection\":[\"Actualidad\"],\"inLanguage\":\"es\"},{\"@type\":\"WebPage\",\"@id\":\"https:\\\/\\\/centrourbano.com\\\/revista\\\/actualidad\\\/tomaran-medidas-para-el-hoy-no-circula\\\/\",\"url\":\"https:\\\/\\\/centrourbano.com\\\/revista\\\/actualidad\\\/tomaran-medidas-para-el-hoy-no-circula\\\/\",\"name\":\"Tomar\u00e1n medidas para el Hoy No Circula -\",\"isPartOf\":{\"@id\":\"https:\\\/\\\/centrourbano.com\\\/revista\\\/#website\"},\"primaryImageOfPage\":{\"@id\":\"https:\\\/\\\/centrourbano.com\\\/revista\\\/actualidad\\\/tomaran-medidas-para-el-hoy-no-circula\\\/#primaryimage\"},\"image\":{\"@id\":\"https:\\\/\\\/centrourbano.com\\\/revista\\\/actualidad\\\/tomaran-medidas-para-el-hoy-no-circula\\\/#primaryimage\"},\"thumbnailUrl\":\"https:\\\/\\\/centrourbano.com\\\/revista\\\/wp-content\\\/uploads\\\/feb9db691d43d9d133829a38583a8be9-e1460567371666.jpg\",\"datePublished\":\"2016-04-13T17:09:45+00:00\",\"description\":\"Debido a los altos niveles de contaminaci\u00f3n registrados en las \u00faltimas semanas y a los nuevos programas para reducir el uso del autom\u00f3vil por parte del Gobierno de la Ciudad de M\u00e9xico, el secretario de Medio Ambiente y Recursos Naturales (Semarnat) Rafael Pacchiano adelant\u00f3 que habr\u00e1 una norma m\u00e1s estricta para la verificaci\u00f3n vehicular, m\u00e1s no se mantendr\u00e1 el \u201cHoy No Circula\u201d sin importar el holograma.\",\"breadcrumb\":{\"@id\":\"https:\\\/\\\/centrourbano.com\\\/revista\\\/actualidad\\\/tomaran-medidas-para-el-hoy-no-circula\\\/#breadcrumb\"},\"inLanguage\":\"es\",\"potentialAction\":[{\"@type\":\"ReadAction\",\"target\":[\"https:\\\/\\\/centrourbano.com\\\/revista\\\/actualidad\\\/tomaran-medidas-para-el-hoy-no-circula\\\/\"]}]},{\"@type\":\"ImageObject\",\"inLanguage\":\"es\",\"@id\":\"https:\\\/\\\/centrourbano.com\\\/revista\\\/actualidad\\\/tomaran-medidas-para-el-hoy-no-circula\\\/#primaryimage\",\"url\":\"https:\\\/\\\/centrourbano.com\\\/revista\\\/wp-content\\\/uploads\\\/feb9db691d43d9d133829a38583a8be9-e1460567371666.jpg\",\"contentUrl\":\"https:\\\/\\\/centrourbano.com\\\/revista\\\/wp-content\\\/uploads\\\/feb9db691d43d9d133829a38583a8be9-e1460567371666.jpg\",\"width\":580,\"height\":309},{\"@type\":\"BreadcrumbList\",\"@id\":\"https:\\\/\\\/centrourbano.com\\\/revista\\\/actualidad\\\/tomaran-medidas-para-el-hoy-no-circula\\\/#breadcrumb\",\"itemListElement\":[{\"@type\":\"ListItem\",\"position\":1,\"name\":\"Portada\",\"item\":\"https:\\\/\\\/centrourbano.com\\\/revista\\\/\"},{\"@type\":\"ListItem\",\"position\":2,\"name\":\"Tomar\u00e1n medidas para el Hoy No Circula\"}]},{\"@type\":\"WebSite\",\"@id\":\"https:\\\/\\\/centrourbano.com\\\/revista\\\/#website\",\"url\":\"https:\\\/\\\/centrourbano.com\\\/revista\\\/\",\"name\":\"Centro Urbano\",\"description\":\"Medio especializado en los sectores vivienda, inmobiliario, construcci\u00f3n, arquitectura y urbanismo.\",\"publisher\":{\"@id\":\"https:\\\/\\\/centrourbano.com\\\/revista\\\/#organization\"},\"potentialAction\":[{\"@type\":\"SearchAction\",\"target\":{\"@type\":\"EntryPoint\",\"urlTemplate\":\"https:\\\/\\\/centrourbano.com\\\/revista\\\/?s={search_term_string}\"},\"query-input\":{\"@type\":\"PropertyValueSpecification\",\"valueRequired\":true,\"valueName\":\"search_term_string\"}}],\"inLanguage\":\"es\"},{\"@type\":\"Organization\",\"@id\":\"https:\\\/\\\/centrourbano.com\\\/revista\\\/#organization\",\"name\":\"Centro Urbano\",\"url\":\"https:\\\/\\\/centrourbano.com\\\/revista\\\/\",\"logo\":{\"@type\":\"ImageObject\",\"inLanguage\":\"es\",\"@id\":\"https:\\\/\\\/centrourbano.com\\\/revista\\\/#\\\/schema\\\/logo\\\/image\\\/\",\"url\":\"https:\\\/\\\/centrourbano.com\\\/revista\\\/wp-content\\\/uploads\\\/web_CU_logo-1.png\",\"contentUrl\":\"https:\\\/\\\/centrourbano.com\\\/revista\\\/wp-content\\\/uploads\\\/web_CU_logo-1.png\",\"width\":350,\"height\":91,\"caption\":\"Centro Urbano\"},\"image\":{\"@id\":\"https:\\\/\\\/centrourbano.com\\\/revista\\\/#\\\/schema\\\/logo\\\/image\\\/\"},\"sameAs\":[\"https:\\\/\\\/www.facebook.com\\\/portalcentrourbano\",\"https:\\\/\\\/x.com\\\/CentroUrbano\",\"https:\\\/\\\/www.instagram.com\\\/centro_urbano\\\/\",\"https:\\\/\\\/www.linkedin.com\\\/company\\\/centro-urbano\\\/\",\"http:\\\/\\\/www.youtube.com\\\/user\\\/portalcentrourbano\"]},{\"@type\":\"Person\",\"@id\":\"https:\\\/\\\/centrourbano.com\\\/revista\\\/#\\\/schema\\\/person\\\/370fa0ba2d8dd5bde3fdb8b62ad360aa\",\"name\":\"G4A\",\"image\":{\"@type\":\"ImageObject\",\"inLanguage\":\"es\",\"@id\":\"https:\\\/\\\/secure.gravatar.com\\\/avatar\\\/932a97121b13d5de5bbd8193c6c83d3b92c9eda0f39623607d4280e7a5778d97?s=96&d=mm&r=g\",\"url\":\"https:\\\/\\\/secure.gravatar.com\\\/avatar\\\/932a97121b13d5de5bbd8193c6c83d3b92c9eda0f39623607d4280e7a5778d97?s=96&d=mm&r=g\",\"contentUrl\":\"https:\\\/\\\/secure.gravatar.com\\\/avatar\\\/932a97121b13d5de5bbd8193c6c83d3b92c9eda0f39623607d4280e7a5778d97?s=96&d=mm&r=g\",\"caption\":\"G4A\"},\"url\":\"https:\\\/\\\/centrourbano.com\\\/revista\\\/author\\\/admin-g4a\\\/\"}]}<\/script>\n<!-- \/ Yoast SEO plugin. -->","yoast_head_json":{"title":"Tomar\u00e1n medidas para el Hoy No Circula -","description":"Debido a los altos niveles de contaminaci\u00f3n registrados en las \u00faltimas semanas y a los nuevos programas para reducir el uso del autom\u00f3vil por parte del Gobierno de la Ciudad de M\u00e9xico, el secretario de Medio Ambiente y Recursos Naturales (Semarnat) Rafael Pacchiano adelant\u00f3 que habr\u00e1 una norma m\u00e1s estricta para la verificaci\u00f3n vehicular, m\u00e1s no se mantendr\u00e1 el \u201cHoy No Circula\u201d sin importar el holograma.","robots":{"index":"index","follow":"follow","max-snippet":"max-snippet:-1","max-image-preview":"max-image-preview:large","max-video-preview":"max-video-preview:-1"},"canonical":"https:\/\/centrourbano.com\/revista\/actualidad\/tomaran-medidas-para-el-hoy-no-circula\/","og_locale":"es_ES","og_type":"article","og_title":"Tomar\u00e1n medidas para el Hoy No Circula -","og_description":"Debido a los altos niveles de contaminaci\u00f3n registrados en las \u00faltimas semanas y a los nuevos programas para reducir el uso del autom\u00f3vil por parte del Gobierno de la Ciudad de M\u00e9xico, el secretario de Medio Ambiente y Recursos Naturales (Semarnat) Rafael Pacchiano adelant\u00f3 que habr\u00e1 una norma m\u00e1s estricta para la verificaci\u00f3n vehicular, m\u00e1s no se mantendr\u00e1 el \u201cHoy No Circula\u201d sin importar el holograma.","og_url":"https:\/\/centrourbano.com\/revista\/actualidad\/tomaran-medidas-para-el-hoy-no-circula\/","og_site_name":"Centro Urbano","article_publisher":"https:\/\/www.facebook.com\/portalcentrourbano","article_published_time":"2016-04-13T17:09:45+00:00","og_image":[{"width":580,"height":309,"url":"https:\/\/centrourbano.com\/revista\/wp-content\/uploads\/feb9db691d43d9d133829a38583a8be9-e1460567371666.jpg","type":"image\/jpeg"}],"author":"G4A","twitter_card":"summary_large_image","twitter_creator":"@CentroUrbano","twitter_site":"@CentroUrbano","twitter_misc":{"Escrito por":"G4A","Tiempo de lectura":"1 minuto"},"schema":{"@context":"https:\/\/schema.org","@graph":[{"@type":"Article","@id":"https:\/\/centrourbano.com\/revista\/actualidad\/tomaran-medidas-para-el-hoy-no-circula\/#article","isPartOf":{"@id":"https:\/\/centrourbano.com\/revista\/actualidad\/tomaran-medidas-para-el-hoy-no-circula\/"},"author":{"name":"G4A","@id":"https:\/\/centrourbano.com\/revista\/#\/schema\/person\/370fa0ba2d8dd5bde3fdb8b62ad360aa"},"headline":"Tomar\u00e1n medidas para el Hoy No Circula","datePublished":"2016-04-13T17:09:45+00:00","mainEntityOfPage":{"@id":"https:\/\/centrourbano.com\/revista\/actualidad\/tomaran-medidas-para-el-hoy-no-circula\/"},"wordCount":189,"commentCount":0,"publisher":{"@id":"https:\/\/centrourbano.com\/revista\/#organization"},"image":{"@id":"https:\/\/centrourbano.com\/revista\/actualidad\/tomaran-medidas-para-el-hoy-no-circula\/#primaryimage"},"thumbnailUrl":"https:\/\/centrourbano.com\/revista\/wp-content\/uploads\/feb9db691d43d9d133829a38583a8be9-e1460567371666.jpg","articleSection":["Actualidad"],"inLanguage":"es"},{"@type":"WebPage","@id":"https:\/\/centrourbano.com\/revista\/actualidad\/tomaran-medidas-para-el-hoy-no-circula\/","url":"https:\/\/centrourbano.com\/revista\/actualidad\/tomaran-medidas-para-el-hoy-no-circula\/","name":"Tomar\u00e1n medidas para el Hoy No Circula -","isPartOf":{"@id":"https:\/\/centrourbano.com\/revista\/#website"},"primaryImageOfPage":{"@id":"https:\/\/centrourbano.com\/revista\/actualidad\/tomaran-medidas-para-el-hoy-no-circula\/#primaryimage"},"image":{"@id":"https:\/\/centrourbano.com\/revista\/actualidad\/tomaran-medidas-para-el-hoy-no-circula\/#primaryimage"},"thumbnailUrl":"https:\/\/centrourbano.com\/revista\/wp-content\/uploads\/feb9db691d43d9d133829a38583a8be9-e1460567371666.jpg","datePublished":"2016-04-13T17:09:45+00:00","description":"Debido a los altos niveles de contaminaci\u00f3n registrados en las \u00faltimas semanas y a los nuevos programas para reducir el uso del autom\u00f3vil por parte del Gobierno de la Ciudad de M\u00e9xico, el secretario de Medio Ambiente y Recursos Naturales (Semarnat) Rafael Pacchiano adelant\u00f3 que habr\u00e1 una norma m\u00e1s estricta para la verificaci\u00f3n vehicular, m\u00e1s no se mantendr\u00e1 el \u201cHoy No Circula\u201d sin importar el holograma.","breadcrumb":{"@id":"https:\/\/centrourbano.com\/revista\/actualidad\/tomaran-medidas-para-el-hoy-no-circula\/#breadcrumb"},"inLanguage":"es","potentialAction":[{"@type":"ReadAction","target":["https:\/\/centrourbano.com\/revista\/actualidad\/tomaran-medidas-para-el-hoy-no-circula\/"]}]},{"@type":"ImageObject","inLanguage":"es","@id":"https:\/\/centrourbano.com\/revista\/actualidad\/tomaran-medidas-para-el-hoy-no-circula\/#primaryimage","url":"https:\/\/centrourbano.com\/revista\/wp-content\/uploads\/feb9db691d43d9d133829a38583a8be9-e1460567371666.jpg","contentUrl":"https:\/\/centrourbano.com\/revista\/wp-content\/uploads\/feb9db691d43d9d133829a38583a8be9-e1460567371666.jpg","width":580,"height":309},{"@type":"BreadcrumbList","@id":"https:\/\/centrourbano.com\/revista\/actualidad\/tomaran-medidas-para-el-hoy-no-circula\/#breadcrumb","itemListElement":[{"@type":"ListItem","position":1,"name":"Portada","item":"https:\/\/centrourbano.com\/revista\/"},{"@type":"ListItem","position":2,"name":"Tomar\u00e1n medidas para el Hoy No Circula"}]},{"@type":"WebSite","@id":"https:\/\/centrourbano.com\/revista\/#website","url":"https:\/\/centrourbano.com\/revista\/","name":"Centro Urbano","description":"Medio especializado en los sectores vivienda, inmobiliario, construcci\u00f3n, arquitectura y urbanismo.","publisher":{"@id":"https:\/\/centrourbano.com\/revista\/#organization"},"potentialAction":[{"@type":"SearchAction","target":{"@type":"EntryPoint","urlTemplate":"https:\/\/centrourbano.com\/revista\/?s={search_term_string}"},"query-input":{"@type":"PropertyValueSpecification","valueRequired":true,"valueName":"search_term_string"}}],"inLanguage":"es"},{"@type":"Organization","@id":"https:\/\/centrourbano.com\/revista\/#organization","name":"Centro Urbano","url":"https:\/\/centrourbano.com\/revista\/","logo":{"@type":"ImageObject","inLanguage":"es","@id":"https:\/\/centrourbano.com\/revista\/#\/schema\/logo\/image\/","url":"https:\/\/centrourbano.com\/revista\/wp-content\/uploads\/web_CU_logo-1.png","contentUrl":"https:\/\/centrourbano.com\/revista\/wp-content\/uploads\/web_CU_logo-1.png","width":350,"height":91,"caption":"Centro Urbano"},"image":{"@id":"https:\/\/centrourbano.com\/revista\/#\/schema\/logo\/image\/"},"sameAs":["https:\/\/www.facebook.com\/portalcentrourbano","https:\/\/x.com\/CentroUrbano","https:\/\/www.instagram.com\/centro_urbano\/","https:\/\/www.linkedin.com\/company\/centro-urbano\/","http:\/\/www.youtube.com\/user\/portalcentrourbano"]},{"@type":"Person","@id":"https:\/\/centrourbano.com\/revista\/#\/schema\/person\/370fa0ba2d8dd5bde3fdb8b62ad360aa","name":"G4A","image":{"@type":"ImageObject","inLanguage":"es","@id":"https:\/\/secure.gravatar.com\/avatar\/932a97121b13d5de5bbd8193c6c83d3b92c9eda0f39623607d4280e7a5778d97?s=96&d=mm&r=g","url":"https:\/\/secure.gravatar.com\/avatar\/932a97121b13d5de5bbd8193c6c83d3b92c9eda0f39623607d4280e7a5778d97?s=96&d=mm&r=g","contentUrl":"https:\/\/secure.gravatar.com\/avatar\/932a97121b13d5de5bbd8193c6c83d3b92c9eda0f39623607d4280e7a5778d97?s=96&d=mm&r=g","caption":"G4A"},"url":"https:\/\/centrourbano.com\/revista\/author\/admin-g4a\/"}]}},"_links":{"self":[{"href":"https:\/\/centrourbano.com\/revista\/wp-json\/wp\/v2\/posts\/33377","targetHints":{"allow":["GET"]}}],"collection":[{"href":"https:\/\/centrourbano.com\/revista\/wp-json\/wp\/v2\/posts"}],"about":[{"href":"https:\/\/centrourbano.com\/revista\/wp-json\/wp\/v2\/types\/post"}],"author":[{"embeddable":true,"href":"https:\/\/centrourbano.com\/revista\/wp-json\/wp\/v2\/users\/77"}],"replies":[{"embeddable":true,"href":"https:\/\/centrourbano.com\/revista\/wp-json\/wp\/v2\/comments?post=33377"}],"version-history":[{"count":0,"href":"https:\/\/centrourbano.com\/revista\/wp-json\/wp\/v2\/posts\/33377\/revisions"}],"wp:featuredmedia":[{"embeddable":true,"href":"https:\/\/centrourbano.com\/revista\/wp-json\/wp\/v2\/media\/33381"}],"wp:attachment":[{"href":"https:\/\/centrourbano.com\/revista\/wp-json\/wp\/v2\/media?parent=33377"}],"wp:term":[{"taxonomy":"category","embeddable":true,"href":"https:\/\/centrourbano.com\/revista\/wp-json\/wp\/v2\/categories?post=33377"},{"taxonomy":"post_tag","embeddable":true,"href":"https:\/\/centrourbano.com\/revista\/wp-json\/wp\/v2\/tags?post=33377"}],"curies":[{"name":"wp","href":"https:\/\/api.w.org\/{rel}","templated":true}]}}