{"id":33105,"date":"2016-04-06T11:27:31","date_gmt":"2016-04-06T16:27:31","guid":{"rendered":"https:\/\/centrourbano.com\/?p=33105"},"modified":"2016-04-06T11:27:31","modified_gmt":"2016-04-06T16:27:31","slug":"sistema-de-clasificacion-hotelera-suspendido-por-incomprension","status":"publish","type":"post","link":"https:\/\/centrourbano.com\/revista\/inmobiliario\/sistema-de-clasificacion-hotelera-suspendido-por-incomprension\/","title":{"rendered":"Sistema de Clasificaci\u00f3n Hotelera suspendido por incomprensi\u00f3n"},"content":{"rendered":"<p><em>Sistema de Clasificaci\u00f3n Hotelera es rechazado por hoteleros <\/em><\/p>\n<p>El Sistema de Clasificaci\u00f3n Hotelera fue suspendido por la Secretar\u00eda de Turismo (Sectur) \u00a0bajo el argumento de que no existe suficiente comprensi\u00f3n ni consenso para su aplicaci\u00f3n; por lo que lanzar\u00e1 un programa de acceso a cr\u00e9ditos con plazas y tasas atractivas para mejorar la infraestructura de los establecimientos hoteleros.<\/p>\n<p>El presidente de la Asociaci\u00f3n Mexicana de Hoteles y Moteles (AMHM), Rafael Garc\u00eda mencion\u00f3 que, de reactivarse este programa sus 8,000 agremiados impugnar\u00e1n la medida.<\/p>\n<p>\u201cNo queremos m\u00e1s regulaci\u00f3n porque eso significa mayor corrupci\u00f3n. Adem\u00e1s, es una clasificaci\u00f3n innecesaria cuando ya hay nuevas formas para elegir un hotel, como las redes sociales\u201d, dijo en conferencia Rafael Garc\u00eda.<\/p>\n<p>Actualmente son los hoteleros los que se asignan las estrellas, por lo que seg\u00fan hoteleros esta medida provocar\u00eda que hasta un 20% de los establecimientos pierdan estrellas.<\/p>\n<p>\u201cCon este sistema se abarata la oferta y vamos a tener que abaratar las tarifas, porque un hotel que se vend\u00eda como de 4 estrellas, ahora ser\u00e1 de 3 teniendo todos los servicios. La gente no va querer pagar lo que anteriormente pagaba, s\u00f3lo por la clasificaci\u00f3n\u201d, advirti\u00f3 Ra\u00fal Mu\u00f1oz, tesorero de la Asociaci\u00f3n.<\/p>\n<p>Por otra parte, Luis Barrios, director general de Hoteles City Express consider\u00f3 que las categor\u00edas son determinadas por el p\u00fablico y no por un sistema<\/p>\n<p>\u201cNo tenemos un gobierno eficiente, queremos uno que promueva la inversi\u00f3n. Las leyes mexicanas no son suficientemente precisas ni en la elaboraci\u00f3n de la ley, ni del reglamento, y eso es lo que en el fondo me genera ansiedad. Estamos hartos de ser extorsionados por motivos de la interpretaci\u00f3n de la ley\u201d, anunci\u00f3 el Director General de Hoteles City Express.<\/p>\n","protected":false},"excerpt":{"rendered":"<p>Sistema de Clasificaci\u00f3n Hotelera es rechazado por hoteleros El Sistema de Clasificaci\u00f3n Hotelera fue suspendido por la Secretar\u00eda de Turismo (Sectur) \u00a0bajo el argumento de que no existe suficiente comprensi\u00f3n ni consenso para su aplicaci\u00f3n; por lo que lanzar\u00e1 un programa de acceso a cr\u00e9ditos con plazas y tasas atractivas para mejorar la infraestructura de [&hellip;]<\/p>\n","protected":false},"author":36,"featured_media":33108,"comment_status":"open","ping_status":"closed","sticky":false,"template":"","format":"standard","meta":{"om_disable_all_campaigns":false,"inline_featured_image":false,"_monsterinsights_skip_tracking":false,"_monsterinsights_sitenote_active":false,"_monsterinsights_sitenote_note":"","_monsterinsights_sitenote_category":0,"footnotes":""},"categories":[15],"tags":[5678,40,784,8005],"class_list":["post-33105","post","type-post","status-publish","format-standard","has-post-thumbnail","hentry","category-inmobiliario","tag-asociacion-mexicana-de-hoteles-y-moteles","tag-hoteles","tag-sectur","tag-sistema-de-clasificacion-hotelera"],"yoast_head":"<!-- This site is optimized with the Yoast SEO plugin v27.4 - https:\/\/yoast.com\/product\/yoast-seo-wordpress\/ -->\n<title>Sistema de Clasificaci\u00f3n Hotelera suspendido por incomprensi\u00f3n -<\/title>\n<meta name=\"description\" content=\"El Sistema de Clasificaci\u00f3n Hotelera fue suspendido por la Secretar\u00eda de Turismo bajo el argumento de que no existe suficiente comprensi\u00f3n ni consenso para su aplicaci\u00f3n; por lo que lanzar\u00e1 un programa de acceso a cr\u00e9ditos con plazas y tasas atractivas para mejorar la infraestructura de los establecimientos hoteleros.\" \/>\n<meta name=\"robots\" content=\"index, follow, max-snippet:-1, max-image-preview:large, max-video-preview:-1\" \/>\n<link rel=\"canonical\" href=\"https:\/\/centrourbano.com\/revista\/inmobiliario\/sistema-de-clasificacion-hotelera-suspendido-por-incomprension\/\" \/>\n<meta property=\"og:locale\" content=\"es_ES\" \/>\n<meta property=\"og:type\" content=\"article\" \/>\n<meta property=\"og:title\" content=\"Sistema de Clasificaci\u00f3n Hotelera suspendido por incomprensi\u00f3n -\" \/>\n<meta property=\"og:description\" content=\"El Sistema de Clasificaci\u00f3n Hotelera fue suspendido por la Secretar\u00eda de Turismo bajo el argumento de que no existe suficiente comprensi\u00f3n ni consenso para su aplicaci\u00f3n; por lo que lanzar\u00e1 un programa de acceso a cr\u00e9ditos con plazas y tasas atractivas para mejorar la infraestructura de los establecimientos hoteleros.\" \/>\n<meta property=\"og:url\" content=\"https:\/\/centrourbano.com\/revista\/inmobiliario\/sistema-de-clasificacion-hotelera-suspendido-por-incomprension\/\" \/>\n<meta property=\"og:site_name\" content=\"Centro Urbano\" \/>\n<meta property=\"article:publisher\" content=\"https:\/\/www.facebook.com\/portalcentrourbano\" \/>\n<meta property=\"article:published_time\" content=\"2016-04-06T16:27:31+00:00\" \/>\n<meta property=\"og:image\" content=\"https:\/\/centrourbano.com\/revista\/wp-content\/uploads\/costa-adeje-gran-hotel-hotel-costa-adeje-piscina-3-e1459960030306.jpg\" \/>\n\t<meta property=\"og:image:width\" content=\"580\" \/>\n\t<meta property=\"og:image:height\" content=\"351\" \/>\n\t<meta property=\"og:image:type\" content=\"image\/jpeg\" \/>\n<meta name=\"author\" content=\"Yareth Casanova\" \/>\n<meta name=\"twitter:card\" content=\"summary_large_image\" \/>\n<meta name=\"twitter:creator\" content=\"@CentroUrbano\" \/>\n<meta name=\"twitter:site\" content=\"@CentroUrbano\" \/>\n<meta name=\"twitter:label1\" content=\"Escrito por\" \/>\n\t<meta name=\"twitter:data1\" content=\"Yareth Casanova\" \/>\n\t<meta name=\"twitter:label2\" content=\"Tiempo de lectura\" \/>\n\t<meta name=\"twitter:data2\" content=\"2 minutos\" \/>\n<script type=\"application\/ld+json\" class=\"yoast-schema-graph\">{\"@context\":\"https:\\\/\\\/schema.org\",\"@graph\":[{\"@type\":\"Article\",\"@id\":\"https:\\\/\\\/centrourbano.com\\\/revista\\\/inmobiliario\\\/sistema-de-clasificacion-hotelera-suspendido-por-incomprension\\\/#article\",\"isPartOf\":{\"@id\":\"https:\\\/\\\/centrourbano.com\\\/revista\\\/inmobiliario\\\/sistema-de-clasificacion-hotelera-suspendido-por-incomprension\\\/\"},\"author\":{\"name\":\"Yareth Casanova\",\"@id\":\"https:\\\/\\\/centrourbano.com\\\/revista\\\/#\\\/schema\\\/person\\\/fa3124fc7c30aaf90c5e85dc5ce88a3d\"},\"headline\":\"Sistema de Clasificaci\u00f3n Hotelera suspendido por incomprensi\u00f3n\",\"datePublished\":\"2016-04-06T16:27:31+00:00\",\"mainEntityOfPage\":{\"@id\":\"https:\\\/\\\/centrourbano.com\\\/revista\\\/inmobiliario\\\/sistema-de-clasificacion-hotelera-suspendido-por-incomprension\\\/\"},\"wordCount\":314,\"commentCount\":0,\"publisher\":{\"@id\":\"https:\\\/\\\/centrourbano.com\\\/revista\\\/#organization\"},\"image\":{\"@id\":\"https:\\\/\\\/centrourbano.com\\\/revista\\\/inmobiliario\\\/sistema-de-clasificacion-hotelera-suspendido-por-incomprension\\\/#primaryimage\"},\"thumbnailUrl\":\"https:\\\/\\\/centrourbano.com\\\/revista\\\/wp-content\\\/uploads\\\/costa-adeje-gran-hotel-hotel-costa-adeje-piscina-3-e1459960030306.jpg\",\"keywords\":[\"Asociaci\u00f3n Mexicana de Hoteles y Moteles\",\"hoteles\",\"Sectur\",\"Sistema de Clasificaci\u00f3n Hotelera\"],\"articleSection\":[\"Inmobiliario\"],\"inLanguage\":\"es\",\"potentialAction\":[{\"@type\":\"CommentAction\",\"name\":\"Comment\",\"target\":[\"https:\\\/\\\/centrourbano.com\\\/revista\\\/inmobiliario\\\/sistema-de-clasificacion-hotelera-suspendido-por-incomprension\\\/#respond\"]}]},{\"@type\":\"WebPage\",\"@id\":\"https:\\\/\\\/centrourbano.com\\\/revista\\\/inmobiliario\\\/sistema-de-clasificacion-hotelera-suspendido-por-incomprension\\\/\",\"url\":\"https:\\\/\\\/centrourbano.com\\\/revista\\\/inmobiliario\\\/sistema-de-clasificacion-hotelera-suspendido-por-incomprension\\\/\",\"name\":\"Sistema de Clasificaci\u00f3n Hotelera suspendido por incomprensi\u00f3n -\",\"isPartOf\":{\"@id\":\"https:\\\/\\\/centrourbano.com\\\/revista\\\/#website\"},\"primaryImageOfPage\":{\"@id\":\"https:\\\/\\\/centrourbano.com\\\/revista\\\/inmobiliario\\\/sistema-de-clasificacion-hotelera-suspendido-por-incomprension\\\/#primaryimage\"},\"image\":{\"@id\":\"https:\\\/\\\/centrourbano.com\\\/revista\\\/inmobiliario\\\/sistema-de-clasificacion-hotelera-suspendido-por-incomprension\\\/#primaryimage\"},\"thumbnailUrl\":\"https:\\\/\\\/centrourbano.com\\\/revista\\\/wp-content\\\/uploads\\\/costa-adeje-gran-hotel-hotel-costa-adeje-piscina-3-e1459960030306.jpg\",\"datePublished\":\"2016-04-06T16:27:31+00:00\",\"description\":\"El Sistema de Clasificaci\u00f3n Hotelera fue suspendido por la Secretar\u00eda de Turismo bajo el argumento de que no existe suficiente comprensi\u00f3n ni consenso para su aplicaci\u00f3n; por lo que lanzar\u00e1 un programa de acceso a cr\u00e9ditos con plazas y tasas atractivas para mejorar la infraestructura de los establecimientos hoteleros.\",\"breadcrumb\":{\"@id\":\"https:\\\/\\\/centrourbano.com\\\/revista\\\/inmobiliario\\\/sistema-de-clasificacion-hotelera-suspendido-por-incomprension\\\/#breadcrumb\"},\"inLanguage\":\"es\",\"potentialAction\":[{\"@type\":\"ReadAction\",\"target\":[\"https:\\\/\\\/centrourbano.com\\\/revista\\\/inmobiliario\\\/sistema-de-clasificacion-hotelera-suspendido-por-incomprension\\\/\"]}]},{\"@type\":\"ImageObject\",\"inLanguage\":\"es\",\"@id\":\"https:\\\/\\\/centrourbano.com\\\/revista\\\/inmobiliario\\\/sistema-de-clasificacion-hotelera-suspendido-por-incomprension\\\/#primaryimage\",\"url\":\"https:\\\/\\\/centrourbano.com\\\/revista\\\/wp-content\\\/uploads\\\/costa-adeje-gran-hotel-hotel-costa-adeje-piscina-3-e1459960030306.jpg\",\"contentUrl\":\"https:\\\/\\\/centrourbano.com\\\/revista\\\/wp-content\\\/uploads\\\/costa-adeje-gran-hotel-hotel-costa-adeje-piscina-3-e1459960030306.jpg\",\"width\":580,\"height\":351},{\"@type\":\"BreadcrumbList\",\"@id\":\"https:\\\/\\\/centrourbano.com\\\/revista\\\/inmobiliario\\\/sistema-de-clasificacion-hotelera-suspendido-por-incomprension\\\/#breadcrumb\",\"itemListElement\":[{\"@type\":\"ListItem\",\"position\":1,\"name\":\"Portada\",\"item\":\"https:\\\/\\\/centrourbano.com\\\/revista\\\/\"},{\"@type\":\"ListItem\",\"position\":2,\"name\":\"Sistema de Clasificaci\u00f3n Hotelera suspendido por incomprensi\u00f3n\"}]},{\"@type\":\"WebSite\",\"@id\":\"https:\\\/\\\/centrourbano.com\\\/revista\\\/#website\",\"url\":\"https:\\\/\\\/centrourbano.com\\\/revista\\\/\",\"name\":\"Centro Urbano\",\"description\":\"Medio especializado en los sectores vivienda, inmobiliario, construcci\u00f3n, arquitectura y urbanismo.\",\"publisher\":{\"@id\":\"https:\\\/\\\/centrourbano.com\\\/revista\\\/#organization\"},\"potentialAction\":[{\"@type\":\"SearchAction\",\"target\":{\"@type\":\"EntryPoint\",\"urlTemplate\":\"https:\\\/\\\/centrourbano.com\\\/revista\\\/?s={search_term_string}\"},\"query-input\":{\"@type\":\"PropertyValueSpecification\",\"valueRequired\":true,\"valueName\":\"search_term_string\"}}],\"inLanguage\":\"es\"},{\"@type\":\"Organization\",\"@id\":\"https:\\\/\\\/centrourbano.com\\\/revista\\\/#organization\",\"name\":\"Centro Urbano\",\"url\":\"https:\\\/\\\/centrourbano.com\\\/revista\\\/\",\"logo\":{\"@type\":\"ImageObject\",\"inLanguage\":\"es\",\"@id\":\"https:\\\/\\\/centrourbano.com\\\/revista\\\/#\\\/schema\\\/logo\\\/image\\\/\",\"url\":\"https:\\\/\\\/centrourbano.com\\\/revista\\\/wp-content\\\/uploads\\\/web_CU_logo-1.png\",\"contentUrl\":\"https:\\\/\\\/centrourbano.com\\\/revista\\\/wp-content\\\/uploads\\\/web_CU_logo-1.png\",\"width\":350,\"height\":91,\"caption\":\"Centro Urbano\"},\"image\":{\"@id\":\"https:\\\/\\\/centrourbano.com\\\/revista\\\/#\\\/schema\\\/logo\\\/image\\\/\"},\"sameAs\":[\"https:\\\/\\\/www.facebook.com\\\/portalcentrourbano\",\"https:\\\/\\\/x.com\\\/CentroUrbano\",\"https:\\\/\\\/www.instagram.com\\\/centro_urbano\\\/\",\"https:\\\/\\\/www.linkedin.com\\\/company\\\/centro-urbano\\\/\",\"http:\\\/\\\/www.youtube.com\\\/user\\\/portalcentrourbano\"]},{\"@type\":\"Person\",\"@id\":\"https:\\\/\\\/centrourbano.com\\\/revista\\\/#\\\/schema\\\/person\\\/fa3124fc7c30aaf90c5e85dc5ce88a3d\",\"name\":\"Yareth Casanova\",\"image\":{\"@type\":\"ImageObject\",\"inLanguage\":\"es\",\"@id\":\"https:\\\/\\\/secure.gravatar.com\\\/avatar\\\/cc5021d028a26acc18cd90754b870114c9449717d0cf43cc142712f089324f6d?s=96&d=mm&r=g\",\"url\":\"https:\\\/\\\/secure.gravatar.com\\\/avatar\\\/cc5021d028a26acc18cd90754b870114c9449717d0cf43cc142712f089324f6d?s=96&d=mm&r=g\",\"contentUrl\":\"https:\\\/\\\/secure.gravatar.com\\\/avatar\\\/cc5021d028a26acc18cd90754b870114c9449717d0cf43cc142712f089324f6d?s=96&d=mm&r=g\",\"caption\":\"Yareth Casanova\"},\"description\":\"Egresada de la Universidad del Valle de M\u00e9xico en Ciencias de la Comunicaci\u00f3n. Fungi\u00f3 como community manager en el Senado de la Rep\u00fablica y como becaria en editorial Televisa. Actualmente se desempe\u00f1a como community manager y reportera en Centro Urbano. Es amante de los perros y sus pasiones son el baile, el cine, la pol\u00edtica y la moda.\",\"url\":\"https:\\\/\\\/centrourbano.com\\\/revista\\\/author\\\/yarethcu\\\/\"}]}<\/script>\n<!-- \/ Yoast SEO plugin. -->","yoast_head_json":{"title":"Sistema de Clasificaci\u00f3n Hotelera suspendido por incomprensi\u00f3n -","description":"El Sistema de Clasificaci\u00f3n Hotelera fue suspendido por la Secretar\u00eda de Turismo bajo el argumento de que no existe suficiente comprensi\u00f3n ni consenso para su aplicaci\u00f3n; por lo que lanzar\u00e1 un programa de acceso a cr\u00e9ditos con plazas y tasas atractivas para mejorar la infraestructura de los establecimientos hoteleros.","robots":{"index":"index","follow":"follow","max-snippet":"max-snippet:-1","max-image-preview":"max-image-preview:large","max-video-preview":"max-video-preview:-1"},"canonical":"https:\/\/centrourbano.com\/revista\/inmobiliario\/sistema-de-clasificacion-hotelera-suspendido-por-incomprension\/","og_locale":"es_ES","og_type":"article","og_title":"Sistema de Clasificaci\u00f3n Hotelera suspendido por incomprensi\u00f3n -","og_description":"El Sistema de Clasificaci\u00f3n Hotelera fue suspendido por la Secretar\u00eda de Turismo bajo el argumento de que no existe suficiente comprensi\u00f3n ni consenso para su aplicaci\u00f3n; por lo que lanzar\u00e1 un programa de acceso a cr\u00e9ditos con plazas y tasas atractivas para mejorar la infraestructura de los establecimientos hoteleros.","og_url":"https:\/\/centrourbano.com\/revista\/inmobiliario\/sistema-de-clasificacion-hotelera-suspendido-por-incomprension\/","og_site_name":"Centro Urbano","article_publisher":"https:\/\/www.facebook.com\/portalcentrourbano","article_published_time":"2016-04-06T16:27:31+00:00","og_image":[{"width":580,"height":351,"url":"https:\/\/centrourbano.com\/revista\/wp-content\/uploads\/costa-adeje-gran-hotel-hotel-costa-adeje-piscina-3-e1459960030306.jpg","type":"image\/jpeg"}],"author":"Yareth Casanova","twitter_card":"summary_large_image","twitter_creator":"@CentroUrbano","twitter_site":"@CentroUrbano","twitter_misc":{"Escrito por":"Yareth Casanova","Tiempo de lectura":"2 minutos"},"schema":{"@context":"https:\/\/schema.org","@graph":[{"@type":"Article","@id":"https:\/\/centrourbano.com\/revista\/inmobiliario\/sistema-de-clasificacion-hotelera-suspendido-por-incomprension\/#article","isPartOf":{"@id":"https:\/\/centrourbano.com\/revista\/inmobiliario\/sistema-de-clasificacion-hotelera-suspendido-por-incomprension\/"},"author":{"name":"Yareth Casanova","@id":"https:\/\/centrourbano.com\/revista\/#\/schema\/person\/fa3124fc7c30aaf90c5e85dc5ce88a3d"},"headline":"Sistema de Clasificaci\u00f3n Hotelera suspendido por incomprensi\u00f3n","datePublished":"2016-04-06T16:27:31+00:00","mainEntityOfPage":{"@id":"https:\/\/centrourbano.com\/revista\/inmobiliario\/sistema-de-clasificacion-hotelera-suspendido-por-incomprension\/"},"wordCount":314,"commentCount":0,"publisher":{"@id":"https:\/\/centrourbano.com\/revista\/#organization"},"image":{"@id":"https:\/\/centrourbano.com\/revista\/inmobiliario\/sistema-de-clasificacion-hotelera-suspendido-por-incomprension\/#primaryimage"},"thumbnailUrl":"https:\/\/centrourbano.com\/revista\/wp-content\/uploads\/costa-adeje-gran-hotel-hotel-costa-adeje-piscina-3-e1459960030306.jpg","keywords":["Asociaci\u00f3n Mexicana de Hoteles y Moteles","hoteles","Sectur","Sistema de Clasificaci\u00f3n Hotelera"],"articleSection":["Inmobiliario"],"inLanguage":"es","potentialAction":[{"@type":"CommentAction","name":"Comment","target":["https:\/\/centrourbano.com\/revista\/inmobiliario\/sistema-de-clasificacion-hotelera-suspendido-por-incomprension\/#respond"]}]},{"@type":"WebPage","@id":"https:\/\/centrourbano.com\/revista\/inmobiliario\/sistema-de-clasificacion-hotelera-suspendido-por-incomprension\/","url":"https:\/\/centrourbano.com\/revista\/inmobiliario\/sistema-de-clasificacion-hotelera-suspendido-por-incomprension\/","name":"Sistema de Clasificaci\u00f3n Hotelera suspendido por incomprensi\u00f3n -","isPartOf":{"@id":"https:\/\/centrourbano.com\/revista\/#website"},"primaryImageOfPage":{"@id":"https:\/\/centrourbano.com\/revista\/inmobiliario\/sistema-de-clasificacion-hotelera-suspendido-por-incomprension\/#primaryimage"},"image":{"@id":"https:\/\/centrourbano.com\/revista\/inmobiliario\/sistema-de-clasificacion-hotelera-suspendido-por-incomprension\/#primaryimage"},"thumbnailUrl":"https:\/\/centrourbano.com\/revista\/wp-content\/uploads\/costa-adeje-gran-hotel-hotel-costa-adeje-piscina-3-e1459960030306.jpg","datePublished":"2016-04-06T16:27:31+00:00","description":"El Sistema de Clasificaci\u00f3n Hotelera fue suspendido por la Secretar\u00eda de Turismo bajo el argumento de que no existe suficiente comprensi\u00f3n ni consenso para su aplicaci\u00f3n; por lo que lanzar\u00e1 un programa de acceso a cr\u00e9ditos con plazas y tasas atractivas para mejorar la infraestructura de los establecimientos hoteleros.","breadcrumb":{"@id":"https:\/\/centrourbano.com\/revista\/inmobiliario\/sistema-de-clasificacion-hotelera-suspendido-por-incomprension\/#breadcrumb"},"inLanguage":"es","potentialAction":[{"@type":"ReadAction","target":["https:\/\/centrourbano.com\/revista\/inmobiliario\/sistema-de-clasificacion-hotelera-suspendido-por-incomprension\/"]}]},{"@type":"ImageObject","inLanguage":"es","@id":"https:\/\/centrourbano.com\/revista\/inmobiliario\/sistema-de-clasificacion-hotelera-suspendido-por-incomprension\/#primaryimage","url":"https:\/\/centrourbano.com\/revista\/wp-content\/uploads\/costa-adeje-gran-hotel-hotel-costa-adeje-piscina-3-e1459960030306.jpg","contentUrl":"https:\/\/centrourbano.com\/revista\/wp-content\/uploads\/costa-adeje-gran-hotel-hotel-costa-adeje-piscina-3-e1459960030306.jpg","width":580,"height":351},{"@type":"BreadcrumbList","@id":"https:\/\/centrourbano.com\/revista\/inmobiliario\/sistema-de-clasificacion-hotelera-suspendido-por-incomprension\/#breadcrumb","itemListElement":[{"@type":"ListItem","position":1,"name":"Portada","item":"https:\/\/centrourbano.com\/revista\/"},{"@type":"ListItem","position":2,"name":"Sistema de Clasificaci\u00f3n Hotelera suspendido por incomprensi\u00f3n"}]},{"@type":"WebSite","@id":"https:\/\/centrourbano.com\/revista\/#website","url":"https:\/\/centrourbano.com\/revista\/","name":"Centro Urbano","description":"Medio especializado en los sectores vivienda, inmobiliario, construcci\u00f3n, arquitectura y urbanismo.","publisher":{"@id":"https:\/\/centrourbano.com\/revista\/#organization"},"potentialAction":[{"@type":"SearchAction","target":{"@type":"EntryPoint","urlTemplate":"https:\/\/centrourbano.com\/revista\/?s={search_term_string}"},"query-input":{"@type":"PropertyValueSpecification","valueRequired":true,"valueName":"search_term_string"}}],"inLanguage":"es"},{"@type":"Organization","@id":"https:\/\/centrourbano.com\/revista\/#organization","name":"Centro Urbano","url":"https:\/\/centrourbano.com\/revista\/","logo":{"@type":"ImageObject","inLanguage":"es","@id":"https:\/\/centrourbano.com\/revista\/#\/schema\/logo\/image\/","url":"https:\/\/centrourbano.com\/revista\/wp-content\/uploads\/web_CU_logo-1.png","contentUrl":"https:\/\/centrourbano.com\/revista\/wp-content\/uploads\/web_CU_logo-1.png","width":350,"height":91,"caption":"Centro Urbano"},"image":{"@id":"https:\/\/centrourbano.com\/revista\/#\/schema\/logo\/image\/"},"sameAs":["https:\/\/www.facebook.com\/portalcentrourbano","https:\/\/x.com\/CentroUrbano","https:\/\/www.instagram.com\/centro_urbano\/","https:\/\/www.linkedin.com\/company\/centro-urbano\/","http:\/\/www.youtube.com\/user\/portalcentrourbano"]},{"@type":"Person","@id":"https:\/\/centrourbano.com\/revista\/#\/schema\/person\/fa3124fc7c30aaf90c5e85dc5ce88a3d","name":"Yareth Casanova","image":{"@type":"ImageObject","inLanguage":"es","@id":"https:\/\/secure.gravatar.com\/avatar\/cc5021d028a26acc18cd90754b870114c9449717d0cf43cc142712f089324f6d?s=96&d=mm&r=g","url":"https:\/\/secure.gravatar.com\/avatar\/cc5021d028a26acc18cd90754b870114c9449717d0cf43cc142712f089324f6d?s=96&d=mm&r=g","contentUrl":"https:\/\/secure.gravatar.com\/avatar\/cc5021d028a26acc18cd90754b870114c9449717d0cf43cc142712f089324f6d?s=96&d=mm&r=g","caption":"Yareth Casanova"},"description":"Egresada de la Universidad del Valle de M\u00e9xico en Ciencias de la Comunicaci\u00f3n. Fungi\u00f3 como community manager en el Senado de la Rep\u00fablica y como becaria en editorial Televisa. Actualmente se desempe\u00f1a como community manager y reportera en Centro Urbano. Es amante de los perros y sus pasiones son el baile, el cine, la pol\u00edtica y la moda.","url":"https:\/\/centrourbano.com\/revista\/author\/yarethcu\/"}]}},"_links":{"self":[{"href":"https:\/\/centrourbano.com\/revista\/wp-json\/wp\/v2\/posts\/33105","targetHints":{"allow":["GET"]}}],"collection":[{"href":"https:\/\/centrourbano.com\/revista\/wp-json\/wp\/v2\/posts"}],"about":[{"href":"https:\/\/centrourbano.com\/revista\/wp-json\/wp\/v2\/types\/post"}],"author":[{"embeddable":true,"href":"https:\/\/centrourbano.com\/revista\/wp-json\/wp\/v2\/users\/36"}],"replies":[{"embeddable":true,"href":"https:\/\/centrourbano.com\/revista\/wp-json\/wp\/v2\/comments?post=33105"}],"version-history":[{"count":0,"href":"https:\/\/centrourbano.com\/revista\/wp-json\/wp\/v2\/posts\/33105\/revisions"}],"wp:featuredmedia":[{"embeddable":true,"href":"https:\/\/centrourbano.com\/revista\/wp-json\/wp\/v2\/media\/33108"}],"wp:attachment":[{"href":"https:\/\/centrourbano.com\/revista\/wp-json\/wp\/v2\/media?parent=33105"}],"wp:term":[{"taxonomy":"category","embeddable":true,"href":"https:\/\/centrourbano.com\/revista\/wp-json\/wp\/v2\/categories?post=33105"},{"taxonomy":"post_tag","embeddable":true,"href":"https:\/\/centrourbano.com\/revista\/wp-json\/wp\/v2\/tags?post=33105"}],"curies":[{"name":"wp","href":"https:\/\/api.w.org\/{rel}","templated":true}]}}