{"id":32914,"date":"2016-04-04T09:54:28","date_gmt":"2016-04-04T14:54:28","guid":{"rendered":"https:\/\/centrourbano.com\/?p=32914"},"modified":"2016-04-04T10:17:52","modified_gmt":"2016-04-04T15:17:52","slug":"parque-turistico-xenses-detona-inversion","status":"publish","type":"post","link":"https:\/\/centrourbano.com\/revista\/inmobiliario\/parque-turistico-xenses-detona-inversion\/","title":{"rendered":"Parque tur\u00edstico Xenses detona inversi\u00f3n"},"content":{"rendered":"<p><em>Parque tur\u00edstico Xenses cuenta con una inversi\u00f3n de 25 millones de d\u00f3lares <\/em><br \/>\n<!--more--><\/p>\n<p>Parque tur\u00edstico Xenses fue presentado por el consorcio Xcaret, mismo que estar\u00e1 ubicado en Canc\u00fan, Quintana Roo y para el cual se destin\u00f3 una inversi\u00f3n de 25, 000,000 de d\u00f3lares. El vicepresidente de Experiencias Xcaret, Carlos Constandse Madrazo, dijo que, con los 25 a\u00f1os de l\u00edderes en recreaci\u00f3n tur\u00edstica sustentable, esta nueva propuesta impulsa su crecimiento y ampliar\u00e1 la oferta tur\u00edstica de la regi\u00f3n adem\u00e1s de ser \u201cun reto a los sentidos\u201d.<\/p>\n<p>El desarrollo tur\u00edstico contar\u00e1 con un \u00e1rea de comida, tienda de suvenires, estacionamiento, cajeros autom\u00e1ticos, entre otras amenidades. El lugar estar\u00e1 divido en 2 \u00e1reas: El rehilete que se abre en varios circuitos como el \u201cCamino de Enanos y Gigantes\u201d, \u201cXensatorium\u201d, \u201cArterias Subterr\u00e1neas\u201d, \u201cEl Ed\u00e9n\u201d, y el \u201cJard\u00edn X\u00edtrico\u201d.<br \/>\nY la segunda \u00e1rea ofrece los circuitos de \u201cEl Latido, \u201cEl Pueblo\u201d, \u201cLa Rec\u00e1mara\u201d, \u201cEl Respiro\u201d, \u201cTobogan\u201d, \u201cVuelo de Pajaro\u201d, \u201cRiolajante\u201d, \u201cLodorama\u201d, \u201cLluvia\u201d, \u201cNube\u201d y el \u201cNeur\u00f3dromo\u201d.<\/p>\n<p>La directora comercial de Experiencias Xcarte, anunci\u00f3 que Xenses se construy\u00f3 sobre una superficie de 23 hect\u00e1reas y contar\u00e1 con 4,000 visitantes diario en dos turnos, con una operaci\u00f3n de lunes a s\u00e1bado, pero en temporada alta funcionar\u00e1 los siete d\u00edas de la semana. <\/p>\n<p>La firma suma este sexto parque a su portafolio adem\u00e1s de Xcaret, Xel-H\u00e1, Xplor, Xplor Fuego y Xochimilco y otros valores como Xenotes y Xich\u00e9n, que reciben en conjunto 3,000,000 de visitantes al a\u00f1o.<\/p>\n<p>Por otra parte, a\u00fan no se tiene prevista la fecha de la apertura oficial, sin embrago se espera que su apertura sea durante este verano y la preventa de entradas fue el d\u00eda primero de este mes con un descuento adicional del 15 por ciento.<\/p>\n<p>\u201cTienen que vivirlo, pues no es un parque normal. Es un espacio donde la realidad se percibe diferente, o al menos eso aparenta, porque en Xenses la realidad va m\u00e1s all\u00e1 de lo que parece\u201d, dijo Iliana Rodr\u00edguez, publirrelacionista del consorcio.<\/p>\n","protected":false},"excerpt":{"rendered":"<p>Parque tur\u00edstico Xenses cuenta con una inversi\u00f3n de 25 millones de d\u00f3lares<\/p>\n","protected":false},"author":36,"featured_media":32920,"comment_status":"open","ping_status":"closed","sticky":false,"template":"","format":"standard","meta":{"om_disable_all_campaigns":false,"inline_featured_image":false,"_monsterinsights_skip_tracking":false,"_monsterinsights_sitenote_active":false,"_monsterinsights_sitenote_note":"","_monsterinsights_sitenote_category":0,"footnotes":""},"categories":[15],"tags":[67,7991,7992],"class_list":["post-32914","post","type-post","status-publish","format-standard","has-post-thumbnail","hentry","category-inmobiliario","tag-inversion","tag-parque-turistico","tag-xenses"],"yoast_head":"<!-- This site is optimized with the Yoast SEO plugin v27.4 - https:\/\/yoast.com\/product\/yoast-seo-wordpress\/ -->\n<title>Parque tur\u00edstico Xenses detona inversi\u00f3n -<\/title>\n<meta name=\"description\" content=\"Parque tur\u00edstico Xenses cuenta con una inversi\u00f3n de 25 millones de d\u00f3lares\" \/>\n<meta name=\"robots\" content=\"index, follow, max-snippet:-1, max-image-preview:large, max-video-preview:-1\" \/>\n<link rel=\"canonical\" href=\"https:\/\/centrourbano.com\/revista\/inmobiliario\/parque-turistico-xenses-detona-inversion\/\" \/>\n<meta property=\"og:locale\" content=\"es_ES\" \/>\n<meta property=\"og:type\" content=\"article\" \/>\n<meta property=\"og:title\" content=\"Parque tur\u00edstico Xenses detona inversi\u00f3n -\" \/>\n<meta property=\"og:description\" content=\"Parque tur\u00edstico Xenses cuenta con una inversi\u00f3n de 25 millones de d\u00f3lares\" \/>\n<meta property=\"og:url\" content=\"https:\/\/centrourbano.com\/revista\/inmobiliario\/parque-turistico-xenses-detona-inversion\/\" \/>\n<meta property=\"og:site_name\" content=\"Centro Urbano\" \/>\n<meta property=\"article:publisher\" content=\"https:\/\/www.facebook.com\/portalcentrourbano\" \/>\n<meta property=\"article:published_time\" content=\"2016-04-04T14:54:28+00:00\" \/>\n<meta property=\"article:modified_time\" content=\"2016-04-04T15:17:52+00:00\" \/>\n<meta property=\"og:image\" content=\"https:\/\/centrourbano.com\/revista\/wp-content\/uploads\/vacacionesatodomexico-xacaret1-701x405-1-e1459781547185.png\" \/>\n\t<meta property=\"og:image:width\" content=\"580\" \/>\n\t<meta property=\"og:image:height\" content=\"335\" \/>\n\t<meta property=\"og:image:type\" content=\"image\/png\" \/>\n<meta name=\"author\" content=\"Yareth Casanova\" \/>\n<meta name=\"twitter:card\" content=\"summary_large_image\" \/>\n<meta name=\"twitter:creator\" content=\"@CentroUrbano\" \/>\n<meta name=\"twitter:site\" content=\"@CentroUrbano\" \/>\n<meta name=\"twitter:label1\" content=\"Escrito por\" \/>\n\t<meta name=\"twitter:data1\" content=\"Yareth Casanova\" \/>\n\t<meta name=\"twitter:label2\" content=\"Tiempo de lectura\" \/>\n\t<meta name=\"twitter:data2\" content=\"2 minutos\" \/>\n<script type=\"application\/ld+json\" class=\"yoast-schema-graph\">{\"@context\":\"https:\\\/\\\/schema.org\",\"@graph\":[{\"@type\":\"Article\",\"@id\":\"https:\\\/\\\/centrourbano.com\\\/revista\\\/inmobiliario\\\/parque-turistico-xenses-detona-inversion\\\/#article\",\"isPartOf\":{\"@id\":\"https:\\\/\\\/centrourbano.com\\\/revista\\\/inmobiliario\\\/parque-turistico-xenses-detona-inversion\\\/\"},\"author\":{\"name\":\"Yareth Casanova\",\"@id\":\"https:\\\/\\\/centrourbano.com\\\/revista\\\/#\\\/schema\\\/person\\\/fa3124fc7c30aaf90c5e85dc5ce88a3d\"},\"headline\":\"Parque tur\u00edstico Xenses detona inversi\u00f3n\",\"datePublished\":\"2016-04-04T14:54:28+00:00\",\"dateModified\":\"2016-04-04T15:17:52+00:00\",\"mainEntityOfPage\":{\"@id\":\"https:\\\/\\\/centrourbano.com\\\/revista\\\/inmobiliario\\\/parque-turistico-xenses-detona-inversion\\\/\"},\"wordCount\":355,\"commentCount\":0,\"publisher\":{\"@id\":\"https:\\\/\\\/centrourbano.com\\\/revista\\\/#organization\"},\"image\":{\"@id\":\"https:\\\/\\\/centrourbano.com\\\/revista\\\/inmobiliario\\\/parque-turistico-xenses-detona-inversion\\\/#primaryimage\"},\"thumbnailUrl\":\"https:\\\/\\\/centrourbano.com\\\/revista\\\/wp-content\\\/uploads\\\/vacacionesatodomexico-xacaret1-701x405-1-e1459781547185.png\",\"keywords\":[\"inversi\u00f3n\",\"parque tur\u00edstico\",\"Xenses\"],\"articleSection\":[\"Inmobiliario\"],\"inLanguage\":\"es\",\"potentialAction\":[{\"@type\":\"CommentAction\",\"name\":\"Comment\",\"target\":[\"https:\\\/\\\/centrourbano.com\\\/revista\\\/inmobiliario\\\/parque-turistico-xenses-detona-inversion\\\/#respond\"]}]},{\"@type\":\"WebPage\",\"@id\":\"https:\\\/\\\/centrourbano.com\\\/revista\\\/inmobiliario\\\/parque-turistico-xenses-detona-inversion\\\/\",\"url\":\"https:\\\/\\\/centrourbano.com\\\/revista\\\/inmobiliario\\\/parque-turistico-xenses-detona-inversion\\\/\",\"name\":\"Parque tur\u00edstico Xenses detona inversi\u00f3n -\",\"isPartOf\":{\"@id\":\"https:\\\/\\\/centrourbano.com\\\/revista\\\/#website\"},\"primaryImageOfPage\":{\"@id\":\"https:\\\/\\\/centrourbano.com\\\/revista\\\/inmobiliario\\\/parque-turistico-xenses-detona-inversion\\\/#primaryimage\"},\"image\":{\"@id\":\"https:\\\/\\\/centrourbano.com\\\/revista\\\/inmobiliario\\\/parque-turistico-xenses-detona-inversion\\\/#primaryimage\"},\"thumbnailUrl\":\"https:\\\/\\\/centrourbano.com\\\/revista\\\/wp-content\\\/uploads\\\/vacacionesatodomexico-xacaret1-701x405-1-e1459781547185.png\",\"datePublished\":\"2016-04-04T14:54:28+00:00\",\"dateModified\":\"2016-04-04T15:17:52+00:00\",\"description\":\"Parque tur\u00edstico Xenses cuenta con una inversi\u00f3n de 25 millones de d\u00f3lares\",\"breadcrumb\":{\"@id\":\"https:\\\/\\\/centrourbano.com\\\/revista\\\/inmobiliario\\\/parque-turistico-xenses-detona-inversion\\\/#breadcrumb\"},\"inLanguage\":\"es\",\"potentialAction\":[{\"@type\":\"ReadAction\",\"target\":[\"https:\\\/\\\/centrourbano.com\\\/revista\\\/inmobiliario\\\/parque-turistico-xenses-detona-inversion\\\/\"]}]},{\"@type\":\"ImageObject\",\"inLanguage\":\"es\",\"@id\":\"https:\\\/\\\/centrourbano.com\\\/revista\\\/inmobiliario\\\/parque-turistico-xenses-detona-inversion\\\/#primaryimage\",\"url\":\"https:\\\/\\\/centrourbano.com\\\/revista\\\/wp-content\\\/uploads\\\/vacacionesatodomexico-xacaret1-701x405-1-e1459781547185.png\",\"contentUrl\":\"https:\\\/\\\/centrourbano.com\\\/revista\\\/wp-content\\\/uploads\\\/vacacionesatodomexico-xacaret1-701x405-1-e1459781547185.png\",\"width\":580,\"height\":335,\"caption\":\"Parque tur\u00edstico Xenses fue presentado por el consorcio Xcaret, mismo que estar\u00e1 ubicado en Canc\u00fan, Quintana Roo y para el cual se destin\u00f3 una inversi\u00f3n de 25, 000,000 de d\u00f3lares. El vicepresidente de Experiencias Xcaret, Carlos Constandse Madrazo, dijo que, con los 25 a\u00f1os de l\u00edderes en recreaci\u00f3n tur\u00edstica sustentable, esta nueva propuesta impulsa su crecimiento y ampliar\u00e1 la oferta tur\u00edstica de la regi\u00f3n adem\u00e1s de ser \u201cun reto a los sentidos\u201d.\"},{\"@type\":\"BreadcrumbList\",\"@id\":\"https:\\\/\\\/centrourbano.com\\\/revista\\\/inmobiliario\\\/parque-turistico-xenses-detona-inversion\\\/#breadcrumb\",\"itemListElement\":[{\"@type\":\"ListItem\",\"position\":1,\"name\":\"Portada\",\"item\":\"https:\\\/\\\/centrourbano.com\\\/revista\\\/\"},{\"@type\":\"ListItem\",\"position\":2,\"name\":\"Parque tur\u00edstico Xenses detona inversi\u00f3n\"}]},{\"@type\":\"WebSite\",\"@id\":\"https:\\\/\\\/centrourbano.com\\\/revista\\\/#website\",\"url\":\"https:\\\/\\\/centrourbano.com\\\/revista\\\/\",\"name\":\"Centro Urbano\",\"description\":\"Medio especializado en los sectores vivienda, inmobiliario, construcci\u00f3n, arquitectura y urbanismo.\",\"publisher\":{\"@id\":\"https:\\\/\\\/centrourbano.com\\\/revista\\\/#organization\"},\"potentialAction\":[{\"@type\":\"SearchAction\",\"target\":{\"@type\":\"EntryPoint\",\"urlTemplate\":\"https:\\\/\\\/centrourbano.com\\\/revista\\\/?s={search_term_string}\"},\"query-input\":{\"@type\":\"PropertyValueSpecification\",\"valueRequired\":true,\"valueName\":\"search_term_string\"}}],\"inLanguage\":\"es\"},{\"@type\":\"Organization\",\"@id\":\"https:\\\/\\\/centrourbano.com\\\/revista\\\/#organization\",\"name\":\"Centro Urbano\",\"url\":\"https:\\\/\\\/centrourbano.com\\\/revista\\\/\",\"logo\":{\"@type\":\"ImageObject\",\"inLanguage\":\"es\",\"@id\":\"https:\\\/\\\/centrourbano.com\\\/revista\\\/#\\\/schema\\\/logo\\\/image\\\/\",\"url\":\"https:\\\/\\\/centrourbano.com\\\/revista\\\/wp-content\\\/uploads\\\/web_CU_logo-1.png\",\"contentUrl\":\"https:\\\/\\\/centrourbano.com\\\/revista\\\/wp-content\\\/uploads\\\/web_CU_logo-1.png\",\"width\":350,\"height\":91,\"caption\":\"Centro Urbano\"},\"image\":{\"@id\":\"https:\\\/\\\/centrourbano.com\\\/revista\\\/#\\\/schema\\\/logo\\\/image\\\/\"},\"sameAs\":[\"https:\\\/\\\/www.facebook.com\\\/portalcentrourbano\",\"https:\\\/\\\/x.com\\\/CentroUrbano\",\"https:\\\/\\\/www.instagram.com\\\/centro_urbano\\\/\",\"https:\\\/\\\/www.linkedin.com\\\/company\\\/centro-urbano\\\/\",\"http:\\\/\\\/www.youtube.com\\\/user\\\/portalcentrourbano\"]},{\"@type\":\"Person\",\"@id\":\"https:\\\/\\\/centrourbano.com\\\/revista\\\/#\\\/schema\\\/person\\\/fa3124fc7c30aaf90c5e85dc5ce88a3d\",\"name\":\"Yareth Casanova\",\"image\":{\"@type\":\"ImageObject\",\"inLanguage\":\"es\",\"@id\":\"https:\\\/\\\/secure.gravatar.com\\\/avatar\\\/cc5021d028a26acc18cd90754b870114c9449717d0cf43cc142712f089324f6d?s=96&d=mm&r=g\",\"url\":\"https:\\\/\\\/secure.gravatar.com\\\/avatar\\\/cc5021d028a26acc18cd90754b870114c9449717d0cf43cc142712f089324f6d?s=96&d=mm&r=g\",\"contentUrl\":\"https:\\\/\\\/secure.gravatar.com\\\/avatar\\\/cc5021d028a26acc18cd90754b870114c9449717d0cf43cc142712f089324f6d?s=96&d=mm&r=g\",\"caption\":\"Yareth Casanova\"},\"description\":\"Egresada de la Universidad del Valle de M\u00e9xico en Ciencias de la Comunicaci\u00f3n. Fungi\u00f3 como community manager en el Senado de la Rep\u00fablica y como becaria en editorial Televisa. Actualmente se desempe\u00f1a como community manager y reportera en Centro Urbano. Es amante de los perros y sus pasiones son el baile, el cine, la pol\u00edtica y la moda.\",\"url\":\"https:\\\/\\\/centrourbano.com\\\/revista\\\/author\\\/yarethcu\\\/\"}]}<\/script>\n<!-- \/ Yoast SEO plugin. -->","yoast_head_json":{"title":"Parque tur\u00edstico Xenses detona inversi\u00f3n -","description":"Parque tur\u00edstico Xenses cuenta con una inversi\u00f3n de 25 millones de d\u00f3lares","robots":{"index":"index","follow":"follow","max-snippet":"max-snippet:-1","max-image-preview":"max-image-preview:large","max-video-preview":"max-video-preview:-1"},"canonical":"https:\/\/centrourbano.com\/revista\/inmobiliario\/parque-turistico-xenses-detona-inversion\/","og_locale":"es_ES","og_type":"article","og_title":"Parque tur\u00edstico Xenses detona inversi\u00f3n -","og_description":"Parque tur\u00edstico Xenses cuenta con una inversi\u00f3n de 25 millones de d\u00f3lares","og_url":"https:\/\/centrourbano.com\/revista\/inmobiliario\/parque-turistico-xenses-detona-inversion\/","og_site_name":"Centro Urbano","article_publisher":"https:\/\/www.facebook.com\/portalcentrourbano","article_published_time":"2016-04-04T14:54:28+00:00","article_modified_time":"2016-04-04T15:17:52+00:00","og_image":[{"width":580,"height":335,"url":"https:\/\/centrourbano.com\/revista\/wp-content\/uploads\/vacacionesatodomexico-xacaret1-701x405-1-e1459781547185.png","type":"image\/png"}],"author":"Yareth Casanova","twitter_card":"summary_large_image","twitter_creator":"@CentroUrbano","twitter_site":"@CentroUrbano","twitter_misc":{"Escrito por":"Yareth Casanova","Tiempo de lectura":"2 minutos"},"schema":{"@context":"https:\/\/schema.org","@graph":[{"@type":"Article","@id":"https:\/\/centrourbano.com\/revista\/inmobiliario\/parque-turistico-xenses-detona-inversion\/#article","isPartOf":{"@id":"https:\/\/centrourbano.com\/revista\/inmobiliario\/parque-turistico-xenses-detona-inversion\/"},"author":{"name":"Yareth Casanova","@id":"https:\/\/centrourbano.com\/revista\/#\/schema\/person\/fa3124fc7c30aaf90c5e85dc5ce88a3d"},"headline":"Parque tur\u00edstico Xenses detona inversi\u00f3n","datePublished":"2016-04-04T14:54:28+00:00","dateModified":"2016-04-04T15:17:52+00:00","mainEntityOfPage":{"@id":"https:\/\/centrourbano.com\/revista\/inmobiliario\/parque-turistico-xenses-detona-inversion\/"},"wordCount":355,"commentCount":0,"publisher":{"@id":"https:\/\/centrourbano.com\/revista\/#organization"},"image":{"@id":"https:\/\/centrourbano.com\/revista\/inmobiliario\/parque-turistico-xenses-detona-inversion\/#primaryimage"},"thumbnailUrl":"https:\/\/centrourbano.com\/revista\/wp-content\/uploads\/vacacionesatodomexico-xacaret1-701x405-1-e1459781547185.png","keywords":["inversi\u00f3n","parque tur\u00edstico","Xenses"],"articleSection":["Inmobiliario"],"inLanguage":"es","potentialAction":[{"@type":"CommentAction","name":"Comment","target":["https:\/\/centrourbano.com\/revista\/inmobiliario\/parque-turistico-xenses-detona-inversion\/#respond"]}]},{"@type":"WebPage","@id":"https:\/\/centrourbano.com\/revista\/inmobiliario\/parque-turistico-xenses-detona-inversion\/","url":"https:\/\/centrourbano.com\/revista\/inmobiliario\/parque-turistico-xenses-detona-inversion\/","name":"Parque tur\u00edstico Xenses detona inversi\u00f3n -","isPartOf":{"@id":"https:\/\/centrourbano.com\/revista\/#website"},"primaryImageOfPage":{"@id":"https:\/\/centrourbano.com\/revista\/inmobiliario\/parque-turistico-xenses-detona-inversion\/#primaryimage"},"image":{"@id":"https:\/\/centrourbano.com\/revista\/inmobiliario\/parque-turistico-xenses-detona-inversion\/#primaryimage"},"thumbnailUrl":"https:\/\/centrourbano.com\/revista\/wp-content\/uploads\/vacacionesatodomexico-xacaret1-701x405-1-e1459781547185.png","datePublished":"2016-04-04T14:54:28+00:00","dateModified":"2016-04-04T15:17:52+00:00","description":"Parque tur\u00edstico Xenses cuenta con una inversi\u00f3n de 25 millones de d\u00f3lares","breadcrumb":{"@id":"https:\/\/centrourbano.com\/revista\/inmobiliario\/parque-turistico-xenses-detona-inversion\/#breadcrumb"},"inLanguage":"es","potentialAction":[{"@type":"ReadAction","target":["https:\/\/centrourbano.com\/revista\/inmobiliario\/parque-turistico-xenses-detona-inversion\/"]}]},{"@type":"ImageObject","inLanguage":"es","@id":"https:\/\/centrourbano.com\/revista\/inmobiliario\/parque-turistico-xenses-detona-inversion\/#primaryimage","url":"https:\/\/centrourbano.com\/revista\/wp-content\/uploads\/vacacionesatodomexico-xacaret1-701x405-1-e1459781547185.png","contentUrl":"https:\/\/centrourbano.com\/revista\/wp-content\/uploads\/vacacionesatodomexico-xacaret1-701x405-1-e1459781547185.png","width":580,"height":335,"caption":"Parque tur\u00edstico Xenses fue presentado por el consorcio Xcaret, mismo que estar\u00e1 ubicado en Canc\u00fan, Quintana Roo y para el cual se destin\u00f3 una inversi\u00f3n de 25, 000,000 de d\u00f3lares. El vicepresidente de Experiencias Xcaret, Carlos Constandse Madrazo, dijo que, con los 25 a\u00f1os de l\u00edderes en recreaci\u00f3n tur\u00edstica sustentable, esta nueva propuesta impulsa su crecimiento y ampliar\u00e1 la oferta tur\u00edstica de la regi\u00f3n adem\u00e1s de ser \u201cun reto a los sentidos\u201d."},{"@type":"BreadcrumbList","@id":"https:\/\/centrourbano.com\/revista\/inmobiliario\/parque-turistico-xenses-detona-inversion\/#breadcrumb","itemListElement":[{"@type":"ListItem","position":1,"name":"Portada","item":"https:\/\/centrourbano.com\/revista\/"},{"@type":"ListItem","position":2,"name":"Parque tur\u00edstico Xenses detona inversi\u00f3n"}]},{"@type":"WebSite","@id":"https:\/\/centrourbano.com\/revista\/#website","url":"https:\/\/centrourbano.com\/revista\/","name":"Centro Urbano","description":"Medio especializado en los sectores vivienda, inmobiliario, construcci\u00f3n, arquitectura y urbanismo.","publisher":{"@id":"https:\/\/centrourbano.com\/revista\/#organization"},"potentialAction":[{"@type":"SearchAction","target":{"@type":"EntryPoint","urlTemplate":"https:\/\/centrourbano.com\/revista\/?s={search_term_string}"},"query-input":{"@type":"PropertyValueSpecification","valueRequired":true,"valueName":"search_term_string"}}],"inLanguage":"es"},{"@type":"Organization","@id":"https:\/\/centrourbano.com\/revista\/#organization","name":"Centro Urbano","url":"https:\/\/centrourbano.com\/revista\/","logo":{"@type":"ImageObject","inLanguage":"es","@id":"https:\/\/centrourbano.com\/revista\/#\/schema\/logo\/image\/","url":"https:\/\/centrourbano.com\/revista\/wp-content\/uploads\/web_CU_logo-1.png","contentUrl":"https:\/\/centrourbano.com\/revista\/wp-content\/uploads\/web_CU_logo-1.png","width":350,"height":91,"caption":"Centro Urbano"},"image":{"@id":"https:\/\/centrourbano.com\/revista\/#\/schema\/logo\/image\/"},"sameAs":["https:\/\/www.facebook.com\/portalcentrourbano","https:\/\/x.com\/CentroUrbano","https:\/\/www.instagram.com\/centro_urbano\/","https:\/\/www.linkedin.com\/company\/centro-urbano\/","http:\/\/www.youtube.com\/user\/portalcentrourbano"]},{"@type":"Person","@id":"https:\/\/centrourbano.com\/revista\/#\/schema\/person\/fa3124fc7c30aaf90c5e85dc5ce88a3d","name":"Yareth Casanova","image":{"@type":"ImageObject","inLanguage":"es","@id":"https:\/\/secure.gravatar.com\/avatar\/cc5021d028a26acc18cd90754b870114c9449717d0cf43cc142712f089324f6d?s=96&d=mm&r=g","url":"https:\/\/secure.gravatar.com\/avatar\/cc5021d028a26acc18cd90754b870114c9449717d0cf43cc142712f089324f6d?s=96&d=mm&r=g","contentUrl":"https:\/\/secure.gravatar.com\/avatar\/cc5021d028a26acc18cd90754b870114c9449717d0cf43cc142712f089324f6d?s=96&d=mm&r=g","caption":"Yareth Casanova"},"description":"Egresada de la Universidad del Valle de M\u00e9xico en Ciencias de la Comunicaci\u00f3n. Fungi\u00f3 como community manager en el Senado de la Rep\u00fablica y como becaria en editorial Televisa. Actualmente se desempe\u00f1a como community manager y reportera en Centro Urbano. Es amante de los perros y sus pasiones son el baile, el cine, la pol\u00edtica y la moda.","url":"https:\/\/centrourbano.com\/revista\/author\/yarethcu\/"}]}},"_links":{"self":[{"href":"https:\/\/centrourbano.com\/revista\/wp-json\/wp\/v2\/posts\/32914","targetHints":{"allow":["GET"]}}],"collection":[{"href":"https:\/\/centrourbano.com\/revista\/wp-json\/wp\/v2\/posts"}],"about":[{"href":"https:\/\/centrourbano.com\/revista\/wp-json\/wp\/v2\/types\/post"}],"author":[{"embeddable":true,"href":"https:\/\/centrourbano.com\/revista\/wp-json\/wp\/v2\/users\/36"}],"replies":[{"embeddable":true,"href":"https:\/\/centrourbano.com\/revista\/wp-json\/wp\/v2\/comments?post=32914"}],"version-history":[{"count":0,"href":"https:\/\/centrourbano.com\/revista\/wp-json\/wp\/v2\/posts\/32914\/revisions"}],"wp:featuredmedia":[{"embeddable":true,"href":"https:\/\/centrourbano.com\/revista\/wp-json\/wp\/v2\/media\/32920"}],"wp:attachment":[{"href":"https:\/\/centrourbano.com\/revista\/wp-json\/wp\/v2\/media?parent=32914"}],"wp:term":[{"taxonomy":"category","embeddable":true,"href":"https:\/\/centrourbano.com\/revista\/wp-json\/wp\/v2\/categories?post=32914"},{"taxonomy":"post_tag","embeddable":true,"href":"https:\/\/centrourbano.com\/revista\/wp-json\/wp\/v2\/tags?post=32914"}],"curies":[{"name":"wp","href":"https:\/\/api.w.org\/{rel}","templated":true}]}}