{"id":32909,"date":"2016-04-04T07:47:43","date_gmt":"2016-04-04T12:47:43","guid":{"rendered":"https:\/\/centrourbano.com\/?p=32909"},"modified":"2016-04-04T11:11:19","modified_gmt":"2016-04-04T16:11:19","slug":"alejandro-aravena-arquitecto-que-enfrenta-los-retos-urbanos","status":"publish","type":"post","link":"https:\/\/centrourbano.com\/revista\/entrevistas\/alejandro-aravena-arquitecto-que-enfrenta-los-retos-urbanos\/","title":{"rendered":"Alejandro Aravena, arquitecto que enfrenta los retos urbanos"},"content":{"rendered":"<p><em>El chileno recibir\u00e1 el Premio Pritzker 2016 en la Sede de las Naciones Unidas, en Nueva York, convirti\u00e9ndose en el cuarto latino al que otorgan este reconocimiento<br \/>\n<\/em><!--more--><\/p>\n<p>El d\u00eda de hoy las Naciones Unidas, en Nueva York, ser\u00e1 sede de la ceremonia de entrega del <a href=\"http:\/\/www.pritzkerprize.com\/\" target=\"_blank\">Premio Pritzker<\/a> 2016, cuyo ganador, anunciado hace unos meses, es el arquitecto chileno Alejandro Aravena.<\/p>\n<p>Este reconocimiento, considerado el Nobel de la Arquitectura, consiste en la entrega de 100 mil d\u00f3lares, as\u00ed como una medalla de bronce basada en dise\u00f1os de Louis Sullivan, arquitecto de Chicago conocido como el padre de los rascacielos.<\/p>\n<a href=\"https:\/\/centrourbano.com\/revista\/wp-content\/uploads\/Medalla-Pritzker.jpg\" rel=\"attachment wp-att-32910\"><img loading=\"lazy\" decoding=\"async\" src=\"https:\/\/centrourbano.com\/revista\/wp-content\/uploads\/Medalla-Pritzker.jpg\" alt=\"Medalla Pritzker\" width=\"600\" height=\"450\" class=\"alignnone size-full wp-image-32910\" srcset=\"https:\/\/centrourbano.com\/revista\/wp-content\/uploads\/Medalla-Pritzker.jpg 600w, https:\/\/centrourbano.com\/revista\/wp-content\/uploads\/Medalla-Pritzker-300x225.jpg 300w, https:\/\/centrourbano.com\/revista\/wp-content\/uploads\/Medalla-Pritzker-100x75.jpg 100w\" sizes=\"auto, (max-width: 600px) 100vw, 600px\" \/><\/a>\n<p>Alejandro Aravena se hizo acreedor a este galard\u00f3n debido a su gran trayectoria, en la que ha destacado por ser un profesionista enfocado en dejar a un lado el estereotipo de arquitectura, que cree que solamente proyectos sofisticados y de gran magnitud deben ser reconocidos. <\/p>\n<p>As\u00ed lo indic\u00f3 la presidenta del <a href=\"http:\/\/colegioarquitectos.com\/noticias\/\" target=\"_blank\">Colegio de Arquitectos de Chile<\/a>, Pilar Urrejola Dittborn, en entrevista exclusiva para Centro Urbano, resaltando que Aravena es el primer arquitecto de Chile y el cuarto de Latinoam\u00e9rica en obtener este importante reconocimiento para el \u00e1mbito de la arquitectura, por lo que, sin duda, este premio traer\u00e1 una gran contribuci\u00f3n a la arquitectura de chilena, de Am\u00e9rica Latina y del mundo. <\/p>\n<p>\u201cAlejandro Aravena ha puesto a la arquitectura chilena muy en alto, contribuyendo, a su vez, a plantear un nuevo pensamiento frente a los problemas a los que se enfrenta el arquitecto contempor\u00e1neo\u201d.<\/p>\n<p><strong>La arquitectura y los problemas urbanos<br \/>\n<\/strong><br \/>\nA lo largo de su trayectoria, el arquitecto chileno ha entregado obras de excelencia arquitect\u00f3nica en su pa\u00eds de origen y en el extranjero, pero una de las caracter\u00edsticas que lo diferencian de otros, es su preocupaci\u00f3n constante por hacer proyectos de inter\u00e9s p\u00fablico e impacto social que ayuden a resolver grandes problemas urbanos como es el caso de la vivienda, el espacio p\u00fablico, la infraestructura y el transporte. Ejemplo de ello son las m\u00e1s de 2,500 unidades de bajo costo de vivienda social que ha dise\u00f1ado la firma que dirige: <a href=\"http:\/\/www.elementalchile.cl\/\" target=\"_blank\">Elemental<\/a>.<\/p>\n<p>\u201cUno de los factores para que Alejandro recibiera el Pritzker fue que \u00e9l tuvo la prudencia, el inter\u00e9s y la valent\u00eda de lanzarse a trabajar en temas que son de dif\u00edcil resoluci\u00f3n arquitect\u00f3nica, dado los bajos costos que tiene la vivienda social\u201d, indic\u00f3 Pilar Urrejola. <\/p>\n<p>La Presidenta del Colegio de Arquitectos de Chile explica que con esta premiaci\u00f3n vendr\u00e1n nuevos retos se vienen en el \u00e1mbito de la arquitectura, los cuales deben ser muy tomados en cuenta por los arquitectos contempor\u00e1neos. <\/p>\n<p>\u201cPara los arquitectos es muy importante en el mundo de hoy, preocuparse de una relaci\u00f3n real con las personas a las cuales sirven, y que la arquitectura es un factor detonante en el modo de entender la ciudad, los espacios p\u00fablicos, y en el modo de hacerse cargo de problemas que son a veces muy muy dif\u00edciles. Nosotros los arquitectos tendemos a so\u00f1ar con proyectos de gran magnitud y gran relevancia, en edificios muy sofisticados, en lugares muy privilegiados, pero el hecho es ir a instancias con mayor complejidad, con pocas oportunidades, eso nos va dar de verdad la relevancia que todos los arquitectos debemos de tener, que es hacernos cargo de los grandes problemas urbanos a trav\u00e9s de la arquitectura\u201d. <\/p>\n","protected":false},"excerpt":{"rendered":"<p>El chileno recibir\u00e1 el Premio Pritzker 2016 en la Sede de las Naciones Unidas, en Nueva York, convirti\u00e9ndose en el cuarto latino al que otorgan este reconocimiento<\/p>\n","protected":false},"author":9,"featured_media":32911,"comment_status":"open","ping_status":"closed","sticky":false,"template":"","format":"standard","meta":{"om_disable_all_campaigns":false,"inline_featured_image":false,"_monsterinsights_skip_tracking":false,"_monsterinsights_sitenote_active":false,"_monsterinsights_sitenote_note":"","_monsterinsights_sitenote_category":0,"footnotes":""},"categories":[81,13],"tags":[413,712,20,617,7994,7995,1774,1296],"class_list":["post-32909","post","type-post","status-publish","format-standard","has-post-thumbnail","hentry","category-arquitectura-2","category-entrevistas","tag-alejandro-aravena","tag-arquitecto","tag-arquitectura","tag-chile","tag-colegio-de-arquitectos-de-chile","tag-pilar-urrejola-dittborn","tag-premio-pritzker","tag-pritzker"],"yoast_head":"<!-- This site is optimized with the Yoast SEO plugin v27.5 - https:\/\/yoast.com\/product\/yoast-seo-wordpress\/ -->\n<title>Alejandro Aravena, arquitecto que enfrenta los retos urbanos<\/title>\n<meta name=\"description\" content=\"El chileno recibir\u00e1 el Premio Pritzker 2016 en la Sede de las Naciones Unidas, en Nueva York, convirti\u00e9ndose en el cuarto latino al que otorgan este\" \/>\n<meta name=\"robots\" content=\"index, follow, max-snippet:-1, max-image-preview:large, max-video-preview:-1\" \/>\n<link rel=\"canonical\" href=\"https:\/\/centrourbano.com\/revista\/entrevistas\/alejandro-aravena-arquitecto-que-enfrenta-los-retos-urbanos\/\" \/>\n<meta property=\"og:locale\" content=\"es_ES\" \/>\n<meta property=\"og:type\" content=\"article\" \/>\n<meta property=\"og:title\" content=\"Alejandro Aravena, arquitecto que enfrenta los retos urbanos\" \/>\n<meta property=\"og:description\" content=\"El chileno recibir\u00e1 el Premio Pritzker 2016 en la Sede de las Naciones Unidas, en Nueva York, convirti\u00e9ndose en el cuarto latino al que otorgan este\" \/>\n<meta property=\"og:url\" content=\"https:\/\/centrourbano.com\/revista\/entrevistas\/alejandro-aravena-arquitecto-que-enfrenta-los-retos-urbanos\/\" \/>\n<meta property=\"og:site_name\" content=\"Centro Urbano\" \/>\n<meta property=\"article:publisher\" content=\"https:\/\/www.facebook.com\/portalcentrourbano\" \/>\n<meta property=\"article:published_time\" content=\"2016-04-04T12:47:43+00:00\" \/>\n<meta property=\"article:modified_time\" content=\"2016-04-04T16:11:19+00:00\" \/>\n<meta property=\"og:image\" content=\"https:\/\/centrourbano.com\/revista\/wp-content\/uploads\/Pilar-Urrejola-Dittborn-Presidenta-Nacional-del-Colegio-de-Arquitectos-de-Chile-DAR-CRE\u0301DITO-AL-FOTO\u0301GRAFO-FELIPE-PINTO-1-e1459745428713.jpg\" \/>\n\t<meta property=\"og:image:width\" content=\"1000\" \/>\n\t<meta property=\"og:image:height\" content=\"664\" \/>\n\t<meta property=\"og:image:type\" content=\"image\/jpeg\" \/>\n<meta name=\"author\" content=\"Dinorah Nava\" \/>\n<meta name=\"twitter:card\" content=\"summary_large_image\" \/>\n<meta name=\"twitter:creator\" content=\"@https:\/\/twitter.com\/Dinorah_Nava28\" \/>\n<meta name=\"twitter:site\" content=\"@CentroUrbano\" \/>\n<meta name=\"twitter:label1\" content=\"Escrito por\" \/>\n\t<meta name=\"twitter:data1\" content=\"Dinorah Nava\" \/>\n\t<meta name=\"twitter:label2\" content=\"Tiempo de lectura\" \/>\n\t<meta name=\"twitter:data2\" content=\"3 minutos\" \/>\n<script type=\"application\/ld+json\" class=\"yoast-schema-graph\">{\"@context\":\"https:\\\/\\\/schema.org\",\"@graph\":[{\"@type\":\"Article\",\"@id\":\"https:\\\/\\\/centrourbano.com\\\/revista\\\/entrevistas\\\/alejandro-aravena-arquitecto-que-enfrenta-los-retos-urbanos\\\/#article\",\"isPartOf\":{\"@id\":\"https:\\\/\\\/centrourbano.com\\\/revista\\\/entrevistas\\\/alejandro-aravena-arquitecto-que-enfrenta-los-retos-urbanos\\\/\"},\"author\":{\"name\":\"Dinorah Nava\",\"@id\":\"https:\\\/\\\/centrourbano.com\\\/revista\\\/#\\\/schema\\\/person\\\/baa9e569588d5544150642a11ad28b8b\"},\"headline\":\"Alejandro Aravena, arquitecto que enfrenta los retos urbanos\",\"datePublished\":\"2016-04-04T12:47:43+00:00\",\"dateModified\":\"2016-04-04T16:11:19+00:00\",\"mainEntityOfPage\":{\"@id\":\"https:\\\/\\\/centrourbano.com\\\/revista\\\/entrevistas\\\/alejandro-aravena-arquitecto-que-enfrenta-los-retos-urbanos\\\/\"},\"wordCount\":577,\"commentCount\":0,\"publisher\":{\"@id\":\"https:\\\/\\\/centrourbano.com\\\/revista\\\/#organization\"},\"image\":{\"@id\":\"https:\\\/\\\/centrourbano.com\\\/revista\\\/entrevistas\\\/alejandro-aravena-arquitecto-que-enfrenta-los-retos-urbanos\\\/#primaryimage\"},\"thumbnailUrl\":\"https:\\\/\\\/centrourbano.com\\\/revista\\\/wp-content\\\/uploads\\\/Pilar-Urrejola-Dittborn-Presidenta-Nacional-del-Colegio-de-Arquitectos-de-Chile-DAR-CRE\u0301DITO-AL-FOTO\u0301GRAFO-FELIPE-PINTO-1-e1459745428713.jpg\",\"keywords\":[\"Alejandro Aravena\",\"arquitecto\",\"arquitectura\",\"Chile\",\"Colegio de Arquitectos de Chile\",\"Pilar Urrejola Dittborn\",\"Premio Pritzker\",\"Pritzker\"],\"articleSection\":[\"Arquitectura\",\"Entrevistas\"],\"inLanguage\":\"es\",\"potentialAction\":[{\"@type\":\"CommentAction\",\"name\":\"Comment\",\"target\":[\"https:\\\/\\\/centrourbano.com\\\/revista\\\/entrevistas\\\/alejandro-aravena-arquitecto-que-enfrenta-los-retos-urbanos\\\/#respond\"]}]},{\"@type\":\"WebPage\",\"@id\":\"https:\\\/\\\/centrourbano.com\\\/revista\\\/entrevistas\\\/alejandro-aravena-arquitecto-que-enfrenta-los-retos-urbanos\\\/\",\"url\":\"https:\\\/\\\/centrourbano.com\\\/revista\\\/entrevistas\\\/alejandro-aravena-arquitecto-que-enfrenta-los-retos-urbanos\\\/\",\"name\":\"Alejandro Aravena, arquitecto que enfrenta los retos urbanos\",\"isPartOf\":{\"@id\":\"https:\\\/\\\/centrourbano.com\\\/revista\\\/#website\"},\"primaryImageOfPage\":{\"@id\":\"https:\\\/\\\/centrourbano.com\\\/revista\\\/entrevistas\\\/alejandro-aravena-arquitecto-que-enfrenta-los-retos-urbanos\\\/#primaryimage\"},\"image\":{\"@id\":\"https:\\\/\\\/centrourbano.com\\\/revista\\\/entrevistas\\\/alejandro-aravena-arquitecto-que-enfrenta-los-retos-urbanos\\\/#primaryimage\"},\"thumbnailUrl\":\"https:\\\/\\\/centrourbano.com\\\/revista\\\/wp-content\\\/uploads\\\/Pilar-Urrejola-Dittborn-Presidenta-Nacional-del-Colegio-de-Arquitectos-de-Chile-DAR-CRE\u0301DITO-AL-FOTO\u0301GRAFO-FELIPE-PINTO-1-e1459745428713.jpg\",\"datePublished\":\"2016-04-04T12:47:43+00:00\",\"dateModified\":\"2016-04-04T16:11:19+00:00\",\"description\":\"El chileno recibir\u00e1 el Premio Pritzker 2016 en la Sede de las Naciones Unidas, en Nueva York, convirti\u00e9ndose en el cuarto latino al que otorgan este\",\"breadcrumb\":{\"@id\":\"https:\\\/\\\/centrourbano.com\\\/revista\\\/entrevistas\\\/alejandro-aravena-arquitecto-que-enfrenta-los-retos-urbanos\\\/#breadcrumb\"},\"inLanguage\":\"es\",\"potentialAction\":[{\"@type\":\"ReadAction\",\"target\":[\"https:\\\/\\\/centrourbano.com\\\/revista\\\/entrevistas\\\/alejandro-aravena-arquitecto-que-enfrenta-los-retos-urbanos\\\/\"]}]},{\"@type\":\"ImageObject\",\"inLanguage\":\"es\",\"@id\":\"https:\\\/\\\/centrourbano.com\\\/revista\\\/entrevistas\\\/alejandro-aravena-arquitecto-que-enfrenta-los-retos-urbanos\\\/#primaryimage\",\"url\":\"https:\\\/\\\/centrourbano.com\\\/revista\\\/wp-content\\\/uploads\\\/Pilar-Urrejola-Dittborn-Presidenta-Nacional-del-Colegio-de-Arquitectos-de-Chile-DAR-CRE\u0301DITO-AL-FOTO\u0301GRAFO-FELIPE-PINTO-1-e1459745428713.jpg\",\"contentUrl\":\"https:\\\/\\\/centrourbano.com\\\/revista\\\/wp-content\\\/uploads\\\/Pilar-Urrejola-Dittborn-Presidenta-Nacional-del-Colegio-de-Arquitectos-de-Chile-DAR-CRE\u0301DITO-AL-FOTO\u0301GRAFO-FELIPE-PINTO-1-e1459745428713.jpg\",\"width\":1000,\"height\":664,\"caption\":\"El chileno recibir\u00e1 el Premio Pritzker 2016 en la Sede de las Naciones Unidas, en Nueva York, convirti\u00e9ndose en el cuarto latino al que otorgan este reconocimiento\"},{\"@type\":\"BreadcrumbList\",\"@id\":\"https:\\\/\\\/centrourbano.com\\\/revista\\\/entrevistas\\\/alejandro-aravena-arquitecto-que-enfrenta-los-retos-urbanos\\\/#breadcrumb\",\"itemListElement\":[{\"@type\":\"ListItem\",\"position\":1,\"name\":\"Portada\",\"item\":\"https:\\\/\\\/centrourbano.com\\\/revista\\\/\"},{\"@type\":\"ListItem\",\"position\":2,\"name\":\"Alejandro Aravena, arquitecto que enfrenta los retos urbanos\"}]},{\"@type\":\"WebSite\",\"@id\":\"https:\\\/\\\/centrourbano.com\\\/revista\\\/#website\",\"url\":\"https:\\\/\\\/centrourbano.com\\\/revista\\\/\",\"name\":\"Centro Urbano\",\"description\":\"Medio especializado en los sectores vivienda, inmobiliario, construcci\u00f3n, arquitectura y urbanismo.\",\"publisher\":{\"@id\":\"https:\\\/\\\/centrourbano.com\\\/revista\\\/#organization\"},\"potentialAction\":[{\"@type\":\"SearchAction\",\"target\":{\"@type\":\"EntryPoint\",\"urlTemplate\":\"https:\\\/\\\/centrourbano.com\\\/revista\\\/?s={search_term_string}\"},\"query-input\":{\"@type\":\"PropertyValueSpecification\",\"valueRequired\":true,\"valueName\":\"search_term_string\"}}],\"inLanguage\":\"es\"},{\"@type\":\"Organization\",\"@id\":\"https:\\\/\\\/centrourbano.com\\\/revista\\\/#organization\",\"name\":\"Centro Urbano\",\"url\":\"https:\\\/\\\/centrourbano.com\\\/revista\\\/\",\"logo\":{\"@type\":\"ImageObject\",\"inLanguage\":\"es\",\"@id\":\"https:\\\/\\\/centrourbano.com\\\/revista\\\/#\\\/schema\\\/logo\\\/image\\\/\",\"url\":\"https:\\\/\\\/centrourbano.com\\\/revista\\\/wp-content\\\/uploads\\\/web_CU_logo-1.png\",\"contentUrl\":\"https:\\\/\\\/centrourbano.com\\\/revista\\\/wp-content\\\/uploads\\\/web_CU_logo-1.png\",\"width\":350,\"height\":91,\"caption\":\"Centro Urbano\"},\"image\":{\"@id\":\"https:\\\/\\\/centrourbano.com\\\/revista\\\/#\\\/schema\\\/logo\\\/image\\\/\"},\"sameAs\":[\"https:\\\/\\\/www.facebook.com\\\/portalcentrourbano\",\"https:\\\/\\\/x.com\\\/CentroUrbano\",\"https:\\\/\\\/www.instagram.com\\\/centro_urbano\\\/\",\"https:\\\/\\\/www.linkedin.com\\\/company\\\/centro-urbano\\\/\",\"http:\\\/\\\/www.youtube.com\\\/user\\\/portalcentrourbano\"]},{\"@type\":\"Person\",\"@id\":\"https:\\\/\\\/centrourbano.com\\\/revista\\\/#\\\/schema\\\/person\\\/baa9e569588d5544150642a11ad28b8b\",\"name\":\"Dinorah Nava\",\"image\":{\"@type\":\"ImageObject\",\"inLanguage\":\"es\",\"@id\":\"https:\\\/\\\/secure.gravatar.com\\\/avatar\\\/f6ca6430c51d147f363940f84e1225aa4b8183885c11802cc3b042305a4ecc1a?s=96&d=mm&r=g\",\"url\":\"https:\\\/\\\/secure.gravatar.com\\\/avatar\\\/f6ca6430c51d147f363940f84e1225aa4b8183885c11802cc3b042305a4ecc1a?s=96&d=mm&r=g\",\"contentUrl\":\"https:\\\/\\\/secure.gravatar.com\\\/avatar\\\/f6ca6430c51d147f363940f84e1225aa4b8183885c11802cc3b042305a4ecc1a?s=96&d=mm&r=g\",\"caption\":\"Dinorah Nava\"},\"description\":\"Editora de Contenidos y Estrategias Digitales en Centro Urbano y Coeditora en Peri\u00f3dico Mi Casa. Egresada de la licenciatura en Comunicaci\u00f3n y Periodismo de la Facultad de Estudios Superiores Arag\u00f3n (UNAM). Amante de la edici\u00f3n y correcci\u00f3n de estilo, las redes sociales y el mundo digital. Especialista en temas son arquitectura, inmobiliario y urbanismo.\",\"sameAs\":[\"linkedin.com\\\/in\\\/dinorah-nava\",\"https:\\\/\\\/x.com\\\/https:\\\/\\\/twitter.com\\\/Dinorah_Nava28\"],\"url\":\"https:\\\/\\\/centrourbano.com\\\/revista\\\/author\\\/dinorah-nava\\\/\"}]}<\/script>\n<!-- \/ Yoast SEO plugin. -->","yoast_head_json":{"title":"Alejandro Aravena, arquitecto que enfrenta los retos urbanos","description":"El chileno recibir\u00e1 el Premio Pritzker 2016 en la Sede de las Naciones Unidas, en Nueva York, convirti\u00e9ndose en el cuarto latino al que otorgan este","robots":{"index":"index","follow":"follow","max-snippet":"max-snippet:-1","max-image-preview":"max-image-preview:large","max-video-preview":"max-video-preview:-1"},"canonical":"https:\/\/centrourbano.com\/revista\/entrevistas\/alejandro-aravena-arquitecto-que-enfrenta-los-retos-urbanos\/","og_locale":"es_ES","og_type":"article","og_title":"Alejandro Aravena, arquitecto que enfrenta los retos urbanos","og_description":"El chileno recibir\u00e1 el Premio Pritzker 2016 en la Sede de las Naciones Unidas, en Nueva York, convirti\u00e9ndose en el cuarto latino al que otorgan este","og_url":"https:\/\/centrourbano.com\/revista\/entrevistas\/alejandro-aravena-arquitecto-que-enfrenta-los-retos-urbanos\/","og_site_name":"Centro Urbano","article_publisher":"https:\/\/www.facebook.com\/portalcentrourbano","article_published_time":"2016-04-04T12:47:43+00:00","article_modified_time":"2016-04-04T16:11:19+00:00","og_image":[{"width":1000,"height":664,"url":"https:\/\/centrourbano.com\/revista\/wp-content\/uploads\/Pilar-Urrejola-Dittborn-Presidenta-Nacional-del-Colegio-de-Arquitectos-de-Chile-DAR-CRE\u0301DITO-AL-FOTO\u0301GRAFO-FELIPE-PINTO-1-e1459745428713.jpg","type":"image\/jpeg"}],"author":"Dinorah Nava","twitter_card":"summary_large_image","twitter_creator":"@https:\/\/twitter.com\/Dinorah_Nava28","twitter_site":"@CentroUrbano","twitter_misc":{"Escrito por":"Dinorah Nava","Tiempo de lectura":"3 minutos"},"schema":{"@context":"https:\/\/schema.org","@graph":[{"@type":"Article","@id":"https:\/\/centrourbano.com\/revista\/entrevistas\/alejandro-aravena-arquitecto-que-enfrenta-los-retos-urbanos\/#article","isPartOf":{"@id":"https:\/\/centrourbano.com\/revista\/entrevistas\/alejandro-aravena-arquitecto-que-enfrenta-los-retos-urbanos\/"},"author":{"name":"Dinorah Nava","@id":"https:\/\/centrourbano.com\/revista\/#\/schema\/person\/baa9e569588d5544150642a11ad28b8b"},"headline":"Alejandro Aravena, arquitecto que enfrenta los retos urbanos","datePublished":"2016-04-04T12:47:43+00:00","dateModified":"2016-04-04T16:11:19+00:00","mainEntityOfPage":{"@id":"https:\/\/centrourbano.com\/revista\/entrevistas\/alejandro-aravena-arquitecto-que-enfrenta-los-retos-urbanos\/"},"wordCount":577,"commentCount":0,"publisher":{"@id":"https:\/\/centrourbano.com\/revista\/#organization"},"image":{"@id":"https:\/\/centrourbano.com\/revista\/entrevistas\/alejandro-aravena-arquitecto-que-enfrenta-los-retos-urbanos\/#primaryimage"},"thumbnailUrl":"https:\/\/centrourbano.com\/revista\/wp-content\/uploads\/Pilar-Urrejola-Dittborn-Presidenta-Nacional-del-Colegio-de-Arquitectos-de-Chile-DAR-CRE\u0301DITO-AL-FOTO\u0301GRAFO-FELIPE-PINTO-1-e1459745428713.jpg","keywords":["Alejandro Aravena","arquitecto","arquitectura","Chile","Colegio de Arquitectos de Chile","Pilar Urrejola Dittborn","Premio Pritzker","Pritzker"],"articleSection":["Arquitectura","Entrevistas"],"inLanguage":"es","potentialAction":[{"@type":"CommentAction","name":"Comment","target":["https:\/\/centrourbano.com\/revista\/entrevistas\/alejandro-aravena-arquitecto-que-enfrenta-los-retos-urbanos\/#respond"]}]},{"@type":"WebPage","@id":"https:\/\/centrourbano.com\/revista\/entrevistas\/alejandro-aravena-arquitecto-que-enfrenta-los-retos-urbanos\/","url":"https:\/\/centrourbano.com\/revista\/entrevistas\/alejandro-aravena-arquitecto-que-enfrenta-los-retos-urbanos\/","name":"Alejandro Aravena, arquitecto que enfrenta los retos urbanos","isPartOf":{"@id":"https:\/\/centrourbano.com\/revista\/#website"},"primaryImageOfPage":{"@id":"https:\/\/centrourbano.com\/revista\/entrevistas\/alejandro-aravena-arquitecto-que-enfrenta-los-retos-urbanos\/#primaryimage"},"image":{"@id":"https:\/\/centrourbano.com\/revista\/entrevistas\/alejandro-aravena-arquitecto-que-enfrenta-los-retos-urbanos\/#primaryimage"},"thumbnailUrl":"https:\/\/centrourbano.com\/revista\/wp-content\/uploads\/Pilar-Urrejola-Dittborn-Presidenta-Nacional-del-Colegio-de-Arquitectos-de-Chile-DAR-CRE\u0301DITO-AL-FOTO\u0301GRAFO-FELIPE-PINTO-1-e1459745428713.jpg","datePublished":"2016-04-04T12:47:43+00:00","dateModified":"2016-04-04T16:11:19+00:00","description":"El chileno recibir\u00e1 el Premio Pritzker 2016 en la Sede de las Naciones Unidas, en Nueva York, convirti\u00e9ndose en el cuarto latino al que otorgan este","breadcrumb":{"@id":"https:\/\/centrourbano.com\/revista\/entrevistas\/alejandro-aravena-arquitecto-que-enfrenta-los-retos-urbanos\/#breadcrumb"},"inLanguage":"es","potentialAction":[{"@type":"ReadAction","target":["https:\/\/centrourbano.com\/revista\/entrevistas\/alejandro-aravena-arquitecto-que-enfrenta-los-retos-urbanos\/"]}]},{"@type":"ImageObject","inLanguage":"es","@id":"https:\/\/centrourbano.com\/revista\/entrevistas\/alejandro-aravena-arquitecto-que-enfrenta-los-retos-urbanos\/#primaryimage","url":"https:\/\/centrourbano.com\/revista\/wp-content\/uploads\/Pilar-Urrejola-Dittborn-Presidenta-Nacional-del-Colegio-de-Arquitectos-de-Chile-DAR-CRE\u0301DITO-AL-FOTO\u0301GRAFO-FELIPE-PINTO-1-e1459745428713.jpg","contentUrl":"https:\/\/centrourbano.com\/revista\/wp-content\/uploads\/Pilar-Urrejola-Dittborn-Presidenta-Nacional-del-Colegio-de-Arquitectos-de-Chile-DAR-CRE\u0301DITO-AL-FOTO\u0301GRAFO-FELIPE-PINTO-1-e1459745428713.jpg","width":1000,"height":664,"caption":"El chileno recibir\u00e1 el Premio Pritzker 2016 en la Sede de las Naciones Unidas, en Nueva York, convirti\u00e9ndose en el cuarto latino al que otorgan este reconocimiento"},{"@type":"BreadcrumbList","@id":"https:\/\/centrourbano.com\/revista\/entrevistas\/alejandro-aravena-arquitecto-que-enfrenta-los-retos-urbanos\/#breadcrumb","itemListElement":[{"@type":"ListItem","position":1,"name":"Portada","item":"https:\/\/centrourbano.com\/revista\/"},{"@type":"ListItem","position":2,"name":"Alejandro Aravena, arquitecto que enfrenta los retos urbanos"}]},{"@type":"WebSite","@id":"https:\/\/centrourbano.com\/revista\/#website","url":"https:\/\/centrourbano.com\/revista\/","name":"Centro Urbano","description":"Medio especializado en los sectores vivienda, inmobiliario, construcci\u00f3n, arquitectura y urbanismo.","publisher":{"@id":"https:\/\/centrourbano.com\/revista\/#organization"},"potentialAction":[{"@type":"SearchAction","target":{"@type":"EntryPoint","urlTemplate":"https:\/\/centrourbano.com\/revista\/?s={search_term_string}"},"query-input":{"@type":"PropertyValueSpecification","valueRequired":true,"valueName":"search_term_string"}}],"inLanguage":"es"},{"@type":"Organization","@id":"https:\/\/centrourbano.com\/revista\/#organization","name":"Centro Urbano","url":"https:\/\/centrourbano.com\/revista\/","logo":{"@type":"ImageObject","inLanguage":"es","@id":"https:\/\/centrourbano.com\/revista\/#\/schema\/logo\/image\/","url":"https:\/\/centrourbano.com\/revista\/wp-content\/uploads\/web_CU_logo-1.png","contentUrl":"https:\/\/centrourbano.com\/revista\/wp-content\/uploads\/web_CU_logo-1.png","width":350,"height":91,"caption":"Centro Urbano"},"image":{"@id":"https:\/\/centrourbano.com\/revista\/#\/schema\/logo\/image\/"},"sameAs":["https:\/\/www.facebook.com\/portalcentrourbano","https:\/\/x.com\/CentroUrbano","https:\/\/www.instagram.com\/centro_urbano\/","https:\/\/www.linkedin.com\/company\/centro-urbano\/","http:\/\/www.youtube.com\/user\/portalcentrourbano"]},{"@type":"Person","@id":"https:\/\/centrourbano.com\/revista\/#\/schema\/person\/baa9e569588d5544150642a11ad28b8b","name":"Dinorah Nava","image":{"@type":"ImageObject","inLanguage":"es","@id":"https:\/\/secure.gravatar.com\/avatar\/f6ca6430c51d147f363940f84e1225aa4b8183885c11802cc3b042305a4ecc1a?s=96&d=mm&r=g","url":"https:\/\/secure.gravatar.com\/avatar\/f6ca6430c51d147f363940f84e1225aa4b8183885c11802cc3b042305a4ecc1a?s=96&d=mm&r=g","contentUrl":"https:\/\/secure.gravatar.com\/avatar\/f6ca6430c51d147f363940f84e1225aa4b8183885c11802cc3b042305a4ecc1a?s=96&d=mm&r=g","caption":"Dinorah Nava"},"description":"Editora de Contenidos y Estrategias Digitales en Centro Urbano y Coeditora en Peri\u00f3dico Mi Casa. Egresada de la licenciatura en Comunicaci\u00f3n y Periodismo de la Facultad de Estudios Superiores Arag\u00f3n (UNAM). Amante de la edici\u00f3n y correcci\u00f3n de estilo, las redes sociales y el mundo digital. Especialista en temas son arquitectura, inmobiliario y urbanismo.","sameAs":["linkedin.com\/in\/dinorah-nava","https:\/\/x.com\/https:\/\/twitter.com\/Dinorah_Nava28"],"url":"https:\/\/centrourbano.com\/revista\/author\/dinorah-nava\/"}]}},"_links":{"self":[{"href":"https:\/\/centrourbano.com\/revista\/wp-json\/wp\/v2\/posts\/32909","targetHints":{"allow":["GET"]}}],"collection":[{"href":"https:\/\/centrourbano.com\/revista\/wp-json\/wp\/v2\/posts"}],"about":[{"href":"https:\/\/centrourbano.com\/revista\/wp-json\/wp\/v2\/types\/post"}],"author":[{"embeddable":true,"href":"https:\/\/centrourbano.com\/revista\/wp-json\/wp\/v2\/users\/9"}],"replies":[{"embeddable":true,"href":"https:\/\/centrourbano.com\/revista\/wp-json\/wp\/v2\/comments?post=32909"}],"version-history":[{"count":0,"href":"https:\/\/centrourbano.com\/revista\/wp-json\/wp\/v2\/posts\/32909\/revisions"}],"wp:featuredmedia":[{"embeddable":true,"href":"https:\/\/centrourbano.com\/revista\/wp-json\/wp\/v2\/media\/32911"}],"wp:attachment":[{"href":"https:\/\/centrourbano.com\/revista\/wp-json\/wp\/v2\/media?parent=32909"}],"wp:term":[{"taxonomy":"category","embeddable":true,"href":"https:\/\/centrourbano.com\/revista\/wp-json\/wp\/v2\/categories?post=32909"},{"taxonomy":"post_tag","embeddable":true,"href":"https:\/\/centrourbano.com\/revista\/wp-json\/wp\/v2\/tags?post=32909"}],"curies":[{"name":"wp","href":"https:\/\/api.w.org\/{rel}","templated":true}]}}