{"id":32855,"date":"2016-04-01T13:44:58","date_gmt":"2016-04-01T19:44:58","guid":{"rendered":"http:\/\/centrourbano.com\/?p=32855"},"modified":"2016-04-01T16:50:47","modified_gmt":"2016-04-01T22:50:47","slug":"penchyna-rinde-informe-ante-titular-de-shcp","status":"publish","type":"post","link":"https:\/\/centrourbano.com\/revista\/vivienda\/penchyna-rinde-informe-ante-titular-de-shcp\/","title":{"rendered":"Penchyna rinde informe ante titular de SHCP"},"content":{"rendered":"<p><em>El nuevo titular de Infonavit, David Penchyna dice<a href=\"http:\/\/www.infonavit.gob.mx\"><\/a> que el objetivo del gobierno es hacer del instituto un aliado estrat\u00e9gico para mejorar la calidad de vida de los ciudadanos<\/em><br \/>\n<!--more--><\/p>\n<p>Luis Videgaray Caso, titular de la Secretar\u00eda de Hacienda y Cr\u00e9dito P\u00fablico (SHCP) destac\u00f3 que el Infonavit debe seguir siendo el engrane fundamental del cr\u00e9dito para los trabajadores, y un incentivo a la formalidad, a trav\u00e9s del cr\u00e9dito de vivienda.<\/p>\n<p>En su participaci\u00f3n como miembro del Gobierno del Consejo de Administraci\u00f3n del Instituto, destac\u00f3 que el Infonavit es la columna vertebral del financiamiento a la vivienda en M\u00e9xico y un motor del crecimiento econ\u00f3mico con alt\u00edsimo contenido nacional, ya que la industria de la vivienda cuenta con mayor certidumbre a partir de un nuevo modelo que facilita el acceso a hogares funcionales, cercanos a los centros de trabajo y un modelo financiero sostenible.<\/p>\n<p>Durante la sesi\u00f3n, el director general del Infonavit, David Penchyna Grub, enfatiz\u00f3 que el objetivo del gobierno es hacer del instituto un aliado estrat\u00e9gico para mejorar la calidad de vida de los ciudadanos, a partir del cr\u00e9dito y el manejo responsable de los ahorros de los trabajadores.<\/p>\n<p>Destac\u00f3 adem\u00e1s la importancia de la igualdad entre los trabajadores y los derechohabientes, la cual ha sido impulsada desde el primer d\u00eda de su administraci\u00f3n, as\u00ed como el compromiso con los programas de inclusi\u00f3n social.<\/p>\n<p>Finalmente se\u00f1al\u00f3 que la responsabilidad del Infonavit para cumplir con el mandato constitucional de agregar valor a la subcuenta de vivienda de los trabajadores, y la necesidad de ser eficaces en el dise\u00f1o y operaci\u00f3n de instrumentos de cr\u00e9dito que faciliten a las familias la construcci\u00f3n de un patrimonio, siguen siendo vigentes.<\/p>\n<p>En la sesi\u00f3n estuvieron presentes los consejeros de \u00e9ste \u00f3rgano colegiado, entre ellos Carlos Aceves del Olmo, Secretario General de la Confederaci\u00f3n de Trabajadores de M\u00e9xico (CTM), quien fungi\u00f3 como Presidente de esta sesi\u00f3n; asistieron tambi\u00e9n Sebasti\u00e1n Fern\u00e1ndez Cortina, Abelardo Carrillo Zavala, Directores Sectoriales de los Empresarios y Trabajadores del Infonavit, respectivamente, Manuel Herrera Vega, Presidente de la Confederaci\u00f3n de C\u00e1maras Industriales y Gustavo Arballo Luj\u00e1n, Presidente de la C\u00e1mara Mexicana de la Industria de la Construcci\u00f3n (CMIC). <\/p>\n","protected":false},"excerpt":{"rendered":"<p>El nuevo titular de Infonavit, David Penchyna dice que el objetivo del gobierno es hacer del instituto un aliado estrat\u00e9gico para mejorar la calidad de vida de los ciudadanos<\/p>\n","protected":false},"author":28,"featured_media":32856,"comment_status":"open","ping_status":"closed","sticky":false,"template":"","format":"standard","meta":{"om_disable_all_campaigns":false,"inline_featured_image":false,"_monsterinsights_skip_tracking":false,"_monsterinsights_sitenote_active":false,"_monsterinsights_sitenote_note":"","_monsterinsights_sitenote_category":0,"footnotes":""},"categories":[12],"tags":[7987,100,2937],"class_list":["post-32855","post","type-post","status-publish","format-standard","has-post-thumbnail","hentry","category-vivienda","tag-david-pebchyna","tag-infonavit","tag-luis-videgaray"],"yoast_head":"<!-- This site is optimized with the Yoast SEO plugin v27.4 - https:\/\/yoast.com\/product\/yoast-seo-wordpress\/ -->\n<title>Penchyna rinde informe ante titular de SHCP -<\/title>\n<meta name=\"description\" content=\"En su participaci\u00f3n como miembro del Gobierno del Consejo de Administraci\u00f3n del Instituto, destac\u00f3 que el Infonavit es la columna vertebral del financiamiento a la vivienda en M\u00e9xico y un motor del crecimiento econ\u00f3mico con alt\u00edsimo contenido nacional, ya que la industria de la vivienda cuenta con mayor certidumbre a partir de un nuevo modelo que facilita el acceso a hogares funcionales, cercanos a los centros de trabajo y un modelo financiero sostenible.Durante la sesi\u00f3n, el director general del Infonavit, David Penchyna Grub, enfatiz\u00f3 que el objetivo del gobierno es hacer del instituto un aliado estrat\u00e9gico para mejorar la calidad de vida de los ciudadanos, a partir del cr\u00e9dito y el manejo responsable de los ahorros de los trabajadores.\" \/>\n<meta name=\"robots\" content=\"index, follow, max-snippet:-1, max-image-preview:large, max-video-preview:-1\" \/>\n<link rel=\"canonical\" href=\"https:\/\/centrourbano.com\/revista\/vivienda\/penchyna-rinde-informe-ante-titular-de-shcp\/\" \/>\n<meta property=\"og:locale\" content=\"es_ES\" \/>\n<meta property=\"og:type\" content=\"article\" \/>\n<meta property=\"og:title\" content=\"Penchyna rinde informe ante titular de SHCP -\" \/>\n<meta property=\"og:description\" content=\"En su participaci\u00f3n como miembro del Gobierno del Consejo de Administraci\u00f3n del Instituto, destac\u00f3 que el Infonavit es la columna vertebral del financiamiento a la vivienda en M\u00e9xico y un motor del crecimiento econ\u00f3mico con alt\u00edsimo contenido nacional, ya que la industria de la vivienda cuenta con mayor certidumbre a partir de un nuevo modelo que facilita el acceso a hogares funcionales, cercanos a los centros de trabajo y un modelo financiero sostenible.Durante la sesi\u00f3n, el director general del Infonavit, David Penchyna Grub, enfatiz\u00f3 que el objetivo del gobierno es hacer del instituto un aliado estrat\u00e9gico para mejorar la calidad de vida de los ciudadanos, a partir del cr\u00e9dito y el manejo responsable de los ahorros de los trabajadores.\" \/>\n<meta property=\"og:url\" content=\"https:\/\/centrourbano.com\/revista\/vivienda\/penchyna-rinde-informe-ante-titular-de-shcp\/\" \/>\n<meta property=\"og:site_name\" content=\"Centro Urbano\" \/>\n<meta property=\"article:publisher\" content=\"https:\/\/www.facebook.com\/portalcentrourbano\" \/>\n<meta property=\"article:published_time\" content=\"2016-04-01T19:44:58+00:00\" \/>\n<meta property=\"article:modified_time\" content=\"2016-04-01T22:50:47+00:00\" \/>\n<meta property=\"og:image\" content=\"https:\/\/centrourbano.com\/revista\/wp-content\/uploads\/imp-Infonavit.jpg\" \/>\n\t<meta property=\"og:image:width\" content=\"852\" \/>\n\t<meta property=\"og:image:height\" content=\"554\" \/>\n\t<meta property=\"og:image:type\" content=\"image\/jpeg\" \/>\n<meta name=\"author\" content=\"Mario V\u00e1zquez Barrios\" \/>\n<meta name=\"twitter:card\" content=\"summary_large_image\" \/>\n<meta name=\"twitter:creator\" content=\"@MarioDeNiro\" \/>\n<meta name=\"twitter:site\" content=\"@CentroUrbano\" \/>\n<meta name=\"twitter:label1\" content=\"Escrito por\" \/>\n\t<meta name=\"twitter:data1\" content=\"Mario V\u00e1zquez Barrios\" \/>\n\t<meta name=\"twitter:label2\" content=\"Tiempo de lectura\" \/>\n\t<meta name=\"twitter:data2\" content=\"2 minutos\" \/>\n<script type=\"application\/ld+json\" class=\"yoast-schema-graph\">{\"@context\":\"https:\\\/\\\/schema.org\",\"@graph\":[{\"@type\":\"Article\",\"@id\":\"https:\\\/\\\/centrourbano.com\\\/revista\\\/vivienda\\\/penchyna-rinde-informe-ante-titular-de-shcp\\\/#article\",\"isPartOf\":{\"@id\":\"https:\\\/\\\/centrourbano.com\\\/revista\\\/vivienda\\\/penchyna-rinde-informe-ante-titular-de-shcp\\\/\"},\"author\":{\"name\":\"Mario V\u00e1zquez Barrios\",\"@id\":\"https:\\\/\\\/centrourbano.com\\\/revista\\\/#\\\/schema\\\/person\\\/71e020a5b63ca4230c0f1228a36cde93\"},\"headline\":\"Penchyna rinde informe ante titular de SHCP\",\"datePublished\":\"2016-04-01T19:44:58+00:00\",\"dateModified\":\"2016-04-01T22:50:47+00:00\",\"mainEntityOfPage\":{\"@id\":\"https:\\\/\\\/centrourbano.com\\\/revista\\\/vivienda\\\/penchyna-rinde-informe-ante-titular-de-shcp\\\/\"},\"wordCount\":397,\"commentCount\":0,\"publisher\":{\"@id\":\"https:\\\/\\\/centrourbano.com\\\/revista\\\/#organization\"},\"image\":{\"@id\":\"https:\\\/\\\/centrourbano.com\\\/revista\\\/vivienda\\\/penchyna-rinde-informe-ante-titular-de-shcp\\\/#primaryimage\"},\"thumbnailUrl\":\"https:\\\/\\\/centrourbano.com\\\/revista\\\/wp-content\\\/uploads\\\/imp-Infonavit.jpg\",\"keywords\":[\"David Pebchyna\",\"Infonavit\",\"Luis Videgaray\"],\"articleSection\":[\"Vivienda\"],\"inLanguage\":\"es\",\"potentialAction\":[{\"@type\":\"CommentAction\",\"name\":\"Comment\",\"target\":[\"https:\\\/\\\/centrourbano.com\\\/revista\\\/vivienda\\\/penchyna-rinde-informe-ante-titular-de-shcp\\\/#respond\"]}]},{\"@type\":\"WebPage\",\"@id\":\"https:\\\/\\\/centrourbano.com\\\/revista\\\/vivienda\\\/penchyna-rinde-informe-ante-titular-de-shcp\\\/\",\"url\":\"https:\\\/\\\/centrourbano.com\\\/revista\\\/vivienda\\\/penchyna-rinde-informe-ante-titular-de-shcp\\\/\",\"name\":\"Penchyna rinde informe ante titular de SHCP -\",\"isPartOf\":{\"@id\":\"https:\\\/\\\/centrourbano.com\\\/revista\\\/#website\"},\"primaryImageOfPage\":{\"@id\":\"https:\\\/\\\/centrourbano.com\\\/revista\\\/vivienda\\\/penchyna-rinde-informe-ante-titular-de-shcp\\\/#primaryimage\"},\"image\":{\"@id\":\"https:\\\/\\\/centrourbano.com\\\/revista\\\/vivienda\\\/penchyna-rinde-informe-ante-titular-de-shcp\\\/#primaryimage\"},\"thumbnailUrl\":\"https:\\\/\\\/centrourbano.com\\\/revista\\\/wp-content\\\/uploads\\\/imp-Infonavit.jpg\",\"datePublished\":\"2016-04-01T19:44:58+00:00\",\"dateModified\":\"2016-04-01T22:50:47+00:00\",\"description\":\"En su participaci\u00f3n como miembro del Gobierno del Consejo de Administraci\u00f3n del Instituto, destac\u00f3 que el Infonavit es la columna vertebral del financiamiento a la vivienda en M\u00e9xico y un motor del crecimiento econ\u00f3mico con alt\u00edsimo contenido nacional, ya que la industria de la vivienda cuenta con mayor certidumbre a partir de un nuevo modelo que facilita el acceso a hogares funcionales, cercanos a los centros de trabajo y un modelo financiero sostenible.Durante la sesi\u00f3n, el director general del Infonavit, David Penchyna Grub, enfatiz\u00f3 que el objetivo del gobierno es hacer del instituto un aliado estrat\u00e9gico para mejorar la calidad de vida de los ciudadanos, a partir del cr\u00e9dito y el manejo responsable de los ahorros de los trabajadores.\",\"breadcrumb\":{\"@id\":\"https:\\\/\\\/centrourbano.com\\\/revista\\\/vivienda\\\/penchyna-rinde-informe-ante-titular-de-shcp\\\/#breadcrumb\"},\"inLanguage\":\"es\",\"potentialAction\":[{\"@type\":\"ReadAction\",\"target\":[\"https:\\\/\\\/centrourbano.com\\\/revista\\\/vivienda\\\/penchyna-rinde-informe-ante-titular-de-shcp\\\/\"]}]},{\"@type\":\"ImageObject\",\"inLanguage\":\"es\",\"@id\":\"https:\\\/\\\/centrourbano.com\\\/revista\\\/vivienda\\\/penchyna-rinde-informe-ante-titular-de-shcp\\\/#primaryimage\",\"url\":\"https:\\\/\\\/centrourbano.com\\\/revista\\\/wp-content\\\/uploads\\\/imp-Infonavit.jpg\",\"contentUrl\":\"https:\\\/\\\/centrourbano.com\\\/revista\\\/wp-content\\\/uploads\\\/imp-Infonavit.jpg\",\"width\":852,\"height\":554},{\"@type\":\"BreadcrumbList\",\"@id\":\"https:\\\/\\\/centrourbano.com\\\/revista\\\/vivienda\\\/penchyna-rinde-informe-ante-titular-de-shcp\\\/#breadcrumb\",\"itemListElement\":[{\"@type\":\"ListItem\",\"position\":1,\"name\":\"Portada\",\"item\":\"https:\\\/\\\/centrourbano.com\\\/revista\\\/\"},{\"@type\":\"ListItem\",\"position\":2,\"name\":\"Penchyna rinde informe ante titular de SHCP\"}]},{\"@type\":\"WebSite\",\"@id\":\"https:\\\/\\\/centrourbano.com\\\/revista\\\/#website\",\"url\":\"https:\\\/\\\/centrourbano.com\\\/revista\\\/\",\"name\":\"Centro Urbano\",\"description\":\"Medio especializado en los sectores vivienda, inmobiliario, construcci\u00f3n, arquitectura y urbanismo.\",\"publisher\":{\"@id\":\"https:\\\/\\\/centrourbano.com\\\/revista\\\/#organization\"},\"potentialAction\":[{\"@type\":\"SearchAction\",\"target\":{\"@type\":\"EntryPoint\",\"urlTemplate\":\"https:\\\/\\\/centrourbano.com\\\/revista\\\/?s={search_term_string}\"},\"query-input\":{\"@type\":\"PropertyValueSpecification\",\"valueRequired\":true,\"valueName\":\"search_term_string\"}}],\"inLanguage\":\"es\"},{\"@type\":\"Organization\",\"@id\":\"https:\\\/\\\/centrourbano.com\\\/revista\\\/#organization\",\"name\":\"Centro Urbano\",\"url\":\"https:\\\/\\\/centrourbano.com\\\/revista\\\/\",\"logo\":{\"@type\":\"ImageObject\",\"inLanguage\":\"es\",\"@id\":\"https:\\\/\\\/centrourbano.com\\\/revista\\\/#\\\/schema\\\/logo\\\/image\\\/\",\"url\":\"https:\\\/\\\/centrourbano.com\\\/revista\\\/wp-content\\\/uploads\\\/web_CU_logo-1.png\",\"contentUrl\":\"https:\\\/\\\/centrourbano.com\\\/revista\\\/wp-content\\\/uploads\\\/web_CU_logo-1.png\",\"width\":350,\"height\":91,\"caption\":\"Centro Urbano\"},\"image\":{\"@id\":\"https:\\\/\\\/centrourbano.com\\\/revista\\\/#\\\/schema\\\/logo\\\/image\\\/\"},\"sameAs\":[\"https:\\\/\\\/www.facebook.com\\\/portalcentrourbano\",\"https:\\\/\\\/x.com\\\/CentroUrbano\",\"https:\\\/\\\/www.instagram.com\\\/centro_urbano\\\/\",\"https:\\\/\\\/www.linkedin.com\\\/company\\\/centro-urbano\\\/\",\"http:\\\/\\\/www.youtube.com\\\/user\\\/portalcentrourbano\"]},{\"@type\":\"Person\",\"@id\":\"https:\\\/\\\/centrourbano.com\\\/revista\\\/#\\\/schema\\\/person\\\/71e020a5b63ca4230c0f1228a36cde93\",\"name\":\"Mario V\u00e1zquez Barrios\",\"image\":{\"@type\":\"ImageObject\",\"inLanguage\":\"es\",\"@id\":\"https:\\\/\\\/secure.gravatar.com\\\/avatar\\\/347e6d9c0b04f0194ca244ba64b0fe62752d716a3a93d1713bd259eb87aad5b6?s=96&d=mm&r=g\",\"url\":\"https:\\\/\\\/secure.gravatar.com\\\/avatar\\\/347e6d9c0b04f0194ca244ba64b0fe62752d716a3a93d1713bd259eb87aad5b6?s=96&d=mm&r=g\",\"contentUrl\":\"https:\\\/\\\/secure.gravatar.com\\\/avatar\\\/347e6d9c0b04f0194ca244ba64b0fe62752d716a3a93d1713bd259eb87aad5b6?s=96&d=mm&r=g\",\"caption\":\"Mario V\u00e1zquez Barrios\"},\"description\":\"Me inici\u00e9 en El Financiero haciendo reportajes; en MegaNoticias Televisi\u00f3n fui reportero titular; en EMedios, control de calidad; y Radio 13 Noticias me acogi\u00f3 como colaborador. Me gusta encontrar en las banquetas la nota, una entrevista y el inicio de un reportaje.\",\"sameAs\":[\"https:\\\/\\\/x.com\\\/@MarioDeNiro\"],\"url\":\"https:\\\/\\\/centrourbano.com\\\/revista\\\/author\\\/mario-vazquez\\\/\"}]}<\/script>\n<!-- \/ Yoast SEO plugin. -->","yoast_head_json":{"title":"Penchyna rinde informe ante titular de SHCP -","description":"En su participaci\u00f3n como miembro del Gobierno del Consejo de Administraci\u00f3n del Instituto, destac\u00f3 que el Infonavit es la columna vertebral del financiamiento a la vivienda en M\u00e9xico y un motor del crecimiento econ\u00f3mico con alt\u00edsimo contenido nacional, ya que la industria de la vivienda cuenta con mayor certidumbre a partir de un nuevo modelo que facilita el acceso a hogares funcionales, cercanos a los centros de trabajo y un modelo financiero sostenible.Durante la sesi\u00f3n, el director general del Infonavit, David Penchyna Grub, enfatiz\u00f3 que el objetivo del gobierno es hacer del instituto un aliado estrat\u00e9gico para mejorar la calidad de vida de los ciudadanos, a partir del cr\u00e9dito y el manejo responsable de los ahorros de los trabajadores.","robots":{"index":"index","follow":"follow","max-snippet":"max-snippet:-1","max-image-preview":"max-image-preview:large","max-video-preview":"max-video-preview:-1"},"canonical":"https:\/\/centrourbano.com\/revista\/vivienda\/penchyna-rinde-informe-ante-titular-de-shcp\/","og_locale":"es_ES","og_type":"article","og_title":"Penchyna rinde informe ante titular de SHCP -","og_description":"En su participaci\u00f3n como miembro del Gobierno del Consejo de Administraci\u00f3n del Instituto, destac\u00f3 que el Infonavit es la columna vertebral del financiamiento a la vivienda en M\u00e9xico y un motor del crecimiento econ\u00f3mico con alt\u00edsimo contenido nacional, ya que la industria de la vivienda cuenta con mayor certidumbre a partir de un nuevo modelo que facilita el acceso a hogares funcionales, cercanos a los centros de trabajo y un modelo financiero sostenible.Durante la sesi\u00f3n, el director general del Infonavit, David Penchyna Grub, enfatiz\u00f3 que el objetivo del gobierno es hacer del instituto un aliado estrat\u00e9gico para mejorar la calidad de vida de los ciudadanos, a partir del cr\u00e9dito y el manejo responsable de los ahorros de los trabajadores.","og_url":"https:\/\/centrourbano.com\/revista\/vivienda\/penchyna-rinde-informe-ante-titular-de-shcp\/","og_site_name":"Centro Urbano","article_publisher":"https:\/\/www.facebook.com\/portalcentrourbano","article_published_time":"2016-04-01T19:44:58+00:00","article_modified_time":"2016-04-01T22:50:47+00:00","og_image":[{"width":852,"height":554,"url":"https:\/\/centrourbano.com\/revista\/wp-content\/uploads\/imp-Infonavit.jpg","type":"image\/jpeg"}],"author":"Mario V\u00e1zquez Barrios","twitter_card":"summary_large_image","twitter_creator":"@MarioDeNiro","twitter_site":"@CentroUrbano","twitter_misc":{"Escrito por":"Mario V\u00e1zquez Barrios","Tiempo de lectura":"2 minutos"},"schema":{"@context":"https:\/\/schema.org","@graph":[{"@type":"Article","@id":"https:\/\/centrourbano.com\/revista\/vivienda\/penchyna-rinde-informe-ante-titular-de-shcp\/#article","isPartOf":{"@id":"https:\/\/centrourbano.com\/revista\/vivienda\/penchyna-rinde-informe-ante-titular-de-shcp\/"},"author":{"name":"Mario V\u00e1zquez Barrios","@id":"https:\/\/centrourbano.com\/revista\/#\/schema\/person\/71e020a5b63ca4230c0f1228a36cde93"},"headline":"Penchyna rinde informe ante titular de SHCP","datePublished":"2016-04-01T19:44:58+00:00","dateModified":"2016-04-01T22:50:47+00:00","mainEntityOfPage":{"@id":"https:\/\/centrourbano.com\/revista\/vivienda\/penchyna-rinde-informe-ante-titular-de-shcp\/"},"wordCount":397,"commentCount":0,"publisher":{"@id":"https:\/\/centrourbano.com\/revista\/#organization"},"image":{"@id":"https:\/\/centrourbano.com\/revista\/vivienda\/penchyna-rinde-informe-ante-titular-de-shcp\/#primaryimage"},"thumbnailUrl":"https:\/\/centrourbano.com\/revista\/wp-content\/uploads\/imp-Infonavit.jpg","keywords":["David Pebchyna","Infonavit","Luis Videgaray"],"articleSection":["Vivienda"],"inLanguage":"es","potentialAction":[{"@type":"CommentAction","name":"Comment","target":["https:\/\/centrourbano.com\/revista\/vivienda\/penchyna-rinde-informe-ante-titular-de-shcp\/#respond"]}]},{"@type":"WebPage","@id":"https:\/\/centrourbano.com\/revista\/vivienda\/penchyna-rinde-informe-ante-titular-de-shcp\/","url":"https:\/\/centrourbano.com\/revista\/vivienda\/penchyna-rinde-informe-ante-titular-de-shcp\/","name":"Penchyna rinde informe ante titular de SHCP -","isPartOf":{"@id":"https:\/\/centrourbano.com\/revista\/#website"},"primaryImageOfPage":{"@id":"https:\/\/centrourbano.com\/revista\/vivienda\/penchyna-rinde-informe-ante-titular-de-shcp\/#primaryimage"},"image":{"@id":"https:\/\/centrourbano.com\/revista\/vivienda\/penchyna-rinde-informe-ante-titular-de-shcp\/#primaryimage"},"thumbnailUrl":"https:\/\/centrourbano.com\/revista\/wp-content\/uploads\/imp-Infonavit.jpg","datePublished":"2016-04-01T19:44:58+00:00","dateModified":"2016-04-01T22:50:47+00:00","description":"En su participaci\u00f3n como miembro del Gobierno del Consejo de Administraci\u00f3n del Instituto, destac\u00f3 que el Infonavit es la columna vertebral del financiamiento a la vivienda en M\u00e9xico y un motor del crecimiento econ\u00f3mico con alt\u00edsimo contenido nacional, ya que la industria de la vivienda cuenta con mayor certidumbre a partir de un nuevo modelo que facilita el acceso a hogares funcionales, cercanos a los centros de trabajo y un modelo financiero sostenible.Durante la sesi\u00f3n, el director general del Infonavit, David Penchyna Grub, enfatiz\u00f3 que el objetivo del gobierno es hacer del instituto un aliado estrat\u00e9gico para mejorar la calidad de vida de los ciudadanos, a partir del cr\u00e9dito y el manejo responsable de los ahorros de los trabajadores.","breadcrumb":{"@id":"https:\/\/centrourbano.com\/revista\/vivienda\/penchyna-rinde-informe-ante-titular-de-shcp\/#breadcrumb"},"inLanguage":"es","potentialAction":[{"@type":"ReadAction","target":["https:\/\/centrourbano.com\/revista\/vivienda\/penchyna-rinde-informe-ante-titular-de-shcp\/"]}]},{"@type":"ImageObject","inLanguage":"es","@id":"https:\/\/centrourbano.com\/revista\/vivienda\/penchyna-rinde-informe-ante-titular-de-shcp\/#primaryimage","url":"https:\/\/centrourbano.com\/revista\/wp-content\/uploads\/imp-Infonavit.jpg","contentUrl":"https:\/\/centrourbano.com\/revista\/wp-content\/uploads\/imp-Infonavit.jpg","width":852,"height":554},{"@type":"BreadcrumbList","@id":"https:\/\/centrourbano.com\/revista\/vivienda\/penchyna-rinde-informe-ante-titular-de-shcp\/#breadcrumb","itemListElement":[{"@type":"ListItem","position":1,"name":"Portada","item":"https:\/\/centrourbano.com\/revista\/"},{"@type":"ListItem","position":2,"name":"Penchyna rinde informe ante titular de SHCP"}]},{"@type":"WebSite","@id":"https:\/\/centrourbano.com\/revista\/#website","url":"https:\/\/centrourbano.com\/revista\/","name":"Centro Urbano","description":"Medio especializado en los sectores vivienda, inmobiliario, construcci\u00f3n, arquitectura y urbanismo.","publisher":{"@id":"https:\/\/centrourbano.com\/revista\/#organization"},"potentialAction":[{"@type":"SearchAction","target":{"@type":"EntryPoint","urlTemplate":"https:\/\/centrourbano.com\/revista\/?s={search_term_string}"},"query-input":{"@type":"PropertyValueSpecification","valueRequired":true,"valueName":"search_term_string"}}],"inLanguage":"es"},{"@type":"Organization","@id":"https:\/\/centrourbano.com\/revista\/#organization","name":"Centro Urbano","url":"https:\/\/centrourbano.com\/revista\/","logo":{"@type":"ImageObject","inLanguage":"es","@id":"https:\/\/centrourbano.com\/revista\/#\/schema\/logo\/image\/","url":"https:\/\/centrourbano.com\/revista\/wp-content\/uploads\/web_CU_logo-1.png","contentUrl":"https:\/\/centrourbano.com\/revista\/wp-content\/uploads\/web_CU_logo-1.png","width":350,"height":91,"caption":"Centro Urbano"},"image":{"@id":"https:\/\/centrourbano.com\/revista\/#\/schema\/logo\/image\/"},"sameAs":["https:\/\/www.facebook.com\/portalcentrourbano","https:\/\/x.com\/CentroUrbano","https:\/\/www.instagram.com\/centro_urbano\/","https:\/\/www.linkedin.com\/company\/centro-urbano\/","http:\/\/www.youtube.com\/user\/portalcentrourbano"]},{"@type":"Person","@id":"https:\/\/centrourbano.com\/revista\/#\/schema\/person\/71e020a5b63ca4230c0f1228a36cde93","name":"Mario V\u00e1zquez Barrios","image":{"@type":"ImageObject","inLanguage":"es","@id":"https:\/\/secure.gravatar.com\/avatar\/347e6d9c0b04f0194ca244ba64b0fe62752d716a3a93d1713bd259eb87aad5b6?s=96&d=mm&r=g","url":"https:\/\/secure.gravatar.com\/avatar\/347e6d9c0b04f0194ca244ba64b0fe62752d716a3a93d1713bd259eb87aad5b6?s=96&d=mm&r=g","contentUrl":"https:\/\/secure.gravatar.com\/avatar\/347e6d9c0b04f0194ca244ba64b0fe62752d716a3a93d1713bd259eb87aad5b6?s=96&d=mm&r=g","caption":"Mario V\u00e1zquez Barrios"},"description":"Me inici\u00e9 en El Financiero haciendo reportajes; en MegaNoticias Televisi\u00f3n fui reportero titular; en EMedios, control de calidad; y Radio 13 Noticias me acogi\u00f3 como colaborador. Me gusta encontrar en las banquetas la nota, una entrevista y el inicio de un reportaje.","sameAs":["https:\/\/x.com\/@MarioDeNiro"],"url":"https:\/\/centrourbano.com\/revista\/author\/mario-vazquez\/"}]}},"_links":{"self":[{"href":"https:\/\/centrourbano.com\/revista\/wp-json\/wp\/v2\/posts\/32855","targetHints":{"allow":["GET"]}}],"collection":[{"href":"https:\/\/centrourbano.com\/revista\/wp-json\/wp\/v2\/posts"}],"about":[{"href":"https:\/\/centrourbano.com\/revista\/wp-json\/wp\/v2\/types\/post"}],"author":[{"embeddable":true,"href":"https:\/\/centrourbano.com\/revista\/wp-json\/wp\/v2\/users\/28"}],"replies":[{"embeddable":true,"href":"https:\/\/centrourbano.com\/revista\/wp-json\/wp\/v2\/comments?post=32855"}],"version-history":[{"count":0,"href":"https:\/\/centrourbano.com\/revista\/wp-json\/wp\/v2\/posts\/32855\/revisions"}],"wp:featuredmedia":[{"embeddable":true,"href":"https:\/\/centrourbano.com\/revista\/wp-json\/wp\/v2\/media\/32856"}],"wp:attachment":[{"href":"https:\/\/centrourbano.com\/revista\/wp-json\/wp\/v2\/media?parent=32855"}],"wp:term":[{"taxonomy":"category","embeddable":true,"href":"https:\/\/centrourbano.com\/revista\/wp-json\/wp\/v2\/categories?post=32855"},{"taxonomy":"post_tag","embeddable":true,"href":"https:\/\/centrourbano.com\/revista\/wp-json\/wp\/v2\/tags?post=32855"}],"curies":[{"name":"wp","href":"https:\/\/api.w.org\/{rel}","templated":true}]}}