{"id":32846,"date":"2016-04-01T12:15:47","date_gmt":"2016-04-01T18:15:47","guid":{"rendered":"http:\/\/centrourbano.com\/?p=32846"},"modified":"2016-04-01T15:02:34","modified_gmt":"2016-04-01T21:02:34","slug":"museo-del-diseno-de-londres-sera-reubicado","status":"publish","type":"post","link":"https:\/\/centrourbano.com\/revista\/arquitectura-2\/museo-del-diseno-de-londres-sera-reubicado\/","title":{"rendered":"Museo del Dise\u00f1o de Londres ser\u00e1 reubicado"},"content":{"rendered":"<p><em>La nueva sede se localizar\u00e1 en un hist\u00f3rico edificio de los a\u00f1os sesenta reformado del barrio de Kensington<br \/>\n<\/em><!--more--><\/p>\n<p>El 30 de junio de este a\u00f1o el Museo del Dise\u00f1o de Londres cerrar\u00e1 las puertas de su sede actual para reubicarse en un gran espacio al oeste de la ciudad: el antiguo edificio de la Commonwealth Institute, que abrir\u00e1 el 24 de noviembre de 2016.<\/p>\n<p>El recinto pretende elevar el dise\u00f1o gr\u00e1fico y de productos e interiores a la altura del arte contempor\u00e1neo, convini\u00e9ndose en el museo m\u00e1s importante del mundo del dise\u00f1o y la arquitectura.<\/p>\n<p>La nueva sede se ubicar\u00e1 en un hist\u00f3rico edificio de los a\u00f1os sesenta reformado del barrio de Kensington, que ya alberga los populares museos de la Ciencia, de Historia Natural y el Victoria y Alberto.<\/p>\n<p>La medida dar\u00e1 al Museo del Dise\u00f1o de Londres, tres veces m\u00e1s espacio que en su ubicaci\u00f3n actual, con la nueva marca Swarovski Fundaci\u00f3n Centro de Aprendizaje, 194 asientos Bakala auditorio y una galer\u00eda dedicada a mostrar su colecci\u00f3n permanente, que estar\u00e1 accesible de forma cargar. <\/p>\n<p>Se espera que en su primer a\u00f1o el museo acoger\u00e1 500,000 visitantes por a\u00f1o, 50,000 alumnos por a\u00f1o. Adem\u00e1s, contar\u00e1 con una pantalla Colecci\u00f3n Permanente, 2 salas de exposiciones temporales, 400m\u00b2  de espacios de aprendizaje, 10.000 m\u00b2 de espacio total, 2 tiendas, 1 cafeter\u00eda, 1 restaurante, 1 sala de estar de los Miembros, 1 Los dise\u00f1adores de Studio Residence, 1 biblioteca y archivo, 192 asientos en auditorio, as\u00ed como un espacio de eventos.<\/p>\n<p>Concebido por el arquitecto John Pawson con mobiliario de Vitra e \u00abidentidad visual\u00bb de Studio Fernando Guti\u00e9rrez, el Museo del Dise\u00f1o de Londres contar\u00e1 con tres pisos que combinar\u00e1n una exposici\u00f3n permanente gratuita y otras temporales de tendencias.<\/p>\n","protected":false},"excerpt":{"rendered":"<p>La nueva sede se localizar\u00e1 en un hist\u00f3rico edificio de los a\u00f1os sesenta reformado del barrio de Kensington<\/p>\n","protected":false},"author":9,"featured_media":32847,"comment_status":"open","ping_status":"closed","sticky":false,"template":"","format":"standard","meta":{"om_disable_all_campaigns":false,"inline_featured_image":false,"_monsterinsights_skip_tracking":false,"_monsterinsights_sitenote_active":false,"_monsterinsights_sitenote_note":"","_monsterinsights_sitenote_category":0,"footnotes":""},"categories":[81],"tags":[20,1809,1256,7985,7990],"class_list":["post-32846","post","type-post","status-publish","format-standard","has-post-thumbnail","hentry","category-arquitectura-2","tag-arquitectura","tag-diseno","tag-londres","tag-museo-del-diseno","tag-museo-del-diseno-de-londres"],"yoast_head":"<!-- This site is optimized with the Yoast SEO plugin v27.5 - https:\/\/yoast.com\/product\/yoast-seo-wordpress\/ -->\n<title>Museo del Dise\u00f1o de Londres ser\u00e1 reubicado\u00a0<\/title>\n<meta name=\"description\" content=\"La nueva sede del Museo del Dise\u00f1o de Londres se localizar\u00e1 en un hist\u00f3rico edificio de los a\u00f1os sesenta reformado del barrio de Kensington\" \/>\n<meta name=\"robots\" content=\"index, follow, max-snippet:-1, max-image-preview:large, max-video-preview:-1\" \/>\n<link rel=\"canonical\" href=\"https:\/\/centrourbano.com\/revista\/arquitectura-2\/museo-del-diseno-de-londres-sera-reubicado\/\" \/>\n<meta property=\"og:locale\" content=\"es_ES\" \/>\n<meta property=\"og:type\" content=\"article\" \/>\n<meta property=\"og:title\" content=\"Museo del Dise\u00f1o de Londres ser\u00e1 reubicado\u00a0\" \/>\n<meta property=\"og:description\" content=\"La nueva sede del Museo del Dise\u00f1o de Londres se localizar\u00e1 en un hist\u00f3rico edificio de los a\u00f1os sesenta reformado del barrio de Kensington\" \/>\n<meta property=\"og:url\" content=\"https:\/\/centrourbano.com\/revista\/arquitectura-2\/museo-del-diseno-de-londres-sera-reubicado\/\" \/>\n<meta property=\"og:site_name\" content=\"Centro Urbano\" \/>\n<meta property=\"article:publisher\" content=\"https:\/\/www.facebook.com\/portalcentrourbano\" \/>\n<meta property=\"article:published_time\" content=\"2016-04-01T18:15:47+00:00\" \/>\n<meta property=\"article:modified_time\" content=\"2016-04-01T21:02:34+00:00\" \/>\n<meta property=\"og:image\" content=\"https:\/\/centrourbano.com\/revista\/wp-content\/uploads\/480_900-AC17BE17-97AF-423A-A988-9F03EFDD48A2.jpg\" \/>\n\t<meta property=\"og:image:width\" content=\"900\" \/>\n\t<meta property=\"og:image:height\" content=\"480\" \/>\n\t<meta property=\"og:image:type\" content=\"image\/jpeg\" \/>\n<meta name=\"author\" content=\"Dinorah Nava\" \/>\n<meta name=\"twitter:card\" content=\"summary_large_image\" \/>\n<meta name=\"twitter:creator\" content=\"@https:\/\/twitter.com\/Dinorah_Nava28\" \/>\n<meta name=\"twitter:site\" content=\"@CentroUrbano\" \/>\n<meta name=\"twitter:label1\" content=\"Escrito por\" \/>\n\t<meta name=\"twitter:data1\" content=\"Dinorah Nava\" \/>\n\t<meta name=\"twitter:label2\" content=\"Tiempo de lectura\" \/>\n\t<meta name=\"twitter:data2\" content=\"2 minutos\" \/>\n<script type=\"application\/ld+json\" class=\"yoast-schema-graph\">{\"@context\":\"https:\\\/\\\/schema.org\",\"@graph\":[{\"@type\":\"Article\",\"@id\":\"https:\\\/\\\/centrourbano.com\\\/revista\\\/arquitectura-2\\\/museo-del-diseno-de-londres-sera-reubicado\\\/#article\",\"isPartOf\":{\"@id\":\"https:\\\/\\\/centrourbano.com\\\/revista\\\/arquitectura-2\\\/museo-del-diseno-de-londres-sera-reubicado\\\/\"},\"author\":{\"name\":\"Dinorah Nava\",\"@id\":\"https:\\\/\\\/centrourbano.com\\\/revista\\\/#\\\/schema\\\/person\\\/baa9e569588d5544150642a11ad28b8b\"},\"headline\":\"Museo del Dise\u00f1o de Londres ser\u00e1 reubicado\",\"datePublished\":\"2016-04-01T18:15:47+00:00\",\"dateModified\":\"2016-04-01T21:02:34+00:00\",\"mainEntityOfPage\":{\"@id\":\"https:\\\/\\\/centrourbano.com\\\/revista\\\/arquitectura-2\\\/museo-del-diseno-de-londres-sera-reubicado\\\/\"},\"wordCount\":309,\"commentCount\":0,\"publisher\":{\"@id\":\"https:\\\/\\\/centrourbano.com\\\/revista\\\/#organization\"},\"image\":{\"@id\":\"https:\\\/\\\/centrourbano.com\\\/revista\\\/arquitectura-2\\\/museo-del-diseno-de-londres-sera-reubicado\\\/#primaryimage\"},\"thumbnailUrl\":\"https:\\\/\\\/centrourbano.com\\\/revista\\\/wp-content\\\/uploads\\\/480_900-AC17BE17-97AF-423A-A988-9F03EFDD48A2.jpg\",\"keywords\":[\"arquitectura\",\"dise\u00f1o\",\"Londres\",\"Museo del Dise\u00f1o\",\"Museo del Dise\u00f1o de Londres\"],\"articleSection\":[\"Arquitectura\"],\"inLanguage\":\"es\",\"potentialAction\":[{\"@type\":\"CommentAction\",\"name\":\"Comment\",\"target\":[\"https:\\\/\\\/centrourbano.com\\\/revista\\\/arquitectura-2\\\/museo-del-diseno-de-londres-sera-reubicado\\\/#respond\"]}]},{\"@type\":\"WebPage\",\"@id\":\"https:\\\/\\\/centrourbano.com\\\/revista\\\/arquitectura-2\\\/museo-del-diseno-de-londres-sera-reubicado\\\/\",\"url\":\"https:\\\/\\\/centrourbano.com\\\/revista\\\/arquitectura-2\\\/museo-del-diseno-de-londres-sera-reubicado\\\/\",\"name\":\"Museo del Dise\u00f1o de Londres ser\u00e1 reubicado\u00a0\",\"isPartOf\":{\"@id\":\"https:\\\/\\\/centrourbano.com\\\/revista\\\/#website\"},\"primaryImageOfPage\":{\"@id\":\"https:\\\/\\\/centrourbano.com\\\/revista\\\/arquitectura-2\\\/museo-del-diseno-de-londres-sera-reubicado\\\/#primaryimage\"},\"image\":{\"@id\":\"https:\\\/\\\/centrourbano.com\\\/revista\\\/arquitectura-2\\\/museo-del-diseno-de-londres-sera-reubicado\\\/#primaryimage\"},\"thumbnailUrl\":\"https:\\\/\\\/centrourbano.com\\\/revista\\\/wp-content\\\/uploads\\\/480_900-AC17BE17-97AF-423A-A988-9F03EFDD48A2.jpg\",\"datePublished\":\"2016-04-01T18:15:47+00:00\",\"dateModified\":\"2016-04-01T21:02:34+00:00\",\"description\":\"La nueva sede del Museo del Dise\u00f1o de Londres se localizar\u00e1 en un hist\u00f3rico edificio de los a\u00f1os sesenta reformado del barrio de Kensington\",\"breadcrumb\":{\"@id\":\"https:\\\/\\\/centrourbano.com\\\/revista\\\/arquitectura-2\\\/museo-del-diseno-de-londres-sera-reubicado\\\/#breadcrumb\"},\"inLanguage\":\"es\",\"potentialAction\":[{\"@type\":\"ReadAction\",\"target\":[\"https:\\\/\\\/centrourbano.com\\\/revista\\\/arquitectura-2\\\/museo-del-diseno-de-londres-sera-reubicado\\\/\"]}]},{\"@type\":\"ImageObject\",\"inLanguage\":\"es\",\"@id\":\"https:\\\/\\\/centrourbano.com\\\/revista\\\/arquitectura-2\\\/museo-del-diseno-de-londres-sera-reubicado\\\/#primaryimage\",\"url\":\"https:\\\/\\\/centrourbano.com\\\/revista\\\/wp-content\\\/uploads\\\/480_900-AC17BE17-97AF-423A-A988-9F03EFDD48A2.jpg\",\"contentUrl\":\"https:\\\/\\\/centrourbano.com\\\/revista\\\/wp-content\\\/uploads\\\/480_900-AC17BE17-97AF-423A-A988-9F03EFDD48A2.jpg\",\"width\":900,\"height\":480,\"caption\":\"La nueva sede del Museo del Dise\u00f1o de Londres se localizar\u00e1 en un hist\u00f3rico edificio de los a\u00f1os sesenta reformado del barrio de Kensington\"},{\"@type\":\"BreadcrumbList\",\"@id\":\"https:\\\/\\\/centrourbano.com\\\/revista\\\/arquitectura-2\\\/museo-del-diseno-de-londres-sera-reubicado\\\/#breadcrumb\",\"itemListElement\":[{\"@type\":\"ListItem\",\"position\":1,\"name\":\"Portada\",\"item\":\"https:\\\/\\\/centrourbano.com\\\/revista\\\/\"},{\"@type\":\"ListItem\",\"position\":2,\"name\":\"Museo del Dise\u00f1o de Londres ser\u00e1 reubicado\"}]},{\"@type\":\"WebSite\",\"@id\":\"https:\\\/\\\/centrourbano.com\\\/revista\\\/#website\",\"url\":\"https:\\\/\\\/centrourbano.com\\\/revista\\\/\",\"name\":\"Centro Urbano\",\"description\":\"Medio especializado en los sectores vivienda, inmobiliario, construcci\u00f3n, arquitectura y urbanismo.\",\"publisher\":{\"@id\":\"https:\\\/\\\/centrourbano.com\\\/revista\\\/#organization\"},\"potentialAction\":[{\"@type\":\"SearchAction\",\"target\":{\"@type\":\"EntryPoint\",\"urlTemplate\":\"https:\\\/\\\/centrourbano.com\\\/revista\\\/?s={search_term_string}\"},\"query-input\":{\"@type\":\"PropertyValueSpecification\",\"valueRequired\":true,\"valueName\":\"search_term_string\"}}],\"inLanguage\":\"es\"},{\"@type\":\"Organization\",\"@id\":\"https:\\\/\\\/centrourbano.com\\\/revista\\\/#organization\",\"name\":\"Centro Urbano\",\"url\":\"https:\\\/\\\/centrourbano.com\\\/revista\\\/\",\"logo\":{\"@type\":\"ImageObject\",\"inLanguage\":\"es\",\"@id\":\"https:\\\/\\\/centrourbano.com\\\/revista\\\/#\\\/schema\\\/logo\\\/image\\\/\",\"url\":\"https:\\\/\\\/centrourbano.com\\\/revista\\\/wp-content\\\/uploads\\\/web_CU_logo-1.png\",\"contentUrl\":\"https:\\\/\\\/centrourbano.com\\\/revista\\\/wp-content\\\/uploads\\\/web_CU_logo-1.png\",\"width\":350,\"height\":91,\"caption\":\"Centro Urbano\"},\"image\":{\"@id\":\"https:\\\/\\\/centrourbano.com\\\/revista\\\/#\\\/schema\\\/logo\\\/image\\\/\"},\"sameAs\":[\"https:\\\/\\\/www.facebook.com\\\/portalcentrourbano\",\"https:\\\/\\\/x.com\\\/CentroUrbano\",\"https:\\\/\\\/www.instagram.com\\\/centro_urbano\\\/\",\"https:\\\/\\\/www.linkedin.com\\\/company\\\/centro-urbano\\\/\",\"http:\\\/\\\/www.youtube.com\\\/user\\\/portalcentrourbano\"]},{\"@type\":\"Person\",\"@id\":\"https:\\\/\\\/centrourbano.com\\\/revista\\\/#\\\/schema\\\/person\\\/baa9e569588d5544150642a11ad28b8b\",\"name\":\"Dinorah Nava\",\"image\":{\"@type\":\"ImageObject\",\"inLanguage\":\"es\",\"@id\":\"https:\\\/\\\/secure.gravatar.com\\\/avatar\\\/f6ca6430c51d147f363940f84e1225aa4b8183885c11802cc3b042305a4ecc1a?s=96&d=mm&r=g\",\"url\":\"https:\\\/\\\/secure.gravatar.com\\\/avatar\\\/f6ca6430c51d147f363940f84e1225aa4b8183885c11802cc3b042305a4ecc1a?s=96&d=mm&r=g\",\"contentUrl\":\"https:\\\/\\\/secure.gravatar.com\\\/avatar\\\/f6ca6430c51d147f363940f84e1225aa4b8183885c11802cc3b042305a4ecc1a?s=96&d=mm&r=g\",\"caption\":\"Dinorah Nava\"},\"description\":\"Editora de Contenidos y Estrategias Digitales en Centro Urbano y Coeditora en Peri\u00f3dico Mi Casa. Egresada de la licenciatura en Comunicaci\u00f3n y Periodismo de la Facultad de Estudios Superiores Arag\u00f3n (UNAM). Amante de la edici\u00f3n y correcci\u00f3n de estilo, las redes sociales y el mundo digital. Especialista en temas son arquitectura, inmobiliario y urbanismo.\",\"sameAs\":[\"linkedin.com\\\/in\\\/dinorah-nava\",\"https:\\\/\\\/x.com\\\/https:\\\/\\\/twitter.com\\\/Dinorah_Nava28\"],\"url\":\"https:\\\/\\\/centrourbano.com\\\/revista\\\/author\\\/dinorah-nava\\\/\"}]}<\/script>\n<!-- \/ Yoast SEO plugin. -->","yoast_head_json":{"title":"Museo del Dise\u00f1o de Londres ser\u00e1 reubicado\u00a0","description":"La nueva sede del Museo del Dise\u00f1o de Londres se localizar\u00e1 en un hist\u00f3rico edificio de los a\u00f1os sesenta reformado del barrio de Kensington","robots":{"index":"index","follow":"follow","max-snippet":"max-snippet:-1","max-image-preview":"max-image-preview:large","max-video-preview":"max-video-preview:-1"},"canonical":"https:\/\/centrourbano.com\/revista\/arquitectura-2\/museo-del-diseno-de-londres-sera-reubicado\/","og_locale":"es_ES","og_type":"article","og_title":"Museo del Dise\u00f1o de Londres ser\u00e1 reubicado\u00a0","og_description":"La nueva sede del Museo del Dise\u00f1o de Londres se localizar\u00e1 en un hist\u00f3rico edificio de los a\u00f1os sesenta reformado del barrio de Kensington","og_url":"https:\/\/centrourbano.com\/revista\/arquitectura-2\/museo-del-diseno-de-londres-sera-reubicado\/","og_site_name":"Centro Urbano","article_publisher":"https:\/\/www.facebook.com\/portalcentrourbano","article_published_time":"2016-04-01T18:15:47+00:00","article_modified_time":"2016-04-01T21:02:34+00:00","og_image":[{"width":900,"height":480,"url":"https:\/\/centrourbano.com\/revista\/wp-content\/uploads\/480_900-AC17BE17-97AF-423A-A988-9F03EFDD48A2.jpg","type":"image\/jpeg"}],"author":"Dinorah Nava","twitter_card":"summary_large_image","twitter_creator":"@https:\/\/twitter.com\/Dinorah_Nava28","twitter_site":"@CentroUrbano","twitter_misc":{"Escrito por":"Dinorah Nava","Tiempo de lectura":"2 minutos"},"schema":{"@context":"https:\/\/schema.org","@graph":[{"@type":"Article","@id":"https:\/\/centrourbano.com\/revista\/arquitectura-2\/museo-del-diseno-de-londres-sera-reubicado\/#article","isPartOf":{"@id":"https:\/\/centrourbano.com\/revista\/arquitectura-2\/museo-del-diseno-de-londres-sera-reubicado\/"},"author":{"name":"Dinorah Nava","@id":"https:\/\/centrourbano.com\/revista\/#\/schema\/person\/baa9e569588d5544150642a11ad28b8b"},"headline":"Museo del Dise\u00f1o de Londres ser\u00e1 reubicado","datePublished":"2016-04-01T18:15:47+00:00","dateModified":"2016-04-01T21:02:34+00:00","mainEntityOfPage":{"@id":"https:\/\/centrourbano.com\/revista\/arquitectura-2\/museo-del-diseno-de-londres-sera-reubicado\/"},"wordCount":309,"commentCount":0,"publisher":{"@id":"https:\/\/centrourbano.com\/revista\/#organization"},"image":{"@id":"https:\/\/centrourbano.com\/revista\/arquitectura-2\/museo-del-diseno-de-londres-sera-reubicado\/#primaryimage"},"thumbnailUrl":"https:\/\/centrourbano.com\/revista\/wp-content\/uploads\/480_900-AC17BE17-97AF-423A-A988-9F03EFDD48A2.jpg","keywords":["arquitectura","dise\u00f1o","Londres","Museo del Dise\u00f1o","Museo del Dise\u00f1o de Londres"],"articleSection":["Arquitectura"],"inLanguage":"es","potentialAction":[{"@type":"CommentAction","name":"Comment","target":["https:\/\/centrourbano.com\/revista\/arquitectura-2\/museo-del-diseno-de-londres-sera-reubicado\/#respond"]}]},{"@type":"WebPage","@id":"https:\/\/centrourbano.com\/revista\/arquitectura-2\/museo-del-diseno-de-londres-sera-reubicado\/","url":"https:\/\/centrourbano.com\/revista\/arquitectura-2\/museo-del-diseno-de-londres-sera-reubicado\/","name":"Museo del Dise\u00f1o de Londres ser\u00e1 reubicado\u00a0","isPartOf":{"@id":"https:\/\/centrourbano.com\/revista\/#website"},"primaryImageOfPage":{"@id":"https:\/\/centrourbano.com\/revista\/arquitectura-2\/museo-del-diseno-de-londres-sera-reubicado\/#primaryimage"},"image":{"@id":"https:\/\/centrourbano.com\/revista\/arquitectura-2\/museo-del-diseno-de-londres-sera-reubicado\/#primaryimage"},"thumbnailUrl":"https:\/\/centrourbano.com\/revista\/wp-content\/uploads\/480_900-AC17BE17-97AF-423A-A988-9F03EFDD48A2.jpg","datePublished":"2016-04-01T18:15:47+00:00","dateModified":"2016-04-01T21:02:34+00:00","description":"La nueva sede del Museo del Dise\u00f1o de Londres se localizar\u00e1 en un hist\u00f3rico edificio de los a\u00f1os sesenta reformado del barrio de Kensington","breadcrumb":{"@id":"https:\/\/centrourbano.com\/revista\/arquitectura-2\/museo-del-diseno-de-londres-sera-reubicado\/#breadcrumb"},"inLanguage":"es","potentialAction":[{"@type":"ReadAction","target":["https:\/\/centrourbano.com\/revista\/arquitectura-2\/museo-del-diseno-de-londres-sera-reubicado\/"]}]},{"@type":"ImageObject","inLanguage":"es","@id":"https:\/\/centrourbano.com\/revista\/arquitectura-2\/museo-del-diseno-de-londres-sera-reubicado\/#primaryimage","url":"https:\/\/centrourbano.com\/revista\/wp-content\/uploads\/480_900-AC17BE17-97AF-423A-A988-9F03EFDD48A2.jpg","contentUrl":"https:\/\/centrourbano.com\/revista\/wp-content\/uploads\/480_900-AC17BE17-97AF-423A-A988-9F03EFDD48A2.jpg","width":900,"height":480,"caption":"La nueva sede del Museo del Dise\u00f1o de Londres se localizar\u00e1 en un hist\u00f3rico edificio de los a\u00f1os sesenta reformado del barrio de Kensington"},{"@type":"BreadcrumbList","@id":"https:\/\/centrourbano.com\/revista\/arquitectura-2\/museo-del-diseno-de-londres-sera-reubicado\/#breadcrumb","itemListElement":[{"@type":"ListItem","position":1,"name":"Portada","item":"https:\/\/centrourbano.com\/revista\/"},{"@type":"ListItem","position":2,"name":"Museo del Dise\u00f1o de Londres ser\u00e1 reubicado"}]},{"@type":"WebSite","@id":"https:\/\/centrourbano.com\/revista\/#website","url":"https:\/\/centrourbano.com\/revista\/","name":"Centro Urbano","description":"Medio especializado en los sectores vivienda, inmobiliario, construcci\u00f3n, arquitectura y urbanismo.","publisher":{"@id":"https:\/\/centrourbano.com\/revista\/#organization"},"potentialAction":[{"@type":"SearchAction","target":{"@type":"EntryPoint","urlTemplate":"https:\/\/centrourbano.com\/revista\/?s={search_term_string}"},"query-input":{"@type":"PropertyValueSpecification","valueRequired":true,"valueName":"search_term_string"}}],"inLanguage":"es"},{"@type":"Organization","@id":"https:\/\/centrourbano.com\/revista\/#organization","name":"Centro Urbano","url":"https:\/\/centrourbano.com\/revista\/","logo":{"@type":"ImageObject","inLanguage":"es","@id":"https:\/\/centrourbano.com\/revista\/#\/schema\/logo\/image\/","url":"https:\/\/centrourbano.com\/revista\/wp-content\/uploads\/web_CU_logo-1.png","contentUrl":"https:\/\/centrourbano.com\/revista\/wp-content\/uploads\/web_CU_logo-1.png","width":350,"height":91,"caption":"Centro Urbano"},"image":{"@id":"https:\/\/centrourbano.com\/revista\/#\/schema\/logo\/image\/"},"sameAs":["https:\/\/www.facebook.com\/portalcentrourbano","https:\/\/x.com\/CentroUrbano","https:\/\/www.instagram.com\/centro_urbano\/","https:\/\/www.linkedin.com\/company\/centro-urbano\/","http:\/\/www.youtube.com\/user\/portalcentrourbano"]},{"@type":"Person","@id":"https:\/\/centrourbano.com\/revista\/#\/schema\/person\/baa9e569588d5544150642a11ad28b8b","name":"Dinorah Nava","image":{"@type":"ImageObject","inLanguage":"es","@id":"https:\/\/secure.gravatar.com\/avatar\/f6ca6430c51d147f363940f84e1225aa4b8183885c11802cc3b042305a4ecc1a?s=96&d=mm&r=g","url":"https:\/\/secure.gravatar.com\/avatar\/f6ca6430c51d147f363940f84e1225aa4b8183885c11802cc3b042305a4ecc1a?s=96&d=mm&r=g","contentUrl":"https:\/\/secure.gravatar.com\/avatar\/f6ca6430c51d147f363940f84e1225aa4b8183885c11802cc3b042305a4ecc1a?s=96&d=mm&r=g","caption":"Dinorah Nava"},"description":"Editora de Contenidos y Estrategias Digitales en Centro Urbano y Coeditora en Peri\u00f3dico Mi Casa. Egresada de la licenciatura en Comunicaci\u00f3n y Periodismo de la Facultad de Estudios Superiores Arag\u00f3n (UNAM). Amante de la edici\u00f3n y correcci\u00f3n de estilo, las redes sociales y el mundo digital. Especialista en temas son arquitectura, inmobiliario y urbanismo.","sameAs":["linkedin.com\/in\/dinorah-nava","https:\/\/x.com\/https:\/\/twitter.com\/Dinorah_Nava28"],"url":"https:\/\/centrourbano.com\/revista\/author\/dinorah-nava\/"}]}},"_links":{"self":[{"href":"https:\/\/centrourbano.com\/revista\/wp-json\/wp\/v2\/posts\/32846","targetHints":{"allow":["GET"]}}],"collection":[{"href":"https:\/\/centrourbano.com\/revista\/wp-json\/wp\/v2\/posts"}],"about":[{"href":"https:\/\/centrourbano.com\/revista\/wp-json\/wp\/v2\/types\/post"}],"author":[{"embeddable":true,"href":"https:\/\/centrourbano.com\/revista\/wp-json\/wp\/v2\/users\/9"}],"replies":[{"embeddable":true,"href":"https:\/\/centrourbano.com\/revista\/wp-json\/wp\/v2\/comments?post=32846"}],"version-history":[{"count":0,"href":"https:\/\/centrourbano.com\/revista\/wp-json\/wp\/v2\/posts\/32846\/revisions"}],"wp:featuredmedia":[{"embeddable":true,"href":"https:\/\/centrourbano.com\/revista\/wp-json\/wp\/v2\/media\/32847"}],"wp:attachment":[{"href":"https:\/\/centrourbano.com\/revista\/wp-json\/wp\/v2\/media?parent=32846"}],"wp:term":[{"taxonomy":"category","embeddable":true,"href":"https:\/\/centrourbano.com\/revista\/wp-json\/wp\/v2\/categories?post=32846"},{"taxonomy":"post_tag","embeddable":true,"href":"https:\/\/centrourbano.com\/revista\/wp-json\/wp\/v2\/tags?post=32846"}],"curies":[{"name":"wp","href":"https:\/\/api.w.org\/{rel}","templated":true}]}}