{"id":32839,"date":"2016-04-01T10:54:51","date_gmt":"2016-04-01T16:54:51","guid":{"rendered":"http:\/\/centrourbano.com\/?p=32839"},"modified":"2016-04-01T10:54:51","modified_gmt":"2016-04-01T16:54:51","slug":"compraran-autobuses-con-tecnologia-euro-v","status":"publish","type":"post","link":"https:\/\/centrourbano.com\/revista\/urbanismo\/compraran-autobuses-con-tecnologia-euro-v\/","title":{"rendered":"Comprar\u00e1n autobuses con tecnolog\u00eda Euro V"},"content":{"rendered":"<p><em>Se espera la adquisici\u00f3n de 210 veh\u00edculos nuevos <\/em><br \/>\n<!--more--><\/p>\n<p>El jefe de gobierno de la Cuidad de M\u00e9xico, Miguel \u00c1ngel Mancera Espinosa, inform\u00f3 que se destinar\u00e1 una inversi\u00f3n de 500 millones de pesos para la compra de autobuses de transporte p\u00fablico con tecnolog\u00eda Euro V, mismas que operar\u00edan en el Sistema M1.<\/p>\n<p>\u201cHe dado la instrucci\u00f3n ya, porque va a ser importante para toda la gente que lo requiere, de destinar otros 500 millones de pesos para la compra de autobuses nuevos\u201d, puntualiz\u00f3.<br \/>\nEl mandatario capitalino anunci\u00f3 que se tiene previsto la adquisici\u00f3n de 190 y 210 veh\u00edculos nuevos, como una medida para mejorar la movilidad urbana y reducir las emisiones contaminantes. <\/p>\n<p>Adem\u00e1s, mencion\u00f3 que continuar\u00e1 la renovaci\u00f3n de camiones de basura, \u201cten\u00edamos camiones de 1970. Un cami\u00f3n de 1970 contamina 80 veces m\u00e1s que cualquier otro veh\u00edculo. Entonces, esto tambi\u00e9n hemos dado la instrucci\u00f3n ya para que se realicen las inversiones y las compras lo antes posible\u201d, indic\u00f3.<\/p>\n","protected":false},"excerpt":{"rendered":"<p>Se espera la adquisici\u00f3n de 210 veh\u00edculos nuevos<\/p>\n","protected":false},"author":77,"featured_media":32841,"comment_status":"open","ping_status":"closed","sticky":false,"template":"","format":"standard","meta":{"inline_featured_image":false,"footnotes":""},"categories":[82],"tags":[4747,3054,7983],"class_list":["post-32839","post","type-post","status-publish","format-standard","has-post-thumbnail","hentry","category-urbanismo","tag-autobuses","tag-miguel-mancera","tag-tecnologia-euro-v"],"yoast_head":"<!-- This site is optimized with the Yoast SEO plugin v28.4 - https:\/\/yoast.com\/product\/yoast-seo-wordpress\/ -->\n<title>Comprar\u00e1n autobuses con tecnolog\u00eda Euro V -<\/title>\n<meta name=\"description\" content=\"Se espera la adquisici\u00f3n de 210 veh\u00edculos nuevos El jefe de gobierno de la Cuidad de M\u00e9xico, Miguel \u00c1ngel Mancera Espinosa, inform\u00f3 que se destinar\u00e1 una\" \/>\n<meta name=\"robots\" content=\"index, follow, max-snippet:-1, max-image-preview:large, max-video-preview:-1\" \/>\n<link rel=\"canonical\" href=\"https:\/\/centrourbano.com\/revista\/urbanismo\/compraran-autobuses-con-tecnologia-euro-v\/\" \/>\n<meta property=\"og:locale\" content=\"es_ES\" \/>\n<meta property=\"og:type\" content=\"article\" \/>\n<meta property=\"og:title\" content=\"Comprar\u00e1n autobuses con tecnolog\u00eda Euro V -\" \/>\n<meta property=\"og:description\" content=\"Se espera la adquisici\u00f3n de 210 veh\u00edculos nuevos El jefe de gobierno de la Cuidad de M\u00e9xico, Miguel \u00c1ngel Mancera Espinosa, inform\u00f3 que se destinar\u00e1 una\" \/>\n<meta property=\"og:url\" content=\"https:\/\/centrourbano.com\/revista\/urbanismo\/compraran-autobuses-con-tecnologia-euro-v\/\" \/>\n<meta property=\"og:site_name\" content=\"Centro Urbano\" \/>\n<meta property=\"article:publisher\" content=\"https:\/\/www.facebook.com\/portalcentrourbano\" \/>\n<meta property=\"article:published_time\" content=\"2016-04-01T16:54:51+00:00\" \/>\n<meta property=\"og:image\" content=\"https:\/\/centrourbano.com\/revista\/wp-content\/uploads\/050316-MIGUEL-\u00c1NGEL-MANCERA-RTP-8-e1459529676486.jpg\" \/>\n\t<meta property=\"og:image:width\" content=\"580\" \/>\n\t<meta property=\"og:image:height\" content=\"385\" \/>\n\t<meta property=\"og:image:type\" content=\"image\/jpeg\" \/>\n<meta name=\"author\" content=\"G4A\" \/>\n<meta name=\"twitter:card\" content=\"summary_large_image\" \/>\n<meta name=\"twitter:creator\" content=\"@CentroUrbano\" \/>\n<meta name=\"twitter:site\" content=\"@CentroUrbano\" \/>\n<meta name=\"twitter:label1\" content=\"Escrito por\" \/>\n\t<meta name=\"twitter:data1\" content=\"G4A\" \/>\n\t<meta name=\"twitter:label2\" content=\"Tiempo de lectura\" \/>\n\t<meta name=\"twitter:data2\" content=\"1 minuto\" \/>\n<script type=\"application\/ld+json\" class=\"yoast-schema-graph\">{\"@context\":\"https:\\\/\\\/schema.org\",\"@graph\":[{\"@type\":\"Article\",\"@id\":\"https:\\\/\\\/centrourbano.com\\\/revista\\\/urbanismo\\\/compraran-autobuses-con-tecnologia-euro-v\\\/#article\",\"isPartOf\":{\"@id\":\"https:\\\/\\\/centrourbano.com\\\/revista\\\/urbanismo\\\/compraran-autobuses-con-tecnologia-euro-v\\\/\"},\"author\":{\"name\":\"G4A\",\"@id\":\"https:\\\/\\\/centrourbano.com\\\/revista\\\/#\\\/schema\\\/person\\\/370fa0ba2d8dd5bde3fdb8b62ad360aa\"},\"headline\":\"Comprar\u00e1n autobuses con tecnolog\u00eda Euro V\",\"datePublished\":\"2016-04-01T16:54:51+00:00\",\"mainEntityOfPage\":{\"@id\":\"https:\\\/\\\/centrourbano.com\\\/revista\\\/urbanismo\\\/compraran-autobuses-con-tecnologia-euro-v\\\/\"},\"wordCount\":176,\"commentCount\":0,\"publisher\":{\"@id\":\"https:\\\/\\\/centrourbano.com\\\/revista\\\/#organization\"},\"image\":{\"@id\":\"https:\\\/\\\/centrourbano.com\\\/revista\\\/urbanismo\\\/compraran-autobuses-con-tecnologia-euro-v\\\/#primaryimage\"},\"thumbnailUrl\":\"https:\\\/\\\/centrourbano.com\\\/revista\\\/wp-content\\\/uploads\\\/050316-MIGUEL-\u00c1NGEL-MANCERA-RTP-8-e1459529676486.jpg\",\"keywords\":[\"Autobuses\",\"Miguel Mancera\",\"tecnolog\u00eda Euro V\"],\"articleSection\":[\"Urbanismo\"],\"inLanguage\":\"es\"},{\"@type\":\"WebPage\",\"@id\":\"https:\\\/\\\/centrourbano.com\\\/revista\\\/urbanismo\\\/compraran-autobuses-con-tecnologia-euro-v\\\/\",\"url\":\"https:\\\/\\\/centrourbano.com\\\/revista\\\/urbanismo\\\/compraran-autobuses-con-tecnologia-euro-v\\\/\",\"name\":\"Comprar\u00e1n autobuses con tecnolog\u00eda Euro V -\",\"isPartOf\":{\"@id\":\"https:\\\/\\\/centrourbano.com\\\/revista\\\/#website\"},\"primaryImageOfPage\":{\"@id\":\"https:\\\/\\\/centrourbano.com\\\/revista\\\/urbanismo\\\/compraran-autobuses-con-tecnologia-euro-v\\\/#primaryimage\"},\"image\":{\"@id\":\"https:\\\/\\\/centrourbano.com\\\/revista\\\/urbanismo\\\/compraran-autobuses-con-tecnologia-euro-v\\\/#primaryimage\"},\"thumbnailUrl\":\"https:\\\/\\\/centrourbano.com\\\/revista\\\/wp-content\\\/uploads\\\/050316-MIGUEL-\u00c1NGEL-MANCERA-RTP-8-e1459529676486.jpg\",\"datePublished\":\"2016-04-01T16:54:51+00:00\",\"description\":\"Se espera la adquisici\u00f3n de 210 veh\u00edculos nuevos El jefe de gobierno de la Cuidad de M\u00e9xico, Miguel \u00c1ngel Mancera Espinosa, inform\u00f3 que se destinar\u00e1 una\",\"breadcrumb\":{\"@id\":\"https:\\\/\\\/centrourbano.com\\\/revista\\\/urbanismo\\\/compraran-autobuses-con-tecnologia-euro-v\\\/#breadcrumb\"},\"inLanguage\":\"es\",\"potentialAction\":[{\"@type\":\"ReadAction\",\"target\":[\"https:\\\/\\\/centrourbano.com\\\/revista\\\/urbanismo\\\/compraran-autobuses-con-tecnologia-euro-v\\\/\"]}]},{\"@type\":\"ImageObject\",\"inLanguage\":\"es\",\"@id\":\"https:\\\/\\\/centrourbano.com\\\/revista\\\/urbanismo\\\/compraran-autobuses-con-tecnologia-euro-v\\\/#primaryimage\",\"url\":\"https:\\\/\\\/centrourbano.com\\\/revista\\\/wp-content\\\/uploads\\\/050316-MIGUEL-\u00c1NGEL-MANCERA-RTP-8-e1459529676486.jpg\",\"contentUrl\":\"https:\\\/\\\/centrourbano.com\\\/revista\\\/wp-content\\\/uploads\\\/050316-MIGUEL-\u00c1NGEL-MANCERA-RTP-8-e1459529676486.jpg\",\"width\":580,\"height\":385},{\"@type\":\"BreadcrumbList\",\"@id\":\"https:\\\/\\\/centrourbano.com\\\/revista\\\/urbanismo\\\/compraran-autobuses-con-tecnologia-euro-v\\\/#breadcrumb\",\"itemListElement\":[{\"@type\":\"ListItem\",\"position\":1,\"name\":\"Portada\",\"item\":\"https:\\\/\\\/centrourbano.com\\\/revista\\\/\"},{\"@type\":\"ListItem\",\"position\":2,\"name\":\"Comprar\u00e1n autobuses con tecnolog\u00eda Euro V\"}]},{\"@type\":\"WebSite\",\"@id\":\"https:\\\/\\\/centrourbano.com\\\/revista\\\/#website\",\"url\":\"https:\\\/\\\/centrourbano.com\\\/revista\\\/\",\"name\":\"Centro Urbano\",\"description\":\"Medio especializado en los sectores vivienda, inmobiliario, construcci\u00f3n, arquitectura y urbanismo.\",\"publisher\":{\"@id\":\"https:\\\/\\\/centrourbano.com\\\/revista\\\/#organization\"},\"potentialAction\":[{\"@type\":\"SearchAction\",\"target\":{\"@type\":\"EntryPoint\",\"urlTemplate\":\"https:\\\/\\\/centrourbano.com\\\/revista\\\/?s={search_term_string}\"},\"query-input\":{\"@type\":\"PropertyValueSpecification\",\"valueRequired\":true,\"valueName\":\"search_term_string\"}}],\"inLanguage\":\"es\"},{\"@type\":\"Organization\",\"@id\":\"https:\\\/\\\/centrourbano.com\\\/revista\\\/#organization\",\"name\":\"Centro Urbano\",\"url\":\"https:\\\/\\\/centrourbano.com\\\/revista\\\/\",\"logo\":{\"@type\":\"ImageObject\",\"inLanguage\":\"es\",\"@id\":\"https:\\\/\\\/centrourbano.com\\\/revista\\\/#\\\/schema\\\/logo\\\/image\\\/\",\"url\":\"https:\\\/\\\/centrourbano.com\\\/revista\\\/wp-content\\\/uploads\\\/web_CU_logo-1.png\",\"contentUrl\":\"https:\\\/\\\/centrourbano.com\\\/revista\\\/wp-content\\\/uploads\\\/web_CU_logo-1.png\",\"width\":350,\"height\":91,\"caption\":\"Centro Urbano\"},\"image\":{\"@id\":\"https:\\\/\\\/centrourbano.com\\\/revista\\\/#\\\/schema\\\/logo\\\/image\\\/\"},\"sameAs\":[\"https:\\\/\\\/www.facebook.com\\\/portalcentrourbano\",\"https:\\\/\\\/x.com\\\/CentroUrbano\",\"https:\\\/\\\/www.instagram.com\\\/centro_urbano\\\/\",\"https:\\\/\\\/www.linkedin.com\\\/company\\\/centro-urbano\\\/\",\"http:\\\/\\\/www.youtube.com\\\/user\\\/portalcentrourbano\"]},{\"@type\":\"Person\",\"@id\":\"https:\\\/\\\/centrourbano.com\\\/revista\\\/#\\\/schema\\\/person\\\/370fa0ba2d8dd5bde3fdb8b62ad360aa\",\"name\":\"G4A\",\"image\":{\"@type\":\"ImageObject\",\"inLanguage\":\"es\",\"@id\":\"https:\\\/\\\/secure.gravatar.com\\\/avatar\\\/932a97121b13d5de5bbd8193c6c83d3b92c9eda0f39623607d4280e7a5778d97?s=96&d=mm&r=g\",\"url\":\"https:\\\/\\\/secure.gravatar.com\\\/avatar\\\/932a97121b13d5de5bbd8193c6c83d3b92c9eda0f39623607d4280e7a5778d97?s=96&d=mm&r=g\",\"contentUrl\":\"https:\\\/\\\/secure.gravatar.com\\\/avatar\\\/932a97121b13d5de5bbd8193c6c83d3b92c9eda0f39623607d4280e7a5778d97?s=96&d=mm&r=g\",\"caption\":\"G4A\"},\"url\":\"https:\\\/\\\/centrourbano.com\\\/revista\\\/author\\\/admin-g4a\\\/\"}]}<\/script>\n<!-- \/ Yoast SEO plugin. -->","yoast_head_json":{"title":"Comprar\u00e1n autobuses con tecnolog\u00eda Euro V -","description":"Se espera la adquisici\u00f3n de 210 veh\u00edculos nuevos El jefe de gobierno de la Cuidad de M\u00e9xico, Miguel \u00c1ngel Mancera Espinosa, inform\u00f3 que se destinar\u00e1 una","robots":{"index":"index","follow":"follow","max-snippet":"max-snippet:-1","max-image-preview":"max-image-preview:large","max-video-preview":"max-video-preview:-1"},"canonical":"https:\/\/centrourbano.com\/revista\/urbanismo\/compraran-autobuses-con-tecnologia-euro-v\/","og_locale":"es_ES","og_type":"article","og_title":"Comprar\u00e1n autobuses con tecnolog\u00eda Euro V -","og_description":"Se espera la adquisici\u00f3n de 210 veh\u00edculos nuevos El jefe de gobierno de la Cuidad de M\u00e9xico, Miguel \u00c1ngel Mancera Espinosa, inform\u00f3 que se destinar\u00e1 una","og_url":"https:\/\/centrourbano.com\/revista\/urbanismo\/compraran-autobuses-con-tecnologia-euro-v\/","og_site_name":"Centro Urbano","article_publisher":"https:\/\/www.facebook.com\/portalcentrourbano","article_published_time":"2016-04-01T16:54:51+00:00","og_image":[{"width":580,"height":385,"url":"https:\/\/centrourbano.com\/revista\/wp-content\/uploads\/050316-MIGUEL-\u00c1NGEL-MANCERA-RTP-8-e1459529676486.jpg","type":"image\/jpeg"}],"author":"G4A","twitter_card":"summary_large_image","twitter_creator":"@CentroUrbano","twitter_site":"@CentroUrbano","twitter_misc":{"Escrito por":"G4A","Tiempo de lectura":"1 minuto"},"schema":{"@context":"https:\/\/schema.org","@graph":[{"@type":"Article","@id":"https:\/\/centrourbano.com\/revista\/urbanismo\/compraran-autobuses-con-tecnologia-euro-v\/#article","isPartOf":{"@id":"https:\/\/centrourbano.com\/revista\/urbanismo\/compraran-autobuses-con-tecnologia-euro-v\/"},"author":{"name":"G4A","@id":"https:\/\/centrourbano.com\/revista\/#\/schema\/person\/370fa0ba2d8dd5bde3fdb8b62ad360aa"},"headline":"Comprar\u00e1n autobuses con tecnolog\u00eda Euro V","datePublished":"2016-04-01T16:54:51+00:00","mainEntityOfPage":{"@id":"https:\/\/centrourbano.com\/revista\/urbanismo\/compraran-autobuses-con-tecnologia-euro-v\/"},"wordCount":176,"commentCount":0,"publisher":{"@id":"https:\/\/centrourbano.com\/revista\/#organization"},"image":{"@id":"https:\/\/centrourbano.com\/revista\/urbanismo\/compraran-autobuses-con-tecnologia-euro-v\/#primaryimage"},"thumbnailUrl":"https:\/\/centrourbano.com\/revista\/wp-content\/uploads\/050316-MIGUEL-\u00c1NGEL-MANCERA-RTP-8-e1459529676486.jpg","keywords":["Autobuses","Miguel Mancera","tecnolog\u00eda Euro V"],"articleSection":["Urbanismo"],"inLanguage":"es"},{"@type":"WebPage","@id":"https:\/\/centrourbano.com\/revista\/urbanismo\/compraran-autobuses-con-tecnologia-euro-v\/","url":"https:\/\/centrourbano.com\/revista\/urbanismo\/compraran-autobuses-con-tecnologia-euro-v\/","name":"Comprar\u00e1n autobuses con tecnolog\u00eda Euro V -","isPartOf":{"@id":"https:\/\/centrourbano.com\/revista\/#website"},"primaryImageOfPage":{"@id":"https:\/\/centrourbano.com\/revista\/urbanismo\/compraran-autobuses-con-tecnologia-euro-v\/#primaryimage"},"image":{"@id":"https:\/\/centrourbano.com\/revista\/urbanismo\/compraran-autobuses-con-tecnologia-euro-v\/#primaryimage"},"thumbnailUrl":"https:\/\/centrourbano.com\/revista\/wp-content\/uploads\/050316-MIGUEL-\u00c1NGEL-MANCERA-RTP-8-e1459529676486.jpg","datePublished":"2016-04-01T16:54:51+00:00","description":"Se espera la adquisici\u00f3n de 210 veh\u00edculos nuevos El jefe de gobierno de la Cuidad de M\u00e9xico, Miguel \u00c1ngel Mancera Espinosa, inform\u00f3 que se destinar\u00e1 una","breadcrumb":{"@id":"https:\/\/centrourbano.com\/revista\/urbanismo\/compraran-autobuses-con-tecnologia-euro-v\/#breadcrumb"},"inLanguage":"es","potentialAction":[{"@type":"ReadAction","target":["https:\/\/centrourbano.com\/revista\/urbanismo\/compraran-autobuses-con-tecnologia-euro-v\/"]}]},{"@type":"ImageObject","inLanguage":"es","@id":"https:\/\/centrourbano.com\/revista\/urbanismo\/compraran-autobuses-con-tecnologia-euro-v\/#primaryimage","url":"https:\/\/centrourbano.com\/revista\/wp-content\/uploads\/050316-MIGUEL-\u00c1NGEL-MANCERA-RTP-8-e1459529676486.jpg","contentUrl":"https:\/\/centrourbano.com\/revista\/wp-content\/uploads\/050316-MIGUEL-\u00c1NGEL-MANCERA-RTP-8-e1459529676486.jpg","width":580,"height":385},{"@type":"BreadcrumbList","@id":"https:\/\/centrourbano.com\/revista\/urbanismo\/compraran-autobuses-con-tecnologia-euro-v\/#breadcrumb","itemListElement":[{"@type":"ListItem","position":1,"name":"Portada","item":"https:\/\/centrourbano.com\/revista\/"},{"@type":"ListItem","position":2,"name":"Comprar\u00e1n autobuses con tecnolog\u00eda Euro V"}]},{"@type":"WebSite","@id":"https:\/\/centrourbano.com\/revista\/#website","url":"https:\/\/centrourbano.com\/revista\/","name":"Centro Urbano","description":"Medio especializado en los sectores vivienda, inmobiliario, construcci\u00f3n, arquitectura y urbanismo.","publisher":{"@id":"https:\/\/centrourbano.com\/revista\/#organization"},"potentialAction":[{"@type":"SearchAction","target":{"@type":"EntryPoint","urlTemplate":"https:\/\/centrourbano.com\/revista\/?s={search_term_string}"},"query-input":{"@type":"PropertyValueSpecification","valueRequired":true,"valueName":"search_term_string"}}],"inLanguage":"es"},{"@type":"Organization","@id":"https:\/\/centrourbano.com\/revista\/#organization","name":"Centro Urbano","url":"https:\/\/centrourbano.com\/revista\/","logo":{"@type":"ImageObject","inLanguage":"es","@id":"https:\/\/centrourbano.com\/revista\/#\/schema\/logo\/image\/","url":"https:\/\/centrourbano.com\/revista\/wp-content\/uploads\/web_CU_logo-1.png","contentUrl":"https:\/\/centrourbano.com\/revista\/wp-content\/uploads\/web_CU_logo-1.png","width":350,"height":91,"caption":"Centro Urbano"},"image":{"@id":"https:\/\/centrourbano.com\/revista\/#\/schema\/logo\/image\/"},"sameAs":["https:\/\/www.facebook.com\/portalcentrourbano","https:\/\/x.com\/CentroUrbano","https:\/\/www.instagram.com\/centro_urbano\/","https:\/\/www.linkedin.com\/company\/centro-urbano\/","http:\/\/www.youtube.com\/user\/portalcentrourbano"]},{"@type":"Person","@id":"https:\/\/centrourbano.com\/revista\/#\/schema\/person\/370fa0ba2d8dd5bde3fdb8b62ad360aa","name":"G4A","image":{"@type":"ImageObject","inLanguage":"es","@id":"https:\/\/secure.gravatar.com\/avatar\/932a97121b13d5de5bbd8193c6c83d3b92c9eda0f39623607d4280e7a5778d97?s=96&d=mm&r=g","url":"https:\/\/secure.gravatar.com\/avatar\/932a97121b13d5de5bbd8193c6c83d3b92c9eda0f39623607d4280e7a5778d97?s=96&d=mm&r=g","contentUrl":"https:\/\/secure.gravatar.com\/avatar\/932a97121b13d5de5bbd8193c6c83d3b92c9eda0f39623607d4280e7a5778d97?s=96&d=mm&r=g","caption":"G4A"},"url":"https:\/\/centrourbano.com\/revista\/author\/admin-g4a\/"}]}},"_links":{"self":[{"href":"https:\/\/centrourbano.com\/revista\/wp-json\/wp\/v2\/posts\/32839","targetHints":{"allow":["GET"]}}],"collection":[{"href":"https:\/\/centrourbano.com\/revista\/wp-json\/wp\/v2\/posts"}],"about":[{"href":"https:\/\/centrourbano.com\/revista\/wp-json\/wp\/v2\/types\/post"}],"author":[{"embeddable":true,"href":"https:\/\/centrourbano.com\/revista\/wp-json\/wp\/v2\/users\/77"}],"replies":[{"embeddable":true,"href":"https:\/\/centrourbano.com\/revista\/wp-json\/wp\/v2\/comments?post=32839"}],"version-history":[{"count":0,"href":"https:\/\/centrourbano.com\/revista\/wp-json\/wp\/v2\/posts\/32839\/revisions"}],"wp:featuredmedia":[{"embeddable":true,"href":"https:\/\/centrourbano.com\/revista\/wp-json\/wp\/v2\/media\/32841"}],"wp:attachment":[{"href":"https:\/\/centrourbano.com\/revista\/wp-json\/wp\/v2\/media?parent=32839"}],"wp:term":[{"taxonomy":"category","embeddable":true,"href":"https:\/\/centrourbano.com\/revista\/wp-json\/wp\/v2\/categories?post=32839"},{"taxonomy":"post_tag","embeddable":true,"href":"https:\/\/centrourbano.com\/revista\/wp-json\/wp\/v2\/tags?post=32839"}],"curies":[{"name":"wp","href":"https:\/\/api.w.org\/{rel}","templated":true}]}}