{"id":32780,"date":"2016-03-31T10:40:13","date_gmt":"2016-03-31T16:40:13","guid":{"rendered":"http:\/\/centrourbano.com\/?p=32780"},"modified":"2016-03-31T10:40:13","modified_gmt":"2016-03-31T16:40:13","slug":"mejoran-infraestructura-carretera-en-colima","status":"publish","type":"post","link":"https:\/\/centrourbano.com\/revista\/construccion\/mejoran-infraestructura-carretera-en-colima\/","title":{"rendered":"Mejoran infraestructura carretera en Colima"},"content":{"rendered":"<p><em>Durante el la actual gubernatura se invertir\u00e1n 2,000 millones de pesos en infraestructura<\/em><br \/>\n<!--more--><\/p>\n<p>En 3 municipios de Colima se entregaron 7 obras de infraestructura por un monto de 300,000,000 de pesos, mismas que son parte del compromiso presidencial 77, el evento fue encabezado por el secretario de Comunicaciones y Transportes, Gerardo Ruiz Esparza y el gobernador dela entidad, Ignacio Peralta.  <\/p>\n<p>Los municipios beneficiados con las obras son Armer\u00eda, Minatitl\u00e1n y Tecom\u00e1n, una de las obras que se entreg\u00f3 fue el \u00faltimo tramo de la autopista Colima-Guadalajara, en el tramo entre Colima y Los Asmoles, de 12 kil\u00f3metros, que se ampli\u00f3 de 4 a 6 carriles.<\/p>\n<p>\u201cLas 7 obras viales que hoy formalmente se entregan se cumple el Compromiso de Gobierno 77, porque sabemos que fortalecen a las comunidades a las que sirven estas obras para lograr una conectividad con mayor seguridad y poder acceder a los sitios tur\u00edsticos y la producci\u00f3n agr\u00edcola de la manera m\u00e1s r\u00e1pida\u201d, dijo Esparza. <\/p>\n<p>Esta autopista beneficia a una poblaci\u00f3n de 150,000 habitantes de los 3 municipios, \u201ccon mejores v\u00edas de comunicaci\u00f3n acortaremos las distancias, no s\u00f3lo las geogr\u00e1ficas, sino tambi\u00e9n las sociales y econ\u00f3micas, para que todas las microrregiones de la entidad gocen de equilibrio y estabilidad\u201d, asegur\u00f3 el gobernador. <\/p>\n<p>Los funcionarios explicaron que durante la administraci\u00f3n local se invertir\u00e1n m\u00e1s de 2,000 millones de pesos en obras de infraestructura; la v\u00eda Colima-Guadalajara requiri\u00f3 una inversi\u00f3n de 293,000,000 de pesos para 48.13 kil\u00f3metros. <\/p>\n<p>\u201cSe trata de la construcci\u00f3n, ampliaci\u00f3n, modernizaci\u00f3n y conservaci\u00f3n de los caminos Paso por Armer\u00eda, Salida a Guasimas-Potrero Grande, Rastrojitos-El Terrero, Rastrojitos-San Antonio, Libramiento Poniente Arco Sur de Tecom\u00e1n, Salida a El Real y Salida a Pascuales, en los que se realizaron trabajos de terracer\u00edas, obra de drenaje, pavimentos, obras complementarias, alumbrado p\u00fablico y se\u00f1alamiento vertical y horizontal\u201d, detall\u00f3 el Secretario. <\/p>\n<p>La obra mejorar\u00e1 la interconexi\u00f3n de las carreteras cercanas a la autopista, ya que operar\u00e1n de manera m\u00e1s c\u00f3moda con lo que se reducen las posibilidades de accidentes y costos de operaci\u00f3n de los distintos tipos de veh\u00edculos.<\/p>\n<p>Tambi\u00e9n se evita el paso por vialidades de la zona urbana de Armer\u00eda, Minatitl\u00e1n y Tecom\u00e1n, lo cual permitir\u00e1 ahorro de combustible y agilizar\u00e1 el flujo vehicular y con ello se fomenta el turismo de las localidades de playa de El Real y Boca de Pascuales.<\/p>\n","protected":false},"excerpt":{"rendered":"<p>Durante el la actual gubernatura se invertir\u00e1n 2,000 millones de pesos en infraestructura<\/p>\n","protected":false},"author":37,"featured_media":32781,"comment_status":"open","ping_status":"closed","sticky":false,"template":"","format":"standard","meta":{"om_disable_all_campaigns":false,"inline_featured_image":false,"_monsterinsights_skip_tracking":false,"_monsterinsights_sitenote_active":false,"_monsterinsights_sitenote_note":"","_monsterinsights_sitenote_category":0,"footnotes":""},"categories":[14],"tags":[491,203,969,311,67],"class_list":["post-32780","post","type-post","status-publish","format-standard","has-post-thumbnail","hentry","category-construccion","tag-autopista","tag-carretera","tag-colima","tag-infraestructura","tag-inversion"],"yoast_head":"<!-- This site is optimized with the Yoast SEO plugin v27.4 - https:\/\/yoast.com\/product\/yoast-seo-wordpress\/ -->\n<title>Mejoran infraestructura carretera en Colima -<\/title>\n<meta name=\"description\" content=\"Durante el la actual gubernatura se invertir\u00e1n 2,000 millones de pesos en infraestructura En 3 municipios de Colima se entregaron 7 obras de\" \/>\n<meta name=\"robots\" content=\"index, follow, max-snippet:-1, max-image-preview:large, max-video-preview:-1\" \/>\n<link rel=\"canonical\" href=\"https:\/\/centrourbano.com\/revista\/construccion\/mejoran-infraestructura-carretera-en-colima\/\" \/>\n<meta property=\"og:locale\" content=\"es_ES\" \/>\n<meta property=\"og:type\" content=\"article\" \/>\n<meta property=\"og:title\" content=\"Mejoran infraestructura carretera en Colima -\" \/>\n<meta property=\"og:description\" content=\"Durante el la actual gubernatura se invertir\u00e1n 2,000 millones de pesos en infraestructura En 3 municipios de Colima se entregaron 7 obras de\" \/>\n<meta property=\"og:url\" content=\"https:\/\/centrourbano.com\/revista\/construccion\/mejoran-infraestructura-carretera-en-colima\/\" \/>\n<meta property=\"og:site_name\" content=\"Centro Urbano\" \/>\n<meta property=\"article:publisher\" content=\"https:\/\/www.facebook.com\/portalcentrourbano\" \/>\n<meta property=\"article:published_time\" content=\"2016-03-31T16:40:13+00:00\" \/>\n<meta property=\"og:image\" content=\"https:\/\/centrourbano.com\/revista\/wp-content\/uploads\/FOTO-1-3-1.jpg\" \/>\n\t<meta property=\"og:image:width\" content=\"1024\" \/>\n\t<meta property=\"og:image:height\" content=\"638\" \/>\n\t<meta property=\"og:image:type\" content=\"image\/jpeg\" \/>\n<meta name=\"author\" content=\"Diego Rodr\u00edguez\" \/>\n<meta name=\"twitter:card\" content=\"summary_large_image\" \/>\n<meta name=\"twitter:creator\" content=\"@CentroUrbano\" \/>\n<meta name=\"twitter:site\" content=\"@CentroUrbano\" \/>\n<meta name=\"twitter:label1\" content=\"Escrito por\" \/>\n\t<meta name=\"twitter:data1\" content=\"Diego Rodr\u00edguez\" \/>\n\t<meta name=\"twitter:label2\" content=\"Tiempo de lectura\" \/>\n\t<meta name=\"twitter:data2\" content=\"2 minutos\" \/>\n<script type=\"application\/ld+json\" class=\"yoast-schema-graph\">{\"@context\":\"https:\\\/\\\/schema.org\",\"@graph\":[{\"@type\":\"Article\",\"@id\":\"https:\\\/\\\/centrourbano.com\\\/revista\\\/construccion\\\/mejoran-infraestructura-carretera-en-colima\\\/#article\",\"isPartOf\":{\"@id\":\"https:\\\/\\\/centrourbano.com\\\/revista\\\/construccion\\\/mejoran-infraestructura-carretera-en-colima\\\/\"},\"author\":{\"name\":\"Diego Rodr\u00edguez\",\"@id\":\"https:\\\/\\\/centrourbano.com\\\/revista\\\/#\\\/schema\\\/person\\\/b50192a3cd0e680841b45dc537f53970\"},\"headline\":\"Mejoran infraestructura carretera en Colima\",\"datePublished\":\"2016-03-31T16:40:13+00:00\",\"mainEntityOfPage\":{\"@id\":\"https:\\\/\\\/centrourbano.com\\\/revista\\\/construccion\\\/mejoran-infraestructura-carretera-en-colima\\\/\"},\"wordCount\":416,\"commentCount\":0,\"publisher\":{\"@id\":\"https:\\\/\\\/centrourbano.com\\\/revista\\\/#organization\"},\"image\":{\"@id\":\"https:\\\/\\\/centrourbano.com\\\/revista\\\/construccion\\\/mejoran-infraestructura-carretera-en-colima\\\/#primaryimage\"},\"thumbnailUrl\":\"https:\\\/\\\/centrourbano.com\\\/revista\\\/wp-content\\\/uploads\\\/FOTO-1-3-1.jpg\",\"keywords\":[\"autopista\",\"carretera\",\"colima\",\"infraestructura\",\"inversi\u00f3n\"],\"articleSection\":[\"Construcci\u00f3n\"],\"inLanguage\":\"es\",\"potentialAction\":[{\"@type\":\"CommentAction\",\"name\":\"Comment\",\"target\":[\"https:\\\/\\\/centrourbano.com\\\/revista\\\/construccion\\\/mejoran-infraestructura-carretera-en-colima\\\/#respond\"]}]},{\"@type\":\"WebPage\",\"@id\":\"https:\\\/\\\/centrourbano.com\\\/revista\\\/construccion\\\/mejoran-infraestructura-carretera-en-colima\\\/\",\"url\":\"https:\\\/\\\/centrourbano.com\\\/revista\\\/construccion\\\/mejoran-infraestructura-carretera-en-colima\\\/\",\"name\":\"Mejoran infraestructura carretera en Colima -\",\"isPartOf\":{\"@id\":\"https:\\\/\\\/centrourbano.com\\\/revista\\\/#website\"},\"primaryImageOfPage\":{\"@id\":\"https:\\\/\\\/centrourbano.com\\\/revista\\\/construccion\\\/mejoran-infraestructura-carretera-en-colima\\\/#primaryimage\"},\"image\":{\"@id\":\"https:\\\/\\\/centrourbano.com\\\/revista\\\/construccion\\\/mejoran-infraestructura-carretera-en-colima\\\/#primaryimage\"},\"thumbnailUrl\":\"https:\\\/\\\/centrourbano.com\\\/revista\\\/wp-content\\\/uploads\\\/FOTO-1-3-1.jpg\",\"datePublished\":\"2016-03-31T16:40:13+00:00\",\"description\":\"Durante el la actual gubernatura se invertir\u00e1n 2,000 millones de pesos en infraestructura En 3 municipios de Colima se entregaron 7 obras de\",\"breadcrumb\":{\"@id\":\"https:\\\/\\\/centrourbano.com\\\/revista\\\/construccion\\\/mejoran-infraestructura-carretera-en-colima\\\/#breadcrumb\"},\"inLanguage\":\"es\",\"potentialAction\":[{\"@type\":\"ReadAction\",\"target\":[\"https:\\\/\\\/centrourbano.com\\\/revista\\\/construccion\\\/mejoran-infraestructura-carretera-en-colima\\\/\"]}]},{\"@type\":\"ImageObject\",\"inLanguage\":\"es\",\"@id\":\"https:\\\/\\\/centrourbano.com\\\/revista\\\/construccion\\\/mejoran-infraestructura-carretera-en-colima\\\/#primaryimage\",\"url\":\"https:\\\/\\\/centrourbano.com\\\/revista\\\/wp-content\\\/uploads\\\/FOTO-1-3-1.jpg\",\"contentUrl\":\"https:\\\/\\\/centrourbano.com\\\/revista\\\/wp-content\\\/uploads\\\/FOTO-1-3-1.jpg\",\"width\":1024,\"height\":638},{\"@type\":\"BreadcrumbList\",\"@id\":\"https:\\\/\\\/centrourbano.com\\\/revista\\\/construccion\\\/mejoran-infraestructura-carretera-en-colima\\\/#breadcrumb\",\"itemListElement\":[{\"@type\":\"ListItem\",\"position\":1,\"name\":\"Portada\",\"item\":\"https:\\\/\\\/centrourbano.com\\\/revista\\\/\"},{\"@type\":\"ListItem\",\"position\":2,\"name\":\"Mejoran infraestructura carretera en Colima\"}]},{\"@type\":\"WebSite\",\"@id\":\"https:\\\/\\\/centrourbano.com\\\/revista\\\/#website\",\"url\":\"https:\\\/\\\/centrourbano.com\\\/revista\\\/\",\"name\":\"Centro Urbano\",\"description\":\"Medio especializado en los sectores vivienda, inmobiliario, construcci\u00f3n, arquitectura y urbanismo.\",\"publisher\":{\"@id\":\"https:\\\/\\\/centrourbano.com\\\/revista\\\/#organization\"},\"potentialAction\":[{\"@type\":\"SearchAction\",\"target\":{\"@type\":\"EntryPoint\",\"urlTemplate\":\"https:\\\/\\\/centrourbano.com\\\/revista\\\/?s={search_term_string}\"},\"query-input\":{\"@type\":\"PropertyValueSpecification\",\"valueRequired\":true,\"valueName\":\"search_term_string\"}}],\"inLanguage\":\"es\"},{\"@type\":\"Organization\",\"@id\":\"https:\\\/\\\/centrourbano.com\\\/revista\\\/#organization\",\"name\":\"Centro Urbano\",\"url\":\"https:\\\/\\\/centrourbano.com\\\/revista\\\/\",\"logo\":{\"@type\":\"ImageObject\",\"inLanguage\":\"es\",\"@id\":\"https:\\\/\\\/centrourbano.com\\\/revista\\\/#\\\/schema\\\/logo\\\/image\\\/\",\"url\":\"https:\\\/\\\/centrourbano.com\\\/revista\\\/wp-content\\\/uploads\\\/web_CU_logo-1.png\",\"contentUrl\":\"https:\\\/\\\/centrourbano.com\\\/revista\\\/wp-content\\\/uploads\\\/web_CU_logo-1.png\",\"width\":350,\"height\":91,\"caption\":\"Centro Urbano\"},\"image\":{\"@id\":\"https:\\\/\\\/centrourbano.com\\\/revista\\\/#\\\/schema\\\/logo\\\/image\\\/\"},\"sameAs\":[\"https:\\\/\\\/www.facebook.com\\\/portalcentrourbano\",\"https:\\\/\\\/x.com\\\/CentroUrbano\",\"https:\\\/\\\/www.instagram.com\\\/centro_urbano\\\/\",\"https:\\\/\\\/www.linkedin.com\\\/company\\\/centro-urbano\\\/\",\"http:\\\/\\\/www.youtube.com\\\/user\\\/portalcentrourbano\"]},{\"@type\":\"Person\",\"@id\":\"https:\\\/\\\/centrourbano.com\\\/revista\\\/#\\\/schema\\\/person\\\/b50192a3cd0e680841b45dc537f53970\",\"name\":\"Diego Rodr\u00edguez\",\"image\":{\"@type\":\"ImageObject\",\"inLanguage\":\"es\",\"@id\":\"https:\\\/\\\/secure.gravatar.com\\\/avatar\\\/d217565525df2df5d4e7265d47758506f41845ed9529510921a7625d8365789d?s=96&d=mm&r=g\",\"url\":\"https:\\\/\\\/secure.gravatar.com\\\/avatar\\\/d217565525df2df5d4e7265d47758506f41845ed9529510921a7625d8365789d?s=96&d=mm&r=g\",\"contentUrl\":\"https:\\\/\\\/secure.gravatar.com\\\/avatar\\\/d217565525df2df5d4e7265d47758506f41845ed9529510921a7625d8365789d?s=96&d=mm&r=g\",\"caption\":\"Diego Rodr\u00edguez\"},\"description\":\"Egresado de la Facultad de Estudios Superiores Acatl\u00e1n de la carrera en Comunicaci\u00f3n, con especialidad en medios escritos. Reportero del desaparecido peri\u00f3dico Nuestro M\u00e9xico, en donde cubri\u00f3 las fuentes delegacionales y Asamblea Legislativa. Tambi\u00e9n trabaj\u00f3 en la Coordinaci\u00f3n de Comunicaci\u00f3n Social en la delegaci\u00f3n \u00c1lvaro Obreg\u00f3n. Le gusta leer novelas y cuentos.\",\"url\":\"https:\\\/\\\/centrourbano.com\\\/revista\\\/author\\\/diegorodriguez\\\/\"}]}<\/script>\n<!-- \/ Yoast SEO plugin. -->","yoast_head_json":{"title":"Mejoran infraestructura carretera en Colima -","description":"Durante el la actual gubernatura se invertir\u00e1n 2,000 millones de pesos en infraestructura En 3 municipios de Colima se entregaron 7 obras de","robots":{"index":"index","follow":"follow","max-snippet":"max-snippet:-1","max-image-preview":"max-image-preview:large","max-video-preview":"max-video-preview:-1"},"canonical":"https:\/\/centrourbano.com\/revista\/construccion\/mejoran-infraestructura-carretera-en-colima\/","og_locale":"es_ES","og_type":"article","og_title":"Mejoran infraestructura carretera en Colima -","og_description":"Durante el la actual gubernatura se invertir\u00e1n 2,000 millones de pesos en infraestructura En 3 municipios de Colima se entregaron 7 obras de","og_url":"https:\/\/centrourbano.com\/revista\/construccion\/mejoran-infraestructura-carretera-en-colima\/","og_site_name":"Centro Urbano","article_publisher":"https:\/\/www.facebook.com\/portalcentrourbano","article_published_time":"2016-03-31T16:40:13+00:00","og_image":[{"width":1024,"height":638,"url":"https:\/\/centrourbano.com\/revista\/wp-content\/uploads\/FOTO-1-3-1.jpg","type":"image\/jpeg"}],"author":"Diego Rodr\u00edguez","twitter_card":"summary_large_image","twitter_creator":"@CentroUrbano","twitter_site":"@CentroUrbano","twitter_misc":{"Escrito por":"Diego Rodr\u00edguez","Tiempo de lectura":"2 minutos"},"schema":{"@context":"https:\/\/schema.org","@graph":[{"@type":"Article","@id":"https:\/\/centrourbano.com\/revista\/construccion\/mejoran-infraestructura-carretera-en-colima\/#article","isPartOf":{"@id":"https:\/\/centrourbano.com\/revista\/construccion\/mejoran-infraestructura-carretera-en-colima\/"},"author":{"name":"Diego Rodr\u00edguez","@id":"https:\/\/centrourbano.com\/revista\/#\/schema\/person\/b50192a3cd0e680841b45dc537f53970"},"headline":"Mejoran infraestructura carretera en Colima","datePublished":"2016-03-31T16:40:13+00:00","mainEntityOfPage":{"@id":"https:\/\/centrourbano.com\/revista\/construccion\/mejoran-infraestructura-carretera-en-colima\/"},"wordCount":416,"commentCount":0,"publisher":{"@id":"https:\/\/centrourbano.com\/revista\/#organization"},"image":{"@id":"https:\/\/centrourbano.com\/revista\/construccion\/mejoran-infraestructura-carretera-en-colima\/#primaryimage"},"thumbnailUrl":"https:\/\/centrourbano.com\/revista\/wp-content\/uploads\/FOTO-1-3-1.jpg","keywords":["autopista","carretera","colima","infraestructura","inversi\u00f3n"],"articleSection":["Construcci\u00f3n"],"inLanguage":"es","potentialAction":[{"@type":"CommentAction","name":"Comment","target":["https:\/\/centrourbano.com\/revista\/construccion\/mejoran-infraestructura-carretera-en-colima\/#respond"]}]},{"@type":"WebPage","@id":"https:\/\/centrourbano.com\/revista\/construccion\/mejoran-infraestructura-carretera-en-colima\/","url":"https:\/\/centrourbano.com\/revista\/construccion\/mejoran-infraestructura-carretera-en-colima\/","name":"Mejoran infraestructura carretera en Colima -","isPartOf":{"@id":"https:\/\/centrourbano.com\/revista\/#website"},"primaryImageOfPage":{"@id":"https:\/\/centrourbano.com\/revista\/construccion\/mejoran-infraestructura-carretera-en-colima\/#primaryimage"},"image":{"@id":"https:\/\/centrourbano.com\/revista\/construccion\/mejoran-infraestructura-carretera-en-colima\/#primaryimage"},"thumbnailUrl":"https:\/\/centrourbano.com\/revista\/wp-content\/uploads\/FOTO-1-3-1.jpg","datePublished":"2016-03-31T16:40:13+00:00","description":"Durante el la actual gubernatura se invertir\u00e1n 2,000 millones de pesos en infraestructura En 3 municipios de Colima se entregaron 7 obras de","breadcrumb":{"@id":"https:\/\/centrourbano.com\/revista\/construccion\/mejoran-infraestructura-carretera-en-colima\/#breadcrumb"},"inLanguage":"es","potentialAction":[{"@type":"ReadAction","target":["https:\/\/centrourbano.com\/revista\/construccion\/mejoran-infraestructura-carretera-en-colima\/"]}]},{"@type":"ImageObject","inLanguage":"es","@id":"https:\/\/centrourbano.com\/revista\/construccion\/mejoran-infraestructura-carretera-en-colima\/#primaryimage","url":"https:\/\/centrourbano.com\/revista\/wp-content\/uploads\/FOTO-1-3-1.jpg","contentUrl":"https:\/\/centrourbano.com\/revista\/wp-content\/uploads\/FOTO-1-3-1.jpg","width":1024,"height":638},{"@type":"BreadcrumbList","@id":"https:\/\/centrourbano.com\/revista\/construccion\/mejoran-infraestructura-carretera-en-colima\/#breadcrumb","itemListElement":[{"@type":"ListItem","position":1,"name":"Portada","item":"https:\/\/centrourbano.com\/revista\/"},{"@type":"ListItem","position":2,"name":"Mejoran infraestructura carretera en Colima"}]},{"@type":"WebSite","@id":"https:\/\/centrourbano.com\/revista\/#website","url":"https:\/\/centrourbano.com\/revista\/","name":"Centro Urbano","description":"Medio especializado en los sectores vivienda, inmobiliario, construcci\u00f3n, arquitectura y urbanismo.","publisher":{"@id":"https:\/\/centrourbano.com\/revista\/#organization"},"potentialAction":[{"@type":"SearchAction","target":{"@type":"EntryPoint","urlTemplate":"https:\/\/centrourbano.com\/revista\/?s={search_term_string}"},"query-input":{"@type":"PropertyValueSpecification","valueRequired":true,"valueName":"search_term_string"}}],"inLanguage":"es"},{"@type":"Organization","@id":"https:\/\/centrourbano.com\/revista\/#organization","name":"Centro Urbano","url":"https:\/\/centrourbano.com\/revista\/","logo":{"@type":"ImageObject","inLanguage":"es","@id":"https:\/\/centrourbano.com\/revista\/#\/schema\/logo\/image\/","url":"https:\/\/centrourbano.com\/revista\/wp-content\/uploads\/web_CU_logo-1.png","contentUrl":"https:\/\/centrourbano.com\/revista\/wp-content\/uploads\/web_CU_logo-1.png","width":350,"height":91,"caption":"Centro Urbano"},"image":{"@id":"https:\/\/centrourbano.com\/revista\/#\/schema\/logo\/image\/"},"sameAs":["https:\/\/www.facebook.com\/portalcentrourbano","https:\/\/x.com\/CentroUrbano","https:\/\/www.instagram.com\/centro_urbano\/","https:\/\/www.linkedin.com\/company\/centro-urbano\/","http:\/\/www.youtube.com\/user\/portalcentrourbano"]},{"@type":"Person","@id":"https:\/\/centrourbano.com\/revista\/#\/schema\/person\/b50192a3cd0e680841b45dc537f53970","name":"Diego Rodr\u00edguez","image":{"@type":"ImageObject","inLanguage":"es","@id":"https:\/\/secure.gravatar.com\/avatar\/d217565525df2df5d4e7265d47758506f41845ed9529510921a7625d8365789d?s=96&d=mm&r=g","url":"https:\/\/secure.gravatar.com\/avatar\/d217565525df2df5d4e7265d47758506f41845ed9529510921a7625d8365789d?s=96&d=mm&r=g","contentUrl":"https:\/\/secure.gravatar.com\/avatar\/d217565525df2df5d4e7265d47758506f41845ed9529510921a7625d8365789d?s=96&d=mm&r=g","caption":"Diego Rodr\u00edguez"},"description":"Egresado de la Facultad de Estudios Superiores Acatl\u00e1n de la carrera en Comunicaci\u00f3n, con especialidad en medios escritos. Reportero del desaparecido peri\u00f3dico Nuestro M\u00e9xico, en donde cubri\u00f3 las fuentes delegacionales y Asamblea Legislativa. Tambi\u00e9n trabaj\u00f3 en la Coordinaci\u00f3n de Comunicaci\u00f3n Social en la delegaci\u00f3n \u00c1lvaro Obreg\u00f3n. Le gusta leer novelas y cuentos.","url":"https:\/\/centrourbano.com\/revista\/author\/diegorodriguez\/"}]}},"_links":{"self":[{"href":"https:\/\/centrourbano.com\/revista\/wp-json\/wp\/v2\/posts\/32780","targetHints":{"allow":["GET"]}}],"collection":[{"href":"https:\/\/centrourbano.com\/revista\/wp-json\/wp\/v2\/posts"}],"about":[{"href":"https:\/\/centrourbano.com\/revista\/wp-json\/wp\/v2\/types\/post"}],"author":[{"embeddable":true,"href":"https:\/\/centrourbano.com\/revista\/wp-json\/wp\/v2\/users\/37"}],"replies":[{"embeddable":true,"href":"https:\/\/centrourbano.com\/revista\/wp-json\/wp\/v2\/comments?post=32780"}],"version-history":[{"count":0,"href":"https:\/\/centrourbano.com\/revista\/wp-json\/wp\/v2\/posts\/32780\/revisions"}],"wp:featuredmedia":[{"embeddable":true,"href":"https:\/\/centrourbano.com\/revista\/wp-json\/wp\/v2\/media\/32781"}],"wp:attachment":[{"href":"https:\/\/centrourbano.com\/revista\/wp-json\/wp\/v2\/media?parent=32780"}],"wp:term":[{"taxonomy":"category","embeddable":true,"href":"https:\/\/centrourbano.com\/revista\/wp-json\/wp\/v2\/categories?post=32780"},{"taxonomy":"post_tag","embeddable":true,"href":"https:\/\/centrourbano.com\/revista\/wp-json\/wp\/v2\/tags?post=32780"}],"curies":[{"name":"wp","href":"https:\/\/api.w.org\/{rel}","templated":true}]}}