{"id":32607,"date":"2016-03-28T17:45:31","date_gmt":"2016-03-28T23:45:31","guid":{"rendered":"http:\/\/centrourbano.com\/?p=32607"},"modified":"2016-03-28T17:46:08","modified_gmt":"2016-03-28T23:46:08","slug":"oficializa-fovissste-segundo-credito-a-trabajadores-del-estado","status":"publish","type":"post","link":"https:\/\/centrourbano.com\/revista\/vivienda\/oficializa-fovissste-segundo-credito-a-trabajadores-del-estado\/","title":{"rendered":"Oficializa Fovissste segunda hipoteca a trabajadores"},"content":{"rendered":"<p><em>Se public\u00f3 en el Diario Oficial de la Federaci\u00f3n el decreto para acceder a nueva opci\u00f3n de vivienda<\/em><br \/>\n<!--more--><\/p>\n<p>Con las reformas publicadas a la Ley del Instituto de Seguridad y Servicios Sociales de los Trabajadores del Estado (ISSSTE) se acredita formalmente a Fovissste para otorgar un segundo cr\u00e9dito hipotecario de vivienda a los trabajadores al servicio del Estado, con lo cual se ampl\u00eda la cobertura del Gobierno Federal para que m\u00e1s familias mexicanas accedan a vivienda digna.<\/p>\n<p>Mediante  decreto publicado en el Diario Oficial de la Federaci\u00f3n (DOF) se reforman los art\u00edculos 167 y 179 de la Ley del Instituto de Seguridad y Servicios Sociales de los Trabajadores del Estado y se establece que \u201cestos pr\u00e9stamos se har\u00e1n hasta por dos ocasiones una vez que el primer cr\u00e9dito se encuentre totalmente liquidado\u201d  y  \u201cbajo criterios de equidad y prelaci\u00f3n a los trabajadores que a\u00fan no lo ejerzan\u201d.<\/p>\n<p>La reforma al art\u00edculo 179 asienta tambi\u00e9n que para otorgar el segundo cr\u00e9dito,  \u201clos trabajadores deber\u00e1n cubrir los mismos requisitos previstos por la ley para el otorgamiento del primero\u201d como \u201ccontar con m\u00e1s de 18 meses de dep\u00f3sitos constituidos a su favor en la Subcuenta del Fondo de la Vivienda, y demostrar que el primer cr\u00e9dito se encuentra totalmente liquidado y que fue pagado de manera regular\u201d.<\/p>\n<p>Por su parte, Jos\u00e9 Reyes Baeza Terrazas, director general del ISSSTE explic\u00f3 que esta medida responde a la demanda de miles de trabajadores que por a\u00f1os aspiraron a tener una mejor vivienda, al tiempo que precis\u00f3 que el Fovissste emitir\u00e1 las reglas operativas, t\u00e9rminos y condiciones de acceso a esta prestaci\u00f3n,  que se dar\u00e1n a conocer pr\u00f3ximamente para que los trabajadores hagan efectivo esta conquista laboral y este derecho en beneficio de sus familias.<\/p>\n","protected":false},"excerpt":{"rendered":"<p>Se public\u00f3 en el Diario Oficial de la Federaci\u00f3n el decreto para acceder a nueva opci\u00f3n de vivienda<\/p>\n","protected":false},"author":77,"featured_media":32608,"comment_status":"open","ping_status":"closed","sticky":false,"template":"","format":"standard","meta":{"inline_featured_image":false,"footnotes":""},"categories":[12],"tags":[1421,155,422,60],"class_list":["post-32607","post","type-post","status-publish","format-standard","has-post-thumbnail","hentry","category-vivienda","tag-diario-oficial-de-la-federacion","tag-fovissste","tag-jose-reyes-baeza","tag-vivienda-2"],"yoast_head":"<!-- This site is optimized with the Yoast SEO plugin v28.4 - https:\/\/yoast.com\/product\/yoast-seo-wordpress\/ -->\n<title>Oficializa Fovissste segunda hipoteca a trabajadores -<\/title>\n<meta name=\"description\" content=\"Se public\u00f3 en el Diario Oficial de la Federaci\u00f3n el decreto para acceder a nueva opci\u00f3n de vivienda Con las reformas publicadas a la Ley del Instituto de\" \/>\n<meta name=\"robots\" content=\"index, follow, max-snippet:-1, max-image-preview:large, max-video-preview:-1\" \/>\n<link rel=\"canonical\" href=\"https:\/\/centrourbano.com\/revista\/vivienda\/oficializa-fovissste-segundo-credito-a-trabajadores-del-estado\/\" \/>\n<meta property=\"og:locale\" content=\"es_ES\" \/>\n<meta property=\"og:type\" content=\"article\" \/>\n<meta property=\"og:title\" content=\"Oficializa Fovissste segunda hipoteca a trabajadores -\" \/>\n<meta property=\"og:description\" content=\"Se public\u00f3 en el Diario Oficial de la Federaci\u00f3n el decreto para acceder a nueva opci\u00f3n de vivienda Con las reformas publicadas a la Ley del Instituto de\" \/>\n<meta property=\"og:url\" content=\"https:\/\/centrourbano.com\/revista\/vivienda\/oficializa-fovissste-segundo-credito-a-trabajadores-del-estado\/\" \/>\n<meta property=\"og:site_name\" content=\"Centro Urbano\" \/>\n<meta property=\"article:publisher\" content=\"https:\/\/www.facebook.com\/portalcentrourbano\" \/>\n<meta property=\"article:published_time\" content=\"2016-03-28T23:45:31+00:00\" \/>\n<meta property=\"article:modified_time\" content=\"2016-03-28T23:46:08+00:00\" \/>\n<meta property=\"og:image\" content=\"https:\/\/centrourbano.com\/revista\/wp-content\/uploads\/Reyes-Baeza-ok-.jpg\" \/>\n\t<meta property=\"og:image:width\" content=\"1722\" \/>\n\t<meta property=\"og:image:height\" content=\"1148\" \/>\n\t<meta property=\"og:image:type\" content=\"image\/jpeg\" \/>\n<meta name=\"author\" content=\"G4A\" \/>\n<meta name=\"twitter:card\" content=\"summary_large_image\" \/>\n<meta name=\"twitter:creator\" content=\"@CentroUrbano\" \/>\n<meta name=\"twitter:site\" content=\"@CentroUrbano\" \/>\n<meta name=\"twitter:label1\" content=\"Escrito por\" \/>\n\t<meta name=\"twitter:data1\" content=\"G4A\" \/>\n\t<meta name=\"twitter:label2\" content=\"Tiempo de lectura\" \/>\n\t<meta name=\"twitter:data2\" content=\"2 minutos\" \/>\n<script type=\"application\/ld+json\" class=\"yoast-schema-graph\">{\"@context\":\"https:\\\/\\\/schema.org\",\"@graph\":[{\"@type\":\"Article\",\"@id\":\"https:\\\/\\\/centrourbano.com\\\/revista\\\/vivienda\\\/oficializa-fovissste-segundo-credito-a-trabajadores-del-estado\\\/#article\",\"isPartOf\":{\"@id\":\"https:\\\/\\\/centrourbano.com\\\/revista\\\/vivienda\\\/oficializa-fovissste-segundo-credito-a-trabajadores-del-estado\\\/\"},\"author\":{\"name\":\"G4A\",\"@id\":\"https:\\\/\\\/centrourbano.com\\\/revista\\\/#\\\/schema\\\/person\\\/370fa0ba2d8dd5bde3fdb8b62ad360aa\"},\"headline\":\"Oficializa Fovissste segunda hipoteca a trabajadores\",\"datePublished\":\"2016-03-28T23:45:31+00:00\",\"dateModified\":\"2016-03-28T23:46:08+00:00\",\"mainEntityOfPage\":{\"@id\":\"https:\\\/\\\/centrourbano.com\\\/revista\\\/vivienda\\\/oficializa-fovissste-segundo-credito-a-trabajadores-del-estado\\\/\"},\"wordCount\":314,\"commentCount\":1,\"publisher\":{\"@id\":\"https:\\\/\\\/centrourbano.com\\\/revista\\\/#organization\"},\"image\":{\"@id\":\"https:\\\/\\\/centrourbano.com\\\/revista\\\/vivienda\\\/oficializa-fovissste-segundo-credito-a-trabajadores-del-estado\\\/#primaryimage\"},\"thumbnailUrl\":\"https:\\\/\\\/centrourbano.com\\\/revista\\\/wp-content\\\/uploads\\\/Reyes-Baeza-ok-.jpg\",\"keywords\":[\"Diario Oficial de la Federaci\u00f3n\",\"Fovissste\",\"Jos\u00e9 Reyes Baeza\",\"vivienda\"],\"articleSection\":[\"Vivienda\"],\"inLanguage\":\"es\"},{\"@type\":\"WebPage\",\"@id\":\"https:\\\/\\\/centrourbano.com\\\/revista\\\/vivienda\\\/oficializa-fovissste-segundo-credito-a-trabajadores-del-estado\\\/\",\"url\":\"https:\\\/\\\/centrourbano.com\\\/revista\\\/vivienda\\\/oficializa-fovissste-segundo-credito-a-trabajadores-del-estado\\\/\",\"name\":\"Oficializa Fovissste segunda hipoteca a trabajadores -\",\"isPartOf\":{\"@id\":\"https:\\\/\\\/centrourbano.com\\\/revista\\\/#website\"},\"primaryImageOfPage\":{\"@id\":\"https:\\\/\\\/centrourbano.com\\\/revista\\\/vivienda\\\/oficializa-fovissste-segundo-credito-a-trabajadores-del-estado\\\/#primaryimage\"},\"image\":{\"@id\":\"https:\\\/\\\/centrourbano.com\\\/revista\\\/vivienda\\\/oficializa-fovissste-segundo-credito-a-trabajadores-del-estado\\\/#primaryimage\"},\"thumbnailUrl\":\"https:\\\/\\\/centrourbano.com\\\/revista\\\/wp-content\\\/uploads\\\/Reyes-Baeza-ok-.jpg\",\"datePublished\":\"2016-03-28T23:45:31+00:00\",\"dateModified\":\"2016-03-28T23:46:08+00:00\",\"description\":\"Se public\u00f3 en el Diario Oficial de la Federaci\u00f3n el decreto para acceder a nueva opci\u00f3n de vivienda Con las reformas publicadas a la Ley del Instituto de\",\"breadcrumb\":{\"@id\":\"https:\\\/\\\/centrourbano.com\\\/revista\\\/vivienda\\\/oficializa-fovissste-segundo-credito-a-trabajadores-del-estado\\\/#breadcrumb\"},\"inLanguage\":\"es\",\"potentialAction\":[{\"@type\":\"ReadAction\",\"target\":[\"https:\\\/\\\/centrourbano.com\\\/revista\\\/vivienda\\\/oficializa-fovissste-segundo-credito-a-trabajadores-del-estado\\\/\"]}]},{\"@type\":\"ImageObject\",\"inLanguage\":\"es\",\"@id\":\"https:\\\/\\\/centrourbano.com\\\/revista\\\/vivienda\\\/oficializa-fovissste-segundo-credito-a-trabajadores-del-estado\\\/#primaryimage\",\"url\":\"https:\\\/\\\/centrourbano.com\\\/revista\\\/wp-content\\\/uploads\\\/Reyes-Baeza-ok-.jpg\",\"contentUrl\":\"https:\\\/\\\/centrourbano.com\\\/revista\\\/wp-content\\\/uploads\\\/Reyes-Baeza-ok-.jpg\",\"width\":1722,\"height\":1148},{\"@type\":\"BreadcrumbList\",\"@id\":\"https:\\\/\\\/centrourbano.com\\\/revista\\\/vivienda\\\/oficializa-fovissste-segundo-credito-a-trabajadores-del-estado\\\/#breadcrumb\",\"itemListElement\":[{\"@type\":\"ListItem\",\"position\":1,\"name\":\"Portada\",\"item\":\"https:\\\/\\\/centrourbano.com\\\/revista\\\/\"},{\"@type\":\"ListItem\",\"position\":2,\"name\":\"Oficializa Fovissste segunda hipoteca a trabajadores\"}]},{\"@type\":\"WebSite\",\"@id\":\"https:\\\/\\\/centrourbano.com\\\/revista\\\/#website\",\"url\":\"https:\\\/\\\/centrourbano.com\\\/revista\\\/\",\"name\":\"Centro Urbano\",\"description\":\"Medio especializado en los sectores vivienda, inmobiliario, construcci\u00f3n, arquitectura y urbanismo.\",\"publisher\":{\"@id\":\"https:\\\/\\\/centrourbano.com\\\/revista\\\/#organization\"},\"potentialAction\":[{\"@type\":\"SearchAction\",\"target\":{\"@type\":\"EntryPoint\",\"urlTemplate\":\"https:\\\/\\\/centrourbano.com\\\/revista\\\/?s={search_term_string}\"},\"query-input\":{\"@type\":\"PropertyValueSpecification\",\"valueRequired\":true,\"valueName\":\"search_term_string\"}}],\"inLanguage\":\"es\"},{\"@type\":\"Organization\",\"@id\":\"https:\\\/\\\/centrourbano.com\\\/revista\\\/#organization\",\"name\":\"Centro Urbano\",\"url\":\"https:\\\/\\\/centrourbano.com\\\/revista\\\/\",\"logo\":{\"@type\":\"ImageObject\",\"inLanguage\":\"es\",\"@id\":\"https:\\\/\\\/centrourbano.com\\\/revista\\\/#\\\/schema\\\/logo\\\/image\\\/\",\"url\":\"https:\\\/\\\/centrourbano.com\\\/revista\\\/wp-content\\\/uploads\\\/web_CU_logo-1.png\",\"contentUrl\":\"https:\\\/\\\/centrourbano.com\\\/revista\\\/wp-content\\\/uploads\\\/web_CU_logo-1.png\",\"width\":350,\"height\":91,\"caption\":\"Centro Urbano\"},\"image\":{\"@id\":\"https:\\\/\\\/centrourbano.com\\\/revista\\\/#\\\/schema\\\/logo\\\/image\\\/\"},\"sameAs\":[\"https:\\\/\\\/www.facebook.com\\\/portalcentrourbano\",\"https:\\\/\\\/x.com\\\/CentroUrbano\",\"https:\\\/\\\/www.instagram.com\\\/centro_urbano\\\/\",\"https:\\\/\\\/www.linkedin.com\\\/company\\\/centro-urbano\\\/\",\"http:\\\/\\\/www.youtube.com\\\/user\\\/portalcentrourbano\"]},{\"@type\":\"Person\",\"@id\":\"https:\\\/\\\/centrourbano.com\\\/revista\\\/#\\\/schema\\\/person\\\/370fa0ba2d8dd5bde3fdb8b62ad360aa\",\"name\":\"G4A\",\"image\":{\"@type\":\"ImageObject\",\"inLanguage\":\"es\",\"@id\":\"https:\\\/\\\/secure.gravatar.com\\\/avatar\\\/932a97121b13d5de5bbd8193c6c83d3b92c9eda0f39623607d4280e7a5778d97?s=96&d=mm&r=g\",\"url\":\"https:\\\/\\\/secure.gravatar.com\\\/avatar\\\/932a97121b13d5de5bbd8193c6c83d3b92c9eda0f39623607d4280e7a5778d97?s=96&d=mm&r=g\",\"contentUrl\":\"https:\\\/\\\/secure.gravatar.com\\\/avatar\\\/932a97121b13d5de5bbd8193c6c83d3b92c9eda0f39623607d4280e7a5778d97?s=96&d=mm&r=g\",\"caption\":\"G4A\"},\"url\":\"https:\\\/\\\/centrourbano.com\\\/revista\\\/author\\\/admin-g4a\\\/\"}]}<\/script>\n<!-- \/ Yoast SEO plugin. -->","yoast_head_json":{"title":"Oficializa Fovissste segunda hipoteca a trabajadores -","description":"Se public\u00f3 en el Diario Oficial de la Federaci\u00f3n el decreto para acceder a nueva opci\u00f3n de vivienda Con las reformas publicadas a la Ley del Instituto de","robots":{"index":"index","follow":"follow","max-snippet":"max-snippet:-1","max-image-preview":"max-image-preview:large","max-video-preview":"max-video-preview:-1"},"canonical":"https:\/\/centrourbano.com\/revista\/vivienda\/oficializa-fovissste-segundo-credito-a-trabajadores-del-estado\/","og_locale":"es_ES","og_type":"article","og_title":"Oficializa Fovissste segunda hipoteca a trabajadores -","og_description":"Se public\u00f3 en el Diario Oficial de la Federaci\u00f3n el decreto para acceder a nueva opci\u00f3n de vivienda Con las reformas publicadas a la Ley del Instituto de","og_url":"https:\/\/centrourbano.com\/revista\/vivienda\/oficializa-fovissste-segundo-credito-a-trabajadores-del-estado\/","og_site_name":"Centro Urbano","article_publisher":"https:\/\/www.facebook.com\/portalcentrourbano","article_published_time":"2016-03-28T23:45:31+00:00","article_modified_time":"2016-03-28T23:46:08+00:00","og_image":[{"width":1722,"height":1148,"url":"https:\/\/centrourbano.com\/revista\/wp-content\/uploads\/Reyes-Baeza-ok-.jpg","type":"image\/jpeg"}],"author":"G4A","twitter_card":"summary_large_image","twitter_creator":"@CentroUrbano","twitter_site":"@CentroUrbano","twitter_misc":{"Escrito por":"G4A","Tiempo de lectura":"2 minutos"},"schema":{"@context":"https:\/\/schema.org","@graph":[{"@type":"Article","@id":"https:\/\/centrourbano.com\/revista\/vivienda\/oficializa-fovissste-segundo-credito-a-trabajadores-del-estado\/#article","isPartOf":{"@id":"https:\/\/centrourbano.com\/revista\/vivienda\/oficializa-fovissste-segundo-credito-a-trabajadores-del-estado\/"},"author":{"name":"G4A","@id":"https:\/\/centrourbano.com\/revista\/#\/schema\/person\/370fa0ba2d8dd5bde3fdb8b62ad360aa"},"headline":"Oficializa Fovissste segunda hipoteca a trabajadores","datePublished":"2016-03-28T23:45:31+00:00","dateModified":"2016-03-28T23:46:08+00:00","mainEntityOfPage":{"@id":"https:\/\/centrourbano.com\/revista\/vivienda\/oficializa-fovissste-segundo-credito-a-trabajadores-del-estado\/"},"wordCount":314,"commentCount":1,"publisher":{"@id":"https:\/\/centrourbano.com\/revista\/#organization"},"image":{"@id":"https:\/\/centrourbano.com\/revista\/vivienda\/oficializa-fovissste-segundo-credito-a-trabajadores-del-estado\/#primaryimage"},"thumbnailUrl":"https:\/\/centrourbano.com\/revista\/wp-content\/uploads\/Reyes-Baeza-ok-.jpg","keywords":["Diario Oficial de la Federaci\u00f3n","Fovissste","Jos\u00e9 Reyes Baeza","vivienda"],"articleSection":["Vivienda"],"inLanguage":"es"},{"@type":"WebPage","@id":"https:\/\/centrourbano.com\/revista\/vivienda\/oficializa-fovissste-segundo-credito-a-trabajadores-del-estado\/","url":"https:\/\/centrourbano.com\/revista\/vivienda\/oficializa-fovissste-segundo-credito-a-trabajadores-del-estado\/","name":"Oficializa Fovissste segunda hipoteca a trabajadores -","isPartOf":{"@id":"https:\/\/centrourbano.com\/revista\/#website"},"primaryImageOfPage":{"@id":"https:\/\/centrourbano.com\/revista\/vivienda\/oficializa-fovissste-segundo-credito-a-trabajadores-del-estado\/#primaryimage"},"image":{"@id":"https:\/\/centrourbano.com\/revista\/vivienda\/oficializa-fovissste-segundo-credito-a-trabajadores-del-estado\/#primaryimage"},"thumbnailUrl":"https:\/\/centrourbano.com\/revista\/wp-content\/uploads\/Reyes-Baeza-ok-.jpg","datePublished":"2016-03-28T23:45:31+00:00","dateModified":"2016-03-28T23:46:08+00:00","description":"Se public\u00f3 en el Diario Oficial de la Federaci\u00f3n el decreto para acceder a nueva opci\u00f3n de vivienda Con las reformas publicadas a la Ley del Instituto de","breadcrumb":{"@id":"https:\/\/centrourbano.com\/revista\/vivienda\/oficializa-fovissste-segundo-credito-a-trabajadores-del-estado\/#breadcrumb"},"inLanguage":"es","potentialAction":[{"@type":"ReadAction","target":["https:\/\/centrourbano.com\/revista\/vivienda\/oficializa-fovissste-segundo-credito-a-trabajadores-del-estado\/"]}]},{"@type":"ImageObject","inLanguage":"es","@id":"https:\/\/centrourbano.com\/revista\/vivienda\/oficializa-fovissste-segundo-credito-a-trabajadores-del-estado\/#primaryimage","url":"https:\/\/centrourbano.com\/revista\/wp-content\/uploads\/Reyes-Baeza-ok-.jpg","contentUrl":"https:\/\/centrourbano.com\/revista\/wp-content\/uploads\/Reyes-Baeza-ok-.jpg","width":1722,"height":1148},{"@type":"BreadcrumbList","@id":"https:\/\/centrourbano.com\/revista\/vivienda\/oficializa-fovissste-segundo-credito-a-trabajadores-del-estado\/#breadcrumb","itemListElement":[{"@type":"ListItem","position":1,"name":"Portada","item":"https:\/\/centrourbano.com\/revista\/"},{"@type":"ListItem","position":2,"name":"Oficializa Fovissste segunda hipoteca a trabajadores"}]},{"@type":"WebSite","@id":"https:\/\/centrourbano.com\/revista\/#website","url":"https:\/\/centrourbano.com\/revista\/","name":"Centro Urbano","description":"Medio especializado en los sectores vivienda, inmobiliario, construcci\u00f3n, arquitectura y urbanismo.","publisher":{"@id":"https:\/\/centrourbano.com\/revista\/#organization"},"potentialAction":[{"@type":"SearchAction","target":{"@type":"EntryPoint","urlTemplate":"https:\/\/centrourbano.com\/revista\/?s={search_term_string}"},"query-input":{"@type":"PropertyValueSpecification","valueRequired":true,"valueName":"search_term_string"}}],"inLanguage":"es"},{"@type":"Organization","@id":"https:\/\/centrourbano.com\/revista\/#organization","name":"Centro Urbano","url":"https:\/\/centrourbano.com\/revista\/","logo":{"@type":"ImageObject","inLanguage":"es","@id":"https:\/\/centrourbano.com\/revista\/#\/schema\/logo\/image\/","url":"https:\/\/centrourbano.com\/revista\/wp-content\/uploads\/web_CU_logo-1.png","contentUrl":"https:\/\/centrourbano.com\/revista\/wp-content\/uploads\/web_CU_logo-1.png","width":350,"height":91,"caption":"Centro Urbano"},"image":{"@id":"https:\/\/centrourbano.com\/revista\/#\/schema\/logo\/image\/"},"sameAs":["https:\/\/www.facebook.com\/portalcentrourbano","https:\/\/x.com\/CentroUrbano","https:\/\/www.instagram.com\/centro_urbano\/","https:\/\/www.linkedin.com\/company\/centro-urbano\/","http:\/\/www.youtube.com\/user\/portalcentrourbano"]},{"@type":"Person","@id":"https:\/\/centrourbano.com\/revista\/#\/schema\/person\/370fa0ba2d8dd5bde3fdb8b62ad360aa","name":"G4A","image":{"@type":"ImageObject","inLanguage":"es","@id":"https:\/\/secure.gravatar.com\/avatar\/932a97121b13d5de5bbd8193c6c83d3b92c9eda0f39623607d4280e7a5778d97?s=96&d=mm&r=g","url":"https:\/\/secure.gravatar.com\/avatar\/932a97121b13d5de5bbd8193c6c83d3b92c9eda0f39623607d4280e7a5778d97?s=96&d=mm&r=g","contentUrl":"https:\/\/secure.gravatar.com\/avatar\/932a97121b13d5de5bbd8193c6c83d3b92c9eda0f39623607d4280e7a5778d97?s=96&d=mm&r=g","caption":"G4A"},"url":"https:\/\/centrourbano.com\/revista\/author\/admin-g4a\/"}]}},"_links":{"self":[{"href":"https:\/\/centrourbano.com\/revista\/wp-json\/wp\/v2\/posts\/32607","targetHints":{"allow":["GET"]}}],"collection":[{"href":"https:\/\/centrourbano.com\/revista\/wp-json\/wp\/v2\/posts"}],"about":[{"href":"https:\/\/centrourbano.com\/revista\/wp-json\/wp\/v2\/types\/post"}],"author":[{"embeddable":true,"href":"https:\/\/centrourbano.com\/revista\/wp-json\/wp\/v2\/users\/77"}],"replies":[{"embeddable":true,"href":"https:\/\/centrourbano.com\/revista\/wp-json\/wp\/v2\/comments?post=32607"}],"version-history":[{"count":0,"href":"https:\/\/centrourbano.com\/revista\/wp-json\/wp\/v2\/posts\/32607\/revisions"}],"wp:featuredmedia":[{"embeddable":true,"href":"https:\/\/centrourbano.com\/revista\/wp-json\/wp\/v2\/media\/32608"}],"wp:attachment":[{"href":"https:\/\/centrourbano.com\/revista\/wp-json\/wp\/v2\/media?parent=32607"}],"wp:term":[{"taxonomy":"category","embeddable":true,"href":"https:\/\/centrourbano.com\/revista\/wp-json\/wp\/v2\/categories?post=32607"},{"taxonomy":"post_tag","embeddable":true,"href":"https:\/\/centrourbano.com\/revista\/wp-json\/wp\/v2\/tags?post=32607"}],"curies":[{"name":"wp","href":"https:\/\/api.w.org\/{rel}","templated":true}]}}