{"id":32078,"date":"2016-03-15T13:01:21","date_gmt":"2016-03-15T19:01:21","guid":{"rendered":"http:\/\/centrourbano.com\/?p=32078"},"modified":"2016-03-15T13:02:33","modified_gmt":"2016-03-15T19:02:33","slug":"la-hora-del-planeta-ilumina-la-biodiversidad-nacional","status":"publish","type":"post","link":"https:\/\/centrourbano.com\/revista\/actualidad\/la-hora-del-planeta-ilumina-la-biodiversidad-nacional\/","title":{"rendered":"La \u201cHora del Planeta\u201d ilumina la biodiversidad nacional"},"content":{"rendered":"<p>Convocan a elegir entre el jaguar y la mariposa monarca, especies en peligro de extinci\u00f3n, como acci\u00f3n  a favor de la conservaci\u00f3n de su h\u00e1bitat<\/p>\n<p>\nEl Fondo Mundial para la Naturaleza (WWF) celebrar\u00e1 su d\u00e9cimo aniversario con acciones en pro del cambio clim\u00e1tico a trav\u00e9s del  apagado simb\u00f3lico de luces por una hora el pr\u00f3ximo 19 de marzo las 8:30 horas.<\/p>\n<p>\nDicha iniciativa deriva de la firma del Acuerdo de Paris, en diciembre pasado, sobre cambio clim\u00e1tico para sentar bases sobre las acciones a largo plazo para enfrentar este fen\u00f3meno mundial, pues 2015 fue declarado el a\u00f1o m\u00e1s caluroso de la historia por la Oficina Nacional de Administraci\u00f3n Oce\u00e1nica y Atmosf\u00e9rica de Estados Unidos (NOAA).<\/p>\n<p>\nOmar Vidal, Director General del Fondo Mundial para la Naturaleza (WWF) en M\u00e9xico, explico que \u201cLos efectos del cambio clim\u00e1tico van desde aumentos en la frecuencia e intensidad de los huracanes y la disminuci\u00f3n del hielo del \u00c1rtico hasta la elevaci\u00f3n del nivel del mar en zonas costeras, pero mucho m\u00e1s est\u00e1 en riesgo: amenaza todas las formas de vida. Hay evidencias de su impacto en especies como oso polar, tigres, ballenas, tortugas marinas y elefantes. De acuerdo con el Grupo Intergubernamental de Expertos sobre el Cambio Clim\u00e1tico (IPCC) muchas especies terrestres, marinas y dulceacu\u00edcolas han cambiado sus distribuciones geogr\u00e1ficas y pautas migratorias, mientras un estudio en la revista Nature proyecta que al menos una cuarta parte de los animales terrestres y plantas se extinguir\u00e1 para el 2050, lo que tendr\u00eda consecuencias graves para el ser humano\u201d.<\/p>\n<p>\nEn ese sentido, la WWF convoca a los mexicanos a iluminar la biodiversidad nacional con la elecci\u00f3n de la mariposa monarca o el jaguar- especies en peligro de extinci\u00f3n-  y que se sientan m\u00e1s comprometidos por su conservaci\u00f3n, la votaci\u00f3n la pueden realizar en el portal web lahoradelplaneta.org\/M\u00e9xico\/, dicho concurso tendr\u00e1 la participaci\u00f3n de las oficinas de la WWF en Latinoam\u00e9rica:  Colombia, Per\u00fa, Argentina, Brasil, Chile, Paraguay, Ecuador y Bolivia.<\/p>\n<p>\nEl objetivo de este certamen es expresar que M\u00e9xico es uno de los cuatro pa\u00edses privilegiados con mayor biodiversidad y cultura; as\u00ed como asumir la responsabilidad de la sociedad mexicana frente al cambio clim\u00e1tico con acciones permanentes los 365 d\u00edas del a\u00f1o, otorgando voz a las especies amenazadas y mostrar al mundo que M\u00e9xico se responsabiliza por la conservaci\u00f3n de la biodiversidad riqueza alimentaria y multiculturalidad.<\/p>\n<p>\nLos proyectos para este a\u00f1o de la WWF\t incluyen el uso del poder colectivo para ejercer presi\u00f3n en Espa\u00f1a, Chipre e Indonesia con el fin de realizar cambios legislativos que hagan frente al cambio clim\u00e1tico; proveer acceso a fuentes renovables de energ\u00eda en India y \u00c1frica; crear conciencia sobre el cambio clim\u00e1tico entre la juventud de Suecia, Finlandia y Francia; y abordar temas como alimentos y agricultura sustentables en el Reino Unido y Finlandia.<\/p>\n","protected":false},"excerpt":{"rendered":"<p>Convocan a elegir entre el jaguar y la mariposa monarca, especies en peligro de extinci\u00f3n, como acci\u00f3n a favor de la conservaci\u00f3n de su h\u00e1bitat El Fondo Mundial para la Naturaleza (WWF) celebrar\u00e1 su d\u00e9cimo aniversario con acciones en pro del cambio clim\u00e1tico a trav\u00e9s del apagado simb\u00f3lico de luces por una hora el pr\u00f3ximo [&hellip;]<\/p>\n","protected":false},"author":1,"featured_media":32079,"comment_status":"open","ping_status":"closed","sticky":false,"template":"","format":"standard","meta":{"om_disable_all_campaigns":false,"inline_featured_image":false,"_monsterinsights_skip_tracking":false,"_monsterinsights_sitenote_active":false,"_monsterinsights_sitenote_note":"","_monsterinsights_sitenote_category":0,"footnotes":""},"categories":[80],"tags":[7897,2175,7899,7900,7902,972,7903,7895,737,7896,334,7898,7901,855],"class_list":["post-32078","post","type-post","status-publish","format-standard","has-post-thumbnail","hentry","category-actualidad","tag-biodiversidad","tag-cambio-climatico","tag-especies","tag-extincion","tag-fenomeno","tag-habitat","tag-intergubernamental","tag-jaguar","tag-latinoamerica","tag-mariposa-monarca","tag-mexico","tag-multiculturalidad","tag-peligro","tag-wwf"],"yoast_head":"<!-- This site is optimized with the Yoast SEO plugin v27.5 - https:\/\/yoast.com\/product\/yoast-seo-wordpress\/ -->\n<title>La \u201cHora del Planeta\u201d ilumina la biodiversidad nacional -<\/title>\n<meta name=\"description\" content=\"Convocan a elegir entre el jaguar y la mariposa monarca, especies en peligro de extinci\u00f3n, como acci\u00f3n a favor de la conservaci\u00f3n de su h\u00e1bitat El Fondo\" \/>\n<meta name=\"robots\" content=\"index, follow, max-snippet:-1, max-image-preview:large, max-video-preview:-1\" \/>\n<link rel=\"canonical\" href=\"https:\/\/centrourbano.com\/revista\/actualidad\/la-hora-del-planeta-ilumina-la-biodiversidad-nacional\/\" \/>\n<meta property=\"og:locale\" content=\"es_ES\" \/>\n<meta property=\"og:type\" content=\"article\" \/>\n<meta property=\"og:title\" content=\"La \u201cHora del Planeta\u201d ilumina la biodiversidad nacional -\" \/>\n<meta property=\"og:description\" content=\"Convocan a elegir entre el jaguar y la mariposa monarca, especies en peligro de extinci\u00f3n, como acci\u00f3n a favor de la conservaci\u00f3n de su h\u00e1bitat El Fondo\" \/>\n<meta property=\"og:url\" content=\"https:\/\/centrourbano.com\/revista\/actualidad\/la-hora-del-planeta-ilumina-la-biodiversidad-nacional\/\" \/>\n<meta property=\"og:site_name\" content=\"Centro Urbano\" \/>\n<meta property=\"article:publisher\" content=\"https:\/\/www.facebook.com\/portalcentrourbano\" \/>\n<meta property=\"article:published_time\" content=\"2016-03-15T19:01:21+00:00\" \/>\n<meta property=\"article:modified_time\" content=\"2016-03-15T19:02:33+00:00\" \/>\n<meta property=\"og:image\" content=\"https:\/\/centrourbano.com\/revista\/wp-content\/uploads\/WWF-2.jpg\" \/>\n\t<meta property=\"og:image:width\" content=\"1600\" \/>\n\t<meta property=\"og:image:height\" content=\"600\" \/>\n\t<meta property=\"og:image:type\" content=\"image\/jpeg\" \/>\n<meta name=\"author\" content=\"BlogCU 2022\" \/>\n<meta name=\"twitter:card\" content=\"summary_large_image\" \/>\n<meta name=\"twitter:creator\" content=\"@CentroUrbano\" \/>\n<meta name=\"twitter:site\" content=\"@CentroUrbano\" \/>\n<meta name=\"twitter:label1\" content=\"Escrito por\" \/>\n\t<meta name=\"twitter:data1\" content=\"BlogCU 2022\" \/>\n\t<meta name=\"twitter:label2\" content=\"Tiempo de lectura\" \/>\n\t<meta name=\"twitter:data2\" content=\"3 minutos\" \/>\n<script type=\"application\/ld+json\" class=\"yoast-schema-graph\">{\"@context\":\"https:\\\/\\\/schema.org\",\"@graph\":[{\"@type\":\"Article\",\"@id\":\"https:\\\/\\\/centrourbano.com\\\/revista\\\/actualidad\\\/la-hora-del-planeta-ilumina-la-biodiversidad-nacional\\\/#article\",\"isPartOf\":{\"@id\":\"https:\\\/\\\/centrourbano.com\\\/revista\\\/actualidad\\\/la-hora-del-planeta-ilumina-la-biodiversidad-nacional\\\/\"},\"author\":{\"name\":\"BlogCU 2022\",\"@id\":\"https:\\\/\\\/centrourbano.com\\\/revista\\\/#\\\/schema\\\/person\\\/fe5429a2f790d21ed026561f3309426b\"},\"headline\":\"La \u201cHora del Planeta\u201d ilumina la biodiversidad nacional\",\"datePublished\":\"2016-03-15T19:01:21+00:00\",\"dateModified\":\"2016-03-15T19:02:33+00:00\",\"mainEntityOfPage\":{\"@id\":\"https:\\\/\\\/centrourbano.com\\\/revista\\\/actualidad\\\/la-hora-del-planeta-ilumina-la-biodiversidad-nacional\\\/\"},\"wordCount\":513,\"commentCount\":0,\"publisher\":{\"@id\":\"https:\\\/\\\/centrourbano.com\\\/revista\\\/#organization\"},\"image\":{\"@id\":\"https:\\\/\\\/centrourbano.com\\\/revista\\\/actualidad\\\/la-hora-del-planeta-ilumina-la-biodiversidad-nacional\\\/#primaryimage\"},\"thumbnailUrl\":\"https:\\\/\\\/centrourbano.com\\\/revista\\\/wp-content\\\/uploads\\\/WWF-2.jpg\",\"keywords\":[\"biodiversidad\",\"Cambio Clim\u00e1tico\",\"especies\",\"extinci\u00f3n\",\"fen\u00f3meno\",\"H\u00e1bitat\",\"Intergubernamental\",\"jaguar\",\"Latinoam\u00e9rica\",\"mariposa monarca\",\"M\u00e9xico\",\"multiculturalidad\",\"peligro\",\"WWF\"],\"articleSection\":[\"Actualidad\"],\"inLanguage\":\"es\",\"potentialAction\":[{\"@type\":\"CommentAction\",\"name\":\"Comment\",\"target\":[\"https:\\\/\\\/centrourbano.com\\\/revista\\\/actualidad\\\/la-hora-del-planeta-ilumina-la-biodiversidad-nacional\\\/#respond\"]}]},{\"@type\":\"WebPage\",\"@id\":\"https:\\\/\\\/centrourbano.com\\\/revista\\\/actualidad\\\/la-hora-del-planeta-ilumina-la-biodiversidad-nacional\\\/\",\"url\":\"https:\\\/\\\/centrourbano.com\\\/revista\\\/actualidad\\\/la-hora-del-planeta-ilumina-la-biodiversidad-nacional\\\/\",\"name\":\"La \u201cHora del Planeta\u201d ilumina la biodiversidad nacional -\",\"isPartOf\":{\"@id\":\"https:\\\/\\\/centrourbano.com\\\/revista\\\/#website\"},\"primaryImageOfPage\":{\"@id\":\"https:\\\/\\\/centrourbano.com\\\/revista\\\/actualidad\\\/la-hora-del-planeta-ilumina-la-biodiversidad-nacional\\\/#primaryimage\"},\"image\":{\"@id\":\"https:\\\/\\\/centrourbano.com\\\/revista\\\/actualidad\\\/la-hora-del-planeta-ilumina-la-biodiversidad-nacional\\\/#primaryimage\"},\"thumbnailUrl\":\"https:\\\/\\\/centrourbano.com\\\/revista\\\/wp-content\\\/uploads\\\/WWF-2.jpg\",\"datePublished\":\"2016-03-15T19:01:21+00:00\",\"dateModified\":\"2016-03-15T19:02:33+00:00\",\"description\":\"Convocan a elegir entre el jaguar y la mariposa monarca, especies en peligro de extinci\u00f3n, como acci\u00f3n a favor de la conservaci\u00f3n de su h\u00e1bitat El Fondo\",\"breadcrumb\":{\"@id\":\"https:\\\/\\\/centrourbano.com\\\/revista\\\/actualidad\\\/la-hora-del-planeta-ilumina-la-biodiversidad-nacional\\\/#breadcrumb\"},\"inLanguage\":\"es\",\"potentialAction\":[{\"@type\":\"ReadAction\",\"target\":[\"https:\\\/\\\/centrourbano.com\\\/revista\\\/actualidad\\\/la-hora-del-planeta-ilumina-la-biodiversidad-nacional\\\/\"]}]},{\"@type\":\"ImageObject\",\"inLanguage\":\"es\",\"@id\":\"https:\\\/\\\/centrourbano.com\\\/revista\\\/actualidad\\\/la-hora-del-planeta-ilumina-la-biodiversidad-nacional\\\/#primaryimage\",\"url\":\"https:\\\/\\\/centrourbano.com\\\/revista\\\/wp-content\\\/uploads\\\/WWF-2.jpg\",\"contentUrl\":\"https:\\\/\\\/centrourbano.com\\\/revista\\\/wp-content\\\/uploads\\\/WWF-2.jpg\",\"width\":1600,\"height\":600,\"caption\":\"Jaguar (Panthera onca) in a tree Pantanal, Brazil.\"},{\"@type\":\"BreadcrumbList\",\"@id\":\"https:\\\/\\\/centrourbano.com\\\/revista\\\/actualidad\\\/la-hora-del-planeta-ilumina-la-biodiversidad-nacional\\\/#breadcrumb\",\"itemListElement\":[{\"@type\":\"ListItem\",\"position\":1,\"name\":\"Portada\",\"item\":\"https:\\\/\\\/centrourbano.com\\\/revista\\\/\"},{\"@type\":\"ListItem\",\"position\":2,\"name\":\"La \u201cHora del Planeta\u201d ilumina la biodiversidad nacional\"}]},{\"@type\":\"WebSite\",\"@id\":\"https:\\\/\\\/centrourbano.com\\\/revista\\\/#website\",\"url\":\"https:\\\/\\\/centrourbano.com\\\/revista\\\/\",\"name\":\"Centro Urbano\",\"description\":\"Medio especializado en los sectores vivienda, inmobiliario, construcci\u00f3n, arquitectura y urbanismo.\",\"publisher\":{\"@id\":\"https:\\\/\\\/centrourbano.com\\\/revista\\\/#organization\"},\"potentialAction\":[{\"@type\":\"SearchAction\",\"target\":{\"@type\":\"EntryPoint\",\"urlTemplate\":\"https:\\\/\\\/centrourbano.com\\\/revista\\\/?s={search_term_string}\"},\"query-input\":{\"@type\":\"PropertyValueSpecification\",\"valueRequired\":true,\"valueName\":\"search_term_string\"}}],\"inLanguage\":\"es\"},{\"@type\":\"Organization\",\"@id\":\"https:\\\/\\\/centrourbano.com\\\/revista\\\/#organization\",\"name\":\"Centro Urbano\",\"url\":\"https:\\\/\\\/centrourbano.com\\\/revista\\\/\",\"logo\":{\"@type\":\"ImageObject\",\"inLanguage\":\"es\",\"@id\":\"https:\\\/\\\/centrourbano.com\\\/revista\\\/#\\\/schema\\\/logo\\\/image\\\/\",\"url\":\"https:\\\/\\\/centrourbano.com\\\/revista\\\/wp-content\\\/uploads\\\/web_CU_logo-1.png\",\"contentUrl\":\"https:\\\/\\\/centrourbano.com\\\/revista\\\/wp-content\\\/uploads\\\/web_CU_logo-1.png\",\"width\":350,\"height\":91,\"caption\":\"Centro Urbano\"},\"image\":{\"@id\":\"https:\\\/\\\/centrourbano.com\\\/revista\\\/#\\\/schema\\\/logo\\\/image\\\/\"},\"sameAs\":[\"https:\\\/\\\/www.facebook.com\\\/portalcentrourbano\",\"https:\\\/\\\/x.com\\\/CentroUrbano\",\"https:\\\/\\\/www.instagram.com\\\/centro_urbano\\\/\",\"https:\\\/\\\/www.linkedin.com\\\/company\\\/centro-urbano\\\/\",\"http:\\\/\\\/www.youtube.com\\\/user\\\/portalcentrourbano\"]},{\"@type\":\"Person\",\"@id\":\"https:\\\/\\\/centrourbano.com\\\/revista\\\/#\\\/schema\\\/person\\\/fe5429a2f790d21ed026561f3309426b\",\"name\":\"BlogCU 2022\",\"image\":{\"@type\":\"ImageObject\",\"inLanguage\":\"es\",\"@id\":\"https:\\\/\\\/secure.gravatar.com\\\/avatar\\\/5ec2975f6d4b1643c723f08ef135c488131c64cba4524740d438f2e04dbeacdc?s=96&d=mm&r=g\",\"url\":\"https:\\\/\\\/secure.gravatar.com\\\/avatar\\\/5ec2975f6d4b1643c723f08ef135c488131c64cba4524740d438f2e04dbeacdc?s=96&d=mm&r=g\",\"contentUrl\":\"https:\\\/\\\/secure.gravatar.com\\\/avatar\\\/5ec2975f6d4b1643c723f08ef135c488131c64cba4524740d438f2e04dbeacdc?s=96&d=mm&r=g\",\"caption\":\"BlogCU 2022\"},\"url\":\"https:\\\/\\\/centrourbano.com\\\/revista\\\/author\\\/BlogCU 2022\\\/\"}]}<\/script>\n<!-- \/ Yoast SEO plugin. -->","yoast_head_json":{"title":"La \u201cHora del Planeta\u201d ilumina la biodiversidad nacional -","description":"Convocan a elegir entre el jaguar y la mariposa monarca, especies en peligro de extinci\u00f3n, como acci\u00f3n a favor de la conservaci\u00f3n de su h\u00e1bitat El Fondo","robots":{"index":"index","follow":"follow","max-snippet":"max-snippet:-1","max-image-preview":"max-image-preview:large","max-video-preview":"max-video-preview:-1"},"canonical":"https:\/\/centrourbano.com\/revista\/actualidad\/la-hora-del-planeta-ilumina-la-biodiversidad-nacional\/","og_locale":"es_ES","og_type":"article","og_title":"La \u201cHora del Planeta\u201d ilumina la biodiversidad nacional -","og_description":"Convocan a elegir entre el jaguar y la mariposa monarca, especies en peligro de extinci\u00f3n, como acci\u00f3n a favor de la conservaci\u00f3n de su h\u00e1bitat El Fondo","og_url":"https:\/\/centrourbano.com\/revista\/actualidad\/la-hora-del-planeta-ilumina-la-biodiversidad-nacional\/","og_site_name":"Centro Urbano","article_publisher":"https:\/\/www.facebook.com\/portalcentrourbano","article_published_time":"2016-03-15T19:01:21+00:00","article_modified_time":"2016-03-15T19:02:33+00:00","og_image":[{"width":1600,"height":600,"url":"https:\/\/centrourbano.com\/revista\/wp-content\/uploads\/WWF-2.jpg","type":"image\/jpeg"}],"author":"BlogCU 2022","twitter_card":"summary_large_image","twitter_creator":"@CentroUrbano","twitter_site":"@CentroUrbano","twitter_misc":{"Escrito por":"BlogCU 2022","Tiempo de lectura":"3 minutos"},"schema":{"@context":"https:\/\/schema.org","@graph":[{"@type":"Article","@id":"https:\/\/centrourbano.com\/revista\/actualidad\/la-hora-del-planeta-ilumina-la-biodiversidad-nacional\/#article","isPartOf":{"@id":"https:\/\/centrourbano.com\/revista\/actualidad\/la-hora-del-planeta-ilumina-la-biodiversidad-nacional\/"},"author":{"name":"BlogCU 2022","@id":"https:\/\/centrourbano.com\/revista\/#\/schema\/person\/fe5429a2f790d21ed026561f3309426b"},"headline":"La \u201cHora del Planeta\u201d ilumina la biodiversidad nacional","datePublished":"2016-03-15T19:01:21+00:00","dateModified":"2016-03-15T19:02:33+00:00","mainEntityOfPage":{"@id":"https:\/\/centrourbano.com\/revista\/actualidad\/la-hora-del-planeta-ilumina-la-biodiversidad-nacional\/"},"wordCount":513,"commentCount":0,"publisher":{"@id":"https:\/\/centrourbano.com\/revista\/#organization"},"image":{"@id":"https:\/\/centrourbano.com\/revista\/actualidad\/la-hora-del-planeta-ilumina-la-biodiversidad-nacional\/#primaryimage"},"thumbnailUrl":"https:\/\/centrourbano.com\/revista\/wp-content\/uploads\/WWF-2.jpg","keywords":["biodiversidad","Cambio Clim\u00e1tico","especies","extinci\u00f3n","fen\u00f3meno","H\u00e1bitat","Intergubernamental","jaguar","Latinoam\u00e9rica","mariposa monarca","M\u00e9xico","multiculturalidad","peligro","WWF"],"articleSection":["Actualidad"],"inLanguage":"es","potentialAction":[{"@type":"CommentAction","name":"Comment","target":["https:\/\/centrourbano.com\/revista\/actualidad\/la-hora-del-planeta-ilumina-la-biodiversidad-nacional\/#respond"]}]},{"@type":"WebPage","@id":"https:\/\/centrourbano.com\/revista\/actualidad\/la-hora-del-planeta-ilumina-la-biodiversidad-nacional\/","url":"https:\/\/centrourbano.com\/revista\/actualidad\/la-hora-del-planeta-ilumina-la-biodiversidad-nacional\/","name":"La \u201cHora del Planeta\u201d ilumina la biodiversidad nacional -","isPartOf":{"@id":"https:\/\/centrourbano.com\/revista\/#website"},"primaryImageOfPage":{"@id":"https:\/\/centrourbano.com\/revista\/actualidad\/la-hora-del-planeta-ilumina-la-biodiversidad-nacional\/#primaryimage"},"image":{"@id":"https:\/\/centrourbano.com\/revista\/actualidad\/la-hora-del-planeta-ilumina-la-biodiversidad-nacional\/#primaryimage"},"thumbnailUrl":"https:\/\/centrourbano.com\/revista\/wp-content\/uploads\/WWF-2.jpg","datePublished":"2016-03-15T19:01:21+00:00","dateModified":"2016-03-15T19:02:33+00:00","description":"Convocan a elegir entre el jaguar y la mariposa monarca, especies en peligro de extinci\u00f3n, como acci\u00f3n a favor de la conservaci\u00f3n de su h\u00e1bitat El Fondo","breadcrumb":{"@id":"https:\/\/centrourbano.com\/revista\/actualidad\/la-hora-del-planeta-ilumina-la-biodiversidad-nacional\/#breadcrumb"},"inLanguage":"es","potentialAction":[{"@type":"ReadAction","target":["https:\/\/centrourbano.com\/revista\/actualidad\/la-hora-del-planeta-ilumina-la-biodiversidad-nacional\/"]}]},{"@type":"ImageObject","inLanguage":"es","@id":"https:\/\/centrourbano.com\/revista\/actualidad\/la-hora-del-planeta-ilumina-la-biodiversidad-nacional\/#primaryimage","url":"https:\/\/centrourbano.com\/revista\/wp-content\/uploads\/WWF-2.jpg","contentUrl":"https:\/\/centrourbano.com\/revista\/wp-content\/uploads\/WWF-2.jpg","width":1600,"height":600,"caption":"Jaguar (Panthera onca) in a tree Pantanal, Brazil."},{"@type":"BreadcrumbList","@id":"https:\/\/centrourbano.com\/revista\/actualidad\/la-hora-del-planeta-ilumina-la-biodiversidad-nacional\/#breadcrumb","itemListElement":[{"@type":"ListItem","position":1,"name":"Portada","item":"https:\/\/centrourbano.com\/revista\/"},{"@type":"ListItem","position":2,"name":"La \u201cHora del Planeta\u201d ilumina la biodiversidad nacional"}]},{"@type":"WebSite","@id":"https:\/\/centrourbano.com\/revista\/#website","url":"https:\/\/centrourbano.com\/revista\/","name":"Centro Urbano","description":"Medio especializado en los sectores vivienda, inmobiliario, construcci\u00f3n, arquitectura y urbanismo.","publisher":{"@id":"https:\/\/centrourbano.com\/revista\/#organization"},"potentialAction":[{"@type":"SearchAction","target":{"@type":"EntryPoint","urlTemplate":"https:\/\/centrourbano.com\/revista\/?s={search_term_string}"},"query-input":{"@type":"PropertyValueSpecification","valueRequired":true,"valueName":"search_term_string"}}],"inLanguage":"es"},{"@type":"Organization","@id":"https:\/\/centrourbano.com\/revista\/#organization","name":"Centro Urbano","url":"https:\/\/centrourbano.com\/revista\/","logo":{"@type":"ImageObject","inLanguage":"es","@id":"https:\/\/centrourbano.com\/revista\/#\/schema\/logo\/image\/","url":"https:\/\/centrourbano.com\/revista\/wp-content\/uploads\/web_CU_logo-1.png","contentUrl":"https:\/\/centrourbano.com\/revista\/wp-content\/uploads\/web_CU_logo-1.png","width":350,"height":91,"caption":"Centro Urbano"},"image":{"@id":"https:\/\/centrourbano.com\/revista\/#\/schema\/logo\/image\/"},"sameAs":["https:\/\/www.facebook.com\/portalcentrourbano","https:\/\/x.com\/CentroUrbano","https:\/\/www.instagram.com\/centro_urbano\/","https:\/\/www.linkedin.com\/company\/centro-urbano\/","http:\/\/www.youtube.com\/user\/portalcentrourbano"]},{"@type":"Person","@id":"https:\/\/centrourbano.com\/revista\/#\/schema\/person\/fe5429a2f790d21ed026561f3309426b","name":"BlogCU 2022","image":{"@type":"ImageObject","inLanguage":"es","@id":"https:\/\/secure.gravatar.com\/avatar\/5ec2975f6d4b1643c723f08ef135c488131c64cba4524740d438f2e04dbeacdc?s=96&d=mm&r=g","url":"https:\/\/secure.gravatar.com\/avatar\/5ec2975f6d4b1643c723f08ef135c488131c64cba4524740d438f2e04dbeacdc?s=96&d=mm&r=g","contentUrl":"https:\/\/secure.gravatar.com\/avatar\/5ec2975f6d4b1643c723f08ef135c488131c64cba4524740d438f2e04dbeacdc?s=96&d=mm&r=g","caption":"BlogCU 2022"},"url":"https:\/\/centrourbano.com\/revista\/author\/BlogCU 2022\/"}]}},"_links":{"self":[{"href":"https:\/\/centrourbano.com\/revista\/wp-json\/wp\/v2\/posts\/32078","targetHints":{"allow":["GET"]}}],"collection":[{"href":"https:\/\/centrourbano.com\/revista\/wp-json\/wp\/v2\/posts"}],"about":[{"href":"https:\/\/centrourbano.com\/revista\/wp-json\/wp\/v2\/types\/post"}],"author":[{"embeddable":true,"href":"https:\/\/centrourbano.com\/revista\/wp-json\/wp\/v2\/users\/1"}],"replies":[{"embeddable":true,"href":"https:\/\/centrourbano.com\/revista\/wp-json\/wp\/v2\/comments?post=32078"}],"version-history":[{"count":0,"href":"https:\/\/centrourbano.com\/revista\/wp-json\/wp\/v2\/posts\/32078\/revisions"}],"wp:featuredmedia":[{"embeddable":true,"href":"https:\/\/centrourbano.com\/revista\/wp-json\/wp\/v2\/media\/32079"}],"wp:attachment":[{"href":"https:\/\/centrourbano.com\/revista\/wp-json\/wp\/v2\/media?parent=32078"}],"wp:term":[{"taxonomy":"category","embeddable":true,"href":"https:\/\/centrourbano.com\/revista\/wp-json\/wp\/v2\/categories?post=32078"},{"taxonomy":"post_tag","embeddable":true,"href":"https:\/\/centrourbano.com\/revista\/wp-json\/wp\/v2\/tags?post=32078"}],"curies":[{"name":"wp","href":"https:\/\/api.w.org\/{rel}","templated":true}]}}