{"id":31894,"date":"2016-03-11T11:09:49","date_gmt":"2016-03-11T17:09:49","guid":{"rendered":"http:\/\/centrourbano.com\/?p=31894"},"modified":"2016-03-11T11:38:48","modified_gmt":"2016-03-11T17:38:48","slug":"aumenta-demanda-de-espacios-en-ci-lerma-toluca","status":"publish","type":"post","link":"https:\/\/centrourbano.com\/revista\/inmobiliario\/aumenta-demanda-de-espacios-en-ci-lerma-toluca\/","title":{"rendered":"Aumenta demanda de espacios en CI Lerma-Toluca"},"content":{"rendered":"<p><em>Tienen la <a class=\"expresscurate_contentTags\" href=\"http:\/\/centrourbano.com\/tag\/tasa-de-disponibilidad\/\">#tasa de disponibilidad<\/a> m\u00e1s baja en la \u00faltima d\u00e9cada<\/em><br \/>\n<!--more--><\/p>\n<p>El <a class=\"expresscurate_contentTags\" href=\"http:\/\/centrourbano.com\/tag\/corredor-industrial-lerma-toluca\/\">#corredor industrial Lerma-Toluca<\/a> registr\u00f3 una tasa de disponibilidad del 6.8% del inventario construido, una de las tasas m\u00e1s bajas registradas en la \u00faltima d\u00e9cada.Con un total de 1,668,836 metros cuadrados cuentan con 118,000 metros cuadrados disponibles al cierre de 2015, esto debido a la gran demanda de los desarrolladores  impulsado por la proyecci\u00f3n de mayor dinamismo a consecuencia del tren M\u00e9xico-Toluca.<\/p>\n<p>Silvia G\u00f3mez, gerente de investigaci\u00f3n de Mercado en BDI Corporativo, mencion\u00f3 que es la tasa registrada m\u00e1s baja en los \u00faltimos 10 a\u00f1os, ya que antes los registros registradas oscilaban en el 9%; agreg\u00f3 que otro aspecto importante son los buenos precios y que es un buen mercado de bodegas. <\/p>\n<p>\u201cHay un dinamismo muy interesante, por las ventajas comparativas que tiene el ubicarse en la zona industrial de Toluca; desde el punto de vista del mercado central, ha estado en un crecimiento dentro de lo que es el reloj del mercado inmobiliario a nivel nacional, y actualmente se encuentra en su punto m\u00e1ximo, junto con Puebla, Guanajuato, Monterrey, San Luis Potos\u00ed y Guadalajara\u201d, afirm\u00f3, Jorge Paredes, director general de Realty World M\u00e9xico.<\/p>\n<p>El corredor Industrial Lerma- Toluca se encuentra ubicado en el municipio de Lerma y tiene m\u00e1s de 600 empresas instaladas en cinco <a class=\"expresscurate_contentTags\" href=\"http:\/\/centrourbano.com\/tag\/parques-industriales\/\">#parques industriales<\/a> diferentes que responden al sector petroqu\u00edmica, transformadora, automotriz, manufacturera y de servicios.  <\/p>\n","protected":false},"excerpt":{"rendered":"<p>Tienen la #tasa de disponibilidad m\u00e1s baja en la \u00faltima d\u00e9cada<\/p>\n","protected":false},"author":36,"featured_media":31898,"comment_status":"open","ping_status":"closed","sticky":false,"template":"","format":"standard","meta":{"om_disable_all_campaigns":false,"inline_featured_image":false,"_monsterinsights_skip_tracking":false,"_monsterinsights_sitenote_active":false,"_monsterinsights_sitenote_note":"","_monsterinsights_sitenote_category":0,"footnotes":""},"categories":[15],"tags":[7878,223,7879],"class_list":["post-31894","post","type-post","status-publish","format-standard","has-post-thumbnail","hentry","category-inmobiliario","tag-corredor-industrial-lerma-toluca","tag-parques-industriales","tag-tasa-de-disponibilidad"],"yoast_head":"<!-- This site is optimized with the Yoast SEO plugin v27.5 - https:\/\/yoast.com\/product\/yoast-seo-wordpress\/ -->\n<title>Aumenta demanda de espacios en CI Lerma-Toluca -<\/title>\n<meta name=\"description\" content=\"Tienen la #tasa de disponibilidad m\u00e1s baja en la \u00faltima d\u00e9cada El #corredor industrial Lerma-Toluca registr\u00f3 una tasa de disponibilidad del 6.8% del\" \/>\n<meta name=\"robots\" content=\"index, follow, max-snippet:-1, max-image-preview:large, max-video-preview:-1\" \/>\n<link rel=\"canonical\" href=\"https:\/\/centrourbano.com\/revista\/inmobiliario\/aumenta-demanda-de-espacios-en-ci-lerma-toluca\/\" \/>\n<meta property=\"og:locale\" content=\"es_ES\" \/>\n<meta property=\"og:type\" content=\"article\" \/>\n<meta property=\"og:title\" content=\"Aumenta demanda de espacios en CI Lerma-Toluca -\" \/>\n<meta property=\"og:description\" content=\"Tienen la #tasa de disponibilidad m\u00e1s baja en la \u00faltima d\u00e9cada El #corredor industrial Lerma-Toluca registr\u00f3 una tasa de disponibilidad del 6.8% del\" \/>\n<meta property=\"og:url\" content=\"https:\/\/centrourbano.com\/revista\/inmobiliario\/aumenta-demanda-de-espacios-en-ci-lerma-toluca\/\" \/>\n<meta property=\"og:site_name\" content=\"Centro Urbano\" \/>\n<meta property=\"article:publisher\" content=\"https:\/\/www.facebook.com\/portalcentrourbano\" \/>\n<meta property=\"article:published_time\" content=\"2016-03-11T17:09:49+00:00\" \/>\n<meta property=\"article:modified_time\" content=\"2016-03-11T17:38:48+00:00\" \/>\n<meta property=\"og:image\" content=\"https:\/\/centrourbano.com\/revista\/wp-content\/uploads\/industrias-e1457716175884.jpg\" \/>\n\t<meta property=\"og:image:width\" content=\"580\" \/>\n\t<meta property=\"og:image:height\" content=\"240\" \/>\n\t<meta property=\"og:image:type\" content=\"image\/jpeg\" \/>\n<meta name=\"author\" content=\"Yareth Casanova\" \/>\n<meta name=\"twitter:card\" content=\"summary_large_image\" \/>\n<meta name=\"twitter:creator\" content=\"@CentroUrbano\" \/>\n<meta name=\"twitter:site\" content=\"@CentroUrbano\" \/>\n<meta name=\"twitter:label1\" content=\"Escrito por\" \/>\n\t<meta name=\"twitter:data1\" content=\"Yareth Casanova\" \/>\n\t<meta name=\"twitter:label2\" content=\"Tiempo de lectura\" \/>\n\t<meta name=\"twitter:data2\" content=\"1 minuto\" \/>\n<script type=\"application\/ld+json\" class=\"yoast-schema-graph\">{\"@context\":\"https:\\\/\\\/schema.org\",\"@graph\":[{\"@type\":\"Article\",\"@id\":\"https:\\\/\\\/centrourbano.com\\\/revista\\\/inmobiliario\\\/aumenta-demanda-de-espacios-en-ci-lerma-toluca\\\/#article\",\"isPartOf\":{\"@id\":\"https:\\\/\\\/centrourbano.com\\\/revista\\\/inmobiliario\\\/aumenta-demanda-de-espacios-en-ci-lerma-toluca\\\/\"},\"author\":{\"name\":\"Yareth Casanova\",\"@id\":\"https:\\\/\\\/centrourbano.com\\\/revista\\\/#\\\/schema\\\/person\\\/dae97fa1bb2cf633b516aff6ba661f46\"},\"headline\":\"Aumenta demanda de espacios en CI Lerma-Toluca\",\"datePublished\":\"2016-03-11T17:09:49+00:00\",\"dateModified\":\"2016-03-11T17:38:48+00:00\",\"mainEntityOfPage\":{\"@id\":\"https:\\\/\\\/centrourbano.com\\\/revista\\\/inmobiliario\\\/aumenta-demanda-de-espacios-en-ci-lerma-toluca\\\/\"},\"wordCount\":246,\"commentCount\":0,\"publisher\":{\"@id\":\"https:\\\/\\\/centrourbano.com\\\/revista\\\/#organization\"},\"image\":{\"@id\":\"https:\\\/\\\/centrourbano.com\\\/revista\\\/inmobiliario\\\/aumenta-demanda-de-espacios-en-ci-lerma-toluca\\\/#primaryimage\"},\"thumbnailUrl\":\"https:\\\/\\\/centrourbano.com\\\/revista\\\/wp-content\\\/uploads\\\/industrias-e1457716175884.jpg\",\"keywords\":[\"Corredor Industrial Lerma-Toluca\",\"parques industriales\",\"tasa de disponibilidad\"],\"articleSection\":[\"Inmobiliario\"],\"inLanguage\":\"es\",\"potentialAction\":[{\"@type\":\"CommentAction\",\"name\":\"Comment\",\"target\":[\"https:\\\/\\\/centrourbano.com\\\/revista\\\/inmobiliario\\\/aumenta-demanda-de-espacios-en-ci-lerma-toluca\\\/#respond\"]}]},{\"@type\":\"WebPage\",\"@id\":\"https:\\\/\\\/centrourbano.com\\\/revista\\\/inmobiliario\\\/aumenta-demanda-de-espacios-en-ci-lerma-toluca\\\/\",\"url\":\"https:\\\/\\\/centrourbano.com\\\/revista\\\/inmobiliario\\\/aumenta-demanda-de-espacios-en-ci-lerma-toluca\\\/\",\"name\":\"Aumenta demanda de espacios en CI Lerma-Toluca -\",\"isPartOf\":{\"@id\":\"https:\\\/\\\/centrourbano.com\\\/revista\\\/#website\"},\"primaryImageOfPage\":{\"@id\":\"https:\\\/\\\/centrourbano.com\\\/revista\\\/inmobiliario\\\/aumenta-demanda-de-espacios-en-ci-lerma-toluca\\\/#primaryimage\"},\"image\":{\"@id\":\"https:\\\/\\\/centrourbano.com\\\/revista\\\/inmobiliario\\\/aumenta-demanda-de-espacios-en-ci-lerma-toluca\\\/#primaryimage\"},\"thumbnailUrl\":\"https:\\\/\\\/centrourbano.com\\\/revista\\\/wp-content\\\/uploads\\\/industrias-e1457716175884.jpg\",\"datePublished\":\"2016-03-11T17:09:49+00:00\",\"dateModified\":\"2016-03-11T17:38:48+00:00\",\"description\":\"Tienen la #tasa de disponibilidad m\u00e1s baja en la \u00faltima d\u00e9cada El #corredor industrial Lerma-Toluca registr\u00f3 una tasa de disponibilidad del 6.8% del\",\"breadcrumb\":{\"@id\":\"https:\\\/\\\/centrourbano.com\\\/revista\\\/inmobiliario\\\/aumenta-demanda-de-espacios-en-ci-lerma-toluca\\\/#breadcrumb\"},\"inLanguage\":\"es\",\"potentialAction\":[{\"@type\":\"ReadAction\",\"target\":[\"https:\\\/\\\/centrourbano.com\\\/revista\\\/inmobiliario\\\/aumenta-demanda-de-espacios-en-ci-lerma-toluca\\\/\"]}]},{\"@type\":\"ImageObject\",\"inLanguage\":\"es\",\"@id\":\"https:\\\/\\\/centrourbano.com\\\/revista\\\/inmobiliario\\\/aumenta-demanda-de-espacios-en-ci-lerma-toluca\\\/#primaryimage\",\"url\":\"https:\\\/\\\/centrourbano.com\\\/revista\\\/wp-content\\\/uploads\\\/industrias-e1457716175884.jpg\",\"contentUrl\":\"https:\\\/\\\/centrourbano.com\\\/revista\\\/wp-content\\\/uploads\\\/industrias-e1457716175884.jpg\",\"width\":580,\"height\":240},{\"@type\":\"BreadcrumbList\",\"@id\":\"https:\\\/\\\/centrourbano.com\\\/revista\\\/inmobiliario\\\/aumenta-demanda-de-espacios-en-ci-lerma-toluca\\\/#breadcrumb\",\"itemListElement\":[{\"@type\":\"ListItem\",\"position\":1,\"name\":\"Portada\",\"item\":\"https:\\\/\\\/centrourbano.com\\\/revista\\\/\"},{\"@type\":\"ListItem\",\"position\":2,\"name\":\"Aumenta demanda de espacios en CI Lerma-Toluca\"}]},{\"@type\":\"WebSite\",\"@id\":\"https:\\\/\\\/centrourbano.com\\\/revista\\\/#website\",\"url\":\"https:\\\/\\\/centrourbano.com\\\/revista\\\/\",\"name\":\"Centro Urbano\",\"description\":\"Medio especializado en los sectores vivienda, inmobiliario, construcci\u00f3n, arquitectura y urbanismo.\",\"publisher\":{\"@id\":\"https:\\\/\\\/centrourbano.com\\\/revista\\\/#organization\"},\"potentialAction\":[{\"@type\":\"SearchAction\",\"target\":{\"@type\":\"EntryPoint\",\"urlTemplate\":\"https:\\\/\\\/centrourbano.com\\\/revista\\\/?s={search_term_string}\"},\"query-input\":{\"@type\":\"PropertyValueSpecification\",\"valueRequired\":true,\"valueName\":\"search_term_string\"}}],\"inLanguage\":\"es\"},{\"@type\":\"Organization\",\"@id\":\"https:\\\/\\\/centrourbano.com\\\/revista\\\/#organization\",\"name\":\"Centro Urbano\",\"url\":\"https:\\\/\\\/centrourbano.com\\\/revista\\\/\",\"logo\":{\"@type\":\"ImageObject\",\"inLanguage\":\"es\",\"@id\":\"https:\\\/\\\/centrourbano.com\\\/revista\\\/#\\\/schema\\\/logo\\\/image\\\/\",\"url\":\"https:\\\/\\\/centrourbano.com\\\/revista\\\/wp-content\\\/uploads\\\/web_CU_logo-1.png\",\"contentUrl\":\"https:\\\/\\\/centrourbano.com\\\/revista\\\/wp-content\\\/uploads\\\/web_CU_logo-1.png\",\"width\":350,\"height\":91,\"caption\":\"Centro Urbano\"},\"image\":{\"@id\":\"https:\\\/\\\/centrourbano.com\\\/revista\\\/#\\\/schema\\\/logo\\\/image\\\/\"},\"sameAs\":[\"https:\\\/\\\/www.facebook.com\\\/portalcentrourbano\",\"https:\\\/\\\/x.com\\\/CentroUrbano\",\"https:\\\/\\\/www.instagram.com\\\/centro_urbano\\\/\",\"https:\\\/\\\/www.linkedin.com\\\/company\\\/centro-urbano\\\/\",\"http:\\\/\\\/www.youtube.com\\\/user\\\/portalcentrourbano\"]},{\"@type\":\"Person\",\"@id\":\"https:\\\/\\\/centrourbano.com\\\/revista\\\/#\\\/schema\\\/person\\\/dae97fa1bb2cf633b516aff6ba661f46\",\"name\":\"Yareth Casanova\",\"image\":{\"@type\":\"ImageObject\",\"inLanguage\":\"es\",\"@id\":\"https:\\\/\\\/secure.gravatar.com\\\/avatar\\\/cc5021d028a26acc18cd90754b870114c9449717d0cf43cc142712f089324f6d?s=96&d=mm&r=g\",\"url\":\"https:\\\/\\\/secure.gravatar.com\\\/avatar\\\/cc5021d028a26acc18cd90754b870114c9449717d0cf43cc142712f089324f6d?s=96&d=mm&r=g\",\"contentUrl\":\"https:\\\/\\\/secure.gravatar.com\\\/avatar\\\/cc5021d028a26acc18cd90754b870114c9449717d0cf43cc142712f089324f6d?s=96&d=mm&r=g\",\"caption\":\"Yareth Casanova\"},\"description\":\"Egresada de la Universidad del Valle de M\u00e9xico en Ciencias de la Comunicaci\u00f3n. Fungi\u00f3 como community manager en el Senado de la Rep\u00fablica y como becaria en editorial Televisa. Actualmente se desempe\u00f1a como community manager y reportera en Centro Urbano. Es amante de los perros y sus pasiones son el baile, el cine, la pol\u00edtica y la moda.\",\"url\":\"https:\\\/\\\/centrourbano.com\\\/revista\\\/author\\\/yarethcu\\\/\"}]}<\/script>\n<!-- \/ Yoast SEO plugin. -->","yoast_head_json":{"title":"Aumenta demanda de espacios en CI Lerma-Toluca -","description":"Tienen la #tasa de disponibilidad m\u00e1s baja en la \u00faltima d\u00e9cada El #corredor industrial Lerma-Toluca registr\u00f3 una tasa de disponibilidad del 6.8% del","robots":{"index":"index","follow":"follow","max-snippet":"max-snippet:-1","max-image-preview":"max-image-preview:large","max-video-preview":"max-video-preview:-1"},"canonical":"https:\/\/centrourbano.com\/revista\/inmobiliario\/aumenta-demanda-de-espacios-en-ci-lerma-toluca\/","og_locale":"es_ES","og_type":"article","og_title":"Aumenta demanda de espacios en CI Lerma-Toluca -","og_description":"Tienen la #tasa de disponibilidad m\u00e1s baja en la \u00faltima d\u00e9cada El #corredor industrial Lerma-Toluca registr\u00f3 una tasa de disponibilidad del 6.8% del","og_url":"https:\/\/centrourbano.com\/revista\/inmobiliario\/aumenta-demanda-de-espacios-en-ci-lerma-toluca\/","og_site_name":"Centro Urbano","article_publisher":"https:\/\/www.facebook.com\/portalcentrourbano","article_published_time":"2016-03-11T17:09:49+00:00","article_modified_time":"2016-03-11T17:38:48+00:00","og_image":[{"width":580,"height":240,"url":"https:\/\/centrourbano.com\/revista\/wp-content\/uploads\/industrias-e1457716175884.jpg","type":"image\/jpeg"}],"author":"Yareth Casanova","twitter_card":"summary_large_image","twitter_creator":"@CentroUrbano","twitter_site":"@CentroUrbano","twitter_misc":{"Escrito por":"Yareth Casanova","Tiempo de lectura":"1 minuto"},"schema":{"@context":"https:\/\/schema.org","@graph":[{"@type":"Article","@id":"https:\/\/centrourbano.com\/revista\/inmobiliario\/aumenta-demanda-de-espacios-en-ci-lerma-toluca\/#article","isPartOf":{"@id":"https:\/\/centrourbano.com\/revista\/inmobiliario\/aumenta-demanda-de-espacios-en-ci-lerma-toluca\/"},"author":{"name":"Yareth Casanova","@id":"https:\/\/centrourbano.com\/revista\/#\/schema\/person\/dae97fa1bb2cf633b516aff6ba661f46"},"headline":"Aumenta demanda de espacios en CI Lerma-Toluca","datePublished":"2016-03-11T17:09:49+00:00","dateModified":"2016-03-11T17:38:48+00:00","mainEntityOfPage":{"@id":"https:\/\/centrourbano.com\/revista\/inmobiliario\/aumenta-demanda-de-espacios-en-ci-lerma-toluca\/"},"wordCount":246,"commentCount":0,"publisher":{"@id":"https:\/\/centrourbano.com\/revista\/#organization"},"image":{"@id":"https:\/\/centrourbano.com\/revista\/inmobiliario\/aumenta-demanda-de-espacios-en-ci-lerma-toluca\/#primaryimage"},"thumbnailUrl":"https:\/\/centrourbano.com\/revista\/wp-content\/uploads\/industrias-e1457716175884.jpg","keywords":["Corredor Industrial Lerma-Toluca","parques industriales","tasa de disponibilidad"],"articleSection":["Inmobiliario"],"inLanguage":"es","potentialAction":[{"@type":"CommentAction","name":"Comment","target":["https:\/\/centrourbano.com\/revista\/inmobiliario\/aumenta-demanda-de-espacios-en-ci-lerma-toluca\/#respond"]}]},{"@type":"WebPage","@id":"https:\/\/centrourbano.com\/revista\/inmobiliario\/aumenta-demanda-de-espacios-en-ci-lerma-toluca\/","url":"https:\/\/centrourbano.com\/revista\/inmobiliario\/aumenta-demanda-de-espacios-en-ci-lerma-toluca\/","name":"Aumenta demanda de espacios en CI Lerma-Toluca -","isPartOf":{"@id":"https:\/\/centrourbano.com\/revista\/#website"},"primaryImageOfPage":{"@id":"https:\/\/centrourbano.com\/revista\/inmobiliario\/aumenta-demanda-de-espacios-en-ci-lerma-toluca\/#primaryimage"},"image":{"@id":"https:\/\/centrourbano.com\/revista\/inmobiliario\/aumenta-demanda-de-espacios-en-ci-lerma-toluca\/#primaryimage"},"thumbnailUrl":"https:\/\/centrourbano.com\/revista\/wp-content\/uploads\/industrias-e1457716175884.jpg","datePublished":"2016-03-11T17:09:49+00:00","dateModified":"2016-03-11T17:38:48+00:00","description":"Tienen la #tasa de disponibilidad m\u00e1s baja en la \u00faltima d\u00e9cada El #corredor industrial Lerma-Toluca registr\u00f3 una tasa de disponibilidad del 6.8% del","breadcrumb":{"@id":"https:\/\/centrourbano.com\/revista\/inmobiliario\/aumenta-demanda-de-espacios-en-ci-lerma-toluca\/#breadcrumb"},"inLanguage":"es","potentialAction":[{"@type":"ReadAction","target":["https:\/\/centrourbano.com\/revista\/inmobiliario\/aumenta-demanda-de-espacios-en-ci-lerma-toluca\/"]}]},{"@type":"ImageObject","inLanguage":"es","@id":"https:\/\/centrourbano.com\/revista\/inmobiliario\/aumenta-demanda-de-espacios-en-ci-lerma-toluca\/#primaryimage","url":"https:\/\/centrourbano.com\/revista\/wp-content\/uploads\/industrias-e1457716175884.jpg","contentUrl":"https:\/\/centrourbano.com\/revista\/wp-content\/uploads\/industrias-e1457716175884.jpg","width":580,"height":240},{"@type":"BreadcrumbList","@id":"https:\/\/centrourbano.com\/revista\/inmobiliario\/aumenta-demanda-de-espacios-en-ci-lerma-toluca\/#breadcrumb","itemListElement":[{"@type":"ListItem","position":1,"name":"Portada","item":"https:\/\/centrourbano.com\/revista\/"},{"@type":"ListItem","position":2,"name":"Aumenta demanda de espacios en CI Lerma-Toluca"}]},{"@type":"WebSite","@id":"https:\/\/centrourbano.com\/revista\/#website","url":"https:\/\/centrourbano.com\/revista\/","name":"Centro Urbano","description":"Medio especializado en los sectores vivienda, inmobiliario, construcci\u00f3n, arquitectura y urbanismo.","publisher":{"@id":"https:\/\/centrourbano.com\/revista\/#organization"},"potentialAction":[{"@type":"SearchAction","target":{"@type":"EntryPoint","urlTemplate":"https:\/\/centrourbano.com\/revista\/?s={search_term_string}"},"query-input":{"@type":"PropertyValueSpecification","valueRequired":true,"valueName":"search_term_string"}}],"inLanguage":"es"},{"@type":"Organization","@id":"https:\/\/centrourbano.com\/revista\/#organization","name":"Centro Urbano","url":"https:\/\/centrourbano.com\/revista\/","logo":{"@type":"ImageObject","inLanguage":"es","@id":"https:\/\/centrourbano.com\/revista\/#\/schema\/logo\/image\/","url":"https:\/\/centrourbano.com\/revista\/wp-content\/uploads\/web_CU_logo-1.png","contentUrl":"https:\/\/centrourbano.com\/revista\/wp-content\/uploads\/web_CU_logo-1.png","width":350,"height":91,"caption":"Centro Urbano"},"image":{"@id":"https:\/\/centrourbano.com\/revista\/#\/schema\/logo\/image\/"},"sameAs":["https:\/\/www.facebook.com\/portalcentrourbano","https:\/\/x.com\/CentroUrbano","https:\/\/www.instagram.com\/centro_urbano\/","https:\/\/www.linkedin.com\/company\/centro-urbano\/","http:\/\/www.youtube.com\/user\/portalcentrourbano"]},{"@type":"Person","@id":"https:\/\/centrourbano.com\/revista\/#\/schema\/person\/dae97fa1bb2cf633b516aff6ba661f46","name":"Yareth Casanova","image":{"@type":"ImageObject","inLanguage":"es","@id":"https:\/\/secure.gravatar.com\/avatar\/cc5021d028a26acc18cd90754b870114c9449717d0cf43cc142712f089324f6d?s=96&d=mm&r=g","url":"https:\/\/secure.gravatar.com\/avatar\/cc5021d028a26acc18cd90754b870114c9449717d0cf43cc142712f089324f6d?s=96&d=mm&r=g","contentUrl":"https:\/\/secure.gravatar.com\/avatar\/cc5021d028a26acc18cd90754b870114c9449717d0cf43cc142712f089324f6d?s=96&d=mm&r=g","caption":"Yareth Casanova"},"description":"Egresada de la Universidad del Valle de M\u00e9xico en Ciencias de la Comunicaci\u00f3n. Fungi\u00f3 como community manager en el Senado de la Rep\u00fablica y como becaria en editorial Televisa. Actualmente se desempe\u00f1a como community manager y reportera en Centro Urbano. Es amante de los perros y sus pasiones son el baile, el cine, la pol\u00edtica y la moda.","url":"https:\/\/centrourbano.com\/revista\/author\/yarethcu\/"}]}},"_links":{"self":[{"href":"https:\/\/centrourbano.com\/revista\/wp-json\/wp\/v2\/posts\/31894","targetHints":{"allow":["GET"]}}],"collection":[{"href":"https:\/\/centrourbano.com\/revista\/wp-json\/wp\/v2\/posts"}],"about":[{"href":"https:\/\/centrourbano.com\/revista\/wp-json\/wp\/v2\/types\/post"}],"author":[{"embeddable":true,"href":"https:\/\/centrourbano.com\/revista\/wp-json\/wp\/v2\/users\/36"}],"replies":[{"embeddable":true,"href":"https:\/\/centrourbano.com\/revista\/wp-json\/wp\/v2\/comments?post=31894"}],"version-history":[{"count":0,"href":"https:\/\/centrourbano.com\/revista\/wp-json\/wp\/v2\/posts\/31894\/revisions"}],"wp:featuredmedia":[{"embeddable":true,"href":"https:\/\/centrourbano.com\/revista\/wp-json\/wp\/v2\/media\/31898"}],"wp:attachment":[{"href":"https:\/\/centrourbano.com\/revista\/wp-json\/wp\/v2\/media?parent=31894"}],"wp:term":[{"taxonomy":"category","embeddable":true,"href":"https:\/\/centrourbano.com\/revista\/wp-json\/wp\/v2\/categories?post=31894"},{"taxonomy":"post_tag","embeddable":true,"href":"https:\/\/centrourbano.com\/revista\/wp-json\/wp\/v2\/tags?post=31894"}],"curies":[{"name":"wp","href":"https:\/\/api.w.org\/{rel}","templated":true}]}}