{"id":31876,"date":"2016-03-11T09:41:30","date_gmt":"2016-03-11T15:41:30","guid":{"rendered":"http:\/\/centrourbano.com\/?p=31876"},"modified":"2016-03-11T09:48:20","modified_gmt":"2016-03-11T15:48:20","slug":"concluyo-el-xxviii-congreso-nacional-de-ingenieria-civil","status":"publish","type":"post","link":"https:\/\/centrourbano.com\/revista\/construccion\/concluyo-el-xxviii-congreso-nacional-de-ingenieria-civil\/","title":{"rendered":"Concluy\u00f3 el XXVIII Congreso Nacional de Ingenier\u00eda Civil"},"content":{"rendered":"<p><em>Se habl\u00f3 de la transici\u00f3n energ\u00e9tica y fomentar la participaci\u00f3n en los proyectos de la ciudad<\/em><br \/>\n<!--more--><\/p>\n<p>El Jefe de Gobierno de la Ciudad de M\u00e9xico, Miguel \u00c1ngel <a class=\"expresscurate_contentTags\" href=\"http:\/\/centrourbano.com\/tag\/mancera\/\">#Mancera<\/a> Espinosa, exhort\u00f3 a los ingenieros civiles a trabajar en conjunto con el gobierno capitalinos  en los proyectos que se realizar\u00e1n este a\u00f1o, en donde la inversi\u00f3n conjunta con el gobierno federal es por m\u00e1s 18,300 millones de pesos. <\/p>\n<p>Esta invitaci\u00f3n la realiz\u00f3 al clausurar el XXVIII <a class=\"expresscurate_contentTags\" href=\"http:\/\/centrourbano.com\/tag\/congreso\/\">#Congreso<\/a> Nacional de Ingenier\u00eda Civil, en donde se abordaron temas como la transici\u00f3n energ\u00e9tica y las obras que se necesitar\u00e1n para tener cada vez modelos de suministro energ\u00e9tico de manera sustentable. <\/p>\n<p>Asimismo, entreg\u00f3 los Premios de Ingenier\u00eda 2015 a lo m\u00e1s destacado del pa\u00eds en el \u00e1mbito de la Pr\u00e1ctica Profesional, Docencia, Investigaci\u00f3n y Mejor Libro de Ingenier\u00eda Civil. En la ceremonia dio una copia al presidente del <a class=\"expresscurate_contentTags\" href=\"http:\/\/centrourbano.com\/tag\/colegio-de-ingenieros\/\">#Colegio de Ingenieros<\/a> Civiles de M\u00e9xico (CICM), V\u00edctor Ortiz, de la consulta Para la Opini\u00f3n de la Ciudad, en donde se abordan propuestas sobre los terrenos que dejar\u00e1 el Aeropuerto Internacional de la Ciudad de M\u00e9xico. <\/p>\n<p>En la ceremonia de clausura estuvieron presentes los secretarios de Obras y Servicios, Edgar Tung\u00fc\u00ed Rodr\u00edguez; de Desarrollo Econ\u00f3mico, Salom\u00f3n Chertorivski Woldenberg; el director general del \u201cXXVIII Congreso Nacional de Ingenier\u00eda Civil\u201d, Fernando Guti\u00e9rrez Ochoa, entre otros invitados.<\/p>\n","protected":false},"excerpt":{"rendered":"<p>Se habl\u00f3 de la transici\u00f3n energ\u00e9tica y fomentar la participaci\u00f3n en los proyectos de la ciudad<\/p>\n","protected":false},"author":37,"featured_media":31879,"comment_status":"open","ping_status":"closed","sticky":false,"template":"","format":"standard","meta":{"om_disable_all_campaigns":false,"inline_featured_image":false,"_monsterinsights_skip_tracking":false,"_monsterinsights_sitenote_active":false,"_monsterinsights_sitenote_note":"","_monsterinsights_sitenote_category":0,"footnotes":""},"categories":[14],"tags":[7875,7503,1846],"class_list":["post-31876","post","type-post","status-publish","format-standard","has-post-thumbnail","hentry","category-construccion","tag-colegio-de-ingenieros","tag-congreso","tag-mancera"],"yoast_head":"<!-- This site is optimized with the Yoast SEO plugin v27.5 - https:\/\/yoast.com\/product\/yoast-seo-wordpress\/ -->\n<title>Concluy\u00f3 el XXVIII Congreso Nacional de Ingenier\u00eda Civil -<\/title>\n<meta name=\"description\" content=\"Se habl\u00f3 de la transici\u00f3n energ\u00e9tica y fomentar la participaci\u00f3n en los proyectos de la ciudad El Jefe de Gobierno de la Ciudad de M\u00e9xico, Miguel \u00c1ngel\" \/>\n<meta name=\"robots\" content=\"index, follow, max-snippet:-1, max-image-preview:large, max-video-preview:-1\" \/>\n<link rel=\"canonical\" href=\"https:\/\/centrourbano.com\/revista\/construccion\/concluyo-el-xxviii-congreso-nacional-de-ingenieria-civil\/\" \/>\n<meta property=\"og:locale\" content=\"es_ES\" \/>\n<meta property=\"og:type\" content=\"article\" \/>\n<meta property=\"og:title\" content=\"Concluy\u00f3 el XXVIII Congreso Nacional de Ingenier\u00eda Civil -\" \/>\n<meta property=\"og:description\" content=\"Se habl\u00f3 de la transici\u00f3n energ\u00e9tica y fomentar la participaci\u00f3n en los proyectos de la ciudad El Jefe de Gobierno de la Ciudad de M\u00e9xico, Miguel \u00c1ngel\" \/>\n<meta property=\"og:url\" content=\"https:\/\/centrourbano.com\/revista\/construccion\/concluyo-el-xxviii-congreso-nacional-de-ingenieria-civil\/\" \/>\n<meta property=\"og:site_name\" content=\"Centro Urbano\" \/>\n<meta property=\"article:publisher\" content=\"https:\/\/www.facebook.com\/portalcentrourbano\" \/>\n<meta property=\"article:published_time\" content=\"2016-03-11T15:41:30+00:00\" \/>\n<meta property=\"article:modified_time\" content=\"2016-03-11T15:48:20+00:00\" \/>\n<meta property=\"og:image\" content=\"https:\/\/centrourbano.com\/revista\/wp-content\/uploads\/100316-MIGUEL-\u00c1NGEL-MANCERA-CONGRESO-NACIONAL-DE-INGENIER\u00cdA-CIVIL-4.jpg\" \/>\n\t<meta property=\"og:image:width\" content=\"2144\" \/>\n\t<meta property=\"og:image:height\" content=\"1424\" \/>\n\t<meta property=\"og:image:type\" content=\"image\/jpeg\" \/>\n<meta name=\"author\" content=\"Diego Rodr\u00edguez\" \/>\n<meta name=\"twitter:card\" content=\"summary_large_image\" \/>\n<meta name=\"twitter:creator\" content=\"@CentroUrbano\" \/>\n<meta name=\"twitter:site\" content=\"@CentroUrbano\" \/>\n<meta name=\"twitter:label1\" content=\"Escrito por\" \/>\n\t<meta name=\"twitter:data1\" content=\"Diego Rodr\u00edguez\" \/>\n\t<meta name=\"twitter:label2\" content=\"Tiempo de lectura\" \/>\n\t<meta name=\"twitter:data2\" content=\"1 minuto\" \/>\n<script type=\"application\/ld+json\" class=\"yoast-schema-graph\">{\"@context\":\"https:\\\/\\\/schema.org\",\"@graph\":[{\"@type\":\"Article\",\"@id\":\"https:\\\/\\\/centrourbano.com\\\/revista\\\/construccion\\\/concluyo-el-xxviii-congreso-nacional-de-ingenieria-civil\\\/#article\",\"isPartOf\":{\"@id\":\"https:\\\/\\\/centrourbano.com\\\/revista\\\/construccion\\\/concluyo-el-xxviii-congreso-nacional-de-ingenieria-civil\\\/\"},\"author\":{\"name\":\"Diego Rodr\u00edguez\",\"@id\":\"https:\\\/\\\/centrourbano.com\\\/revista\\\/#\\\/schema\\\/person\\\/dbdc8d1d633eb3e0461138eedc8a0615\"},\"headline\":\"Concluy\u00f3 el XXVIII Congreso Nacional de Ingenier\u00eda Civil\",\"datePublished\":\"2016-03-11T15:41:30+00:00\",\"dateModified\":\"2016-03-11T15:48:20+00:00\",\"mainEntityOfPage\":{\"@id\":\"https:\\\/\\\/centrourbano.com\\\/revista\\\/construccion\\\/concluyo-el-xxviii-congreso-nacional-de-ingenieria-civil\\\/\"},\"wordCount\":252,\"commentCount\":0,\"publisher\":{\"@id\":\"https:\\\/\\\/centrourbano.com\\\/revista\\\/#organization\"},\"image\":{\"@id\":\"https:\\\/\\\/centrourbano.com\\\/revista\\\/construccion\\\/concluyo-el-xxviii-congreso-nacional-de-ingenieria-civil\\\/#primaryimage\"},\"thumbnailUrl\":\"https:\\\/\\\/centrourbano.com\\\/revista\\\/wp-content\\\/uploads\\\/100316-MIGUEL-\u00c1NGEL-MANCERA-CONGRESO-NACIONAL-DE-INGENIER\u00cdA-CIVIL-4.jpg\",\"keywords\":[\"Colegio de Ingenieros\",\"Congreso\",\"Mancera\"],\"articleSection\":[\"Construcci\u00f3n\"],\"inLanguage\":\"es\",\"potentialAction\":[{\"@type\":\"CommentAction\",\"name\":\"Comment\",\"target\":[\"https:\\\/\\\/centrourbano.com\\\/revista\\\/construccion\\\/concluyo-el-xxviii-congreso-nacional-de-ingenieria-civil\\\/#respond\"]}]},{\"@type\":\"WebPage\",\"@id\":\"https:\\\/\\\/centrourbano.com\\\/revista\\\/construccion\\\/concluyo-el-xxviii-congreso-nacional-de-ingenieria-civil\\\/\",\"url\":\"https:\\\/\\\/centrourbano.com\\\/revista\\\/construccion\\\/concluyo-el-xxviii-congreso-nacional-de-ingenieria-civil\\\/\",\"name\":\"Concluy\u00f3 el XXVIII Congreso Nacional de Ingenier\u00eda Civil -\",\"isPartOf\":{\"@id\":\"https:\\\/\\\/centrourbano.com\\\/revista\\\/#website\"},\"primaryImageOfPage\":{\"@id\":\"https:\\\/\\\/centrourbano.com\\\/revista\\\/construccion\\\/concluyo-el-xxviii-congreso-nacional-de-ingenieria-civil\\\/#primaryimage\"},\"image\":{\"@id\":\"https:\\\/\\\/centrourbano.com\\\/revista\\\/construccion\\\/concluyo-el-xxviii-congreso-nacional-de-ingenieria-civil\\\/#primaryimage\"},\"thumbnailUrl\":\"https:\\\/\\\/centrourbano.com\\\/revista\\\/wp-content\\\/uploads\\\/100316-MIGUEL-\u00c1NGEL-MANCERA-CONGRESO-NACIONAL-DE-INGENIER\u00cdA-CIVIL-4.jpg\",\"datePublished\":\"2016-03-11T15:41:30+00:00\",\"dateModified\":\"2016-03-11T15:48:20+00:00\",\"description\":\"Se habl\u00f3 de la transici\u00f3n energ\u00e9tica y fomentar la participaci\u00f3n en los proyectos de la ciudad El Jefe de Gobierno de la Ciudad de M\u00e9xico, Miguel \u00c1ngel\",\"breadcrumb\":{\"@id\":\"https:\\\/\\\/centrourbano.com\\\/revista\\\/construccion\\\/concluyo-el-xxviii-congreso-nacional-de-ingenieria-civil\\\/#breadcrumb\"},\"inLanguage\":\"es\",\"potentialAction\":[{\"@type\":\"ReadAction\",\"target\":[\"https:\\\/\\\/centrourbano.com\\\/revista\\\/construccion\\\/concluyo-el-xxviii-congreso-nacional-de-ingenieria-civil\\\/\"]}]},{\"@type\":\"ImageObject\",\"inLanguage\":\"es\",\"@id\":\"https:\\\/\\\/centrourbano.com\\\/revista\\\/construccion\\\/concluyo-el-xxviii-congreso-nacional-de-ingenieria-civil\\\/#primaryimage\",\"url\":\"https:\\\/\\\/centrourbano.com\\\/revista\\\/wp-content\\\/uploads\\\/100316-MIGUEL-\u00c1NGEL-MANCERA-CONGRESO-NACIONAL-DE-INGENIER\u00cdA-CIVIL-4.jpg\",\"contentUrl\":\"https:\\\/\\\/centrourbano.com\\\/revista\\\/wp-content\\\/uploads\\\/100316-MIGUEL-\u00c1NGEL-MANCERA-CONGRESO-NACIONAL-DE-INGENIER\u00cdA-CIVIL-4.jpg\",\"width\":2144,\"height\":1424},{\"@type\":\"BreadcrumbList\",\"@id\":\"https:\\\/\\\/centrourbano.com\\\/revista\\\/construccion\\\/concluyo-el-xxviii-congreso-nacional-de-ingenieria-civil\\\/#breadcrumb\",\"itemListElement\":[{\"@type\":\"ListItem\",\"position\":1,\"name\":\"Portada\",\"item\":\"https:\\\/\\\/centrourbano.com\\\/revista\\\/\"},{\"@type\":\"ListItem\",\"position\":2,\"name\":\"Concluy\u00f3 el XXVIII Congreso Nacional de Ingenier\u00eda Civil\"}]},{\"@type\":\"WebSite\",\"@id\":\"https:\\\/\\\/centrourbano.com\\\/revista\\\/#website\",\"url\":\"https:\\\/\\\/centrourbano.com\\\/revista\\\/\",\"name\":\"Centro Urbano\",\"description\":\"Medio especializado en los sectores vivienda, inmobiliario, construcci\u00f3n, arquitectura y urbanismo.\",\"publisher\":{\"@id\":\"https:\\\/\\\/centrourbano.com\\\/revista\\\/#organization\"},\"potentialAction\":[{\"@type\":\"SearchAction\",\"target\":{\"@type\":\"EntryPoint\",\"urlTemplate\":\"https:\\\/\\\/centrourbano.com\\\/revista\\\/?s={search_term_string}\"},\"query-input\":{\"@type\":\"PropertyValueSpecification\",\"valueRequired\":true,\"valueName\":\"search_term_string\"}}],\"inLanguage\":\"es\"},{\"@type\":\"Organization\",\"@id\":\"https:\\\/\\\/centrourbano.com\\\/revista\\\/#organization\",\"name\":\"Centro Urbano\",\"url\":\"https:\\\/\\\/centrourbano.com\\\/revista\\\/\",\"logo\":{\"@type\":\"ImageObject\",\"inLanguage\":\"es\",\"@id\":\"https:\\\/\\\/centrourbano.com\\\/revista\\\/#\\\/schema\\\/logo\\\/image\\\/\",\"url\":\"https:\\\/\\\/centrourbano.com\\\/revista\\\/wp-content\\\/uploads\\\/web_CU_logo-1.png\",\"contentUrl\":\"https:\\\/\\\/centrourbano.com\\\/revista\\\/wp-content\\\/uploads\\\/web_CU_logo-1.png\",\"width\":350,\"height\":91,\"caption\":\"Centro Urbano\"},\"image\":{\"@id\":\"https:\\\/\\\/centrourbano.com\\\/revista\\\/#\\\/schema\\\/logo\\\/image\\\/\"},\"sameAs\":[\"https:\\\/\\\/www.facebook.com\\\/portalcentrourbano\",\"https:\\\/\\\/x.com\\\/CentroUrbano\",\"https:\\\/\\\/www.instagram.com\\\/centro_urbano\\\/\",\"https:\\\/\\\/www.linkedin.com\\\/company\\\/centro-urbano\\\/\",\"http:\\\/\\\/www.youtube.com\\\/user\\\/portalcentrourbano\"]},{\"@type\":\"Person\",\"@id\":\"https:\\\/\\\/centrourbano.com\\\/revista\\\/#\\\/schema\\\/person\\\/dbdc8d1d633eb3e0461138eedc8a0615\",\"name\":\"Diego Rodr\u00edguez\",\"image\":{\"@type\":\"ImageObject\",\"inLanguage\":\"es\",\"@id\":\"https:\\\/\\\/secure.gravatar.com\\\/avatar\\\/d217565525df2df5d4e7265d47758506f41845ed9529510921a7625d8365789d?s=96&d=mm&r=g\",\"url\":\"https:\\\/\\\/secure.gravatar.com\\\/avatar\\\/d217565525df2df5d4e7265d47758506f41845ed9529510921a7625d8365789d?s=96&d=mm&r=g\",\"contentUrl\":\"https:\\\/\\\/secure.gravatar.com\\\/avatar\\\/d217565525df2df5d4e7265d47758506f41845ed9529510921a7625d8365789d?s=96&d=mm&r=g\",\"caption\":\"Diego Rodr\u00edguez\"},\"description\":\"Egresado de la Facultad de Estudios Superiores Acatl\u00e1n de la carrera en Comunicaci\u00f3n, con especialidad en medios escritos. Reportero del desaparecido peri\u00f3dico Nuestro M\u00e9xico, en donde cubri\u00f3 las fuentes delegacionales y Asamblea Legislativa. Tambi\u00e9n trabaj\u00f3 en la Coordinaci\u00f3n de Comunicaci\u00f3n Social en la delegaci\u00f3n \u00c1lvaro Obreg\u00f3n. Le gusta leer novelas y cuentos.\",\"url\":\"https:\\\/\\\/centrourbano.com\\\/revista\\\/author\\\/diegorodriguez\\\/\"}]}<\/script>\n<!-- \/ Yoast SEO plugin. -->","yoast_head_json":{"title":"Concluy\u00f3 el XXVIII Congreso Nacional de Ingenier\u00eda Civil -","description":"Se habl\u00f3 de la transici\u00f3n energ\u00e9tica y fomentar la participaci\u00f3n en los proyectos de la ciudad El Jefe de Gobierno de la Ciudad de M\u00e9xico, Miguel \u00c1ngel","robots":{"index":"index","follow":"follow","max-snippet":"max-snippet:-1","max-image-preview":"max-image-preview:large","max-video-preview":"max-video-preview:-1"},"canonical":"https:\/\/centrourbano.com\/revista\/construccion\/concluyo-el-xxviii-congreso-nacional-de-ingenieria-civil\/","og_locale":"es_ES","og_type":"article","og_title":"Concluy\u00f3 el XXVIII Congreso Nacional de Ingenier\u00eda Civil -","og_description":"Se habl\u00f3 de la transici\u00f3n energ\u00e9tica y fomentar la participaci\u00f3n en los proyectos de la ciudad El Jefe de Gobierno de la Ciudad de M\u00e9xico, Miguel \u00c1ngel","og_url":"https:\/\/centrourbano.com\/revista\/construccion\/concluyo-el-xxviii-congreso-nacional-de-ingenieria-civil\/","og_site_name":"Centro Urbano","article_publisher":"https:\/\/www.facebook.com\/portalcentrourbano","article_published_time":"2016-03-11T15:41:30+00:00","article_modified_time":"2016-03-11T15:48:20+00:00","og_image":[{"width":2144,"height":1424,"url":"https:\/\/centrourbano.com\/revista\/wp-content\/uploads\/100316-MIGUEL-\u00c1NGEL-MANCERA-CONGRESO-NACIONAL-DE-INGENIER\u00cdA-CIVIL-4.jpg","type":"image\/jpeg"}],"author":"Diego Rodr\u00edguez","twitter_card":"summary_large_image","twitter_creator":"@CentroUrbano","twitter_site":"@CentroUrbano","twitter_misc":{"Escrito por":"Diego Rodr\u00edguez","Tiempo de lectura":"1 minuto"},"schema":{"@context":"https:\/\/schema.org","@graph":[{"@type":"Article","@id":"https:\/\/centrourbano.com\/revista\/construccion\/concluyo-el-xxviii-congreso-nacional-de-ingenieria-civil\/#article","isPartOf":{"@id":"https:\/\/centrourbano.com\/revista\/construccion\/concluyo-el-xxviii-congreso-nacional-de-ingenieria-civil\/"},"author":{"name":"Diego Rodr\u00edguez","@id":"https:\/\/centrourbano.com\/revista\/#\/schema\/person\/dbdc8d1d633eb3e0461138eedc8a0615"},"headline":"Concluy\u00f3 el XXVIII Congreso Nacional de Ingenier\u00eda Civil","datePublished":"2016-03-11T15:41:30+00:00","dateModified":"2016-03-11T15:48:20+00:00","mainEntityOfPage":{"@id":"https:\/\/centrourbano.com\/revista\/construccion\/concluyo-el-xxviii-congreso-nacional-de-ingenieria-civil\/"},"wordCount":252,"commentCount":0,"publisher":{"@id":"https:\/\/centrourbano.com\/revista\/#organization"},"image":{"@id":"https:\/\/centrourbano.com\/revista\/construccion\/concluyo-el-xxviii-congreso-nacional-de-ingenieria-civil\/#primaryimage"},"thumbnailUrl":"https:\/\/centrourbano.com\/revista\/wp-content\/uploads\/100316-MIGUEL-\u00c1NGEL-MANCERA-CONGRESO-NACIONAL-DE-INGENIER\u00cdA-CIVIL-4.jpg","keywords":["Colegio de Ingenieros","Congreso","Mancera"],"articleSection":["Construcci\u00f3n"],"inLanguage":"es","potentialAction":[{"@type":"CommentAction","name":"Comment","target":["https:\/\/centrourbano.com\/revista\/construccion\/concluyo-el-xxviii-congreso-nacional-de-ingenieria-civil\/#respond"]}]},{"@type":"WebPage","@id":"https:\/\/centrourbano.com\/revista\/construccion\/concluyo-el-xxviii-congreso-nacional-de-ingenieria-civil\/","url":"https:\/\/centrourbano.com\/revista\/construccion\/concluyo-el-xxviii-congreso-nacional-de-ingenieria-civil\/","name":"Concluy\u00f3 el XXVIII Congreso Nacional de Ingenier\u00eda Civil -","isPartOf":{"@id":"https:\/\/centrourbano.com\/revista\/#website"},"primaryImageOfPage":{"@id":"https:\/\/centrourbano.com\/revista\/construccion\/concluyo-el-xxviii-congreso-nacional-de-ingenieria-civil\/#primaryimage"},"image":{"@id":"https:\/\/centrourbano.com\/revista\/construccion\/concluyo-el-xxviii-congreso-nacional-de-ingenieria-civil\/#primaryimage"},"thumbnailUrl":"https:\/\/centrourbano.com\/revista\/wp-content\/uploads\/100316-MIGUEL-\u00c1NGEL-MANCERA-CONGRESO-NACIONAL-DE-INGENIER\u00cdA-CIVIL-4.jpg","datePublished":"2016-03-11T15:41:30+00:00","dateModified":"2016-03-11T15:48:20+00:00","description":"Se habl\u00f3 de la transici\u00f3n energ\u00e9tica y fomentar la participaci\u00f3n en los proyectos de la ciudad El Jefe de Gobierno de la Ciudad de M\u00e9xico, Miguel \u00c1ngel","breadcrumb":{"@id":"https:\/\/centrourbano.com\/revista\/construccion\/concluyo-el-xxviii-congreso-nacional-de-ingenieria-civil\/#breadcrumb"},"inLanguage":"es","potentialAction":[{"@type":"ReadAction","target":["https:\/\/centrourbano.com\/revista\/construccion\/concluyo-el-xxviii-congreso-nacional-de-ingenieria-civil\/"]}]},{"@type":"ImageObject","inLanguage":"es","@id":"https:\/\/centrourbano.com\/revista\/construccion\/concluyo-el-xxviii-congreso-nacional-de-ingenieria-civil\/#primaryimage","url":"https:\/\/centrourbano.com\/revista\/wp-content\/uploads\/100316-MIGUEL-\u00c1NGEL-MANCERA-CONGRESO-NACIONAL-DE-INGENIER\u00cdA-CIVIL-4.jpg","contentUrl":"https:\/\/centrourbano.com\/revista\/wp-content\/uploads\/100316-MIGUEL-\u00c1NGEL-MANCERA-CONGRESO-NACIONAL-DE-INGENIER\u00cdA-CIVIL-4.jpg","width":2144,"height":1424},{"@type":"BreadcrumbList","@id":"https:\/\/centrourbano.com\/revista\/construccion\/concluyo-el-xxviii-congreso-nacional-de-ingenieria-civil\/#breadcrumb","itemListElement":[{"@type":"ListItem","position":1,"name":"Portada","item":"https:\/\/centrourbano.com\/revista\/"},{"@type":"ListItem","position":2,"name":"Concluy\u00f3 el XXVIII Congreso Nacional de Ingenier\u00eda Civil"}]},{"@type":"WebSite","@id":"https:\/\/centrourbano.com\/revista\/#website","url":"https:\/\/centrourbano.com\/revista\/","name":"Centro Urbano","description":"Medio especializado en los sectores vivienda, inmobiliario, construcci\u00f3n, arquitectura y urbanismo.","publisher":{"@id":"https:\/\/centrourbano.com\/revista\/#organization"},"potentialAction":[{"@type":"SearchAction","target":{"@type":"EntryPoint","urlTemplate":"https:\/\/centrourbano.com\/revista\/?s={search_term_string}"},"query-input":{"@type":"PropertyValueSpecification","valueRequired":true,"valueName":"search_term_string"}}],"inLanguage":"es"},{"@type":"Organization","@id":"https:\/\/centrourbano.com\/revista\/#organization","name":"Centro Urbano","url":"https:\/\/centrourbano.com\/revista\/","logo":{"@type":"ImageObject","inLanguage":"es","@id":"https:\/\/centrourbano.com\/revista\/#\/schema\/logo\/image\/","url":"https:\/\/centrourbano.com\/revista\/wp-content\/uploads\/web_CU_logo-1.png","contentUrl":"https:\/\/centrourbano.com\/revista\/wp-content\/uploads\/web_CU_logo-1.png","width":350,"height":91,"caption":"Centro Urbano"},"image":{"@id":"https:\/\/centrourbano.com\/revista\/#\/schema\/logo\/image\/"},"sameAs":["https:\/\/www.facebook.com\/portalcentrourbano","https:\/\/x.com\/CentroUrbano","https:\/\/www.instagram.com\/centro_urbano\/","https:\/\/www.linkedin.com\/company\/centro-urbano\/","http:\/\/www.youtube.com\/user\/portalcentrourbano"]},{"@type":"Person","@id":"https:\/\/centrourbano.com\/revista\/#\/schema\/person\/dbdc8d1d633eb3e0461138eedc8a0615","name":"Diego Rodr\u00edguez","image":{"@type":"ImageObject","inLanguage":"es","@id":"https:\/\/secure.gravatar.com\/avatar\/d217565525df2df5d4e7265d47758506f41845ed9529510921a7625d8365789d?s=96&d=mm&r=g","url":"https:\/\/secure.gravatar.com\/avatar\/d217565525df2df5d4e7265d47758506f41845ed9529510921a7625d8365789d?s=96&d=mm&r=g","contentUrl":"https:\/\/secure.gravatar.com\/avatar\/d217565525df2df5d4e7265d47758506f41845ed9529510921a7625d8365789d?s=96&d=mm&r=g","caption":"Diego Rodr\u00edguez"},"description":"Egresado de la Facultad de Estudios Superiores Acatl\u00e1n de la carrera en Comunicaci\u00f3n, con especialidad en medios escritos. Reportero del desaparecido peri\u00f3dico Nuestro M\u00e9xico, en donde cubri\u00f3 las fuentes delegacionales y Asamblea Legislativa. Tambi\u00e9n trabaj\u00f3 en la Coordinaci\u00f3n de Comunicaci\u00f3n Social en la delegaci\u00f3n \u00c1lvaro Obreg\u00f3n. Le gusta leer novelas y cuentos.","url":"https:\/\/centrourbano.com\/revista\/author\/diegorodriguez\/"}]}},"_links":{"self":[{"href":"https:\/\/centrourbano.com\/revista\/wp-json\/wp\/v2\/posts\/31876","targetHints":{"allow":["GET"]}}],"collection":[{"href":"https:\/\/centrourbano.com\/revista\/wp-json\/wp\/v2\/posts"}],"about":[{"href":"https:\/\/centrourbano.com\/revista\/wp-json\/wp\/v2\/types\/post"}],"author":[{"embeddable":true,"href":"https:\/\/centrourbano.com\/revista\/wp-json\/wp\/v2\/users\/37"}],"replies":[{"embeddable":true,"href":"https:\/\/centrourbano.com\/revista\/wp-json\/wp\/v2\/comments?post=31876"}],"version-history":[{"count":0,"href":"https:\/\/centrourbano.com\/revista\/wp-json\/wp\/v2\/posts\/31876\/revisions"}],"wp:featuredmedia":[{"embeddable":true,"href":"https:\/\/centrourbano.com\/revista\/wp-json\/wp\/v2\/media\/31879"}],"wp:attachment":[{"href":"https:\/\/centrourbano.com\/revista\/wp-json\/wp\/v2\/media?parent=31876"}],"wp:term":[{"taxonomy":"category","embeddable":true,"href":"https:\/\/centrourbano.com\/revista\/wp-json\/wp\/v2\/categories?post=31876"},{"taxonomy":"post_tag","embeddable":true,"href":"https:\/\/centrourbano.com\/revista\/wp-json\/wp\/v2\/tags?post=31876"}],"curies":[{"name":"wp","href":"https:\/\/api.w.org\/{rel}","templated":true}]}}