{"id":31856,"date":"2016-03-11T08:28:06","date_gmt":"2016-03-11T14:28:06","guid":{"rendered":"http:\/\/centrourbano.com\/?p=31856"},"modified":"2016-03-10T14:32:30","modified_gmt":"2016-03-10T20:32:30","slug":"nos-faltan-metros-cuadrados","status":"publish","type":"post","link":"https:\/\/centrourbano.com\/revista\/opinion\/nos-faltan-metros-cuadrados\/","title":{"rendered":"Nos faltan metros cuadrados"},"content":{"rendered":"<p>Por Amaury P\u00e9rez*<!--more--><\/p>\n<p>La ropa sucia se lava en casa, dice el dicho popular, pero el problema es que en nuestra vivienda de inter\u00e9s social no tenemos ni el espacio para lavar, y es que las nuevas casas que pueden adquirirse con cr\u00e9dito del Infonavit incumplen con los requerimientos m\u00ednimos en espacio que establecen las normas de arquitectura, no cumplen con las \u00e1reas m\u00ednimas para vivir. Lo menos que debe medir una rec\u00e1mara son 3.5 por 3.5 metros; un ba\u00f1o, 1.5 por 2.7 metros; y una cocina, 3 por 2 metros aproximadamente, medidas que distan mucho de lo estipulado en la tabla de dimensiones m\u00ednimas en la vivienda generada por el Infonavit.<\/p>\n<p>Pareciera que dentro del Infonavit desconocen lo que ocasiona la falta de espacio habitable en la vivienda, ya que lo que deber\u00eda de generarse en el interior dom\u00e9stico termina gener\u00e1ndose en el espacio p\u00fablico, perdiendo con esto nuestra intimidad y haciendo m\u00e1s endeble nuestra unidad familiar.<\/p>\n<p>Los espacios reducidos producen severas consecuencias en sus habitantes, ya que propician el hacinamiento, problemas de salubridad y problemas sociales, como el pandillerismo y la drogadicci\u00f3n por citar algunos; la vivienda no cumplen con las necesidades de las familias al estar apretados e inc\u00f3modos, generando que parte de las actividades que tendr\u00edan que desarrollarse en el interior de la misma se lleven a cabo en el espacio p\u00fablico del fraccionamiento, el cual la mayor\u00eda de las veces carece de calidad espacial y lejos de fomentar el encuentro civil, termina por ser territorio del pandillerismo y el narcomenudeo.<\/p>\n<p>Dentro de los problemas intrafamiliares potencializados por la falta de espacio en la vivienda, se da cuando los ni\u00f1os de distinto sexo deben compartir el cuarto, los cuales en la mayor\u00eda de los casos solucionan con una rec\u00e1mara en forma de litera, ya que en la habitaci\u00f3n de 6 metros cuadrados resulta imposible meter 2 camas individuales.<\/p>\n<p>Los habitantes, generalmente con una deuda econ\u00f3mica a cuestas, se ven obligados a improvisar debido a que en su vivienda no cuenta con el suficiente espacio para realizar sus actividades. En cuesti\u00f3n constructiva, la gente tiene que improvisar sin el apoyo de profesionales de la construcci\u00f3n, y de acuerdo con sus recursos, proponen ampliaciones con l\u00e1minas, pallets y otros materiales, lo que deteriora la imagen urbana y la convivencia publica.<\/p>\n<p>Es necesario que las constructoras, el Infonavit y las dependencias involucradas trabajen en conjunto en una mejor planeaci\u00f3n con base en el desarrollo urbano, y medidas reales de habitabilidad, con el fin de realizar obras de calidad y fraccionamientos sustentables.<\/p>\n<div id=\"righttextbox\" class=\"expresscurate_fr_text_box\">\n<p>&nbsp;Amaury P\u00e9rez<br \/>\nArquitecto principal del Laboratorio de Arquitectura Experimental<br \/>\nwww.ap03-lab.com<\/p>\n<\/div>\n","protected":false},"excerpt":{"rendered":"<p>Por Amaury P\u00e9rez*<\/p>\n","protected":false},"author":14,"featured_media":31860,"comment_status":"open","ping_status":"closed","sticky":false,"template":"","format":"standard","meta":{"om_disable_all_campaigns":false,"inline_featured_image":false,"_monsterinsights_skip_tracking":false,"_monsterinsights_sitenote_active":false,"_monsterinsights_sitenote_note":"","_monsterinsights_sitenote_category":0,"footnotes":""},"categories":[242,5],"tags":[20,22,516,5737],"class_list":["post-31856","post","type-post","status-publish","format-standard","has-post-thumbnail","hentry","category-blog-de-invitado","category-opinion","tag-arquitectura","tag-construccion-2","tag-urbano","tag-vivienda"],"yoast_head":"<!-- This site is optimized with the Yoast SEO plugin v27.4 - https:\/\/yoast.com\/product\/yoast-seo-wordpress\/ -->\n<title>Nos faltan metros cuadrados -<\/title>\n<meta name=\"description\" content=\"Por Amaury P\u00e9rez* La ropa sucia se lava en casa, dice el dicho popular, pero el problema es que en nuestra vivienda de inter\u00e9s social no tenemos ni el\" \/>\n<meta name=\"robots\" content=\"index, follow, max-snippet:-1, max-image-preview:large, max-video-preview:-1\" \/>\n<link rel=\"canonical\" href=\"https:\/\/centrourbano.com\/revista\/opinion\/nos-faltan-metros-cuadrados\/\" \/>\n<meta property=\"og:locale\" content=\"es_ES\" \/>\n<meta property=\"og:type\" content=\"article\" \/>\n<meta property=\"og:title\" content=\"Nos faltan metros cuadrados -\" \/>\n<meta property=\"og:description\" content=\"Por Amaury P\u00e9rez* La ropa sucia se lava en casa, dice el dicho popular, pero el problema es que en nuestra vivienda de inter\u00e9s social no tenemos ni el\" \/>\n<meta property=\"og:url\" content=\"https:\/\/centrourbano.com\/revista\/opinion\/nos-faltan-metros-cuadrados\/\" \/>\n<meta property=\"og:site_name\" content=\"Centro Urbano\" \/>\n<meta property=\"article:publisher\" content=\"https:\/\/www.facebook.com\/portalcentrourbano\" \/>\n<meta property=\"article:published_time\" content=\"2016-03-11T14:28:06+00:00\" \/>\n<meta property=\"og:image\" content=\"https:\/\/centrourbano.com\/revista\/wp-content\/uploads\/12705181_496215913894649_3495138277379109701_n.jpg\" \/>\n\t<meta property=\"og:image:width\" content=\"739\" \/>\n\t<meta property=\"og:image:height\" content=\"509\" \/>\n\t<meta property=\"og:image:type\" content=\"image\/jpeg\" \/>\n<meta name=\"author\" content=\"Redacci\u00f3n Centro Urbano\" \/>\n<meta name=\"twitter:card\" content=\"summary_large_image\" \/>\n<meta name=\"twitter:creator\" content=\"@CentroUrbano\" \/>\n<meta name=\"twitter:site\" content=\"@CentroUrbano\" \/>\n<meta name=\"twitter:label1\" content=\"Escrito por\" \/>\n\t<meta name=\"twitter:data1\" content=\"Redacci\u00f3n Centro Urbano\" \/>\n\t<meta name=\"twitter:label2\" content=\"Tiempo de lectura\" \/>\n\t<meta name=\"twitter:data2\" content=\"2 minutos\" \/>\n<script type=\"application\/ld+json\" class=\"yoast-schema-graph\">{\"@context\":\"https:\\\/\\\/schema.org\",\"@graph\":[{\"@type\":\"Article\",\"@id\":\"https:\\\/\\\/centrourbano.com\\\/revista\\\/opinion\\\/nos-faltan-metros-cuadrados\\\/#article\",\"isPartOf\":{\"@id\":\"https:\\\/\\\/centrourbano.com\\\/revista\\\/opinion\\\/nos-faltan-metros-cuadrados\\\/\"},\"author\":{\"name\":\"Redacci\u00f3n Centro Urbano\",\"@id\":\"https:\\\/\\\/centrourbano.com\\\/revista\\\/#\\\/schema\\\/person\\\/680e7c50f9d6e917e416c9efdc26f996\"},\"headline\":\"Nos faltan metros cuadrados\",\"datePublished\":\"2016-03-11T14:28:06+00:00\",\"mainEntityOfPage\":{\"@id\":\"https:\\\/\\\/centrourbano.com\\\/revista\\\/opinion\\\/nos-faltan-metros-cuadrados\\\/\"},\"wordCount\":460,\"commentCount\":0,\"publisher\":{\"@id\":\"https:\\\/\\\/centrourbano.com\\\/revista\\\/#organization\"},\"image\":{\"@id\":\"https:\\\/\\\/centrourbano.com\\\/revista\\\/opinion\\\/nos-faltan-metros-cuadrados\\\/#primaryimage\"},\"thumbnailUrl\":\"https:\\\/\\\/centrourbano.com\\\/revista\\\/wp-content\\\/uploads\\\/12705181_496215913894649_3495138277379109701_n.jpg\",\"keywords\":[\"arquitectura\",\"construcci\u00f3n\",\"urbano\",\"vivienda+\"],\"articleSection\":[\"En la opini\u00f3n de\",\"Opini\u00f3n\"],\"inLanguage\":\"es\",\"potentialAction\":[{\"@type\":\"CommentAction\",\"name\":\"Comment\",\"target\":[\"https:\\\/\\\/centrourbano.com\\\/revista\\\/opinion\\\/nos-faltan-metros-cuadrados\\\/#respond\"]}]},{\"@type\":\"WebPage\",\"@id\":\"https:\\\/\\\/centrourbano.com\\\/revista\\\/opinion\\\/nos-faltan-metros-cuadrados\\\/\",\"url\":\"https:\\\/\\\/centrourbano.com\\\/revista\\\/opinion\\\/nos-faltan-metros-cuadrados\\\/\",\"name\":\"Nos faltan metros cuadrados -\",\"isPartOf\":{\"@id\":\"https:\\\/\\\/centrourbano.com\\\/revista\\\/#website\"},\"primaryImageOfPage\":{\"@id\":\"https:\\\/\\\/centrourbano.com\\\/revista\\\/opinion\\\/nos-faltan-metros-cuadrados\\\/#primaryimage\"},\"image\":{\"@id\":\"https:\\\/\\\/centrourbano.com\\\/revista\\\/opinion\\\/nos-faltan-metros-cuadrados\\\/#primaryimage\"},\"thumbnailUrl\":\"https:\\\/\\\/centrourbano.com\\\/revista\\\/wp-content\\\/uploads\\\/12705181_496215913894649_3495138277379109701_n.jpg\",\"datePublished\":\"2016-03-11T14:28:06+00:00\",\"description\":\"Por Amaury P\u00e9rez* La ropa sucia se lava en casa, dice el dicho popular, pero el problema es que en nuestra vivienda de inter\u00e9s social no tenemos ni el\",\"breadcrumb\":{\"@id\":\"https:\\\/\\\/centrourbano.com\\\/revista\\\/opinion\\\/nos-faltan-metros-cuadrados\\\/#breadcrumb\"},\"inLanguage\":\"es\",\"potentialAction\":[{\"@type\":\"ReadAction\",\"target\":[\"https:\\\/\\\/centrourbano.com\\\/revista\\\/opinion\\\/nos-faltan-metros-cuadrados\\\/\"]}]},{\"@type\":\"ImageObject\",\"inLanguage\":\"es\",\"@id\":\"https:\\\/\\\/centrourbano.com\\\/revista\\\/opinion\\\/nos-faltan-metros-cuadrados\\\/#primaryimage\",\"url\":\"https:\\\/\\\/centrourbano.com\\\/revista\\\/wp-content\\\/uploads\\\/12705181_496215913894649_3495138277379109701_n.jpg\",\"contentUrl\":\"https:\\\/\\\/centrourbano.com\\\/revista\\\/wp-content\\\/uploads\\\/12705181_496215913894649_3495138277379109701_n.jpg\",\"width\":739,\"height\":509},{\"@type\":\"BreadcrumbList\",\"@id\":\"https:\\\/\\\/centrourbano.com\\\/revista\\\/opinion\\\/nos-faltan-metros-cuadrados\\\/#breadcrumb\",\"itemListElement\":[{\"@type\":\"ListItem\",\"position\":1,\"name\":\"Portada\",\"item\":\"https:\\\/\\\/centrourbano.com\\\/revista\\\/\"},{\"@type\":\"ListItem\",\"position\":2,\"name\":\"Nos faltan metros cuadrados\"}]},{\"@type\":\"WebSite\",\"@id\":\"https:\\\/\\\/centrourbano.com\\\/revista\\\/#website\",\"url\":\"https:\\\/\\\/centrourbano.com\\\/revista\\\/\",\"name\":\"Centro Urbano\",\"description\":\"Medio especializado en los sectores vivienda, inmobiliario, construcci\u00f3n, arquitectura y urbanismo.\",\"publisher\":{\"@id\":\"https:\\\/\\\/centrourbano.com\\\/revista\\\/#organization\"},\"potentialAction\":[{\"@type\":\"SearchAction\",\"target\":{\"@type\":\"EntryPoint\",\"urlTemplate\":\"https:\\\/\\\/centrourbano.com\\\/revista\\\/?s={search_term_string}\"},\"query-input\":{\"@type\":\"PropertyValueSpecification\",\"valueRequired\":true,\"valueName\":\"search_term_string\"}}],\"inLanguage\":\"es\"},{\"@type\":\"Organization\",\"@id\":\"https:\\\/\\\/centrourbano.com\\\/revista\\\/#organization\",\"name\":\"Centro Urbano\",\"url\":\"https:\\\/\\\/centrourbano.com\\\/revista\\\/\",\"logo\":{\"@type\":\"ImageObject\",\"inLanguage\":\"es\",\"@id\":\"https:\\\/\\\/centrourbano.com\\\/revista\\\/#\\\/schema\\\/logo\\\/image\\\/\",\"url\":\"https:\\\/\\\/centrourbano.com\\\/revista\\\/wp-content\\\/uploads\\\/web_CU_logo-1.png\",\"contentUrl\":\"https:\\\/\\\/centrourbano.com\\\/revista\\\/wp-content\\\/uploads\\\/web_CU_logo-1.png\",\"width\":350,\"height\":91,\"caption\":\"Centro Urbano\"},\"image\":{\"@id\":\"https:\\\/\\\/centrourbano.com\\\/revista\\\/#\\\/schema\\\/logo\\\/image\\\/\"},\"sameAs\":[\"https:\\\/\\\/www.facebook.com\\\/portalcentrourbano\",\"https:\\\/\\\/x.com\\\/CentroUrbano\",\"https:\\\/\\\/www.instagram.com\\\/centro_urbano\\\/\",\"https:\\\/\\\/www.linkedin.com\\\/company\\\/centro-urbano\\\/\",\"http:\\\/\\\/www.youtube.com\\\/user\\\/portalcentrourbano\"]},{\"@type\":\"Person\",\"@id\":\"https:\\\/\\\/centrourbano.com\\\/revista\\\/#\\\/schema\\\/person\\\/680e7c50f9d6e917e416c9efdc26f996\",\"name\":\"Redacci\u00f3n Centro Urbano\",\"image\":{\"@type\":\"ImageObject\",\"inLanguage\":\"es\",\"@id\":\"https:\\\/\\\/secure.gravatar.com\\\/avatar\\\/15a789f894398c0f311f3a7a2ee28032bbc0483098539da66b6a045aa810bf35?s=96&d=mm&r=g\",\"url\":\"https:\\\/\\\/secure.gravatar.com\\\/avatar\\\/15a789f894398c0f311f3a7a2ee28032bbc0483098539da66b6a045aa810bf35?s=96&d=mm&r=g\",\"contentUrl\":\"https:\\\/\\\/secure.gravatar.com\\\/avatar\\\/15a789f894398c0f311f3a7a2ee28032bbc0483098539da66b6a045aa810bf35?s=96&d=mm&r=g\",\"caption\":\"Redacci\u00f3n Centro Urbano\"},\"url\":\"https:\\\/\\\/centrourbano.com\\\/revista\\\/author\\\/editorial\\\/\"}]}<\/script>\n<!-- \/ Yoast SEO plugin. -->","yoast_head_json":{"title":"Nos faltan metros cuadrados -","description":"Por Amaury P\u00e9rez* La ropa sucia se lava en casa, dice el dicho popular, pero el problema es que en nuestra vivienda de inter\u00e9s social no tenemos ni el","robots":{"index":"index","follow":"follow","max-snippet":"max-snippet:-1","max-image-preview":"max-image-preview:large","max-video-preview":"max-video-preview:-1"},"canonical":"https:\/\/centrourbano.com\/revista\/opinion\/nos-faltan-metros-cuadrados\/","og_locale":"es_ES","og_type":"article","og_title":"Nos faltan metros cuadrados -","og_description":"Por Amaury P\u00e9rez* La ropa sucia se lava en casa, dice el dicho popular, pero el problema es que en nuestra vivienda de inter\u00e9s social no tenemos ni el","og_url":"https:\/\/centrourbano.com\/revista\/opinion\/nos-faltan-metros-cuadrados\/","og_site_name":"Centro Urbano","article_publisher":"https:\/\/www.facebook.com\/portalcentrourbano","article_published_time":"2016-03-11T14:28:06+00:00","og_image":[{"width":739,"height":509,"url":"https:\/\/centrourbano.com\/revista\/wp-content\/uploads\/12705181_496215913894649_3495138277379109701_n.jpg","type":"image\/jpeg"}],"author":"Redacci\u00f3n Centro Urbano","twitter_card":"summary_large_image","twitter_creator":"@CentroUrbano","twitter_site":"@CentroUrbano","twitter_misc":{"Escrito por":"Redacci\u00f3n Centro Urbano","Tiempo de lectura":"2 minutos"},"schema":{"@context":"https:\/\/schema.org","@graph":[{"@type":"Article","@id":"https:\/\/centrourbano.com\/revista\/opinion\/nos-faltan-metros-cuadrados\/#article","isPartOf":{"@id":"https:\/\/centrourbano.com\/revista\/opinion\/nos-faltan-metros-cuadrados\/"},"author":{"name":"Redacci\u00f3n Centro Urbano","@id":"https:\/\/centrourbano.com\/revista\/#\/schema\/person\/680e7c50f9d6e917e416c9efdc26f996"},"headline":"Nos faltan metros cuadrados","datePublished":"2016-03-11T14:28:06+00:00","mainEntityOfPage":{"@id":"https:\/\/centrourbano.com\/revista\/opinion\/nos-faltan-metros-cuadrados\/"},"wordCount":460,"commentCount":0,"publisher":{"@id":"https:\/\/centrourbano.com\/revista\/#organization"},"image":{"@id":"https:\/\/centrourbano.com\/revista\/opinion\/nos-faltan-metros-cuadrados\/#primaryimage"},"thumbnailUrl":"https:\/\/centrourbano.com\/revista\/wp-content\/uploads\/12705181_496215913894649_3495138277379109701_n.jpg","keywords":["arquitectura","construcci\u00f3n","urbano","vivienda+"],"articleSection":["En la opini\u00f3n de","Opini\u00f3n"],"inLanguage":"es","potentialAction":[{"@type":"CommentAction","name":"Comment","target":["https:\/\/centrourbano.com\/revista\/opinion\/nos-faltan-metros-cuadrados\/#respond"]}]},{"@type":"WebPage","@id":"https:\/\/centrourbano.com\/revista\/opinion\/nos-faltan-metros-cuadrados\/","url":"https:\/\/centrourbano.com\/revista\/opinion\/nos-faltan-metros-cuadrados\/","name":"Nos faltan metros cuadrados -","isPartOf":{"@id":"https:\/\/centrourbano.com\/revista\/#website"},"primaryImageOfPage":{"@id":"https:\/\/centrourbano.com\/revista\/opinion\/nos-faltan-metros-cuadrados\/#primaryimage"},"image":{"@id":"https:\/\/centrourbano.com\/revista\/opinion\/nos-faltan-metros-cuadrados\/#primaryimage"},"thumbnailUrl":"https:\/\/centrourbano.com\/revista\/wp-content\/uploads\/12705181_496215913894649_3495138277379109701_n.jpg","datePublished":"2016-03-11T14:28:06+00:00","description":"Por Amaury P\u00e9rez* La ropa sucia se lava en casa, dice el dicho popular, pero el problema es que en nuestra vivienda de inter\u00e9s social no tenemos ni el","breadcrumb":{"@id":"https:\/\/centrourbano.com\/revista\/opinion\/nos-faltan-metros-cuadrados\/#breadcrumb"},"inLanguage":"es","potentialAction":[{"@type":"ReadAction","target":["https:\/\/centrourbano.com\/revista\/opinion\/nos-faltan-metros-cuadrados\/"]}]},{"@type":"ImageObject","inLanguage":"es","@id":"https:\/\/centrourbano.com\/revista\/opinion\/nos-faltan-metros-cuadrados\/#primaryimage","url":"https:\/\/centrourbano.com\/revista\/wp-content\/uploads\/12705181_496215913894649_3495138277379109701_n.jpg","contentUrl":"https:\/\/centrourbano.com\/revista\/wp-content\/uploads\/12705181_496215913894649_3495138277379109701_n.jpg","width":739,"height":509},{"@type":"BreadcrumbList","@id":"https:\/\/centrourbano.com\/revista\/opinion\/nos-faltan-metros-cuadrados\/#breadcrumb","itemListElement":[{"@type":"ListItem","position":1,"name":"Portada","item":"https:\/\/centrourbano.com\/revista\/"},{"@type":"ListItem","position":2,"name":"Nos faltan metros cuadrados"}]},{"@type":"WebSite","@id":"https:\/\/centrourbano.com\/revista\/#website","url":"https:\/\/centrourbano.com\/revista\/","name":"Centro Urbano","description":"Medio especializado en los sectores vivienda, inmobiliario, construcci\u00f3n, arquitectura y urbanismo.","publisher":{"@id":"https:\/\/centrourbano.com\/revista\/#organization"},"potentialAction":[{"@type":"SearchAction","target":{"@type":"EntryPoint","urlTemplate":"https:\/\/centrourbano.com\/revista\/?s={search_term_string}"},"query-input":{"@type":"PropertyValueSpecification","valueRequired":true,"valueName":"search_term_string"}}],"inLanguage":"es"},{"@type":"Organization","@id":"https:\/\/centrourbano.com\/revista\/#organization","name":"Centro Urbano","url":"https:\/\/centrourbano.com\/revista\/","logo":{"@type":"ImageObject","inLanguage":"es","@id":"https:\/\/centrourbano.com\/revista\/#\/schema\/logo\/image\/","url":"https:\/\/centrourbano.com\/revista\/wp-content\/uploads\/web_CU_logo-1.png","contentUrl":"https:\/\/centrourbano.com\/revista\/wp-content\/uploads\/web_CU_logo-1.png","width":350,"height":91,"caption":"Centro Urbano"},"image":{"@id":"https:\/\/centrourbano.com\/revista\/#\/schema\/logo\/image\/"},"sameAs":["https:\/\/www.facebook.com\/portalcentrourbano","https:\/\/x.com\/CentroUrbano","https:\/\/www.instagram.com\/centro_urbano\/","https:\/\/www.linkedin.com\/company\/centro-urbano\/","http:\/\/www.youtube.com\/user\/portalcentrourbano"]},{"@type":"Person","@id":"https:\/\/centrourbano.com\/revista\/#\/schema\/person\/680e7c50f9d6e917e416c9efdc26f996","name":"Redacci\u00f3n Centro Urbano","image":{"@type":"ImageObject","inLanguage":"es","@id":"https:\/\/secure.gravatar.com\/avatar\/15a789f894398c0f311f3a7a2ee28032bbc0483098539da66b6a045aa810bf35?s=96&d=mm&r=g","url":"https:\/\/secure.gravatar.com\/avatar\/15a789f894398c0f311f3a7a2ee28032bbc0483098539da66b6a045aa810bf35?s=96&d=mm&r=g","contentUrl":"https:\/\/secure.gravatar.com\/avatar\/15a789f894398c0f311f3a7a2ee28032bbc0483098539da66b6a045aa810bf35?s=96&d=mm&r=g","caption":"Redacci\u00f3n Centro Urbano"},"url":"https:\/\/centrourbano.com\/revista\/author\/editorial\/"}]}},"_links":{"self":[{"href":"https:\/\/centrourbano.com\/revista\/wp-json\/wp\/v2\/posts\/31856","targetHints":{"allow":["GET"]}}],"collection":[{"href":"https:\/\/centrourbano.com\/revista\/wp-json\/wp\/v2\/posts"}],"about":[{"href":"https:\/\/centrourbano.com\/revista\/wp-json\/wp\/v2\/types\/post"}],"author":[{"embeddable":true,"href":"https:\/\/centrourbano.com\/revista\/wp-json\/wp\/v2\/users\/14"}],"replies":[{"embeddable":true,"href":"https:\/\/centrourbano.com\/revista\/wp-json\/wp\/v2\/comments?post=31856"}],"version-history":[{"count":0,"href":"https:\/\/centrourbano.com\/revista\/wp-json\/wp\/v2\/posts\/31856\/revisions"}],"wp:featuredmedia":[{"embeddable":true,"href":"https:\/\/centrourbano.com\/revista\/wp-json\/wp\/v2\/media\/31860"}],"wp:attachment":[{"href":"https:\/\/centrourbano.com\/revista\/wp-json\/wp\/v2\/media?parent=31856"}],"wp:term":[{"taxonomy":"category","embeddable":true,"href":"https:\/\/centrourbano.com\/revista\/wp-json\/wp\/v2\/categories?post=31856"},{"taxonomy":"post_tag","embeddable":true,"href":"https:\/\/centrourbano.com\/revista\/wp-json\/wp\/v2\/tags?post=31856"}],"curies":[{"name":"wp","href":"https:\/\/api.w.org\/{rel}","templated":true}]}}