{"id":31798,"date":"2016-03-09T16:19:13","date_gmt":"2016-03-09T22:19:13","guid":{"rendered":"http:\/\/centrourbano.com\/?p=31798"},"modified":"2016-03-09T16:22:04","modified_gmt":"2016-03-09T22:22:04","slug":"en-marcha-el-skatepark-azcapotzalco-capital-joven-cdmx","status":"publish","type":"post","link":"https:\/\/centrourbano.com\/revista\/urbanismo\/en-marcha-el-skatepark-azcapotzalco-capital-joven-cdmx\/","title":{"rendered":"En marcha el Skatepark Azcapotzalco \u201cCapital Joven CDMX\u201d"},"content":{"rendered":"<p><em>Cont\u00f3 con una inversi\u00f3n de 5,000,000 de pesos por parte del gobierno local.<br \/>\n<\/em><!--more--><\/p>\n<p>El d\u00eda de hoy el Jefe de Gobierno de la Ciudad de M\u00e9xico, Miguel \u00c1ngel Mancera Espinosa, puso en marcha el Skatepark Azcapotzalco \u201cCapital Joven CDMX\u201d, ubicado en el Deportivo Reynosa, un lugar que sin duda, requer\u00eda una acci\u00f3n de recuperaci\u00f3n de espacio p\u00fablico.<\/p>\n<p>Este sitio fue construido sobre un terreno de 2,172 metros cuadrados y cont\u00f3 con una inversi\u00f3n de 5,000,000 de pesos por parte del gobierno local.<br \/>\nAl respecto, el mandatario capitalino destac\u00f3 que es incre\u00edble que un lugar donde hab\u00eda mucha basura, estaba abandonado y perdido, hoy es un espacio para que los j\u00f3venes puedan practicar el deporte y desarrollen habilidades.<\/p>\n<p>Indic\u00f3 que dicho deporte tiene varias caracter\u00edsticas muy importantes, porque adem\u00e1s de que da fortaleza, desarrolla una agilidad mental muy importante de coordinaci\u00f3n. <\/p>\n","protected":false},"excerpt":{"rendered":"<p>Cont\u00f3 con una inversi\u00f3n de 5,000,000 de pesos por parte del gobierno local.<\/p>\n","protected":false},"author":9,"featured_media":31799,"comment_status":"open","ping_status":"closed","sticky":false,"template":"","format":"standard","meta":{"om_disable_all_campaigns":false,"inline_featured_image":false,"_monsterinsights_skip_tracking":false,"_monsterinsights_sitenote_active":false,"_monsterinsights_sitenote_note":"","_monsterinsights_sitenote_category":0,"footnotes":""},"categories":[82],"tags":[],"class_list":["post-31798","post","type-post","status-publish","format-standard","has-post-thumbnail","hentry","category-urbanismo"],"yoast_head":"<!-- This site is optimized with the Yoast SEO plugin v27.4 - https:\/\/yoast.com\/product\/yoast-seo-wordpress\/ -->\n<title>En marcha el Skatepark Azcapotzalco \u201cCapital Joven CDMX\u201d -<\/title>\n<meta name=\"description\" content=\"Cont\u00f3 con una inversi\u00f3n de 5,000,000 de pesos por parte del gobierno local. El d\u00eda de hoy el Jefe de Gobierno de la Ciudad de M\u00e9xico, Miguel \u00c1ngel Mancera\" \/>\n<meta name=\"robots\" content=\"index, follow, max-snippet:-1, max-image-preview:large, max-video-preview:-1\" \/>\n<link rel=\"canonical\" href=\"https:\/\/centrourbano.com\/revista\/urbanismo\/en-marcha-el-skatepark-azcapotzalco-capital-joven-cdmx\/\" \/>\n<meta property=\"og:locale\" content=\"es_ES\" \/>\n<meta property=\"og:type\" content=\"article\" \/>\n<meta property=\"og:title\" content=\"En marcha el Skatepark Azcapotzalco \u201cCapital Joven CDMX\u201d -\" \/>\n<meta property=\"og:description\" content=\"Cont\u00f3 con una inversi\u00f3n de 5,000,000 de pesos por parte del gobierno local. El d\u00eda de hoy el Jefe de Gobierno de la Ciudad de M\u00e9xico, Miguel \u00c1ngel Mancera\" \/>\n<meta property=\"og:url\" content=\"https:\/\/centrourbano.com\/revista\/urbanismo\/en-marcha-el-skatepark-azcapotzalco-capital-joven-cdmx\/\" \/>\n<meta property=\"og:site_name\" content=\"Centro Urbano\" \/>\n<meta property=\"article:publisher\" content=\"https:\/\/www.facebook.com\/portalcentrourbano\" \/>\n<meta property=\"article:published_time\" content=\"2016-03-09T22:19:13+00:00\" \/>\n<meta property=\"article:modified_time\" content=\"2016-03-09T22:22:04+00:00\" \/>\n<meta property=\"og:image\" content=\"https:\/\/centrourbano.com\/revista\/wp-content\/uploads\/090316-MIGUEL-\u00c1NGEL-MANCERA-INAUGURACI\u00d3N-SKATEPARK-AZCAPOTZALCO-\u201cCAPITAL-JOVEN-CDMX\u201d-3-e1457561937298.jpg\" \/>\n\t<meta property=\"og:image:width\" content=\"800\" \/>\n\t<meta property=\"og:image:height\" content=\"534\" \/>\n\t<meta property=\"og:image:type\" content=\"image\/jpeg\" \/>\n<meta name=\"author\" content=\"Dinorah Nava\" \/>\n<meta name=\"twitter:card\" content=\"summary_large_image\" \/>\n<meta name=\"twitter:creator\" content=\"@https:\/\/twitter.com\/Dinorah_Nava28\" \/>\n<meta name=\"twitter:site\" content=\"@CentroUrbano\" \/>\n<meta name=\"twitter:label1\" content=\"Escrito por\" \/>\n\t<meta name=\"twitter:data1\" content=\"Dinorah Nava\" \/>\n\t<meta name=\"twitter:label2\" content=\"Tiempo de lectura\" \/>\n\t<meta name=\"twitter:data2\" content=\"1 minuto\" \/>\n<script type=\"application\/ld+json\" class=\"yoast-schema-graph\">{\"@context\":\"https:\\\/\\\/schema.org\",\"@graph\":[{\"@type\":\"Article\",\"@id\":\"https:\\\/\\\/centrourbano.com\\\/revista\\\/urbanismo\\\/en-marcha-el-skatepark-azcapotzalco-capital-joven-cdmx\\\/#article\",\"isPartOf\":{\"@id\":\"https:\\\/\\\/centrourbano.com\\\/revista\\\/urbanismo\\\/en-marcha-el-skatepark-azcapotzalco-capital-joven-cdmx\\\/\"},\"author\":{\"name\":\"Dinorah Nava\",\"@id\":\"https:\\\/\\\/centrourbano.com\\\/revista\\\/#\\\/schema\\\/person\\\/b45db815d96831257ba428a3d5a5fbdc\"},\"headline\":\"En marcha el Skatepark Azcapotzalco \u201cCapital Joven CDMX\u201d\",\"datePublished\":\"2016-03-09T22:19:13+00:00\",\"dateModified\":\"2016-03-09T22:22:04+00:00\",\"mainEntityOfPage\":{\"@id\":\"https:\\\/\\\/centrourbano.com\\\/revista\\\/urbanismo\\\/en-marcha-el-skatepark-azcapotzalco-capital-joven-cdmx\\\/\"},\"wordCount\":159,\"commentCount\":0,\"publisher\":{\"@id\":\"https:\\\/\\\/centrourbano.com\\\/revista\\\/#organization\"},\"image\":{\"@id\":\"https:\\\/\\\/centrourbano.com\\\/revista\\\/urbanismo\\\/en-marcha-el-skatepark-azcapotzalco-capital-joven-cdmx\\\/#primaryimage\"},\"thumbnailUrl\":\"https:\\\/\\\/centrourbano.com\\\/revista\\\/wp-content\\\/uploads\\\/090316-MIGUEL-\u00c1NGEL-MANCERA-INAUGURACI\u00d3N-SKATEPARK-AZCAPOTZALCO-\u201cCAPITAL-JOVEN-CDMX\u201d-3-e1457561937298.jpg\",\"articleSection\":[\"Urbanismo\"],\"inLanguage\":\"es\",\"potentialAction\":[{\"@type\":\"CommentAction\",\"name\":\"Comment\",\"target\":[\"https:\\\/\\\/centrourbano.com\\\/revista\\\/urbanismo\\\/en-marcha-el-skatepark-azcapotzalco-capital-joven-cdmx\\\/#respond\"]}]},{\"@type\":\"WebPage\",\"@id\":\"https:\\\/\\\/centrourbano.com\\\/revista\\\/urbanismo\\\/en-marcha-el-skatepark-azcapotzalco-capital-joven-cdmx\\\/\",\"url\":\"https:\\\/\\\/centrourbano.com\\\/revista\\\/urbanismo\\\/en-marcha-el-skatepark-azcapotzalco-capital-joven-cdmx\\\/\",\"name\":\"En marcha el Skatepark Azcapotzalco \u201cCapital Joven CDMX\u201d -\",\"isPartOf\":{\"@id\":\"https:\\\/\\\/centrourbano.com\\\/revista\\\/#website\"},\"primaryImageOfPage\":{\"@id\":\"https:\\\/\\\/centrourbano.com\\\/revista\\\/urbanismo\\\/en-marcha-el-skatepark-azcapotzalco-capital-joven-cdmx\\\/#primaryimage\"},\"image\":{\"@id\":\"https:\\\/\\\/centrourbano.com\\\/revista\\\/urbanismo\\\/en-marcha-el-skatepark-azcapotzalco-capital-joven-cdmx\\\/#primaryimage\"},\"thumbnailUrl\":\"https:\\\/\\\/centrourbano.com\\\/revista\\\/wp-content\\\/uploads\\\/090316-MIGUEL-\u00c1NGEL-MANCERA-INAUGURACI\u00d3N-SKATEPARK-AZCAPOTZALCO-\u201cCAPITAL-JOVEN-CDMX\u201d-3-e1457561937298.jpg\",\"datePublished\":\"2016-03-09T22:19:13+00:00\",\"dateModified\":\"2016-03-09T22:22:04+00:00\",\"description\":\"Cont\u00f3 con una inversi\u00f3n de 5,000,000 de pesos por parte del gobierno local. El d\u00eda de hoy el Jefe de Gobierno de la Ciudad de M\u00e9xico, Miguel \u00c1ngel Mancera\",\"breadcrumb\":{\"@id\":\"https:\\\/\\\/centrourbano.com\\\/revista\\\/urbanismo\\\/en-marcha-el-skatepark-azcapotzalco-capital-joven-cdmx\\\/#breadcrumb\"},\"inLanguage\":\"es\",\"potentialAction\":[{\"@type\":\"ReadAction\",\"target\":[\"https:\\\/\\\/centrourbano.com\\\/revista\\\/urbanismo\\\/en-marcha-el-skatepark-azcapotzalco-capital-joven-cdmx\\\/\"]}]},{\"@type\":\"ImageObject\",\"inLanguage\":\"es\",\"@id\":\"https:\\\/\\\/centrourbano.com\\\/revista\\\/urbanismo\\\/en-marcha-el-skatepark-azcapotzalco-capital-joven-cdmx\\\/#primaryimage\",\"url\":\"https:\\\/\\\/centrourbano.com\\\/revista\\\/wp-content\\\/uploads\\\/090316-MIGUEL-\u00c1NGEL-MANCERA-INAUGURACI\u00d3N-SKATEPARK-AZCAPOTZALCO-\u201cCAPITAL-JOVEN-CDMX\u201d-3-e1457561937298.jpg\",\"contentUrl\":\"https:\\\/\\\/centrourbano.com\\\/revista\\\/wp-content\\\/uploads\\\/090316-MIGUEL-\u00c1NGEL-MANCERA-INAUGURACI\u00d3N-SKATEPARK-AZCAPOTZALCO-\u201cCAPITAL-JOVEN-CDMX\u201d-3-e1457561937298.jpg\",\"width\":800,\"height\":534},{\"@type\":\"BreadcrumbList\",\"@id\":\"https:\\\/\\\/centrourbano.com\\\/revista\\\/urbanismo\\\/en-marcha-el-skatepark-azcapotzalco-capital-joven-cdmx\\\/#breadcrumb\",\"itemListElement\":[{\"@type\":\"ListItem\",\"position\":1,\"name\":\"Portada\",\"item\":\"https:\\\/\\\/centrourbano.com\\\/revista\\\/\"},{\"@type\":\"ListItem\",\"position\":2,\"name\":\"En marcha el Skatepark Azcapotzalco \u201cCapital Joven CDMX\u201d\"}]},{\"@type\":\"WebSite\",\"@id\":\"https:\\\/\\\/centrourbano.com\\\/revista\\\/#website\",\"url\":\"https:\\\/\\\/centrourbano.com\\\/revista\\\/\",\"name\":\"Centro Urbano\",\"description\":\"Medio especializado en los sectores vivienda, inmobiliario, construcci\u00f3n, arquitectura y urbanismo.\",\"publisher\":{\"@id\":\"https:\\\/\\\/centrourbano.com\\\/revista\\\/#organization\"},\"potentialAction\":[{\"@type\":\"SearchAction\",\"target\":{\"@type\":\"EntryPoint\",\"urlTemplate\":\"https:\\\/\\\/centrourbano.com\\\/revista\\\/?s={search_term_string}\"},\"query-input\":{\"@type\":\"PropertyValueSpecification\",\"valueRequired\":true,\"valueName\":\"search_term_string\"}}],\"inLanguage\":\"es\"},{\"@type\":\"Organization\",\"@id\":\"https:\\\/\\\/centrourbano.com\\\/revista\\\/#organization\",\"name\":\"Centro Urbano\",\"url\":\"https:\\\/\\\/centrourbano.com\\\/revista\\\/\",\"logo\":{\"@type\":\"ImageObject\",\"inLanguage\":\"es\",\"@id\":\"https:\\\/\\\/centrourbano.com\\\/revista\\\/#\\\/schema\\\/logo\\\/image\\\/\",\"url\":\"https:\\\/\\\/centrourbano.com\\\/revista\\\/wp-content\\\/uploads\\\/web_CU_logo-1.png\",\"contentUrl\":\"https:\\\/\\\/centrourbano.com\\\/revista\\\/wp-content\\\/uploads\\\/web_CU_logo-1.png\",\"width\":350,\"height\":91,\"caption\":\"Centro Urbano\"},\"image\":{\"@id\":\"https:\\\/\\\/centrourbano.com\\\/revista\\\/#\\\/schema\\\/logo\\\/image\\\/\"},\"sameAs\":[\"https:\\\/\\\/www.facebook.com\\\/portalcentrourbano\",\"https:\\\/\\\/x.com\\\/CentroUrbano\",\"https:\\\/\\\/www.instagram.com\\\/centro_urbano\\\/\",\"https:\\\/\\\/www.linkedin.com\\\/company\\\/centro-urbano\\\/\",\"http:\\\/\\\/www.youtube.com\\\/user\\\/portalcentrourbano\"]},{\"@type\":\"Person\",\"@id\":\"https:\\\/\\\/centrourbano.com\\\/revista\\\/#\\\/schema\\\/person\\\/b45db815d96831257ba428a3d5a5fbdc\",\"name\":\"Dinorah Nava\",\"image\":{\"@type\":\"ImageObject\",\"inLanguage\":\"es\",\"@id\":\"https:\\\/\\\/secure.gravatar.com\\\/avatar\\\/f6ca6430c51d147f363940f84e1225aa4b8183885c11802cc3b042305a4ecc1a?s=96&d=mm&r=g\",\"url\":\"https:\\\/\\\/secure.gravatar.com\\\/avatar\\\/f6ca6430c51d147f363940f84e1225aa4b8183885c11802cc3b042305a4ecc1a?s=96&d=mm&r=g\",\"contentUrl\":\"https:\\\/\\\/secure.gravatar.com\\\/avatar\\\/f6ca6430c51d147f363940f84e1225aa4b8183885c11802cc3b042305a4ecc1a?s=96&d=mm&r=g\",\"caption\":\"Dinorah Nava\"},\"description\":\"Editora de Contenidos y Estrategias Digitales en Centro Urbano y Coeditora en Peri\u00f3dico Mi Casa. Egresada de la licenciatura en Comunicaci\u00f3n y Periodismo de la Facultad de Estudios Superiores Arag\u00f3n (UNAM). Amante de la edici\u00f3n y correcci\u00f3n de estilo, las redes sociales y el mundo digital. Especialista en temas son arquitectura, inmobiliario y urbanismo.\",\"sameAs\":[\"linkedin.com\\\/in\\\/dinorah-nava\",\"https:\\\/\\\/x.com\\\/https:\\\/\\\/twitter.com\\\/Dinorah_Nava28\"],\"url\":\"https:\\\/\\\/centrourbano.com\\\/revista\\\/author\\\/dinorah-nava\\\/\"}]}<\/script>\n<!-- \/ Yoast SEO plugin. -->","yoast_head_json":{"title":"En marcha el Skatepark Azcapotzalco \u201cCapital Joven CDMX\u201d -","description":"Cont\u00f3 con una inversi\u00f3n de 5,000,000 de pesos por parte del gobierno local. El d\u00eda de hoy el Jefe de Gobierno de la Ciudad de M\u00e9xico, Miguel \u00c1ngel Mancera","robots":{"index":"index","follow":"follow","max-snippet":"max-snippet:-1","max-image-preview":"max-image-preview:large","max-video-preview":"max-video-preview:-1"},"canonical":"https:\/\/centrourbano.com\/revista\/urbanismo\/en-marcha-el-skatepark-azcapotzalco-capital-joven-cdmx\/","og_locale":"es_ES","og_type":"article","og_title":"En marcha el Skatepark Azcapotzalco \u201cCapital Joven CDMX\u201d -","og_description":"Cont\u00f3 con una inversi\u00f3n de 5,000,000 de pesos por parte del gobierno local. El d\u00eda de hoy el Jefe de Gobierno de la Ciudad de M\u00e9xico, Miguel \u00c1ngel Mancera","og_url":"https:\/\/centrourbano.com\/revista\/urbanismo\/en-marcha-el-skatepark-azcapotzalco-capital-joven-cdmx\/","og_site_name":"Centro Urbano","article_publisher":"https:\/\/www.facebook.com\/portalcentrourbano","article_published_time":"2016-03-09T22:19:13+00:00","article_modified_time":"2016-03-09T22:22:04+00:00","og_image":[{"width":800,"height":534,"url":"https:\/\/centrourbano.com\/revista\/wp-content\/uploads\/090316-MIGUEL-\u00c1NGEL-MANCERA-INAUGURACI\u00d3N-SKATEPARK-AZCAPOTZALCO-\u201cCAPITAL-JOVEN-CDMX\u201d-3-e1457561937298.jpg","type":"image\/jpeg"}],"author":"Dinorah Nava","twitter_card":"summary_large_image","twitter_creator":"@https:\/\/twitter.com\/Dinorah_Nava28","twitter_site":"@CentroUrbano","twitter_misc":{"Escrito por":"Dinorah Nava","Tiempo de lectura":"1 minuto"},"schema":{"@context":"https:\/\/schema.org","@graph":[{"@type":"Article","@id":"https:\/\/centrourbano.com\/revista\/urbanismo\/en-marcha-el-skatepark-azcapotzalco-capital-joven-cdmx\/#article","isPartOf":{"@id":"https:\/\/centrourbano.com\/revista\/urbanismo\/en-marcha-el-skatepark-azcapotzalco-capital-joven-cdmx\/"},"author":{"name":"Dinorah Nava","@id":"https:\/\/centrourbano.com\/revista\/#\/schema\/person\/b45db815d96831257ba428a3d5a5fbdc"},"headline":"En marcha el Skatepark Azcapotzalco \u201cCapital Joven CDMX\u201d","datePublished":"2016-03-09T22:19:13+00:00","dateModified":"2016-03-09T22:22:04+00:00","mainEntityOfPage":{"@id":"https:\/\/centrourbano.com\/revista\/urbanismo\/en-marcha-el-skatepark-azcapotzalco-capital-joven-cdmx\/"},"wordCount":159,"commentCount":0,"publisher":{"@id":"https:\/\/centrourbano.com\/revista\/#organization"},"image":{"@id":"https:\/\/centrourbano.com\/revista\/urbanismo\/en-marcha-el-skatepark-azcapotzalco-capital-joven-cdmx\/#primaryimage"},"thumbnailUrl":"https:\/\/centrourbano.com\/revista\/wp-content\/uploads\/090316-MIGUEL-\u00c1NGEL-MANCERA-INAUGURACI\u00d3N-SKATEPARK-AZCAPOTZALCO-\u201cCAPITAL-JOVEN-CDMX\u201d-3-e1457561937298.jpg","articleSection":["Urbanismo"],"inLanguage":"es","potentialAction":[{"@type":"CommentAction","name":"Comment","target":["https:\/\/centrourbano.com\/revista\/urbanismo\/en-marcha-el-skatepark-azcapotzalco-capital-joven-cdmx\/#respond"]}]},{"@type":"WebPage","@id":"https:\/\/centrourbano.com\/revista\/urbanismo\/en-marcha-el-skatepark-azcapotzalco-capital-joven-cdmx\/","url":"https:\/\/centrourbano.com\/revista\/urbanismo\/en-marcha-el-skatepark-azcapotzalco-capital-joven-cdmx\/","name":"En marcha el Skatepark Azcapotzalco \u201cCapital Joven CDMX\u201d -","isPartOf":{"@id":"https:\/\/centrourbano.com\/revista\/#website"},"primaryImageOfPage":{"@id":"https:\/\/centrourbano.com\/revista\/urbanismo\/en-marcha-el-skatepark-azcapotzalco-capital-joven-cdmx\/#primaryimage"},"image":{"@id":"https:\/\/centrourbano.com\/revista\/urbanismo\/en-marcha-el-skatepark-azcapotzalco-capital-joven-cdmx\/#primaryimage"},"thumbnailUrl":"https:\/\/centrourbano.com\/revista\/wp-content\/uploads\/090316-MIGUEL-\u00c1NGEL-MANCERA-INAUGURACI\u00d3N-SKATEPARK-AZCAPOTZALCO-\u201cCAPITAL-JOVEN-CDMX\u201d-3-e1457561937298.jpg","datePublished":"2016-03-09T22:19:13+00:00","dateModified":"2016-03-09T22:22:04+00:00","description":"Cont\u00f3 con una inversi\u00f3n de 5,000,000 de pesos por parte del gobierno local. El d\u00eda de hoy el Jefe de Gobierno de la Ciudad de M\u00e9xico, Miguel \u00c1ngel Mancera","breadcrumb":{"@id":"https:\/\/centrourbano.com\/revista\/urbanismo\/en-marcha-el-skatepark-azcapotzalco-capital-joven-cdmx\/#breadcrumb"},"inLanguage":"es","potentialAction":[{"@type":"ReadAction","target":["https:\/\/centrourbano.com\/revista\/urbanismo\/en-marcha-el-skatepark-azcapotzalco-capital-joven-cdmx\/"]}]},{"@type":"ImageObject","inLanguage":"es","@id":"https:\/\/centrourbano.com\/revista\/urbanismo\/en-marcha-el-skatepark-azcapotzalco-capital-joven-cdmx\/#primaryimage","url":"https:\/\/centrourbano.com\/revista\/wp-content\/uploads\/090316-MIGUEL-\u00c1NGEL-MANCERA-INAUGURACI\u00d3N-SKATEPARK-AZCAPOTZALCO-\u201cCAPITAL-JOVEN-CDMX\u201d-3-e1457561937298.jpg","contentUrl":"https:\/\/centrourbano.com\/revista\/wp-content\/uploads\/090316-MIGUEL-\u00c1NGEL-MANCERA-INAUGURACI\u00d3N-SKATEPARK-AZCAPOTZALCO-\u201cCAPITAL-JOVEN-CDMX\u201d-3-e1457561937298.jpg","width":800,"height":534},{"@type":"BreadcrumbList","@id":"https:\/\/centrourbano.com\/revista\/urbanismo\/en-marcha-el-skatepark-azcapotzalco-capital-joven-cdmx\/#breadcrumb","itemListElement":[{"@type":"ListItem","position":1,"name":"Portada","item":"https:\/\/centrourbano.com\/revista\/"},{"@type":"ListItem","position":2,"name":"En marcha el Skatepark Azcapotzalco \u201cCapital Joven CDMX\u201d"}]},{"@type":"WebSite","@id":"https:\/\/centrourbano.com\/revista\/#website","url":"https:\/\/centrourbano.com\/revista\/","name":"Centro Urbano","description":"Medio especializado en los sectores vivienda, inmobiliario, construcci\u00f3n, arquitectura y urbanismo.","publisher":{"@id":"https:\/\/centrourbano.com\/revista\/#organization"},"potentialAction":[{"@type":"SearchAction","target":{"@type":"EntryPoint","urlTemplate":"https:\/\/centrourbano.com\/revista\/?s={search_term_string}"},"query-input":{"@type":"PropertyValueSpecification","valueRequired":true,"valueName":"search_term_string"}}],"inLanguage":"es"},{"@type":"Organization","@id":"https:\/\/centrourbano.com\/revista\/#organization","name":"Centro Urbano","url":"https:\/\/centrourbano.com\/revista\/","logo":{"@type":"ImageObject","inLanguage":"es","@id":"https:\/\/centrourbano.com\/revista\/#\/schema\/logo\/image\/","url":"https:\/\/centrourbano.com\/revista\/wp-content\/uploads\/web_CU_logo-1.png","contentUrl":"https:\/\/centrourbano.com\/revista\/wp-content\/uploads\/web_CU_logo-1.png","width":350,"height":91,"caption":"Centro Urbano"},"image":{"@id":"https:\/\/centrourbano.com\/revista\/#\/schema\/logo\/image\/"},"sameAs":["https:\/\/www.facebook.com\/portalcentrourbano","https:\/\/x.com\/CentroUrbano","https:\/\/www.instagram.com\/centro_urbano\/","https:\/\/www.linkedin.com\/company\/centro-urbano\/","http:\/\/www.youtube.com\/user\/portalcentrourbano"]},{"@type":"Person","@id":"https:\/\/centrourbano.com\/revista\/#\/schema\/person\/b45db815d96831257ba428a3d5a5fbdc","name":"Dinorah Nava","image":{"@type":"ImageObject","inLanguage":"es","@id":"https:\/\/secure.gravatar.com\/avatar\/f6ca6430c51d147f363940f84e1225aa4b8183885c11802cc3b042305a4ecc1a?s=96&d=mm&r=g","url":"https:\/\/secure.gravatar.com\/avatar\/f6ca6430c51d147f363940f84e1225aa4b8183885c11802cc3b042305a4ecc1a?s=96&d=mm&r=g","contentUrl":"https:\/\/secure.gravatar.com\/avatar\/f6ca6430c51d147f363940f84e1225aa4b8183885c11802cc3b042305a4ecc1a?s=96&d=mm&r=g","caption":"Dinorah Nava"},"description":"Editora de Contenidos y Estrategias Digitales en Centro Urbano y Coeditora en Peri\u00f3dico Mi Casa. Egresada de la licenciatura en Comunicaci\u00f3n y Periodismo de la Facultad de Estudios Superiores Arag\u00f3n (UNAM). Amante de la edici\u00f3n y correcci\u00f3n de estilo, las redes sociales y el mundo digital. Especialista en temas son arquitectura, inmobiliario y urbanismo.","sameAs":["linkedin.com\/in\/dinorah-nava","https:\/\/x.com\/https:\/\/twitter.com\/Dinorah_Nava28"],"url":"https:\/\/centrourbano.com\/revista\/author\/dinorah-nava\/"}]}},"_links":{"self":[{"href":"https:\/\/centrourbano.com\/revista\/wp-json\/wp\/v2\/posts\/31798","targetHints":{"allow":["GET"]}}],"collection":[{"href":"https:\/\/centrourbano.com\/revista\/wp-json\/wp\/v2\/posts"}],"about":[{"href":"https:\/\/centrourbano.com\/revista\/wp-json\/wp\/v2\/types\/post"}],"author":[{"embeddable":true,"href":"https:\/\/centrourbano.com\/revista\/wp-json\/wp\/v2\/users\/9"}],"replies":[{"embeddable":true,"href":"https:\/\/centrourbano.com\/revista\/wp-json\/wp\/v2\/comments?post=31798"}],"version-history":[{"count":0,"href":"https:\/\/centrourbano.com\/revista\/wp-json\/wp\/v2\/posts\/31798\/revisions"}],"wp:featuredmedia":[{"embeddable":true,"href":"https:\/\/centrourbano.com\/revista\/wp-json\/wp\/v2\/media\/31799"}],"wp:attachment":[{"href":"https:\/\/centrourbano.com\/revista\/wp-json\/wp\/v2\/media?parent=31798"}],"wp:term":[{"taxonomy":"category","embeddable":true,"href":"https:\/\/centrourbano.com\/revista\/wp-json\/wp\/v2\/categories?post=31798"},{"taxonomy":"post_tag","embeddable":true,"href":"https:\/\/centrourbano.com\/revista\/wp-json\/wp\/v2\/tags?post=31798"}],"curies":[{"name":"wp","href":"https:\/\/api.w.org\/{rel}","templated":true}]}}