{"id":31788,"date":"2016-03-09T16:03:36","date_gmt":"2016-03-09T22:03:36","guid":{"rendered":"http:\/\/centrourbano.com\/?p=31788"},"modified":"2016-03-09T17:56:51","modified_gmt":"2016-03-09T23:56:51","slug":"inea-y-canadevi-nacional-llevaran-educacion-a-obras","status":"publish","type":"post","link":"https:\/\/centrourbano.com\/revista\/vivienda\/inea-y-canadevi-nacional-llevaran-educacion-a-obras\/","title":{"rendered":"INEA y Canadevi Nacional llevar\u00e1n educaci\u00f3n a obras"},"content":{"rendered":"<p><em>M\u00e1s de 9 millones de personas en el pa\u00eds no han concluido su educaci\u00f3n primaria<\/em><br \/>\n<!--more--><\/p>\n<p>El Instituto Nacional para la Educaci\u00f3n para los Adultos y la C\u00e1mara Nacional de la Industria de Desarrollo y Promoci\u00f3n de <a class=\"expresscurate_contentTags\" href=\"http:\/\/centrourbano.com\/tag\/vivienda\/\">#Vivienda<\/a> firmaron un convenio en el que se impulsar\u00e1 la <a class=\"expresscurate_contentTags\" href=\"http:\/\/centrourbano.com\/tag\/construccion-2\/\">#construcci\u00f3n<\/a> de aulas para impartir educaci\u00f3n primaria, secundaria y educaci\u00f3n media, en todas las contrucciones que est\u00e9n afiliadas a la c\u00e1mara. <\/p>\n<p>En el evento se dijo que este convenio permitir\u00e1 que los desarrolladores instalen un espacio habilitado para la educaci\u00f3n, en tanto que el INEA enviar\u00e1 a instructores capacitados para impartir la educaci\u00f3n en dos horas, una de las cuales ser\u00e1 aportada por el beneficiario, y la otra ser\u00e1 aportada por la compa\u00f1\u00eda constructora.<\/p>\n<p>En el evento, se resalt\u00f3 la labor de la Fundaci\u00f3n Construyendo y Creciendo, perteneciente vinculada con la empresa <a class=\"expresscurate_contentTags\" href=\"http:\/\/centrourbano.com\/tag\/quiero-casa\/\">#Quiero Casa<\/a>, la cual ha contribuido a la graduaci\u00f3n de 900 alumnos, y la impartici\u00f3n de educaci\u00f3n b\u00e1sica para m\u00e1s de 500 trabajadores de la construcci\u00f3n.<br \/>\nEn su oportunidad, el titular del INEA, Mauricio L\u00f3pez reconoci\u00f3 ante un trabajador de la construcci\u00f3n, que se tiene que resarcir la deuda en educaci\u00f3n con los trabajadores. <\/p>\n<p>\u201cQueremos decirte, Heriberto, que el Estado ha fallado en garantizarte ese derecho y por eso estamos aqu\u00ed nosotros para saldar ese pasado de rezago y para sumar esfuerzos con los patrones, con los empresarios, y con los representantes de la Secretar\u00eda de Educaci\u00f3n y con la Sedatu, para que antes de que construyan esta obra, sepas leer y escribir\u201d. <\/p>\n<a href=\"http:\/\/centrourbano.com\/revista\/wp-content\/uploads\/IMG_20160309_124342.jpg\" rel=\"attachment wp-att-31810\"><img loading=\"lazy\" decoding=\"async\" src=\"http:\/\/centrourbano.com\/revista\/wp-content\/uploads\/IMG_20160309_124342.jpg\" alt=\"IMG_20160309_124342\" width=\"3264\" height=\"2448\" class=\"alignnone size-full wp-image-31810\" \/><\/a>\n<p>Dijo adem\u00e1s que con la firma del convenio, se buscar\u00e1 que en todas las construcciones en las que intervenga <a class=\"expresscurate_contentTags\" href=\"http:\/\/centrourbano.com\/tag\/canadevi\/\">#Canadevi<\/a> en el pa\u00eds, se pueda instalar un aula para impartir educaci\u00f3n para que haya mejores trabajadores y mejores ciudadanos en el pa\u00eds.<\/p>\n<p>Inform\u00f3 que las materias que se dar\u00e1n en las aulas ser\u00e1n de matem\u00e1ticas y ciencias, lengua y comunicaci\u00f3n, y que se buscar\u00e1 que los alumnos tengan competencias para seguir una carrera, para que sean arquitectos o ingenieros, y que ser\u00e1 un compromiso del Gobierno Federal a los 35 a\u00f1os de la creaci\u00f3n del INEA. <\/p>\n<p>Reconoci\u00f3 adem\u00e1s que hay un rezago educativo de m\u00e1s de 30 millones de mexicanos, con 9 millones que no han acabado la primeria y 16 que no han acabado la educaci\u00f3n secundaria. <\/p>\n<p>Pidi\u00f3 al subsecretario de Sedatu, Juan Carlos Lastiri Quiroz, que se realice la misma labor con Fovissste, con Fonahpo y con todos aquellos que desarrollan vivienda en el pa\u00eds. <\/p>\n<p>Por su parte, Fernando Abusaid, presidente de Canadevi Nacional se\u00f1al\u00f3 que en el pa\u00eds hay m\u00e1s de 3.5 millones de trabajadores que hacen labores de alba\u00f1iler\u00eda, los cuales ser\u00e1n beneficiados con la firma del convenio para llevar educaci\u00f3n a las construcciones. <\/p>\n<p>\u201cEn Canadevi y para el INEA, nos encontramos muy entusiasmados con la firma de este convenio de colaboraci\u00f3n, porque nos permite participar en la disminuci\u00f3n del rezago educativo y del rezago habitacional que es nuestro quehacer diario. <\/p>\n<p>\u201cCon nuestra labor diaria en Canadevi, nos comprometemos poniendo nuestro granito de arena de todos los trabajadores de la construcci\u00f3n de la vivienda, para que alba\u00f1iles, maestros de obra, medias cucharas, en un compromiso con este Programa Nacional de Certificaci\u00f3n con base a aprendizajes adquiridos, lo hagamos realidad, y muestra de ello es que nos encontramos en una obra de Quiero Casa, a trav\u00e9s de la Fundaci\u00f3n Construyendo y Creciendo para terminar esta labor de impartir educaci\u00f3n primaria y secundaria\u201d, se\u00f1al\u00f3.<\/p>\n<p>Dijo que a trav\u00e9s de la firma, Canadevi se compromete a difundir el Programa Especial de Certificaci\u00f3n y Aprendizajes, para cuantificar la participaci\u00f3n de la industria de la vivienda, ya que su implementaci\u00f3n es sencilla, ya que el desarrollador habilita un espacio, un aula y el INEA se encarga de hacer llegar un facilitador certificado para impartir la capacitaci\u00f3n en alfabetizaci\u00f3n primaria, secundaria, preparatoria o profesionalizarse como trabajadores de la industria de la construcci\u00f3n. <\/p>\n<p>Finalmente, reconoci\u00f3 el esfuerzo de Victoriano, Mar\u00eda Elena, Mauricio, Gregorio, Rom\u00e1n y Betzab\u00e9, quienes laboran en la construcci\u00f3n que se realiza en el predio del Boulevard Manuel Avila Camacho 247 quienes concluyeron varios estudios, entre ellos de primaria, secundaria, capacitaci\u00f3n en marketing y uno que concluy\u00f3 su primer m\u00f3dulo de preparatoria. <\/p>\n","protected":false},"excerpt":{"rendered":"<p>M\u00e1s de 9 millones de personas en el pa\u00eds no han concluido su educaci\u00f3n primaria<\/p>\n","protected":false},"author":28,"featured_media":31795,"comment_status":"open","ping_status":"closed","sticky":false,"template":"","format":"standard","meta":{"om_disable_all_campaigns":false,"inline_featured_image":false,"_monsterinsights_skip_tracking":false,"_monsterinsights_sitenote_active":false,"_monsterinsights_sitenote_note":"","_monsterinsights_sitenote_category":0,"footnotes":""},"categories":[12],"tags":[99,22,2426,5737],"class_list":["post-31788","post","type-post","status-publish","format-standard","has-post-thumbnail","hentry","category-vivienda","tag-canadevi","tag-construccion-2","tag-quiero-casa","tag-vivienda"],"yoast_head":"<!-- This site is optimized with the Yoast SEO plugin v27.5 - https:\/\/yoast.com\/product\/yoast-seo-wordpress\/ -->\n<title>INEA y Canadevi Nacional llevar\u00e1n educaci\u00f3n a obras -<\/title>\n<meta name=\"description\" content=\"M\u00e1s de 9 millones de personas en el pa\u00eds no han concluido su educaci\u00f3n primaria El Instituto Nacional para la Educaci\u00f3n para los Adultos y la C\u00e1mara\" \/>\n<meta name=\"robots\" content=\"index, follow, max-snippet:-1, max-image-preview:large, max-video-preview:-1\" \/>\n<link rel=\"canonical\" href=\"https:\/\/centrourbano.com\/revista\/vivienda\/inea-y-canadevi-nacional-llevaran-educacion-a-obras\/\" \/>\n<meta property=\"og:locale\" content=\"es_ES\" \/>\n<meta property=\"og:type\" content=\"article\" \/>\n<meta property=\"og:title\" content=\"INEA y Canadevi Nacional llevar\u00e1n educaci\u00f3n a obras -\" \/>\n<meta property=\"og:description\" content=\"M\u00e1s de 9 millones de personas en el pa\u00eds no han concluido su educaci\u00f3n primaria El Instituto Nacional para la Educaci\u00f3n para los Adultos y la C\u00e1mara\" \/>\n<meta property=\"og:url\" content=\"https:\/\/centrourbano.com\/revista\/vivienda\/inea-y-canadevi-nacional-llevaran-educacion-a-obras\/\" \/>\n<meta property=\"og:site_name\" content=\"Centro Urbano\" \/>\n<meta property=\"article:publisher\" content=\"https:\/\/www.facebook.com\/portalcentrourbano\" \/>\n<meta property=\"article:published_time\" content=\"2016-03-09T22:03:36+00:00\" \/>\n<meta property=\"article:modified_time\" content=\"2016-03-09T23:56:51+00:00\" \/>\n<meta property=\"og:image\" content=\"https:\/\/centrourbano.com\/revista\/wp-content\/uploads\/IMG_20160309_121412-scaled.jpg\" \/>\n\t<meta property=\"og:image:width\" content=\"2560\" \/>\n\t<meta property=\"og:image:height\" content=\"1970\" \/>\n\t<meta property=\"og:image:type\" content=\"image\/jpeg\" \/>\n<meta name=\"author\" content=\"Mario V\u00e1zquez Barrios\" \/>\n<meta name=\"twitter:card\" content=\"summary_large_image\" \/>\n<meta name=\"twitter:creator\" content=\"@MarioDeNiro\" \/>\n<meta name=\"twitter:site\" content=\"@CentroUrbano\" \/>\n<meta name=\"twitter:label1\" content=\"Escrito por\" \/>\n\t<meta name=\"twitter:data1\" content=\"Mario V\u00e1zquez Barrios\" \/>\n\t<meta name=\"twitter:label2\" content=\"Tiempo de lectura\" \/>\n\t<meta name=\"twitter:data2\" content=\"4 minutos\" \/>\n<script type=\"application\/ld+json\" class=\"yoast-schema-graph\">{\"@context\":\"https:\\\/\\\/schema.org\",\"@graph\":[{\"@type\":\"Article\",\"@id\":\"https:\\\/\\\/centrourbano.com\\\/revista\\\/vivienda\\\/inea-y-canadevi-nacional-llevaran-educacion-a-obras\\\/#article\",\"isPartOf\":{\"@id\":\"https:\\\/\\\/centrourbano.com\\\/revista\\\/vivienda\\\/inea-y-canadevi-nacional-llevaran-educacion-a-obras\\\/\"},\"author\":{\"name\":\"Mario V\u00e1zquez Barrios\",\"@id\":\"https:\\\/\\\/centrourbano.com\\\/revista\\\/#\\\/schema\\\/person\\\/45e1c041fc3bb6068a3502be717d44df\"},\"headline\":\"INEA y Canadevi Nacional llevar\u00e1n educaci\u00f3n a obras\",\"datePublished\":\"2016-03-09T22:03:36+00:00\",\"dateModified\":\"2016-03-09T23:56:51+00:00\",\"mainEntityOfPage\":{\"@id\":\"https:\\\/\\\/centrourbano.com\\\/revista\\\/vivienda\\\/inea-y-canadevi-nacional-llevaran-educacion-a-obras\\\/\"},\"wordCount\":761,\"commentCount\":0,\"publisher\":{\"@id\":\"https:\\\/\\\/centrourbano.com\\\/revista\\\/#organization\"},\"image\":{\"@id\":\"https:\\\/\\\/centrourbano.com\\\/revista\\\/vivienda\\\/inea-y-canadevi-nacional-llevaran-educacion-a-obras\\\/#primaryimage\"},\"thumbnailUrl\":\"https:\\\/\\\/centrourbano.com\\\/revista\\\/wp-content\\\/uploads\\\/IMG_20160309_121412-scaled.jpg\",\"keywords\":[\"Canadevi\",\"construcci\u00f3n\",\"Quiero Casa\",\"vivienda+\"],\"articleSection\":[\"Vivienda\"],\"inLanguage\":\"es\",\"potentialAction\":[{\"@type\":\"CommentAction\",\"name\":\"Comment\",\"target\":[\"https:\\\/\\\/centrourbano.com\\\/revista\\\/vivienda\\\/inea-y-canadevi-nacional-llevaran-educacion-a-obras\\\/#respond\"]}]},{\"@type\":\"WebPage\",\"@id\":\"https:\\\/\\\/centrourbano.com\\\/revista\\\/vivienda\\\/inea-y-canadevi-nacional-llevaran-educacion-a-obras\\\/\",\"url\":\"https:\\\/\\\/centrourbano.com\\\/revista\\\/vivienda\\\/inea-y-canadevi-nacional-llevaran-educacion-a-obras\\\/\",\"name\":\"INEA y Canadevi Nacional llevar\u00e1n educaci\u00f3n a obras -\",\"isPartOf\":{\"@id\":\"https:\\\/\\\/centrourbano.com\\\/revista\\\/#website\"},\"primaryImageOfPage\":{\"@id\":\"https:\\\/\\\/centrourbano.com\\\/revista\\\/vivienda\\\/inea-y-canadevi-nacional-llevaran-educacion-a-obras\\\/#primaryimage\"},\"image\":{\"@id\":\"https:\\\/\\\/centrourbano.com\\\/revista\\\/vivienda\\\/inea-y-canadevi-nacional-llevaran-educacion-a-obras\\\/#primaryimage\"},\"thumbnailUrl\":\"https:\\\/\\\/centrourbano.com\\\/revista\\\/wp-content\\\/uploads\\\/IMG_20160309_121412-scaled.jpg\",\"datePublished\":\"2016-03-09T22:03:36+00:00\",\"dateModified\":\"2016-03-09T23:56:51+00:00\",\"description\":\"M\u00e1s de 9 millones de personas en el pa\u00eds no han concluido su educaci\u00f3n primaria El Instituto Nacional para la Educaci\u00f3n para los Adultos y la C\u00e1mara\",\"breadcrumb\":{\"@id\":\"https:\\\/\\\/centrourbano.com\\\/revista\\\/vivienda\\\/inea-y-canadevi-nacional-llevaran-educacion-a-obras\\\/#breadcrumb\"},\"inLanguage\":\"es\",\"potentialAction\":[{\"@type\":\"ReadAction\",\"target\":[\"https:\\\/\\\/centrourbano.com\\\/revista\\\/vivienda\\\/inea-y-canadevi-nacional-llevaran-educacion-a-obras\\\/\"]}]},{\"@type\":\"ImageObject\",\"inLanguage\":\"es\",\"@id\":\"https:\\\/\\\/centrourbano.com\\\/revista\\\/vivienda\\\/inea-y-canadevi-nacional-llevaran-educacion-a-obras\\\/#primaryimage\",\"url\":\"https:\\\/\\\/centrourbano.com\\\/revista\\\/wp-content\\\/uploads\\\/IMG_20160309_121412-scaled.jpg\",\"contentUrl\":\"https:\\\/\\\/centrourbano.com\\\/revista\\\/wp-content\\\/uploads\\\/IMG_20160309_121412-scaled.jpg\",\"width\":2560,\"height\":1970},{\"@type\":\"BreadcrumbList\",\"@id\":\"https:\\\/\\\/centrourbano.com\\\/revista\\\/vivienda\\\/inea-y-canadevi-nacional-llevaran-educacion-a-obras\\\/#breadcrumb\",\"itemListElement\":[{\"@type\":\"ListItem\",\"position\":1,\"name\":\"Portada\",\"item\":\"https:\\\/\\\/centrourbano.com\\\/revista\\\/\"},{\"@type\":\"ListItem\",\"position\":2,\"name\":\"INEA y Canadevi Nacional llevar\u00e1n educaci\u00f3n a obras\"}]},{\"@type\":\"WebSite\",\"@id\":\"https:\\\/\\\/centrourbano.com\\\/revista\\\/#website\",\"url\":\"https:\\\/\\\/centrourbano.com\\\/revista\\\/\",\"name\":\"Centro Urbano\",\"description\":\"Medio especializado en los sectores vivienda, inmobiliario, construcci\u00f3n, arquitectura y urbanismo.\",\"publisher\":{\"@id\":\"https:\\\/\\\/centrourbano.com\\\/revista\\\/#organization\"},\"potentialAction\":[{\"@type\":\"SearchAction\",\"target\":{\"@type\":\"EntryPoint\",\"urlTemplate\":\"https:\\\/\\\/centrourbano.com\\\/revista\\\/?s={search_term_string}\"},\"query-input\":{\"@type\":\"PropertyValueSpecification\",\"valueRequired\":true,\"valueName\":\"search_term_string\"}}],\"inLanguage\":\"es\"},{\"@type\":\"Organization\",\"@id\":\"https:\\\/\\\/centrourbano.com\\\/revista\\\/#organization\",\"name\":\"Centro Urbano\",\"url\":\"https:\\\/\\\/centrourbano.com\\\/revista\\\/\",\"logo\":{\"@type\":\"ImageObject\",\"inLanguage\":\"es\",\"@id\":\"https:\\\/\\\/centrourbano.com\\\/revista\\\/#\\\/schema\\\/logo\\\/image\\\/\",\"url\":\"https:\\\/\\\/centrourbano.com\\\/revista\\\/wp-content\\\/uploads\\\/web_CU_logo-1.png\",\"contentUrl\":\"https:\\\/\\\/centrourbano.com\\\/revista\\\/wp-content\\\/uploads\\\/web_CU_logo-1.png\",\"width\":350,\"height\":91,\"caption\":\"Centro Urbano\"},\"image\":{\"@id\":\"https:\\\/\\\/centrourbano.com\\\/revista\\\/#\\\/schema\\\/logo\\\/image\\\/\"},\"sameAs\":[\"https:\\\/\\\/www.facebook.com\\\/portalcentrourbano\",\"https:\\\/\\\/x.com\\\/CentroUrbano\",\"https:\\\/\\\/www.instagram.com\\\/centro_urbano\\\/\",\"https:\\\/\\\/www.linkedin.com\\\/company\\\/centro-urbano\\\/\",\"http:\\\/\\\/www.youtube.com\\\/user\\\/portalcentrourbano\"]},{\"@type\":\"Person\",\"@id\":\"https:\\\/\\\/centrourbano.com\\\/revista\\\/#\\\/schema\\\/person\\\/45e1c041fc3bb6068a3502be717d44df\",\"name\":\"Mario V\u00e1zquez Barrios\",\"image\":{\"@type\":\"ImageObject\",\"inLanguage\":\"es\",\"@id\":\"https:\\\/\\\/secure.gravatar.com\\\/avatar\\\/347e6d9c0b04f0194ca244ba64b0fe62752d716a3a93d1713bd259eb87aad5b6?s=96&d=mm&r=g\",\"url\":\"https:\\\/\\\/secure.gravatar.com\\\/avatar\\\/347e6d9c0b04f0194ca244ba64b0fe62752d716a3a93d1713bd259eb87aad5b6?s=96&d=mm&r=g\",\"contentUrl\":\"https:\\\/\\\/secure.gravatar.com\\\/avatar\\\/347e6d9c0b04f0194ca244ba64b0fe62752d716a3a93d1713bd259eb87aad5b6?s=96&d=mm&r=g\",\"caption\":\"Mario V\u00e1zquez Barrios\"},\"description\":\"Me inici\u00e9 en El Financiero haciendo reportajes; en MegaNoticias Televisi\u00f3n fui reportero titular; en EMedios, control de calidad; y Radio 13 Noticias me acogi\u00f3 como colaborador. Me gusta encontrar en las banquetas la nota, una entrevista y el inicio de un reportaje.\",\"sameAs\":[\"https:\\\/\\\/x.com\\\/@MarioDeNiro\"],\"url\":\"https:\\\/\\\/centrourbano.com\\\/revista\\\/author\\\/mario-vazquez\\\/\"}]}<\/script>\n<!-- \/ Yoast SEO plugin. -->","yoast_head_json":{"title":"INEA y Canadevi Nacional llevar\u00e1n educaci\u00f3n a obras -","description":"M\u00e1s de 9 millones de personas en el pa\u00eds no han concluido su educaci\u00f3n primaria El Instituto Nacional para la Educaci\u00f3n para los Adultos y la C\u00e1mara","robots":{"index":"index","follow":"follow","max-snippet":"max-snippet:-1","max-image-preview":"max-image-preview:large","max-video-preview":"max-video-preview:-1"},"canonical":"https:\/\/centrourbano.com\/revista\/vivienda\/inea-y-canadevi-nacional-llevaran-educacion-a-obras\/","og_locale":"es_ES","og_type":"article","og_title":"INEA y Canadevi Nacional llevar\u00e1n educaci\u00f3n a obras -","og_description":"M\u00e1s de 9 millones de personas en el pa\u00eds no han concluido su educaci\u00f3n primaria El Instituto Nacional para la Educaci\u00f3n para los Adultos y la C\u00e1mara","og_url":"https:\/\/centrourbano.com\/revista\/vivienda\/inea-y-canadevi-nacional-llevaran-educacion-a-obras\/","og_site_name":"Centro Urbano","article_publisher":"https:\/\/www.facebook.com\/portalcentrourbano","article_published_time":"2016-03-09T22:03:36+00:00","article_modified_time":"2016-03-09T23:56:51+00:00","og_image":[{"width":2560,"height":1970,"url":"https:\/\/centrourbano.com\/revista\/wp-content\/uploads\/IMG_20160309_121412-scaled.jpg","type":"image\/jpeg"}],"author":"Mario V\u00e1zquez Barrios","twitter_card":"summary_large_image","twitter_creator":"@MarioDeNiro","twitter_site":"@CentroUrbano","twitter_misc":{"Escrito por":"Mario V\u00e1zquez Barrios","Tiempo de lectura":"4 minutos"},"schema":{"@context":"https:\/\/schema.org","@graph":[{"@type":"Article","@id":"https:\/\/centrourbano.com\/revista\/vivienda\/inea-y-canadevi-nacional-llevaran-educacion-a-obras\/#article","isPartOf":{"@id":"https:\/\/centrourbano.com\/revista\/vivienda\/inea-y-canadevi-nacional-llevaran-educacion-a-obras\/"},"author":{"name":"Mario V\u00e1zquez Barrios","@id":"https:\/\/centrourbano.com\/revista\/#\/schema\/person\/45e1c041fc3bb6068a3502be717d44df"},"headline":"INEA y Canadevi Nacional llevar\u00e1n educaci\u00f3n a obras","datePublished":"2016-03-09T22:03:36+00:00","dateModified":"2016-03-09T23:56:51+00:00","mainEntityOfPage":{"@id":"https:\/\/centrourbano.com\/revista\/vivienda\/inea-y-canadevi-nacional-llevaran-educacion-a-obras\/"},"wordCount":761,"commentCount":0,"publisher":{"@id":"https:\/\/centrourbano.com\/revista\/#organization"},"image":{"@id":"https:\/\/centrourbano.com\/revista\/vivienda\/inea-y-canadevi-nacional-llevaran-educacion-a-obras\/#primaryimage"},"thumbnailUrl":"https:\/\/centrourbano.com\/revista\/wp-content\/uploads\/IMG_20160309_121412-scaled.jpg","keywords":["Canadevi","construcci\u00f3n","Quiero Casa","vivienda+"],"articleSection":["Vivienda"],"inLanguage":"es","potentialAction":[{"@type":"CommentAction","name":"Comment","target":["https:\/\/centrourbano.com\/revista\/vivienda\/inea-y-canadevi-nacional-llevaran-educacion-a-obras\/#respond"]}]},{"@type":"WebPage","@id":"https:\/\/centrourbano.com\/revista\/vivienda\/inea-y-canadevi-nacional-llevaran-educacion-a-obras\/","url":"https:\/\/centrourbano.com\/revista\/vivienda\/inea-y-canadevi-nacional-llevaran-educacion-a-obras\/","name":"INEA y Canadevi Nacional llevar\u00e1n educaci\u00f3n a obras -","isPartOf":{"@id":"https:\/\/centrourbano.com\/revista\/#website"},"primaryImageOfPage":{"@id":"https:\/\/centrourbano.com\/revista\/vivienda\/inea-y-canadevi-nacional-llevaran-educacion-a-obras\/#primaryimage"},"image":{"@id":"https:\/\/centrourbano.com\/revista\/vivienda\/inea-y-canadevi-nacional-llevaran-educacion-a-obras\/#primaryimage"},"thumbnailUrl":"https:\/\/centrourbano.com\/revista\/wp-content\/uploads\/IMG_20160309_121412-scaled.jpg","datePublished":"2016-03-09T22:03:36+00:00","dateModified":"2016-03-09T23:56:51+00:00","description":"M\u00e1s de 9 millones de personas en el pa\u00eds no han concluido su educaci\u00f3n primaria El Instituto Nacional para la Educaci\u00f3n para los Adultos y la C\u00e1mara","breadcrumb":{"@id":"https:\/\/centrourbano.com\/revista\/vivienda\/inea-y-canadevi-nacional-llevaran-educacion-a-obras\/#breadcrumb"},"inLanguage":"es","potentialAction":[{"@type":"ReadAction","target":["https:\/\/centrourbano.com\/revista\/vivienda\/inea-y-canadevi-nacional-llevaran-educacion-a-obras\/"]}]},{"@type":"ImageObject","inLanguage":"es","@id":"https:\/\/centrourbano.com\/revista\/vivienda\/inea-y-canadevi-nacional-llevaran-educacion-a-obras\/#primaryimage","url":"https:\/\/centrourbano.com\/revista\/wp-content\/uploads\/IMG_20160309_121412-scaled.jpg","contentUrl":"https:\/\/centrourbano.com\/revista\/wp-content\/uploads\/IMG_20160309_121412-scaled.jpg","width":2560,"height":1970},{"@type":"BreadcrumbList","@id":"https:\/\/centrourbano.com\/revista\/vivienda\/inea-y-canadevi-nacional-llevaran-educacion-a-obras\/#breadcrumb","itemListElement":[{"@type":"ListItem","position":1,"name":"Portada","item":"https:\/\/centrourbano.com\/revista\/"},{"@type":"ListItem","position":2,"name":"INEA y Canadevi Nacional llevar\u00e1n educaci\u00f3n a obras"}]},{"@type":"WebSite","@id":"https:\/\/centrourbano.com\/revista\/#website","url":"https:\/\/centrourbano.com\/revista\/","name":"Centro Urbano","description":"Medio especializado en los sectores vivienda, inmobiliario, construcci\u00f3n, arquitectura y urbanismo.","publisher":{"@id":"https:\/\/centrourbano.com\/revista\/#organization"},"potentialAction":[{"@type":"SearchAction","target":{"@type":"EntryPoint","urlTemplate":"https:\/\/centrourbano.com\/revista\/?s={search_term_string}"},"query-input":{"@type":"PropertyValueSpecification","valueRequired":true,"valueName":"search_term_string"}}],"inLanguage":"es"},{"@type":"Organization","@id":"https:\/\/centrourbano.com\/revista\/#organization","name":"Centro Urbano","url":"https:\/\/centrourbano.com\/revista\/","logo":{"@type":"ImageObject","inLanguage":"es","@id":"https:\/\/centrourbano.com\/revista\/#\/schema\/logo\/image\/","url":"https:\/\/centrourbano.com\/revista\/wp-content\/uploads\/web_CU_logo-1.png","contentUrl":"https:\/\/centrourbano.com\/revista\/wp-content\/uploads\/web_CU_logo-1.png","width":350,"height":91,"caption":"Centro Urbano"},"image":{"@id":"https:\/\/centrourbano.com\/revista\/#\/schema\/logo\/image\/"},"sameAs":["https:\/\/www.facebook.com\/portalcentrourbano","https:\/\/x.com\/CentroUrbano","https:\/\/www.instagram.com\/centro_urbano\/","https:\/\/www.linkedin.com\/company\/centro-urbano\/","http:\/\/www.youtube.com\/user\/portalcentrourbano"]},{"@type":"Person","@id":"https:\/\/centrourbano.com\/revista\/#\/schema\/person\/45e1c041fc3bb6068a3502be717d44df","name":"Mario V\u00e1zquez Barrios","image":{"@type":"ImageObject","inLanguage":"es","@id":"https:\/\/secure.gravatar.com\/avatar\/347e6d9c0b04f0194ca244ba64b0fe62752d716a3a93d1713bd259eb87aad5b6?s=96&d=mm&r=g","url":"https:\/\/secure.gravatar.com\/avatar\/347e6d9c0b04f0194ca244ba64b0fe62752d716a3a93d1713bd259eb87aad5b6?s=96&d=mm&r=g","contentUrl":"https:\/\/secure.gravatar.com\/avatar\/347e6d9c0b04f0194ca244ba64b0fe62752d716a3a93d1713bd259eb87aad5b6?s=96&d=mm&r=g","caption":"Mario V\u00e1zquez Barrios"},"description":"Me inici\u00e9 en El Financiero haciendo reportajes; en MegaNoticias Televisi\u00f3n fui reportero titular; en EMedios, control de calidad; y Radio 13 Noticias me acogi\u00f3 como colaborador. Me gusta encontrar en las banquetas la nota, una entrevista y el inicio de un reportaje.","sameAs":["https:\/\/x.com\/@MarioDeNiro"],"url":"https:\/\/centrourbano.com\/revista\/author\/mario-vazquez\/"}]}},"_links":{"self":[{"href":"https:\/\/centrourbano.com\/revista\/wp-json\/wp\/v2\/posts\/31788","targetHints":{"allow":["GET"]}}],"collection":[{"href":"https:\/\/centrourbano.com\/revista\/wp-json\/wp\/v2\/posts"}],"about":[{"href":"https:\/\/centrourbano.com\/revista\/wp-json\/wp\/v2\/types\/post"}],"author":[{"embeddable":true,"href":"https:\/\/centrourbano.com\/revista\/wp-json\/wp\/v2\/users\/28"}],"replies":[{"embeddable":true,"href":"https:\/\/centrourbano.com\/revista\/wp-json\/wp\/v2\/comments?post=31788"}],"version-history":[{"count":0,"href":"https:\/\/centrourbano.com\/revista\/wp-json\/wp\/v2\/posts\/31788\/revisions"}],"wp:featuredmedia":[{"embeddable":true,"href":"https:\/\/centrourbano.com\/revista\/wp-json\/wp\/v2\/media\/31795"}],"wp:attachment":[{"href":"https:\/\/centrourbano.com\/revista\/wp-json\/wp\/v2\/media?parent=31788"}],"wp:term":[{"taxonomy":"category","embeddable":true,"href":"https:\/\/centrourbano.com\/revista\/wp-json\/wp\/v2\/categories?post=31788"},{"taxonomy":"post_tag","embeddable":true,"href":"https:\/\/centrourbano.com\/revista\/wp-json\/wp\/v2\/tags?post=31788"}],"curies":[{"name":"wp","href":"https:\/\/api.w.org\/{rel}","templated":true}]}}