{"id":31758,"date":"2016-03-07T18:00:03","date_gmt":"2016-03-08T00:00:03","guid":{"rendered":"http:\/\/centrourbano.com\/?p=31758"},"modified":"2016-03-08T18:25:19","modified_gmt":"2016-03-09T00:25:19","slug":"david-penchyna-asume-direccion-del-infonavit","status":"publish","type":"post","link":"https:\/\/centrourbano.com\/revista\/saladeprensa\/david-penchyna-asume-direccion-del-infonavit\/","title":{"rendered":"David Penchyna asume Direcci\u00f3n del Infonavit"},"content":{"rendered":"<p><em>La Asamblea General lo nombra Director General del Instituto a propuesta del Presidente Enrique Pe\u00f1a Nieto <\/em><!--more--><\/p>\n<p>Ciudad de M\u00e9xico, 7 de marzo de 2016. La Asamblea General del Instituto del Fondo Nacional de la Vivienda para los Trabajadores nombr\u00f3 a David Penchyna Grub como Director General de la instituci\u00f3n, a propuesta del Lic. Enrique Pe\u00f1a Nieto, Presidente de los Estados Unidos Mexicanos.<\/p>\n<p>La Asamblea General -m\u00e1ximo \u00f3rgano del Infonavit que re\u00fane a los sectores de los trabajadores, empresarios y gobierno- cont\u00f3 con la presencia del Secretario de Gobernaci\u00f3n, Miguel \u00c1ngel Osorio Chong, en representaci\u00f3n del Presidente Enrique Pe\u00f1a; Carlos Aceves del Olmo, con la representaci\u00f3n de los trabajadores; Enrique Solana, Presidente de la Asamblea de General en representaci\u00f3n del sector Empresarial y Presidente de Concanaco-Servitur. Tambi\u00e9n asistieron los Presidentes de la C\u00e1mara de Diputados, Jes\u00fas Zambrano Grijalva; de la C\u00e1mara de Senadores, Roberto Gil Zuarth; el Gobernador del Banco de M\u00e9xico, Agust\u00edn Carstens.<\/p>\n<p>Como asamble\u00edstas del sector Gobierno, asistieron los titulares de las secretar\u00edas de Desarrollo Agrario, Territorial y Urbano, Rosario Robles Berlanga; de Medio Ambiente y Recursos Naturales, Rafael Pacchiano Alam\u00e1n; de la Funci\u00f3n P\u00fablica, Virgilio Andrade Mart\u00ednez, as\u00ed como los directores generales del Instituto de Seguridad y Servicios Sociales de los Trabajadores del Estado, Jos\u00e9 Reyes Baeza; de la Comisi\u00f3n Federal de Electricidad, Enrique Ochoa Reza; de la Comisi\u00f3n Nacional del Agua, Roberto Ram\u00edrez de la Parra; de Nacional Financiera, Jacques Rogozinski Schtulman; del Banco Nacional de Obras y Servicios P\u00fablicos, Abraham Zamora Torres; de Sociedad Hipotecaria Federal, Jes\u00fas Alberto Cano V\u00e9lez.<\/p>\n<p>Al nombramiento de Penchyna Grub como nuevo Director General, se dieron cita los ex titulares del Infonavit: Jes\u00fas Silva-Herzog Flores, el senador Emilio Gamboa Patr\u00f3n, Gonzalo Mart\u00ednez Corbal\u00e1; Alfredo Del Mazo Gonz\u00e1lez, \u00d3scar Joffre Vel\u00e1zquez y V\u00edctor Manuel Borr\u00e1s Seti\u00e9n.<\/p>\n<p>En su oportunidad, el Secretario de Gobernaci\u00f3n, Miguel \u00c1ngel Osorio Chong, afirm\u00f3 que \u201cinstituciones s\u00f3lidas que mantienen firmes sus principios, valores, y sepan adaptarse a las nuevas realidades como el Infonavit, reflejan el compromiso del Estado Mexicano para atender las necesidades sociales de los mexicanos. El Infonavit se moderniza y est\u00e1 siempre a la vanguardia para servir con eficacia a sus derechohabientes. Reconoci\u00f3 a sus integrantes, pues \u00abrealizan una gran labor en favor de sus afiliados\u00bb.<\/p>\n<p>Al recordar que una de cada cuatro viviendas en nuestro pa\u00eds han sido financiadas por el Instituto, el Secretario Osorio Chong subray\u00f3 que este es un derecho indispensable para elevar el bienestar del pa\u00eds. \u00abUn derecho fundamental para que las familias gocen de mayor certidumbre en el presente y puedan heredar un patrimonio en el futuro. Es un elemento clave para que cualquier persona, pueda vivir con dignidad\u00bb, dijo. Al felicitar al nuevo Director General, exalt\u00f3 su visi\u00f3n, capacidad de liderazgo y experiencia probada, lo cual fortalecer\u00e1 la importante funci\u00f3n del Instituto.<\/p>\n<p>\u201cHoy asumo la responsabilidad de dirigir una de las instituciones clave del Estado Mexicano. El Infonavit es cimiento de la seguridad social y ser\u00e1 conducido, con absoluto respeto a la autonom\u00eda y al tripartismo. Nuestro mandato es garantizar que las aportaciones de los trabajadores sean manejadas con honestidad y transparencia, para seguir financiando la m\u00e1s sentida aspiraci\u00f3n de la gente: contar con un patrimonio propio. El Infonavit es una herramienta estrat\u00e9gica para fortalecer el tejido social. Seguiremos haciendo pa\u00eds, casa por casa\u201d, expres\u00f3 el nuevo Director General.<\/p>\n<p>Con la visi\u00f3n del Presidente de la Rep\u00fablica, Enrique Pe\u00f1a Nieto, de mover a M\u00e9xico, moviendo al sector de la vivienda, se han generado hogares con valor; se ha reducido sustancialmente el rezago habitacional y se ha convertido a la vivienda en el segundo motor del crecimiento de la econom\u00eda. Seguiremos con la estrategia de \u201cUn Cuarto M\u00e1s\u201d, para combatir el hacinamiento e incrementar la plusval\u00eda de las viviendas de los acreditados.<\/p>\n<p>Continuaremos con la pol\u00edtica de inclusi\u00f3n social, con cr\u00e9ditos para adaptar las viviendas para personas con discapacidad. Tambi\u00e9n fortaleceremos el rescate de las unidades habitacionales y desarrollaremos esquemas de movilidad hipotecaria y de apoyo a las madres jefas de familia.<\/p>\n<p>El centro de nuestras decisiones ser\u00e1n siempre las y los derechohabientes y acreditados. Estaremos a\u00fan m\u00e1s cerca de ellos visitando cada una de nuestras delegaciones, escuchando y tomando en cuenta a las Comisiones Consultivas Regionales -integradas por los trabajadores, empresarios, autoridades federales, estatales y municipales-. Sobre todas las cosas, el Infonavit es de los trabajadores y para los trabajadores\u201d, finaliz\u00f3.<\/p>\n","protected":false},"excerpt":{"rendered":"<p>La Asamblea General lo nombra Director General del Instituto a propuesta del Presidente Enrique Pe\u00f1a Nieto<\/p>\n","protected":false},"author":14,"featured_media":0,"comment_status":"open","ping_status":"closed","sticky":false,"template":"","format":"standard","meta":{"om_disable_all_campaigns":false,"inline_featured_image":false,"_monsterinsights_skip_tracking":false,"_monsterinsights_sitenote_active":false,"_monsterinsights_sitenote_note":"","_monsterinsights_sitenote_category":0,"footnotes":""},"categories":[7],"tags":[516,5737],"class_list":["post-31758","post","type-post","status-publish","format-standard","hentry","category-saladeprensa","tag-urbano","tag-vivienda"],"yoast_head":"<!-- This site is optimized with the Yoast SEO plugin v27.4 - https:\/\/yoast.com\/product\/yoast-seo-wordpress\/ -->\n<title>David Penchyna asume Direcci\u00f3n del Infonavit -<\/title>\n<meta name=\"description\" content=\"La Asamblea General lo nombra Director General del Instituto a propuesta del Presidente Enrique Pe\u00f1a Nieto Ciudad de M\u00e9xico, 7 de marzo de 2016. La\" \/>\n<meta name=\"robots\" content=\"index, follow, max-snippet:-1, max-image-preview:large, max-video-preview:-1\" \/>\n<link rel=\"canonical\" href=\"https:\/\/centrourbano.com\/revista\/saladeprensa\/david-penchyna-asume-direccion-del-infonavit\/\" \/>\n<meta property=\"og:locale\" content=\"es_ES\" \/>\n<meta property=\"og:type\" content=\"article\" \/>\n<meta property=\"og:title\" content=\"David Penchyna asume Direcci\u00f3n del Infonavit -\" \/>\n<meta property=\"og:description\" content=\"La Asamblea General lo nombra Director General del Instituto a propuesta del Presidente Enrique Pe\u00f1a Nieto Ciudad de M\u00e9xico, 7 de marzo de 2016. La\" \/>\n<meta property=\"og:url\" content=\"https:\/\/centrourbano.com\/revista\/saladeprensa\/david-penchyna-asume-direccion-del-infonavit\/\" \/>\n<meta property=\"og:site_name\" content=\"Centro Urbano\" \/>\n<meta property=\"article:publisher\" content=\"https:\/\/www.facebook.com\/portalcentrourbano\" \/>\n<meta property=\"article:published_time\" content=\"2016-03-08T00:00:03+00:00\" \/>\n<meta property=\"article:modified_time\" content=\"2016-03-09T00:25:19+00:00\" \/>\n<meta property=\"og:image\" content=\"https:\/\/centrourbano.com\/revista\/wp-content\/uploads\/CU-logo.png\" \/>\n\t<meta property=\"og:image:width\" content=\"350\" \/>\n\t<meta property=\"og:image:height\" content=\"91\" \/>\n\t<meta property=\"og:image:type\" content=\"image\/png\" \/>\n<meta name=\"author\" content=\"Redacci\u00f3n Centro Urbano\" \/>\n<meta name=\"twitter:card\" content=\"summary_large_image\" \/>\n<meta name=\"twitter:creator\" content=\"@CentroUrbano\" \/>\n<meta name=\"twitter:site\" content=\"@CentroUrbano\" \/>\n<meta name=\"twitter:label1\" content=\"Escrito por\" \/>\n\t<meta name=\"twitter:data1\" content=\"Redacci\u00f3n Centro Urbano\" \/>\n\t<meta name=\"twitter:label2\" content=\"Tiempo de lectura\" \/>\n\t<meta name=\"twitter:data2\" content=\"4 minutos\" \/>\n<script type=\"application\/ld+json\" class=\"yoast-schema-graph\">{\"@context\":\"https:\\\/\\\/schema.org\",\"@graph\":[{\"@type\":\"Article\",\"@id\":\"https:\\\/\\\/centrourbano.com\\\/revista\\\/saladeprensa\\\/david-penchyna-asume-direccion-del-infonavit\\\/#article\",\"isPartOf\":{\"@id\":\"https:\\\/\\\/centrourbano.com\\\/revista\\\/saladeprensa\\\/david-penchyna-asume-direccion-del-infonavit\\\/\"},\"author\":{\"name\":\"Redacci\u00f3n Centro Urbano\",\"@id\":\"https:\\\/\\\/centrourbano.com\\\/revista\\\/#\\\/schema\\\/person\\\/680e7c50f9d6e917e416c9efdc26f996\"},\"headline\":\"David Penchyna asume Direcci\u00f3n del Infonavit\",\"datePublished\":\"2016-03-08T00:00:03+00:00\",\"dateModified\":\"2016-03-09T00:25:19+00:00\",\"mainEntityOfPage\":{\"@id\":\"https:\\\/\\\/centrourbano.com\\\/revista\\\/saladeprensa\\\/david-penchyna-asume-direccion-del-infonavit\\\/\"},\"wordCount\":788,\"commentCount\":0,\"publisher\":{\"@id\":\"https:\\\/\\\/centrourbano.com\\\/revista\\\/#organization\"},\"keywords\":[\"urbano\",\"vivienda+\"],\"articleSection\":[\"Sala de Prensa\"],\"inLanguage\":\"es\",\"potentialAction\":[{\"@type\":\"CommentAction\",\"name\":\"Comment\",\"target\":[\"https:\\\/\\\/centrourbano.com\\\/revista\\\/saladeprensa\\\/david-penchyna-asume-direccion-del-infonavit\\\/#respond\"]}]},{\"@type\":\"WebPage\",\"@id\":\"https:\\\/\\\/centrourbano.com\\\/revista\\\/saladeprensa\\\/david-penchyna-asume-direccion-del-infonavit\\\/\",\"url\":\"https:\\\/\\\/centrourbano.com\\\/revista\\\/saladeprensa\\\/david-penchyna-asume-direccion-del-infonavit\\\/\",\"name\":\"David Penchyna asume Direcci\u00f3n del Infonavit -\",\"isPartOf\":{\"@id\":\"https:\\\/\\\/centrourbano.com\\\/revista\\\/#website\"},\"datePublished\":\"2016-03-08T00:00:03+00:00\",\"dateModified\":\"2016-03-09T00:25:19+00:00\",\"description\":\"La Asamblea General lo nombra Director General del Instituto a propuesta del Presidente Enrique Pe\u00f1a Nieto Ciudad de M\u00e9xico, 7 de marzo de 2016. La\",\"breadcrumb\":{\"@id\":\"https:\\\/\\\/centrourbano.com\\\/revista\\\/saladeprensa\\\/david-penchyna-asume-direccion-del-infonavit\\\/#breadcrumb\"},\"inLanguage\":\"es\",\"potentialAction\":[{\"@type\":\"ReadAction\",\"target\":[\"https:\\\/\\\/centrourbano.com\\\/revista\\\/saladeprensa\\\/david-penchyna-asume-direccion-del-infonavit\\\/\"]}]},{\"@type\":\"BreadcrumbList\",\"@id\":\"https:\\\/\\\/centrourbano.com\\\/revista\\\/saladeprensa\\\/david-penchyna-asume-direccion-del-infonavit\\\/#breadcrumb\",\"itemListElement\":[{\"@type\":\"ListItem\",\"position\":1,\"name\":\"Portada\",\"item\":\"https:\\\/\\\/centrourbano.com\\\/revista\\\/\"},{\"@type\":\"ListItem\",\"position\":2,\"name\":\"David Penchyna asume Direcci\u00f3n del Infonavit\"}]},{\"@type\":\"WebSite\",\"@id\":\"https:\\\/\\\/centrourbano.com\\\/revista\\\/#website\",\"url\":\"https:\\\/\\\/centrourbano.com\\\/revista\\\/\",\"name\":\"Centro Urbano\",\"description\":\"Medio especializado en los sectores vivienda, inmobiliario, construcci\u00f3n, arquitectura y urbanismo.\",\"publisher\":{\"@id\":\"https:\\\/\\\/centrourbano.com\\\/revista\\\/#organization\"},\"potentialAction\":[{\"@type\":\"SearchAction\",\"target\":{\"@type\":\"EntryPoint\",\"urlTemplate\":\"https:\\\/\\\/centrourbano.com\\\/revista\\\/?s={search_term_string}\"},\"query-input\":{\"@type\":\"PropertyValueSpecification\",\"valueRequired\":true,\"valueName\":\"search_term_string\"}}],\"inLanguage\":\"es\"},{\"@type\":\"Organization\",\"@id\":\"https:\\\/\\\/centrourbano.com\\\/revista\\\/#organization\",\"name\":\"Centro Urbano\",\"url\":\"https:\\\/\\\/centrourbano.com\\\/revista\\\/\",\"logo\":{\"@type\":\"ImageObject\",\"inLanguage\":\"es\",\"@id\":\"https:\\\/\\\/centrourbano.com\\\/revista\\\/#\\\/schema\\\/logo\\\/image\\\/\",\"url\":\"https:\\\/\\\/centrourbano.com\\\/revista\\\/wp-content\\\/uploads\\\/web_CU_logo-1.png\",\"contentUrl\":\"https:\\\/\\\/centrourbano.com\\\/revista\\\/wp-content\\\/uploads\\\/web_CU_logo-1.png\",\"width\":350,\"height\":91,\"caption\":\"Centro Urbano\"},\"image\":{\"@id\":\"https:\\\/\\\/centrourbano.com\\\/revista\\\/#\\\/schema\\\/logo\\\/image\\\/\"},\"sameAs\":[\"https:\\\/\\\/www.facebook.com\\\/portalcentrourbano\",\"https:\\\/\\\/x.com\\\/CentroUrbano\",\"https:\\\/\\\/www.instagram.com\\\/centro_urbano\\\/\",\"https:\\\/\\\/www.linkedin.com\\\/company\\\/centro-urbano\\\/\",\"http:\\\/\\\/www.youtube.com\\\/user\\\/portalcentrourbano\"]},{\"@type\":\"Person\",\"@id\":\"https:\\\/\\\/centrourbano.com\\\/revista\\\/#\\\/schema\\\/person\\\/680e7c50f9d6e917e416c9efdc26f996\",\"name\":\"Redacci\u00f3n Centro Urbano\",\"image\":{\"@type\":\"ImageObject\",\"inLanguage\":\"es\",\"@id\":\"https:\\\/\\\/secure.gravatar.com\\\/avatar\\\/15a789f894398c0f311f3a7a2ee28032bbc0483098539da66b6a045aa810bf35?s=96&d=mm&r=g\",\"url\":\"https:\\\/\\\/secure.gravatar.com\\\/avatar\\\/15a789f894398c0f311f3a7a2ee28032bbc0483098539da66b6a045aa810bf35?s=96&d=mm&r=g\",\"contentUrl\":\"https:\\\/\\\/secure.gravatar.com\\\/avatar\\\/15a789f894398c0f311f3a7a2ee28032bbc0483098539da66b6a045aa810bf35?s=96&d=mm&r=g\",\"caption\":\"Redacci\u00f3n Centro Urbano\"},\"url\":\"https:\\\/\\\/centrourbano.com\\\/revista\\\/author\\\/editorial\\\/\"}]}<\/script>\n<!-- \/ Yoast SEO plugin. -->","yoast_head_json":{"title":"David Penchyna asume Direcci\u00f3n del Infonavit -","description":"La Asamblea General lo nombra Director General del Instituto a propuesta del Presidente Enrique Pe\u00f1a Nieto Ciudad de M\u00e9xico, 7 de marzo de 2016. La","robots":{"index":"index","follow":"follow","max-snippet":"max-snippet:-1","max-image-preview":"max-image-preview:large","max-video-preview":"max-video-preview:-1"},"canonical":"https:\/\/centrourbano.com\/revista\/saladeprensa\/david-penchyna-asume-direccion-del-infonavit\/","og_locale":"es_ES","og_type":"article","og_title":"David Penchyna asume Direcci\u00f3n del Infonavit -","og_description":"La Asamblea General lo nombra Director General del Instituto a propuesta del Presidente Enrique Pe\u00f1a Nieto Ciudad de M\u00e9xico, 7 de marzo de 2016. La","og_url":"https:\/\/centrourbano.com\/revista\/saladeprensa\/david-penchyna-asume-direccion-del-infonavit\/","og_site_name":"Centro Urbano","article_publisher":"https:\/\/www.facebook.com\/portalcentrourbano","article_published_time":"2016-03-08T00:00:03+00:00","article_modified_time":"2016-03-09T00:25:19+00:00","og_image":[{"width":350,"height":91,"url":"https:\/\/centrourbano.com\/revista\/wp-content\/uploads\/CU-logo.png","type":"image\/png"}],"author":"Redacci\u00f3n Centro Urbano","twitter_card":"summary_large_image","twitter_creator":"@CentroUrbano","twitter_site":"@CentroUrbano","twitter_misc":{"Escrito por":"Redacci\u00f3n Centro Urbano","Tiempo de lectura":"4 minutos"},"schema":{"@context":"https:\/\/schema.org","@graph":[{"@type":"Article","@id":"https:\/\/centrourbano.com\/revista\/saladeprensa\/david-penchyna-asume-direccion-del-infonavit\/#article","isPartOf":{"@id":"https:\/\/centrourbano.com\/revista\/saladeprensa\/david-penchyna-asume-direccion-del-infonavit\/"},"author":{"name":"Redacci\u00f3n Centro Urbano","@id":"https:\/\/centrourbano.com\/revista\/#\/schema\/person\/680e7c50f9d6e917e416c9efdc26f996"},"headline":"David Penchyna asume Direcci\u00f3n del Infonavit","datePublished":"2016-03-08T00:00:03+00:00","dateModified":"2016-03-09T00:25:19+00:00","mainEntityOfPage":{"@id":"https:\/\/centrourbano.com\/revista\/saladeprensa\/david-penchyna-asume-direccion-del-infonavit\/"},"wordCount":788,"commentCount":0,"publisher":{"@id":"https:\/\/centrourbano.com\/revista\/#organization"},"keywords":["urbano","vivienda+"],"articleSection":["Sala de Prensa"],"inLanguage":"es","potentialAction":[{"@type":"CommentAction","name":"Comment","target":["https:\/\/centrourbano.com\/revista\/saladeprensa\/david-penchyna-asume-direccion-del-infonavit\/#respond"]}]},{"@type":"WebPage","@id":"https:\/\/centrourbano.com\/revista\/saladeprensa\/david-penchyna-asume-direccion-del-infonavit\/","url":"https:\/\/centrourbano.com\/revista\/saladeprensa\/david-penchyna-asume-direccion-del-infonavit\/","name":"David Penchyna asume Direcci\u00f3n del Infonavit -","isPartOf":{"@id":"https:\/\/centrourbano.com\/revista\/#website"},"datePublished":"2016-03-08T00:00:03+00:00","dateModified":"2016-03-09T00:25:19+00:00","description":"La Asamblea General lo nombra Director General del Instituto a propuesta del Presidente Enrique Pe\u00f1a Nieto Ciudad de M\u00e9xico, 7 de marzo de 2016. La","breadcrumb":{"@id":"https:\/\/centrourbano.com\/revista\/saladeprensa\/david-penchyna-asume-direccion-del-infonavit\/#breadcrumb"},"inLanguage":"es","potentialAction":[{"@type":"ReadAction","target":["https:\/\/centrourbano.com\/revista\/saladeprensa\/david-penchyna-asume-direccion-del-infonavit\/"]}]},{"@type":"BreadcrumbList","@id":"https:\/\/centrourbano.com\/revista\/saladeprensa\/david-penchyna-asume-direccion-del-infonavit\/#breadcrumb","itemListElement":[{"@type":"ListItem","position":1,"name":"Portada","item":"https:\/\/centrourbano.com\/revista\/"},{"@type":"ListItem","position":2,"name":"David Penchyna asume Direcci\u00f3n del Infonavit"}]},{"@type":"WebSite","@id":"https:\/\/centrourbano.com\/revista\/#website","url":"https:\/\/centrourbano.com\/revista\/","name":"Centro Urbano","description":"Medio especializado en los sectores vivienda, inmobiliario, construcci\u00f3n, arquitectura y urbanismo.","publisher":{"@id":"https:\/\/centrourbano.com\/revista\/#organization"},"potentialAction":[{"@type":"SearchAction","target":{"@type":"EntryPoint","urlTemplate":"https:\/\/centrourbano.com\/revista\/?s={search_term_string}"},"query-input":{"@type":"PropertyValueSpecification","valueRequired":true,"valueName":"search_term_string"}}],"inLanguage":"es"},{"@type":"Organization","@id":"https:\/\/centrourbano.com\/revista\/#organization","name":"Centro Urbano","url":"https:\/\/centrourbano.com\/revista\/","logo":{"@type":"ImageObject","inLanguage":"es","@id":"https:\/\/centrourbano.com\/revista\/#\/schema\/logo\/image\/","url":"https:\/\/centrourbano.com\/revista\/wp-content\/uploads\/web_CU_logo-1.png","contentUrl":"https:\/\/centrourbano.com\/revista\/wp-content\/uploads\/web_CU_logo-1.png","width":350,"height":91,"caption":"Centro Urbano"},"image":{"@id":"https:\/\/centrourbano.com\/revista\/#\/schema\/logo\/image\/"},"sameAs":["https:\/\/www.facebook.com\/portalcentrourbano","https:\/\/x.com\/CentroUrbano","https:\/\/www.instagram.com\/centro_urbano\/","https:\/\/www.linkedin.com\/company\/centro-urbano\/","http:\/\/www.youtube.com\/user\/portalcentrourbano"]},{"@type":"Person","@id":"https:\/\/centrourbano.com\/revista\/#\/schema\/person\/680e7c50f9d6e917e416c9efdc26f996","name":"Redacci\u00f3n Centro Urbano","image":{"@type":"ImageObject","inLanguage":"es","@id":"https:\/\/secure.gravatar.com\/avatar\/15a789f894398c0f311f3a7a2ee28032bbc0483098539da66b6a045aa810bf35?s=96&d=mm&r=g","url":"https:\/\/secure.gravatar.com\/avatar\/15a789f894398c0f311f3a7a2ee28032bbc0483098539da66b6a045aa810bf35?s=96&d=mm&r=g","contentUrl":"https:\/\/secure.gravatar.com\/avatar\/15a789f894398c0f311f3a7a2ee28032bbc0483098539da66b6a045aa810bf35?s=96&d=mm&r=g","caption":"Redacci\u00f3n Centro Urbano"},"url":"https:\/\/centrourbano.com\/revista\/author\/editorial\/"}]}},"_links":{"self":[{"href":"https:\/\/centrourbano.com\/revista\/wp-json\/wp\/v2\/posts\/31758","targetHints":{"allow":["GET"]}}],"collection":[{"href":"https:\/\/centrourbano.com\/revista\/wp-json\/wp\/v2\/posts"}],"about":[{"href":"https:\/\/centrourbano.com\/revista\/wp-json\/wp\/v2\/types\/post"}],"author":[{"embeddable":true,"href":"https:\/\/centrourbano.com\/revista\/wp-json\/wp\/v2\/users\/14"}],"replies":[{"embeddable":true,"href":"https:\/\/centrourbano.com\/revista\/wp-json\/wp\/v2\/comments?post=31758"}],"version-history":[{"count":0,"href":"https:\/\/centrourbano.com\/revista\/wp-json\/wp\/v2\/posts\/31758\/revisions"}],"wp:attachment":[{"href":"https:\/\/centrourbano.com\/revista\/wp-json\/wp\/v2\/media?parent=31758"}],"wp:term":[{"taxonomy":"category","embeddable":true,"href":"https:\/\/centrourbano.com\/revista\/wp-json\/wp\/v2\/categories?post=31758"},{"taxonomy":"post_tag","embeddable":true,"href":"https:\/\/centrourbano.com\/revista\/wp-json\/wp\/v2\/tags?post=31758"}],"curies":[{"name":"wp","href":"https:\/\/api.w.org\/{rel}","templated":true}]}}