{"id":31654,"date":"2016-03-08T10:24:38","date_gmt":"2016-03-08T16:24:38","guid":{"rendered":"http:\/\/centrourbano.com\/?p=31654"},"modified":"2016-03-08T10:25:07","modified_gmt":"2016-03-08T16:25:07","slug":"amplian-las-fechas-para-realizacion-de-talleres-del-conduse","status":"publish","type":"post","link":"https:\/\/centrourbano.com\/revista\/urbanismo\/amplian-las-fechas-para-realizacion-de-talleres-del-conduse\/","title":{"rendered":"Ampl\u00edan las fechas para realizaci\u00f3n de talleres del Conduse"},"content":{"rendered":"<p><em>Hasta la fecha han participado 2,051 Consejeros en114 mesas de trabajo, donde tambi\u00e9n han participado 878 Organizaciones<\/em><br \/>\n<!--more--><\/p>\n<p>El Gobierno de la Ciudad de M\u00e9xico, a trav\u00e9s de Consejer\u00eda Jur\u00eddica y de Servicios Legales, por medio de la la Gaceta Oficial de la Ciudad de M\u00e9xico, dio a conocer que se ampliar\u00e1 el plazo para dar la realizaci\u00f3n de los diversos talleres en los que han participado diversas asociaciones sociales, pol\u00edticas y culturales para la realizaci\u00f3n del Consejo para el Desarrollo Urbano Sustentable (Conduse).<\/p>\n<p>El titular de la Secretar\u00eda de Desarrollo Urbano y Vivienda del Gobierno local, Felipe De Jes\u00fas Guti\u00e9rrez Guti\u00e9rrez, dio a conocer que la medida se tom\u00f3 considerando que los Programas de Desarrollo Urbano constituyen un instrumento indispensable para orientar el desarrollo urbano y el ordenamiento territorial y mejorar la calidad de vida, en un marco de integraci\u00f3n nacional y regional equilibrado, mediante la planeaci\u00f3n del desarrollo urbano sustentable, el ordenamiento territorial, el impulso al desarrollo econ\u00f3mico y la disminuci\u00f3n de las desigualdades sociales.<\/p>\n<p>Afirm\u00f3 el titular de Seduvi a trav\u00e9s de la Gaceta que se debe seguir impulsando la participaci\u00f3n ciudadana mediante consulta p\u00fablica, en la elaboraci\u00f3n y modificaci\u00f3n de los programas, as\u00ed como recibir, evaluar y atender las propuestas que en esta materia les sean presentadas por los sectores privado y social, conforme a lo previsto por el art\u00edculo 7 fracci\u00f3n III de la Ley de Desarrollo Urbano del Distrito Federal para que los habitantes de la Ciudad participen en su formulaci\u00f3n.<\/p>\n<p>Como se recordar\u00e1, el 7 de octubre de 2014 se public\u00f3 en la Gaceta Oficial del Distrito Federal el Aviso por el que se informa al p\u00fablico en general del inicio de los trabajos para la formulaci\u00f3n del Proyecto de Programa General de Desarrollo Urbano del Distrito Federal, temas que tambi\u00e9n tendr\u00e1 vinculaci\u00f3n con los pendientes en vivienda.<\/p>\n<p>En la Gaceta tambi\u00e9n se informa que se han realizado junto con la ciudadan\u00eda 3 Talleres de Participaci\u00f3n Ciudadana, denominados \u201cDiagn\u00f3stico Ciudadano\u201d, \u201cImagen Objetivo\u201d y \u201cEstrategias\u201d; presentando resultados en 3 Sesiones Plenarias y se dio inici\u00f3 a las actividades del denominado \u201cConduse Viajero\u201d, con un Primer Foro Tem\u00e1tico de \u201cMovilidad Urbana\u201d en coordinaci\u00f3n con la Secretar\u00eda de Movilidad y la Asociaci\u00f3n Mexicana de Transporte y Movilidad (Semovi).<\/p>\n<p>Se mencion\u00f3 adem\u00e1s que  en el presente a\u00f1o se realiz\u00f3 el Cuarto Taller denominado \u201cModelo de Ciudad\u201d y el Segundo Foro Tem\u00e1tico del \u201cConduse Viajero\u201d de \u201cPueblos y Barrios Originarios\u201d; informando para tal efecto que en los trabajos realizados a la fecha han participado 2,051 Consejeros y se han llevado a cabo 114 mesas de trabajo, participado 878 Organizaciones e Instituciones de los sectores acad\u00e9mico, social, p\u00fablico, privado y legislativo, por lo que se extender\u00e1 el plazo para continuar con la realizaci\u00f3n de estos talleres hasta el 30 de junio del 2016.<\/p>\n","protected":false},"excerpt":{"rendered":"<p>Hasta la fecha han participado 2,051 Consejeros en114 mesas de trabajo, donde tambi\u00e9n han participado 878 Organizaciones<\/p>\n","protected":false},"author":28,"featured_media":31655,"comment_status":"open","ping_status":"closed","sticky":false,"template":"","format":"standard","meta":{"om_disable_all_campaigns":false,"inline_featured_image":false,"_monsterinsights_skip_tracking":false,"_monsterinsights_sitenote_active":false,"_monsterinsights_sitenote_note":"","_monsterinsights_sitenote_category":0,"footnotes":""},"categories":[82],"tags":[290,3410,487,126,516,5737],"class_list":["post-31654","post","type-post","status-publish","format-standard","has-post-thumbnail","hentry","category-urbanismo","tag-ciudad-de-mexico","tag-felipe-de-jesus-gutierrez","tag-movilidad","tag-seduvi","tag-urbano","tag-vivienda"],"yoast_head":"<!-- This site is optimized with the Yoast SEO plugin v27.4 - https:\/\/yoast.com\/product\/yoast-seo-wordpress\/ -->\n<title>Ampl\u00edan las fechas para realizaci\u00f3n de talleres del Conduse -<\/title>\n<meta name=\"description\" content=\"Hasta la fecha han participado 2,051 Consejeros en114 mesas de trabajo, donde tambi\u00e9n han participado 878 Organizaciones El Gobierno de la Ciudad de\" \/>\n<meta name=\"robots\" content=\"index, follow, max-snippet:-1, max-image-preview:large, max-video-preview:-1\" \/>\n<link rel=\"canonical\" href=\"https:\/\/centrourbano.com\/revista\/urbanismo\/amplian-las-fechas-para-realizacion-de-talleres-del-conduse\/\" \/>\n<meta property=\"og:locale\" content=\"es_ES\" \/>\n<meta property=\"og:type\" content=\"article\" \/>\n<meta property=\"og:title\" content=\"Ampl\u00edan las fechas para realizaci\u00f3n de talleres del Conduse -\" \/>\n<meta property=\"og:description\" content=\"Hasta la fecha han participado 2,051 Consejeros en114 mesas de trabajo, donde tambi\u00e9n han participado 878 Organizaciones El Gobierno de la Ciudad de\" \/>\n<meta property=\"og:url\" content=\"https:\/\/centrourbano.com\/revista\/urbanismo\/amplian-las-fechas-para-realizacion-de-talleres-del-conduse\/\" \/>\n<meta property=\"og:site_name\" content=\"Centro Urbano\" \/>\n<meta property=\"article:publisher\" content=\"https:\/\/www.facebook.com\/portalcentrourbano\" \/>\n<meta property=\"article:published_time\" content=\"2016-03-08T16:24:38+00:00\" \/>\n<meta property=\"article:modified_time\" content=\"2016-03-08T16:25:07+00:00\" \/>\n<meta property=\"og:image\" content=\"https:\/\/centrourbano.com\/revista\/wp-content\/uploads\/300915-FOTO-MIGUEL-\u00c1NGEL-MANCERA-CONDUSE-3-1.jpeg\" \/>\n\t<meta property=\"og:image:width\" content=\"1620\" \/>\n\t<meta property=\"og:image:height\" content=\"1080\" \/>\n\t<meta property=\"og:image:type\" content=\"image\/jpeg\" \/>\n<meta name=\"author\" content=\"Mario V\u00e1zquez Barrios\" \/>\n<meta name=\"twitter:card\" content=\"summary_large_image\" \/>\n<meta name=\"twitter:creator\" content=\"@MarioDeNiro\" \/>\n<meta name=\"twitter:site\" content=\"@CentroUrbano\" \/>\n<meta name=\"twitter:label1\" content=\"Escrito por\" \/>\n\t<meta name=\"twitter:data1\" content=\"Mario V\u00e1zquez Barrios\" \/>\n\t<meta name=\"twitter:label2\" content=\"Tiempo de lectura\" \/>\n\t<meta name=\"twitter:data2\" content=\"2 minutos\" \/>\n<script type=\"application\/ld+json\" class=\"yoast-schema-graph\">{\"@context\":\"https:\\\/\\\/schema.org\",\"@graph\":[{\"@type\":\"Article\",\"@id\":\"https:\\\/\\\/centrourbano.com\\\/revista\\\/urbanismo\\\/amplian-las-fechas-para-realizacion-de-talleres-del-conduse\\\/#article\",\"isPartOf\":{\"@id\":\"https:\\\/\\\/centrourbano.com\\\/revista\\\/urbanismo\\\/amplian-las-fechas-para-realizacion-de-talleres-del-conduse\\\/\"},\"author\":{\"name\":\"Mario V\u00e1zquez Barrios\",\"@id\":\"https:\\\/\\\/centrourbano.com\\\/revista\\\/#\\\/schema\\\/person\\\/71e020a5b63ca4230c0f1228a36cde93\"},\"headline\":\"Ampl\u00edan las fechas para realizaci\u00f3n de talleres del Conduse\",\"datePublished\":\"2016-03-08T16:24:38+00:00\",\"dateModified\":\"2016-03-08T16:25:07+00:00\",\"mainEntityOfPage\":{\"@id\":\"https:\\\/\\\/centrourbano.com\\\/revista\\\/urbanismo\\\/amplian-las-fechas-para-realizacion-de-talleres-del-conduse\\\/\"},\"wordCount\":505,\"commentCount\":0,\"publisher\":{\"@id\":\"https:\\\/\\\/centrourbano.com\\\/revista\\\/#organization\"},\"image\":{\"@id\":\"https:\\\/\\\/centrourbano.com\\\/revista\\\/urbanismo\\\/amplian-las-fechas-para-realizacion-de-talleres-del-conduse\\\/#primaryimage\"},\"thumbnailUrl\":\"https:\\\/\\\/centrourbano.com\\\/revista\\\/wp-content\\\/uploads\\\/300915-FOTO-MIGUEL-\u00c1NGEL-MANCERA-CONDUSE-3-1.jpeg\",\"keywords\":[\"ciudad de M\u00e9xico\",\"Felipe de Jes\u00fas Guti\u00e9rrez\",\"movilidad\",\"Seduvi\",\"urbano\",\"vivienda+\"],\"articleSection\":[\"Urbanismo\"],\"inLanguage\":\"es\",\"potentialAction\":[{\"@type\":\"CommentAction\",\"name\":\"Comment\",\"target\":[\"https:\\\/\\\/centrourbano.com\\\/revista\\\/urbanismo\\\/amplian-las-fechas-para-realizacion-de-talleres-del-conduse\\\/#respond\"]}]},{\"@type\":\"WebPage\",\"@id\":\"https:\\\/\\\/centrourbano.com\\\/revista\\\/urbanismo\\\/amplian-las-fechas-para-realizacion-de-talleres-del-conduse\\\/\",\"url\":\"https:\\\/\\\/centrourbano.com\\\/revista\\\/urbanismo\\\/amplian-las-fechas-para-realizacion-de-talleres-del-conduse\\\/\",\"name\":\"Ampl\u00edan las fechas para realizaci\u00f3n de talleres del Conduse -\",\"isPartOf\":{\"@id\":\"https:\\\/\\\/centrourbano.com\\\/revista\\\/#website\"},\"primaryImageOfPage\":{\"@id\":\"https:\\\/\\\/centrourbano.com\\\/revista\\\/urbanismo\\\/amplian-las-fechas-para-realizacion-de-talleres-del-conduse\\\/#primaryimage\"},\"image\":{\"@id\":\"https:\\\/\\\/centrourbano.com\\\/revista\\\/urbanismo\\\/amplian-las-fechas-para-realizacion-de-talleres-del-conduse\\\/#primaryimage\"},\"thumbnailUrl\":\"https:\\\/\\\/centrourbano.com\\\/revista\\\/wp-content\\\/uploads\\\/300915-FOTO-MIGUEL-\u00c1NGEL-MANCERA-CONDUSE-3-1.jpeg\",\"datePublished\":\"2016-03-08T16:24:38+00:00\",\"dateModified\":\"2016-03-08T16:25:07+00:00\",\"description\":\"Hasta la fecha han participado 2,051 Consejeros en114 mesas de trabajo, donde tambi\u00e9n han participado 878 Organizaciones El Gobierno de la Ciudad de\",\"breadcrumb\":{\"@id\":\"https:\\\/\\\/centrourbano.com\\\/revista\\\/urbanismo\\\/amplian-las-fechas-para-realizacion-de-talleres-del-conduse\\\/#breadcrumb\"},\"inLanguage\":\"es\",\"potentialAction\":[{\"@type\":\"ReadAction\",\"target\":[\"https:\\\/\\\/centrourbano.com\\\/revista\\\/urbanismo\\\/amplian-las-fechas-para-realizacion-de-talleres-del-conduse\\\/\"]}]},{\"@type\":\"ImageObject\",\"inLanguage\":\"es\",\"@id\":\"https:\\\/\\\/centrourbano.com\\\/revista\\\/urbanismo\\\/amplian-las-fechas-para-realizacion-de-talleres-del-conduse\\\/#primaryimage\",\"url\":\"https:\\\/\\\/centrourbano.com\\\/revista\\\/wp-content\\\/uploads\\\/300915-FOTO-MIGUEL-\u00c1NGEL-MANCERA-CONDUSE-3-1.jpeg\",\"contentUrl\":\"https:\\\/\\\/centrourbano.com\\\/revista\\\/wp-content\\\/uploads\\\/300915-FOTO-MIGUEL-\u00c1NGEL-MANCERA-CONDUSE-3-1.jpeg\",\"width\":1620,\"height\":1080},{\"@type\":\"BreadcrumbList\",\"@id\":\"https:\\\/\\\/centrourbano.com\\\/revista\\\/urbanismo\\\/amplian-las-fechas-para-realizacion-de-talleres-del-conduse\\\/#breadcrumb\",\"itemListElement\":[{\"@type\":\"ListItem\",\"position\":1,\"name\":\"Portada\",\"item\":\"https:\\\/\\\/centrourbano.com\\\/revista\\\/\"},{\"@type\":\"ListItem\",\"position\":2,\"name\":\"Ampl\u00edan las fechas para realizaci\u00f3n de talleres del Conduse\"}]},{\"@type\":\"WebSite\",\"@id\":\"https:\\\/\\\/centrourbano.com\\\/revista\\\/#website\",\"url\":\"https:\\\/\\\/centrourbano.com\\\/revista\\\/\",\"name\":\"Centro Urbano\",\"description\":\"Medio especializado en los sectores vivienda, inmobiliario, construcci\u00f3n, arquitectura y urbanismo.\",\"publisher\":{\"@id\":\"https:\\\/\\\/centrourbano.com\\\/revista\\\/#organization\"},\"potentialAction\":[{\"@type\":\"SearchAction\",\"target\":{\"@type\":\"EntryPoint\",\"urlTemplate\":\"https:\\\/\\\/centrourbano.com\\\/revista\\\/?s={search_term_string}\"},\"query-input\":{\"@type\":\"PropertyValueSpecification\",\"valueRequired\":true,\"valueName\":\"search_term_string\"}}],\"inLanguage\":\"es\"},{\"@type\":\"Organization\",\"@id\":\"https:\\\/\\\/centrourbano.com\\\/revista\\\/#organization\",\"name\":\"Centro Urbano\",\"url\":\"https:\\\/\\\/centrourbano.com\\\/revista\\\/\",\"logo\":{\"@type\":\"ImageObject\",\"inLanguage\":\"es\",\"@id\":\"https:\\\/\\\/centrourbano.com\\\/revista\\\/#\\\/schema\\\/logo\\\/image\\\/\",\"url\":\"https:\\\/\\\/centrourbano.com\\\/revista\\\/wp-content\\\/uploads\\\/web_CU_logo-1.png\",\"contentUrl\":\"https:\\\/\\\/centrourbano.com\\\/revista\\\/wp-content\\\/uploads\\\/web_CU_logo-1.png\",\"width\":350,\"height\":91,\"caption\":\"Centro Urbano\"},\"image\":{\"@id\":\"https:\\\/\\\/centrourbano.com\\\/revista\\\/#\\\/schema\\\/logo\\\/image\\\/\"},\"sameAs\":[\"https:\\\/\\\/www.facebook.com\\\/portalcentrourbano\",\"https:\\\/\\\/x.com\\\/CentroUrbano\",\"https:\\\/\\\/www.instagram.com\\\/centro_urbano\\\/\",\"https:\\\/\\\/www.linkedin.com\\\/company\\\/centro-urbano\\\/\",\"http:\\\/\\\/www.youtube.com\\\/user\\\/portalcentrourbano\"]},{\"@type\":\"Person\",\"@id\":\"https:\\\/\\\/centrourbano.com\\\/revista\\\/#\\\/schema\\\/person\\\/71e020a5b63ca4230c0f1228a36cde93\",\"name\":\"Mario V\u00e1zquez Barrios\",\"image\":{\"@type\":\"ImageObject\",\"inLanguage\":\"es\",\"@id\":\"https:\\\/\\\/secure.gravatar.com\\\/avatar\\\/347e6d9c0b04f0194ca244ba64b0fe62752d716a3a93d1713bd259eb87aad5b6?s=96&d=mm&r=g\",\"url\":\"https:\\\/\\\/secure.gravatar.com\\\/avatar\\\/347e6d9c0b04f0194ca244ba64b0fe62752d716a3a93d1713bd259eb87aad5b6?s=96&d=mm&r=g\",\"contentUrl\":\"https:\\\/\\\/secure.gravatar.com\\\/avatar\\\/347e6d9c0b04f0194ca244ba64b0fe62752d716a3a93d1713bd259eb87aad5b6?s=96&d=mm&r=g\",\"caption\":\"Mario V\u00e1zquez Barrios\"},\"description\":\"Me inici\u00e9 en El Financiero haciendo reportajes; en MegaNoticias Televisi\u00f3n fui reportero titular; en EMedios, control de calidad; y Radio 13 Noticias me acogi\u00f3 como colaborador. Me gusta encontrar en las banquetas la nota, una entrevista y el inicio de un reportaje.\",\"sameAs\":[\"https:\\\/\\\/x.com\\\/@MarioDeNiro\"],\"url\":\"https:\\\/\\\/centrourbano.com\\\/revista\\\/author\\\/mario-vazquez\\\/\"}]}<\/script>\n<!-- \/ Yoast SEO plugin. -->","yoast_head_json":{"title":"Ampl\u00edan las fechas para realizaci\u00f3n de talleres del Conduse -","description":"Hasta la fecha han participado 2,051 Consejeros en114 mesas de trabajo, donde tambi\u00e9n han participado 878 Organizaciones El Gobierno de la Ciudad de","robots":{"index":"index","follow":"follow","max-snippet":"max-snippet:-1","max-image-preview":"max-image-preview:large","max-video-preview":"max-video-preview:-1"},"canonical":"https:\/\/centrourbano.com\/revista\/urbanismo\/amplian-las-fechas-para-realizacion-de-talleres-del-conduse\/","og_locale":"es_ES","og_type":"article","og_title":"Ampl\u00edan las fechas para realizaci\u00f3n de talleres del Conduse -","og_description":"Hasta la fecha han participado 2,051 Consejeros en114 mesas de trabajo, donde tambi\u00e9n han participado 878 Organizaciones El Gobierno de la Ciudad de","og_url":"https:\/\/centrourbano.com\/revista\/urbanismo\/amplian-las-fechas-para-realizacion-de-talleres-del-conduse\/","og_site_name":"Centro Urbano","article_publisher":"https:\/\/www.facebook.com\/portalcentrourbano","article_published_time":"2016-03-08T16:24:38+00:00","article_modified_time":"2016-03-08T16:25:07+00:00","og_image":[{"width":1620,"height":1080,"url":"https:\/\/centrourbano.com\/revista\/wp-content\/uploads\/300915-FOTO-MIGUEL-\u00c1NGEL-MANCERA-CONDUSE-3-1.jpeg","type":"image\/jpeg"}],"author":"Mario V\u00e1zquez Barrios","twitter_card":"summary_large_image","twitter_creator":"@MarioDeNiro","twitter_site":"@CentroUrbano","twitter_misc":{"Escrito por":"Mario V\u00e1zquez Barrios","Tiempo de lectura":"2 minutos"},"schema":{"@context":"https:\/\/schema.org","@graph":[{"@type":"Article","@id":"https:\/\/centrourbano.com\/revista\/urbanismo\/amplian-las-fechas-para-realizacion-de-talleres-del-conduse\/#article","isPartOf":{"@id":"https:\/\/centrourbano.com\/revista\/urbanismo\/amplian-las-fechas-para-realizacion-de-talleres-del-conduse\/"},"author":{"name":"Mario V\u00e1zquez Barrios","@id":"https:\/\/centrourbano.com\/revista\/#\/schema\/person\/71e020a5b63ca4230c0f1228a36cde93"},"headline":"Ampl\u00edan las fechas para realizaci\u00f3n de talleres del Conduse","datePublished":"2016-03-08T16:24:38+00:00","dateModified":"2016-03-08T16:25:07+00:00","mainEntityOfPage":{"@id":"https:\/\/centrourbano.com\/revista\/urbanismo\/amplian-las-fechas-para-realizacion-de-talleres-del-conduse\/"},"wordCount":505,"commentCount":0,"publisher":{"@id":"https:\/\/centrourbano.com\/revista\/#organization"},"image":{"@id":"https:\/\/centrourbano.com\/revista\/urbanismo\/amplian-las-fechas-para-realizacion-de-talleres-del-conduse\/#primaryimage"},"thumbnailUrl":"https:\/\/centrourbano.com\/revista\/wp-content\/uploads\/300915-FOTO-MIGUEL-\u00c1NGEL-MANCERA-CONDUSE-3-1.jpeg","keywords":["ciudad de M\u00e9xico","Felipe de Jes\u00fas Guti\u00e9rrez","movilidad","Seduvi","urbano","vivienda+"],"articleSection":["Urbanismo"],"inLanguage":"es","potentialAction":[{"@type":"CommentAction","name":"Comment","target":["https:\/\/centrourbano.com\/revista\/urbanismo\/amplian-las-fechas-para-realizacion-de-talleres-del-conduse\/#respond"]}]},{"@type":"WebPage","@id":"https:\/\/centrourbano.com\/revista\/urbanismo\/amplian-las-fechas-para-realizacion-de-talleres-del-conduse\/","url":"https:\/\/centrourbano.com\/revista\/urbanismo\/amplian-las-fechas-para-realizacion-de-talleres-del-conduse\/","name":"Ampl\u00edan las fechas para realizaci\u00f3n de talleres del Conduse -","isPartOf":{"@id":"https:\/\/centrourbano.com\/revista\/#website"},"primaryImageOfPage":{"@id":"https:\/\/centrourbano.com\/revista\/urbanismo\/amplian-las-fechas-para-realizacion-de-talleres-del-conduse\/#primaryimage"},"image":{"@id":"https:\/\/centrourbano.com\/revista\/urbanismo\/amplian-las-fechas-para-realizacion-de-talleres-del-conduse\/#primaryimage"},"thumbnailUrl":"https:\/\/centrourbano.com\/revista\/wp-content\/uploads\/300915-FOTO-MIGUEL-\u00c1NGEL-MANCERA-CONDUSE-3-1.jpeg","datePublished":"2016-03-08T16:24:38+00:00","dateModified":"2016-03-08T16:25:07+00:00","description":"Hasta la fecha han participado 2,051 Consejeros en114 mesas de trabajo, donde tambi\u00e9n han participado 878 Organizaciones El Gobierno de la Ciudad de","breadcrumb":{"@id":"https:\/\/centrourbano.com\/revista\/urbanismo\/amplian-las-fechas-para-realizacion-de-talleres-del-conduse\/#breadcrumb"},"inLanguage":"es","potentialAction":[{"@type":"ReadAction","target":["https:\/\/centrourbano.com\/revista\/urbanismo\/amplian-las-fechas-para-realizacion-de-talleres-del-conduse\/"]}]},{"@type":"ImageObject","inLanguage":"es","@id":"https:\/\/centrourbano.com\/revista\/urbanismo\/amplian-las-fechas-para-realizacion-de-talleres-del-conduse\/#primaryimage","url":"https:\/\/centrourbano.com\/revista\/wp-content\/uploads\/300915-FOTO-MIGUEL-\u00c1NGEL-MANCERA-CONDUSE-3-1.jpeg","contentUrl":"https:\/\/centrourbano.com\/revista\/wp-content\/uploads\/300915-FOTO-MIGUEL-\u00c1NGEL-MANCERA-CONDUSE-3-1.jpeg","width":1620,"height":1080},{"@type":"BreadcrumbList","@id":"https:\/\/centrourbano.com\/revista\/urbanismo\/amplian-las-fechas-para-realizacion-de-talleres-del-conduse\/#breadcrumb","itemListElement":[{"@type":"ListItem","position":1,"name":"Portada","item":"https:\/\/centrourbano.com\/revista\/"},{"@type":"ListItem","position":2,"name":"Ampl\u00edan las fechas para realizaci\u00f3n de talleres del Conduse"}]},{"@type":"WebSite","@id":"https:\/\/centrourbano.com\/revista\/#website","url":"https:\/\/centrourbano.com\/revista\/","name":"Centro Urbano","description":"Medio especializado en los sectores vivienda, inmobiliario, construcci\u00f3n, arquitectura y urbanismo.","publisher":{"@id":"https:\/\/centrourbano.com\/revista\/#organization"},"potentialAction":[{"@type":"SearchAction","target":{"@type":"EntryPoint","urlTemplate":"https:\/\/centrourbano.com\/revista\/?s={search_term_string}"},"query-input":{"@type":"PropertyValueSpecification","valueRequired":true,"valueName":"search_term_string"}}],"inLanguage":"es"},{"@type":"Organization","@id":"https:\/\/centrourbano.com\/revista\/#organization","name":"Centro Urbano","url":"https:\/\/centrourbano.com\/revista\/","logo":{"@type":"ImageObject","inLanguage":"es","@id":"https:\/\/centrourbano.com\/revista\/#\/schema\/logo\/image\/","url":"https:\/\/centrourbano.com\/revista\/wp-content\/uploads\/web_CU_logo-1.png","contentUrl":"https:\/\/centrourbano.com\/revista\/wp-content\/uploads\/web_CU_logo-1.png","width":350,"height":91,"caption":"Centro Urbano"},"image":{"@id":"https:\/\/centrourbano.com\/revista\/#\/schema\/logo\/image\/"},"sameAs":["https:\/\/www.facebook.com\/portalcentrourbano","https:\/\/x.com\/CentroUrbano","https:\/\/www.instagram.com\/centro_urbano\/","https:\/\/www.linkedin.com\/company\/centro-urbano\/","http:\/\/www.youtube.com\/user\/portalcentrourbano"]},{"@type":"Person","@id":"https:\/\/centrourbano.com\/revista\/#\/schema\/person\/71e020a5b63ca4230c0f1228a36cde93","name":"Mario V\u00e1zquez Barrios","image":{"@type":"ImageObject","inLanguage":"es","@id":"https:\/\/secure.gravatar.com\/avatar\/347e6d9c0b04f0194ca244ba64b0fe62752d716a3a93d1713bd259eb87aad5b6?s=96&d=mm&r=g","url":"https:\/\/secure.gravatar.com\/avatar\/347e6d9c0b04f0194ca244ba64b0fe62752d716a3a93d1713bd259eb87aad5b6?s=96&d=mm&r=g","contentUrl":"https:\/\/secure.gravatar.com\/avatar\/347e6d9c0b04f0194ca244ba64b0fe62752d716a3a93d1713bd259eb87aad5b6?s=96&d=mm&r=g","caption":"Mario V\u00e1zquez Barrios"},"description":"Me inici\u00e9 en El Financiero haciendo reportajes; en MegaNoticias Televisi\u00f3n fui reportero titular; en EMedios, control de calidad; y Radio 13 Noticias me acogi\u00f3 como colaborador. Me gusta encontrar en las banquetas la nota, una entrevista y el inicio de un reportaje.","sameAs":["https:\/\/x.com\/@MarioDeNiro"],"url":"https:\/\/centrourbano.com\/revista\/author\/mario-vazquez\/"}]}},"_links":{"self":[{"href":"https:\/\/centrourbano.com\/revista\/wp-json\/wp\/v2\/posts\/31654","targetHints":{"allow":["GET"]}}],"collection":[{"href":"https:\/\/centrourbano.com\/revista\/wp-json\/wp\/v2\/posts"}],"about":[{"href":"https:\/\/centrourbano.com\/revista\/wp-json\/wp\/v2\/types\/post"}],"author":[{"embeddable":true,"href":"https:\/\/centrourbano.com\/revista\/wp-json\/wp\/v2\/users\/28"}],"replies":[{"embeddable":true,"href":"https:\/\/centrourbano.com\/revista\/wp-json\/wp\/v2\/comments?post=31654"}],"version-history":[{"count":0,"href":"https:\/\/centrourbano.com\/revista\/wp-json\/wp\/v2\/posts\/31654\/revisions"}],"wp:featuredmedia":[{"embeddable":true,"href":"https:\/\/centrourbano.com\/revista\/wp-json\/wp\/v2\/media\/31655"}],"wp:attachment":[{"href":"https:\/\/centrourbano.com\/revista\/wp-json\/wp\/v2\/media?parent=31654"}],"wp:term":[{"taxonomy":"category","embeddable":true,"href":"https:\/\/centrourbano.com\/revista\/wp-json\/wp\/v2\/categories?post=31654"},{"taxonomy":"post_tag","embeddable":true,"href":"https:\/\/centrourbano.com\/revista\/wp-json\/wp\/v2\/tags?post=31654"}],"curies":[{"name":"wp","href":"https:\/\/api.w.org\/{rel}","templated":true}]}}