{"id":31649,"date":"2016-03-08T10:16:27","date_gmt":"2016-03-08T16:16:27","guid":{"rendered":"http:\/\/centrourbano.com\/?p=31649"},"modified":"2016-03-08T10:16:27","modified_gmt":"2016-03-08T16:16:27","slug":"nombra-wal-mart-a-nuevo-jefe-de-operaciones-en-el-pais","status":"publish","type":"post","link":"https:\/\/centrourbano.com\/revista\/inmobiliario\/nombra-wal-mart-a-nuevo-jefe-de-operaciones-en-el-pais\/","title":{"rendered":"Nombra Wal-Mart a nuevo jefe de operaciones en el pa\u00eds"},"content":{"rendered":"<p><em>Tomar\u00e1 posesi\u00f3n del cargo oficialmente el 1 de abril<\/em><br \/>\n<!--more--><\/p>\n<p>La cadena de supermercados Wal-Mart anunci\u00f3 en un comunicado enviado a la Bolsa Mexicana de Valores (BMV), el nombramiento de su nuevo jefe de operaciones en M\u00e9xico, Tood Harbauhg quien comenzar\u00e1 a realizar sus operaciones a cargo de la divisi\u00f3n de autoservicio  oficialmente el 1 de abril de este a\u00f1o.<\/p>\n<p>Wal- Mart inform\u00f3 que la divisi\u00f3n de Autoservicios incluye los negocios de Bodega Aurrera, Wal-Mart y Superama, el \u00e1rea de Log\u00edstica y Distribuci\u00f3n, y seguir\u00e1 siendo responsable de Sam&#8217;s Club.<\/p>\n<p>El director general de la cadena en el pa\u00eds Guilherme Loureiro, dijo que se requiere seguir re energizando a la compa\u00f1\u00eda para aprovechar las oportunidades en M\u00e9xico y Centroam\u00e9rica.<\/p>\n<p>Subray\u00f3 que \u00abel liderazgo, visi\u00f3n estrat\u00e9gica y capacidad de ejecuci\u00f3n que Todd ha demostrado ser\u00e1n clave para seguir marcando la diferencia en todos los formatos de negocio, impulsando sinergias entre ellos y manteni\u00e9ndonos siempre enfocados en crear valor para nuestros clientes y socios\u00bb. <\/p>\n","protected":false},"excerpt":{"rendered":"<p>Tomar\u00e1 posesi\u00f3n del cargo oficialmente el 1 de abril<\/p>\n","protected":false},"author":36,"featured_media":31651,"comment_status":"open","ping_status":"closed","sticky":false,"template":"","format":"standard","meta":{"om_disable_all_campaigns":false,"inline_featured_image":false,"_monsterinsights_skip_tracking":false,"_monsterinsights_sitenote_active":false,"_monsterinsights_sitenote_note":"","_monsterinsights_sitenote_category":0,"footnotes":""},"categories":[15],"tags":[7855,407,6329,6610,1504],"class_list":["post-31649","post","type-post","status-publish","format-standard","has-post-thumbnail","hentry","category-inmobiliario","tag-aurrera","tag-bmv","tag-superama","tag-supermercados","tag-wal-mart"],"yoast_head":"<!-- This site is optimized with the Yoast SEO plugin v27.4 - https:\/\/yoast.com\/product\/yoast-seo-wordpress\/ -->\n<title>Nombra Wal-Mart a nuevo jefe de operaciones en el pa\u00eds -<\/title>\n<meta name=\"description\" content=\"Tomar\u00e1 posesi\u00f3n del cargo oficialmente el 1 de abril La cadena de supermercados Wal-Mart anunci\u00f3 en un comunicado enviado a la Bolsa Mexicana de Valores\" \/>\n<meta name=\"robots\" content=\"index, follow, max-snippet:-1, max-image-preview:large, max-video-preview:-1\" \/>\n<link rel=\"canonical\" href=\"https:\/\/centrourbano.com\/revista\/inmobiliario\/nombra-wal-mart-a-nuevo-jefe-de-operaciones-en-el-pais\/\" \/>\n<meta property=\"og:locale\" content=\"es_ES\" \/>\n<meta property=\"og:type\" content=\"article\" \/>\n<meta property=\"og:title\" content=\"Nombra Wal-Mart a nuevo jefe de operaciones en el pa\u00eds -\" \/>\n<meta property=\"og:description\" content=\"Tomar\u00e1 posesi\u00f3n del cargo oficialmente el 1 de abril La cadena de supermercados Wal-Mart anunci\u00f3 en un comunicado enviado a la Bolsa Mexicana de Valores\" \/>\n<meta property=\"og:url\" content=\"https:\/\/centrourbano.com\/revista\/inmobiliario\/nombra-wal-mart-a-nuevo-jefe-de-operaciones-en-el-pais\/\" \/>\n<meta property=\"og:site_name\" content=\"Centro Urbano\" \/>\n<meta property=\"article:publisher\" content=\"https:\/\/www.facebook.com\/portalcentrourbano\" \/>\n<meta property=\"article:published_time\" content=\"2016-03-08T16:16:27+00:00\" \/>\n<meta property=\"og:image\" content=\"https:\/\/centrourbano.com\/revista\/wp-content\/uploads\/WalMart_Supercenter_Albany-e1457453748258.jpg\" \/>\n\t<meta property=\"og:image:width\" content=\"580\" \/>\n\t<meta property=\"og:image:height\" content=\"327\" \/>\n\t<meta property=\"og:image:type\" content=\"image\/jpeg\" \/>\n<meta name=\"author\" content=\"Yareth Casanova\" \/>\n<meta name=\"twitter:card\" content=\"summary_large_image\" \/>\n<meta name=\"twitter:creator\" content=\"@CentroUrbano\" \/>\n<meta name=\"twitter:site\" content=\"@CentroUrbano\" \/>\n<meta name=\"twitter:label1\" content=\"Escrito por\" \/>\n\t<meta name=\"twitter:data1\" content=\"Yareth Casanova\" \/>\n\t<meta name=\"twitter:label2\" content=\"Tiempo de lectura\" \/>\n\t<meta name=\"twitter:data2\" content=\"1 minuto\" \/>\n<script type=\"application\/ld+json\" class=\"yoast-schema-graph\">{\"@context\":\"https:\\\/\\\/schema.org\",\"@graph\":[{\"@type\":\"Article\",\"@id\":\"https:\\\/\\\/centrourbano.com\\\/revista\\\/inmobiliario\\\/nombra-wal-mart-a-nuevo-jefe-de-operaciones-en-el-pais\\\/#article\",\"isPartOf\":{\"@id\":\"https:\\\/\\\/centrourbano.com\\\/revista\\\/inmobiliario\\\/nombra-wal-mart-a-nuevo-jefe-de-operaciones-en-el-pais\\\/\"},\"author\":{\"name\":\"Yareth Casanova\",\"@id\":\"https:\\\/\\\/centrourbano.com\\\/revista\\\/#\\\/schema\\\/person\\\/fa3124fc7c30aaf90c5e85dc5ce88a3d\"},\"headline\":\"Nombra Wal-Mart a nuevo jefe de operaciones en el pa\u00eds\",\"datePublished\":\"2016-03-08T16:16:27+00:00\",\"mainEntityOfPage\":{\"@id\":\"https:\\\/\\\/centrourbano.com\\\/revista\\\/inmobiliario\\\/nombra-wal-mart-a-nuevo-jefe-de-operaciones-en-el-pais\\\/\"},\"wordCount\":187,\"commentCount\":0,\"publisher\":{\"@id\":\"https:\\\/\\\/centrourbano.com\\\/revista\\\/#organization\"},\"image\":{\"@id\":\"https:\\\/\\\/centrourbano.com\\\/revista\\\/inmobiliario\\\/nombra-wal-mart-a-nuevo-jefe-de-operaciones-en-el-pais\\\/#primaryimage\"},\"thumbnailUrl\":\"https:\\\/\\\/centrourbano.com\\\/revista\\\/wp-content\\\/uploads\\\/WalMart_Supercenter_Albany-e1457453748258.jpg\",\"keywords\":[\"Aurrera\",\"BMV\",\"Superama\",\"supermercados.\",\"Wal-Mart\"],\"articleSection\":[\"Inmobiliario\"],\"inLanguage\":\"es\",\"potentialAction\":[{\"@type\":\"CommentAction\",\"name\":\"Comment\",\"target\":[\"https:\\\/\\\/centrourbano.com\\\/revista\\\/inmobiliario\\\/nombra-wal-mart-a-nuevo-jefe-de-operaciones-en-el-pais\\\/#respond\"]}]},{\"@type\":\"WebPage\",\"@id\":\"https:\\\/\\\/centrourbano.com\\\/revista\\\/inmobiliario\\\/nombra-wal-mart-a-nuevo-jefe-de-operaciones-en-el-pais\\\/\",\"url\":\"https:\\\/\\\/centrourbano.com\\\/revista\\\/inmobiliario\\\/nombra-wal-mart-a-nuevo-jefe-de-operaciones-en-el-pais\\\/\",\"name\":\"Nombra Wal-Mart a nuevo jefe de operaciones en el pa\u00eds -\",\"isPartOf\":{\"@id\":\"https:\\\/\\\/centrourbano.com\\\/revista\\\/#website\"},\"primaryImageOfPage\":{\"@id\":\"https:\\\/\\\/centrourbano.com\\\/revista\\\/inmobiliario\\\/nombra-wal-mart-a-nuevo-jefe-de-operaciones-en-el-pais\\\/#primaryimage\"},\"image\":{\"@id\":\"https:\\\/\\\/centrourbano.com\\\/revista\\\/inmobiliario\\\/nombra-wal-mart-a-nuevo-jefe-de-operaciones-en-el-pais\\\/#primaryimage\"},\"thumbnailUrl\":\"https:\\\/\\\/centrourbano.com\\\/revista\\\/wp-content\\\/uploads\\\/WalMart_Supercenter_Albany-e1457453748258.jpg\",\"datePublished\":\"2016-03-08T16:16:27+00:00\",\"description\":\"Tomar\u00e1 posesi\u00f3n del cargo oficialmente el 1 de abril La cadena de supermercados Wal-Mart anunci\u00f3 en un comunicado enviado a la Bolsa Mexicana de Valores\",\"breadcrumb\":{\"@id\":\"https:\\\/\\\/centrourbano.com\\\/revista\\\/inmobiliario\\\/nombra-wal-mart-a-nuevo-jefe-de-operaciones-en-el-pais\\\/#breadcrumb\"},\"inLanguage\":\"es\",\"potentialAction\":[{\"@type\":\"ReadAction\",\"target\":[\"https:\\\/\\\/centrourbano.com\\\/revista\\\/inmobiliario\\\/nombra-wal-mart-a-nuevo-jefe-de-operaciones-en-el-pais\\\/\"]}]},{\"@type\":\"ImageObject\",\"inLanguage\":\"es\",\"@id\":\"https:\\\/\\\/centrourbano.com\\\/revista\\\/inmobiliario\\\/nombra-wal-mart-a-nuevo-jefe-de-operaciones-en-el-pais\\\/#primaryimage\",\"url\":\"https:\\\/\\\/centrourbano.com\\\/revista\\\/wp-content\\\/uploads\\\/WalMart_Supercenter_Albany-e1457453748258.jpg\",\"contentUrl\":\"https:\\\/\\\/centrourbano.com\\\/revista\\\/wp-content\\\/uploads\\\/WalMart_Supercenter_Albany-e1457453748258.jpg\",\"width\":580,\"height\":327,\"caption\":\"Tiendas departamentales y de autoservicio lideran el incremento en las ventas\"},{\"@type\":\"BreadcrumbList\",\"@id\":\"https:\\\/\\\/centrourbano.com\\\/revista\\\/inmobiliario\\\/nombra-wal-mart-a-nuevo-jefe-de-operaciones-en-el-pais\\\/#breadcrumb\",\"itemListElement\":[{\"@type\":\"ListItem\",\"position\":1,\"name\":\"Portada\",\"item\":\"https:\\\/\\\/centrourbano.com\\\/revista\\\/\"},{\"@type\":\"ListItem\",\"position\":2,\"name\":\"Nombra Wal-Mart a nuevo jefe de operaciones en el pa\u00eds\"}]},{\"@type\":\"WebSite\",\"@id\":\"https:\\\/\\\/centrourbano.com\\\/revista\\\/#website\",\"url\":\"https:\\\/\\\/centrourbano.com\\\/revista\\\/\",\"name\":\"Centro Urbano\",\"description\":\"Medio especializado en los sectores vivienda, inmobiliario, construcci\u00f3n, arquitectura y urbanismo.\",\"publisher\":{\"@id\":\"https:\\\/\\\/centrourbano.com\\\/revista\\\/#organization\"},\"potentialAction\":[{\"@type\":\"SearchAction\",\"target\":{\"@type\":\"EntryPoint\",\"urlTemplate\":\"https:\\\/\\\/centrourbano.com\\\/revista\\\/?s={search_term_string}\"},\"query-input\":{\"@type\":\"PropertyValueSpecification\",\"valueRequired\":true,\"valueName\":\"search_term_string\"}}],\"inLanguage\":\"es\"},{\"@type\":\"Organization\",\"@id\":\"https:\\\/\\\/centrourbano.com\\\/revista\\\/#organization\",\"name\":\"Centro Urbano\",\"url\":\"https:\\\/\\\/centrourbano.com\\\/revista\\\/\",\"logo\":{\"@type\":\"ImageObject\",\"inLanguage\":\"es\",\"@id\":\"https:\\\/\\\/centrourbano.com\\\/revista\\\/#\\\/schema\\\/logo\\\/image\\\/\",\"url\":\"https:\\\/\\\/centrourbano.com\\\/revista\\\/wp-content\\\/uploads\\\/web_CU_logo-1.png\",\"contentUrl\":\"https:\\\/\\\/centrourbano.com\\\/revista\\\/wp-content\\\/uploads\\\/web_CU_logo-1.png\",\"width\":350,\"height\":91,\"caption\":\"Centro Urbano\"},\"image\":{\"@id\":\"https:\\\/\\\/centrourbano.com\\\/revista\\\/#\\\/schema\\\/logo\\\/image\\\/\"},\"sameAs\":[\"https:\\\/\\\/www.facebook.com\\\/portalcentrourbano\",\"https:\\\/\\\/x.com\\\/CentroUrbano\",\"https:\\\/\\\/www.instagram.com\\\/centro_urbano\\\/\",\"https:\\\/\\\/www.linkedin.com\\\/company\\\/centro-urbano\\\/\",\"http:\\\/\\\/www.youtube.com\\\/user\\\/portalcentrourbano\"]},{\"@type\":\"Person\",\"@id\":\"https:\\\/\\\/centrourbano.com\\\/revista\\\/#\\\/schema\\\/person\\\/fa3124fc7c30aaf90c5e85dc5ce88a3d\",\"name\":\"Yareth Casanova\",\"image\":{\"@type\":\"ImageObject\",\"inLanguage\":\"es\",\"@id\":\"https:\\\/\\\/secure.gravatar.com\\\/avatar\\\/cc5021d028a26acc18cd90754b870114c9449717d0cf43cc142712f089324f6d?s=96&d=mm&r=g\",\"url\":\"https:\\\/\\\/secure.gravatar.com\\\/avatar\\\/cc5021d028a26acc18cd90754b870114c9449717d0cf43cc142712f089324f6d?s=96&d=mm&r=g\",\"contentUrl\":\"https:\\\/\\\/secure.gravatar.com\\\/avatar\\\/cc5021d028a26acc18cd90754b870114c9449717d0cf43cc142712f089324f6d?s=96&d=mm&r=g\",\"caption\":\"Yareth Casanova\"},\"description\":\"Egresada de la Universidad del Valle de M\u00e9xico en Ciencias de la Comunicaci\u00f3n. Fungi\u00f3 como community manager en el Senado de la Rep\u00fablica y como becaria en editorial Televisa. Actualmente se desempe\u00f1a como community manager y reportera en Centro Urbano. Es amante de los perros y sus pasiones son el baile, el cine, la pol\u00edtica y la moda.\",\"url\":\"https:\\\/\\\/centrourbano.com\\\/revista\\\/author\\\/yarethcu\\\/\"}]}<\/script>\n<!-- \/ Yoast SEO plugin. -->","yoast_head_json":{"title":"Nombra Wal-Mart a nuevo jefe de operaciones en el pa\u00eds -","description":"Tomar\u00e1 posesi\u00f3n del cargo oficialmente el 1 de abril La cadena de supermercados Wal-Mart anunci\u00f3 en un comunicado enviado a la Bolsa Mexicana de Valores","robots":{"index":"index","follow":"follow","max-snippet":"max-snippet:-1","max-image-preview":"max-image-preview:large","max-video-preview":"max-video-preview:-1"},"canonical":"https:\/\/centrourbano.com\/revista\/inmobiliario\/nombra-wal-mart-a-nuevo-jefe-de-operaciones-en-el-pais\/","og_locale":"es_ES","og_type":"article","og_title":"Nombra Wal-Mart a nuevo jefe de operaciones en el pa\u00eds -","og_description":"Tomar\u00e1 posesi\u00f3n del cargo oficialmente el 1 de abril La cadena de supermercados Wal-Mart anunci\u00f3 en un comunicado enviado a la Bolsa Mexicana de Valores","og_url":"https:\/\/centrourbano.com\/revista\/inmobiliario\/nombra-wal-mart-a-nuevo-jefe-de-operaciones-en-el-pais\/","og_site_name":"Centro Urbano","article_publisher":"https:\/\/www.facebook.com\/portalcentrourbano","article_published_time":"2016-03-08T16:16:27+00:00","og_image":[{"width":580,"height":327,"url":"https:\/\/centrourbano.com\/revista\/wp-content\/uploads\/WalMart_Supercenter_Albany-e1457453748258.jpg","type":"image\/jpeg"}],"author":"Yareth Casanova","twitter_card":"summary_large_image","twitter_creator":"@CentroUrbano","twitter_site":"@CentroUrbano","twitter_misc":{"Escrito por":"Yareth Casanova","Tiempo de lectura":"1 minuto"},"schema":{"@context":"https:\/\/schema.org","@graph":[{"@type":"Article","@id":"https:\/\/centrourbano.com\/revista\/inmobiliario\/nombra-wal-mart-a-nuevo-jefe-de-operaciones-en-el-pais\/#article","isPartOf":{"@id":"https:\/\/centrourbano.com\/revista\/inmobiliario\/nombra-wal-mart-a-nuevo-jefe-de-operaciones-en-el-pais\/"},"author":{"name":"Yareth Casanova","@id":"https:\/\/centrourbano.com\/revista\/#\/schema\/person\/fa3124fc7c30aaf90c5e85dc5ce88a3d"},"headline":"Nombra Wal-Mart a nuevo jefe de operaciones en el pa\u00eds","datePublished":"2016-03-08T16:16:27+00:00","mainEntityOfPage":{"@id":"https:\/\/centrourbano.com\/revista\/inmobiliario\/nombra-wal-mart-a-nuevo-jefe-de-operaciones-en-el-pais\/"},"wordCount":187,"commentCount":0,"publisher":{"@id":"https:\/\/centrourbano.com\/revista\/#organization"},"image":{"@id":"https:\/\/centrourbano.com\/revista\/inmobiliario\/nombra-wal-mart-a-nuevo-jefe-de-operaciones-en-el-pais\/#primaryimage"},"thumbnailUrl":"https:\/\/centrourbano.com\/revista\/wp-content\/uploads\/WalMart_Supercenter_Albany-e1457453748258.jpg","keywords":["Aurrera","BMV","Superama","supermercados.","Wal-Mart"],"articleSection":["Inmobiliario"],"inLanguage":"es","potentialAction":[{"@type":"CommentAction","name":"Comment","target":["https:\/\/centrourbano.com\/revista\/inmobiliario\/nombra-wal-mart-a-nuevo-jefe-de-operaciones-en-el-pais\/#respond"]}]},{"@type":"WebPage","@id":"https:\/\/centrourbano.com\/revista\/inmobiliario\/nombra-wal-mart-a-nuevo-jefe-de-operaciones-en-el-pais\/","url":"https:\/\/centrourbano.com\/revista\/inmobiliario\/nombra-wal-mart-a-nuevo-jefe-de-operaciones-en-el-pais\/","name":"Nombra Wal-Mart a nuevo jefe de operaciones en el pa\u00eds -","isPartOf":{"@id":"https:\/\/centrourbano.com\/revista\/#website"},"primaryImageOfPage":{"@id":"https:\/\/centrourbano.com\/revista\/inmobiliario\/nombra-wal-mart-a-nuevo-jefe-de-operaciones-en-el-pais\/#primaryimage"},"image":{"@id":"https:\/\/centrourbano.com\/revista\/inmobiliario\/nombra-wal-mart-a-nuevo-jefe-de-operaciones-en-el-pais\/#primaryimage"},"thumbnailUrl":"https:\/\/centrourbano.com\/revista\/wp-content\/uploads\/WalMart_Supercenter_Albany-e1457453748258.jpg","datePublished":"2016-03-08T16:16:27+00:00","description":"Tomar\u00e1 posesi\u00f3n del cargo oficialmente el 1 de abril La cadena de supermercados Wal-Mart anunci\u00f3 en un comunicado enviado a la Bolsa Mexicana de Valores","breadcrumb":{"@id":"https:\/\/centrourbano.com\/revista\/inmobiliario\/nombra-wal-mart-a-nuevo-jefe-de-operaciones-en-el-pais\/#breadcrumb"},"inLanguage":"es","potentialAction":[{"@type":"ReadAction","target":["https:\/\/centrourbano.com\/revista\/inmobiliario\/nombra-wal-mart-a-nuevo-jefe-de-operaciones-en-el-pais\/"]}]},{"@type":"ImageObject","inLanguage":"es","@id":"https:\/\/centrourbano.com\/revista\/inmobiliario\/nombra-wal-mart-a-nuevo-jefe-de-operaciones-en-el-pais\/#primaryimage","url":"https:\/\/centrourbano.com\/revista\/wp-content\/uploads\/WalMart_Supercenter_Albany-e1457453748258.jpg","contentUrl":"https:\/\/centrourbano.com\/revista\/wp-content\/uploads\/WalMart_Supercenter_Albany-e1457453748258.jpg","width":580,"height":327,"caption":"Tiendas departamentales y de autoservicio lideran el incremento en las ventas"},{"@type":"BreadcrumbList","@id":"https:\/\/centrourbano.com\/revista\/inmobiliario\/nombra-wal-mart-a-nuevo-jefe-de-operaciones-en-el-pais\/#breadcrumb","itemListElement":[{"@type":"ListItem","position":1,"name":"Portada","item":"https:\/\/centrourbano.com\/revista\/"},{"@type":"ListItem","position":2,"name":"Nombra Wal-Mart a nuevo jefe de operaciones en el pa\u00eds"}]},{"@type":"WebSite","@id":"https:\/\/centrourbano.com\/revista\/#website","url":"https:\/\/centrourbano.com\/revista\/","name":"Centro Urbano","description":"Medio especializado en los sectores vivienda, inmobiliario, construcci\u00f3n, arquitectura y urbanismo.","publisher":{"@id":"https:\/\/centrourbano.com\/revista\/#organization"},"potentialAction":[{"@type":"SearchAction","target":{"@type":"EntryPoint","urlTemplate":"https:\/\/centrourbano.com\/revista\/?s={search_term_string}"},"query-input":{"@type":"PropertyValueSpecification","valueRequired":true,"valueName":"search_term_string"}}],"inLanguage":"es"},{"@type":"Organization","@id":"https:\/\/centrourbano.com\/revista\/#organization","name":"Centro Urbano","url":"https:\/\/centrourbano.com\/revista\/","logo":{"@type":"ImageObject","inLanguage":"es","@id":"https:\/\/centrourbano.com\/revista\/#\/schema\/logo\/image\/","url":"https:\/\/centrourbano.com\/revista\/wp-content\/uploads\/web_CU_logo-1.png","contentUrl":"https:\/\/centrourbano.com\/revista\/wp-content\/uploads\/web_CU_logo-1.png","width":350,"height":91,"caption":"Centro Urbano"},"image":{"@id":"https:\/\/centrourbano.com\/revista\/#\/schema\/logo\/image\/"},"sameAs":["https:\/\/www.facebook.com\/portalcentrourbano","https:\/\/x.com\/CentroUrbano","https:\/\/www.instagram.com\/centro_urbano\/","https:\/\/www.linkedin.com\/company\/centro-urbano\/","http:\/\/www.youtube.com\/user\/portalcentrourbano"]},{"@type":"Person","@id":"https:\/\/centrourbano.com\/revista\/#\/schema\/person\/fa3124fc7c30aaf90c5e85dc5ce88a3d","name":"Yareth Casanova","image":{"@type":"ImageObject","inLanguage":"es","@id":"https:\/\/secure.gravatar.com\/avatar\/cc5021d028a26acc18cd90754b870114c9449717d0cf43cc142712f089324f6d?s=96&d=mm&r=g","url":"https:\/\/secure.gravatar.com\/avatar\/cc5021d028a26acc18cd90754b870114c9449717d0cf43cc142712f089324f6d?s=96&d=mm&r=g","contentUrl":"https:\/\/secure.gravatar.com\/avatar\/cc5021d028a26acc18cd90754b870114c9449717d0cf43cc142712f089324f6d?s=96&d=mm&r=g","caption":"Yareth Casanova"},"description":"Egresada de la Universidad del Valle de M\u00e9xico en Ciencias de la Comunicaci\u00f3n. Fungi\u00f3 como community manager en el Senado de la Rep\u00fablica y como becaria en editorial Televisa. Actualmente se desempe\u00f1a como community manager y reportera en Centro Urbano. Es amante de los perros y sus pasiones son el baile, el cine, la pol\u00edtica y la moda.","url":"https:\/\/centrourbano.com\/revista\/author\/yarethcu\/"}]}},"_links":{"self":[{"href":"https:\/\/centrourbano.com\/revista\/wp-json\/wp\/v2\/posts\/31649","targetHints":{"allow":["GET"]}}],"collection":[{"href":"https:\/\/centrourbano.com\/revista\/wp-json\/wp\/v2\/posts"}],"about":[{"href":"https:\/\/centrourbano.com\/revista\/wp-json\/wp\/v2\/types\/post"}],"author":[{"embeddable":true,"href":"https:\/\/centrourbano.com\/revista\/wp-json\/wp\/v2\/users\/36"}],"replies":[{"embeddable":true,"href":"https:\/\/centrourbano.com\/revista\/wp-json\/wp\/v2\/comments?post=31649"}],"version-history":[{"count":0,"href":"https:\/\/centrourbano.com\/revista\/wp-json\/wp\/v2\/posts\/31649\/revisions"}],"wp:featuredmedia":[{"embeddable":true,"href":"https:\/\/centrourbano.com\/revista\/wp-json\/wp\/v2\/media\/31651"}],"wp:attachment":[{"href":"https:\/\/centrourbano.com\/revista\/wp-json\/wp\/v2\/media?parent=31649"}],"wp:term":[{"taxonomy":"category","embeddable":true,"href":"https:\/\/centrourbano.com\/revista\/wp-json\/wp\/v2\/categories?post=31649"},{"taxonomy":"post_tag","embeddable":true,"href":"https:\/\/centrourbano.com\/revista\/wp-json\/wp\/v2\/tags?post=31649"}],"curies":[{"name":"wp","href":"https:\/\/api.w.org\/{rel}","templated":true}]}}