{"id":31630,"date":"2016-03-08T07:35:20","date_gmt":"2016-03-08T13:35:20","guid":{"rendered":"http:\/\/centrourbano.com\/?p=31630"},"modified":"2016-03-07T18:29:24","modified_gmt":"2016-03-08T00:29:24","slug":"modernizan-fabrica-procesadora-de-nopal","status":"publish","type":"post","link":"https:\/\/centrourbano.com\/revista\/construccion\/modernizan-fabrica-procesadora-de-nopal\/","title":{"rendered":"Modernizan fabrica procesadora de nopal"},"content":{"rendered":"<p><em>En esta planta se podr\u00e1n procesar hasta 25,000 toneladas al a\u00f1o del cactus<\/em><br \/>\n<!--more--><\/p>\n<p>En la delegaci\u00f3n Milpa Alta fue inaugurada la obra civil e infraestructura el\u00e9ctrica de la Industrializadora del Nopal Milpa Alta (INMA), con lo que se optimiz\u00f3 maquinaria y equipo para la transformaci\u00f3n de esta planta y as\u00ed evitar su desperdicio. <\/p>\n<p>El evento estuvo encabezado por el jefe de Gobierno de la Ciudad de M\u00e9xico, Miguel \u00c1ngel Mancera, \u00abaqu\u00ed estamos dando muestra de una de las primeras acciones para ir hacia el cero desperdicio, 10,000 toneladas menos de desperdicio de comida\u00bb, dijo. <\/p>\n<p>Tambi\u00e9n en el evento estuvo Jos\u00e9 Calzada Rovirosa, secretario de Agricultura, Ganader\u00eda, Desarrollo Rural, Pesca y Alimentaci\u00f3n (SAGARPA). Ambos funcionarios realizaron un recorrido por la industrializadora de jugo y polvo de nopal. <\/p>\n<p>\u201cEste tipo de empresas deben de imitarse a fin de reducir el desperdicio del nopal y fomentar el trabajo de los cultivadores.  Replicado porque no podemos permitir que nuestros productores no ganen lo justo por su trabajo\u00bb, asegur\u00f3 Calzada. <\/p>\n<p>El representante de la INMA, Miguel Villanueva, explic\u00f3 que la planta es un apoyo para los productores gracias a que van a poder procesar hasta 25,000 toneladas de materia prima al a\u00f1o, \u201cestamos demostrando el trabajo en beneficio de la ciudad y los productores\u00bb, sostuvo.<\/p>\n","protected":false},"excerpt":{"rendered":"<p>En esta planta se podr\u00e1n procesar hasta 25,000 toneladas al a\u00f1o del cactus<\/p>\n","protected":false},"author":37,"featured_media":31637,"comment_status":"open","ping_status":"closed","sticky":false,"template":"","format":"standard","meta":{"om_disable_all_campaigns":false,"inline_featured_image":false,"_monsterinsights_skip_tracking":false,"_monsterinsights_sitenote_active":false,"_monsterinsights_sitenote_note":"","_monsterinsights_sitenote_category":0,"footnotes":""},"categories":[14],"tags":[],"class_list":["post-31630","post","type-post","status-publish","format-standard","has-post-thumbnail","hentry","category-construccion"],"yoast_head":"<!-- This site is optimized with the Yoast SEO plugin v27.4 - https:\/\/yoast.com\/product\/yoast-seo-wordpress\/ -->\n<title>Modernizan fabrica procesadora de nopal -<\/title>\n<meta name=\"description\" content=\"En esta planta se podr\u00e1n procesar hasta 25,000 toneladas al a\u00f1o del cactus En la delegaci\u00f3n Milpa Alta fue inaugurada la obra civil e infraestructura\" \/>\n<meta name=\"robots\" content=\"index, follow, max-snippet:-1, max-image-preview:large, max-video-preview:-1\" \/>\n<link rel=\"canonical\" href=\"https:\/\/centrourbano.com\/revista\/construccion\/modernizan-fabrica-procesadora-de-nopal\/\" \/>\n<meta property=\"og:locale\" content=\"es_ES\" \/>\n<meta property=\"og:type\" content=\"article\" \/>\n<meta property=\"og:title\" content=\"Modernizan fabrica procesadora de nopal -\" \/>\n<meta property=\"og:description\" content=\"En esta planta se podr\u00e1n procesar hasta 25,000 toneladas al a\u00f1o del cactus En la delegaci\u00f3n Milpa Alta fue inaugurada la obra civil e infraestructura\" \/>\n<meta property=\"og:url\" content=\"https:\/\/centrourbano.com\/revista\/construccion\/modernizan-fabrica-procesadora-de-nopal\/\" \/>\n<meta property=\"og:site_name\" content=\"Centro Urbano\" \/>\n<meta property=\"article:publisher\" content=\"https:\/\/www.facebook.com\/portalcentrourbano\" \/>\n<meta property=\"article:published_time\" content=\"2016-03-08T13:35:20+00:00\" \/>\n<meta property=\"og:image\" content=\"https:\/\/centrourbano.com\/revista\/wp-content\/uploads\/070316-MIGUEL-\u00c1NGEL-MANCERA-OPTIMIZACI\u00d3N-PARA-TRANSFORMACI\u00d3N-DE-NOPAL-VERDURA-4.jpg\" \/>\n\t<meta property=\"og:image:width\" content=\"1000\" \/>\n\t<meta property=\"og:image:height\" content=\"691\" \/>\n\t<meta property=\"og:image:type\" content=\"image\/jpeg\" \/>\n<meta name=\"author\" content=\"Diego Rodr\u00edguez\" \/>\n<meta name=\"twitter:card\" content=\"summary_large_image\" \/>\n<meta name=\"twitter:creator\" content=\"@CentroUrbano\" \/>\n<meta name=\"twitter:site\" content=\"@CentroUrbano\" \/>\n<meta name=\"twitter:label1\" content=\"Escrito por\" \/>\n\t<meta name=\"twitter:data1\" content=\"Diego Rodr\u00edguez\" \/>\n\t<meta name=\"twitter:label2\" content=\"Tiempo de lectura\" \/>\n\t<meta name=\"twitter:data2\" content=\"1 minuto\" \/>\n<script type=\"application\/ld+json\" class=\"yoast-schema-graph\">{\"@context\":\"https:\\\/\\\/schema.org\",\"@graph\":[{\"@type\":\"Article\",\"@id\":\"https:\\\/\\\/centrourbano.com\\\/revista\\\/construccion\\\/modernizan-fabrica-procesadora-de-nopal\\\/#article\",\"isPartOf\":{\"@id\":\"https:\\\/\\\/centrourbano.com\\\/revista\\\/construccion\\\/modernizan-fabrica-procesadora-de-nopal\\\/\"},\"author\":{\"name\":\"Diego Rodr\u00edguez\",\"@id\":\"https:\\\/\\\/centrourbano.com\\\/revista\\\/#\\\/schema\\\/person\\\/b50192a3cd0e680841b45dc537f53970\"},\"headline\":\"Modernizan fabrica procesadora de nopal\",\"datePublished\":\"2016-03-08T13:35:20+00:00\",\"mainEntityOfPage\":{\"@id\":\"https:\\\/\\\/centrourbano.com\\\/revista\\\/construccion\\\/modernizan-fabrica-procesadora-de-nopal\\\/\"},\"wordCount\":222,\"commentCount\":0,\"publisher\":{\"@id\":\"https:\\\/\\\/centrourbano.com\\\/revista\\\/#organization\"},\"image\":{\"@id\":\"https:\\\/\\\/centrourbano.com\\\/revista\\\/construccion\\\/modernizan-fabrica-procesadora-de-nopal\\\/#primaryimage\"},\"thumbnailUrl\":\"https:\\\/\\\/centrourbano.com\\\/revista\\\/wp-content\\\/uploads\\\/070316-MIGUEL-\u00c1NGEL-MANCERA-OPTIMIZACI\u00d3N-PARA-TRANSFORMACI\u00d3N-DE-NOPAL-VERDURA-4.jpg\",\"articleSection\":[\"Construcci\u00f3n\"],\"inLanguage\":\"es\",\"potentialAction\":[{\"@type\":\"CommentAction\",\"name\":\"Comment\",\"target\":[\"https:\\\/\\\/centrourbano.com\\\/revista\\\/construccion\\\/modernizan-fabrica-procesadora-de-nopal\\\/#respond\"]}]},{\"@type\":\"WebPage\",\"@id\":\"https:\\\/\\\/centrourbano.com\\\/revista\\\/construccion\\\/modernizan-fabrica-procesadora-de-nopal\\\/\",\"url\":\"https:\\\/\\\/centrourbano.com\\\/revista\\\/construccion\\\/modernizan-fabrica-procesadora-de-nopal\\\/\",\"name\":\"Modernizan fabrica procesadora de nopal -\",\"isPartOf\":{\"@id\":\"https:\\\/\\\/centrourbano.com\\\/revista\\\/#website\"},\"primaryImageOfPage\":{\"@id\":\"https:\\\/\\\/centrourbano.com\\\/revista\\\/construccion\\\/modernizan-fabrica-procesadora-de-nopal\\\/#primaryimage\"},\"image\":{\"@id\":\"https:\\\/\\\/centrourbano.com\\\/revista\\\/construccion\\\/modernizan-fabrica-procesadora-de-nopal\\\/#primaryimage\"},\"thumbnailUrl\":\"https:\\\/\\\/centrourbano.com\\\/revista\\\/wp-content\\\/uploads\\\/070316-MIGUEL-\u00c1NGEL-MANCERA-OPTIMIZACI\u00d3N-PARA-TRANSFORMACI\u00d3N-DE-NOPAL-VERDURA-4.jpg\",\"datePublished\":\"2016-03-08T13:35:20+00:00\",\"description\":\"En esta planta se podr\u00e1n procesar hasta 25,000 toneladas al a\u00f1o del cactus En la delegaci\u00f3n Milpa Alta fue inaugurada la obra civil e infraestructura\",\"breadcrumb\":{\"@id\":\"https:\\\/\\\/centrourbano.com\\\/revista\\\/construccion\\\/modernizan-fabrica-procesadora-de-nopal\\\/#breadcrumb\"},\"inLanguage\":\"es\",\"potentialAction\":[{\"@type\":\"ReadAction\",\"target\":[\"https:\\\/\\\/centrourbano.com\\\/revista\\\/construccion\\\/modernizan-fabrica-procesadora-de-nopal\\\/\"]}]},{\"@type\":\"ImageObject\",\"inLanguage\":\"es\",\"@id\":\"https:\\\/\\\/centrourbano.com\\\/revista\\\/construccion\\\/modernizan-fabrica-procesadora-de-nopal\\\/#primaryimage\",\"url\":\"https:\\\/\\\/centrourbano.com\\\/revista\\\/wp-content\\\/uploads\\\/070316-MIGUEL-\u00c1NGEL-MANCERA-OPTIMIZACI\u00d3N-PARA-TRANSFORMACI\u00d3N-DE-NOPAL-VERDURA-4.jpg\",\"contentUrl\":\"https:\\\/\\\/centrourbano.com\\\/revista\\\/wp-content\\\/uploads\\\/070316-MIGUEL-\u00c1NGEL-MANCERA-OPTIMIZACI\u00d3N-PARA-TRANSFORMACI\u00d3N-DE-NOPAL-VERDURA-4.jpg\",\"width\":1000,\"height\":691},{\"@type\":\"BreadcrumbList\",\"@id\":\"https:\\\/\\\/centrourbano.com\\\/revista\\\/construccion\\\/modernizan-fabrica-procesadora-de-nopal\\\/#breadcrumb\",\"itemListElement\":[{\"@type\":\"ListItem\",\"position\":1,\"name\":\"Portada\",\"item\":\"https:\\\/\\\/centrourbano.com\\\/revista\\\/\"},{\"@type\":\"ListItem\",\"position\":2,\"name\":\"Modernizan fabrica procesadora de nopal\"}]},{\"@type\":\"WebSite\",\"@id\":\"https:\\\/\\\/centrourbano.com\\\/revista\\\/#website\",\"url\":\"https:\\\/\\\/centrourbano.com\\\/revista\\\/\",\"name\":\"Centro Urbano\",\"description\":\"Medio especializado en los sectores vivienda, inmobiliario, construcci\u00f3n, arquitectura y urbanismo.\",\"publisher\":{\"@id\":\"https:\\\/\\\/centrourbano.com\\\/revista\\\/#organization\"},\"potentialAction\":[{\"@type\":\"SearchAction\",\"target\":{\"@type\":\"EntryPoint\",\"urlTemplate\":\"https:\\\/\\\/centrourbano.com\\\/revista\\\/?s={search_term_string}\"},\"query-input\":{\"@type\":\"PropertyValueSpecification\",\"valueRequired\":true,\"valueName\":\"search_term_string\"}}],\"inLanguage\":\"es\"},{\"@type\":\"Organization\",\"@id\":\"https:\\\/\\\/centrourbano.com\\\/revista\\\/#organization\",\"name\":\"Centro Urbano\",\"url\":\"https:\\\/\\\/centrourbano.com\\\/revista\\\/\",\"logo\":{\"@type\":\"ImageObject\",\"inLanguage\":\"es\",\"@id\":\"https:\\\/\\\/centrourbano.com\\\/revista\\\/#\\\/schema\\\/logo\\\/image\\\/\",\"url\":\"https:\\\/\\\/centrourbano.com\\\/revista\\\/wp-content\\\/uploads\\\/web_CU_logo-1.png\",\"contentUrl\":\"https:\\\/\\\/centrourbano.com\\\/revista\\\/wp-content\\\/uploads\\\/web_CU_logo-1.png\",\"width\":350,\"height\":91,\"caption\":\"Centro Urbano\"},\"image\":{\"@id\":\"https:\\\/\\\/centrourbano.com\\\/revista\\\/#\\\/schema\\\/logo\\\/image\\\/\"},\"sameAs\":[\"https:\\\/\\\/www.facebook.com\\\/portalcentrourbano\",\"https:\\\/\\\/x.com\\\/CentroUrbano\",\"https:\\\/\\\/www.instagram.com\\\/centro_urbano\\\/\",\"https:\\\/\\\/www.linkedin.com\\\/company\\\/centro-urbano\\\/\",\"http:\\\/\\\/www.youtube.com\\\/user\\\/portalcentrourbano\"]},{\"@type\":\"Person\",\"@id\":\"https:\\\/\\\/centrourbano.com\\\/revista\\\/#\\\/schema\\\/person\\\/b50192a3cd0e680841b45dc537f53970\",\"name\":\"Diego Rodr\u00edguez\",\"image\":{\"@type\":\"ImageObject\",\"inLanguage\":\"es\",\"@id\":\"https:\\\/\\\/secure.gravatar.com\\\/avatar\\\/d217565525df2df5d4e7265d47758506f41845ed9529510921a7625d8365789d?s=96&d=mm&r=g\",\"url\":\"https:\\\/\\\/secure.gravatar.com\\\/avatar\\\/d217565525df2df5d4e7265d47758506f41845ed9529510921a7625d8365789d?s=96&d=mm&r=g\",\"contentUrl\":\"https:\\\/\\\/secure.gravatar.com\\\/avatar\\\/d217565525df2df5d4e7265d47758506f41845ed9529510921a7625d8365789d?s=96&d=mm&r=g\",\"caption\":\"Diego Rodr\u00edguez\"},\"description\":\"Egresado de la Facultad de Estudios Superiores Acatl\u00e1n de la carrera en Comunicaci\u00f3n, con especialidad en medios escritos. Reportero del desaparecido peri\u00f3dico Nuestro M\u00e9xico, en donde cubri\u00f3 las fuentes delegacionales y Asamblea Legislativa. Tambi\u00e9n trabaj\u00f3 en la Coordinaci\u00f3n de Comunicaci\u00f3n Social en la delegaci\u00f3n \u00c1lvaro Obreg\u00f3n. Le gusta leer novelas y cuentos.\",\"url\":\"https:\\\/\\\/centrourbano.com\\\/revista\\\/author\\\/diegorodriguez\\\/\"}]}<\/script>\n<!-- \/ Yoast SEO plugin. -->","yoast_head_json":{"title":"Modernizan fabrica procesadora de nopal -","description":"En esta planta se podr\u00e1n procesar hasta 25,000 toneladas al a\u00f1o del cactus En la delegaci\u00f3n Milpa Alta fue inaugurada la obra civil e infraestructura","robots":{"index":"index","follow":"follow","max-snippet":"max-snippet:-1","max-image-preview":"max-image-preview:large","max-video-preview":"max-video-preview:-1"},"canonical":"https:\/\/centrourbano.com\/revista\/construccion\/modernizan-fabrica-procesadora-de-nopal\/","og_locale":"es_ES","og_type":"article","og_title":"Modernizan fabrica procesadora de nopal -","og_description":"En esta planta se podr\u00e1n procesar hasta 25,000 toneladas al a\u00f1o del cactus En la delegaci\u00f3n Milpa Alta fue inaugurada la obra civil e infraestructura","og_url":"https:\/\/centrourbano.com\/revista\/construccion\/modernizan-fabrica-procesadora-de-nopal\/","og_site_name":"Centro Urbano","article_publisher":"https:\/\/www.facebook.com\/portalcentrourbano","article_published_time":"2016-03-08T13:35:20+00:00","og_image":[{"width":1000,"height":691,"url":"https:\/\/centrourbano.com\/revista\/wp-content\/uploads\/070316-MIGUEL-\u00c1NGEL-MANCERA-OPTIMIZACI\u00d3N-PARA-TRANSFORMACI\u00d3N-DE-NOPAL-VERDURA-4.jpg","type":"image\/jpeg"}],"author":"Diego Rodr\u00edguez","twitter_card":"summary_large_image","twitter_creator":"@CentroUrbano","twitter_site":"@CentroUrbano","twitter_misc":{"Escrito por":"Diego Rodr\u00edguez","Tiempo de lectura":"1 minuto"},"schema":{"@context":"https:\/\/schema.org","@graph":[{"@type":"Article","@id":"https:\/\/centrourbano.com\/revista\/construccion\/modernizan-fabrica-procesadora-de-nopal\/#article","isPartOf":{"@id":"https:\/\/centrourbano.com\/revista\/construccion\/modernizan-fabrica-procesadora-de-nopal\/"},"author":{"name":"Diego Rodr\u00edguez","@id":"https:\/\/centrourbano.com\/revista\/#\/schema\/person\/b50192a3cd0e680841b45dc537f53970"},"headline":"Modernizan fabrica procesadora de nopal","datePublished":"2016-03-08T13:35:20+00:00","mainEntityOfPage":{"@id":"https:\/\/centrourbano.com\/revista\/construccion\/modernizan-fabrica-procesadora-de-nopal\/"},"wordCount":222,"commentCount":0,"publisher":{"@id":"https:\/\/centrourbano.com\/revista\/#organization"},"image":{"@id":"https:\/\/centrourbano.com\/revista\/construccion\/modernizan-fabrica-procesadora-de-nopal\/#primaryimage"},"thumbnailUrl":"https:\/\/centrourbano.com\/revista\/wp-content\/uploads\/070316-MIGUEL-\u00c1NGEL-MANCERA-OPTIMIZACI\u00d3N-PARA-TRANSFORMACI\u00d3N-DE-NOPAL-VERDURA-4.jpg","articleSection":["Construcci\u00f3n"],"inLanguage":"es","potentialAction":[{"@type":"CommentAction","name":"Comment","target":["https:\/\/centrourbano.com\/revista\/construccion\/modernizan-fabrica-procesadora-de-nopal\/#respond"]}]},{"@type":"WebPage","@id":"https:\/\/centrourbano.com\/revista\/construccion\/modernizan-fabrica-procesadora-de-nopal\/","url":"https:\/\/centrourbano.com\/revista\/construccion\/modernizan-fabrica-procesadora-de-nopal\/","name":"Modernizan fabrica procesadora de nopal -","isPartOf":{"@id":"https:\/\/centrourbano.com\/revista\/#website"},"primaryImageOfPage":{"@id":"https:\/\/centrourbano.com\/revista\/construccion\/modernizan-fabrica-procesadora-de-nopal\/#primaryimage"},"image":{"@id":"https:\/\/centrourbano.com\/revista\/construccion\/modernizan-fabrica-procesadora-de-nopal\/#primaryimage"},"thumbnailUrl":"https:\/\/centrourbano.com\/revista\/wp-content\/uploads\/070316-MIGUEL-\u00c1NGEL-MANCERA-OPTIMIZACI\u00d3N-PARA-TRANSFORMACI\u00d3N-DE-NOPAL-VERDURA-4.jpg","datePublished":"2016-03-08T13:35:20+00:00","description":"En esta planta se podr\u00e1n procesar hasta 25,000 toneladas al a\u00f1o del cactus En la delegaci\u00f3n Milpa Alta fue inaugurada la obra civil e infraestructura","breadcrumb":{"@id":"https:\/\/centrourbano.com\/revista\/construccion\/modernizan-fabrica-procesadora-de-nopal\/#breadcrumb"},"inLanguage":"es","potentialAction":[{"@type":"ReadAction","target":["https:\/\/centrourbano.com\/revista\/construccion\/modernizan-fabrica-procesadora-de-nopal\/"]}]},{"@type":"ImageObject","inLanguage":"es","@id":"https:\/\/centrourbano.com\/revista\/construccion\/modernizan-fabrica-procesadora-de-nopal\/#primaryimage","url":"https:\/\/centrourbano.com\/revista\/wp-content\/uploads\/070316-MIGUEL-\u00c1NGEL-MANCERA-OPTIMIZACI\u00d3N-PARA-TRANSFORMACI\u00d3N-DE-NOPAL-VERDURA-4.jpg","contentUrl":"https:\/\/centrourbano.com\/revista\/wp-content\/uploads\/070316-MIGUEL-\u00c1NGEL-MANCERA-OPTIMIZACI\u00d3N-PARA-TRANSFORMACI\u00d3N-DE-NOPAL-VERDURA-4.jpg","width":1000,"height":691},{"@type":"BreadcrumbList","@id":"https:\/\/centrourbano.com\/revista\/construccion\/modernizan-fabrica-procesadora-de-nopal\/#breadcrumb","itemListElement":[{"@type":"ListItem","position":1,"name":"Portada","item":"https:\/\/centrourbano.com\/revista\/"},{"@type":"ListItem","position":2,"name":"Modernizan fabrica procesadora de nopal"}]},{"@type":"WebSite","@id":"https:\/\/centrourbano.com\/revista\/#website","url":"https:\/\/centrourbano.com\/revista\/","name":"Centro Urbano","description":"Medio especializado en los sectores vivienda, inmobiliario, construcci\u00f3n, arquitectura y urbanismo.","publisher":{"@id":"https:\/\/centrourbano.com\/revista\/#organization"},"potentialAction":[{"@type":"SearchAction","target":{"@type":"EntryPoint","urlTemplate":"https:\/\/centrourbano.com\/revista\/?s={search_term_string}"},"query-input":{"@type":"PropertyValueSpecification","valueRequired":true,"valueName":"search_term_string"}}],"inLanguage":"es"},{"@type":"Organization","@id":"https:\/\/centrourbano.com\/revista\/#organization","name":"Centro Urbano","url":"https:\/\/centrourbano.com\/revista\/","logo":{"@type":"ImageObject","inLanguage":"es","@id":"https:\/\/centrourbano.com\/revista\/#\/schema\/logo\/image\/","url":"https:\/\/centrourbano.com\/revista\/wp-content\/uploads\/web_CU_logo-1.png","contentUrl":"https:\/\/centrourbano.com\/revista\/wp-content\/uploads\/web_CU_logo-1.png","width":350,"height":91,"caption":"Centro Urbano"},"image":{"@id":"https:\/\/centrourbano.com\/revista\/#\/schema\/logo\/image\/"},"sameAs":["https:\/\/www.facebook.com\/portalcentrourbano","https:\/\/x.com\/CentroUrbano","https:\/\/www.instagram.com\/centro_urbano\/","https:\/\/www.linkedin.com\/company\/centro-urbano\/","http:\/\/www.youtube.com\/user\/portalcentrourbano"]},{"@type":"Person","@id":"https:\/\/centrourbano.com\/revista\/#\/schema\/person\/b50192a3cd0e680841b45dc537f53970","name":"Diego Rodr\u00edguez","image":{"@type":"ImageObject","inLanguage":"es","@id":"https:\/\/secure.gravatar.com\/avatar\/d217565525df2df5d4e7265d47758506f41845ed9529510921a7625d8365789d?s=96&d=mm&r=g","url":"https:\/\/secure.gravatar.com\/avatar\/d217565525df2df5d4e7265d47758506f41845ed9529510921a7625d8365789d?s=96&d=mm&r=g","contentUrl":"https:\/\/secure.gravatar.com\/avatar\/d217565525df2df5d4e7265d47758506f41845ed9529510921a7625d8365789d?s=96&d=mm&r=g","caption":"Diego Rodr\u00edguez"},"description":"Egresado de la Facultad de Estudios Superiores Acatl\u00e1n de la carrera en Comunicaci\u00f3n, con especialidad en medios escritos. Reportero del desaparecido peri\u00f3dico Nuestro M\u00e9xico, en donde cubri\u00f3 las fuentes delegacionales y Asamblea Legislativa. Tambi\u00e9n trabaj\u00f3 en la Coordinaci\u00f3n de Comunicaci\u00f3n Social en la delegaci\u00f3n \u00c1lvaro Obreg\u00f3n. Le gusta leer novelas y cuentos.","url":"https:\/\/centrourbano.com\/revista\/author\/diegorodriguez\/"}]}},"_links":{"self":[{"href":"https:\/\/centrourbano.com\/revista\/wp-json\/wp\/v2\/posts\/31630","targetHints":{"allow":["GET"]}}],"collection":[{"href":"https:\/\/centrourbano.com\/revista\/wp-json\/wp\/v2\/posts"}],"about":[{"href":"https:\/\/centrourbano.com\/revista\/wp-json\/wp\/v2\/types\/post"}],"author":[{"embeddable":true,"href":"https:\/\/centrourbano.com\/revista\/wp-json\/wp\/v2\/users\/37"}],"replies":[{"embeddable":true,"href":"https:\/\/centrourbano.com\/revista\/wp-json\/wp\/v2\/comments?post=31630"}],"version-history":[{"count":0,"href":"https:\/\/centrourbano.com\/revista\/wp-json\/wp\/v2\/posts\/31630\/revisions"}],"wp:featuredmedia":[{"embeddable":true,"href":"https:\/\/centrourbano.com\/revista\/wp-json\/wp\/v2\/media\/31637"}],"wp:attachment":[{"href":"https:\/\/centrourbano.com\/revista\/wp-json\/wp\/v2\/media?parent=31630"}],"wp:term":[{"taxonomy":"category","embeddable":true,"href":"https:\/\/centrourbano.com\/revista\/wp-json\/wp\/v2\/categories?post=31630"},{"taxonomy":"post_tag","embeddable":true,"href":"https:\/\/centrourbano.com\/revista\/wp-json\/wp\/v2\/tags?post=31630"}],"curies":[{"name":"wp","href":"https:\/\/api.w.org\/{rel}","templated":true}]}}