{"id":31614,"date":"2016-03-07T13:06:18","date_gmt":"2016-03-07T19:06:18","guid":{"rendered":"http:\/\/centrourbano.com\/?p=31614"},"modified":"2016-03-07T13:07:41","modified_gmt":"2016-03-07T19:07:41","slug":"gran-interes-en-la-feria-de-vivienda-2016-en-yucatan","status":"publish","type":"post","link":"https:\/\/centrourbano.com\/revista\/vivienda\/gran-interes-en-la-feria-de-vivienda-2016-en-yucatan\/","title":{"rendered":"Gran Inter\u00e9s en la Feria de vivienda 2016 en Yucat\u00e1n"},"content":{"rendered":"<p>Durante los tres d\u00edas se alcanz\u00f3 la visita de 7,000 personas y se ofertaron 4,000 viviendas<\/p>\n<p>\nLa Feria de Vivienda que se realiz\u00f3 en el Centro de Convenciones Yucat\u00e1n Siglo XXI tuvo una mayor afluencia e inter\u00e9s por parte de los asistentes superando las expectativas en prospecci\u00f3n y cierre de ventas que contemplaban los organizadores y participantes.<\/p>\n<p>\nAlexandra Osnaya de Grupo Vivo, explic\u00f3 que durante el evento la empresa alcanz\u00f3 70 prospecciones y una gran aceptaci\u00f3n del m\u00f3dulo por las familias y matrimonios j\u00f3venes que buscan una vivienda de bajo costo y con subsidio federal.<\/p>\n<p>\n\u201cLa vivienda vertical que construimos en M\u00e9rida ya tiene aceptaci\u00f3n y es uno de los 10 desarrollos sustentables del pa\u00eds\u201d, indic\u00f3. \u201cLa gente for\u00e1nea que est\u00e1 acostumbrada a este tipo de viviendas nos compra el 65% del producto y el otro porcentaje son parejas j\u00f3venes que no conoc\u00edan este estilo de vida, pero con las explicaciones sobre las bondades de construir hacia arriba, la creaci\u00f3n de m\u00e1s \u00e1reas verdes y mensualidades m\u00e1s bajas y la convivencia que se genera con otras familias las est\u00e1n aceptando\u201d, a\u00f1adi\u00f3.<\/p>\n<p>\nGrupo Vivo desarrolla dos fraccionamientos en M\u00e9rida: en el Sur tienen San Marcos, que son viviendas verticales, y en el Norte construyen el fraccionamiento Vega del Mayab.<\/p>\n<p>\nLa feria cont\u00f3 con la de participaci\u00f3n de 25 empresas con m\u00e1s de 30 desarrollos que ofrecieron espacios habitacionales en municipios como M\u00e9rida, Um\u00e1n y Kanas\u00edn, entre otros municipios.<\/p>\n<p>\nLos precios de las viviendas ofertadas fueron desde los 284 mil  pesos hasta 1.5 millones de pesos.<\/p>\n","protected":false},"excerpt":{"rendered":"<p>Durante los tres d\u00edas se alcanz\u00f3 la visita de 7,000 personas y se ofertaron 4,000 viviendas La Feria de Vivienda que se realiz\u00f3 en el Centro de Convenciones Yucat\u00e1n Siglo XXI tuvo una mayor afluencia e inter\u00e9s por parte de los asistentes superando las expectativas en prospecci\u00f3n y cierre de ventas que contemplaban los organizadores [&hellip;]<\/p>\n","protected":false},"author":1,"featured_media":31615,"comment_status":"open","ping_status":"closed","sticky":false,"template":"","format":"standard","meta":{"om_disable_all_campaigns":false,"inline_featured_image":false,"_monsterinsights_skip_tracking":false,"_monsterinsights_sitenote_active":false,"_monsterinsights_sitenote_note":"","_monsterinsights_sitenote_category":0,"footnotes":""},"categories":[12],"tags":[1939,2097,7849,832,656,5737,4474,68],"class_list":["post-31614","post","type-post","status-publish","format-standard","has-post-thumbnail","hentry","category-vivienda","tag-compra","tag-desarrollo-inmobiliario","tag-habitacionales","tag-venta","tag-vivienda-vertical","tag-vivienda","tag-vivienderas","tag-yucatan"],"yoast_head":"<!-- This site is optimized with the Yoast SEO plugin v27.5 - https:\/\/yoast.com\/product\/yoast-seo-wordpress\/ -->\n<title>Gran Inter\u00e9s en la Feria de vivienda 2016 en Yucat\u00e1n -<\/title>\n<meta name=\"description\" content=\"Durante los tres d\u00edas se alcanz\u00f3 la visita de 7,000 personas y se ofertaron 4,000 viviendas La Feria de Vivienda que se realiz\u00f3 en el Centro de\" \/>\n<meta name=\"robots\" content=\"index, follow, max-snippet:-1, max-image-preview:large, max-video-preview:-1\" \/>\n<link rel=\"canonical\" href=\"https:\/\/centrourbano.com\/revista\/vivienda\/gran-interes-en-la-feria-de-vivienda-2016-en-yucatan\/\" \/>\n<meta property=\"og:locale\" content=\"es_ES\" \/>\n<meta property=\"og:type\" content=\"article\" \/>\n<meta property=\"og:title\" content=\"Gran Inter\u00e9s en la Feria de vivienda 2016 en Yucat\u00e1n -\" \/>\n<meta property=\"og:description\" content=\"Durante los tres d\u00edas se alcanz\u00f3 la visita de 7,000 personas y se ofertaron 4,000 viviendas La Feria de Vivienda que se realiz\u00f3 en el Centro de\" \/>\n<meta property=\"og:url\" content=\"https:\/\/centrourbano.com\/revista\/vivienda\/gran-interes-en-la-feria-de-vivienda-2016-en-yucatan\/\" \/>\n<meta property=\"og:site_name\" content=\"Centro Urbano\" \/>\n<meta property=\"article:publisher\" content=\"https:\/\/www.facebook.com\/portalcentrourbano\" \/>\n<meta property=\"article:published_time\" content=\"2016-03-07T19:06:18+00:00\" \/>\n<meta property=\"article:modified_time\" content=\"2016-03-07T19:07:41+00:00\" \/>\n<meta property=\"og:image\" content=\"https:\/\/centrourbano.com\/revista\/wp-content\/uploads\/FERIA-2.jpg\" \/>\n\t<meta property=\"og:image:width\" content=\"639\" \/>\n\t<meta property=\"og:image:height\" content=\"360\" \/>\n\t<meta property=\"og:image:type\" content=\"image\/jpeg\" \/>\n<meta name=\"author\" content=\"BlogCU 2022\" \/>\n<meta name=\"twitter:card\" content=\"summary_large_image\" \/>\n<meta name=\"twitter:creator\" content=\"@CentroUrbano\" \/>\n<meta name=\"twitter:site\" content=\"@CentroUrbano\" \/>\n<meta name=\"twitter:label1\" content=\"Escrito por\" \/>\n\t<meta name=\"twitter:data1\" content=\"BlogCU 2022\" \/>\n\t<meta name=\"twitter:label2\" content=\"Tiempo de lectura\" \/>\n\t<meta name=\"twitter:data2\" content=\"1 minuto\" \/>\n<script type=\"application\/ld+json\" class=\"yoast-schema-graph\">{\"@context\":\"https:\\\/\\\/schema.org\",\"@graph\":[{\"@type\":\"Article\",\"@id\":\"https:\\\/\\\/centrourbano.com\\\/revista\\\/vivienda\\\/gran-interes-en-la-feria-de-vivienda-2016-en-yucatan\\\/#article\",\"isPartOf\":{\"@id\":\"https:\\\/\\\/centrourbano.com\\\/revista\\\/vivienda\\\/gran-interes-en-la-feria-de-vivienda-2016-en-yucatan\\\/\"},\"author\":{\"name\":\"BlogCU 2022\",\"@id\":\"https:\\\/\\\/centrourbano.com\\\/revista\\\/#\\\/schema\\\/person\\\/fe5429a2f790d21ed026561f3309426b\"},\"headline\":\"Gran Inter\u00e9s en la Feria de vivienda 2016 en Yucat\u00e1n\",\"datePublished\":\"2016-03-07T19:06:18+00:00\",\"dateModified\":\"2016-03-07T19:07:41+00:00\",\"mainEntityOfPage\":{\"@id\":\"https:\\\/\\\/centrourbano.com\\\/revista\\\/vivienda\\\/gran-interes-en-la-feria-de-vivienda-2016-en-yucatan\\\/\"},\"wordCount\":280,\"commentCount\":0,\"publisher\":{\"@id\":\"https:\\\/\\\/centrourbano.com\\\/revista\\\/#organization\"},\"image\":{\"@id\":\"https:\\\/\\\/centrourbano.com\\\/revista\\\/vivienda\\\/gran-interes-en-la-feria-de-vivienda-2016-en-yucatan\\\/#primaryimage\"},\"thumbnailUrl\":\"https:\\\/\\\/centrourbano.com\\\/revista\\\/wp-content\\\/uploads\\\/FERIA-2.jpg\",\"keywords\":[\"Compra\",\"desarrollo inmobiliario\",\"habitacionales\",\"venta\",\"Vivienda vertical\",\"vivienda+\",\"vivienderas\",\"Yucat\u00e1n\"],\"articleSection\":[\"Vivienda\"],\"inLanguage\":\"es\",\"potentialAction\":[{\"@type\":\"CommentAction\",\"name\":\"Comment\",\"target\":[\"https:\\\/\\\/centrourbano.com\\\/revista\\\/vivienda\\\/gran-interes-en-la-feria-de-vivienda-2016-en-yucatan\\\/#respond\"]}]},{\"@type\":\"WebPage\",\"@id\":\"https:\\\/\\\/centrourbano.com\\\/revista\\\/vivienda\\\/gran-interes-en-la-feria-de-vivienda-2016-en-yucatan\\\/\",\"url\":\"https:\\\/\\\/centrourbano.com\\\/revista\\\/vivienda\\\/gran-interes-en-la-feria-de-vivienda-2016-en-yucatan\\\/\",\"name\":\"Gran Inter\u00e9s en la Feria de vivienda 2016 en Yucat\u00e1n -\",\"isPartOf\":{\"@id\":\"https:\\\/\\\/centrourbano.com\\\/revista\\\/#website\"},\"primaryImageOfPage\":{\"@id\":\"https:\\\/\\\/centrourbano.com\\\/revista\\\/vivienda\\\/gran-interes-en-la-feria-de-vivienda-2016-en-yucatan\\\/#primaryimage\"},\"image\":{\"@id\":\"https:\\\/\\\/centrourbano.com\\\/revista\\\/vivienda\\\/gran-interes-en-la-feria-de-vivienda-2016-en-yucatan\\\/#primaryimage\"},\"thumbnailUrl\":\"https:\\\/\\\/centrourbano.com\\\/revista\\\/wp-content\\\/uploads\\\/FERIA-2.jpg\",\"datePublished\":\"2016-03-07T19:06:18+00:00\",\"dateModified\":\"2016-03-07T19:07:41+00:00\",\"description\":\"Durante los tres d\u00edas se alcanz\u00f3 la visita de 7,000 personas y se ofertaron 4,000 viviendas La Feria de Vivienda que se realiz\u00f3 en el Centro de\",\"breadcrumb\":{\"@id\":\"https:\\\/\\\/centrourbano.com\\\/revista\\\/vivienda\\\/gran-interes-en-la-feria-de-vivienda-2016-en-yucatan\\\/#breadcrumb\"},\"inLanguage\":\"es\",\"potentialAction\":[{\"@type\":\"ReadAction\",\"target\":[\"https:\\\/\\\/centrourbano.com\\\/revista\\\/vivienda\\\/gran-interes-en-la-feria-de-vivienda-2016-en-yucatan\\\/\"]}]},{\"@type\":\"ImageObject\",\"inLanguage\":\"es\",\"@id\":\"https:\\\/\\\/centrourbano.com\\\/revista\\\/vivienda\\\/gran-interes-en-la-feria-de-vivienda-2016-en-yucatan\\\/#primaryimage\",\"url\":\"https:\\\/\\\/centrourbano.com\\\/revista\\\/wp-content\\\/uploads\\\/FERIA-2.jpg\",\"contentUrl\":\"https:\\\/\\\/centrourbano.com\\\/revista\\\/wp-content\\\/uploads\\\/FERIA-2.jpg\",\"width\":639,\"height\":360},{\"@type\":\"BreadcrumbList\",\"@id\":\"https:\\\/\\\/centrourbano.com\\\/revista\\\/vivienda\\\/gran-interes-en-la-feria-de-vivienda-2016-en-yucatan\\\/#breadcrumb\",\"itemListElement\":[{\"@type\":\"ListItem\",\"position\":1,\"name\":\"Portada\",\"item\":\"https:\\\/\\\/centrourbano.com\\\/revista\\\/\"},{\"@type\":\"ListItem\",\"position\":2,\"name\":\"Gran Inter\u00e9s en la Feria de vivienda 2016 en Yucat\u00e1n\"}]},{\"@type\":\"WebSite\",\"@id\":\"https:\\\/\\\/centrourbano.com\\\/revista\\\/#website\",\"url\":\"https:\\\/\\\/centrourbano.com\\\/revista\\\/\",\"name\":\"Centro Urbano\",\"description\":\"Medio especializado en los sectores vivienda, inmobiliario, construcci\u00f3n, arquitectura y urbanismo.\",\"publisher\":{\"@id\":\"https:\\\/\\\/centrourbano.com\\\/revista\\\/#organization\"},\"potentialAction\":[{\"@type\":\"SearchAction\",\"target\":{\"@type\":\"EntryPoint\",\"urlTemplate\":\"https:\\\/\\\/centrourbano.com\\\/revista\\\/?s={search_term_string}\"},\"query-input\":{\"@type\":\"PropertyValueSpecification\",\"valueRequired\":true,\"valueName\":\"search_term_string\"}}],\"inLanguage\":\"es\"},{\"@type\":\"Organization\",\"@id\":\"https:\\\/\\\/centrourbano.com\\\/revista\\\/#organization\",\"name\":\"Centro Urbano\",\"url\":\"https:\\\/\\\/centrourbano.com\\\/revista\\\/\",\"logo\":{\"@type\":\"ImageObject\",\"inLanguage\":\"es\",\"@id\":\"https:\\\/\\\/centrourbano.com\\\/revista\\\/#\\\/schema\\\/logo\\\/image\\\/\",\"url\":\"https:\\\/\\\/centrourbano.com\\\/revista\\\/wp-content\\\/uploads\\\/web_CU_logo-1.png\",\"contentUrl\":\"https:\\\/\\\/centrourbano.com\\\/revista\\\/wp-content\\\/uploads\\\/web_CU_logo-1.png\",\"width\":350,\"height\":91,\"caption\":\"Centro Urbano\"},\"image\":{\"@id\":\"https:\\\/\\\/centrourbano.com\\\/revista\\\/#\\\/schema\\\/logo\\\/image\\\/\"},\"sameAs\":[\"https:\\\/\\\/www.facebook.com\\\/portalcentrourbano\",\"https:\\\/\\\/x.com\\\/CentroUrbano\",\"https:\\\/\\\/www.instagram.com\\\/centro_urbano\\\/\",\"https:\\\/\\\/www.linkedin.com\\\/company\\\/centro-urbano\\\/\",\"http:\\\/\\\/www.youtube.com\\\/user\\\/portalcentrourbano\"]},{\"@type\":\"Person\",\"@id\":\"https:\\\/\\\/centrourbano.com\\\/revista\\\/#\\\/schema\\\/person\\\/fe5429a2f790d21ed026561f3309426b\",\"name\":\"BlogCU 2022\",\"image\":{\"@type\":\"ImageObject\",\"inLanguage\":\"es\",\"@id\":\"https:\\\/\\\/secure.gravatar.com\\\/avatar\\\/5ec2975f6d4b1643c723f08ef135c488131c64cba4524740d438f2e04dbeacdc?s=96&d=mm&r=g\",\"url\":\"https:\\\/\\\/secure.gravatar.com\\\/avatar\\\/5ec2975f6d4b1643c723f08ef135c488131c64cba4524740d438f2e04dbeacdc?s=96&d=mm&r=g\",\"contentUrl\":\"https:\\\/\\\/secure.gravatar.com\\\/avatar\\\/5ec2975f6d4b1643c723f08ef135c488131c64cba4524740d438f2e04dbeacdc?s=96&d=mm&r=g\",\"caption\":\"BlogCU 2022\"},\"url\":\"https:\\\/\\\/centrourbano.com\\\/revista\\\/author\\\/BlogCU 2022\\\/\"}]}<\/script>\n<!-- \/ Yoast SEO plugin. -->","yoast_head_json":{"title":"Gran Inter\u00e9s en la Feria de vivienda 2016 en Yucat\u00e1n -","description":"Durante los tres d\u00edas se alcanz\u00f3 la visita de 7,000 personas y se ofertaron 4,000 viviendas La Feria de Vivienda que se realiz\u00f3 en el Centro de","robots":{"index":"index","follow":"follow","max-snippet":"max-snippet:-1","max-image-preview":"max-image-preview:large","max-video-preview":"max-video-preview:-1"},"canonical":"https:\/\/centrourbano.com\/revista\/vivienda\/gran-interes-en-la-feria-de-vivienda-2016-en-yucatan\/","og_locale":"es_ES","og_type":"article","og_title":"Gran Inter\u00e9s en la Feria de vivienda 2016 en Yucat\u00e1n -","og_description":"Durante los tres d\u00edas se alcanz\u00f3 la visita de 7,000 personas y se ofertaron 4,000 viviendas La Feria de Vivienda que se realiz\u00f3 en el Centro de","og_url":"https:\/\/centrourbano.com\/revista\/vivienda\/gran-interes-en-la-feria-de-vivienda-2016-en-yucatan\/","og_site_name":"Centro Urbano","article_publisher":"https:\/\/www.facebook.com\/portalcentrourbano","article_published_time":"2016-03-07T19:06:18+00:00","article_modified_time":"2016-03-07T19:07:41+00:00","og_image":[{"width":639,"height":360,"url":"https:\/\/centrourbano.com\/revista\/wp-content\/uploads\/FERIA-2.jpg","type":"image\/jpeg"}],"author":"BlogCU 2022","twitter_card":"summary_large_image","twitter_creator":"@CentroUrbano","twitter_site":"@CentroUrbano","twitter_misc":{"Escrito por":"BlogCU 2022","Tiempo de lectura":"1 minuto"},"schema":{"@context":"https:\/\/schema.org","@graph":[{"@type":"Article","@id":"https:\/\/centrourbano.com\/revista\/vivienda\/gran-interes-en-la-feria-de-vivienda-2016-en-yucatan\/#article","isPartOf":{"@id":"https:\/\/centrourbano.com\/revista\/vivienda\/gran-interes-en-la-feria-de-vivienda-2016-en-yucatan\/"},"author":{"name":"BlogCU 2022","@id":"https:\/\/centrourbano.com\/revista\/#\/schema\/person\/fe5429a2f790d21ed026561f3309426b"},"headline":"Gran Inter\u00e9s en la Feria de vivienda 2016 en Yucat\u00e1n","datePublished":"2016-03-07T19:06:18+00:00","dateModified":"2016-03-07T19:07:41+00:00","mainEntityOfPage":{"@id":"https:\/\/centrourbano.com\/revista\/vivienda\/gran-interes-en-la-feria-de-vivienda-2016-en-yucatan\/"},"wordCount":280,"commentCount":0,"publisher":{"@id":"https:\/\/centrourbano.com\/revista\/#organization"},"image":{"@id":"https:\/\/centrourbano.com\/revista\/vivienda\/gran-interes-en-la-feria-de-vivienda-2016-en-yucatan\/#primaryimage"},"thumbnailUrl":"https:\/\/centrourbano.com\/revista\/wp-content\/uploads\/FERIA-2.jpg","keywords":["Compra","desarrollo inmobiliario","habitacionales","venta","Vivienda vertical","vivienda+","vivienderas","Yucat\u00e1n"],"articleSection":["Vivienda"],"inLanguage":"es","potentialAction":[{"@type":"CommentAction","name":"Comment","target":["https:\/\/centrourbano.com\/revista\/vivienda\/gran-interes-en-la-feria-de-vivienda-2016-en-yucatan\/#respond"]}]},{"@type":"WebPage","@id":"https:\/\/centrourbano.com\/revista\/vivienda\/gran-interes-en-la-feria-de-vivienda-2016-en-yucatan\/","url":"https:\/\/centrourbano.com\/revista\/vivienda\/gran-interes-en-la-feria-de-vivienda-2016-en-yucatan\/","name":"Gran Inter\u00e9s en la Feria de vivienda 2016 en Yucat\u00e1n -","isPartOf":{"@id":"https:\/\/centrourbano.com\/revista\/#website"},"primaryImageOfPage":{"@id":"https:\/\/centrourbano.com\/revista\/vivienda\/gran-interes-en-la-feria-de-vivienda-2016-en-yucatan\/#primaryimage"},"image":{"@id":"https:\/\/centrourbano.com\/revista\/vivienda\/gran-interes-en-la-feria-de-vivienda-2016-en-yucatan\/#primaryimage"},"thumbnailUrl":"https:\/\/centrourbano.com\/revista\/wp-content\/uploads\/FERIA-2.jpg","datePublished":"2016-03-07T19:06:18+00:00","dateModified":"2016-03-07T19:07:41+00:00","description":"Durante los tres d\u00edas se alcanz\u00f3 la visita de 7,000 personas y se ofertaron 4,000 viviendas La Feria de Vivienda que se realiz\u00f3 en el Centro de","breadcrumb":{"@id":"https:\/\/centrourbano.com\/revista\/vivienda\/gran-interes-en-la-feria-de-vivienda-2016-en-yucatan\/#breadcrumb"},"inLanguage":"es","potentialAction":[{"@type":"ReadAction","target":["https:\/\/centrourbano.com\/revista\/vivienda\/gran-interes-en-la-feria-de-vivienda-2016-en-yucatan\/"]}]},{"@type":"ImageObject","inLanguage":"es","@id":"https:\/\/centrourbano.com\/revista\/vivienda\/gran-interes-en-la-feria-de-vivienda-2016-en-yucatan\/#primaryimage","url":"https:\/\/centrourbano.com\/revista\/wp-content\/uploads\/FERIA-2.jpg","contentUrl":"https:\/\/centrourbano.com\/revista\/wp-content\/uploads\/FERIA-2.jpg","width":639,"height":360},{"@type":"BreadcrumbList","@id":"https:\/\/centrourbano.com\/revista\/vivienda\/gran-interes-en-la-feria-de-vivienda-2016-en-yucatan\/#breadcrumb","itemListElement":[{"@type":"ListItem","position":1,"name":"Portada","item":"https:\/\/centrourbano.com\/revista\/"},{"@type":"ListItem","position":2,"name":"Gran Inter\u00e9s en la Feria de vivienda 2016 en Yucat\u00e1n"}]},{"@type":"WebSite","@id":"https:\/\/centrourbano.com\/revista\/#website","url":"https:\/\/centrourbano.com\/revista\/","name":"Centro Urbano","description":"Medio especializado en los sectores vivienda, inmobiliario, construcci\u00f3n, arquitectura y urbanismo.","publisher":{"@id":"https:\/\/centrourbano.com\/revista\/#organization"},"potentialAction":[{"@type":"SearchAction","target":{"@type":"EntryPoint","urlTemplate":"https:\/\/centrourbano.com\/revista\/?s={search_term_string}"},"query-input":{"@type":"PropertyValueSpecification","valueRequired":true,"valueName":"search_term_string"}}],"inLanguage":"es"},{"@type":"Organization","@id":"https:\/\/centrourbano.com\/revista\/#organization","name":"Centro Urbano","url":"https:\/\/centrourbano.com\/revista\/","logo":{"@type":"ImageObject","inLanguage":"es","@id":"https:\/\/centrourbano.com\/revista\/#\/schema\/logo\/image\/","url":"https:\/\/centrourbano.com\/revista\/wp-content\/uploads\/web_CU_logo-1.png","contentUrl":"https:\/\/centrourbano.com\/revista\/wp-content\/uploads\/web_CU_logo-1.png","width":350,"height":91,"caption":"Centro Urbano"},"image":{"@id":"https:\/\/centrourbano.com\/revista\/#\/schema\/logo\/image\/"},"sameAs":["https:\/\/www.facebook.com\/portalcentrourbano","https:\/\/x.com\/CentroUrbano","https:\/\/www.instagram.com\/centro_urbano\/","https:\/\/www.linkedin.com\/company\/centro-urbano\/","http:\/\/www.youtube.com\/user\/portalcentrourbano"]},{"@type":"Person","@id":"https:\/\/centrourbano.com\/revista\/#\/schema\/person\/fe5429a2f790d21ed026561f3309426b","name":"BlogCU 2022","image":{"@type":"ImageObject","inLanguage":"es","@id":"https:\/\/secure.gravatar.com\/avatar\/5ec2975f6d4b1643c723f08ef135c488131c64cba4524740d438f2e04dbeacdc?s=96&d=mm&r=g","url":"https:\/\/secure.gravatar.com\/avatar\/5ec2975f6d4b1643c723f08ef135c488131c64cba4524740d438f2e04dbeacdc?s=96&d=mm&r=g","contentUrl":"https:\/\/secure.gravatar.com\/avatar\/5ec2975f6d4b1643c723f08ef135c488131c64cba4524740d438f2e04dbeacdc?s=96&d=mm&r=g","caption":"BlogCU 2022"},"url":"https:\/\/centrourbano.com\/revista\/author\/BlogCU 2022\/"}]}},"_links":{"self":[{"href":"https:\/\/centrourbano.com\/revista\/wp-json\/wp\/v2\/posts\/31614","targetHints":{"allow":["GET"]}}],"collection":[{"href":"https:\/\/centrourbano.com\/revista\/wp-json\/wp\/v2\/posts"}],"about":[{"href":"https:\/\/centrourbano.com\/revista\/wp-json\/wp\/v2\/types\/post"}],"author":[{"embeddable":true,"href":"https:\/\/centrourbano.com\/revista\/wp-json\/wp\/v2\/users\/1"}],"replies":[{"embeddable":true,"href":"https:\/\/centrourbano.com\/revista\/wp-json\/wp\/v2\/comments?post=31614"}],"version-history":[{"count":0,"href":"https:\/\/centrourbano.com\/revista\/wp-json\/wp\/v2\/posts\/31614\/revisions"}],"wp:featuredmedia":[{"embeddable":true,"href":"https:\/\/centrourbano.com\/revista\/wp-json\/wp\/v2\/media\/31615"}],"wp:attachment":[{"href":"https:\/\/centrourbano.com\/revista\/wp-json\/wp\/v2\/media?parent=31614"}],"wp:term":[{"taxonomy":"category","embeddable":true,"href":"https:\/\/centrourbano.com\/revista\/wp-json\/wp\/v2\/categories?post=31614"},{"taxonomy":"post_tag","embeddable":true,"href":"https:\/\/centrourbano.com\/revista\/wp-json\/wp\/v2\/tags?post=31614"}],"curies":[{"name":"wp","href":"https:\/\/api.w.org\/{rel}","templated":true}]}}