{"id":31602,"date":"2016-03-07T12:42:05","date_gmt":"2016-03-07T18:42:05","guid":{"rendered":"http:\/\/centrourbano.com\/?p=31602"},"modified":"2016-03-07T13:06:46","modified_gmt":"2016-03-07T19:06:46","slug":"proponen-que-gran-rueda-cdmx-se-ubique-junto-al-auditorio","status":"publish","type":"post","link":"https:\/\/centrourbano.com\/revista\/actualidad\/proponen-que-gran-rueda-cdmx-se-ubique-junto-al-auditorio\/","title":{"rendered":"Proponen que Gran Rueda CDMX se ubique junto al Auditorio Nacional"},"content":{"rendered":"<p><em>El terreno fue recuperado junto con el estacionamiento del Bosque de Chapultepec <\/em><!--more--><\/p>\n<p>La secretaria de Medio Ambiente (Sedema), Tanya M\u00fcller Garc\u00eda, y la secretaria de Gobierno de la CDMX, Patricia Mercado, dieron a conocer en conferencia de prensa la recuperaci\u00f3n de dos espacios que en conjunto suman 8,500 metros cuadrados. <\/p>\n<p>\u201cLa semana pasada recuperamos el estacionamiento del Bosque de Chapultepec, despu\u00e9s de un litigio de m\u00e1s de 20 a\u00f1os, esto es muy importante para el Gobierno de la Ciudad de M\u00e9xico y para el Bosque de Chapultepec\u201d, indic\u00f3 Tanya Muller. <\/p>\n<p>Dicho terreno es aproximadamente 5,000 m2, con una capacidad para 800 veh\u00edculos; en tanto, el terreno de \u201cLa Hondonada\u201d, a un costado del Auditorio Nacional, el cual fue abandonado por m\u00e1s de 13 a\u00f1os mide 3,500 m2, el cual ser\u00e1 rehabilitado. <\/p>\n<p>\u201cEn este contexto, el Gobierno de la Ciudad, le propone, el d\u00eda de hoy al Consejo Rector Ciudadano (del Bosques de Chapultepec), este lugar para la Rueda de la Ciudad de M\u00e9xico, como una recuperaci\u00f3n integral del espacio\u201d, se\u00f1al\u00f3 la Secretaria.<\/p>\n<p>Por \u00faltimo, Tanya M\u00fcller asegur\u00f3 que con dichas acciones, el gobierno contin\u00faa con la recuperaci\u00f3n integral de espacios p\u00fablicos y de la rehabilitaci\u00f3n del Bosque de Chapultepec.<\/p>\n","protected":false},"excerpt":{"rendered":"<p>El terreno fue recuperado junto con el estacionamiento del Bosque de Chapultepec<\/p>\n","protected":false},"author":77,"featured_media":31610,"comment_status":"open","ping_status":"closed","sticky":false,"template":"","format":"standard","meta":{"inline_featured_image":false,"footnotes":""},"categories":[80,82],"tags":[3772,1142,7813,167,2301],"class_list":["post-31602","post","type-post","status-publish","format-standard","has-post-thumbnail","hentry","category-actualidad","category-urbanismo","tag-auditorio-nacional","tag-bosque-de-chapultepec","tag-gran-rueda-cdmx","tag-sedema","tag-tanya-muller"],"yoast_head":"<!-- This site is optimized with the Yoast SEO plugin v28.4 - https:\/\/yoast.com\/product\/yoast-seo-wordpress\/ -->\n<title>Proponen que Gran Rueda CDMX se ubique junto al Auditorio Nacional -<\/title>\n<meta name=\"description\" content=\"El terreno fue recuperado junto con el estacionamiento del Bosque de Chapultepec La secretaria de Medio Ambiente (Sedema), Tanya M\u00fcller Garc\u00eda, y la\" \/>\n<meta name=\"robots\" content=\"index, follow, max-snippet:-1, max-image-preview:large, max-video-preview:-1\" \/>\n<link rel=\"canonical\" href=\"https:\/\/centrourbano.com\/revista\/actualidad\/proponen-que-gran-rueda-cdmx-se-ubique-junto-al-auditorio\/\" \/>\n<meta property=\"og:locale\" content=\"es_ES\" \/>\n<meta property=\"og:type\" content=\"article\" \/>\n<meta property=\"og:title\" content=\"Proponen que Gran Rueda CDMX se ubique junto al Auditorio Nacional -\" \/>\n<meta property=\"og:description\" content=\"El terreno fue recuperado junto con el estacionamiento del Bosque de Chapultepec La secretaria de Medio Ambiente (Sedema), Tanya M\u00fcller Garc\u00eda, y la\" \/>\n<meta property=\"og:url\" content=\"https:\/\/centrourbano.com\/revista\/actualidad\/proponen-que-gran-rueda-cdmx-se-ubique-junto-al-auditorio\/\" \/>\n<meta property=\"og:site_name\" content=\"Centro Urbano\" \/>\n<meta property=\"article:publisher\" content=\"https:\/\/www.facebook.com\/portalcentrourbano\" \/>\n<meta property=\"article:published_time\" content=\"2016-03-07T18:42:05+00:00\" \/>\n<meta property=\"article:modified_time\" content=\"2016-03-07T19:06:46+00:00\" \/>\n<meta property=\"og:image\" content=\"https:\/\/centrourbano.com\/revista\/wp-content\/uploads\/SEDEMA.jpg\" \/>\n\t<meta property=\"og:image:width\" content=\"720\" \/>\n\t<meta property=\"og:image:height\" content=\"480\" \/>\n\t<meta property=\"og:image:type\" content=\"image\/jpeg\" \/>\n<meta name=\"author\" content=\"G4A\" \/>\n<meta name=\"twitter:card\" content=\"summary_large_image\" \/>\n<meta name=\"twitter:creator\" content=\"@CentroUrbano\" \/>\n<meta name=\"twitter:site\" content=\"@CentroUrbano\" \/>\n<meta name=\"twitter:label1\" content=\"Escrito por\" \/>\n\t<meta name=\"twitter:data1\" content=\"G4A\" \/>\n\t<meta name=\"twitter:label2\" content=\"Tiempo de lectura\" \/>\n\t<meta name=\"twitter:data2\" content=\"1 minuto\" \/>\n<script type=\"application\/ld+json\" class=\"yoast-schema-graph\">{\"@context\":\"https:\\\/\\\/schema.org\",\"@graph\":[{\"@type\":\"Article\",\"@id\":\"https:\\\/\\\/centrourbano.com\\\/revista\\\/actualidad\\\/proponen-que-gran-rueda-cdmx-se-ubique-junto-al-auditorio\\\/#article\",\"isPartOf\":{\"@id\":\"https:\\\/\\\/centrourbano.com\\\/revista\\\/actualidad\\\/proponen-que-gran-rueda-cdmx-se-ubique-junto-al-auditorio\\\/\"},\"author\":{\"name\":\"G4A\",\"@id\":\"https:\\\/\\\/centrourbano.com\\\/revista\\\/#\\\/schema\\\/person\\\/370fa0ba2d8dd5bde3fdb8b62ad360aa\"},\"headline\":\"Proponen que Gran Rueda CDMX se ubique junto al Auditorio Nacional\",\"datePublished\":\"2016-03-07T18:42:05+00:00\",\"dateModified\":\"2016-03-07T19:06:46+00:00\",\"mainEntityOfPage\":{\"@id\":\"https:\\\/\\\/centrourbano.com\\\/revista\\\/actualidad\\\/proponen-que-gran-rueda-cdmx-se-ubique-junto-al-auditorio\\\/\"},\"wordCount\":223,\"commentCount\":0,\"publisher\":{\"@id\":\"https:\\\/\\\/centrourbano.com\\\/revista\\\/#organization\"},\"image\":{\"@id\":\"https:\\\/\\\/centrourbano.com\\\/revista\\\/actualidad\\\/proponen-que-gran-rueda-cdmx-se-ubique-junto-al-auditorio\\\/#primaryimage\"},\"thumbnailUrl\":\"https:\\\/\\\/centrourbano.com\\\/revista\\\/wp-content\\\/uploads\\\/SEDEMA.jpg\",\"keywords\":[\"Auditorio Nacional\",\"bosque de Chapultepec\",\"Gran Rueda CDMX\",\"Sedema\",\"Tanya M\u00fcller\"],\"articleSection\":[\"Actualidad\",\"Urbanismo\"],\"inLanguage\":\"es\"},{\"@type\":\"WebPage\",\"@id\":\"https:\\\/\\\/centrourbano.com\\\/revista\\\/actualidad\\\/proponen-que-gran-rueda-cdmx-se-ubique-junto-al-auditorio\\\/\",\"url\":\"https:\\\/\\\/centrourbano.com\\\/revista\\\/actualidad\\\/proponen-que-gran-rueda-cdmx-se-ubique-junto-al-auditorio\\\/\",\"name\":\"Proponen que Gran Rueda CDMX se ubique junto al Auditorio Nacional -\",\"isPartOf\":{\"@id\":\"https:\\\/\\\/centrourbano.com\\\/revista\\\/#website\"},\"primaryImageOfPage\":{\"@id\":\"https:\\\/\\\/centrourbano.com\\\/revista\\\/actualidad\\\/proponen-que-gran-rueda-cdmx-se-ubique-junto-al-auditorio\\\/#primaryimage\"},\"image\":{\"@id\":\"https:\\\/\\\/centrourbano.com\\\/revista\\\/actualidad\\\/proponen-que-gran-rueda-cdmx-se-ubique-junto-al-auditorio\\\/#primaryimage\"},\"thumbnailUrl\":\"https:\\\/\\\/centrourbano.com\\\/revista\\\/wp-content\\\/uploads\\\/SEDEMA.jpg\",\"datePublished\":\"2016-03-07T18:42:05+00:00\",\"dateModified\":\"2016-03-07T19:06:46+00:00\",\"description\":\"El terreno fue recuperado junto con el estacionamiento del Bosque de Chapultepec La secretaria de Medio Ambiente (Sedema), Tanya M\u00fcller Garc\u00eda, y la\",\"breadcrumb\":{\"@id\":\"https:\\\/\\\/centrourbano.com\\\/revista\\\/actualidad\\\/proponen-que-gran-rueda-cdmx-se-ubique-junto-al-auditorio\\\/#breadcrumb\"},\"inLanguage\":\"es\",\"potentialAction\":[{\"@type\":\"ReadAction\",\"target\":[\"https:\\\/\\\/centrourbano.com\\\/revista\\\/actualidad\\\/proponen-que-gran-rueda-cdmx-se-ubique-junto-al-auditorio\\\/\"]}]},{\"@type\":\"ImageObject\",\"inLanguage\":\"es\",\"@id\":\"https:\\\/\\\/centrourbano.com\\\/revista\\\/actualidad\\\/proponen-que-gran-rueda-cdmx-se-ubique-junto-al-auditorio\\\/#primaryimage\",\"url\":\"https:\\\/\\\/centrourbano.com\\\/revista\\\/wp-content\\\/uploads\\\/SEDEMA.jpg\",\"contentUrl\":\"https:\\\/\\\/centrourbano.com\\\/revista\\\/wp-content\\\/uploads\\\/SEDEMA.jpg\",\"width\":720,\"height\":480},{\"@type\":\"BreadcrumbList\",\"@id\":\"https:\\\/\\\/centrourbano.com\\\/revista\\\/actualidad\\\/proponen-que-gran-rueda-cdmx-se-ubique-junto-al-auditorio\\\/#breadcrumb\",\"itemListElement\":[{\"@type\":\"ListItem\",\"position\":1,\"name\":\"Portada\",\"item\":\"https:\\\/\\\/centrourbano.com\\\/revista\\\/\"},{\"@type\":\"ListItem\",\"position\":2,\"name\":\"Proponen que Gran Rueda CDMX se ubique junto al Auditorio Nacional\"}]},{\"@type\":\"WebSite\",\"@id\":\"https:\\\/\\\/centrourbano.com\\\/revista\\\/#website\",\"url\":\"https:\\\/\\\/centrourbano.com\\\/revista\\\/\",\"name\":\"Centro Urbano\",\"description\":\"Medio especializado en los sectores vivienda, inmobiliario, construcci\u00f3n, arquitectura y urbanismo.\",\"publisher\":{\"@id\":\"https:\\\/\\\/centrourbano.com\\\/revista\\\/#organization\"},\"potentialAction\":[{\"@type\":\"SearchAction\",\"target\":{\"@type\":\"EntryPoint\",\"urlTemplate\":\"https:\\\/\\\/centrourbano.com\\\/revista\\\/?s={search_term_string}\"},\"query-input\":{\"@type\":\"PropertyValueSpecification\",\"valueRequired\":true,\"valueName\":\"search_term_string\"}}],\"inLanguage\":\"es\"},{\"@type\":\"Organization\",\"@id\":\"https:\\\/\\\/centrourbano.com\\\/revista\\\/#organization\",\"name\":\"Centro Urbano\",\"url\":\"https:\\\/\\\/centrourbano.com\\\/revista\\\/\",\"logo\":{\"@type\":\"ImageObject\",\"inLanguage\":\"es\",\"@id\":\"https:\\\/\\\/centrourbano.com\\\/revista\\\/#\\\/schema\\\/logo\\\/image\\\/\",\"url\":\"https:\\\/\\\/centrourbano.com\\\/revista\\\/wp-content\\\/uploads\\\/web_CU_logo-1.png\",\"contentUrl\":\"https:\\\/\\\/centrourbano.com\\\/revista\\\/wp-content\\\/uploads\\\/web_CU_logo-1.png\",\"width\":350,\"height\":91,\"caption\":\"Centro Urbano\"},\"image\":{\"@id\":\"https:\\\/\\\/centrourbano.com\\\/revista\\\/#\\\/schema\\\/logo\\\/image\\\/\"},\"sameAs\":[\"https:\\\/\\\/www.facebook.com\\\/portalcentrourbano\",\"https:\\\/\\\/x.com\\\/CentroUrbano\",\"https:\\\/\\\/www.instagram.com\\\/centro_urbano\\\/\",\"https:\\\/\\\/www.linkedin.com\\\/company\\\/centro-urbano\\\/\",\"http:\\\/\\\/www.youtube.com\\\/user\\\/portalcentrourbano\"]},{\"@type\":\"Person\",\"@id\":\"https:\\\/\\\/centrourbano.com\\\/revista\\\/#\\\/schema\\\/person\\\/370fa0ba2d8dd5bde3fdb8b62ad360aa\",\"name\":\"G4A\",\"image\":{\"@type\":\"ImageObject\",\"inLanguage\":\"es\",\"@id\":\"https:\\\/\\\/secure.gravatar.com\\\/avatar\\\/932a97121b13d5de5bbd8193c6c83d3b92c9eda0f39623607d4280e7a5778d97?s=96&d=mm&r=g\",\"url\":\"https:\\\/\\\/secure.gravatar.com\\\/avatar\\\/932a97121b13d5de5bbd8193c6c83d3b92c9eda0f39623607d4280e7a5778d97?s=96&d=mm&r=g\",\"contentUrl\":\"https:\\\/\\\/secure.gravatar.com\\\/avatar\\\/932a97121b13d5de5bbd8193c6c83d3b92c9eda0f39623607d4280e7a5778d97?s=96&d=mm&r=g\",\"caption\":\"G4A\"},\"url\":\"https:\\\/\\\/centrourbano.com\\\/revista\\\/author\\\/admin-g4a\\\/\"}]}<\/script>\n<!-- \/ Yoast SEO plugin. -->","yoast_head_json":{"title":"Proponen que Gran Rueda CDMX se ubique junto al Auditorio Nacional -","description":"El terreno fue recuperado junto con el estacionamiento del Bosque de Chapultepec La secretaria de Medio Ambiente (Sedema), Tanya M\u00fcller Garc\u00eda, y la","robots":{"index":"index","follow":"follow","max-snippet":"max-snippet:-1","max-image-preview":"max-image-preview:large","max-video-preview":"max-video-preview:-1"},"canonical":"https:\/\/centrourbano.com\/revista\/actualidad\/proponen-que-gran-rueda-cdmx-se-ubique-junto-al-auditorio\/","og_locale":"es_ES","og_type":"article","og_title":"Proponen que Gran Rueda CDMX se ubique junto al Auditorio Nacional -","og_description":"El terreno fue recuperado junto con el estacionamiento del Bosque de Chapultepec La secretaria de Medio Ambiente (Sedema), Tanya M\u00fcller Garc\u00eda, y la","og_url":"https:\/\/centrourbano.com\/revista\/actualidad\/proponen-que-gran-rueda-cdmx-se-ubique-junto-al-auditorio\/","og_site_name":"Centro Urbano","article_publisher":"https:\/\/www.facebook.com\/portalcentrourbano","article_published_time":"2016-03-07T18:42:05+00:00","article_modified_time":"2016-03-07T19:06:46+00:00","og_image":[{"width":720,"height":480,"url":"https:\/\/centrourbano.com\/revista\/wp-content\/uploads\/SEDEMA.jpg","type":"image\/jpeg"}],"author":"G4A","twitter_card":"summary_large_image","twitter_creator":"@CentroUrbano","twitter_site":"@CentroUrbano","twitter_misc":{"Escrito por":"G4A","Tiempo de lectura":"1 minuto"},"schema":{"@context":"https:\/\/schema.org","@graph":[{"@type":"Article","@id":"https:\/\/centrourbano.com\/revista\/actualidad\/proponen-que-gran-rueda-cdmx-se-ubique-junto-al-auditorio\/#article","isPartOf":{"@id":"https:\/\/centrourbano.com\/revista\/actualidad\/proponen-que-gran-rueda-cdmx-se-ubique-junto-al-auditorio\/"},"author":{"name":"G4A","@id":"https:\/\/centrourbano.com\/revista\/#\/schema\/person\/370fa0ba2d8dd5bde3fdb8b62ad360aa"},"headline":"Proponen que Gran Rueda CDMX se ubique junto al Auditorio Nacional","datePublished":"2016-03-07T18:42:05+00:00","dateModified":"2016-03-07T19:06:46+00:00","mainEntityOfPage":{"@id":"https:\/\/centrourbano.com\/revista\/actualidad\/proponen-que-gran-rueda-cdmx-se-ubique-junto-al-auditorio\/"},"wordCount":223,"commentCount":0,"publisher":{"@id":"https:\/\/centrourbano.com\/revista\/#organization"},"image":{"@id":"https:\/\/centrourbano.com\/revista\/actualidad\/proponen-que-gran-rueda-cdmx-se-ubique-junto-al-auditorio\/#primaryimage"},"thumbnailUrl":"https:\/\/centrourbano.com\/revista\/wp-content\/uploads\/SEDEMA.jpg","keywords":["Auditorio Nacional","bosque de Chapultepec","Gran Rueda CDMX","Sedema","Tanya M\u00fcller"],"articleSection":["Actualidad","Urbanismo"],"inLanguage":"es"},{"@type":"WebPage","@id":"https:\/\/centrourbano.com\/revista\/actualidad\/proponen-que-gran-rueda-cdmx-se-ubique-junto-al-auditorio\/","url":"https:\/\/centrourbano.com\/revista\/actualidad\/proponen-que-gran-rueda-cdmx-se-ubique-junto-al-auditorio\/","name":"Proponen que Gran Rueda CDMX se ubique junto al Auditorio Nacional -","isPartOf":{"@id":"https:\/\/centrourbano.com\/revista\/#website"},"primaryImageOfPage":{"@id":"https:\/\/centrourbano.com\/revista\/actualidad\/proponen-que-gran-rueda-cdmx-se-ubique-junto-al-auditorio\/#primaryimage"},"image":{"@id":"https:\/\/centrourbano.com\/revista\/actualidad\/proponen-que-gran-rueda-cdmx-se-ubique-junto-al-auditorio\/#primaryimage"},"thumbnailUrl":"https:\/\/centrourbano.com\/revista\/wp-content\/uploads\/SEDEMA.jpg","datePublished":"2016-03-07T18:42:05+00:00","dateModified":"2016-03-07T19:06:46+00:00","description":"El terreno fue recuperado junto con el estacionamiento del Bosque de Chapultepec La secretaria de Medio Ambiente (Sedema), Tanya M\u00fcller Garc\u00eda, y la","breadcrumb":{"@id":"https:\/\/centrourbano.com\/revista\/actualidad\/proponen-que-gran-rueda-cdmx-se-ubique-junto-al-auditorio\/#breadcrumb"},"inLanguage":"es","potentialAction":[{"@type":"ReadAction","target":["https:\/\/centrourbano.com\/revista\/actualidad\/proponen-que-gran-rueda-cdmx-se-ubique-junto-al-auditorio\/"]}]},{"@type":"ImageObject","inLanguage":"es","@id":"https:\/\/centrourbano.com\/revista\/actualidad\/proponen-que-gran-rueda-cdmx-se-ubique-junto-al-auditorio\/#primaryimage","url":"https:\/\/centrourbano.com\/revista\/wp-content\/uploads\/SEDEMA.jpg","contentUrl":"https:\/\/centrourbano.com\/revista\/wp-content\/uploads\/SEDEMA.jpg","width":720,"height":480},{"@type":"BreadcrumbList","@id":"https:\/\/centrourbano.com\/revista\/actualidad\/proponen-que-gran-rueda-cdmx-se-ubique-junto-al-auditorio\/#breadcrumb","itemListElement":[{"@type":"ListItem","position":1,"name":"Portada","item":"https:\/\/centrourbano.com\/revista\/"},{"@type":"ListItem","position":2,"name":"Proponen que Gran Rueda CDMX se ubique junto al Auditorio Nacional"}]},{"@type":"WebSite","@id":"https:\/\/centrourbano.com\/revista\/#website","url":"https:\/\/centrourbano.com\/revista\/","name":"Centro Urbano","description":"Medio especializado en los sectores vivienda, inmobiliario, construcci\u00f3n, arquitectura y urbanismo.","publisher":{"@id":"https:\/\/centrourbano.com\/revista\/#organization"},"potentialAction":[{"@type":"SearchAction","target":{"@type":"EntryPoint","urlTemplate":"https:\/\/centrourbano.com\/revista\/?s={search_term_string}"},"query-input":{"@type":"PropertyValueSpecification","valueRequired":true,"valueName":"search_term_string"}}],"inLanguage":"es"},{"@type":"Organization","@id":"https:\/\/centrourbano.com\/revista\/#organization","name":"Centro Urbano","url":"https:\/\/centrourbano.com\/revista\/","logo":{"@type":"ImageObject","inLanguage":"es","@id":"https:\/\/centrourbano.com\/revista\/#\/schema\/logo\/image\/","url":"https:\/\/centrourbano.com\/revista\/wp-content\/uploads\/web_CU_logo-1.png","contentUrl":"https:\/\/centrourbano.com\/revista\/wp-content\/uploads\/web_CU_logo-1.png","width":350,"height":91,"caption":"Centro Urbano"},"image":{"@id":"https:\/\/centrourbano.com\/revista\/#\/schema\/logo\/image\/"},"sameAs":["https:\/\/www.facebook.com\/portalcentrourbano","https:\/\/x.com\/CentroUrbano","https:\/\/www.instagram.com\/centro_urbano\/","https:\/\/www.linkedin.com\/company\/centro-urbano\/","http:\/\/www.youtube.com\/user\/portalcentrourbano"]},{"@type":"Person","@id":"https:\/\/centrourbano.com\/revista\/#\/schema\/person\/370fa0ba2d8dd5bde3fdb8b62ad360aa","name":"G4A","image":{"@type":"ImageObject","inLanguage":"es","@id":"https:\/\/secure.gravatar.com\/avatar\/932a97121b13d5de5bbd8193c6c83d3b92c9eda0f39623607d4280e7a5778d97?s=96&d=mm&r=g","url":"https:\/\/secure.gravatar.com\/avatar\/932a97121b13d5de5bbd8193c6c83d3b92c9eda0f39623607d4280e7a5778d97?s=96&d=mm&r=g","contentUrl":"https:\/\/secure.gravatar.com\/avatar\/932a97121b13d5de5bbd8193c6c83d3b92c9eda0f39623607d4280e7a5778d97?s=96&d=mm&r=g","caption":"G4A"},"url":"https:\/\/centrourbano.com\/revista\/author\/admin-g4a\/"}]}},"_links":{"self":[{"href":"https:\/\/centrourbano.com\/revista\/wp-json\/wp\/v2\/posts\/31602","targetHints":{"allow":["GET"]}}],"collection":[{"href":"https:\/\/centrourbano.com\/revista\/wp-json\/wp\/v2\/posts"}],"about":[{"href":"https:\/\/centrourbano.com\/revista\/wp-json\/wp\/v2\/types\/post"}],"author":[{"embeddable":true,"href":"https:\/\/centrourbano.com\/revista\/wp-json\/wp\/v2\/users\/77"}],"replies":[{"embeddable":true,"href":"https:\/\/centrourbano.com\/revista\/wp-json\/wp\/v2\/comments?post=31602"}],"version-history":[{"count":0,"href":"https:\/\/centrourbano.com\/revista\/wp-json\/wp\/v2\/posts\/31602\/revisions"}],"wp:featuredmedia":[{"embeddable":true,"href":"https:\/\/centrourbano.com\/revista\/wp-json\/wp\/v2\/media\/31610"}],"wp:attachment":[{"href":"https:\/\/centrourbano.com\/revista\/wp-json\/wp\/v2\/media?parent=31602"}],"wp:term":[{"taxonomy":"category","embeddable":true,"href":"https:\/\/centrourbano.com\/revista\/wp-json\/wp\/v2\/categories?post=31602"},{"taxonomy":"post_tag","embeddable":true,"href":"https:\/\/centrourbano.com\/revista\/wp-json\/wp\/v2\/tags?post=31602"}],"curies":[{"name":"wp","href":"https:\/\/api.w.org\/{rel}","templated":true}]}}