{"id":31464,"date":"2016-03-03T11:30:55","date_gmt":"2016-03-03T17:30:55","guid":{"rendered":"http:\/\/centrourbano.com\/?p=31464"},"modified":"2016-03-03T11:30:55","modified_gmt":"2016-03-03T17:30:55","slug":"proponen-construccion-de-pequena-ciudad-en-un-buque-antiguo","status":"publish","type":"post","link":"https:\/\/centrourbano.com\/revista\/urbanismo\/proponen-construccion-de-pequena-ciudad-en-un-buque-antiguo\/","title":{"rendered":"Proponen construcci\u00f3n de peque\u00f1a ciudad en un buque antiguo"},"content":{"rendered":"<p><em>Los dise\u00f1adores esperan que se convierta en un nuevo \u00edcono \u00e1rabe<\/em><br \/>\n<!--more--><\/p>\n<p>Cuatro dise\u00f1adores holandeses generaron una propuesta para la reutilizaci\u00f3n de un buque petrolero abandonado en la regi\u00f3n del Golfo Sur para la construcci\u00f3n de una peque\u00f1a ciudad. La propuesta fue hecha por Chris Collaris, Ruben Esser, Sander Bakker y Patrick van der Gronde, quienes la titularon como \u201cThe Black Gold\u201d. <\/p>\n<p>Los dise\u00f1adores expusieron que este barco es el \u201cicono perfecto\u201d para representar la historia geogr\u00e1fica, econ\u00f3mica y cultural de los estados petroleros \u00e1rabes; un icono que -seg\u00fan ellos- quedar\u00e1 cada vez m\u00e1s obsoleto en manos de las nuevas infraestructuras de tuber\u00edas.<\/p>\n<a href=\"http:\/\/centrourbano.com\/revista\/wp-content\/uploads\/tanker8-e1457026189260.jpg\" rel=\"attachment wp-att-31465\"><img loading=\"lazy\" decoding=\"async\" src=\"http:\/\/centrourbano.com\/revista\/wp-content\/uploads\/tanker8-300x252.jpg\" alt=\"tanker8\" width=\"300\" height=\"252\" class=\"alignnone size-medium wp-image-31465\" \/><\/a>\n<p>\u201cLas perspectivas financieras sin precedentes de los estados \u00e1rabes en la regi\u00f3n del Golfo Sur ha generado una enorme cantidad de nuevos edificios con pretensiones ic\u00f3nicas. M\u00faltiples nuevos rascacielos, aeropuertos, centros cient\u00edficos y tecnol\u00f3gicos, escuelas de negocios y universidades, cadenas de hoteles, centros comerciales y museos se han construido. En contraste con esta gigantesca oleada de nuevos edificios, las pretensiones leg\u00edtimas de expansi\u00f3n cultural de los estados \u00e1rabes se est\u00e1n discutiendo con m\u00e1s fuerza\u201d, dijeron. <\/p>\n<p>Su propuesta pretende cambiar la funci\u00f3n del buque petrolero de manera sostenible y funcional, asegurando que el barco anclado se puede mantener como un verdadero nuevo-icono.<\/p>\n<p>La estructura de los tanques de almacenamiento facilita las posibilidades para la adaptaci\u00f3n de nuevos usos. Las paredes dobles de acero generan una fachada clim\u00e1tica sostenible y puede albergar una considerable cantidad de habitantes. <\/p>\n","protected":false},"excerpt":{"rendered":"<p>Los dise\u00f1adores esperan que se convierta en un nuevo \u00edcono \u00e1rabe<\/p>\n","protected":false},"author":36,"featured_media":31466,"comment_status":"open","ping_status":"closed","sticky":false,"template":"","format":"standard","meta":{"om_disable_all_campaigns":false,"inline_featured_image":false,"_monsterinsights_skip_tracking":false,"_monsterinsights_sitenote_active":false,"_monsterinsights_sitenote_note":"","_monsterinsights_sitenote_category":0,"footnotes":""},"categories":[82],"tags":[7830,132,22,7831],"class_list":["post-31464","post","type-post","status-publish","format-standard","has-post-thumbnail","hentry","category-urbanismo","tag-buque-petrolero","tag-ciudad","tag-construccion-2","tag-the-black-gold"],"yoast_head":"<!-- This site is optimized with the Yoast SEO plugin v27.5 - https:\/\/yoast.com\/product\/yoast-seo-wordpress\/ -->\n<title>Proponen construcci\u00f3n de peque\u00f1a ciudad en un buque antiguo -<\/title>\n<meta name=\"description\" content=\"Los dise\u00f1adores esperan que se convierta en un nuevo \u00edcono \u00e1rabe Cuatro dise\u00f1adores holandeses generaron una propuesta para la reutilizaci\u00f3n de un buque\" \/>\n<meta name=\"robots\" content=\"index, follow, max-snippet:-1, max-image-preview:large, max-video-preview:-1\" \/>\n<link rel=\"canonical\" href=\"https:\/\/centrourbano.com\/revista\/urbanismo\/proponen-construccion-de-pequena-ciudad-en-un-buque-antiguo\/\" \/>\n<meta property=\"og:locale\" content=\"es_ES\" \/>\n<meta property=\"og:type\" content=\"article\" \/>\n<meta property=\"og:title\" content=\"Proponen construcci\u00f3n de peque\u00f1a ciudad en un buque antiguo -\" \/>\n<meta property=\"og:description\" content=\"Los dise\u00f1adores esperan que se convierta en un nuevo \u00edcono \u00e1rabe Cuatro dise\u00f1adores holandeses generaron una propuesta para la reutilizaci\u00f3n de un buque\" \/>\n<meta property=\"og:url\" content=\"https:\/\/centrourbano.com\/revista\/urbanismo\/proponen-construccion-de-pequena-ciudad-en-un-buque-antiguo\/\" \/>\n<meta property=\"og:site_name\" content=\"Centro Urbano\" \/>\n<meta property=\"article:publisher\" content=\"https:\/\/www.facebook.com\/portalcentrourbano\" \/>\n<meta property=\"article:published_time\" content=\"2016-03-03T17:30:55+00:00\" \/>\n<meta property=\"og:image\" content=\"https:\/\/centrourbano.com\/revista\/wp-content\/uploads\/tanker-e1457026229894.jpg\" \/>\n\t<meta property=\"og:image:width\" content=\"600\" \/>\n\t<meta property=\"og:image:height\" content=\"257\" \/>\n\t<meta property=\"og:image:type\" content=\"image\/jpeg\" \/>\n<meta name=\"author\" content=\"Yareth Casanova\" \/>\n<meta name=\"twitter:card\" content=\"summary_large_image\" \/>\n<meta name=\"twitter:creator\" content=\"@CentroUrbano\" \/>\n<meta name=\"twitter:site\" content=\"@CentroUrbano\" \/>\n<meta name=\"twitter:label1\" content=\"Escrito por\" \/>\n\t<meta name=\"twitter:data1\" content=\"Yareth Casanova\" \/>\n\t<meta name=\"twitter:label2\" content=\"Tiempo de lectura\" \/>\n\t<meta name=\"twitter:data2\" content=\"1 minuto\" \/>\n<script type=\"application\/ld+json\" class=\"yoast-schema-graph\">{\"@context\":\"https:\\\/\\\/schema.org\",\"@graph\":[{\"@type\":\"Article\",\"@id\":\"https:\\\/\\\/centrourbano.com\\\/revista\\\/urbanismo\\\/proponen-construccion-de-pequena-ciudad-en-un-buque-antiguo\\\/#article\",\"isPartOf\":{\"@id\":\"https:\\\/\\\/centrourbano.com\\\/revista\\\/urbanismo\\\/proponen-construccion-de-pequena-ciudad-en-un-buque-antiguo\\\/\"},\"author\":{\"name\":\"Yareth Casanova\",\"@id\":\"https:\\\/\\\/centrourbano.com\\\/revista\\\/#\\\/schema\\\/person\\\/dae97fa1bb2cf633b516aff6ba661f46\"},\"headline\":\"Proponen construcci\u00f3n de peque\u00f1a ciudad en un buque antiguo\",\"datePublished\":\"2016-03-03T17:30:55+00:00\",\"mainEntityOfPage\":{\"@id\":\"https:\\\/\\\/centrourbano.com\\\/revista\\\/urbanismo\\\/proponen-construccion-de-pequena-ciudad-en-un-buque-antiguo\\\/\"},\"wordCount\":272,\"commentCount\":0,\"publisher\":{\"@id\":\"https:\\\/\\\/centrourbano.com\\\/revista\\\/#organization\"},\"image\":{\"@id\":\"https:\\\/\\\/centrourbano.com\\\/revista\\\/urbanismo\\\/proponen-construccion-de-pequena-ciudad-en-un-buque-antiguo\\\/#primaryimage\"},\"thumbnailUrl\":\"https:\\\/\\\/centrourbano.com\\\/revista\\\/wp-content\\\/uploads\\\/tanker-e1457026229894.jpg\",\"keywords\":[\"buque petrolero\",\"Ciudad\",\"construcci\u00f3n\",\"The Black Gold\"],\"articleSection\":[\"Urbanismo\"],\"inLanguage\":\"es\",\"potentialAction\":[{\"@type\":\"CommentAction\",\"name\":\"Comment\",\"target\":[\"https:\\\/\\\/centrourbano.com\\\/revista\\\/urbanismo\\\/proponen-construccion-de-pequena-ciudad-en-un-buque-antiguo\\\/#respond\"]}]},{\"@type\":\"WebPage\",\"@id\":\"https:\\\/\\\/centrourbano.com\\\/revista\\\/urbanismo\\\/proponen-construccion-de-pequena-ciudad-en-un-buque-antiguo\\\/\",\"url\":\"https:\\\/\\\/centrourbano.com\\\/revista\\\/urbanismo\\\/proponen-construccion-de-pequena-ciudad-en-un-buque-antiguo\\\/\",\"name\":\"Proponen construcci\u00f3n de peque\u00f1a ciudad en un buque antiguo -\",\"isPartOf\":{\"@id\":\"https:\\\/\\\/centrourbano.com\\\/revista\\\/#website\"},\"primaryImageOfPage\":{\"@id\":\"https:\\\/\\\/centrourbano.com\\\/revista\\\/urbanismo\\\/proponen-construccion-de-pequena-ciudad-en-un-buque-antiguo\\\/#primaryimage\"},\"image\":{\"@id\":\"https:\\\/\\\/centrourbano.com\\\/revista\\\/urbanismo\\\/proponen-construccion-de-pequena-ciudad-en-un-buque-antiguo\\\/#primaryimage\"},\"thumbnailUrl\":\"https:\\\/\\\/centrourbano.com\\\/revista\\\/wp-content\\\/uploads\\\/tanker-e1457026229894.jpg\",\"datePublished\":\"2016-03-03T17:30:55+00:00\",\"description\":\"Los dise\u00f1adores esperan que se convierta en un nuevo \u00edcono \u00e1rabe Cuatro dise\u00f1adores holandeses generaron una propuesta para la reutilizaci\u00f3n de un buque\",\"breadcrumb\":{\"@id\":\"https:\\\/\\\/centrourbano.com\\\/revista\\\/urbanismo\\\/proponen-construccion-de-pequena-ciudad-en-un-buque-antiguo\\\/#breadcrumb\"},\"inLanguage\":\"es\",\"potentialAction\":[{\"@type\":\"ReadAction\",\"target\":[\"https:\\\/\\\/centrourbano.com\\\/revista\\\/urbanismo\\\/proponen-construccion-de-pequena-ciudad-en-un-buque-antiguo\\\/\"]}]},{\"@type\":\"ImageObject\",\"inLanguage\":\"es\",\"@id\":\"https:\\\/\\\/centrourbano.com\\\/revista\\\/urbanismo\\\/proponen-construccion-de-pequena-ciudad-en-un-buque-antiguo\\\/#primaryimage\",\"url\":\"https:\\\/\\\/centrourbano.com\\\/revista\\\/wp-content\\\/uploads\\\/tanker-e1457026229894.jpg\",\"contentUrl\":\"https:\\\/\\\/centrourbano.com\\\/revista\\\/wp-content\\\/uploads\\\/tanker-e1457026229894.jpg\",\"width\":600,\"height\":257},{\"@type\":\"BreadcrumbList\",\"@id\":\"https:\\\/\\\/centrourbano.com\\\/revista\\\/urbanismo\\\/proponen-construccion-de-pequena-ciudad-en-un-buque-antiguo\\\/#breadcrumb\",\"itemListElement\":[{\"@type\":\"ListItem\",\"position\":1,\"name\":\"Portada\",\"item\":\"https:\\\/\\\/centrourbano.com\\\/revista\\\/\"},{\"@type\":\"ListItem\",\"position\":2,\"name\":\"Proponen construcci\u00f3n de peque\u00f1a ciudad en un buque antiguo\"}]},{\"@type\":\"WebSite\",\"@id\":\"https:\\\/\\\/centrourbano.com\\\/revista\\\/#website\",\"url\":\"https:\\\/\\\/centrourbano.com\\\/revista\\\/\",\"name\":\"Centro Urbano\",\"description\":\"Medio especializado en los sectores vivienda, inmobiliario, construcci\u00f3n, arquitectura y urbanismo.\",\"publisher\":{\"@id\":\"https:\\\/\\\/centrourbano.com\\\/revista\\\/#organization\"},\"potentialAction\":[{\"@type\":\"SearchAction\",\"target\":{\"@type\":\"EntryPoint\",\"urlTemplate\":\"https:\\\/\\\/centrourbano.com\\\/revista\\\/?s={search_term_string}\"},\"query-input\":{\"@type\":\"PropertyValueSpecification\",\"valueRequired\":true,\"valueName\":\"search_term_string\"}}],\"inLanguage\":\"es\"},{\"@type\":\"Organization\",\"@id\":\"https:\\\/\\\/centrourbano.com\\\/revista\\\/#organization\",\"name\":\"Centro Urbano\",\"url\":\"https:\\\/\\\/centrourbano.com\\\/revista\\\/\",\"logo\":{\"@type\":\"ImageObject\",\"inLanguage\":\"es\",\"@id\":\"https:\\\/\\\/centrourbano.com\\\/revista\\\/#\\\/schema\\\/logo\\\/image\\\/\",\"url\":\"https:\\\/\\\/centrourbano.com\\\/revista\\\/wp-content\\\/uploads\\\/web_CU_logo-1.png\",\"contentUrl\":\"https:\\\/\\\/centrourbano.com\\\/revista\\\/wp-content\\\/uploads\\\/web_CU_logo-1.png\",\"width\":350,\"height\":91,\"caption\":\"Centro Urbano\"},\"image\":{\"@id\":\"https:\\\/\\\/centrourbano.com\\\/revista\\\/#\\\/schema\\\/logo\\\/image\\\/\"},\"sameAs\":[\"https:\\\/\\\/www.facebook.com\\\/portalcentrourbano\",\"https:\\\/\\\/x.com\\\/CentroUrbano\",\"https:\\\/\\\/www.instagram.com\\\/centro_urbano\\\/\",\"https:\\\/\\\/www.linkedin.com\\\/company\\\/centro-urbano\\\/\",\"http:\\\/\\\/www.youtube.com\\\/user\\\/portalcentrourbano\"]},{\"@type\":\"Person\",\"@id\":\"https:\\\/\\\/centrourbano.com\\\/revista\\\/#\\\/schema\\\/person\\\/dae97fa1bb2cf633b516aff6ba661f46\",\"name\":\"Yareth Casanova\",\"image\":{\"@type\":\"ImageObject\",\"inLanguage\":\"es\",\"@id\":\"https:\\\/\\\/secure.gravatar.com\\\/avatar\\\/cc5021d028a26acc18cd90754b870114c9449717d0cf43cc142712f089324f6d?s=96&d=mm&r=g\",\"url\":\"https:\\\/\\\/secure.gravatar.com\\\/avatar\\\/cc5021d028a26acc18cd90754b870114c9449717d0cf43cc142712f089324f6d?s=96&d=mm&r=g\",\"contentUrl\":\"https:\\\/\\\/secure.gravatar.com\\\/avatar\\\/cc5021d028a26acc18cd90754b870114c9449717d0cf43cc142712f089324f6d?s=96&d=mm&r=g\",\"caption\":\"Yareth Casanova\"},\"description\":\"Egresada de la Universidad del Valle de M\u00e9xico en Ciencias de la Comunicaci\u00f3n. Fungi\u00f3 como community manager en el Senado de la Rep\u00fablica y como becaria en editorial Televisa. Actualmente se desempe\u00f1a como community manager y reportera en Centro Urbano. Es amante de los perros y sus pasiones son el baile, el cine, la pol\u00edtica y la moda.\",\"url\":\"https:\\\/\\\/centrourbano.com\\\/revista\\\/author\\\/yarethcu\\\/\"}]}<\/script>\n<!-- \/ Yoast SEO plugin. -->","yoast_head_json":{"title":"Proponen construcci\u00f3n de peque\u00f1a ciudad en un buque antiguo -","description":"Los dise\u00f1adores esperan que se convierta en un nuevo \u00edcono \u00e1rabe Cuatro dise\u00f1adores holandeses generaron una propuesta para la reutilizaci\u00f3n de un buque","robots":{"index":"index","follow":"follow","max-snippet":"max-snippet:-1","max-image-preview":"max-image-preview:large","max-video-preview":"max-video-preview:-1"},"canonical":"https:\/\/centrourbano.com\/revista\/urbanismo\/proponen-construccion-de-pequena-ciudad-en-un-buque-antiguo\/","og_locale":"es_ES","og_type":"article","og_title":"Proponen construcci\u00f3n de peque\u00f1a ciudad en un buque antiguo -","og_description":"Los dise\u00f1adores esperan que se convierta en un nuevo \u00edcono \u00e1rabe Cuatro dise\u00f1adores holandeses generaron una propuesta para la reutilizaci\u00f3n de un buque","og_url":"https:\/\/centrourbano.com\/revista\/urbanismo\/proponen-construccion-de-pequena-ciudad-en-un-buque-antiguo\/","og_site_name":"Centro Urbano","article_publisher":"https:\/\/www.facebook.com\/portalcentrourbano","article_published_time":"2016-03-03T17:30:55+00:00","og_image":[{"width":600,"height":257,"url":"https:\/\/centrourbano.com\/revista\/wp-content\/uploads\/tanker-e1457026229894.jpg","type":"image\/jpeg"}],"author":"Yareth Casanova","twitter_card":"summary_large_image","twitter_creator":"@CentroUrbano","twitter_site":"@CentroUrbano","twitter_misc":{"Escrito por":"Yareth Casanova","Tiempo de lectura":"1 minuto"},"schema":{"@context":"https:\/\/schema.org","@graph":[{"@type":"Article","@id":"https:\/\/centrourbano.com\/revista\/urbanismo\/proponen-construccion-de-pequena-ciudad-en-un-buque-antiguo\/#article","isPartOf":{"@id":"https:\/\/centrourbano.com\/revista\/urbanismo\/proponen-construccion-de-pequena-ciudad-en-un-buque-antiguo\/"},"author":{"name":"Yareth Casanova","@id":"https:\/\/centrourbano.com\/revista\/#\/schema\/person\/dae97fa1bb2cf633b516aff6ba661f46"},"headline":"Proponen construcci\u00f3n de peque\u00f1a ciudad en un buque antiguo","datePublished":"2016-03-03T17:30:55+00:00","mainEntityOfPage":{"@id":"https:\/\/centrourbano.com\/revista\/urbanismo\/proponen-construccion-de-pequena-ciudad-en-un-buque-antiguo\/"},"wordCount":272,"commentCount":0,"publisher":{"@id":"https:\/\/centrourbano.com\/revista\/#organization"},"image":{"@id":"https:\/\/centrourbano.com\/revista\/urbanismo\/proponen-construccion-de-pequena-ciudad-en-un-buque-antiguo\/#primaryimage"},"thumbnailUrl":"https:\/\/centrourbano.com\/revista\/wp-content\/uploads\/tanker-e1457026229894.jpg","keywords":["buque petrolero","Ciudad","construcci\u00f3n","The Black Gold"],"articleSection":["Urbanismo"],"inLanguage":"es","potentialAction":[{"@type":"CommentAction","name":"Comment","target":["https:\/\/centrourbano.com\/revista\/urbanismo\/proponen-construccion-de-pequena-ciudad-en-un-buque-antiguo\/#respond"]}]},{"@type":"WebPage","@id":"https:\/\/centrourbano.com\/revista\/urbanismo\/proponen-construccion-de-pequena-ciudad-en-un-buque-antiguo\/","url":"https:\/\/centrourbano.com\/revista\/urbanismo\/proponen-construccion-de-pequena-ciudad-en-un-buque-antiguo\/","name":"Proponen construcci\u00f3n de peque\u00f1a ciudad en un buque antiguo -","isPartOf":{"@id":"https:\/\/centrourbano.com\/revista\/#website"},"primaryImageOfPage":{"@id":"https:\/\/centrourbano.com\/revista\/urbanismo\/proponen-construccion-de-pequena-ciudad-en-un-buque-antiguo\/#primaryimage"},"image":{"@id":"https:\/\/centrourbano.com\/revista\/urbanismo\/proponen-construccion-de-pequena-ciudad-en-un-buque-antiguo\/#primaryimage"},"thumbnailUrl":"https:\/\/centrourbano.com\/revista\/wp-content\/uploads\/tanker-e1457026229894.jpg","datePublished":"2016-03-03T17:30:55+00:00","description":"Los dise\u00f1adores esperan que se convierta en un nuevo \u00edcono \u00e1rabe Cuatro dise\u00f1adores holandeses generaron una propuesta para la reutilizaci\u00f3n de un buque","breadcrumb":{"@id":"https:\/\/centrourbano.com\/revista\/urbanismo\/proponen-construccion-de-pequena-ciudad-en-un-buque-antiguo\/#breadcrumb"},"inLanguage":"es","potentialAction":[{"@type":"ReadAction","target":["https:\/\/centrourbano.com\/revista\/urbanismo\/proponen-construccion-de-pequena-ciudad-en-un-buque-antiguo\/"]}]},{"@type":"ImageObject","inLanguage":"es","@id":"https:\/\/centrourbano.com\/revista\/urbanismo\/proponen-construccion-de-pequena-ciudad-en-un-buque-antiguo\/#primaryimage","url":"https:\/\/centrourbano.com\/revista\/wp-content\/uploads\/tanker-e1457026229894.jpg","contentUrl":"https:\/\/centrourbano.com\/revista\/wp-content\/uploads\/tanker-e1457026229894.jpg","width":600,"height":257},{"@type":"BreadcrumbList","@id":"https:\/\/centrourbano.com\/revista\/urbanismo\/proponen-construccion-de-pequena-ciudad-en-un-buque-antiguo\/#breadcrumb","itemListElement":[{"@type":"ListItem","position":1,"name":"Portada","item":"https:\/\/centrourbano.com\/revista\/"},{"@type":"ListItem","position":2,"name":"Proponen construcci\u00f3n de peque\u00f1a ciudad en un buque antiguo"}]},{"@type":"WebSite","@id":"https:\/\/centrourbano.com\/revista\/#website","url":"https:\/\/centrourbano.com\/revista\/","name":"Centro Urbano","description":"Medio especializado en los sectores vivienda, inmobiliario, construcci\u00f3n, arquitectura y urbanismo.","publisher":{"@id":"https:\/\/centrourbano.com\/revista\/#organization"},"potentialAction":[{"@type":"SearchAction","target":{"@type":"EntryPoint","urlTemplate":"https:\/\/centrourbano.com\/revista\/?s={search_term_string}"},"query-input":{"@type":"PropertyValueSpecification","valueRequired":true,"valueName":"search_term_string"}}],"inLanguage":"es"},{"@type":"Organization","@id":"https:\/\/centrourbano.com\/revista\/#organization","name":"Centro Urbano","url":"https:\/\/centrourbano.com\/revista\/","logo":{"@type":"ImageObject","inLanguage":"es","@id":"https:\/\/centrourbano.com\/revista\/#\/schema\/logo\/image\/","url":"https:\/\/centrourbano.com\/revista\/wp-content\/uploads\/web_CU_logo-1.png","contentUrl":"https:\/\/centrourbano.com\/revista\/wp-content\/uploads\/web_CU_logo-1.png","width":350,"height":91,"caption":"Centro Urbano"},"image":{"@id":"https:\/\/centrourbano.com\/revista\/#\/schema\/logo\/image\/"},"sameAs":["https:\/\/www.facebook.com\/portalcentrourbano","https:\/\/x.com\/CentroUrbano","https:\/\/www.instagram.com\/centro_urbano\/","https:\/\/www.linkedin.com\/company\/centro-urbano\/","http:\/\/www.youtube.com\/user\/portalcentrourbano"]},{"@type":"Person","@id":"https:\/\/centrourbano.com\/revista\/#\/schema\/person\/dae97fa1bb2cf633b516aff6ba661f46","name":"Yareth Casanova","image":{"@type":"ImageObject","inLanguage":"es","@id":"https:\/\/secure.gravatar.com\/avatar\/cc5021d028a26acc18cd90754b870114c9449717d0cf43cc142712f089324f6d?s=96&d=mm&r=g","url":"https:\/\/secure.gravatar.com\/avatar\/cc5021d028a26acc18cd90754b870114c9449717d0cf43cc142712f089324f6d?s=96&d=mm&r=g","contentUrl":"https:\/\/secure.gravatar.com\/avatar\/cc5021d028a26acc18cd90754b870114c9449717d0cf43cc142712f089324f6d?s=96&d=mm&r=g","caption":"Yareth Casanova"},"description":"Egresada de la Universidad del Valle de M\u00e9xico en Ciencias de la Comunicaci\u00f3n. Fungi\u00f3 como community manager en el Senado de la Rep\u00fablica y como becaria en editorial Televisa. Actualmente se desempe\u00f1a como community manager y reportera en Centro Urbano. Es amante de los perros y sus pasiones son el baile, el cine, la pol\u00edtica y la moda.","url":"https:\/\/centrourbano.com\/revista\/author\/yarethcu\/"}]}},"_links":{"self":[{"href":"https:\/\/centrourbano.com\/revista\/wp-json\/wp\/v2\/posts\/31464","targetHints":{"allow":["GET"]}}],"collection":[{"href":"https:\/\/centrourbano.com\/revista\/wp-json\/wp\/v2\/posts"}],"about":[{"href":"https:\/\/centrourbano.com\/revista\/wp-json\/wp\/v2\/types\/post"}],"author":[{"embeddable":true,"href":"https:\/\/centrourbano.com\/revista\/wp-json\/wp\/v2\/users\/36"}],"replies":[{"embeddable":true,"href":"https:\/\/centrourbano.com\/revista\/wp-json\/wp\/v2\/comments?post=31464"}],"version-history":[{"count":0,"href":"https:\/\/centrourbano.com\/revista\/wp-json\/wp\/v2\/posts\/31464\/revisions"}],"wp:featuredmedia":[{"embeddable":true,"href":"https:\/\/centrourbano.com\/revista\/wp-json\/wp\/v2\/media\/31466"}],"wp:attachment":[{"href":"https:\/\/centrourbano.com\/revista\/wp-json\/wp\/v2\/media?parent=31464"}],"wp:term":[{"taxonomy":"category","embeddable":true,"href":"https:\/\/centrourbano.com\/revista\/wp-json\/wp\/v2\/categories?post=31464"},{"taxonomy":"post_tag","embeddable":true,"href":"https:\/\/centrourbano.com\/revista\/wp-json\/wp\/v2\/tags?post=31464"}],"curies":[{"name":"wp","href":"https:\/\/api.w.org\/{rel}","templated":true}]}}