{"id":31273,"date":"2016-03-01T09:44:07","date_gmt":"2016-03-01T15:44:07","guid":{"rendered":"http:\/\/centrourbano.com\/?p=31273"},"modified":"2016-03-01T09:46:40","modified_gmt":"2016-03-01T15:46:40","slug":"concluyen-obras-en-la-zona-norte-de-toluca","status":"publish","type":"post","link":"https:\/\/centrourbano.com\/revista\/construccion\/concluyen-obras-en-la-zona-norte-de-toluca\/","title":{"rendered":"Concluyen obras en la zona norte de Toluca"},"content":{"rendered":"<p><em>Se beneficiar\u00e1 a m\u00e1s de 15 mil pobladores con mejora de vialidades y drenaje <\/em><br \/>\n<!--more--><\/p>\n<p>El gobierno de <a class=\"expresscurate_contentTags\" href=\"http:\/\/centrourbano.com\/tag\/toluca\/\">#Toluca<\/a> entreg\u00f3 <a class=\"expresscurate_contentTags\" href=\"http:\/\/centrourbano.com\/tag\/obras\/\">#obras<\/a> en la zona norte de la regi\u00f3n, con lo que se beneficiar\u00e1 a m\u00e1s de 15,000 habitantes. Pavimentaci\u00f3n de vialidades, <a class=\"expresscurate_contentTags\" href=\"http:\/\/centrourbano.com\/tag\/construccion-2\/\">#construcci\u00f3n<\/a> de <a class=\"expresscurate_contentTags\" href=\"http:\/\/centrourbano.com\/tag\/banquetas\/\">#banquetas<\/a> y <a class=\"expresscurate_contentTags\" href=\"http:\/\/centrourbano.com\/tag\/guarniciones\/\">#guarniciones<\/a> y drenaje son algunos de los trabajos que se realizaron. <\/p>\n<p>La pavimentaci\u00f3n se realiz\u00f3 en 5,158 metros cuadrados de la calle Coatl, en San Andr\u00e9s Cuexcontitl\u00e1n. Adem\u00e1s, se construyeron 515 metros de guarniciones y 820 metros cuadrados de banquetas, obras que entreg\u00f3 el presidente municipal, Fernando Zamora. <\/p>\n<p>\u201cLos trabajos consistieron en rastreo, nivelaci\u00f3n y afine de 575 metros de largo y 9 metros de ancho, la pavimentaci\u00f3n con mezcla asf\u00e1ltica de 5,158 metros cuadrados, equivalentes a la superficie de 12 canchas de basquetbol y tambi\u00e9n se instalaron 250 metros de drenaje sanitario, con recursos del Fondo de Infraestructura Social Municipal\u201d, detall\u00f3 Zamora. <\/p>\n<p>A la entrega tambi\u00e9n acudi\u00f3 la ex diputada federal, Maricruz Cruz Morales, asegur\u00f3 que las obras se pudieron realizar por la gesti\u00f3n que se realiz\u00f3 en la C\u00e1mara de Diputados, \u201clo que demuestra que el trabajo en equipo de autoridades y poblaci\u00f3n da resultados que mejoran la calidad de vida de todos\u201d. <\/p>\n<p>Finalmente, vecinos de la zona consideraron que esos trabajos mejorar\u00e1n su calidad de vida, con mejores condici\u00f3n es de seguridad, sanidad y movilidad. <\/p>\n","protected":false},"excerpt":{"rendered":"<p>Se beneficiar\u00e1 a m\u00e1s de 15 mil pobladores con mejora de vialidades y drenaje<\/p>\n","protected":false},"author":37,"featured_media":31274,"comment_status":"open","ping_status":"closed","sticky":false,"template":"","format":"standard","meta":{"om_disable_all_campaigns":false,"inline_featured_image":false,"_monsterinsights_skip_tracking":false,"_monsterinsights_sitenote_active":false,"_monsterinsights_sitenote_note":"","_monsterinsights_sitenote_category":0,"footnotes":""},"categories":[14],"tags":[2563,22,7816,503,1175],"class_list":["post-31273","post","type-post","status-publish","format-standard","has-post-thumbnail","hentry","category-construccion","tag-banquetas","tag-construccion-2","tag-guarniciones","tag-obras","tag-toluca"],"yoast_head":"<!-- This site is optimized with the Yoast SEO plugin v27.5 - https:\/\/yoast.com\/product\/yoast-seo-wordpress\/ -->\n<title>Concluyen obras en la zona norte de Toluca -<\/title>\n<meta name=\"description\" content=\"Se beneficiar\u00e1 a m\u00e1s de 15 mil pobladores con mejora de vialidades y drenaje El gobierno de #Toluca entreg\u00f3 #obras en la zona norte de la regi\u00f3n, con lo\" \/>\n<meta name=\"robots\" content=\"index, follow, max-snippet:-1, max-image-preview:large, max-video-preview:-1\" \/>\n<link rel=\"canonical\" href=\"https:\/\/centrourbano.com\/revista\/construccion\/concluyen-obras-en-la-zona-norte-de-toluca\/\" \/>\n<meta property=\"og:locale\" content=\"es_ES\" \/>\n<meta property=\"og:type\" content=\"article\" \/>\n<meta property=\"og:title\" content=\"Concluyen obras en la zona norte de Toluca -\" \/>\n<meta property=\"og:description\" content=\"Se beneficiar\u00e1 a m\u00e1s de 15 mil pobladores con mejora de vialidades y drenaje El gobierno de #Toluca entreg\u00f3 #obras en la zona norte de la regi\u00f3n, con lo\" \/>\n<meta property=\"og:url\" content=\"https:\/\/centrourbano.com\/revista\/construccion\/concluyen-obras-en-la-zona-norte-de-toluca\/\" \/>\n<meta property=\"og:site_name\" content=\"Centro Urbano\" \/>\n<meta property=\"article:publisher\" content=\"https:\/\/www.facebook.com\/portalcentrourbano\" \/>\n<meta property=\"article:published_time\" content=\"2016-03-01T15:44:07+00:00\" \/>\n<meta property=\"article:modified_time\" content=\"2016-03-01T15:46:40+00:00\" \/>\n<meta property=\"og:image\" content=\"https:\/\/centrourbano.com\/revista\/wp-content\/uploads\/obras-toluca.jpg\" \/>\n\t<meta property=\"og:image:width\" content=\"800\" \/>\n\t<meta property=\"og:image:height\" content=\"409\" \/>\n\t<meta property=\"og:image:type\" content=\"image\/jpeg\" \/>\n<meta name=\"author\" content=\"Diego Rodr\u00edguez\" \/>\n<meta name=\"twitter:card\" content=\"summary_large_image\" \/>\n<meta name=\"twitter:creator\" content=\"@CentroUrbano\" \/>\n<meta name=\"twitter:site\" content=\"@CentroUrbano\" \/>\n<meta name=\"twitter:label1\" content=\"Escrito por\" \/>\n\t<meta name=\"twitter:data1\" content=\"Diego Rodr\u00edguez\" \/>\n\t<meta name=\"twitter:label2\" content=\"Tiempo de lectura\" \/>\n\t<meta name=\"twitter:data2\" content=\"1 minuto\" \/>\n<script type=\"application\/ld+json\" class=\"yoast-schema-graph\">{\"@context\":\"https:\\\/\\\/schema.org\",\"@graph\":[{\"@type\":\"Article\",\"@id\":\"https:\\\/\\\/centrourbano.com\\\/revista\\\/construccion\\\/concluyen-obras-en-la-zona-norte-de-toluca\\\/#article\",\"isPartOf\":{\"@id\":\"https:\\\/\\\/centrourbano.com\\\/revista\\\/construccion\\\/concluyen-obras-en-la-zona-norte-de-toluca\\\/\"},\"author\":{\"name\":\"Diego Rodr\u00edguez\",\"@id\":\"https:\\\/\\\/centrourbano.com\\\/revista\\\/#\\\/schema\\\/person\\\/dbdc8d1d633eb3e0461138eedc8a0615\"},\"headline\":\"Concluyen obras en la zona norte de Toluca\",\"datePublished\":\"2016-03-01T15:44:07+00:00\",\"dateModified\":\"2016-03-01T15:46:40+00:00\",\"mainEntityOfPage\":{\"@id\":\"https:\\\/\\\/centrourbano.com\\\/revista\\\/construccion\\\/concluyen-obras-en-la-zona-norte-de-toluca\\\/\"},\"wordCount\":239,\"commentCount\":0,\"publisher\":{\"@id\":\"https:\\\/\\\/centrourbano.com\\\/revista\\\/#organization\"},\"image\":{\"@id\":\"https:\\\/\\\/centrourbano.com\\\/revista\\\/construccion\\\/concluyen-obras-en-la-zona-norte-de-toluca\\\/#primaryimage\"},\"thumbnailUrl\":\"https:\\\/\\\/centrourbano.com\\\/revista\\\/wp-content\\\/uploads\\\/obras-toluca.jpg\",\"keywords\":[\"banquetas\",\"construcci\u00f3n\",\"Guarniciones\",\"Obras\",\"Toluca\"],\"articleSection\":[\"Construcci\u00f3n\"],\"inLanguage\":\"es\",\"potentialAction\":[{\"@type\":\"CommentAction\",\"name\":\"Comment\",\"target\":[\"https:\\\/\\\/centrourbano.com\\\/revista\\\/construccion\\\/concluyen-obras-en-la-zona-norte-de-toluca\\\/#respond\"]}]},{\"@type\":\"WebPage\",\"@id\":\"https:\\\/\\\/centrourbano.com\\\/revista\\\/construccion\\\/concluyen-obras-en-la-zona-norte-de-toluca\\\/\",\"url\":\"https:\\\/\\\/centrourbano.com\\\/revista\\\/construccion\\\/concluyen-obras-en-la-zona-norte-de-toluca\\\/\",\"name\":\"Concluyen obras en la zona norte de Toluca -\",\"isPartOf\":{\"@id\":\"https:\\\/\\\/centrourbano.com\\\/revista\\\/#website\"},\"primaryImageOfPage\":{\"@id\":\"https:\\\/\\\/centrourbano.com\\\/revista\\\/construccion\\\/concluyen-obras-en-la-zona-norte-de-toluca\\\/#primaryimage\"},\"image\":{\"@id\":\"https:\\\/\\\/centrourbano.com\\\/revista\\\/construccion\\\/concluyen-obras-en-la-zona-norte-de-toluca\\\/#primaryimage\"},\"thumbnailUrl\":\"https:\\\/\\\/centrourbano.com\\\/revista\\\/wp-content\\\/uploads\\\/obras-toluca.jpg\",\"datePublished\":\"2016-03-01T15:44:07+00:00\",\"dateModified\":\"2016-03-01T15:46:40+00:00\",\"description\":\"Se beneficiar\u00e1 a m\u00e1s de 15 mil pobladores con mejora de vialidades y drenaje El gobierno de #Toluca entreg\u00f3 #obras en la zona norte de la regi\u00f3n, con lo\",\"breadcrumb\":{\"@id\":\"https:\\\/\\\/centrourbano.com\\\/revista\\\/construccion\\\/concluyen-obras-en-la-zona-norte-de-toluca\\\/#breadcrumb\"},\"inLanguage\":\"es\",\"potentialAction\":[{\"@type\":\"ReadAction\",\"target\":[\"https:\\\/\\\/centrourbano.com\\\/revista\\\/construccion\\\/concluyen-obras-en-la-zona-norte-de-toluca\\\/\"]}]},{\"@type\":\"ImageObject\",\"inLanguage\":\"es\",\"@id\":\"https:\\\/\\\/centrourbano.com\\\/revista\\\/construccion\\\/concluyen-obras-en-la-zona-norte-de-toluca\\\/#primaryimage\",\"url\":\"https:\\\/\\\/centrourbano.com\\\/revista\\\/wp-content\\\/uploads\\\/obras-toluca.jpg\",\"contentUrl\":\"https:\\\/\\\/centrourbano.com\\\/revista\\\/wp-content\\\/uploads\\\/obras-toluca.jpg\",\"width\":800,\"height\":409},{\"@type\":\"BreadcrumbList\",\"@id\":\"https:\\\/\\\/centrourbano.com\\\/revista\\\/construccion\\\/concluyen-obras-en-la-zona-norte-de-toluca\\\/#breadcrumb\",\"itemListElement\":[{\"@type\":\"ListItem\",\"position\":1,\"name\":\"Portada\",\"item\":\"https:\\\/\\\/centrourbano.com\\\/revista\\\/\"},{\"@type\":\"ListItem\",\"position\":2,\"name\":\"Concluyen obras en la zona norte de Toluca\"}]},{\"@type\":\"WebSite\",\"@id\":\"https:\\\/\\\/centrourbano.com\\\/revista\\\/#website\",\"url\":\"https:\\\/\\\/centrourbano.com\\\/revista\\\/\",\"name\":\"Centro Urbano\",\"description\":\"Medio especializado en los sectores vivienda, inmobiliario, construcci\u00f3n, arquitectura y urbanismo.\",\"publisher\":{\"@id\":\"https:\\\/\\\/centrourbano.com\\\/revista\\\/#organization\"},\"potentialAction\":[{\"@type\":\"SearchAction\",\"target\":{\"@type\":\"EntryPoint\",\"urlTemplate\":\"https:\\\/\\\/centrourbano.com\\\/revista\\\/?s={search_term_string}\"},\"query-input\":{\"@type\":\"PropertyValueSpecification\",\"valueRequired\":true,\"valueName\":\"search_term_string\"}}],\"inLanguage\":\"es\"},{\"@type\":\"Organization\",\"@id\":\"https:\\\/\\\/centrourbano.com\\\/revista\\\/#organization\",\"name\":\"Centro Urbano\",\"url\":\"https:\\\/\\\/centrourbano.com\\\/revista\\\/\",\"logo\":{\"@type\":\"ImageObject\",\"inLanguage\":\"es\",\"@id\":\"https:\\\/\\\/centrourbano.com\\\/revista\\\/#\\\/schema\\\/logo\\\/image\\\/\",\"url\":\"https:\\\/\\\/centrourbano.com\\\/revista\\\/wp-content\\\/uploads\\\/web_CU_logo-1.png\",\"contentUrl\":\"https:\\\/\\\/centrourbano.com\\\/revista\\\/wp-content\\\/uploads\\\/web_CU_logo-1.png\",\"width\":350,\"height\":91,\"caption\":\"Centro Urbano\"},\"image\":{\"@id\":\"https:\\\/\\\/centrourbano.com\\\/revista\\\/#\\\/schema\\\/logo\\\/image\\\/\"},\"sameAs\":[\"https:\\\/\\\/www.facebook.com\\\/portalcentrourbano\",\"https:\\\/\\\/x.com\\\/CentroUrbano\",\"https:\\\/\\\/www.instagram.com\\\/centro_urbano\\\/\",\"https:\\\/\\\/www.linkedin.com\\\/company\\\/centro-urbano\\\/\",\"http:\\\/\\\/www.youtube.com\\\/user\\\/portalcentrourbano\"]},{\"@type\":\"Person\",\"@id\":\"https:\\\/\\\/centrourbano.com\\\/revista\\\/#\\\/schema\\\/person\\\/dbdc8d1d633eb3e0461138eedc8a0615\",\"name\":\"Diego Rodr\u00edguez\",\"image\":{\"@type\":\"ImageObject\",\"inLanguage\":\"es\",\"@id\":\"https:\\\/\\\/secure.gravatar.com\\\/avatar\\\/d217565525df2df5d4e7265d47758506f41845ed9529510921a7625d8365789d?s=96&d=mm&r=g\",\"url\":\"https:\\\/\\\/secure.gravatar.com\\\/avatar\\\/d217565525df2df5d4e7265d47758506f41845ed9529510921a7625d8365789d?s=96&d=mm&r=g\",\"contentUrl\":\"https:\\\/\\\/secure.gravatar.com\\\/avatar\\\/d217565525df2df5d4e7265d47758506f41845ed9529510921a7625d8365789d?s=96&d=mm&r=g\",\"caption\":\"Diego Rodr\u00edguez\"},\"description\":\"Egresado de la Facultad de Estudios Superiores Acatl\u00e1n de la carrera en Comunicaci\u00f3n, con especialidad en medios escritos. Reportero del desaparecido peri\u00f3dico Nuestro M\u00e9xico, en donde cubri\u00f3 las fuentes delegacionales y Asamblea Legislativa. Tambi\u00e9n trabaj\u00f3 en la Coordinaci\u00f3n de Comunicaci\u00f3n Social en la delegaci\u00f3n \u00c1lvaro Obreg\u00f3n. Le gusta leer novelas y cuentos.\",\"url\":\"https:\\\/\\\/centrourbano.com\\\/revista\\\/author\\\/diegorodriguez\\\/\"}]}<\/script>\n<!-- \/ Yoast SEO plugin. -->","yoast_head_json":{"title":"Concluyen obras en la zona norte de Toluca -","description":"Se beneficiar\u00e1 a m\u00e1s de 15 mil pobladores con mejora de vialidades y drenaje El gobierno de #Toluca entreg\u00f3 #obras en la zona norte de la regi\u00f3n, con lo","robots":{"index":"index","follow":"follow","max-snippet":"max-snippet:-1","max-image-preview":"max-image-preview:large","max-video-preview":"max-video-preview:-1"},"canonical":"https:\/\/centrourbano.com\/revista\/construccion\/concluyen-obras-en-la-zona-norte-de-toluca\/","og_locale":"es_ES","og_type":"article","og_title":"Concluyen obras en la zona norte de Toluca -","og_description":"Se beneficiar\u00e1 a m\u00e1s de 15 mil pobladores con mejora de vialidades y drenaje El gobierno de #Toluca entreg\u00f3 #obras en la zona norte de la regi\u00f3n, con lo","og_url":"https:\/\/centrourbano.com\/revista\/construccion\/concluyen-obras-en-la-zona-norte-de-toluca\/","og_site_name":"Centro Urbano","article_publisher":"https:\/\/www.facebook.com\/portalcentrourbano","article_published_time":"2016-03-01T15:44:07+00:00","article_modified_time":"2016-03-01T15:46:40+00:00","og_image":[{"width":800,"height":409,"url":"https:\/\/centrourbano.com\/revista\/wp-content\/uploads\/obras-toluca.jpg","type":"image\/jpeg"}],"author":"Diego Rodr\u00edguez","twitter_card":"summary_large_image","twitter_creator":"@CentroUrbano","twitter_site":"@CentroUrbano","twitter_misc":{"Escrito por":"Diego Rodr\u00edguez","Tiempo de lectura":"1 minuto"},"schema":{"@context":"https:\/\/schema.org","@graph":[{"@type":"Article","@id":"https:\/\/centrourbano.com\/revista\/construccion\/concluyen-obras-en-la-zona-norte-de-toluca\/#article","isPartOf":{"@id":"https:\/\/centrourbano.com\/revista\/construccion\/concluyen-obras-en-la-zona-norte-de-toluca\/"},"author":{"name":"Diego Rodr\u00edguez","@id":"https:\/\/centrourbano.com\/revista\/#\/schema\/person\/dbdc8d1d633eb3e0461138eedc8a0615"},"headline":"Concluyen obras en la zona norte de Toluca","datePublished":"2016-03-01T15:44:07+00:00","dateModified":"2016-03-01T15:46:40+00:00","mainEntityOfPage":{"@id":"https:\/\/centrourbano.com\/revista\/construccion\/concluyen-obras-en-la-zona-norte-de-toluca\/"},"wordCount":239,"commentCount":0,"publisher":{"@id":"https:\/\/centrourbano.com\/revista\/#organization"},"image":{"@id":"https:\/\/centrourbano.com\/revista\/construccion\/concluyen-obras-en-la-zona-norte-de-toluca\/#primaryimage"},"thumbnailUrl":"https:\/\/centrourbano.com\/revista\/wp-content\/uploads\/obras-toluca.jpg","keywords":["banquetas","construcci\u00f3n","Guarniciones","Obras","Toluca"],"articleSection":["Construcci\u00f3n"],"inLanguage":"es","potentialAction":[{"@type":"CommentAction","name":"Comment","target":["https:\/\/centrourbano.com\/revista\/construccion\/concluyen-obras-en-la-zona-norte-de-toluca\/#respond"]}]},{"@type":"WebPage","@id":"https:\/\/centrourbano.com\/revista\/construccion\/concluyen-obras-en-la-zona-norte-de-toluca\/","url":"https:\/\/centrourbano.com\/revista\/construccion\/concluyen-obras-en-la-zona-norte-de-toluca\/","name":"Concluyen obras en la zona norte de Toluca -","isPartOf":{"@id":"https:\/\/centrourbano.com\/revista\/#website"},"primaryImageOfPage":{"@id":"https:\/\/centrourbano.com\/revista\/construccion\/concluyen-obras-en-la-zona-norte-de-toluca\/#primaryimage"},"image":{"@id":"https:\/\/centrourbano.com\/revista\/construccion\/concluyen-obras-en-la-zona-norte-de-toluca\/#primaryimage"},"thumbnailUrl":"https:\/\/centrourbano.com\/revista\/wp-content\/uploads\/obras-toluca.jpg","datePublished":"2016-03-01T15:44:07+00:00","dateModified":"2016-03-01T15:46:40+00:00","description":"Se beneficiar\u00e1 a m\u00e1s de 15 mil pobladores con mejora de vialidades y drenaje El gobierno de #Toluca entreg\u00f3 #obras en la zona norte de la regi\u00f3n, con lo","breadcrumb":{"@id":"https:\/\/centrourbano.com\/revista\/construccion\/concluyen-obras-en-la-zona-norte-de-toluca\/#breadcrumb"},"inLanguage":"es","potentialAction":[{"@type":"ReadAction","target":["https:\/\/centrourbano.com\/revista\/construccion\/concluyen-obras-en-la-zona-norte-de-toluca\/"]}]},{"@type":"ImageObject","inLanguage":"es","@id":"https:\/\/centrourbano.com\/revista\/construccion\/concluyen-obras-en-la-zona-norte-de-toluca\/#primaryimage","url":"https:\/\/centrourbano.com\/revista\/wp-content\/uploads\/obras-toluca.jpg","contentUrl":"https:\/\/centrourbano.com\/revista\/wp-content\/uploads\/obras-toluca.jpg","width":800,"height":409},{"@type":"BreadcrumbList","@id":"https:\/\/centrourbano.com\/revista\/construccion\/concluyen-obras-en-la-zona-norte-de-toluca\/#breadcrumb","itemListElement":[{"@type":"ListItem","position":1,"name":"Portada","item":"https:\/\/centrourbano.com\/revista\/"},{"@type":"ListItem","position":2,"name":"Concluyen obras en la zona norte de Toluca"}]},{"@type":"WebSite","@id":"https:\/\/centrourbano.com\/revista\/#website","url":"https:\/\/centrourbano.com\/revista\/","name":"Centro Urbano","description":"Medio especializado en los sectores vivienda, inmobiliario, construcci\u00f3n, arquitectura y urbanismo.","publisher":{"@id":"https:\/\/centrourbano.com\/revista\/#organization"},"potentialAction":[{"@type":"SearchAction","target":{"@type":"EntryPoint","urlTemplate":"https:\/\/centrourbano.com\/revista\/?s={search_term_string}"},"query-input":{"@type":"PropertyValueSpecification","valueRequired":true,"valueName":"search_term_string"}}],"inLanguage":"es"},{"@type":"Organization","@id":"https:\/\/centrourbano.com\/revista\/#organization","name":"Centro Urbano","url":"https:\/\/centrourbano.com\/revista\/","logo":{"@type":"ImageObject","inLanguage":"es","@id":"https:\/\/centrourbano.com\/revista\/#\/schema\/logo\/image\/","url":"https:\/\/centrourbano.com\/revista\/wp-content\/uploads\/web_CU_logo-1.png","contentUrl":"https:\/\/centrourbano.com\/revista\/wp-content\/uploads\/web_CU_logo-1.png","width":350,"height":91,"caption":"Centro Urbano"},"image":{"@id":"https:\/\/centrourbano.com\/revista\/#\/schema\/logo\/image\/"},"sameAs":["https:\/\/www.facebook.com\/portalcentrourbano","https:\/\/x.com\/CentroUrbano","https:\/\/www.instagram.com\/centro_urbano\/","https:\/\/www.linkedin.com\/company\/centro-urbano\/","http:\/\/www.youtube.com\/user\/portalcentrourbano"]},{"@type":"Person","@id":"https:\/\/centrourbano.com\/revista\/#\/schema\/person\/dbdc8d1d633eb3e0461138eedc8a0615","name":"Diego Rodr\u00edguez","image":{"@type":"ImageObject","inLanguage":"es","@id":"https:\/\/secure.gravatar.com\/avatar\/d217565525df2df5d4e7265d47758506f41845ed9529510921a7625d8365789d?s=96&d=mm&r=g","url":"https:\/\/secure.gravatar.com\/avatar\/d217565525df2df5d4e7265d47758506f41845ed9529510921a7625d8365789d?s=96&d=mm&r=g","contentUrl":"https:\/\/secure.gravatar.com\/avatar\/d217565525df2df5d4e7265d47758506f41845ed9529510921a7625d8365789d?s=96&d=mm&r=g","caption":"Diego Rodr\u00edguez"},"description":"Egresado de la Facultad de Estudios Superiores Acatl\u00e1n de la carrera en Comunicaci\u00f3n, con especialidad en medios escritos. Reportero del desaparecido peri\u00f3dico Nuestro M\u00e9xico, en donde cubri\u00f3 las fuentes delegacionales y Asamblea Legislativa. Tambi\u00e9n trabaj\u00f3 en la Coordinaci\u00f3n de Comunicaci\u00f3n Social en la delegaci\u00f3n \u00c1lvaro Obreg\u00f3n. Le gusta leer novelas y cuentos.","url":"https:\/\/centrourbano.com\/revista\/author\/diegorodriguez\/"}]}},"_links":{"self":[{"href":"https:\/\/centrourbano.com\/revista\/wp-json\/wp\/v2\/posts\/31273","targetHints":{"allow":["GET"]}}],"collection":[{"href":"https:\/\/centrourbano.com\/revista\/wp-json\/wp\/v2\/posts"}],"about":[{"href":"https:\/\/centrourbano.com\/revista\/wp-json\/wp\/v2\/types\/post"}],"author":[{"embeddable":true,"href":"https:\/\/centrourbano.com\/revista\/wp-json\/wp\/v2\/users\/37"}],"replies":[{"embeddable":true,"href":"https:\/\/centrourbano.com\/revista\/wp-json\/wp\/v2\/comments?post=31273"}],"version-history":[{"count":0,"href":"https:\/\/centrourbano.com\/revista\/wp-json\/wp\/v2\/posts\/31273\/revisions"}],"wp:featuredmedia":[{"embeddable":true,"href":"https:\/\/centrourbano.com\/revista\/wp-json\/wp\/v2\/media\/31274"}],"wp:attachment":[{"href":"https:\/\/centrourbano.com\/revista\/wp-json\/wp\/v2\/media?parent=31273"}],"wp:term":[{"taxonomy":"category","embeddable":true,"href":"https:\/\/centrourbano.com\/revista\/wp-json\/wp\/v2\/categories?post=31273"},{"taxonomy":"post_tag","embeddable":true,"href":"https:\/\/centrourbano.com\/revista\/wp-json\/wp\/v2\/tags?post=31273"}],"curies":[{"name":"wp","href":"https:\/\/api.w.org\/{rel}","templated":true}]}}