{"id":31219,"date":"2016-02-29T14:24:25","date_gmt":"2016-02-29T20:24:25","guid":{"rendered":"http:\/\/centrourbano.com\/?p=31219"},"modified":"2016-02-29T14:26:40","modified_gmt":"2016-02-29T20:26:40","slug":"gobierno-federal-transparenta-sector-vivienda","status":"publish","type":"post","link":"https:\/\/centrourbano.com\/revista\/reportajes\/gobierno-federal-transparenta-sector-vivienda\/","title":{"rendered":"Gobierno Federal transparenta sector vivienda"},"content":{"rendered":"<p><em>A trav\u00e9s del <a class=\"expresscurate_contentTags\" href=\"http:\/\/centrourbano.com\/tag\/sniiv\/\">#SNIIV<\/a>, se muestran datos de 7 instituciones correlacionadas; gan\u00f3 premio a Innovaci\u00f3n en Transparencia 2015<\/em><!--more--><\/p>\n<p>Con el objetivo de brindar accesibilidad a la informaci\u00f3n generada por las principales instituciones p\u00fablicas del sector <a class=\"expresscurate_contentTags\" href=\"http:\/\/centrourbano.com\/tag\/vivienda\/\">#vivienda<\/a>, como Infonavit, Fovissste, Sociedad Hipotecaria Federal (<a class=\"expresscurate_contentTags\" href=\"http:\/\/centrourbano.com\/tag\/shf\/\">#SHF<\/a>), el Fondo Nacional de Poblaci\u00f3n (<a class=\"expresscurate_contentTags\" href=\"http:\/\/centrourbano.com\/tag\/fonhapo\/\">#Fonhapo<\/a>), la Comisi\u00f3n Nacional Bancaria y de Valores (<a class=\"expresscurate_contentTags\" href=\"http:\/\/centrourbano.com\/tag\/cnbv\/\">#CNBV<\/a>), el Registro \u00danico de Vivienda (<a class=\"expresscurate_contentTags\" href=\"http:\/\/centrourbano.com\/tag\/ruv\/\">#RUV<\/a>) y la Comisi\u00f3n Nacional de Vivienda, en junio de 2014 se present\u00f3 la herramienta digital Sistema Nacional de Informaci\u00f3n de Indicadores de Vivienda (SNIIV).<\/p>\n<p>En su momento, la titular de la Comisi\u00f3n Nacional de Vivienda, Paloma Silva de Anzorena, explic\u00f3 la necesidad de contar con este tipo de instrumento para unificar los diversos temas del sector de la <a class=\"expresscurate_contentTags\" href=\"http:\/\/centrourbano.com\/tag\/construccion-2\/\">#construcci\u00f3n<\/a> de h\u00e1bitat. <\/p>\n<p>\u201cDesde 2006 hab\u00eda mesas transversales de la industria tratando de tener indicadores consensuados y que fueran parte de la informaci\u00f3n peri\u00f3dica que se reportaba. Han existido muchos intentos, pero ahora, este no es un solo esfuerzo de la <a class=\"expresscurate_contentTags\" href=\"http:\/\/centrourbano.com\/tag\/conavi\/\">#Conavi<\/a>, es un esfuerzo de todos los Organismos Nacionales de Vivienda, y estamos logrando una plena coordinaci\u00f3n de Sedatu con estos organismos\u201d.<\/p>\n<p>Para agosto de 2015, se lanz\u00f3 la versi\u00f3n 2.0, la cual se dijo, es operada con recursos de la propia Conavi, donde ya se integra, genera y difunde, informaci\u00f3n para la planeaci\u00f3n y seguimiento de la Pol\u00edtica Nacional de Vivienda y contribuir a mejorar las decisiones para dicho sector.<br \/>\nLa herramienta cuenta con una serie de datos sobre subsidios (cobertura municipal y por organismo, perfil del beneficiario) y an\u00e1lisis (videoconferencias, revistas trimestrales, reportes tem\u00e1ticos sobre empleos; oferta de vivienda (ubicaci\u00f3n geogr\u00e1fica, vivienda en construcci\u00f3n y terminada, tiempos de desplazamiento y atributos de las casas).<\/p>\n<p>Adem\u00e1s, abarca temas de reserva territorial (Per\u00edmetros de Contenci\u00f3n Urbana, superficie registrada y detalle por municipio); financiamientos (consultas interactivas, por municipio, modalidades y perfil de comprador); y finalmente, a trav\u00e9s de apps, ofrece los datos de avances de financiamientos y subsidios y la oferta de vivienda a lo largo y ancho del pa\u00eds. <\/p>\n<p><strong>Banco Mundial otorga reconocimiento <\/strong><\/p>\n<p>En diciembre, esta herramienta recibi\u00f3 el Premio a la Innovaci\u00f3n en Transparencia 2015, que otorga el Banco Mundial (BM), la Auditor\u00eda Superior de la Federaci\u00f3n (ASF), el Instituto Nacional de Transparencia, Acceso a la Informaci\u00f3n y Protecci\u00f3n de Datos Personales (INAI), el Instituto Nacional de Administraci\u00f3n P\u00fablica (INAP) y la Secretar\u00eda de la Funci\u00f3n P\u00fablica (SFP), en el cual se destac\u00f3 el esfuerzo realizado por la Comisi\u00f3n Nacional de Vivienda.<\/p>\n<p>Actualmente, el SNIIV 2.0 cuenta con m\u00e1s de 41 millones de registros referentes a viviendas construidas, financiamientos y demanda potencial y se encuentra disponible para consulta p\u00fablica a trav\u00e9s del sitio www.conavi.gob.mx y tambi\u00e9n cuenta con una versi\u00f3n actualizada para dispositivos m\u00f3viles y tabletas, donde el usuario puede acceder a los datos desde cualquier sitio y en cualquier momento.<br \/>\nEn d\u00edas recientes, el Senado a trav\u00e9s de Mar\u00eda Elena Barrera Tapia, brind\u00f3 un taller de vivienda donde se capacit\u00f3 a representaciones de las presidencias municipales del Estado de M\u00e9xico para su manejo para la toma de decisiones en el desarrollo <a class=\"expresscurate_contentTags\" href=\"http:\/\/centrourbano.com\/tag\/urbano\/\">#urbano<\/a> y de vivienda.<\/p>\n","protected":false},"excerpt":{"rendered":"<p>A trav\u00e9s del #SNIIV, se muestran datos de 7 instituciones correlacionadas; gan\u00f3 premio a Innovaci\u00f3n en Transparencia 2015<\/p>\n","protected":false},"author":28,"featured_media":31220,"comment_status":"open","ping_status":"closed","sticky":false,"template":"","format":"standard","meta":{"om_disable_all_campaigns":false,"inline_featured_image":false,"_monsterinsights_skip_tracking":false,"_monsterinsights_sitenote_active":false,"_monsterinsights_sitenote_note":"","_monsterinsights_sitenote_category":0,"footnotes":""},"categories":[16],"tags":[619,376,22,322,104,235,6848,516,5737],"class_list":["post-31219","post","type-post","status-publish","format-standard","has-post-thumbnail","hentry","category-reportajes","tag-cnbv","tag-conavi","tag-construccion-2","tag-fonhapo","tag-ruv","tag-shf","tag-sniiv","tag-urbano","tag-vivienda"],"yoast_head":"<!-- This site is optimized with the Yoast SEO plugin v27.5 - https:\/\/yoast.com\/product\/yoast-seo-wordpress\/ -->\n<title>Gobierno Federal transparenta sector vivienda -<\/title>\n<meta name=\"description\" content=\"A trav\u00e9s del #SNIIV, se muestran datos de 7 instituciones correlacionadas; gan\u00f3 premio a Innovaci\u00f3n en Transparencia 2015 Con el objetivo de brindar\" \/>\n<meta name=\"robots\" content=\"index, follow, max-snippet:-1, max-image-preview:large, max-video-preview:-1\" \/>\n<link rel=\"canonical\" href=\"https:\/\/centrourbano.com\/revista\/reportajes\/gobierno-federal-transparenta-sector-vivienda\/\" \/>\n<meta property=\"og:locale\" content=\"es_ES\" \/>\n<meta property=\"og:type\" content=\"article\" \/>\n<meta property=\"og:title\" content=\"Gobierno Federal transparenta sector vivienda -\" \/>\n<meta property=\"og:description\" content=\"A trav\u00e9s del #SNIIV, se muestran datos de 7 instituciones correlacionadas; gan\u00f3 premio a Innovaci\u00f3n en Transparencia 2015 Con el objetivo de brindar\" \/>\n<meta property=\"og:url\" content=\"https:\/\/centrourbano.com\/revista\/reportajes\/gobierno-federal-transparenta-sector-vivienda\/\" \/>\n<meta property=\"og:site_name\" content=\"Centro Urbano\" \/>\n<meta property=\"article:publisher\" content=\"https:\/\/www.facebook.com\/portalcentrourbano\" \/>\n<meta property=\"article:published_time\" content=\"2016-02-29T20:24:25+00:00\" \/>\n<meta property=\"article:modified_time\" content=\"2016-02-29T20:26:40+00:00\" \/>\n<meta property=\"og:image\" content=\"https:\/\/centrourbano.com\/revista\/wp-content\/uploads\/SNIIV.png\" \/>\n\t<meta property=\"og:image:width\" content=\"551\" \/>\n\t<meta property=\"og:image:height\" content=\"455\" \/>\n\t<meta property=\"og:image:type\" content=\"image\/png\" \/>\n<meta name=\"author\" content=\"Mario V\u00e1zquez Barrios\" \/>\n<meta name=\"twitter:card\" content=\"summary_large_image\" \/>\n<meta name=\"twitter:creator\" content=\"@MarioDeNiro\" \/>\n<meta name=\"twitter:site\" content=\"@CentroUrbano\" \/>\n<meta name=\"twitter:label1\" content=\"Escrito por\" \/>\n\t<meta name=\"twitter:data1\" content=\"Mario V\u00e1zquez Barrios\" \/>\n\t<meta name=\"twitter:label2\" content=\"Tiempo de lectura\" \/>\n\t<meta name=\"twitter:data2\" content=\"3 minutos\" \/>\n<script type=\"application\/ld+json\" class=\"yoast-schema-graph\">{\"@context\":\"https:\\\/\\\/schema.org\",\"@graph\":[{\"@type\":\"Article\",\"@id\":\"https:\\\/\\\/centrourbano.com\\\/revista\\\/reportajes\\\/gobierno-federal-transparenta-sector-vivienda\\\/#article\",\"isPartOf\":{\"@id\":\"https:\\\/\\\/centrourbano.com\\\/revista\\\/reportajes\\\/gobierno-federal-transparenta-sector-vivienda\\\/\"},\"author\":{\"name\":\"Mario V\u00e1zquez Barrios\",\"@id\":\"https:\\\/\\\/centrourbano.com\\\/revista\\\/#\\\/schema\\\/person\\\/45e1c041fc3bb6068a3502be717d44df\"},\"headline\":\"Gobierno Federal transparenta sector vivienda\",\"datePublished\":\"2016-02-29T20:24:25+00:00\",\"dateModified\":\"2016-02-29T20:26:40+00:00\",\"mainEntityOfPage\":{\"@id\":\"https:\\\/\\\/centrourbano.com\\\/revista\\\/reportajes\\\/gobierno-federal-transparenta-sector-vivienda\\\/\"},\"wordCount\":558,\"commentCount\":0,\"publisher\":{\"@id\":\"https:\\\/\\\/centrourbano.com\\\/revista\\\/#organization\"},\"image\":{\"@id\":\"https:\\\/\\\/centrourbano.com\\\/revista\\\/reportajes\\\/gobierno-federal-transparenta-sector-vivienda\\\/#primaryimage\"},\"thumbnailUrl\":\"https:\\\/\\\/centrourbano.com\\\/revista\\\/wp-content\\\/uploads\\\/SNIIV.png\",\"keywords\":[\"CNBV\",\"Conavi\",\"construcci\u00f3n\",\"Fonhapo\",\"RUV\",\"SHF\",\"SNIIV\",\"urbano\",\"vivienda+\"],\"articleSection\":[\"Reportajes\"],\"inLanguage\":\"es\",\"potentialAction\":[{\"@type\":\"CommentAction\",\"name\":\"Comment\",\"target\":[\"https:\\\/\\\/centrourbano.com\\\/revista\\\/reportajes\\\/gobierno-federal-transparenta-sector-vivienda\\\/#respond\"]}]},{\"@type\":\"WebPage\",\"@id\":\"https:\\\/\\\/centrourbano.com\\\/revista\\\/reportajes\\\/gobierno-federal-transparenta-sector-vivienda\\\/\",\"url\":\"https:\\\/\\\/centrourbano.com\\\/revista\\\/reportajes\\\/gobierno-federal-transparenta-sector-vivienda\\\/\",\"name\":\"Gobierno Federal transparenta sector vivienda -\",\"isPartOf\":{\"@id\":\"https:\\\/\\\/centrourbano.com\\\/revista\\\/#website\"},\"primaryImageOfPage\":{\"@id\":\"https:\\\/\\\/centrourbano.com\\\/revista\\\/reportajes\\\/gobierno-federal-transparenta-sector-vivienda\\\/#primaryimage\"},\"image\":{\"@id\":\"https:\\\/\\\/centrourbano.com\\\/revista\\\/reportajes\\\/gobierno-federal-transparenta-sector-vivienda\\\/#primaryimage\"},\"thumbnailUrl\":\"https:\\\/\\\/centrourbano.com\\\/revista\\\/wp-content\\\/uploads\\\/SNIIV.png\",\"datePublished\":\"2016-02-29T20:24:25+00:00\",\"dateModified\":\"2016-02-29T20:26:40+00:00\",\"description\":\"A trav\u00e9s del #SNIIV, se muestran datos de 7 instituciones correlacionadas; gan\u00f3 premio a Innovaci\u00f3n en Transparencia 2015 Con el objetivo de brindar\",\"breadcrumb\":{\"@id\":\"https:\\\/\\\/centrourbano.com\\\/revista\\\/reportajes\\\/gobierno-federal-transparenta-sector-vivienda\\\/#breadcrumb\"},\"inLanguage\":\"es\",\"potentialAction\":[{\"@type\":\"ReadAction\",\"target\":[\"https:\\\/\\\/centrourbano.com\\\/revista\\\/reportajes\\\/gobierno-federal-transparenta-sector-vivienda\\\/\"]}]},{\"@type\":\"ImageObject\",\"inLanguage\":\"es\",\"@id\":\"https:\\\/\\\/centrourbano.com\\\/revista\\\/reportajes\\\/gobierno-federal-transparenta-sector-vivienda\\\/#primaryimage\",\"url\":\"https:\\\/\\\/centrourbano.com\\\/revista\\\/wp-content\\\/uploads\\\/SNIIV.png\",\"contentUrl\":\"https:\\\/\\\/centrourbano.com\\\/revista\\\/wp-content\\\/uploads\\\/SNIIV.png\",\"width\":551,\"height\":455},{\"@type\":\"BreadcrumbList\",\"@id\":\"https:\\\/\\\/centrourbano.com\\\/revista\\\/reportajes\\\/gobierno-federal-transparenta-sector-vivienda\\\/#breadcrumb\",\"itemListElement\":[{\"@type\":\"ListItem\",\"position\":1,\"name\":\"Portada\",\"item\":\"https:\\\/\\\/centrourbano.com\\\/revista\\\/\"},{\"@type\":\"ListItem\",\"position\":2,\"name\":\"Gobierno Federal transparenta sector vivienda\"}]},{\"@type\":\"WebSite\",\"@id\":\"https:\\\/\\\/centrourbano.com\\\/revista\\\/#website\",\"url\":\"https:\\\/\\\/centrourbano.com\\\/revista\\\/\",\"name\":\"Centro Urbano\",\"description\":\"Medio especializado en los sectores vivienda, inmobiliario, construcci\u00f3n, arquitectura y urbanismo.\",\"publisher\":{\"@id\":\"https:\\\/\\\/centrourbano.com\\\/revista\\\/#organization\"},\"potentialAction\":[{\"@type\":\"SearchAction\",\"target\":{\"@type\":\"EntryPoint\",\"urlTemplate\":\"https:\\\/\\\/centrourbano.com\\\/revista\\\/?s={search_term_string}\"},\"query-input\":{\"@type\":\"PropertyValueSpecification\",\"valueRequired\":true,\"valueName\":\"search_term_string\"}}],\"inLanguage\":\"es\"},{\"@type\":\"Organization\",\"@id\":\"https:\\\/\\\/centrourbano.com\\\/revista\\\/#organization\",\"name\":\"Centro Urbano\",\"url\":\"https:\\\/\\\/centrourbano.com\\\/revista\\\/\",\"logo\":{\"@type\":\"ImageObject\",\"inLanguage\":\"es\",\"@id\":\"https:\\\/\\\/centrourbano.com\\\/revista\\\/#\\\/schema\\\/logo\\\/image\\\/\",\"url\":\"https:\\\/\\\/centrourbano.com\\\/revista\\\/wp-content\\\/uploads\\\/web_CU_logo-1.png\",\"contentUrl\":\"https:\\\/\\\/centrourbano.com\\\/revista\\\/wp-content\\\/uploads\\\/web_CU_logo-1.png\",\"width\":350,\"height\":91,\"caption\":\"Centro Urbano\"},\"image\":{\"@id\":\"https:\\\/\\\/centrourbano.com\\\/revista\\\/#\\\/schema\\\/logo\\\/image\\\/\"},\"sameAs\":[\"https:\\\/\\\/www.facebook.com\\\/portalcentrourbano\",\"https:\\\/\\\/x.com\\\/CentroUrbano\",\"https:\\\/\\\/www.instagram.com\\\/centro_urbano\\\/\",\"https:\\\/\\\/www.linkedin.com\\\/company\\\/centro-urbano\\\/\",\"http:\\\/\\\/www.youtube.com\\\/user\\\/portalcentrourbano\"]},{\"@type\":\"Person\",\"@id\":\"https:\\\/\\\/centrourbano.com\\\/revista\\\/#\\\/schema\\\/person\\\/45e1c041fc3bb6068a3502be717d44df\",\"name\":\"Mario V\u00e1zquez Barrios\",\"image\":{\"@type\":\"ImageObject\",\"inLanguage\":\"es\",\"@id\":\"https:\\\/\\\/secure.gravatar.com\\\/avatar\\\/347e6d9c0b04f0194ca244ba64b0fe62752d716a3a93d1713bd259eb87aad5b6?s=96&d=mm&r=g\",\"url\":\"https:\\\/\\\/secure.gravatar.com\\\/avatar\\\/347e6d9c0b04f0194ca244ba64b0fe62752d716a3a93d1713bd259eb87aad5b6?s=96&d=mm&r=g\",\"contentUrl\":\"https:\\\/\\\/secure.gravatar.com\\\/avatar\\\/347e6d9c0b04f0194ca244ba64b0fe62752d716a3a93d1713bd259eb87aad5b6?s=96&d=mm&r=g\",\"caption\":\"Mario V\u00e1zquez Barrios\"},\"description\":\"Me inici\u00e9 en El Financiero haciendo reportajes; en MegaNoticias Televisi\u00f3n fui reportero titular; en EMedios, control de calidad; y Radio 13 Noticias me acogi\u00f3 como colaborador. Me gusta encontrar en las banquetas la nota, una entrevista y el inicio de un reportaje.\",\"sameAs\":[\"https:\\\/\\\/x.com\\\/@MarioDeNiro\"],\"url\":\"https:\\\/\\\/centrourbano.com\\\/revista\\\/author\\\/mario-vazquez\\\/\"}]}<\/script>\n<!-- \/ Yoast SEO plugin. -->","yoast_head_json":{"title":"Gobierno Federal transparenta sector vivienda -","description":"A trav\u00e9s del #SNIIV, se muestran datos de 7 instituciones correlacionadas; gan\u00f3 premio a Innovaci\u00f3n en Transparencia 2015 Con el objetivo de brindar","robots":{"index":"index","follow":"follow","max-snippet":"max-snippet:-1","max-image-preview":"max-image-preview:large","max-video-preview":"max-video-preview:-1"},"canonical":"https:\/\/centrourbano.com\/revista\/reportajes\/gobierno-federal-transparenta-sector-vivienda\/","og_locale":"es_ES","og_type":"article","og_title":"Gobierno Federal transparenta sector vivienda -","og_description":"A trav\u00e9s del #SNIIV, se muestran datos de 7 instituciones correlacionadas; gan\u00f3 premio a Innovaci\u00f3n en Transparencia 2015 Con el objetivo de brindar","og_url":"https:\/\/centrourbano.com\/revista\/reportajes\/gobierno-federal-transparenta-sector-vivienda\/","og_site_name":"Centro Urbano","article_publisher":"https:\/\/www.facebook.com\/portalcentrourbano","article_published_time":"2016-02-29T20:24:25+00:00","article_modified_time":"2016-02-29T20:26:40+00:00","og_image":[{"width":551,"height":455,"url":"https:\/\/centrourbano.com\/revista\/wp-content\/uploads\/SNIIV.png","type":"image\/png"}],"author":"Mario V\u00e1zquez Barrios","twitter_card":"summary_large_image","twitter_creator":"@MarioDeNiro","twitter_site":"@CentroUrbano","twitter_misc":{"Escrito por":"Mario V\u00e1zquez Barrios","Tiempo de lectura":"3 minutos"},"schema":{"@context":"https:\/\/schema.org","@graph":[{"@type":"Article","@id":"https:\/\/centrourbano.com\/revista\/reportajes\/gobierno-federal-transparenta-sector-vivienda\/#article","isPartOf":{"@id":"https:\/\/centrourbano.com\/revista\/reportajes\/gobierno-federal-transparenta-sector-vivienda\/"},"author":{"name":"Mario V\u00e1zquez Barrios","@id":"https:\/\/centrourbano.com\/revista\/#\/schema\/person\/45e1c041fc3bb6068a3502be717d44df"},"headline":"Gobierno Federal transparenta sector vivienda","datePublished":"2016-02-29T20:24:25+00:00","dateModified":"2016-02-29T20:26:40+00:00","mainEntityOfPage":{"@id":"https:\/\/centrourbano.com\/revista\/reportajes\/gobierno-federal-transparenta-sector-vivienda\/"},"wordCount":558,"commentCount":0,"publisher":{"@id":"https:\/\/centrourbano.com\/revista\/#organization"},"image":{"@id":"https:\/\/centrourbano.com\/revista\/reportajes\/gobierno-federal-transparenta-sector-vivienda\/#primaryimage"},"thumbnailUrl":"https:\/\/centrourbano.com\/revista\/wp-content\/uploads\/SNIIV.png","keywords":["CNBV","Conavi","construcci\u00f3n","Fonhapo","RUV","SHF","SNIIV","urbano","vivienda+"],"articleSection":["Reportajes"],"inLanguage":"es","potentialAction":[{"@type":"CommentAction","name":"Comment","target":["https:\/\/centrourbano.com\/revista\/reportajes\/gobierno-federal-transparenta-sector-vivienda\/#respond"]}]},{"@type":"WebPage","@id":"https:\/\/centrourbano.com\/revista\/reportajes\/gobierno-federal-transparenta-sector-vivienda\/","url":"https:\/\/centrourbano.com\/revista\/reportajes\/gobierno-federal-transparenta-sector-vivienda\/","name":"Gobierno Federal transparenta sector vivienda -","isPartOf":{"@id":"https:\/\/centrourbano.com\/revista\/#website"},"primaryImageOfPage":{"@id":"https:\/\/centrourbano.com\/revista\/reportajes\/gobierno-federal-transparenta-sector-vivienda\/#primaryimage"},"image":{"@id":"https:\/\/centrourbano.com\/revista\/reportajes\/gobierno-federal-transparenta-sector-vivienda\/#primaryimage"},"thumbnailUrl":"https:\/\/centrourbano.com\/revista\/wp-content\/uploads\/SNIIV.png","datePublished":"2016-02-29T20:24:25+00:00","dateModified":"2016-02-29T20:26:40+00:00","description":"A trav\u00e9s del #SNIIV, se muestran datos de 7 instituciones correlacionadas; gan\u00f3 premio a Innovaci\u00f3n en Transparencia 2015 Con el objetivo de brindar","breadcrumb":{"@id":"https:\/\/centrourbano.com\/revista\/reportajes\/gobierno-federal-transparenta-sector-vivienda\/#breadcrumb"},"inLanguage":"es","potentialAction":[{"@type":"ReadAction","target":["https:\/\/centrourbano.com\/revista\/reportajes\/gobierno-federal-transparenta-sector-vivienda\/"]}]},{"@type":"ImageObject","inLanguage":"es","@id":"https:\/\/centrourbano.com\/revista\/reportajes\/gobierno-federal-transparenta-sector-vivienda\/#primaryimage","url":"https:\/\/centrourbano.com\/revista\/wp-content\/uploads\/SNIIV.png","contentUrl":"https:\/\/centrourbano.com\/revista\/wp-content\/uploads\/SNIIV.png","width":551,"height":455},{"@type":"BreadcrumbList","@id":"https:\/\/centrourbano.com\/revista\/reportajes\/gobierno-federal-transparenta-sector-vivienda\/#breadcrumb","itemListElement":[{"@type":"ListItem","position":1,"name":"Portada","item":"https:\/\/centrourbano.com\/revista\/"},{"@type":"ListItem","position":2,"name":"Gobierno Federal transparenta sector vivienda"}]},{"@type":"WebSite","@id":"https:\/\/centrourbano.com\/revista\/#website","url":"https:\/\/centrourbano.com\/revista\/","name":"Centro Urbano","description":"Medio especializado en los sectores vivienda, inmobiliario, construcci\u00f3n, arquitectura y urbanismo.","publisher":{"@id":"https:\/\/centrourbano.com\/revista\/#organization"},"potentialAction":[{"@type":"SearchAction","target":{"@type":"EntryPoint","urlTemplate":"https:\/\/centrourbano.com\/revista\/?s={search_term_string}"},"query-input":{"@type":"PropertyValueSpecification","valueRequired":true,"valueName":"search_term_string"}}],"inLanguage":"es"},{"@type":"Organization","@id":"https:\/\/centrourbano.com\/revista\/#organization","name":"Centro Urbano","url":"https:\/\/centrourbano.com\/revista\/","logo":{"@type":"ImageObject","inLanguage":"es","@id":"https:\/\/centrourbano.com\/revista\/#\/schema\/logo\/image\/","url":"https:\/\/centrourbano.com\/revista\/wp-content\/uploads\/web_CU_logo-1.png","contentUrl":"https:\/\/centrourbano.com\/revista\/wp-content\/uploads\/web_CU_logo-1.png","width":350,"height":91,"caption":"Centro Urbano"},"image":{"@id":"https:\/\/centrourbano.com\/revista\/#\/schema\/logo\/image\/"},"sameAs":["https:\/\/www.facebook.com\/portalcentrourbano","https:\/\/x.com\/CentroUrbano","https:\/\/www.instagram.com\/centro_urbano\/","https:\/\/www.linkedin.com\/company\/centro-urbano\/","http:\/\/www.youtube.com\/user\/portalcentrourbano"]},{"@type":"Person","@id":"https:\/\/centrourbano.com\/revista\/#\/schema\/person\/45e1c041fc3bb6068a3502be717d44df","name":"Mario V\u00e1zquez Barrios","image":{"@type":"ImageObject","inLanguage":"es","@id":"https:\/\/secure.gravatar.com\/avatar\/347e6d9c0b04f0194ca244ba64b0fe62752d716a3a93d1713bd259eb87aad5b6?s=96&d=mm&r=g","url":"https:\/\/secure.gravatar.com\/avatar\/347e6d9c0b04f0194ca244ba64b0fe62752d716a3a93d1713bd259eb87aad5b6?s=96&d=mm&r=g","contentUrl":"https:\/\/secure.gravatar.com\/avatar\/347e6d9c0b04f0194ca244ba64b0fe62752d716a3a93d1713bd259eb87aad5b6?s=96&d=mm&r=g","caption":"Mario V\u00e1zquez Barrios"},"description":"Me inici\u00e9 en El Financiero haciendo reportajes; en MegaNoticias Televisi\u00f3n fui reportero titular; en EMedios, control de calidad; y Radio 13 Noticias me acogi\u00f3 como colaborador. Me gusta encontrar en las banquetas la nota, una entrevista y el inicio de un reportaje.","sameAs":["https:\/\/x.com\/@MarioDeNiro"],"url":"https:\/\/centrourbano.com\/revista\/author\/mario-vazquez\/"}]}},"_links":{"self":[{"href":"https:\/\/centrourbano.com\/revista\/wp-json\/wp\/v2\/posts\/31219","targetHints":{"allow":["GET"]}}],"collection":[{"href":"https:\/\/centrourbano.com\/revista\/wp-json\/wp\/v2\/posts"}],"about":[{"href":"https:\/\/centrourbano.com\/revista\/wp-json\/wp\/v2\/types\/post"}],"author":[{"embeddable":true,"href":"https:\/\/centrourbano.com\/revista\/wp-json\/wp\/v2\/users\/28"}],"replies":[{"embeddable":true,"href":"https:\/\/centrourbano.com\/revista\/wp-json\/wp\/v2\/comments?post=31219"}],"version-history":[{"count":0,"href":"https:\/\/centrourbano.com\/revista\/wp-json\/wp\/v2\/posts\/31219\/revisions"}],"wp:featuredmedia":[{"embeddable":true,"href":"https:\/\/centrourbano.com\/revista\/wp-json\/wp\/v2\/media\/31220"}],"wp:attachment":[{"href":"https:\/\/centrourbano.com\/revista\/wp-json\/wp\/v2\/media?parent=31219"}],"wp:term":[{"taxonomy":"category","embeddable":true,"href":"https:\/\/centrourbano.com\/revista\/wp-json\/wp\/v2\/categories?post=31219"},{"taxonomy":"post_tag","embeddable":true,"href":"https:\/\/centrourbano.com\/revista\/wp-json\/wp\/v2\/tags?post=31219"}],"curies":[{"name":"wp","href":"https:\/\/api.w.org\/{rel}","templated":true}]}}