{"id":31163,"date":"2016-02-29T09:57:23","date_gmt":"2016-02-29T15:57:23","guid":{"rendered":"http:\/\/centrourbano.com\/?p=31163"},"modified":"2016-02-29T09:57:52","modified_gmt":"2016-02-29T15:57:52","slug":"anuncian-apertura-de-hotel-ibis-queretaro","status":"publish","type":"post","link":"https:\/\/centrourbano.com\/revista\/inmobiliario\/anuncian-apertura-de-hotel-ibis-queretaro\/","title":{"rendered":"Anuncian apertura de Hotel Ibis Quer\u00e9taro"},"content":{"rendered":"<p><em>El complejo se distingue por su dise\u00f1o elegante e innovador<\/em><br \/>\n<!--more--><\/p>\n<p>Mediante un comunicado de prensa la firma AccorHotels inform\u00f3 sobre la apertura al p\u00fablico de su nuevo <a class=\"expresscurate_contentTags\" href=\"http:\/\/centrourbano.com\/tag\/hotel\/\">#hotel<\/a> <a class=\"expresscurate_contentTags\" href=\"http:\/\/centrourbano.com\/tag\/ibis\/\">#Ibis<\/a> <a class=\"expresscurate_contentTags\" href=\"http:\/\/centrourbano.com\/tag\/queretaro\/\">#Quer\u00e9taro<\/a>. El inmueble estar\u00e1 ubicado en una zona estrat\u00e9gica en el Centro Sur de Quer\u00e9taro y contar\u00e1 con 160 habitaciones.<\/p>\n<p> \u201cQuer\u00e9taro es una ciudad que crece de forma muy din\u00e1mica y una de las ciudades mexicanas m\u00e1s visitadas en destinos sin playa, as\u00ed que abrir un ibis hotel resulta un paso natural. Nos sentimos muy contentos y satisfechos con el buen cumplimiento de nuestra estrategia de expansi\u00f3n que en el caso de ibis hotels, ya se suman 16 unidades de la marca dentro de la Rep\u00fablica Mexicana y nuestro plan de expansi\u00f3n contempla m\u00e1s y nuevas aperturas en corto y mediano plazos\u201d, expres\u00f3 Jean-Philippe Claret, SVP de AccorHotels para M\u00e9xico, Centroam\u00e9rica y el Caribe. <\/p>\n<p>Una de las nuevas amenidades que ofrecer\u00e1 la marca es su concepto Sweet Bed, que consiste en el dise\u00f1o de una cama con un tejido 3D, un colch\u00f3n de densidad variable y almohadas de micro fibra grande, ofreciendo un extra en confort.Otra de los cambios que se implementaron, fue el estilo en las zonas comunes que fueron dise\u00f1ados por Atelier Archange en colores c\u00e1lidos y muebles modernos.<\/p>\n","protected":false},"excerpt":{"rendered":"<p>El complejo se distingue por su dise\u00f1o elegante e innovador<\/p>\n","protected":false},"author":77,"featured_media":31164,"comment_status":"open","ping_status":"closed","sticky":false,"template":"","format":"standard","meta":{"inline_featured_image":false,"footnotes":""},"categories":[15],"tags":[47,1401,221],"class_list":["post-31163","post","type-post","status-publish","format-standard","has-post-thumbnail","hentry","category-inmobiliario","tag-hotel","tag-ibis","tag-queretaro"],"yoast_head":"<!-- This site is optimized with the Yoast SEO plugin v28.4 - https:\/\/yoast.com\/product\/yoast-seo-wordpress\/ -->\n<title>Anuncian apertura de Hotel Ibis Quer\u00e9taro -<\/title>\n<meta name=\"description\" content=\"El complejo se distingue por su dise\u00f1o elegante e innovador Mediante un comunicado de prensa la firma AccorHotels inform\u00f3 sobre la apertura al p\u00fablico de\" \/>\n<meta name=\"robots\" content=\"index, follow, max-snippet:-1, max-image-preview:large, max-video-preview:-1\" \/>\n<link rel=\"canonical\" href=\"https:\/\/centrourbano.com\/revista\/inmobiliario\/anuncian-apertura-de-hotel-ibis-queretaro\/\" \/>\n<meta property=\"og:locale\" content=\"es_ES\" \/>\n<meta property=\"og:type\" content=\"article\" \/>\n<meta property=\"og:title\" content=\"Anuncian apertura de Hotel Ibis Quer\u00e9taro -\" \/>\n<meta property=\"og:description\" content=\"El complejo se distingue por su dise\u00f1o elegante e innovador Mediante un comunicado de prensa la firma AccorHotels inform\u00f3 sobre la apertura al p\u00fablico de\" \/>\n<meta property=\"og:url\" content=\"https:\/\/centrourbano.com\/revista\/inmobiliario\/anuncian-apertura-de-hotel-ibis-queretaro\/\" \/>\n<meta property=\"og:site_name\" content=\"Centro Urbano\" \/>\n<meta property=\"article:publisher\" content=\"https:\/\/www.facebook.com\/portalcentrourbano\" \/>\n<meta property=\"article:published_time\" content=\"2016-02-29T15:57:23+00:00\" \/>\n<meta property=\"article:modified_time\" content=\"2016-02-29T15:57:52+00:00\" \/>\n<meta property=\"og:image\" content=\"https:\/\/centrourbano.com\/revista\/wp-content\/uploads\/ibisQueretaro_AccorHotels_2-e1456761355961.jpg\" \/>\n\t<meta property=\"og:image:width\" content=\"580\" \/>\n\t<meta property=\"og:image:height\" content=\"386\" \/>\n\t<meta property=\"og:image:type\" content=\"image\/jpeg\" \/>\n<meta name=\"author\" content=\"G4A\" \/>\n<meta name=\"twitter:card\" content=\"summary_large_image\" \/>\n<meta name=\"twitter:creator\" content=\"@CentroUrbano\" \/>\n<meta name=\"twitter:site\" content=\"@CentroUrbano\" \/>\n<meta name=\"twitter:label1\" content=\"Escrito por\" \/>\n\t<meta name=\"twitter:data1\" content=\"G4A\" \/>\n\t<meta name=\"twitter:label2\" content=\"Tiempo de lectura\" \/>\n\t<meta name=\"twitter:data2\" content=\"1 minuto\" \/>\n<script type=\"application\/ld+json\" class=\"yoast-schema-graph\">{\"@context\":\"https:\\\/\\\/schema.org\",\"@graph\":[{\"@type\":\"Article\",\"@id\":\"https:\\\/\\\/centrourbano.com\\\/revista\\\/inmobiliario\\\/anuncian-apertura-de-hotel-ibis-queretaro\\\/#article\",\"isPartOf\":{\"@id\":\"https:\\\/\\\/centrourbano.com\\\/revista\\\/inmobiliario\\\/anuncian-apertura-de-hotel-ibis-queretaro\\\/\"},\"author\":{\"name\":\"G4A\",\"@id\":\"https:\\\/\\\/centrourbano.com\\\/revista\\\/#\\\/schema\\\/person\\\/370fa0ba2d8dd5bde3fdb8b62ad360aa\"},\"headline\":\"Anuncian apertura de Hotel Ibis Quer\u00e9taro\",\"datePublished\":\"2016-02-29T15:57:23+00:00\",\"dateModified\":\"2016-02-29T15:57:52+00:00\",\"mainEntityOfPage\":{\"@id\":\"https:\\\/\\\/centrourbano.com\\\/revista\\\/inmobiliario\\\/anuncian-apertura-de-hotel-ibis-queretaro\\\/\"},\"wordCount\":234,\"commentCount\":0,\"publisher\":{\"@id\":\"https:\\\/\\\/centrourbano.com\\\/revista\\\/#organization\"},\"image\":{\"@id\":\"https:\\\/\\\/centrourbano.com\\\/revista\\\/inmobiliario\\\/anuncian-apertura-de-hotel-ibis-queretaro\\\/#primaryimage\"},\"thumbnailUrl\":\"https:\\\/\\\/centrourbano.com\\\/revista\\\/wp-content\\\/uploads\\\/ibisQueretaro_AccorHotels_2-e1456761355961.jpg\",\"keywords\":[\"hotel\",\"Ibis\",\"Quer\u00e9taro\"],\"articleSection\":[\"Inmobiliario\"],\"inLanguage\":\"es\"},{\"@type\":\"WebPage\",\"@id\":\"https:\\\/\\\/centrourbano.com\\\/revista\\\/inmobiliario\\\/anuncian-apertura-de-hotel-ibis-queretaro\\\/\",\"url\":\"https:\\\/\\\/centrourbano.com\\\/revista\\\/inmobiliario\\\/anuncian-apertura-de-hotel-ibis-queretaro\\\/\",\"name\":\"Anuncian apertura de Hotel Ibis Quer\u00e9taro -\",\"isPartOf\":{\"@id\":\"https:\\\/\\\/centrourbano.com\\\/revista\\\/#website\"},\"primaryImageOfPage\":{\"@id\":\"https:\\\/\\\/centrourbano.com\\\/revista\\\/inmobiliario\\\/anuncian-apertura-de-hotel-ibis-queretaro\\\/#primaryimage\"},\"image\":{\"@id\":\"https:\\\/\\\/centrourbano.com\\\/revista\\\/inmobiliario\\\/anuncian-apertura-de-hotel-ibis-queretaro\\\/#primaryimage\"},\"thumbnailUrl\":\"https:\\\/\\\/centrourbano.com\\\/revista\\\/wp-content\\\/uploads\\\/ibisQueretaro_AccorHotels_2-e1456761355961.jpg\",\"datePublished\":\"2016-02-29T15:57:23+00:00\",\"dateModified\":\"2016-02-29T15:57:52+00:00\",\"description\":\"El complejo se distingue por su dise\u00f1o elegante e innovador Mediante un comunicado de prensa la firma AccorHotels inform\u00f3 sobre la apertura al p\u00fablico de\",\"breadcrumb\":{\"@id\":\"https:\\\/\\\/centrourbano.com\\\/revista\\\/inmobiliario\\\/anuncian-apertura-de-hotel-ibis-queretaro\\\/#breadcrumb\"},\"inLanguage\":\"es\",\"potentialAction\":[{\"@type\":\"ReadAction\",\"target\":[\"https:\\\/\\\/centrourbano.com\\\/revista\\\/inmobiliario\\\/anuncian-apertura-de-hotel-ibis-queretaro\\\/\"]}]},{\"@type\":\"ImageObject\",\"inLanguage\":\"es\",\"@id\":\"https:\\\/\\\/centrourbano.com\\\/revista\\\/inmobiliario\\\/anuncian-apertura-de-hotel-ibis-queretaro\\\/#primaryimage\",\"url\":\"https:\\\/\\\/centrourbano.com\\\/revista\\\/wp-content\\\/uploads\\\/ibisQueretaro_AccorHotels_2-e1456761355961.jpg\",\"contentUrl\":\"https:\\\/\\\/centrourbano.com\\\/revista\\\/wp-content\\\/uploads\\\/ibisQueretaro_AccorHotels_2-e1456761355961.jpg\",\"width\":580,\"height\":386},{\"@type\":\"BreadcrumbList\",\"@id\":\"https:\\\/\\\/centrourbano.com\\\/revista\\\/inmobiliario\\\/anuncian-apertura-de-hotel-ibis-queretaro\\\/#breadcrumb\",\"itemListElement\":[{\"@type\":\"ListItem\",\"position\":1,\"name\":\"Portada\",\"item\":\"https:\\\/\\\/centrourbano.com\\\/revista\\\/\"},{\"@type\":\"ListItem\",\"position\":2,\"name\":\"Anuncian apertura de Hotel Ibis Quer\u00e9taro\"}]},{\"@type\":\"WebSite\",\"@id\":\"https:\\\/\\\/centrourbano.com\\\/revista\\\/#website\",\"url\":\"https:\\\/\\\/centrourbano.com\\\/revista\\\/\",\"name\":\"Centro Urbano\",\"description\":\"Medio especializado en los sectores vivienda, inmobiliario, construcci\u00f3n, arquitectura y urbanismo.\",\"publisher\":{\"@id\":\"https:\\\/\\\/centrourbano.com\\\/revista\\\/#organization\"},\"potentialAction\":[{\"@type\":\"SearchAction\",\"target\":{\"@type\":\"EntryPoint\",\"urlTemplate\":\"https:\\\/\\\/centrourbano.com\\\/revista\\\/?s={search_term_string}\"},\"query-input\":{\"@type\":\"PropertyValueSpecification\",\"valueRequired\":true,\"valueName\":\"search_term_string\"}}],\"inLanguage\":\"es\"},{\"@type\":\"Organization\",\"@id\":\"https:\\\/\\\/centrourbano.com\\\/revista\\\/#organization\",\"name\":\"Centro Urbano\",\"url\":\"https:\\\/\\\/centrourbano.com\\\/revista\\\/\",\"logo\":{\"@type\":\"ImageObject\",\"inLanguage\":\"es\",\"@id\":\"https:\\\/\\\/centrourbano.com\\\/revista\\\/#\\\/schema\\\/logo\\\/image\\\/\",\"url\":\"https:\\\/\\\/centrourbano.com\\\/revista\\\/wp-content\\\/uploads\\\/web_CU_logo-1.png\",\"contentUrl\":\"https:\\\/\\\/centrourbano.com\\\/revista\\\/wp-content\\\/uploads\\\/web_CU_logo-1.png\",\"width\":350,\"height\":91,\"caption\":\"Centro Urbano\"},\"image\":{\"@id\":\"https:\\\/\\\/centrourbano.com\\\/revista\\\/#\\\/schema\\\/logo\\\/image\\\/\"},\"sameAs\":[\"https:\\\/\\\/www.facebook.com\\\/portalcentrourbano\",\"https:\\\/\\\/x.com\\\/CentroUrbano\",\"https:\\\/\\\/www.instagram.com\\\/centro_urbano\\\/\",\"https:\\\/\\\/www.linkedin.com\\\/company\\\/centro-urbano\\\/\",\"http:\\\/\\\/www.youtube.com\\\/user\\\/portalcentrourbano\"]},{\"@type\":\"Person\",\"@id\":\"https:\\\/\\\/centrourbano.com\\\/revista\\\/#\\\/schema\\\/person\\\/370fa0ba2d8dd5bde3fdb8b62ad360aa\",\"name\":\"G4A\",\"image\":{\"@type\":\"ImageObject\",\"inLanguage\":\"es\",\"@id\":\"https:\\\/\\\/secure.gravatar.com\\\/avatar\\\/932a97121b13d5de5bbd8193c6c83d3b92c9eda0f39623607d4280e7a5778d97?s=96&d=mm&r=g\",\"url\":\"https:\\\/\\\/secure.gravatar.com\\\/avatar\\\/932a97121b13d5de5bbd8193c6c83d3b92c9eda0f39623607d4280e7a5778d97?s=96&d=mm&r=g\",\"contentUrl\":\"https:\\\/\\\/secure.gravatar.com\\\/avatar\\\/932a97121b13d5de5bbd8193c6c83d3b92c9eda0f39623607d4280e7a5778d97?s=96&d=mm&r=g\",\"caption\":\"G4A\"},\"url\":\"https:\\\/\\\/centrourbano.com\\\/revista\\\/author\\\/admin-g4a\\\/\"}]}<\/script>\n<!-- \/ Yoast SEO plugin. -->","yoast_head_json":{"title":"Anuncian apertura de Hotel Ibis Quer\u00e9taro -","description":"El complejo se distingue por su dise\u00f1o elegante e innovador Mediante un comunicado de prensa la firma AccorHotels inform\u00f3 sobre la apertura al p\u00fablico de","robots":{"index":"index","follow":"follow","max-snippet":"max-snippet:-1","max-image-preview":"max-image-preview:large","max-video-preview":"max-video-preview:-1"},"canonical":"https:\/\/centrourbano.com\/revista\/inmobiliario\/anuncian-apertura-de-hotel-ibis-queretaro\/","og_locale":"es_ES","og_type":"article","og_title":"Anuncian apertura de Hotel Ibis Quer\u00e9taro -","og_description":"El complejo se distingue por su dise\u00f1o elegante e innovador Mediante un comunicado de prensa la firma AccorHotels inform\u00f3 sobre la apertura al p\u00fablico de","og_url":"https:\/\/centrourbano.com\/revista\/inmobiliario\/anuncian-apertura-de-hotel-ibis-queretaro\/","og_site_name":"Centro Urbano","article_publisher":"https:\/\/www.facebook.com\/portalcentrourbano","article_published_time":"2016-02-29T15:57:23+00:00","article_modified_time":"2016-02-29T15:57:52+00:00","og_image":[{"width":580,"height":386,"url":"https:\/\/centrourbano.com\/revista\/wp-content\/uploads\/ibisQueretaro_AccorHotels_2-e1456761355961.jpg","type":"image\/jpeg"}],"author":"G4A","twitter_card":"summary_large_image","twitter_creator":"@CentroUrbano","twitter_site":"@CentroUrbano","twitter_misc":{"Escrito por":"G4A","Tiempo de lectura":"1 minuto"},"schema":{"@context":"https:\/\/schema.org","@graph":[{"@type":"Article","@id":"https:\/\/centrourbano.com\/revista\/inmobiliario\/anuncian-apertura-de-hotel-ibis-queretaro\/#article","isPartOf":{"@id":"https:\/\/centrourbano.com\/revista\/inmobiliario\/anuncian-apertura-de-hotel-ibis-queretaro\/"},"author":{"name":"G4A","@id":"https:\/\/centrourbano.com\/revista\/#\/schema\/person\/370fa0ba2d8dd5bde3fdb8b62ad360aa"},"headline":"Anuncian apertura de Hotel Ibis Quer\u00e9taro","datePublished":"2016-02-29T15:57:23+00:00","dateModified":"2016-02-29T15:57:52+00:00","mainEntityOfPage":{"@id":"https:\/\/centrourbano.com\/revista\/inmobiliario\/anuncian-apertura-de-hotel-ibis-queretaro\/"},"wordCount":234,"commentCount":0,"publisher":{"@id":"https:\/\/centrourbano.com\/revista\/#organization"},"image":{"@id":"https:\/\/centrourbano.com\/revista\/inmobiliario\/anuncian-apertura-de-hotel-ibis-queretaro\/#primaryimage"},"thumbnailUrl":"https:\/\/centrourbano.com\/revista\/wp-content\/uploads\/ibisQueretaro_AccorHotels_2-e1456761355961.jpg","keywords":["hotel","Ibis","Quer\u00e9taro"],"articleSection":["Inmobiliario"],"inLanguage":"es"},{"@type":"WebPage","@id":"https:\/\/centrourbano.com\/revista\/inmobiliario\/anuncian-apertura-de-hotel-ibis-queretaro\/","url":"https:\/\/centrourbano.com\/revista\/inmobiliario\/anuncian-apertura-de-hotel-ibis-queretaro\/","name":"Anuncian apertura de Hotel Ibis Quer\u00e9taro -","isPartOf":{"@id":"https:\/\/centrourbano.com\/revista\/#website"},"primaryImageOfPage":{"@id":"https:\/\/centrourbano.com\/revista\/inmobiliario\/anuncian-apertura-de-hotel-ibis-queretaro\/#primaryimage"},"image":{"@id":"https:\/\/centrourbano.com\/revista\/inmobiliario\/anuncian-apertura-de-hotel-ibis-queretaro\/#primaryimage"},"thumbnailUrl":"https:\/\/centrourbano.com\/revista\/wp-content\/uploads\/ibisQueretaro_AccorHotels_2-e1456761355961.jpg","datePublished":"2016-02-29T15:57:23+00:00","dateModified":"2016-02-29T15:57:52+00:00","description":"El complejo se distingue por su dise\u00f1o elegante e innovador Mediante un comunicado de prensa la firma AccorHotels inform\u00f3 sobre la apertura al p\u00fablico de","breadcrumb":{"@id":"https:\/\/centrourbano.com\/revista\/inmobiliario\/anuncian-apertura-de-hotel-ibis-queretaro\/#breadcrumb"},"inLanguage":"es","potentialAction":[{"@type":"ReadAction","target":["https:\/\/centrourbano.com\/revista\/inmobiliario\/anuncian-apertura-de-hotel-ibis-queretaro\/"]}]},{"@type":"ImageObject","inLanguage":"es","@id":"https:\/\/centrourbano.com\/revista\/inmobiliario\/anuncian-apertura-de-hotel-ibis-queretaro\/#primaryimage","url":"https:\/\/centrourbano.com\/revista\/wp-content\/uploads\/ibisQueretaro_AccorHotels_2-e1456761355961.jpg","contentUrl":"https:\/\/centrourbano.com\/revista\/wp-content\/uploads\/ibisQueretaro_AccorHotels_2-e1456761355961.jpg","width":580,"height":386},{"@type":"BreadcrumbList","@id":"https:\/\/centrourbano.com\/revista\/inmobiliario\/anuncian-apertura-de-hotel-ibis-queretaro\/#breadcrumb","itemListElement":[{"@type":"ListItem","position":1,"name":"Portada","item":"https:\/\/centrourbano.com\/revista\/"},{"@type":"ListItem","position":2,"name":"Anuncian apertura de Hotel Ibis Quer\u00e9taro"}]},{"@type":"WebSite","@id":"https:\/\/centrourbano.com\/revista\/#website","url":"https:\/\/centrourbano.com\/revista\/","name":"Centro Urbano","description":"Medio especializado en los sectores vivienda, inmobiliario, construcci\u00f3n, arquitectura y urbanismo.","publisher":{"@id":"https:\/\/centrourbano.com\/revista\/#organization"},"potentialAction":[{"@type":"SearchAction","target":{"@type":"EntryPoint","urlTemplate":"https:\/\/centrourbano.com\/revista\/?s={search_term_string}"},"query-input":{"@type":"PropertyValueSpecification","valueRequired":true,"valueName":"search_term_string"}}],"inLanguage":"es"},{"@type":"Organization","@id":"https:\/\/centrourbano.com\/revista\/#organization","name":"Centro Urbano","url":"https:\/\/centrourbano.com\/revista\/","logo":{"@type":"ImageObject","inLanguage":"es","@id":"https:\/\/centrourbano.com\/revista\/#\/schema\/logo\/image\/","url":"https:\/\/centrourbano.com\/revista\/wp-content\/uploads\/web_CU_logo-1.png","contentUrl":"https:\/\/centrourbano.com\/revista\/wp-content\/uploads\/web_CU_logo-1.png","width":350,"height":91,"caption":"Centro Urbano"},"image":{"@id":"https:\/\/centrourbano.com\/revista\/#\/schema\/logo\/image\/"},"sameAs":["https:\/\/www.facebook.com\/portalcentrourbano","https:\/\/x.com\/CentroUrbano","https:\/\/www.instagram.com\/centro_urbano\/","https:\/\/www.linkedin.com\/company\/centro-urbano\/","http:\/\/www.youtube.com\/user\/portalcentrourbano"]},{"@type":"Person","@id":"https:\/\/centrourbano.com\/revista\/#\/schema\/person\/370fa0ba2d8dd5bde3fdb8b62ad360aa","name":"G4A","image":{"@type":"ImageObject","inLanguage":"es","@id":"https:\/\/secure.gravatar.com\/avatar\/932a97121b13d5de5bbd8193c6c83d3b92c9eda0f39623607d4280e7a5778d97?s=96&d=mm&r=g","url":"https:\/\/secure.gravatar.com\/avatar\/932a97121b13d5de5bbd8193c6c83d3b92c9eda0f39623607d4280e7a5778d97?s=96&d=mm&r=g","contentUrl":"https:\/\/secure.gravatar.com\/avatar\/932a97121b13d5de5bbd8193c6c83d3b92c9eda0f39623607d4280e7a5778d97?s=96&d=mm&r=g","caption":"G4A"},"url":"https:\/\/centrourbano.com\/revista\/author\/admin-g4a\/"}]}},"_links":{"self":[{"href":"https:\/\/centrourbano.com\/revista\/wp-json\/wp\/v2\/posts\/31163","targetHints":{"allow":["GET"]}}],"collection":[{"href":"https:\/\/centrourbano.com\/revista\/wp-json\/wp\/v2\/posts"}],"about":[{"href":"https:\/\/centrourbano.com\/revista\/wp-json\/wp\/v2\/types\/post"}],"author":[{"embeddable":true,"href":"https:\/\/centrourbano.com\/revista\/wp-json\/wp\/v2\/users\/77"}],"replies":[{"embeddable":true,"href":"https:\/\/centrourbano.com\/revista\/wp-json\/wp\/v2\/comments?post=31163"}],"version-history":[{"count":0,"href":"https:\/\/centrourbano.com\/revista\/wp-json\/wp\/v2\/posts\/31163\/revisions"}],"wp:featuredmedia":[{"embeddable":true,"href":"https:\/\/centrourbano.com\/revista\/wp-json\/wp\/v2\/media\/31164"}],"wp:attachment":[{"href":"https:\/\/centrourbano.com\/revista\/wp-json\/wp\/v2\/media?parent=31163"}],"wp:term":[{"taxonomy":"category","embeddable":true,"href":"https:\/\/centrourbano.com\/revista\/wp-json\/wp\/v2\/categories?post=31163"},{"taxonomy":"post_tag","embeddable":true,"href":"https:\/\/centrourbano.com\/revista\/wp-json\/wp\/v2\/tags?post=31163"}],"curies":[{"name":"wp","href":"https:\/\/api.w.org\/{rel}","templated":true}]}}