{"id":31110,"date":"2016-02-26T13:50:13","date_gmt":"2016-02-26T19:50:13","guid":{"rendered":"http:\/\/centrourbano.com\/?p=31110"},"modified":"2016-02-26T14:00:15","modified_gmt":"2016-02-26T20:00:15","slug":"arquitectos-entregaran-cartas-a-mancera-durante-mextropoli-2016","status":"publish","type":"post","link":"https:\/\/centrourbano.com\/revista\/arquitectura-2\/arquitectos-entregaran-cartas-a-mancera-durante-mextropoli-2016\/","title":{"rendered":"Arquitectos entregar\u00e1n cartas a Mancera durante Mextr\u00f3poli 2016"},"content":{"rendered":"<p><em>Parte del programa de inauguraci\u00f3n incluye este acto que los expertos en la materia dirigir\u00e1n al jefe de gobierno de la <a class=\"expresscurate_contentTags\" href=\"http:\/\/centrourbano.com\/tag\/ciudad-de-mexico\/\">#Ciudad de M\u00e9xico<\/a><br \/>\n<\/em><!--more--><\/p>\n<p>Se acerca la fecha del <a class=\"expresscurate_contentTags\" href=\"http:\/\/centrourbano.com\/tag\/festival-internacional-de-arquitectura-y-ciudad\/\">#Festival Internacional de Arquitectura y Ciudad<\/a>, <a class=\"expresscurate_contentTags\" href=\"http:\/\/centrourbano.com\/tag\/mextropoli\/\">#Mextr\u00f3poli<\/a>, evento en el cual se presentar\u00e1n conferencias, di\u00e1logos, talleres, rutas, pabellones y actividades al aire libre.<\/p>\n<p>Este festival reunir\u00e1 a m\u00e1s de 22,000 personas para vivir, a trav\u00e9s de la <a class=\"expresscurate_contentTags\" href=\"http:\/\/centrourbano.com\/tag\/arquitectura\/\">#arquitectura<\/a>, una <a class=\"expresscurate_contentTags\" href=\"http:\/\/centrourbano.com\/tag\/ciudad\/\">#ciudad<\/a> extraordinaria, fomentando el ejercicio creativo, cr\u00edtico y participativo entre la ciudadan\u00eda.<\/p>\n<p>As\u00ed, los pr\u00f3ximos 5, 6, 7 y 8 de marzo, Mextr\u00f3poli se convertir\u00e1 en el m\u00e1s importante y diverso escenario para pensar, crear, dise\u00f1ar y disfrutar de la ciudad, convirti\u00e9ndola, a su vez, en el abanderado de la arquitectura y el <a class=\"expresscurate_contentTags\" href=\"http:\/\/centrourbano.com\/tag\/urbanismo\/\">#urbanismo<\/a> mundial. <\/p>\n<p>Uno de los momentos m\u00e1s relevantes que se llevar\u00e1n a cabo durante este foro es la inauguraci\u00f3n de la exposici\u00f3n: \u201cCartas al alcalde\u201d ya que diversos <a class=\"expresscurate_contentTags\" href=\"http:\/\/centrourbano.com\/tag\/arquitectos\/\">#arquitectos<\/a> dirigir\u00e1n cartas al jefe de gobierno de la Ciudad de M\u00e9xico, <a class=\"expresscurate_contentTags\" href=\"http:\/\/centrourbano.com\/tag\/miguel-angel-mancera\/\">#Miguel \u00c1ngel Mancera<\/a> para dialogar, hacer cr\u00edticas y propuestas. <\/p>\n<p>A este evento asistir\u00e1n estudiantes, ciudadanos, profesionistas, turistas, creativos, servidores p\u00fablicos, artistas, l\u00edderes de opini\u00f3n y expertos en la materia para generar conocimiento, intercambio y una nueva visi\u00f3n de ciudad a trav\u00e9s de la arquitectura.<\/p>\n<p>Este festival ofrece m\u00e1s de 70 actividades en diferentes modalidades en la que las personas pueden participar en conferencias magistrales, mesas de discusi\u00f3n, rutas por la ciudad (en bicicleta, a pie o en cami\u00f3n), talleres, proyecciones de cine, exposiciones, pabellones, presentaciones de libros y fiestas entre otras.<\/p>\n","protected":false},"excerpt":{"rendered":"<p>Parte del programa de inauguraci\u00f3n incluye este acto que los expertos en la materia dirigir\u00e1n al jefe de gobierno de la #Ciudad de M\u00e9xico<\/p>\n","protected":false},"author":9,"featured_media":31111,"comment_status":"open","ping_status":"closed","sticky":false,"template":"","format":"standard","meta":{"om_disable_all_campaigns":false,"inline_featured_image":false,"_monsterinsights_skip_tracking":false,"_monsterinsights_sitenote_active":false,"_monsterinsights_sitenote_note":"","_monsterinsights_sitenote_category":0,"footnotes":""},"categories":[81],"tags":[1273,20,132,290,4563,1295,229,6156],"class_list":["post-31110","post","type-post","status-publish","format-standard","has-post-thumbnail","hentry","category-arquitectura-2","tag-arquitectos","tag-arquitectura","tag-ciudad","tag-ciudad-de-mexico","tag-festival-internacional-de-arquitectura-y-ciudad","tag-mextropoli","tag-miguel-angel-mancera","tag-urbanismo"],"yoast_head":"<!-- This site is optimized with the Yoast SEO plugin v27.4 - https:\/\/yoast.com\/product\/yoast-seo-wordpress\/ -->\n<title>Arquitectos entregar\u00e1n cartas a Mancera durante Mextr\u00f3poli 2016 -<\/title>\n<meta name=\"description\" content=\"Parte del programa de inauguraci\u00f3n incluye este acto que los expertos en la materia dirigir\u00e1n al jefe de gobierno de la #Ciudad de M\u00e9xico Se acerca la\" \/>\n<meta name=\"robots\" content=\"index, follow, max-snippet:-1, max-image-preview:large, max-video-preview:-1\" \/>\n<link rel=\"canonical\" href=\"https:\/\/centrourbano.com\/revista\/arquitectura-2\/arquitectos-entregaran-cartas-a-mancera-durante-mextropoli-2016\/\" \/>\n<meta property=\"og:locale\" content=\"es_ES\" \/>\n<meta property=\"og:type\" content=\"article\" \/>\n<meta property=\"og:title\" content=\"Arquitectos entregar\u00e1n cartas a Mancera durante Mextr\u00f3poli 2016 -\" \/>\n<meta property=\"og:description\" content=\"Parte del programa de inauguraci\u00f3n incluye este acto que los expertos en la materia dirigir\u00e1n al jefe de gobierno de la #Ciudad de M\u00e9xico Se acerca la\" \/>\n<meta property=\"og:url\" content=\"https:\/\/centrourbano.com\/revista\/arquitectura-2\/arquitectos-entregaran-cartas-a-mancera-durante-mextropoli-2016\/\" \/>\n<meta property=\"og:site_name\" content=\"Centro Urbano\" \/>\n<meta property=\"article:publisher\" content=\"https:\/\/www.facebook.com\/portalcentrourbano\" \/>\n<meta property=\"article:published_time\" content=\"2016-02-26T19:50:13+00:00\" \/>\n<meta property=\"article:modified_time\" content=\"2016-02-26T20:00:15+00:00\" \/>\n<meta property=\"og:image\" content=\"https:\/\/centrourbano.com\/revista\/wp-content\/uploads\/Mextr\u00f3poli.jpg\" \/>\n\t<meta property=\"og:image:width\" content=\"800\" \/>\n\t<meta property=\"og:image:height\" content=\"534\" \/>\n\t<meta property=\"og:image:type\" content=\"image\/jpeg\" \/>\n<meta name=\"author\" content=\"Dinorah Nava\" \/>\n<meta name=\"twitter:card\" content=\"summary_large_image\" \/>\n<meta name=\"twitter:creator\" content=\"@https:\/\/twitter.com\/Dinorah_Nava28\" \/>\n<meta name=\"twitter:site\" content=\"@CentroUrbano\" \/>\n<meta name=\"twitter:label1\" content=\"Escrito por\" \/>\n\t<meta name=\"twitter:data1\" content=\"Dinorah Nava\" \/>\n\t<meta name=\"twitter:label2\" content=\"Tiempo de lectura\" \/>\n\t<meta name=\"twitter:data2\" content=\"1 minuto\" \/>\n<script type=\"application\/ld+json\" class=\"yoast-schema-graph\">{\"@context\":\"https:\\\/\\\/schema.org\",\"@graph\":[{\"@type\":\"Article\",\"@id\":\"https:\\\/\\\/centrourbano.com\\\/revista\\\/arquitectura-2\\\/arquitectos-entregaran-cartas-a-mancera-durante-mextropoli-2016\\\/#article\",\"isPartOf\":{\"@id\":\"https:\\\/\\\/centrourbano.com\\\/revista\\\/arquitectura-2\\\/arquitectos-entregaran-cartas-a-mancera-durante-mextropoli-2016\\\/\"},\"author\":{\"name\":\"Dinorah Nava\",\"@id\":\"https:\\\/\\\/centrourbano.com\\\/revista\\\/#\\\/schema\\\/person\\\/b45db815d96831257ba428a3d5a5fbdc\"},\"headline\":\"Arquitectos entregar\u00e1n cartas a Mancera durante Mextr\u00f3poli 2016\",\"datePublished\":\"2016-02-26T19:50:13+00:00\",\"dateModified\":\"2016-02-26T20:00:15+00:00\",\"mainEntityOfPage\":{\"@id\":\"https:\\\/\\\/centrourbano.com\\\/revista\\\/arquitectura-2\\\/arquitectos-entregaran-cartas-a-mancera-durante-mextropoli-2016\\\/\"},\"wordCount\":286,\"commentCount\":0,\"publisher\":{\"@id\":\"https:\\\/\\\/centrourbano.com\\\/revista\\\/#organization\"},\"image\":{\"@id\":\"https:\\\/\\\/centrourbano.com\\\/revista\\\/arquitectura-2\\\/arquitectos-entregaran-cartas-a-mancera-durante-mextropoli-2016\\\/#primaryimage\"},\"thumbnailUrl\":\"https:\\\/\\\/centrourbano.com\\\/revista\\\/wp-content\\\/uploads\\\/Mextr\u00f3poli.jpg\",\"keywords\":[\"arquitectos\",\"arquitectura\",\"Ciudad\",\"ciudad de M\u00e9xico\",\"Festival Internacional de Arquitectura y Ciudad\",\"Mextr\u00f3poli\",\"Miguel \u00c1ngel Mancera\",\"Urbanismo\"],\"articleSection\":[\"Arquitectura\"],\"inLanguage\":\"es\",\"potentialAction\":[{\"@type\":\"CommentAction\",\"name\":\"Comment\",\"target\":[\"https:\\\/\\\/centrourbano.com\\\/revista\\\/arquitectura-2\\\/arquitectos-entregaran-cartas-a-mancera-durante-mextropoli-2016\\\/#respond\"]}]},{\"@type\":\"WebPage\",\"@id\":\"https:\\\/\\\/centrourbano.com\\\/revista\\\/arquitectura-2\\\/arquitectos-entregaran-cartas-a-mancera-durante-mextropoli-2016\\\/\",\"url\":\"https:\\\/\\\/centrourbano.com\\\/revista\\\/arquitectura-2\\\/arquitectos-entregaran-cartas-a-mancera-durante-mextropoli-2016\\\/\",\"name\":\"Arquitectos entregar\u00e1n cartas a Mancera durante Mextr\u00f3poli 2016 -\",\"isPartOf\":{\"@id\":\"https:\\\/\\\/centrourbano.com\\\/revista\\\/#website\"},\"primaryImageOfPage\":{\"@id\":\"https:\\\/\\\/centrourbano.com\\\/revista\\\/arquitectura-2\\\/arquitectos-entregaran-cartas-a-mancera-durante-mextropoli-2016\\\/#primaryimage\"},\"image\":{\"@id\":\"https:\\\/\\\/centrourbano.com\\\/revista\\\/arquitectura-2\\\/arquitectos-entregaran-cartas-a-mancera-durante-mextropoli-2016\\\/#primaryimage\"},\"thumbnailUrl\":\"https:\\\/\\\/centrourbano.com\\\/revista\\\/wp-content\\\/uploads\\\/Mextr\u00f3poli.jpg\",\"datePublished\":\"2016-02-26T19:50:13+00:00\",\"dateModified\":\"2016-02-26T20:00:15+00:00\",\"description\":\"Parte del programa de inauguraci\u00f3n incluye este acto que los expertos en la materia dirigir\u00e1n al jefe de gobierno de la #Ciudad de M\u00e9xico Se acerca la\",\"breadcrumb\":{\"@id\":\"https:\\\/\\\/centrourbano.com\\\/revista\\\/arquitectura-2\\\/arquitectos-entregaran-cartas-a-mancera-durante-mextropoli-2016\\\/#breadcrumb\"},\"inLanguage\":\"es\",\"potentialAction\":[{\"@type\":\"ReadAction\",\"target\":[\"https:\\\/\\\/centrourbano.com\\\/revista\\\/arquitectura-2\\\/arquitectos-entregaran-cartas-a-mancera-durante-mextropoli-2016\\\/\"]}]},{\"@type\":\"ImageObject\",\"inLanguage\":\"es\",\"@id\":\"https:\\\/\\\/centrourbano.com\\\/revista\\\/arquitectura-2\\\/arquitectos-entregaran-cartas-a-mancera-durante-mextropoli-2016\\\/#primaryimage\",\"url\":\"https:\\\/\\\/centrourbano.com\\\/revista\\\/wp-content\\\/uploads\\\/Mextr\u00f3poli.jpg\",\"contentUrl\":\"https:\\\/\\\/centrourbano.com\\\/revista\\\/wp-content\\\/uploads\\\/Mextr\u00f3poli.jpg\",\"width\":800,\"height\":534},{\"@type\":\"BreadcrumbList\",\"@id\":\"https:\\\/\\\/centrourbano.com\\\/revista\\\/arquitectura-2\\\/arquitectos-entregaran-cartas-a-mancera-durante-mextropoli-2016\\\/#breadcrumb\",\"itemListElement\":[{\"@type\":\"ListItem\",\"position\":1,\"name\":\"Portada\",\"item\":\"https:\\\/\\\/centrourbano.com\\\/revista\\\/\"},{\"@type\":\"ListItem\",\"position\":2,\"name\":\"Arquitectos entregar\u00e1n cartas a Mancera durante Mextr\u00f3poli 2016\"}]},{\"@type\":\"WebSite\",\"@id\":\"https:\\\/\\\/centrourbano.com\\\/revista\\\/#website\",\"url\":\"https:\\\/\\\/centrourbano.com\\\/revista\\\/\",\"name\":\"Centro Urbano\",\"description\":\"Medio especializado en los sectores vivienda, inmobiliario, construcci\u00f3n, arquitectura y urbanismo.\",\"publisher\":{\"@id\":\"https:\\\/\\\/centrourbano.com\\\/revista\\\/#organization\"},\"potentialAction\":[{\"@type\":\"SearchAction\",\"target\":{\"@type\":\"EntryPoint\",\"urlTemplate\":\"https:\\\/\\\/centrourbano.com\\\/revista\\\/?s={search_term_string}\"},\"query-input\":{\"@type\":\"PropertyValueSpecification\",\"valueRequired\":true,\"valueName\":\"search_term_string\"}}],\"inLanguage\":\"es\"},{\"@type\":\"Organization\",\"@id\":\"https:\\\/\\\/centrourbano.com\\\/revista\\\/#organization\",\"name\":\"Centro Urbano\",\"url\":\"https:\\\/\\\/centrourbano.com\\\/revista\\\/\",\"logo\":{\"@type\":\"ImageObject\",\"inLanguage\":\"es\",\"@id\":\"https:\\\/\\\/centrourbano.com\\\/revista\\\/#\\\/schema\\\/logo\\\/image\\\/\",\"url\":\"https:\\\/\\\/centrourbano.com\\\/revista\\\/wp-content\\\/uploads\\\/web_CU_logo-1.png\",\"contentUrl\":\"https:\\\/\\\/centrourbano.com\\\/revista\\\/wp-content\\\/uploads\\\/web_CU_logo-1.png\",\"width\":350,\"height\":91,\"caption\":\"Centro Urbano\"},\"image\":{\"@id\":\"https:\\\/\\\/centrourbano.com\\\/revista\\\/#\\\/schema\\\/logo\\\/image\\\/\"},\"sameAs\":[\"https:\\\/\\\/www.facebook.com\\\/portalcentrourbano\",\"https:\\\/\\\/x.com\\\/CentroUrbano\",\"https:\\\/\\\/www.instagram.com\\\/centro_urbano\\\/\",\"https:\\\/\\\/www.linkedin.com\\\/company\\\/centro-urbano\\\/\",\"http:\\\/\\\/www.youtube.com\\\/user\\\/portalcentrourbano\"]},{\"@type\":\"Person\",\"@id\":\"https:\\\/\\\/centrourbano.com\\\/revista\\\/#\\\/schema\\\/person\\\/b45db815d96831257ba428a3d5a5fbdc\",\"name\":\"Dinorah Nava\",\"image\":{\"@type\":\"ImageObject\",\"inLanguage\":\"es\",\"@id\":\"https:\\\/\\\/secure.gravatar.com\\\/avatar\\\/f6ca6430c51d147f363940f84e1225aa4b8183885c11802cc3b042305a4ecc1a?s=96&d=mm&r=g\",\"url\":\"https:\\\/\\\/secure.gravatar.com\\\/avatar\\\/f6ca6430c51d147f363940f84e1225aa4b8183885c11802cc3b042305a4ecc1a?s=96&d=mm&r=g\",\"contentUrl\":\"https:\\\/\\\/secure.gravatar.com\\\/avatar\\\/f6ca6430c51d147f363940f84e1225aa4b8183885c11802cc3b042305a4ecc1a?s=96&d=mm&r=g\",\"caption\":\"Dinorah Nava\"},\"description\":\"Editora de Contenidos y Estrategias Digitales en Centro Urbano y Coeditora en Peri\u00f3dico Mi Casa. Egresada de la licenciatura en Comunicaci\u00f3n y Periodismo de la Facultad de Estudios Superiores Arag\u00f3n (UNAM). Amante de la edici\u00f3n y correcci\u00f3n de estilo, las redes sociales y el mundo digital. Especialista en temas son arquitectura, inmobiliario y urbanismo.\",\"sameAs\":[\"linkedin.com\\\/in\\\/dinorah-nava\",\"https:\\\/\\\/x.com\\\/https:\\\/\\\/twitter.com\\\/Dinorah_Nava28\"],\"url\":\"https:\\\/\\\/centrourbano.com\\\/revista\\\/author\\\/dinorah-nava\\\/\"}]}<\/script>\n<!-- \/ Yoast SEO plugin. -->","yoast_head_json":{"title":"Arquitectos entregar\u00e1n cartas a Mancera durante Mextr\u00f3poli 2016 -","description":"Parte del programa de inauguraci\u00f3n incluye este acto que los expertos en la materia dirigir\u00e1n al jefe de gobierno de la #Ciudad de M\u00e9xico Se acerca la","robots":{"index":"index","follow":"follow","max-snippet":"max-snippet:-1","max-image-preview":"max-image-preview:large","max-video-preview":"max-video-preview:-1"},"canonical":"https:\/\/centrourbano.com\/revista\/arquitectura-2\/arquitectos-entregaran-cartas-a-mancera-durante-mextropoli-2016\/","og_locale":"es_ES","og_type":"article","og_title":"Arquitectos entregar\u00e1n cartas a Mancera durante Mextr\u00f3poli 2016 -","og_description":"Parte del programa de inauguraci\u00f3n incluye este acto que los expertos en la materia dirigir\u00e1n al jefe de gobierno de la #Ciudad de M\u00e9xico Se acerca la","og_url":"https:\/\/centrourbano.com\/revista\/arquitectura-2\/arquitectos-entregaran-cartas-a-mancera-durante-mextropoli-2016\/","og_site_name":"Centro Urbano","article_publisher":"https:\/\/www.facebook.com\/portalcentrourbano","article_published_time":"2016-02-26T19:50:13+00:00","article_modified_time":"2016-02-26T20:00:15+00:00","og_image":[{"width":800,"height":534,"url":"https:\/\/centrourbano.com\/revista\/wp-content\/uploads\/Mextr\u00f3poli.jpg","type":"image\/jpeg"}],"author":"Dinorah Nava","twitter_card":"summary_large_image","twitter_creator":"@https:\/\/twitter.com\/Dinorah_Nava28","twitter_site":"@CentroUrbano","twitter_misc":{"Escrito por":"Dinorah Nava","Tiempo de lectura":"1 minuto"},"schema":{"@context":"https:\/\/schema.org","@graph":[{"@type":"Article","@id":"https:\/\/centrourbano.com\/revista\/arquitectura-2\/arquitectos-entregaran-cartas-a-mancera-durante-mextropoli-2016\/#article","isPartOf":{"@id":"https:\/\/centrourbano.com\/revista\/arquitectura-2\/arquitectos-entregaran-cartas-a-mancera-durante-mextropoli-2016\/"},"author":{"name":"Dinorah Nava","@id":"https:\/\/centrourbano.com\/revista\/#\/schema\/person\/b45db815d96831257ba428a3d5a5fbdc"},"headline":"Arquitectos entregar\u00e1n cartas a Mancera durante Mextr\u00f3poli 2016","datePublished":"2016-02-26T19:50:13+00:00","dateModified":"2016-02-26T20:00:15+00:00","mainEntityOfPage":{"@id":"https:\/\/centrourbano.com\/revista\/arquitectura-2\/arquitectos-entregaran-cartas-a-mancera-durante-mextropoli-2016\/"},"wordCount":286,"commentCount":0,"publisher":{"@id":"https:\/\/centrourbano.com\/revista\/#organization"},"image":{"@id":"https:\/\/centrourbano.com\/revista\/arquitectura-2\/arquitectos-entregaran-cartas-a-mancera-durante-mextropoli-2016\/#primaryimage"},"thumbnailUrl":"https:\/\/centrourbano.com\/revista\/wp-content\/uploads\/Mextr\u00f3poli.jpg","keywords":["arquitectos","arquitectura","Ciudad","ciudad de M\u00e9xico","Festival Internacional de Arquitectura y Ciudad","Mextr\u00f3poli","Miguel \u00c1ngel Mancera","Urbanismo"],"articleSection":["Arquitectura"],"inLanguage":"es","potentialAction":[{"@type":"CommentAction","name":"Comment","target":["https:\/\/centrourbano.com\/revista\/arquitectura-2\/arquitectos-entregaran-cartas-a-mancera-durante-mextropoli-2016\/#respond"]}]},{"@type":"WebPage","@id":"https:\/\/centrourbano.com\/revista\/arquitectura-2\/arquitectos-entregaran-cartas-a-mancera-durante-mextropoli-2016\/","url":"https:\/\/centrourbano.com\/revista\/arquitectura-2\/arquitectos-entregaran-cartas-a-mancera-durante-mextropoli-2016\/","name":"Arquitectos entregar\u00e1n cartas a Mancera durante Mextr\u00f3poli 2016 -","isPartOf":{"@id":"https:\/\/centrourbano.com\/revista\/#website"},"primaryImageOfPage":{"@id":"https:\/\/centrourbano.com\/revista\/arquitectura-2\/arquitectos-entregaran-cartas-a-mancera-durante-mextropoli-2016\/#primaryimage"},"image":{"@id":"https:\/\/centrourbano.com\/revista\/arquitectura-2\/arquitectos-entregaran-cartas-a-mancera-durante-mextropoli-2016\/#primaryimage"},"thumbnailUrl":"https:\/\/centrourbano.com\/revista\/wp-content\/uploads\/Mextr\u00f3poli.jpg","datePublished":"2016-02-26T19:50:13+00:00","dateModified":"2016-02-26T20:00:15+00:00","description":"Parte del programa de inauguraci\u00f3n incluye este acto que los expertos en la materia dirigir\u00e1n al jefe de gobierno de la #Ciudad de M\u00e9xico Se acerca la","breadcrumb":{"@id":"https:\/\/centrourbano.com\/revista\/arquitectura-2\/arquitectos-entregaran-cartas-a-mancera-durante-mextropoli-2016\/#breadcrumb"},"inLanguage":"es","potentialAction":[{"@type":"ReadAction","target":["https:\/\/centrourbano.com\/revista\/arquitectura-2\/arquitectos-entregaran-cartas-a-mancera-durante-mextropoli-2016\/"]}]},{"@type":"ImageObject","inLanguage":"es","@id":"https:\/\/centrourbano.com\/revista\/arquitectura-2\/arquitectos-entregaran-cartas-a-mancera-durante-mextropoli-2016\/#primaryimage","url":"https:\/\/centrourbano.com\/revista\/wp-content\/uploads\/Mextr\u00f3poli.jpg","contentUrl":"https:\/\/centrourbano.com\/revista\/wp-content\/uploads\/Mextr\u00f3poli.jpg","width":800,"height":534},{"@type":"BreadcrumbList","@id":"https:\/\/centrourbano.com\/revista\/arquitectura-2\/arquitectos-entregaran-cartas-a-mancera-durante-mextropoli-2016\/#breadcrumb","itemListElement":[{"@type":"ListItem","position":1,"name":"Portada","item":"https:\/\/centrourbano.com\/revista\/"},{"@type":"ListItem","position":2,"name":"Arquitectos entregar\u00e1n cartas a Mancera durante Mextr\u00f3poli 2016"}]},{"@type":"WebSite","@id":"https:\/\/centrourbano.com\/revista\/#website","url":"https:\/\/centrourbano.com\/revista\/","name":"Centro Urbano","description":"Medio especializado en los sectores vivienda, inmobiliario, construcci\u00f3n, arquitectura y urbanismo.","publisher":{"@id":"https:\/\/centrourbano.com\/revista\/#organization"},"potentialAction":[{"@type":"SearchAction","target":{"@type":"EntryPoint","urlTemplate":"https:\/\/centrourbano.com\/revista\/?s={search_term_string}"},"query-input":{"@type":"PropertyValueSpecification","valueRequired":true,"valueName":"search_term_string"}}],"inLanguage":"es"},{"@type":"Organization","@id":"https:\/\/centrourbano.com\/revista\/#organization","name":"Centro Urbano","url":"https:\/\/centrourbano.com\/revista\/","logo":{"@type":"ImageObject","inLanguage":"es","@id":"https:\/\/centrourbano.com\/revista\/#\/schema\/logo\/image\/","url":"https:\/\/centrourbano.com\/revista\/wp-content\/uploads\/web_CU_logo-1.png","contentUrl":"https:\/\/centrourbano.com\/revista\/wp-content\/uploads\/web_CU_logo-1.png","width":350,"height":91,"caption":"Centro Urbano"},"image":{"@id":"https:\/\/centrourbano.com\/revista\/#\/schema\/logo\/image\/"},"sameAs":["https:\/\/www.facebook.com\/portalcentrourbano","https:\/\/x.com\/CentroUrbano","https:\/\/www.instagram.com\/centro_urbano\/","https:\/\/www.linkedin.com\/company\/centro-urbano\/","http:\/\/www.youtube.com\/user\/portalcentrourbano"]},{"@type":"Person","@id":"https:\/\/centrourbano.com\/revista\/#\/schema\/person\/b45db815d96831257ba428a3d5a5fbdc","name":"Dinorah Nava","image":{"@type":"ImageObject","inLanguage":"es","@id":"https:\/\/secure.gravatar.com\/avatar\/f6ca6430c51d147f363940f84e1225aa4b8183885c11802cc3b042305a4ecc1a?s=96&d=mm&r=g","url":"https:\/\/secure.gravatar.com\/avatar\/f6ca6430c51d147f363940f84e1225aa4b8183885c11802cc3b042305a4ecc1a?s=96&d=mm&r=g","contentUrl":"https:\/\/secure.gravatar.com\/avatar\/f6ca6430c51d147f363940f84e1225aa4b8183885c11802cc3b042305a4ecc1a?s=96&d=mm&r=g","caption":"Dinorah Nava"},"description":"Editora de Contenidos y Estrategias Digitales en Centro Urbano y Coeditora en Peri\u00f3dico Mi Casa. Egresada de la licenciatura en Comunicaci\u00f3n y Periodismo de la Facultad de Estudios Superiores Arag\u00f3n (UNAM). Amante de la edici\u00f3n y correcci\u00f3n de estilo, las redes sociales y el mundo digital. Especialista en temas son arquitectura, inmobiliario y urbanismo.","sameAs":["linkedin.com\/in\/dinorah-nava","https:\/\/x.com\/https:\/\/twitter.com\/Dinorah_Nava28"],"url":"https:\/\/centrourbano.com\/revista\/author\/dinorah-nava\/"}]}},"_links":{"self":[{"href":"https:\/\/centrourbano.com\/revista\/wp-json\/wp\/v2\/posts\/31110","targetHints":{"allow":["GET"]}}],"collection":[{"href":"https:\/\/centrourbano.com\/revista\/wp-json\/wp\/v2\/posts"}],"about":[{"href":"https:\/\/centrourbano.com\/revista\/wp-json\/wp\/v2\/types\/post"}],"author":[{"embeddable":true,"href":"https:\/\/centrourbano.com\/revista\/wp-json\/wp\/v2\/users\/9"}],"replies":[{"embeddable":true,"href":"https:\/\/centrourbano.com\/revista\/wp-json\/wp\/v2\/comments?post=31110"}],"version-history":[{"count":0,"href":"https:\/\/centrourbano.com\/revista\/wp-json\/wp\/v2\/posts\/31110\/revisions"}],"wp:featuredmedia":[{"embeddable":true,"href":"https:\/\/centrourbano.com\/revista\/wp-json\/wp\/v2\/media\/31111"}],"wp:attachment":[{"href":"https:\/\/centrourbano.com\/revista\/wp-json\/wp\/v2\/media?parent=31110"}],"wp:term":[{"taxonomy":"category","embeddable":true,"href":"https:\/\/centrourbano.com\/revista\/wp-json\/wp\/v2\/categories?post=31110"},{"taxonomy":"post_tag","embeddable":true,"href":"https:\/\/centrourbano.com\/revista\/wp-json\/wp\/v2\/tags?post=31110"}],"curies":[{"name":"wp","href":"https:\/\/api.w.org\/{rel}","templated":true}]}}