{"id":31103,"date":"2016-02-26T13:20:16","date_gmt":"2016-02-26T19:20:16","guid":{"rendered":"http:\/\/centrourbano.com\/?p=31103"},"modified":"2016-02-26T13:21:56","modified_gmt":"2016-02-26T19:21:56","slug":"unificar-criterios-en-torno-a-la-reforma-politica-del-df","status":"publish","type":"post","link":"https:\/\/centrourbano.com\/revista\/reportajes\/unificar-criterios-en-torno-a-la-reforma-politica-del-df\/","title":{"rendered":"Unificar criterios en torno a la Reforma Pol\u00edtica del DF"},"content":{"rendered":"<p><em>Empresarios conf\u00edan en que los cambios beneficien a la industria de la <a class=\"expresscurate_contentTags\" href=\"http:\/\/centrourbano.com\/tag\/vivienda\/\">#vivienda<\/a>; Mancera asegura que todas las voces de la ciudad se escuchar\u00e1n para la <a class=\"expresscurate_contentTags\" href=\"http:\/\/centrourbano.com\/tag\/construccion-2\/\">#construcci\u00f3n<\/a> de la Constituci\u00f3n<\/em><br \/>\n<!--more--><\/p>\n<p>Con la aprobaci\u00f3n de la <a class=\"expresscurate_contentTags\" href=\"http:\/\/centrourbano.com\/tag\/reforma-politica\/\">#Reforma Pol\u00edtica<\/a> del <a class=\"expresscurate_contentTags\" href=\"http:\/\/centrourbano.com\/tag\/distrito-federal\/\">#Distrito Federal<\/a> el pasado 13 de enero por 17 congresos locales, que da a la capital del pa\u00eds autonom\u00eda y la posibilidad de tener su propia Constituci\u00f3n, empresarios del sector <a class=\"expresscurate_contentTags\" href=\"http:\/\/centrourbano.com\/tag\/inmobiliario-2\/\">#inmobiliario<\/a> y de la construcci\u00f3n esperan que se unifiquen criterios para la construcci\u00f3n de viviendas. <\/p>\n<p>Confiaron en que con esta aprobaci\u00f3n se agilice tambi\u00e9n la reactivaci\u00f3n de la Norma 26, que servir\u00eda para la construcci\u00f3n de vivienda de inter\u00e9s social que hace falta en el Distrito Federal.<\/p>\n<p>\u201cEstamos esperando realmente alg\u00fan cambio de decisi\u00f3n respecto a la Norma 26 que se qued\u00f3 pendiente, no ha habido ninguna resoluci\u00f3n y estamos en espera, porque est\u00e1 afectando un poco la marcha de la vivienda en la capital. Esperemos que en el 2016 ya se pueda avanzar en ese tema, pero depende de la legislatura del Distrito Federal\u201d, explic\u00f3 Miguel Lozano, director de Operaciones de Casas Ara. <\/p>\n<p>Sin embargo, el 24 de diciembre se public\u00f3 en la Gaceta Oficial del Gobierno del Distrito Federal, que la Secretar\u00eda de Desarrollo <a class=\"expresscurate_contentTags\" href=\"http:\/\/centrourbano.com\/tag\/urbano\/\">#Urbano<\/a> y Vivienda (Seduvi), realiz\u00f3 una nueva ampliaci\u00f3n a la suspensi\u00f3n de dicha Norma, que entr\u00f3 en vigor del 1 de enero hasta el 30 de abril de 2016.<\/p>\n<p><strong>Una adecuada regulaci\u00f3n<\/strong><\/p>\n<p>Carlos Riva Palacio, director de Negocio de Quiero Casa, consider\u00f3 que pueden existir algunas trabas para el desarrollo de viviendas, ya que algunos temas que son regulados por el gobierno central si son de partido pol\u00edtico distinto a las jefaturas delegacionales, podr\u00eda frenar la construcci\u00f3n de viviendas.<\/p>\n<p>\u201cCreo que nos puede afectar porque temas de planeaci\u00f3n son reguladas por la jefatura de gobierno, pero si son diferente a la fuerza pol\u00edtica de cada delegaci\u00f3n esa confrontaci\u00f3n puede inhibir la construcci\u00f3n o que los tr\u00e1mites sean distintos en cada una de las demarcaciones y cada una va a tener sus reglas de operaci\u00f3n\u201d.<\/p>\n<p>Por lo que unificar criterios en cada una de las 16 delegaciones de la capital para la construcci\u00f3n desarrollos inmobiliarios, es un tema que en opini\u00f3n de los desarrolladores de vivienda se tiene que especificar.<\/p>\n<p>\u201cEs un tema que seguro nos puede afectar, por lo que se debe existir una ventanilla \u00fanica para todo el Distrito Federal, sin que las delegaciones tengan injerencia en este tema\u201d, dijo Diego Corral, director de Negocios de Orange Investments.<\/p>\n<p>En esto coincidi\u00f3 Eugene Towle, consultor en temas inmobiliarios, ya que los planes que haga la Seduvi no podr\u00edan aplicarse si cada una de las delegaciones desarrolla sus propios proyectos y m\u00e1s si \u00e9stos se modificaran cada tres a\u00f1os con el cambio de las administraciones locales.    <\/p>\n<p>Ejemplific\u00f3 que, en los \u00faltimos tres a\u00f1os, algunas jefaturas delegacionales decidieron que no se construyeran desarrollos inmobiliarios en sus demarcaciones y as\u00ed fue, por lo que debe haber un acercamiento entre las autoridades y las empresas en este tema.<\/p>\n<p>Tambi\u00e9n coincidieron que se debe tomar en cuenta el tema de servicios, como seguridad p\u00fablica, recolecci\u00f3n de basura, suministro de agua potable, entre otros, en donde tambi\u00e9n debe existir la unificaci\u00f3n de criterios y no haya dificultades en viviendas que se construyan en los l\u00edmites de cada demarcaci\u00f3n.  <\/p>\n<p><strong>Proceso de reestructura <\/strong><\/p>\n<p>Gustavo Arballo, presidente nacional de la C\u00e1mara Mexicana de la Industria de la Construcci\u00f3n (CMIC) consider\u00f3 estos cambios tienen que ser para bien tanto de sus habitantes, poblaci\u00f3n flotante y empresarios que deseen invertir en esta ciudad.<\/p>\n<p>\u201cComo en cualquier otro estado y sus municipios, considero que nos va a acelerar procesos de reestructura como organismo empresarial para poder atender esta zona tan importante, en donde estamos hablando de m\u00e1s de 20,000,000 de personas en el \u00e1rea conurbada, lo que tiene que ver con estas demarcaciones y el DF, como entidad federativa nos va a permitir mayores oportunidades de correlacionarnos\u201d.<\/p>\n<p>Miguel \u00c1ngel Mancera Espinosa, jefe de Gobierno del Distrito Federal, asegur\u00f3 que con este cambio en la administraci\u00f3n del Distrito Federal, para la construcci\u00f3n de la Constituci\u00f3n de la ciudad, todas las voces que est\u00e9n interesadas en ella ser\u00e1n escuchadas.<\/p>\n<p>\u201cSe puede construir un documento muy importante, muy bien logrado. Creo que estaremos abonando para que los que deban participar y los que deban estar, est\u00e9n ah\u00ed representados y las voces de la ciudad se escuchen\u201d, dijo al acudir el Senado de la Rep\u00fablica.<\/p>\n<p>Agreg\u00f3 que todos los planteamientos que le hicieron llegar, a favor y en contra de esta Reforma Constitucional, ser\u00e1n considerados para temas futuros de la ciudad de M\u00e9xico.<\/p>\n<p>\u201cSon muchas horas de trabajo las que hoy se ven culminadas, ha sido mucho tiempo el que se ha venido trabajando por esto. Ten\u00edamos ahora un planteamiento de m\u00e1s de 200 a\u00f1os en la b\u00fasqueda de esta Reforma Pol\u00edtica, cuando menos en algunas decenas de a\u00f1os se ha intentado que se consolide, hoy se tiene y he venido a reiterar mi agradecimiento a los senadores por este trabajo a favor de los habitantes de la capital\u201d, expres\u00f3 Mancera.<\/p>\n<p>Finalmente, la Comisi\u00f3n de Derechos Humanos del Distrito Federal consider\u00f3 que \u201ces importante que se conserve la sede de los poderes federales y se delimite el marco competencial de las autoridades locales y federales de la Ciudad, a fin de evitar toda injerencia o intervenci\u00f3n indebida en los asuntos internos de la Ciudad\u201d.<\/p>\n","protected":false},"excerpt":{"rendered":"<p>Empresarios conf\u00edan en que los cambios beneficien a la industria de la #vivienda; Mancera asegura que todas las voces de la ciudad se escuchar\u00e1n para la #construcci\u00f3n de la Constituci\u00f3n<\/p>\n","protected":false},"author":37,"featured_media":31104,"comment_status":"open","ping_status":"closed","sticky":false,"template":"","format":"standard","meta":{"om_disable_all_campaigns":false,"inline_featured_image":false,"_monsterinsights_skip_tracking":false,"_monsterinsights_sitenote_active":false,"_monsterinsights_sitenote_note":"","_monsterinsights_sitenote_category":0,"footnotes":""},"categories":[16],"tags":[22,230,21,7446,516,5737],"class_list":["post-31103","post","type-post","status-publish","format-standard","has-post-thumbnail","hentry","category-reportajes","tag-construccion-2","tag-distrito-federal","tag-inmobiliario-2","tag-reforma-politica","tag-urbano","tag-vivienda"],"yoast_head":"<!-- This site is optimized with the Yoast SEO plugin v27.5 - https:\/\/yoast.com\/product\/yoast-seo-wordpress\/ -->\n<title>Unificar criterios en torno a la Reforma Pol\u00edtica del DF -<\/title>\n<meta name=\"description\" content=\"Empresarios conf\u00edan en que los cambios beneficien a la industria de la #vivienda; Mancera asegura que todas las voces de la ciudad se escuchar\u00e1n para la\" \/>\n<meta name=\"robots\" content=\"index, follow, max-snippet:-1, max-image-preview:large, max-video-preview:-1\" \/>\n<link rel=\"canonical\" href=\"https:\/\/centrourbano.com\/revista\/reportajes\/unificar-criterios-en-torno-a-la-reforma-politica-del-df\/\" \/>\n<meta property=\"og:locale\" content=\"es_ES\" \/>\n<meta property=\"og:type\" content=\"article\" \/>\n<meta property=\"og:title\" content=\"Unificar criterios en torno a la Reforma Pol\u00edtica del DF -\" \/>\n<meta property=\"og:description\" content=\"Empresarios conf\u00edan en que los cambios beneficien a la industria de la #vivienda; Mancera asegura que todas las voces de la ciudad se escuchar\u00e1n para la\" \/>\n<meta property=\"og:url\" content=\"https:\/\/centrourbano.com\/revista\/reportajes\/unificar-criterios-en-torno-a-la-reforma-politica-del-df\/\" \/>\n<meta property=\"og:site_name\" content=\"Centro Urbano\" \/>\n<meta property=\"article:publisher\" content=\"https:\/\/www.facebook.com\/portalcentrourbano\" \/>\n<meta property=\"article:published_time\" content=\"2016-02-26T19:20:16+00:00\" \/>\n<meta property=\"article:modified_time\" content=\"2016-02-26T19:21:56+00:00\" \/>\n<meta property=\"og:image\" content=\"https:\/\/centrourbano.com\/revista\/wp-content\/uploads\/centroh1.jpg\" \/>\n\t<meta property=\"og:image:width\" content=\"1047\" \/>\n\t<meta property=\"og:image:height\" content=\"785\" \/>\n\t<meta property=\"og:image:type\" content=\"image\/jpeg\" \/>\n<meta name=\"author\" content=\"Diego Rodr\u00edguez\" \/>\n<meta name=\"twitter:card\" content=\"summary_large_image\" \/>\n<meta name=\"twitter:creator\" content=\"@CentroUrbano\" \/>\n<meta name=\"twitter:site\" content=\"@CentroUrbano\" \/>\n<meta name=\"twitter:label1\" content=\"Escrito por\" \/>\n\t<meta name=\"twitter:data1\" content=\"Diego Rodr\u00edguez\" \/>\n\t<meta name=\"twitter:label2\" content=\"Tiempo de lectura\" \/>\n\t<meta name=\"twitter:data2\" content=\"5 minutos\" \/>\n<script type=\"application\/ld+json\" class=\"yoast-schema-graph\">{\"@context\":\"https:\\\/\\\/schema.org\",\"@graph\":[{\"@type\":\"Article\",\"@id\":\"https:\\\/\\\/centrourbano.com\\\/revista\\\/reportajes\\\/unificar-criterios-en-torno-a-la-reforma-politica-del-df\\\/#article\",\"isPartOf\":{\"@id\":\"https:\\\/\\\/centrourbano.com\\\/revista\\\/reportajes\\\/unificar-criterios-en-torno-a-la-reforma-politica-del-df\\\/\"},\"author\":{\"name\":\"Diego Rodr\u00edguez\",\"@id\":\"https:\\\/\\\/centrourbano.com\\\/revista\\\/#\\\/schema\\\/person\\\/dbdc8d1d633eb3e0461138eedc8a0615\"},\"headline\":\"Unificar criterios en torno a la Reforma Pol\u00edtica del DF\",\"datePublished\":\"2016-02-26T19:20:16+00:00\",\"dateModified\":\"2016-02-26T19:21:56+00:00\",\"mainEntityOfPage\":{\"@id\":\"https:\\\/\\\/centrourbano.com\\\/revista\\\/reportajes\\\/unificar-criterios-en-torno-a-la-reforma-politica-del-df\\\/\"},\"wordCount\":959,\"commentCount\":0,\"publisher\":{\"@id\":\"https:\\\/\\\/centrourbano.com\\\/revista\\\/#organization\"},\"image\":{\"@id\":\"https:\\\/\\\/centrourbano.com\\\/revista\\\/reportajes\\\/unificar-criterios-en-torno-a-la-reforma-politica-del-df\\\/#primaryimage\"},\"thumbnailUrl\":\"https:\\\/\\\/centrourbano.com\\\/revista\\\/wp-content\\\/uploads\\\/centroh1.jpg\",\"keywords\":[\"construcci\u00f3n\",\"Distrito Federal\",\"inmobiliario\",\"Reforma Pol\u00edtica\",\"urbano\",\"vivienda+\"],\"articleSection\":[\"Reportajes\"],\"inLanguage\":\"es\",\"potentialAction\":[{\"@type\":\"CommentAction\",\"name\":\"Comment\",\"target\":[\"https:\\\/\\\/centrourbano.com\\\/revista\\\/reportajes\\\/unificar-criterios-en-torno-a-la-reforma-politica-del-df\\\/#respond\"]}]},{\"@type\":\"WebPage\",\"@id\":\"https:\\\/\\\/centrourbano.com\\\/revista\\\/reportajes\\\/unificar-criterios-en-torno-a-la-reforma-politica-del-df\\\/\",\"url\":\"https:\\\/\\\/centrourbano.com\\\/revista\\\/reportajes\\\/unificar-criterios-en-torno-a-la-reforma-politica-del-df\\\/\",\"name\":\"Unificar criterios en torno a la Reforma Pol\u00edtica del DF -\",\"isPartOf\":{\"@id\":\"https:\\\/\\\/centrourbano.com\\\/revista\\\/#website\"},\"primaryImageOfPage\":{\"@id\":\"https:\\\/\\\/centrourbano.com\\\/revista\\\/reportajes\\\/unificar-criterios-en-torno-a-la-reforma-politica-del-df\\\/#primaryimage\"},\"image\":{\"@id\":\"https:\\\/\\\/centrourbano.com\\\/revista\\\/reportajes\\\/unificar-criterios-en-torno-a-la-reforma-politica-del-df\\\/#primaryimage\"},\"thumbnailUrl\":\"https:\\\/\\\/centrourbano.com\\\/revista\\\/wp-content\\\/uploads\\\/centroh1.jpg\",\"datePublished\":\"2016-02-26T19:20:16+00:00\",\"dateModified\":\"2016-02-26T19:21:56+00:00\",\"description\":\"Empresarios conf\u00edan en que los cambios beneficien a la industria de la #vivienda; Mancera asegura que todas las voces de la ciudad se escuchar\u00e1n para la\",\"breadcrumb\":{\"@id\":\"https:\\\/\\\/centrourbano.com\\\/revista\\\/reportajes\\\/unificar-criterios-en-torno-a-la-reforma-politica-del-df\\\/#breadcrumb\"},\"inLanguage\":\"es\",\"potentialAction\":[{\"@type\":\"ReadAction\",\"target\":[\"https:\\\/\\\/centrourbano.com\\\/revista\\\/reportajes\\\/unificar-criterios-en-torno-a-la-reforma-politica-del-df\\\/\"]}]},{\"@type\":\"ImageObject\",\"inLanguage\":\"es\",\"@id\":\"https:\\\/\\\/centrourbano.com\\\/revista\\\/reportajes\\\/unificar-criterios-en-torno-a-la-reforma-politica-del-df\\\/#primaryimage\",\"url\":\"https:\\\/\\\/centrourbano.com\\\/revista\\\/wp-content\\\/uploads\\\/centroh1.jpg\",\"contentUrl\":\"https:\\\/\\\/centrourbano.com\\\/revista\\\/wp-content\\\/uploads\\\/centroh1.jpg\",\"width\":1047,\"height\":785},{\"@type\":\"BreadcrumbList\",\"@id\":\"https:\\\/\\\/centrourbano.com\\\/revista\\\/reportajes\\\/unificar-criterios-en-torno-a-la-reforma-politica-del-df\\\/#breadcrumb\",\"itemListElement\":[{\"@type\":\"ListItem\",\"position\":1,\"name\":\"Portada\",\"item\":\"https:\\\/\\\/centrourbano.com\\\/revista\\\/\"},{\"@type\":\"ListItem\",\"position\":2,\"name\":\"Unificar criterios en torno a la Reforma Pol\u00edtica del DF\"}]},{\"@type\":\"WebSite\",\"@id\":\"https:\\\/\\\/centrourbano.com\\\/revista\\\/#website\",\"url\":\"https:\\\/\\\/centrourbano.com\\\/revista\\\/\",\"name\":\"Centro Urbano\",\"description\":\"Medio especializado en los sectores vivienda, inmobiliario, construcci\u00f3n, arquitectura y urbanismo.\",\"publisher\":{\"@id\":\"https:\\\/\\\/centrourbano.com\\\/revista\\\/#organization\"},\"potentialAction\":[{\"@type\":\"SearchAction\",\"target\":{\"@type\":\"EntryPoint\",\"urlTemplate\":\"https:\\\/\\\/centrourbano.com\\\/revista\\\/?s={search_term_string}\"},\"query-input\":{\"@type\":\"PropertyValueSpecification\",\"valueRequired\":true,\"valueName\":\"search_term_string\"}}],\"inLanguage\":\"es\"},{\"@type\":\"Organization\",\"@id\":\"https:\\\/\\\/centrourbano.com\\\/revista\\\/#organization\",\"name\":\"Centro Urbano\",\"url\":\"https:\\\/\\\/centrourbano.com\\\/revista\\\/\",\"logo\":{\"@type\":\"ImageObject\",\"inLanguage\":\"es\",\"@id\":\"https:\\\/\\\/centrourbano.com\\\/revista\\\/#\\\/schema\\\/logo\\\/image\\\/\",\"url\":\"https:\\\/\\\/centrourbano.com\\\/revista\\\/wp-content\\\/uploads\\\/web_CU_logo-1.png\",\"contentUrl\":\"https:\\\/\\\/centrourbano.com\\\/revista\\\/wp-content\\\/uploads\\\/web_CU_logo-1.png\",\"width\":350,\"height\":91,\"caption\":\"Centro Urbano\"},\"image\":{\"@id\":\"https:\\\/\\\/centrourbano.com\\\/revista\\\/#\\\/schema\\\/logo\\\/image\\\/\"},\"sameAs\":[\"https:\\\/\\\/www.facebook.com\\\/portalcentrourbano\",\"https:\\\/\\\/x.com\\\/CentroUrbano\",\"https:\\\/\\\/www.instagram.com\\\/centro_urbano\\\/\",\"https:\\\/\\\/www.linkedin.com\\\/company\\\/centro-urbano\\\/\",\"http:\\\/\\\/www.youtube.com\\\/user\\\/portalcentrourbano\"]},{\"@type\":\"Person\",\"@id\":\"https:\\\/\\\/centrourbano.com\\\/revista\\\/#\\\/schema\\\/person\\\/dbdc8d1d633eb3e0461138eedc8a0615\",\"name\":\"Diego Rodr\u00edguez\",\"image\":{\"@type\":\"ImageObject\",\"inLanguage\":\"es\",\"@id\":\"https:\\\/\\\/secure.gravatar.com\\\/avatar\\\/d217565525df2df5d4e7265d47758506f41845ed9529510921a7625d8365789d?s=96&d=mm&r=g\",\"url\":\"https:\\\/\\\/secure.gravatar.com\\\/avatar\\\/d217565525df2df5d4e7265d47758506f41845ed9529510921a7625d8365789d?s=96&d=mm&r=g\",\"contentUrl\":\"https:\\\/\\\/secure.gravatar.com\\\/avatar\\\/d217565525df2df5d4e7265d47758506f41845ed9529510921a7625d8365789d?s=96&d=mm&r=g\",\"caption\":\"Diego Rodr\u00edguez\"},\"description\":\"Egresado de la Facultad de Estudios Superiores Acatl\u00e1n de la carrera en Comunicaci\u00f3n, con especialidad en medios escritos. Reportero del desaparecido peri\u00f3dico Nuestro M\u00e9xico, en donde cubri\u00f3 las fuentes delegacionales y Asamblea Legislativa. Tambi\u00e9n trabaj\u00f3 en la Coordinaci\u00f3n de Comunicaci\u00f3n Social en la delegaci\u00f3n \u00c1lvaro Obreg\u00f3n. Le gusta leer novelas y cuentos.\",\"url\":\"https:\\\/\\\/centrourbano.com\\\/revista\\\/author\\\/diegorodriguez\\\/\"}]}<\/script>\n<!-- \/ Yoast SEO plugin. -->","yoast_head_json":{"title":"Unificar criterios en torno a la Reforma Pol\u00edtica del DF -","description":"Empresarios conf\u00edan en que los cambios beneficien a la industria de la #vivienda; Mancera asegura que todas las voces de la ciudad se escuchar\u00e1n para la","robots":{"index":"index","follow":"follow","max-snippet":"max-snippet:-1","max-image-preview":"max-image-preview:large","max-video-preview":"max-video-preview:-1"},"canonical":"https:\/\/centrourbano.com\/revista\/reportajes\/unificar-criterios-en-torno-a-la-reforma-politica-del-df\/","og_locale":"es_ES","og_type":"article","og_title":"Unificar criterios en torno a la Reforma Pol\u00edtica del DF -","og_description":"Empresarios conf\u00edan en que los cambios beneficien a la industria de la #vivienda; Mancera asegura que todas las voces de la ciudad se escuchar\u00e1n para la","og_url":"https:\/\/centrourbano.com\/revista\/reportajes\/unificar-criterios-en-torno-a-la-reforma-politica-del-df\/","og_site_name":"Centro Urbano","article_publisher":"https:\/\/www.facebook.com\/portalcentrourbano","article_published_time":"2016-02-26T19:20:16+00:00","article_modified_time":"2016-02-26T19:21:56+00:00","og_image":[{"width":1047,"height":785,"url":"https:\/\/centrourbano.com\/revista\/wp-content\/uploads\/centroh1.jpg","type":"image\/jpeg"}],"author":"Diego Rodr\u00edguez","twitter_card":"summary_large_image","twitter_creator":"@CentroUrbano","twitter_site":"@CentroUrbano","twitter_misc":{"Escrito por":"Diego Rodr\u00edguez","Tiempo de lectura":"5 minutos"},"schema":{"@context":"https:\/\/schema.org","@graph":[{"@type":"Article","@id":"https:\/\/centrourbano.com\/revista\/reportajes\/unificar-criterios-en-torno-a-la-reforma-politica-del-df\/#article","isPartOf":{"@id":"https:\/\/centrourbano.com\/revista\/reportajes\/unificar-criterios-en-torno-a-la-reforma-politica-del-df\/"},"author":{"name":"Diego Rodr\u00edguez","@id":"https:\/\/centrourbano.com\/revista\/#\/schema\/person\/dbdc8d1d633eb3e0461138eedc8a0615"},"headline":"Unificar criterios en torno a la Reforma Pol\u00edtica del DF","datePublished":"2016-02-26T19:20:16+00:00","dateModified":"2016-02-26T19:21:56+00:00","mainEntityOfPage":{"@id":"https:\/\/centrourbano.com\/revista\/reportajes\/unificar-criterios-en-torno-a-la-reforma-politica-del-df\/"},"wordCount":959,"commentCount":0,"publisher":{"@id":"https:\/\/centrourbano.com\/revista\/#organization"},"image":{"@id":"https:\/\/centrourbano.com\/revista\/reportajes\/unificar-criterios-en-torno-a-la-reforma-politica-del-df\/#primaryimage"},"thumbnailUrl":"https:\/\/centrourbano.com\/revista\/wp-content\/uploads\/centroh1.jpg","keywords":["construcci\u00f3n","Distrito Federal","inmobiliario","Reforma Pol\u00edtica","urbano","vivienda+"],"articleSection":["Reportajes"],"inLanguage":"es","potentialAction":[{"@type":"CommentAction","name":"Comment","target":["https:\/\/centrourbano.com\/revista\/reportajes\/unificar-criterios-en-torno-a-la-reforma-politica-del-df\/#respond"]}]},{"@type":"WebPage","@id":"https:\/\/centrourbano.com\/revista\/reportajes\/unificar-criterios-en-torno-a-la-reforma-politica-del-df\/","url":"https:\/\/centrourbano.com\/revista\/reportajes\/unificar-criterios-en-torno-a-la-reforma-politica-del-df\/","name":"Unificar criterios en torno a la Reforma Pol\u00edtica del DF -","isPartOf":{"@id":"https:\/\/centrourbano.com\/revista\/#website"},"primaryImageOfPage":{"@id":"https:\/\/centrourbano.com\/revista\/reportajes\/unificar-criterios-en-torno-a-la-reforma-politica-del-df\/#primaryimage"},"image":{"@id":"https:\/\/centrourbano.com\/revista\/reportajes\/unificar-criterios-en-torno-a-la-reforma-politica-del-df\/#primaryimage"},"thumbnailUrl":"https:\/\/centrourbano.com\/revista\/wp-content\/uploads\/centroh1.jpg","datePublished":"2016-02-26T19:20:16+00:00","dateModified":"2016-02-26T19:21:56+00:00","description":"Empresarios conf\u00edan en que los cambios beneficien a la industria de la #vivienda; Mancera asegura que todas las voces de la ciudad se escuchar\u00e1n para la","breadcrumb":{"@id":"https:\/\/centrourbano.com\/revista\/reportajes\/unificar-criterios-en-torno-a-la-reforma-politica-del-df\/#breadcrumb"},"inLanguage":"es","potentialAction":[{"@type":"ReadAction","target":["https:\/\/centrourbano.com\/revista\/reportajes\/unificar-criterios-en-torno-a-la-reforma-politica-del-df\/"]}]},{"@type":"ImageObject","inLanguage":"es","@id":"https:\/\/centrourbano.com\/revista\/reportajes\/unificar-criterios-en-torno-a-la-reforma-politica-del-df\/#primaryimage","url":"https:\/\/centrourbano.com\/revista\/wp-content\/uploads\/centroh1.jpg","contentUrl":"https:\/\/centrourbano.com\/revista\/wp-content\/uploads\/centroh1.jpg","width":1047,"height":785},{"@type":"BreadcrumbList","@id":"https:\/\/centrourbano.com\/revista\/reportajes\/unificar-criterios-en-torno-a-la-reforma-politica-del-df\/#breadcrumb","itemListElement":[{"@type":"ListItem","position":1,"name":"Portada","item":"https:\/\/centrourbano.com\/revista\/"},{"@type":"ListItem","position":2,"name":"Unificar criterios en torno a la Reforma Pol\u00edtica del DF"}]},{"@type":"WebSite","@id":"https:\/\/centrourbano.com\/revista\/#website","url":"https:\/\/centrourbano.com\/revista\/","name":"Centro Urbano","description":"Medio especializado en los sectores vivienda, inmobiliario, construcci\u00f3n, arquitectura y urbanismo.","publisher":{"@id":"https:\/\/centrourbano.com\/revista\/#organization"},"potentialAction":[{"@type":"SearchAction","target":{"@type":"EntryPoint","urlTemplate":"https:\/\/centrourbano.com\/revista\/?s={search_term_string}"},"query-input":{"@type":"PropertyValueSpecification","valueRequired":true,"valueName":"search_term_string"}}],"inLanguage":"es"},{"@type":"Organization","@id":"https:\/\/centrourbano.com\/revista\/#organization","name":"Centro Urbano","url":"https:\/\/centrourbano.com\/revista\/","logo":{"@type":"ImageObject","inLanguage":"es","@id":"https:\/\/centrourbano.com\/revista\/#\/schema\/logo\/image\/","url":"https:\/\/centrourbano.com\/revista\/wp-content\/uploads\/web_CU_logo-1.png","contentUrl":"https:\/\/centrourbano.com\/revista\/wp-content\/uploads\/web_CU_logo-1.png","width":350,"height":91,"caption":"Centro Urbano"},"image":{"@id":"https:\/\/centrourbano.com\/revista\/#\/schema\/logo\/image\/"},"sameAs":["https:\/\/www.facebook.com\/portalcentrourbano","https:\/\/x.com\/CentroUrbano","https:\/\/www.instagram.com\/centro_urbano\/","https:\/\/www.linkedin.com\/company\/centro-urbano\/","http:\/\/www.youtube.com\/user\/portalcentrourbano"]},{"@type":"Person","@id":"https:\/\/centrourbano.com\/revista\/#\/schema\/person\/dbdc8d1d633eb3e0461138eedc8a0615","name":"Diego Rodr\u00edguez","image":{"@type":"ImageObject","inLanguage":"es","@id":"https:\/\/secure.gravatar.com\/avatar\/d217565525df2df5d4e7265d47758506f41845ed9529510921a7625d8365789d?s=96&d=mm&r=g","url":"https:\/\/secure.gravatar.com\/avatar\/d217565525df2df5d4e7265d47758506f41845ed9529510921a7625d8365789d?s=96&d=mm&r=g","contentUrl":"https:\/\/secure.gravatar.com\/avatar\/d217565525df2df5d4e7265d47758506f41845ed9529510921a7625d8365789d?s=96&d=mm&r=g","caption":"Diego Rodr\u00edguez"},"description":"Egresado de la Facultad de Estudios Superiores Acatl\u00e1n de la carrera en Comunicaci\u00f3n, con especialidad en medios escritos. Reportero del desaparecido peri\u00f3dico Nuestro M\u00e9xico, en donde cubri\u00f3 las fuentes delegacionales y Asamblea Legislativa. Tambi\u00e9n trabaj\u00f3 en la Coordinaci\u00f3n de Comunicaci\u00f3n Social en la delegaci\u00f3n \u00c1lvaro Obreg\u00f3n. Le gusta leer novelas y cuentos.","url":"https:\/\/centrourbano.com\/revista\/author\/diegorodriguez\/"}]}},"_links":{"self":[{"href":"https:\/\/centrourbano.com\/revista\/wp-json\/wp\/v2\/posts\/31103","targetHints":{"allow":["GET"]}}],"collection":[{"href":"https:\/\/centrourbano.com\/revista\/wp-json\/wp\/v2\/posts"}],"about":[{"href":"https:\/\/centrourbano.com\/revista\/wp-json\/wp\/v2\/types\/post"}],"author":[{"embeddable":true,"href":"https:\/\/centrourbano.com\/revista\/wp-json\/wp\/v2\/users\/37"}],"replies":[{"embeddable":true,"href":"https:\/\/centrourbano.com\/revista\/wp-json\/wp\/v2\/comments?post=31103"}],"version-history":[{"count":0,"href":"https:\/\/centrourbano.com\/revista\/wp-json\/wp\/v2\/posts\/31103\/revisions"}],"wp:featuredmedia":[{"embeddable":true,"href":"https:\/\/centrourbano.com\/revista\/wp-json\/wp\/v2\/media\/31104"}],"wp:attachment":[{"href":"https:\/\/centrourbano.com\/revista\/wp-json\/wp\/v2\/media?parent=31103"}],"wp:term":[{"taxonomy":"category","embeddable":true,"href":"https:\/\/centrourbano.com\/revista\/wp-json\/wp\/v2\/categories?post=31103"},{"taxonomy":"post_tag","embeddable":true,"href":"https:\/\/centrourbano.com\/revista\/wp-json\/wp\/v2\/tags?post=31103"}],"curies":[{"name":"wp","href":"https:\/\/api.w.org\/{rel}","templated":true}]}}