{"id":31079,"date":"2016-02-26T11:39:36","date_gmt":"2016-02-26T17:39:36","guid":{"rendered":"http:\/\/centrourbano.com\/?p=31079"},"modified":"2016-02-26T12:17:39","modified_gmt":"2016-02-26T18:17:39","slug":"cinemex-continua-su-expansion-con-inauguracion-de-complejo","status":"publish","type":"post","link":"https:\/\/centrourbano.com\/revista\/inmobiliario\/cinemex-continua-su-expansion-con-inauguracion-de-complejo\/","title":{"rendered":"Cinemex  se expande con inauguraci\u00f3n de complejo"},"content":{"rendered":"<p><em>Durante el primer mes las entradas estar\u00e1n al 2X1<\/em><br \/>\n<!--more--><\/p>\n<p>Hoy se llevar\u00e1 a cabo la inauguraci\u00f3n del nuevo complejo de <a class=\"expresscurate_contentTags\" href=\"http:\/\/centrourbano.com\/tag\/cinemex\/\">#Cinemex<\/a> en <a class=\"expresscurate_contentTags\" href=\"http:\/\/centrourbano.com\/tag\/los-mochis\/\">#Los Mochis<\/a>, Sinaloa, esto dentro de la Plaza Varsovia y ma\u00f1ana ser\u00e1 la apertura al p\u00fablico.El cine contar\u00e1 con 5 salas y se invirtieron 30,000,000 de pesos para su <a class=\"expresscurate_contentTags\" href=\"http:\/\/centrourbano.com\/tag\/construccion-2\/\">#construcci\u00f3n<\/a>. <\/p>\n<p>\u201cPor inauguraci\u00f3n, como promoci\u00f3n, el primer mes tendremos las entradas al 2&#215;1. Es un cine tradicional de 5 salas con la tecnolog\u00eda del proyector 3D. Vamos a tener abierto desde las 15:00 a las 22:00 horas, los 365 d\u00edas del a\u00f1o\u201d dijo el director de Expansi\u00f3n de Cinemex, Rolando Maggi.Explic\u00f3 que la ubicaci\u00f3n del cine es c\u00e9ntrica y que este cine podr\u00e1 llevar entretenimiento a m\u00e1s de 150,000 personas al a\u00f1o en la regi\u00f3n.<\/p>\n<p>\u201cEstamos muy contentos porque el a\u00f1o pasado rompimos la barrera de los 100 millones de boletos. Hicimos 102.6 millones de boletos y tuvimos una participaci\u00f3n de mercado de 34.7 por ciento, que es casi un punto superior al a\u00f1o pasado. Pero m\u00e1s interesante es que la industria crece 15.2 por ciento y nosotros llevamos un crecimiento de casi 18 por ciento\u201d, inform\u00f3 Rolando Maggi. <\/p>\n","protected":false},"excerpt":{"rendered":"<p>Durante el primer mes las entradas estar\u00e1n al 2X1<\/p>\n","protected":false},"author":36,"featured_media":31080,"comment_status":"open","ping_status":"closed","sticky":false,"template":"","format":"standard","meta":{"om_disable_all_campaigns":false,"inline_featured_image":false,"_monsterinsights_skip_tracking":false,"_monsterinsights_sitenote_active":false,"_monsterinsights_sitenote_note":"","_monsterinsights_sitenote_category":0,"footnotes":""},"categories":[15],"tags":[69,22,3727,7790],"class_list":["post-31079","post","type-post","status-publish","format-standard","has-post-thumbnail","hentry","category-inmobiliario","tag-cinemex","tag-construccion-2","tag-los-mochis","tag-salas-de-cine"],"yoast_head":"<!-- This site is optimized with the Yoast SEO plugin v27.5 - https:\/\/yoast.com\/product\/yoast-seo-wordpress\/ -->\n<title>Cinemex se expande con inauguraci\u00f3n de complejo -<\/title>\n<meta name=\"description\" content=\"Durante el primer mes las entradas estar\u00e1n al 2X1 Hoy se llevar\u00e1 a cabo la inauguraci\u00f3n del nuevo complejo de #Cinemex en #Los Mochis, Sinaloa, esto\" \/>\n<meta name=\"robots\" content=\"index, follow, max-snippet:-1, max-image-preview:large, max-video-preview:-1\" \/>\n<link rel=\"canonical\" href=\"https:\/\/centrourbano.com\/revista\/inmobiliario\/cinemex-continua-su-expansion-con-inauguracion-de-complejo\/\" \/>\n<meta property=\"og:locale\" content=\"es_ES\" \/>\n<meta property=\"og:type\" content=\"article\" \/>\n<meta property=\"og:title\" content=\"Cinemex se expande con inauguraci\u00f3n de complejo -\" \/>\n<meta property=\"og:description\" content=\"Durante el primer mes las entradas estar\u00e1n al 2X1 Hoy se llevar\u00e1 a cabo la inauguraci\u00f3n del nuevo complejo de #Cinemex en #Los Mochis, Sinaloa, esto\" \/>\n<meta property=\"og:url\" content=\"https:\/\/centrourbano.com\/revista\/inmobiliario\/cinemex-continua-su-expansion-con-inauguracion-de-complejo\/\" \/>\n<meta property=\"og:site_name\" content=\"Centro Urbano\" \/>\n<meta property=\"article:publisher\" content=\"https:\/\/www.facebook.com\/portalcentrourbano\" \/>\n<meta property=\"article:published_time\" content=\"2016-02-26T17:39:36+00:00\" \/>\n<meta property=\"article:modified_time\" content=\"2016-02-26T18:17:39+00:00\" \/>\n<meta property=\"og:image\" content=\"https:\/\/centrourbano.com\/revista\/wp-content\/uploads\/Cinemex-Guaymas.jpg\" \/>\n\t<meta property=\"og:image:width\" content=\"640\" \/>\n\t<meta property=\"og:image:height\" content=\"480\" \/>\n\t<meta property=\"og:image:type\" content=\"image\/jpeg\" \/>\n<meta name=\"author\" content=\"Yareth Casanova\" \/>\n<meta name=\"twitter:card\" content=\"summary_large_image\" \/>\n<meta name=\"twitter:creator\" content=\"@CentroUrbano\" \/>\n<meta name=\"twitter:site\" content=\"@CentroUrbano\" \/>\n<meta name=\"twitter:label1\" content=\"Escrito por\" \/>\n\t<meta name=\"twitter:data1\" content=\"Yareth Casanova\" \/>\n\t<meta name=\"twitter:label2\" content=\"Tiempo de lectura\" \/>\n\t<meta name=\"twitter:data2\" content=\"1 minuto\" \/>\n<script type=\"application\/ld+json\" class=\"yoast-schema-graph\">{\"@context\":\"https:\\\/\\\/schema.org\",\"@graph\":[{\"@type\":\"Article\",\"@id\":\"https:\\\/\\\/centrourbano.com\\\/revista\\\/inmobiliario\\\/cinemex-continua-su-expansion-con-inauguracion-de-complejo\\\/#article\",\"isPartOf\":{\"@id\":\"https:\\\/\\\/centrourbano.com\\\/revista\\\/inmobiliario\\\/cinemex-continua-su-expansion-con-inauguracion-de-complejo\\\/\"},\"author\":{\"name\":\"Yareth Casanova\",\"@id\":\"https:\\\/\\\/centrourbano.com\\\/revista\\\/#\\\/schema\\\/person\\\/dae97fa1bb2cf633b516aff6ba661f46\"},\"headline\":\"Cinemex se expande con inauguraci\u00f3n de complejo\",\"datePublished\":\"2016-02-26T17:39:36+00:00\",\"dateModified\":\"2016-02-26T18:17:39+00:00\",\"mainEntityOfPage\":{\"@id\":\"https:\\\/\\\/centrourbano.com\\\/revista\\\/inmobiliario\\\/cinemex-continua-su-expansion-con-inauguracion-de-complejo\\\/\"},\"wordCount\":208,\"commentCount\":0,\"publisher\":{\"@id\":\"https:\\\/\\\/centrourbano.com\\\/revista\\\/#organization\"},\"image\":{\"@id\":\"https:\\\/\\\/centrourbano.com\\\/revista\\\/inmobiliario\\\/cinemex-continua-su-expansion-con-inauguracion-de-complejo\\\/#primaryimage\"},\"thumbnailUrl\":\"https:\\\/\\\/centrourbano.com\\\/revista\\\/wp-content\\\/uploads\\\/Cinemex-Guaymas.jpg\",\"keywords\":[\"Cinemex\",\"construcci\u00f3n\",\"Los Mochis\",\"salas de cine\"],\"articleSection\":[\"Inmobiliario\"],\"inLanguage\":\"es\",\"potentialAction\":[{\"@type\":\"CommentAction\",\"name\":\"Comment\",\"target\":[\"https:\\\/\\\/centrourbano.com\\\/revista\\\/inmobiliario\\\/cinemex-continua-su-expansion-con-inauguracion-de-complejo\\\/#respond\"]}]},{\"@type\":\"WebPage\",\"@id\":\"https:\\\/\\\/centrourbano.com\\\/revista\\\/inmobiliario\\\/cinemex-continua-su-expansion-con-inauguracion-de-complejo\\\/\",\"url\":\"https:\\\/\\\/centrourbano.com\\\/revista\\\/inmobiliario\\\/cinemex-continua-su-expansion-con-inauguracion-de-complejo\\\/\",\"name\":\"Cinemex se expande con inauguraci\u00f3n de complejo -\",\"isPartOf\":{\"@id\":\"https:\\\/\\\/centrourbano.com\\\/revista\\\/#website\"},\"primaryImageOfPage\":{\"@id\":\"https:\\\/\\\/centrourbano.com\\\/revista\\\/inmobiliario\\\/cinemex-continua-su-expansion-con-inauguracion-de-complejo\\\/#primaryimage\"},\"image\":{\"@id\":\"https:\\\/\\\/centrourbano.com\\\/revista\\\/inmobiliario\\\/cinemex-continua-su-expansion-con-inauguracion-de-complejo\\\/#primaryimage\"},\"thumbnailUrl\":\"https:\\\/\\\/centrourbano.com\\\/revista\\\/wp-content\\\/uploads\\\/Cinemex-Guaymas.jpg\",\"datePublished\":\"2016-02-26T17:39:36+00:00\",\"dateModified\":\"2016-02-26T18:17:39+00:00\",\"description\":\"Durante el primer mes las entradas estar\u00e1n al 2X1 Hoy se llevar\u00e1 a cabo la inauguraci\u00f3n del nuevo complejo de #Cinemex en #Los Mochis, Sinaloa, esto\",\"breadcrumb\":{\"@id\":\"https:\\\/\\\/centrourbano.com\\\/revista\\\/inmobiliario\\\/cinemex-continua-su-expansion-con-inauguracion-de-complejo\\\/#breadcrumb\"},\"inLanguage\":\"es\",\"potentialAction\":[{\"@type\":\"ReadAction\",\"target\":[\"https:\\\/\\\/centrourbano.com\\\/revista\\\/inmobiliario\\\/cinemex-continua-su-expansion-con-inauguracion-de-complejo\\\/\"]}]},{\"@type\":\"ImageObject\",\"inLanguage\":\"es\",\"@id\":\"https:\\\/\\\/centrourbano.com\\\/revista\\\/inmobiliario\\\/cinemex-continua-su-expansion-con-inauguracion-de-complejo\\\/#primaryimage\",\"url\":\"https:\\\/\\\/centrourbano.com\\\/revista\\\/wp-content\\\/uploads\\\/Cinemex-Guaymas.jpg\",\"contentUrl\":\"https:\\\/\\\/centrourbano.com\\\/revista\\\/wp-content\\\/uploads\\\/Cinemex-Guaymas.jpg\",\"width\":640,\"height\":480},{\"@type\":\"BreadcrumbList\",\"@id\":\"https:\\\/\\\/centrourbano.com\\\/revista\\\/inmobiliario\\\/cinemex-continua-su-expansion-con-inauguracion-de-complejo\\\/#breadcrumb\",\"itemListElement\":[{\"@type\":\"ListItem\",\"position\":1,\"name\":\"Portada\",\"item\":\"https:\\\/\\\/centrourbano.com\\\/revista\\\/\"},{\"@type\":\"ListItem\",\"position\":2,\"name\":\"Cinemex se expande con inauguraci\u00f3n de complejo\"}]},{\"@type\":\"WebSite\",\"@id\":\"https:\\\/\\\/centrourbano.com\\\/revista\\\/#website\",\"url\":\"https:\\\/\\\/centrourbano.com\\\/revista\\\/\",\"name\":\"Centro Urbano\",\"description\":\"Medio especializado en los sectores vivienda, inmobiliario, construcci\u00f3n, arquitectura y urbanismo.\",\"publisher\":{\"@id\":\"https:\\\/\\\/centrourbano.com\\\/revista\\\/#organization\"},\"potentialAction\":[{\"@type\":\"SearchAction\",\"target\":{\"@type\":\"EntryPoint\",\"urlTemplate\":\"https:\\\/\\\/centrourbano.com\\\/revista\\\/?s={search_term_string}\"},\"query-input\":{\"@type\":\"PropertyValueSpecification\",\"valueRequired\":true,\"valueName\":\"search_term_string\"}}],\"inLanguage\":\"es\"},{\"@type\":\"Organization\",\"@id\":\"https:\\\/\\\/centrourbano.com\\\/revista\\\/#organization\",\"name\":\"Centro Urbano\",\"url\":\"https:\\\/\\\/centrourbano.com\\\/revista\\\/\",\"logo\":{\"@type\":\"ImageObject\",\"inLanguage\":\"es\",\"@id\":\"https:\\\/\\\/centrourbano.com\\\/revista\\\/#\\\/schema\\\/logo\\\/image\\\/\",\"url\":\"https:\\\/\\\/centrourbano.com\\\/revista\\\/wp-content\\\/uploads\\\/web_CU_logo-1.png\",\"contentUrl\":\"https:\\\/\\\/centrourbano.com\\\/revista\\\/wp-content\\\/uploads\\\/web_CU_logo-1.png\",\"width\":350,\"height\":91,\"caption\":\"Centro Urbano\"},\"image\":{\"@id\":\"https:\\\/\\\/centrourbano.com\\\/revista\\\/#\\\/schema\\\/logo\\\/image\\\/\"},\"sameAs\":[\"https:\\\/\\\/www.facebook.com\\\/portalcentrourbano\",\"https:\\\/\\\/x.com\\\/CentroUrbano\",\"https:\\\/\\\/www.instagram.com\\\/centro_urbano\\\/\",\"https:\\\/\\\/www.linkedin.com\\\/company\\\/centro-urbano\\\/\",\"http:\\\/\\\/www.youtube.com\\\/user\\\/portalcentrourbano\"]},{\"@type\":\"Person\",\"@id\":\"https:\\\/\\\/centrourbano.com\\\/revista\\\/#\\\/schema\\\/person\\\/dae97fa1bb2cf633b516aff6ba661f46\",\"name\":\"Yareth Casanova\",\"image\":{\"@type\":\"ImageObject\",\"inLanguage\":\"es\",\"@id\":\"https:\\\/\\\/secure.gravatar.com\\\/avatar\\\/cc5021d028a26acc18cd90754b870114c9449717d0cf43cc142712f089324f6d?s=96&d=mm&r=g\",\"url\":\"https:\\\/\\\/secure.gravatar.com\\\/avatar\\\/cc5021d028a26acc18cd90754b870114c9449717d0cf43cc142712f089324f6d?s=96&d=mm&r=g\",\"contentUrl\":\"https:\\\/\\\/secure.gravatar.com\\\/avatar\\\/cc5021d028a26acc18cd90754b870114c9449717d0cf43cc142712f089324f6d?s=96&d=mm&r=g\",\"caption\":\"Yareth Casanova\"},\"description\":\"Egresada de la Universidad del Valle de M\u00e9xico en Ciencias de la Comunicaci\u00f3n. Fungi\u00f3 como community manager en el Senado de la Rep\u00fablica y como becaria en editorial Televisa. Actualmente se desempe\u00f1a como community manager y reportera en Centro Urbano. Es amante de los perros y sus pasiones son el baile, el cine, la pol\u00edtica y la moda.\",\"url\":\"https:\\\/\\\/centrourbano.com\\\/revista\\\/author\\\/yarethcu\\\/\"}]}<\/script>\n<!-- \/ Yoast SEO plugin. -->","yoast_head_json":{"title":"Cinemex se expande con inauguraci\u00f3n de complejo -","description":"Durante el primer mes las entradas estar\u00e1n al 2X1 Hoy se llevar\u00e1 a cabo la inauguraci\u00f3n del nuevo complejo de #Cinemex en #Los Mochis, Sinaloa, esto","robots":{"index":"index","follow":"follow","max-snippet":"max-snippet:-1","max-image-preview":"max-image-preview:large","max-video-preview":"max-video-preview:-1"},"canonical":"https:\/\/centrourbano.com\/revista\/inmobiliario\/cinemex-continua-su-expansion-con-inauguracion-de-complejo\/","og_locale":"es_ES","og_type":"article","og_title":"Cinemex se expande con inauguraci\u00f3n de complejo -","og_description":"Durante el primer mes las entradas estar\u00e1n al 2X1 Hoy se llevar\u00e1 a cabo la inauguraci\u00f3n del nuevo complejo de #Cinemex en #Los Mochis, Sinaloa, esto","og_url":"https:\/\/centrourbano.com\/revista\/inmobiliario\/cinemex-continua-su-expansion-con-inauguracion-de-complejo\/","og_site_name":"Centro Urbano","article_publisher":"https:\/\/www.facebook.com\/portalcentrourbano","article_published_time":"2016-02-26T17:39:36+00:00","article_modified_time":"2016-02-26T18:17:39+00:00","og_image":[{"width":640,"height":480,"url":"https:\/\/centrourbano.com\/revista\/wp-content\/uploads\/Cinemex-Guaymas.jpg","type":"image\/jpeg"}],"author":"Yareth Casanova","twitter_card":"summary_large_image","twitter_creator":"@CentroUrbano","twitter_site":"@CentroUrbano","twitter_misc":{"Escrito por":"Yareth Casanova","Tiempo de lectura":"1 minuto"},"schema":{"@context":"https:\/\/schema.org","@graph":[{"@type":"Article","@id":"https:\/\/centrourbano.com\/revista\/inmobiliario\/cinemex-continua-su-expansion-con-inauguracion-de-complejo\/#article","isPartOf":{"@id":"https:\/\/centrourbano.com\/revista\/inmobiliario\/cinemex-continua-su-expansion-con-inauguracion-de-complejo\/"},"author":{"name":"Yareth Casanova","@id":"https:\/\/centrourbano.com\/revista\/#\/schema\/person\/dae97fa1bb2cf633b516aff6ba661f46"},"headline":"Cinemex se expande con inauguraci\u00f3n de complejo","datePublished":"2016-02-26T17:39:36+00:00","dateModified":"2016-02-26T18:17:39+00:00","mainEntityOfPage":{"@id":"https:\/\/centrourbano.com\/revista\/inmobiliario\/cinemex-continua-su-expansion-con-inauguracion-de-complejo\/"},"wordCount":208,"commentCount":0,"publisher":{"@id":"https:\/\/centrourbano.com\/revista\/#organization"},"image":{"@id":"https:\/\/centrourbano.com\/revista\/inmobiliario\/cinemex-continua-su-expansion-con-inauguracion-de-complejo\/#primaryimage"},"thumbnailUrl":"https:\/\/centrourbano.com\/revista\/wp-content\/uploads\/Cinemex-Guaymas.jpg","keywords":["Cinemex","construcci\u00f3n","Los Mochis","salas de cine"],"articleSection":["Inmobiliario"],"inLanguage":"es","potentialAction":[{"@type":"CommentAction","name":"Comment","target":["https:\/\/centrourbano.com\/revista\/inmobiliario\/cinemex-continua-su-expansion-con-inauguracion-de-complejo\/#respond"]}]},{"@type":"WebPage","@id":"https:\/\/centrourbano.com\/revista\/inmobiliario\/cinemex-continua-su-expansion-con-inauguracion-de-complejo\/","url":"https:\/\/centrourbano.com\/revista\/inmobiliario\/cinemex-continua-su-expansion-con-inauguracion-de-complejo\/","name":"Cinemex se expande con inauguraci\u00f3n de complejo -","isPartOf":{"@id":"https:\/\/centrourbano.com\/revista\/#website"},"primaryImageOfPage":{"@id":"https:\/\/centrourbano.com\/revista\/inmobiliario\/cinemex-continua-su-expansion-con-inauguracion-de-complejo\/#primaryimage"},"image":{"@id":"https:\/\/centrourbano.com\/revista\/inmobiliario\/cinemex-continua-su-expansion-con-inauguracion-de-complejo\/#primaryimage"},"thumbnailUrl":"https:\/\/centrourbano.com\/revista\/wp-content\/uploads\/Cinemex-Guaymas.jpg","datePublished":"2016-02-26T17:39:36+00:00","dateModified":"2016-02-26T18:17:39+00:00","description":"Durante el primer mes las entradas estar\u00e1n al 2X1 Hoy se llevar\u00e1 a cabo la inauguraci\u00f3n del nuevo complejo de #Cinemex en #Los Mochis, Sinaloa, esto","breadcrumb":{"@id":"https:\/\/centrourbano.com\/revista\/inmobiliario\/cinemex-continua-su-expansion-con-inauguracion-de-complejo\/#breadcrumb"},"inLanguage":"es","potentialAction":[{"@type":"ReadAction","target":["https:\/\/centrourbano.com\/revista\/inmobiliario\/cinemex-continua-su-expansion-con-inauguracion-de-complejo\/"]}]},{"@type":"ImageObject","inLanguage":"es","@id":"https:\/\/centrourbano.com\/revista\/inmobiliario\/cinemex-continua-su-expansion-con-inauguracion-de-complejo\/#primaryimage","url":"https:\/\/centrourbano.com\/revista\/wp-content\/uploads\/Cinemex-Guaymas.jpg","contentUrl":"https:\/\/centrourbano.com\/revista\/wp-content\/uploads\/Cinemex-Guaymas.jpg","width":640,"height":480},{"@type":"BreadcrumbList","@id":"https:\/\/centrourbano.com\/revista\/inmobiliario\/cinemex-continua-su-expansion-con-inauguracion-de-complejo\/#breadcrumb","itemListElement":[{"@type":"ListItem","position":1,"name":"Portada","item":"https:\/\/centrourbano.com\/revista\/"},{"@type":"ListItem","position":2,"name":"Cinemex se expande con inauguraci\u00f3n de complejo"}]},{"@type":"WebSite","@id":"https:\/\/centrourbano.com\/revista\/#website","url":"https:\/\/centrourbano.com\/revista\/","name":"Centro Urbano","description":"Medio especializado en los sectores vivienda, inmobiliario, construcci\u00f3n, arquitectura y urbanismo.","publisher":{"@id":"https:\/\/centrourbano.com\/revista\/#organization"},"potentialAction":[{"@type":"SearchAction","target":{"@type":"EntryPoint","urlTemplate":"https:\/\/centrourbano.com\/revista\/?s={search_term_string}"},"query-input":{"@type":"PropertyValueSpecification","valueRequired":true,"valueName":"search_term_string"}}],"inLanguage":"es"},{"@type":"Organization","@id":"https:\/\/centrourbano.com\/revista\/#organization","name":"Centro Urbano","url":"https:\/\/centrourbano.com\/revista\/","logo":{"@type":"ImageObject","inLanguage":"es","@id":"https:\/\/centrourbano.com\/revista\/#\/schema\/logo\/image\/","url":"https:\/\/centrourbano.com\/revista\/wp-content\/uploads\/web_CU_logo-1.png","contentUrl":"https:\/\/centrourbano.com\/revista\/wp-content\/uploads\/web_CU_logo-1.png","width":350,"height":91,"caption":"Centro Urbano"},"image":{"@id":"https:\/\/centrourbano.com\/revista\/#\/schema\/logo\/image\/"},"sameAs":["https:\/\/www.facebook.com\/portalcentrourbano","https:\/\/x.com\/CentroUrbano","https:\/\/www.instagram.com\/centro_urbano\/","https:\/\/www.linkedin.com\/company\/centro-urbano\/","http:\/\/www.youtube.com\/user\/portalcentrourbano"]},{"@type":"Person","@id":"https:\/\/centrourbano.com\/revista\/#\/schema\/person\/dae97fa1bb2cf633b516aff6ba661f46","name":"Yareth Casanova","image":{"@type":"ImageObject","inLanguage":"es","@id":"https:\/\/secure.gravatar.com\/avatar\/cc5021d028a26acc18cd90754b870114c9449717d0cf43cc142712f089324f6d?s=96&d=mm&r=g","url":"https:\/\/secure.gravatar.com\/avatar\/cc5021d028a26acc18cd90754b870114c9449717d0cf43cc142712f089324f6d?s=96&d=mm&r=g","contentUrl":"https:\/\/secure.gravatar.com\/avatar\/cc5021d028a26acc18cd90754b870114c9449717d0cf43cc142712f089324f6d?s=96&d=mm&r=g","caption":"Yareth Casanova"},"description":"Egresada de la Universidad del Valle de M\u00e9xico en Ciencias de la Comunicaci\u00f3n. Fungi\u00f3 como community manager en el Senado de la Rep\u00fablica y como becaria en editorial Televisa. Actualmente se desempe\u00f1a como community manager y reportera en Centro Urbano. Es amante de los perros y sus pasiones son el baile, el cine, la pol\u00edtica y la moda.","url":"https:\/\/centrourbano.com\/revista\/author\/yarethcu\/"}]}},"_links":{"self":[{"href":"https:\/\/centrourbano.com\/revista\/wp-json\/wp\/v2\/posts\/31079","targetHints":{"allow":["GET"]}}],"collection":[{"href":"https:\/\/centrourbano.com\/revista\/wp-json\/wp\/v2\/posts"}],"about":[{"href":"https:\/\/centrourbano.com\/revista\/wp-json\/wp\/v2\/types\/post"}],"author":[{"embeddable":true,"href":"https:\/\/centrourbano.com\/revista\/wp-json\/wp\/v2\/users\/36"}],"replies":[{"embeddable":true,"href":"https:\/\/centrourbano.com\/revista\/wp-json\/wp\/v2\/comments?post=31079"}],"version-history":[{"count":0,"href":"https:\/\/centrourbano.com\/revista\/wp-json\/wp\/v2\/posts\/31079\/revisions"}],"wp:featuredmedia":[{"embeddable":true,"href":"https:\/\/centrourbano.com\/revista\/wp-json\/wp\/v2\/media\/31080"}],"wp:attachment":[{"href":"https:\/\/centrourbano.com\/revista\/wp-json\/wp\/v2\/media?parent=31079"}],"wp:term":[{"taxonomy":"category","embeddable":true,"href":"https:\/\/centrourbano.com\/revista\/wp-json\/wp\/v2\/categories?post=31079"},{"taxonomy":"post_tag","embeddable":true,"href":"https:\/\/centrourbano.com\/revista\/wp-json\/wp\/v2\/tags?post=31079"}],"curies":[{"name":"wp","href":"https:\/\/api.w.org\/{rel}","templated":true}]}}