{"id":31066,"date":"2016-02-26T10:32:15","date_gmt":"2016-02-26T16:32:15","guid":{"rendered":"http:\/\/centrourbano.com\/?p=31066"},"modified":"2016-02-26T10:46:24","modified_gmt":"2016-02-26T16:46:24","slug":"hoteleros-compartieron-experiencias-en-mexhic-2016","status":"publish","type":"post","link":"https:\/\/centrourbano.com\/revista\/inmobiliario\/hoteleros-compartieron-experiencias-en-mexhic-2016\/","title":{"rendered":"Hoteleros compartieron experiencias en MexHIC 2016"},"content":{"rendered":"<p><em>Analizaron temas sobre oferta, demanda, inversiones, acondicionamiento y perspectivas para este a\u00f1o <\/em><br \/>\n<!--more--><\/p>\n<p>Distintos empresarios, directores del ramo hotelero y arquitectos se dieron cita para realizar el <a class=\"expresscurate_contentTags\" href=\"http:\/\/centrourbano.com\/tag\/mexhic\/\">#MexHIC<\/a> 2016 en donde compartieron experiencias sobre <a class=\"expresscurate_contentTags\" href=\"http:\/\/centrourbano.com\/tag\/inversion\/\">#inversi\u00f3n<\/a> en destinos tur\u00edsticos, estrategias de mercado, perspectivas sobre este a\u00f1o, arrendamientos de inmuebles, <a class=\"expresscurate_contentTags\" href=\"http:\/\/centrourbano.com\/tag\/arquitectura\/\">#arquitectura<\/a> tur\u00edstica, desarrollo sustentable entre otros. <\/p>\n<p>En la conferencia Oferta y demanda, se analizaron los destinos tur\u00edsticos en las zonas urbanas y mercados industriales, en donde participaron Luis Armando Cant\u00fa, director de centros comerciales Abilia;  Carlos Adams, director de franquicias de <a class=\"expresscurate_contentTags\" href=\"http:\/\/centrourbano.com\/tag\/hoteles\/\">#Hoteles<\/a> City; Gerardo Vald\u00e9s, director de desarrollo Carlson Rezidor; Germ\u00e1n Ongay, vicepresidente regional de ventas de IHG; Juan Carlos Gonz\u00e1lez, vicepresidente de Promohoteles y \u00d3scar Ch\u00e1vez, director de adquisiciones de Grupo Hotelero Santa Fe. <\/p>\n<p>Los expositores coincidieron al decir que para instalar un nuevo inmueble se deben considerar las caracter\u00edsticas de la zona, los negocios que existen actualmente, las perspectivas gubernamentales de crecimiento econ\u00f3mico en la zona, los valores agregados que se les puede dar y si se manejan distintas marcas de una cadena considerar cu\u00e1l es la que tendr\u00e1 m\u00e1s beneficios. <\/p>\n<p>Tambi\u00e9n se analizaron nuevos modelos de financiamiento, como son las Fibras o Fideicomisos de Inversi\u00f3n y Bienes Ra\u00edces, en la conferencia Descripci\u00f3n de los Mercados de Capital Fibras y CKD. En esta ponencia participaron Blanca Rodr\u00edguez, directora del Fondo Banyan Tree M\u00e9xico; Fernando Rocha, director de adquisiciones de Fibra Inn; Guillermo Bravo, director de desarrollo de Fibra Hotel; Nikolaj Lippmann, estratega de acciones de Morgan Stanley y Vanessa Quiroga, directora de Credit Suisse. <\/p>\n<p>En donde analizaron que la inversi\u00f3n en el sector hotelero es c\u00edclico, que a pesar de la incertidumbre que se ha dado en econom\u00eda mexicana, esos modelos de inversi\u00f3n son una opci\u00f3n de invertir en esa industria, por lo que es importante que los posibles inversionistas analicen qui\u00e9nes conforman esos modelos de inversi\u00f3n para que tengan certidumbre en sus finanzas. <\/p>\n<p>Asimismo, se compartieron experiencias en cuanto a la arquitectura de los inmuebles, para armonizar las ideas de los due\u00f1os, inversionistas, la zona en donde se desarrolla y los ocupantes del inmueble, con el prop\u00f3sito de que su estancia sea agradable y conforme a sus requerimientos, ya que cada sector de la poblaci\u00f3n tiene gustos y necesidades diferentes. <\/p>\n","protected":false},"excerpt":{"rendered":"<p>Analizaron temas sobre oferta, demanda, inversiones, acondicionamiento y perspectivas para este a\u00f1o<\/p>\n","protected":false},"author":77,"featured_media":31067,"comment_status":"open","ping_status":"closed","sticky":false,"template":"","format":"standard","meta":{"inline_featured_image":false,"footnotes":""},"categories":[15],"tags":[20,40,67,7787],"class_list":["post-31066","post","type-post","status-publish","format-standard","has-post-thumbnail","hentry","category-inmobiliario","tag-arquitectura","tag-hoteles","tag-inversion","tag-mexhic"],"yoast_head":"<!-- This site is optimized with the Yoast SEO plugin v28.4 - https:\/\/yoast.com\/product\/yoast-seo-wordpress\/ -->\n<title>Hoteleros compartieron experiencias en MexHIC 2016 -<\/title>\n<meta name=\"description\" content=\"Analizaron temas sobre oferta, demanda, inversiones, acondicionamiento y perspectivas para este a\u00f1o Distintos empresarios, directores del ramo hotelero y\" \/>\n<meta name=\"robots\" content=\"index, follow, max-snippet:-1, max-image-preview:large, max-video-preview:-1\" \/>\n<link rel=\"canonical\" href=\"https:\/\/centrourbano.com\/revista\/inmobiliario\/hoteleros-compartieron-experiencias-en-mexhic-2016\/\" \/>\n<meta property=\"og:locale\" content=\"es_ES\" \/>\n<meta property=\"og:type\" content=\"article\" \/>\n<meta property=\"og:title\" content=\"Hoteleros compartieron experiencias en MexHIC 2016 -\" \/>\n<meta property=\"og:description\" content=\"Analizaron temas sobre oferta, demanda, inversiones, acondicionamiento y perspectivas para este a\u00f1o Distintos empresarios, directores del ramo hotelero y\" \/>\n<meta property=\"og:url\" content=\"https:\/\/centrourbano.com\/revista\/inmobiliario\/hoteleros-compartieron-experiencias-en-mexhic-2016\/\" \/>\n<meta property=\"og:site_name\" content=\"Centro Urbano\" \/>\n<meta property=\"article:publisher\" content=\"https:\/\/www.facebook.com\/portalcentrourbano\" \/>\n<meta property=\"article:published_time\" content=\"2016-02-26T16:32:15+00:00\" \/>\n<meta property=\"article:modified_time\" content=\"2016-02-26T16:46:24+00:00\" \/>\n<meta property=\"og:image\" content=\"https:\/\/centrourbano.com\/revista\/wp-content\/uploads\/DSCN9171-scaled.jpg\" \/>\n\t<meta property=\"og:image:width\" content=\"2560\" \/>\n\t<meta property=\"og:image:height\" content=\"1920\" \/>\n\t<meta property=\"og:image:type\" content=\"image\/jpeg\" \/>\n<meta name=\"author\" content=\"G4A\" \/>\n<meta name=\"twitter:card\" content=\"summary_large_image\" \/>\n<meta name=\"twitter:creator\" content=\"@CentroUrbano\" \/>\n<meta name=\"twitter:site\" content=\"@CentroUrbano\" \/>\n<meta name=\"twitter:label1\" content=\"Escrito por\" \/>\n\t<meta name=\"twitter:data1\" content=\"G4A\" \/>\n\t<meta name=\"twitter:label2\" content=\"Tiempo de lectura\" \/>\n\t<meta name=\"twitter:data2\" content=\"2 minutos\" \/>\n<script type=\"application\/ld+json\" class=\"yoast-schema-graph\">{\"@context\":\"https:\\\/\\\/schema.org\",\"@graph\":[{\"@type\":\"Article\",\"@id\":\"https:\\\/\\\/centrourbano.com\\\/revista\\\/inmobiliario\\\/hoteleros-compartieron-experiencias-en-mexhic-2016\\\/#article\",\"isPartOf\":{\"@id\":\"https:\\\/\\\/centrourbano.com\\\/revista\\\/inmobiliario\\\/hoteleros-compartieron-experiencias-en-mexhic-2016\\\/\"},\"author\":{\"name\":\"G4A\",\"@id\":\"https:\\\/\\\/centrourbano.com\\\/revista\\\/#\\\/schema\\\/person\\\/370fa0ba2d8dd5bde3fdb8b62ad360aa\"},\"headline\":\"Hoteleros compartieron experiencias en MexHIC 2016\",\"datePublished\":\"2016-02-26T16:32:15+00:00\",\"dateModified\":\"2016-02-26T16:46:24+00:00\",\"mainEntityOfPage\":{\"@id\":\"https:\\\/\\\/centrourbano.com\\\/revista\\\/inmobiliario\\\/hoteleros-compartieron-experiencias-en-mexhic-2016\\\/\"},\"wordCount\":404,\"commentCount\":0,\"publisher\":{\"@id\":\"https:\\\/\\\/centrourbano.com\\\/revista\\\/#organization\"},\"image\":{\"@id\":\"https:\\\/\\\/centrourbano.com\\\/revista\\\/inmobiliario\\\/hoteleros-compartieron-experiencias-en-mexhic-2016\\\/#primaryimage\"},\"thumbnailUrl\":\"https:\\\/\\\/centrourbano.com\\\/revista\\\/wp-content\\\/uploads\\\/DSCN9171-scaled.jpg\",\"keywords\":[\"arquitectura\",\"hoteles\",\"inversi\u00f3n\",\"MexHIC\"],\"articleSection\":[\"Inmobiliario\"],\"inLanguage\":\"es\"},{\"@type\":\"WebPage\",\"@id\":\"https:\\\/\\\/centrourbano.com\\\/revista\\\/inmobiliario\\\/hoteleros-compartieron-experiencias-en-mexhic-2016\\\/\",\"url\":\"https:\\\/\\\/centrourbano.com\\\/revista\\\/inmobiliario\\\/hoteleros-compartieron-experiencias-en-mexhic-2016\\\/\",\"name\":\"Hoteleros compartieron experiencias en MexHIC 2016 -\",\"isPartOf\":{\"@id\":\"https:\\\/\\\/centrourbano.com\\\/revista\\\/#website\"},\"primaryImageOfPage\":{\"@id\":\"https:\\\/\\\/centrourbano.com\\\/revista\\\/inmobiliario\\\/hoteleros-compartieron-experiencias-en-mexhic-2016\\\/#primaryimage\"},\"image\":{\"@id\":\"https:\\\/\\\/centrourbano.com\\\/revista\\\/inmobiliario\\\/hoteleros-compartieron-experiencias-en-mexhic-2016\\\/#primaryimage\"},\"thumbnailUrl\":\"https:\\\/\\\/centrourbano.com\\\/revista\\\/wp-content\\\/uploads\\\/DSCN9171-scaled.jpg\",\"datePublished\":\"2016-02-26T16:32:15+00:00\",\"dateModified\":\"2016-02-26T16:46:24+00:00\",\"description\":\"Analizaron temas sobre oferta, demanda, inversiones, acondicionamiento y perspectivas para este a\u00f1o Distintos empresarios, directores del ramo hotelero y\",\"breadcrumb\":{\"@id\":\"https:\\\/\\\/centrourbano.com\\\/revista\\\/inmobiliario\\\/hoteleros-compartieron-experiencias-en-mexhic-2016\\\/#breadcrumb\"},\"inLanguage\":\"es\",\"potentialAction\":[{\"@type\":\"ReadAction\",\"target\":[\"https:\\\/\\\/centrourbano.com\\\/revista\\\/inmobiliario\\\/hoteleros-compartieron-experiencias-en-mexhic-2016\\\/\"]}]},{\"@type\":\"ImageObject\",\"inLanguage\":\"es\",\"@id\":\"https:\\\/\\\/centrourbano.com\\\/revista\\\/inmobiliario\\\/hoteleros-compartieron-experiencias-en-mexhic-2016\\\/#primaryimage\",\"url\":\"https:\\\/\\\/centrourbano.com\\\/revista\\\/wp-content\\\/uploads\\\/DSCN9171-scaled.jpg\",\"contentUrl\":\"https:\\\/\\\/centrourbano.com\\\/revista\\\/wp-content\\\/uploads\\\/DSCN9171-scaled.jpg\",\"width\":2560,\"height\":1920},{\"@type\":\"BreadcrumbList\",\"@id\":\"https:\\\/\\\/centrourbano.com\\\/revista\\\/inmobiliario\\\/hoteleros-compartieron-experiencias-en-mexhic-2016\\\/#breadcrumb\",\"itemListElement\":[{\"@type\":\"ListItem\",\"position\":1,\"name\":\"Portada\",\"item\":\"https:\\\/\\\/centrourbano.com\\\/revista\\\/\"},{\"@type\":\"ListItem\",\"position\":2,\"name\":\"Hoteleros compartieron experiencias en MexHIC 2016\"}]},{\"@type\":\"WebSite\",\"@id\":\"https:\\\/\\\/centrourbano.com\\\/revista\\\/#website\",\"url\":\"https:\\\/\\\/centrourbano.com\\\/revista\\\/\",\"name\":\"Centro Urbano\",\"description\":\"Medio especializado en los sectores vivienda, inmobiliario, construcci\u00f3n, arquitectura y urbanismo.\",\"publisher\":{\"@id\":\"https:\\\/\\\/centrourbano.com\\\/revista\\\/#organization\"},\"potentialAction\":[{\"@type\":\"SearchAction\",\"target\":{\"@type\":\"EntryPoint\",\"urlTemplate\":\"https:\\\/\\\/centrourbano.com\\\/revista\\\/?s={search_term_string}\"},\"query-input\":{\"@type\":\"PropertyValueSpecification\",\"valueRequired\":true,\"valueName\":\"search_term_string\"}}],\"inLanguage\":\"es\"},{\"@type\":\"Organization\",\"@id\":\"https:\\\/\\\/centrourbano.com\\\/revista\\\/#organization\",\"name\":\"Centro Urbano\",\"url\":\"https:\\\/\\\/centrourbano.com\\\/revista\\\/\",\"logo\":{\"@type\":\"ImageObject\",\"inLanguage\":\"es\",\"@id\":\"https:\\\/\\\/centrourbano.com\\\/revista\\\/#\\\/schema\\\/logo\\\/image\\\/\",\"url\":\"https:\\\/\\\/centrourbano.com\\\/revista\\\/wp-content\\\/uploads\\\/web_CU_logo-1.png\",\"contentUrl\":\"https:\\\/\\\/centrourbano.com\\\/revista\\\/wp-content\\\/uploads\\\/web_CU_logo-1.png\",\"width\":350,\"height\":91,\"caption\":\"Centro Urbano\"},\"image\":{\"@id\":\"https:\\\/\\\/centrourbano.com\\\/revista\\\/#\\\/schema\\\/logo\\\/image\\\/\"},\"sameAs\":[\"https:\\\/\\\/www.facebook.com\\\/portalcentrourbano\",\"https:\\\/\\\/x.com\\\/CentroUrbano\",\"https:\\\/\\\/www.instagram.com\\\/centro_urbano\\\/\",\"https:\\\/\\\/www.linkedin.com\\\/company\\\/centro-urbano\\\/\",\"http:\\\/\\\/www.youtube.com\\\/user\\\/portalcentrourbano\"]},{\"@type\":\"Person\",\"@id\":\"https:\\\/\\\/centrourbano.com\\\/revista\\\/#\\\/schema\\\/person\\\/370fa0ba2d8dd5bde3fdb8b62ad360aa\",\"name\":\"G4A\",\"image\":{\"@type\":\"ImageObject\",\"inLanguage\":\"es\",\"@id\":\"https:\\\/\\\/secure.gravatar.com\\\/avatar\\\/932a97121b13d5de5bbd8193c6c83d3b92c9eda0f39623607d4280e7a5778d97?s=96&d=mm&r=g\",\"url\":\"https:\\\/\\\/secure.gravatar.com\\\/avatar\\\/932a97121b13d5de5bbd8193c6c83d3b92c9eda0f39623607d4280e7a5778d97?s=96&d=mm&r=g\",\"contentUrl\":\"https:\\\/\\\/secure.gravatar.com\\\/avatar\\\/932a97121b13d5de5bbd8193c6c83d3b92c9eda0f39623607d4280e7a5778d97?s=96&d=mm&r=g\",\"caption\":\"G4A\"},\"url\":\"https:\\\/\\\/centrourbano.com\\\/revista\\\/author\\\/admin-g4a\\\/\"}]}<\/script>\n<!-- \/ Yoast SEO plugin. -->","yoast_head_json":{"title":"Hoteleros compartieron experiencias en MexHIC 2016 -","description":"Analizaron temas sobre oferta, demanda, inversiones, acondicionamiento y perspectivas para este a\u00f1o Distintos empresarios, directores del ramo hotelero y","robots":{"index":"index","follow":"follow","max-snippet":"max-snippet:-1","max-image-preview":"max-image-preview:large","max-video-preview":"max-video-preview:-1"},"canonical":"https:\/\/centrourbano.com\/revista\/inmobiliario\/hoteleros-compartieron-experiencias-en-mexhic-2016\/","og_locale":"es_ES","og_type":"article","og_title":"Hoteleros compartieron experiencias en MexHIC 2016 -","og_description":"Analizaron temas sobre oferta, demanda, inversiones, acondicionamiento y perspectivas para este a\u00f1o Distintos empresarios, directores del ramo hotelero y","og_url":"https:\/\/centrourbano.com\/revista\/inmobiliario\/hoteleros-compartieron-experiencias-en-mexhic-2016\/","og_site_name":"Centro Urbano","article_publisher":"https:\/\/www.facebook.com\/portalcentrourbano","article_published_time":"2016-02-26T16:32:15+00:00","article_modified_time":"2016-02-26T16:46:24+00:00","og_image":[{"width":2560,"height":1920,"url":"https:\/\/centrourbano.com\/revista\/wp-content\/uploads\/DSCN9171-scaled.jpg","type":"image\/jpeg"}],"author":"G4A","twitter_card":"summary_large_image","twitter_creator":"@CentroUrbano","twitter_site":"@CentroUrbano","twitter_misc":{"Escrito por":"G4A","Tiempo de lectura":"2 minutos"},"schema":{"@context":"https:\/\/schema.org","@graph":[{"@type":"Article","@id":"https:\/\/centrourbano.com\/revista\/inmobiliario\/hoteleros-compartieron-experiencias-en-mexhic-2016\/#article","isPartOf":{"@id":"https:\/\/centrourbano.com\/revista\/inmobiliario\/hoteleros-compartieron-experiencias-en-mexhic-2016\/"},"author":{"name":"G4A","@id":"https:\/\/centrourbano.com\/revista\/#\/schema\/person\/370fa0ba2d8dd5bde3fdb8b62ad360aa"},"headline":"Hoteleros compartieron experiencias en MexHIC 2016","datePublished":"2016-02-26T16:32:15+00:00","dateModified":"2016-02-26T16:46:24+00:00","mainEntityOfPage":{"@id":"https:\/\/centrourbano.com\/revista\/inmobiliario\/hoteleros-compartieron-experiencias-en-mexhic-2016\/"},"wordCount":404,"commentCount":0,"publisher":{"@id":"https:\/\/centrourbano.com\/revista\/#organization"},"image":{"@id":"https:\/\/centrourbano.com\/revista\/inmobiliario\/hoteleros-compartieron-experiencias-en-mexhic-2016\/#primaryimage"},"thumbnailUrl":"https:\/\/centrourbano.com\/revista\/wp-content\/uploads\/DSCN9171-scaled.jpg","keywords":["arquitectura","hoteles","inversi\u00f3n","MexHIC"],"articleSection":["Inmobiliario"],"inLanguage":"es"},{"@type":"WebPage","@id":"https:\/\/centrourbano.com\/revista\/inmobiliario\/hoteleros-compartieron-experiencias-en-mexhic-2016\/","url":"https:\/\/centrourbano.com\/revista\/inmobiliario\/hoteleros-compartieron-experiencias-en-mexhic-2016\/","name":"Hoteleros compartieron experiencias en MexHIC 2016 -","isPartOf":{"@id":"https:\/\/centrourbano.com\/revista\/#website"},"primaryImageOfPage":{"@id":"https:\/\/centrourbano.com\/revista\/inmobiliario\/hoteleros-compartieron-experiencias-en-mexhic-2016\/#primaryimage"},"image":{"@id":"https:\/\/centrourbano.com\/revista\/inmobiliario\/hoteleros-compartieron-experiencias-en-mexhic-2016\/#primaryimage"},"thumbnailUrl":"https:\/\/centrourbano.com\/revista\/wp-content\/uploads\/DSCN9171-scaled.jpg","datePublished":"2016-02-26T16:32:15+00:00","dateModified":"2016-02-26T16:46:24+00:00","description":"Analizaron temas sobre oferta, demanda, inversiones, acondicionamiento y perspectivas para este a\u00f1o Distintos empresarios, directores del ramo hotelero y","breadcrumb":{"@id":"https:\/\/centrourbano.com\/revista\/inmobiliario\/hoteleros-compartieron-experiencias-en-mexhic-2016\/#breadcrumb"},"inLanguage":"es","potentialAction":[{"@type":"ReadAction","target":["https:\/\/centrourbano.com\/revista\/inmobiliario\/hoteleros-compartieron-experiencias-en-mexhic-2016\/"]}]},{"@type":"ImageObject","inLanguage":"es","@id":"https:\/\/centrourbano.com\/revista\/inmobiliario\/hoteleros-compartieron-experiencias-en-mexhic-2016\/#primaryimage","url":"https:\/\/centrourbano.com\/revista\/wp-content\/uploads\/DSCN9171-scaled.jpg","contentUrl":"https:\/\/centrourbano.com\/revista\/wp-content\/uploads\/DSCN9171-scaled.jpg","width":2560,"height":1920},{"@type":"BreadcrumbList","@id":"https:\/\/centrourbano.com\/revista\/inmobiliario\/hoteleros-compartieron-experiencias-en-mexhic-2016\/#breadcrumb","itemListElement":[{"@type":"ListItem","position":1,"name":"Portada","item":"https:\/\/centrourbano.com\/revista\/"},{"@type":"ListItem","position":2,"name":"Hoteleros compartieron experiencias en MexHIC 2016"}]},{"@type":"WebSite","@id":"https:\/\/centrourbano.com\/revista\/#website","url":"https:\/\/centrourbano.com\/revista\/","name":"Centro Urbano","description":"Medio especializado en los sectores vivienda, inmobiliario, construcci\u00f3n, arquitectura y urbanismo.","publisher":{"@id":"https:\/\/centrourbano.com\/revista\/#organization"},"potentialAction":[{"@type":"SearchAction","target":{"@type":"EntryPoint","urlTemplate":"https:\/\/centrourbano.com\/revista\/?s={search_term_string}"},"query-input":{"@type":"PropertyValueSpecification","valueRequired":true,"valueName":"search_term_string"}}],"inLanguage":"es"},{"@type":"Organization","@id":"https:\/\/centrourbano.com\/revista\/#organization","name":"Centro Urbano","url":"https:\/\/centrourbano.com\/revista\/","logo":{"@type":"ImageObject","inLanguage":"es","@id":"https:\/\/centrourbano.com\/revista\/#\/schema\/logo\/image\/","url":"https:\/\/centrourbano.com\/revista\/wp-content\/uploads\/web_CU_logo-1.png","contentUrl":"https:\/\/centrourbano.com\/revista\/wp-content\/uploads\/web_CU_logo-1.png","width":350,"height":91,"caption":"Centro Urbano"},"image":{"@id":"https:\/\/centrourbano.com\/revista\/#\/schema\/logo\/image\/"},"sameAs":["https:\/\/www.facebook.com\/portalcentrourbano","https:\/\/x.com\/CentroUrbano","https:\/\/www.instagram.com\/centro_urbano\/","https:\/\/www.linkedin.com\/company\/centro-urbano\/","http:\/\/www.youtube.com\/user\/portalcentrourbano"]},{"@type":"Person","@id":"https:\/\/centrourbano.com\/revista\/#\/schema\/person\/370fa0ba2d8dd5bde3fdb8b62ad360aa","name":"G4A","image":{"@type":"ImageObject","inLanguage":"es","@id":"https:\/\/secure.gravatar.com\/avatar\/932a97121b13d5de5bbd8193c6c83d3b92c9eda0f39623607d4280e7a5778d97?s=96&d=mm&r=g","url":"https:\/\/secure.gravatar.com\/avatar\/932a97121b13d5de5bbd8193c6c83d3b92c9eda0f39623607d4280e7a5778d97?s=96&d=mm&r=g","contentUrl":"https:\/\/secure.gravatar.com\/avatar\/932a97121b13d5de5bbd8193c6c83d3b92c9eda0f39623607d4280e7a5778d97?s=96&d=mm&r=g","caption":"G4A"},"url":"https:\/\/centrourbano.com\/revista\/author\/admin-g4a\/"}]}},"_links":{"self":[{"href":"https:\/\/centrourbano.com\/revista\/wp-json\/wp\/v2\/posts\/31066","targetHints":{"allow":["GET"]}}],"collection":[{"href":"https:\/\/centrourbano.com\/revista\/wp-json\/wp\/v2\/posts"}],"about":[{"href":"https:\/\/centrourbano.com\/revista\/wp-json\/wp\/v2\/types\/post"}],"author":[{"embeddable":true,"href":"https:\/\/centrourbano.com\/revista\/wp-json\/wp\/v2\/users\/77"}],"replies":[{"embeddable":true,"href":"https:\/\/centrourbano.com\/revista\/wp-json\/wp\/v2\/comments?post=31066"}],"version-history":[{"count":0,"href":"https:\/\/centrourbano.com\/revista\/wp-json\/wp\/v2\/posts\/31066\/revisions"}],"wp:featuredmedia":[{"embeddable":true,"href":"https:\/\/centrourbano.com\/revista\/wp-json\/wp\/v2\/media\/31067"}],"wp:attachment":[{"href":"https:\/\/centrourbano.com\/revista\/wp-json\/wp\/v2\/media?parent=31066"}],"wp:term":[{"taxonomy":"category","embeddable":true,"href":"https:\/\/centrourbano.com\/revista\/wp-json\/wp\/v2\/categories?post=31066"},{"taxonomy":"post_tag","embeddable":true,"href":"https:\/\/centrourbano.com\/revista\/wp-json\/wp\/v2\/tags?post=31066"}],"curies":[{"name":"wp","href":"https:\/\/api.w.org\/{rel}","templated":true}]}}