{"id":31054,"date":"2016-02-26T09:50:46","date_gmt":"2016-02-26T15:50:46","guid":{"rendered":"http:\/\/centrourbano.com\/?p=31054"},"modified":"2016-02-26T13:29:25","modified_gmt":"2016-02-26T19:29:25","slug":"para-chiapas-22-mil-cuartos-adicionales","status":"publish","type":"post","link":"https:\/\/centrourbano.com\/revista\/vivienda\/para-chiapas-22-mil-cuartos-adicionales\/","title":{"rendered":"Para Chiapas, 22,000 cuartos adicionales: Sedatu"},"content":{"rendered":"<p><em><a class=\"expresscurate_contentTags\" href=\"http:\/\/centrourbano.com\/tag\/rosario-robles\/\">#Rosario Robles<\/a> destac\u00f3 que el a\u00f1o pasado se construyeron 10 mil viviendas de autoconstrucci\u00f3n asistida<\/em><br \/>\n<!--more--><\/p>\n<p>Para este a\u00f1o, se espera triplicar la meta y se construir\u00e1n 22 mil \u201cCuartos Adicionales\u201d para beneficio de igual n\u00famero de familias chiapanecas, anunci\u00f3 la secretaria de Desarrollo Agrario, Territorial y <a class=\"expresscurate_contentTags\" href=\"http:\/\/centrourbano.com\/tag\/urbano\/\">#Urbano<\/a>, Rosario Robles Berlanga, durante la ceremonia de entrega de subsidios de Autoproducci\u00f3n Rural y Escrituras del programa \u00abHogar a tu Medida\u00bb.<\/p>\n<p>En San Crist\u00f3bal de las Casas, la titular de <a class=\"expresscurate_contentTags\" href=\"http:\/\/centrourbano.com\/tag\/sedatu\/\">#Sedatu<\/a> destac\u00f3 que este a\u00f1o se continuar\u00e1 con la <a class=\"expresscurate_contentTags\" href=\"http:\/\/centrourbano.com\/tag\/construccion-2\/\">#construcci\u00f3n<\/a> de viviendas nuevas en colaboraci\u00f3n con el gobierno de Chiapas y  los municipios del estado \u201cCon el trabajo conjunto, vamos hacer este \u2018cuarto rosa\u2019, para proteger a nuestras ni\u00f1as y jovencitas de situaciones de violencia, adem\u00e1s de que podr\u00e1n tener su propio espacio de intimidad y privacidad\u00bb.<\/p>\n<p>Acompa\u00f1ada por el gobernador Manuel Velasco Coello, la encargada de la pol\u00edtica territorial y urbana del pa\u00eds, entreg\u00f3 tres escrituras a personas con discapacidad, los cuales a partir de hoy gozar\u00e1n de un hogar con instalaciones y dimensiones adecuadas a sus necesidades especiales.<\/p>\n<p>Coment\u00f3 que dentro de las pol\u00edticas de <a class=\"expresscurate_contentTags\" href=\"http:\/\/centrourbano.com\/tag\/vivienda\/\">#vivienda<\/a> se incluy\u00f3 el programa \u00abHogar a tu medida\u00bb, que lleva a cabo el Infonavit, el cual permite adaptar la vivienda para personas con alguna discapacidad para que estas familias puedan ejercer sus derechos en una visi\u00f3n de inclusi\u00f3n social.<\/p>\n<p>Adem\u00e1s, entreg\u00f3 tres constancias de subsidio Sedatu-Conavi, del programa \u00abAutoproducci\u00f3n de Vivienda Rural\u00bb a habitantes de los municipios de San Andr\u00e9s Larra\u00ednzar, Altamirano y Chenalh\u00f3. En el a\u00f1o 2015 se llevaron a cabo 2 ,400 acciones de vivienda en Autoproducci\u00f3n en el estado de Chiapas, siendo beneficiados principalmente habitantes de los municipios Jiquipilas, Chenalh\u00f3, Comit\u00e1n de Dom\u00ednguez, Siltepec y Socoltenango.<\/p>\n<p>Destac\u00f3 que el a\u00f1o pasado se construyeron 10 mil viviendas de autoconstrucci\u00f3n asistida, donde la familia participa en la construcci\u00f3n de su vivienda.<\/p>\n<p><strong>Inauguraci\u00f3n del centro comunitario <\/strong><\/p>\n<p>Robles Berlanga inaugur\u00f3 adem\u00e1s el Centro Comunitario \u00abAmigos de la Ni\u00f1ez\u00bb, en el municipio de San Crist\u00f3bal de las Casas y realiz\u00f3 un recorrido por 16 vialidades reparadas dentro del programa de H\u00e1bitat, donde indic\u00f3 que estas calles antes eran lodazales en tiempo de lluvias y hoy tenemos calles dignas que han cambiado la imagen de este pol\u00edgono de la colonia 31 de Marzo.<\/p>\n<p>Este Centro beneficiar\u00e1 a m\u00e1s de 4,000 personas de San Crist\u00f3bal. \u201cPara tejer una comunidad, con ella se tejen lazos de solidaridad y fraternidad, porque hoy lo que requerimos los mexicanos es construir esos lazos\u201d, dijo.<\/p>\n<p>\u00abY qu\u00e9 mayor protecci\u00f3n que generar seguridad con calles dignas y con centros comunitarios donde tengamos a nuestros ni\u00f1os a nuestros j\u00f3venes participando y realizando actividades comunitarias y productivas, en lugar de estar en la calle con sujetos a riesgos que nadie quiere para sus hijos\u00bb, asegur\u00f3.<\/p>\n","protected":false},"excerpt":{"rendered":"<p>#Rosario Robles destac\u00f3 que el a\u00f1o pasado se construyeron 10 mil viviendas de autoconstrucci\u00f3n asistida<\/p>\n","protected":false},"author":28,"featured_media":31055,"comment_status":"open","ping_status":"closed","sticky":false,"template":"","format":"standard","meta":{"om_disable_all_campaigns":false,"inline_featured_image":false,"_monsterinsights_skip_tracking":false,"_monsterinsights_sitenote_active":false,"_monsterinsights_sitenote_note":"","_monsterinsights_sitenote_category":0,"footnotes":""},"categories":[12],"tags":[22,6262,105,516,5737],"class_list":["post-31054","post","type-post","status-publish","format-standard","has-post-thumbnail","hentry","category-vivienda","tag-construccion-2","tag-rosario-robles","tag-sedatu","tag-urbano","tag-vivienda"],"yoast_head":"<!-- This site is optimized with the Yoast SEO plugin v27.4 - https:\/\/yoast.com\/product\/yoast-seo-wordpress\/ -->\n<title>Para Chiapas, 22,000 cuartos adicionales: Sedatu -<\/title>\n<meta name=\"description\" content=\"#Rosario Robles destac\u00f3 que el a\u00f1o pasado se construyeron 10 mil viviendas de autoconstrucci\u00f3n asistida Para este a\u00f1o, se espera triplicar la meta y se\" \/>\n<meta name=\"robots\" content=\"index, follow, max-snippet:-1, max-image-preview:large, max-video-preview:-1\" \/>\n<link rel=\"canonical\" href=\"https:\/\/centrourbano.com\/revista\/vivienda\/para-chiapas-22-mil-cuartos-adicionales\/\" \/>\n<meta property=\"og:locale\" content=\"es_ES\" \/>\n<meta property=\"og:type\" content=\"article\" \/>\n<meta property=\"og:title\" content=\"Para Chiapas, 22,000 cuartos adicionales: Sedatu -\" \/>\n<meta property=\"og:description\" content=\"#Rosario Robles destac\u00f3 que el a\u00f1o pasado se construyeron 10 mil viviendas de autoconstrucci\u00f3n asistida Para este a\u00f1o, se espera triplicar la meta y se\" \/>\n<meta property=\"og:url\" content=\"https:\/\/centrourbano.com\/revista\/vivienda\/para-chiapas-22-mil-cuartos-adicionales\/\" \/>\n<meta property=\"og:site_name\" content=\"Centro Urbano\" \/>\n<meta property=\"article:publisher\" content=\"https:\/\/www.facebook.com\/portalcentrourbano\" \/>\n<meta property=\"article:published_time\" content=\"2016-02-26T15:50:46+00:00\" \/>\n<meta property=\"article:modified_time\" content=\"2016-02-26T19:29:25+00:00\" \/>\n<meta property=\"og:image\" content=\"https:\/\/centrourbano.com\/revista\/wp-content\/uploads\/image2_home_blog_271115_2-ok-.jpg\" \/>\n\t<meta property=\"og:image:width\" content=\"1720\" \/>\n\t<meta property=\"og:image:height\" content=\"968\" \/>\n\t<meta property=\"og:image:type\" content=\"image\/jpeg\" \/>\n<meta name=\"author\" content=\"Mario V\u00e1zquez Barrios\" \/>\n<meta name=\"twitter:card\" content=\"summary_large_image\" \/>\n<meta name=\"twitter:creator\" content=\"@MarioDeNiro\" \/>\n<meta name=\"twitter:site\" content=\"@CentroUrbano\" \/>\n<meta name=\"twitter:label1\" content=\"Escrito por\" \/>\n\t<meta name=\"twitter:data1\" content=\"Mario V\u00e1zquez Barrios\" \/>\n\t<meta name=\"twitter:label2\" content=\"Tiempo de lectura\" \/>\n\t<meta name=\"twitter:data2\" content=\"2 minutos\" \/>\n<script type=\"application\/ld+json\" class=\"yoast-schema-graph\">{\"@context\":\"https:\\\/\\\/schema.org\",\"@graph\":[{\"@type\":\"Article\",\"@id\":\"https:\\\/\\\/centrourbano.com\\\/revista\\\/vivienda\\\/para-chiapas-22-mil-cuartos-adicionales\\\/#article\",\"isPartOf\":{\"@id\":\"https:\\\/\\\/centrourbano.com\\\/revista\\\/vivienda\\\/para-chiapas-22-mil-cuartos-adicionales\\\/\"},\"author\":{\"name\":\"Mario V\u00e1zquez Barrios\",\"@id\":\"https:\\\/\\\/centrourbano.com\\\/revista\\\/#\\\/schema\\\/person\\\/71e020a5b63ca4230c0f1228a36cde93\"},\"headline\":\"Para Chiapas, 22,000 cuartos adicionales: Sedatu\",\"datePublished\":\"2016-02-26T15:50:46+00:00\",\"dateModified\":\"2016-02-26T19:29:25+00:00\",\"mainEntityOfPage\":{\"@id\":\"https:\\\/\\\/centrourbano.com\\\/revista\\\/vivienda\\\/para-chiapas-22-mil-cuartos-adicionales\\\/\"},\"wordCount\":496,\"commentCount\":0,\"publisher\":{\"@id\":\"https:\\\/\\\/centrourbano.com\\\/revista\\\/#organization\"},\"image\":{\"@id\":\"https:\\\/\\\/centrourbano.com\\\/revista\\\/vivienda\\\/para-chiapas-22-mil-cuartos-adicionales\\\/#primaryimage\"},\"thumbnailUrl\":\"https:\\\/\\\/centrourbano.com\\\/revista\\\/wp-content\\\/uploads\\\/image2_home_blog_271115_2-ok-.jpg\",\"keywords\":[\"construcci\u00f3n\",\"Rosario Robles\",\"Sedatu\",\"urbano\",\"vivienda+\"],\"articleSection\":[\"Vivienda\"],\"inLanguage\":\"es\",\"potentialAction\":[{\"@type\":\"CommentAction\",\"name\":\"Comment\",\"target\":[\"https:\\\/\\\/centrourbano.com\\\/revista\\\/vivienda\\\/para-chiapas-22-mil-cuartos-adicionales\\\/#respond\"]}]},{\"@type\":\"WebPage\",\"@id\":\"https:\\\/\\\/centrourbano.com\\\/revista\\\/vivienda\\\/para-chiapas-22-mil-cuartos-adicionales\\\/\",\"url\":\"https:\\\/\\\/centrourbano.com\\\/revista\\\/vivienda\\\/para-chiapas-22-mil-cuartos-adicionales\\\/\",\"name\":\"Para Chiapas, 22,000 cuartos adicionales: Sedatu -\",\"isPartOf\":{\"@id\":\"https:\\\/\\\/centrourbano.com\\\/revista\\\/#website\"},\"primaryImageOfPage\":{\"@id\":\"https:\\\/\\\/centrourbano.com\\\/revista\\\/vivienda\\\/para-chiapas-22-mil-cuartos-adicionales\\\/#primaryimage\"},\"image\":{\"@id\":\"https:\\\/\\\/centrourbano.com\\\/revista\\\/vivienda\\\/para-chiapas-22-mil-cuartos-adicionales\\\/#primaryimage\"},\"thumbnailUrl\":\"https:\\\/\\\/centrourbano.com\\\/revista\\\/wp-content\\\/uploads\\\/image2_home_blog_271115_2-ok-.jpg\",\"datePublished\":\"2016-02-26T15:50:46+00:00\",\"dateModified\":\"2016-02-26T19:29:25+00:00\",\"description\":\"#Rosario Robles destac\u00f3 que el a\u00f1o pasado se construyeron 10 mil viviendas de autoconstrucci\u00f3n asistida Para este a\u00f1o, se espera triplicar la meta y se\",\"breadcrumb\":{\"@id\":\"https:\\\/\\\/centrourbano.com\\\/revista\\\/vivienda\\\/para-chiapas-22-mil-cuartos-adicionales\\\/#breadcrumb\"},\"inLanguage\":\"es\",\"potentialAction\":[{\"@type\":\"ReadAction\",\"target\":[\"https:\\\/\\\/centrourbano.com\\\/revista\\\/vivienda\\\/para-chiapas-22-mil-cuartos-adicionales\\\/\"]}]},{\"@type\":\"ImageObject\",\"inLanguage\":\"es\",\"@id\":\"https:\\\/\\\/centrourbano.com\\\/revista\\\/vivienda\\\/para-chiapas-22-mil-cuartos-adicionales\\\/#primaryimage\",\"url\":\"https:\\\/\\\/centrourbano.com\\\/revista\\\/wp-content\\\/uploads\\\/image2_home_blog_271115_2-ok-.jpg\",\"contentUrl\":\"https:\\\/\\\/centrourbano.com\\\/revista\\\/wp-content\\\/uploads\\\/image2_home_blog_271115_2-ok-.jpg\",\"width\":1720,\"height\":968},{\"@type\":\"BreadcrumbList\",\"@id\":\"https:\\\/\\\/centrourbano.com\\\/revista\\\/vivienda\\\/para-chiapas-22-mil-cuartos-adicionales\\\/#breadcrumb\",\"itemListElement\":[{\"@type\":\"ListItem\",\"position\":1,\"name\":\"Portada\",\"item\":\"https:\\\/\\\/centrourbano.com\\\/revista\\\/\"},{\"@type\":\"ListItem\",\"position\":2,\"name\":\"Para Chiapas, 22,000 cuartos adicionales: Sedatu\"}]},{\"@type\":\"WebSite\",\"@id\":\"https:\\\/\\\/centrourbano.com\\\/revista\\\/#website\",\"url\":\"https:\\\/\\\/centrourbano.com\\\/revista\\\/\",\"name\":\"Centro Urbano\",\"description\":\"Medio especializado en los sectores vivienda, inmobiliario, construcci\u00f3n, arquitectura y urbanismo.\",\"publisher\":{\"@id\":\"https:\\\/\\\/centrourbano.com\\\/revista\\\/#organization\"},\"potentialAction\":[{\"@type\":\"SearchAction\",\"target\":{\"@type\":\"EntryPoint\",\"urlTemplate\":\"https:\\\/\\\/centrourbano.com\\\/revista\\\/?s={search_term_string}\"},\"query-input\":{\"@type\":\"PropertyValueSpecification\",\"valueRequired\":true,\"valueName\":\"search_term_string\"}}],\"inLanguage\":\"es\"},{\"@type\":\"Organization\",\"@id\":\"https:\\\/\\\/centrourbano.com\\\/revista\\\/#organization\",\"name\":\"Centro Urbano\",\"url\":\"https:\\\/\\\/centrourbano.com\\\/revista\\\/\",\"logo\":{\"@type\":\"ImageObject\",\"inLanguage\":\"es\",\"@id\":\"https:\\\/\\\/centrourbano.com\\\/revista\\\/#\\\/schema\\\/logo\\\/image\\\/\",\"url\":\"https:\\\/\\\/centrourbano.com\\\/revista\\\/wp-content\\\/uploads\\\/web_CU_logo-1.png\",\"contentUrl\":\"https:\\\/\\\/centrourbano.com\\\/revista\\\/wp-content\\\/uploads\\\/web_CU_logo-1.png\",\"width\":350,\"height\":91,\"caption\":\"Centro Urbano\"},\"image\":{\"@id\":\"https:\\\/\\\/centrourbano.com\\\/revista\\\/#\\\/schema\\\/logo\\\/image\\\/\"},\"sameAs\":[\"https:\\\/\\\/www.facebook.com\\\/portalcentrourbano\",\"https:\\\/\\\/x.com\\\/CentroUrbano\",\"https:\\\/\\\/www.instagram.com\\\/centro_urbano\\\/\",\"https:\\\/\\\/www.linkedin.com\\\/company\\\/centro-urbano\\\/\",\"http:\\\/\\\/www.youtube.com\\\/user\\\/portalcentrourbano\"]},{\"@type\":\"Person\",\"@id\":\"https:\\\/\\\/centrourbano.com\\\/revista\\\/#\\\/schema\\\/person\\\/71e020a5b63ca4230c0f1228a36cde93\",\"name\":\"Mario V\u00e1zquez Barrios\",\"image\":{\"@type\":\"ImageObject\",\"inLanguage\":\"es\",\"@id\":\"https:\\\/\\\/secure.gravatar.com\\\/avatar\\\/347e6d9c0b04f0194ca244ba64b0fe62752d716a3a93d1713bd259eb87aad5b6?s=96&d=mm&r=g\",\"url\":\"https:\\\/\\\/secure.gravatar.com\\\/avatar\\\/347e6d9c0b04f0194ca244ba64b0fe62752d716a3a93d1713bd259eb87aad5b6?s=96&d=mm&r=g\",\"contentUrl\":\"https:\\\/\\\/secure.gravatar.com\\\/avatar\\\/347e6d9c0b04f0194ca244ba64b0fe62752d716a3a93d1713bd259eb87aad5b6?s=96&d=mm&r=g\",\"caption\":\"Mario V\u00e1zquez Barrios\"},\"description\":\"Me inici\u00e9 en El Financiero haciendo reportajes; en MegaNoticias Televisi\u00f3n fui reportero titular; en EMedios, control de calidad; y Radio 13 Noticias me acogi\u00f3 como colaborador. Me gusta encontrar en las banquetas la nota, una entrevista y el inicio de un reportaje.\",\"sameAs\":[\"https:\\\/\\\/x.com\\\/@MarioDeNiro\"],\"url\":\"https:\\\/\\\/centrourbano.com\\\/revista\\\/author\\\/mario-vazquez\\\/\"}]}<\/script>\n<!-- \/ Yoast SEO plugin. -->","yoast_head_json":{"title":"Para Chiapas, 22,000 cuartos adicionales: Sedatu -","description":"#Rosario Robles destac\u00f3 que el a\u00f1o pasado se construyeron 10 mil viviendas de autoconstrucci\u00f3n asistida Para este a\u00f1o, se espera triplicar la meta y se","robots":{"index":"index","follow":"follow","max-snippet":"max-snippet:-1","max-image-preview":"max-image-preview:large","max-video-preview":"max-video-preview:-1"},"canonical":"https:\/\/centrourbano.com\/revista\/vivienda\/para-chiapas-22-mil-cuartos-adicionales\/","og_locale":"es_ES","og_type":"article","og_title":"Para Chiapas, 22,000 cuartos adicionales: Sedatu -","og_description":"#Rosario Robles destac\u00f3 que el a\u00f1o pasado se construyeron 10 mil viviendas de autoconstrucci\u00f3n asistida Para este a\u00f1o, se espera triplicar la meta y se","og_url":"https:\/\/centrourbano.com\/revista\/vivienda\/para-chiapas-22-mil-cuartos-adicionales\/","og_site_name":"Centro Urbano","article_publisher":"https:\/\/www.facebook.com\/portalcentrourbano","article_published_time":"2016-02-26T15:50:46+00:00","article_modified_time":"2016-02-26T19:29:25+00:00","og_image":[{"width":1720,"height":968,"url":"https:\/\/centrourbano.com\/revista\/wp-content\/uploads\/image2_home_blog_271115_2-ok-.jpg","type":"image\/jpeg"}],"author":"Mario V\u00e1zquez Barrios","twitter_card":"summary_large_image","twitter_creator":"@MarioDeNiro","twitter_site":"@CentroUrbano","twitter_misc":{"Escrito por":"Mario V\u00e1zquez Barrios","Tiempo de lectura":"2 minutos"},"schema":{"@context":"https:\/\/schema.org","@graph":[{"@type":"Article","@id":"https:\/\/centrourbano.com\/revista\/vivienda\/para-chiapas-22-mil-cuartos-adicionales\/#article","isPartOf":{"@id":"https:\/\/centrourbano.com\/revista\/vivienda\/para-chiapas-22-mil-cuartos-adicionales\/"},"author":{"name":"Mario V\u00e1zquez Barrios","@id":"https:\/\/centrourbano.com\/revista\/#\/schema\/person\/71e020a5b63ca4230c0f1228a36cde93"},"headline":"Para Chiapas, 22,000 cuartos adicionales: Sedatu","datePublished":"2016-02-26T15:50:46+00:00","dateModified":"2016-02-26T19:29:25+00:00","mainEntityOfPage":{"@id":"https:\/\/centrourbano.com\/revista\/vivienda\/para-chiapas-22-mil-cuartos-adicionales\/"},"wordCount":496,"commentCount":0,"publisher":{"@id":"https:\/\/centrourbano.com\/revista\/#organization"},"image":{"@id":"https:\/\/centrourbano.com\/revista\/vivienda\/para-chiapas-22-mil-cuartos-adicionales\/#primaryimage"},"thumbnailUrl":"https:\/\/centrourbano.com\/revista\/wp-content\/uploads\/image2_home_blog_271115_2-ok-.jpg","keywords":["construcci\u00f3n","Rosario Robles","Sedatu","urbano","vivienda+"],"articleSection":["Vivienda"],"inLanguage":"es","potentialAction":[{"@type":"CommentAction","name":"Comment","target":["https:\/\/centrourbano.com\/revista\/vivienda\/para-chiapas-22-mil-cuartos-adicionales\/#respond"]}]},{"@type":"WebPage","@id":"https:\/\/centrourbano.com\/revista\/vivienda\/para-chiapas-22-mil-cuartos-adicionales\/","url":"https:\/\/centrourbano.com\/revista\/vivienda\/para-chiapas-22-mil-cuartos-adicionales\/","name":"Para Chiapas, 22,000 cuartos adicionales: Sedatu -","isPartOf":{"@id":"https:\/\/centrourbano.com\/revista\/#website"},"primaryImageOfPage":{"@id":"https:\/\/centrourbano.com\/revista\/vivienda\/para-chiapas-22-mil-cuartos-adicionales\/#primaryimage"},"image":{"@id":"https:\/\/centrourbano.com\/revista\/vivienda\/para-chiapas-22-mil-cuartos-adicionales\/#primaryimage"},"thumbnailUrl":"https:\/\/centrourbano.com\/revista\/wp-content\/uploads\/image2_home_blog_271115_2-ok-.jpg","datePublished":"2016-02-26T15:50:46+00:00","dateModified":"2016-02-26T19:29:25+00:00","description":"#Rosario Robles destac\u00f3 que el a\u00f1o pasado se construyeron 10 mil viviendas de autoconstrucci\u00f3n asistida Para este a\u00f1o, se espera triplicar la meta y se","breadcrumb":{"@id":"https:\/\/centrourbano.com\/revista\/vivienda\/para-chiapas-22-mil-cuartos-adicionales\/#breadcrumb"},"inLanguage":"es","potentialAction":[{"@type":"ReadAction","target":["https:\/\/centrourbano.com\/revista\/vivienda\/para-chiapas-22-mil-cuartos-adicionales\/"]}]},{"@type":"ImageObject","inLanguage":"es","@id":"https:\/\/centrourbano.com\/revista\/vivienda\/para-chiapas-22-mil-cuartos-adicionales\/#primaryimage","url":"https:\/\/centrourbano.com\/revista\/wp-content\/uploads\/image2_home_blog_271115_2-ok-.jpg","contentUrl":"https:\/\/centrourbano.com\/revista\/wp-content\/uploads\/image2_home_blog_271115_2-ok-.jpg","width":1720,"height":968},{"@type":"BreadcrumbList","@id":"https:\/\/centrourbano.com\/revista\/vivienda\/para-chiapas-22-mil-cuartos-adicionales\/#breadcrumb","itemListElement":[{"@type":"ListItem","position":1,"name":"Portada","item":"https:\/\/centrourbano.com\/revista\/"},{"@type":"ListItem","position":2,"name":"Para Chiapas, 22,000 cuartos adicionales: Sedatu"}]},{"@type":"WebSite","@id":"https:\/\/centrourbano.com\/revista\/#website","url":"https:\/\/centrourbano.com\/revista\/","name":"Centro Urbano","description":"Medio especializado en los sectores vivienda, inmobiliario, construcci\u00f3n, arquitectura y urbanismo.","publisher":{"@id":"https:\/\/centrourbano.com\/revista\/#organization"},"potentialAction":[{"@type":"SearchAction","target":{"@type":"EntryPoint","urlTemplate":"https:\/\/centrourbano.com\/revista\/?s={search_term_string}"},"query-input":{"@type":"PropertyValueSpecification","valueRequired":true,"valueName":"search_term_string"}}],"inLanguage":"es"},{"@type":"Organization","@id":"https:\/\/centrourbano.com\/revista\/#organization","name":"Centro Urbano","url":"https:\/\/centrourbano.com\/revista\/","logo":{"@type":"ImageObject","inLanguage":"es","@id":"https:\/\/centrourbano.com\/revista\/#\/schema\/logo\/image\/","url":"https:\/\/centrourbano.com\/revista\/wp-content\/uploads\/web_CU_logo-1.png","contentUrl":"https:\/\/centrourbano.com\/revista\/wp-content\/uploads\/web_CU_logo-1.png","width":350,"height":91,"caption":"Centro Urbano"},"image":{"@id":"https:\/\/centrourbano.com\/revista\/#\/schema\/logo\/image\/"},"sameAs":["https:\/\/www.facebook.com\/portalcentrourbano","https:\/\/x.com\/CentroUrbano","https:\/\/www.instagram.com\/centro_urbano\/","https:\/\/www.linkedin.com\/company\/centro-urbano\/","http:\/\/www.youtube.com\/user\/portalcentrourbano"]},{"@type":"Person","@id":"https:\/\/centrourbano.com\/revista\/#\/schema\/person\/71e020a5b63ca4230c0f1228a36cde93","name":"Mario V\u00e1zquez Barrios","image":{"@type":"ImageObject","inLanguage":"es","@id":"https:\/\/secure.gravatar.com\/avatar\/347e6d9c0b04f0194ca244ba64b0fe62752d716a3a93d1713bd259eb87aad5b6?s=96&d=mm&r=g","url":"https:\/\/secure.gravatar.com\/avatar\/347e6d9c0b04f0194ca244ba64b0fe62752d716a3a93d1713bd259eb87aad5b6?s=96&d=mm&r=g","contentUrl":"https:\/\/secure.gravatar.com\/avatar\/347e6d9c0b04f0194ca244ba64b0fe62752d716a3a93d1713bd259eb87aad5b6?s=96&d=mm&r=g","caption":"Mario V\u00e1zquez Barrios"},"description":"Me inici\u00e9 en El Financiero haciendo reportajes; en MegaNoticias Televisi\u00f3n fui reportero titular; en EMedios, control de calidad; y Radio 13 Noticias me acogi\u00f3 como colaborador. Me gusta encontrar en las banquetas la nota, una entrevista y el inicio de un reportaje.","sameAs":["https:\/\/x.com\/@MarioDeNiro"],"url":"https:\/\/centrourbano.com\/revista\/author\/mario-vazquez\/"}]}},"_links":{"self":[{"href":"https:\/\/centrourbano.com\/revista\/wp-json\/wp\/v2\/posts\/31054","targetHints":{"allow":["GET"]}}],"collection":[{"href":"https:\/\/centrourbano.com\/revista\/wp-json\/wp\/v2\/posts"}],"about":[{"href":"https:\/\/centrourbano.com\/revista\/wp-json\/wp\/v2\/types\/post"}],"author":[{"embeddable":true,"href":"https:\/\/centrourbano.com\/revista\/wp-json\/wp\/v2\/users\/28"}],"replies":[{"embeddable":true,"href":"https:\/\/centrourbano.com\/revista\/wp-json\/wp\/v2\/comments?post=31054"}],"version-history":[{"count":0,"href":"https:\/\/centrourbano.com\/revista\/wp-json\/wp\/v2\/posts\/31054\/revisions"}],"wp:featuredmedia":[{"embeddable":true,"href":"https:\/\/centrourbano.com\/revista\/wp-json\/wp\/v2\/media\/31055"}],"wp:attachment":[{"href":"https:\/\/centrourbano.com\/revista\/wp-json\/wp\/v2\/media?parent=31054"}],"wp:term":[{"taxonomy":"category","embeddable":true,"href":"https:\/\/centrourbano.com\/revista\/wp-json\/wp\/v2\/categories?post=31054"},{"taxonomy":"post_tag","embeddable":true,"href":"https:\/\/centrourbano.com\/revista\/wp-json\/wp\/v2\/tags?post=31054"}],"curies":[{"name":"wp","href":"https:\/\/api.w.org\/{rel}","templated":true}]}}