{"id":31038,"date":"2016-02-25T16:16:20","date_gmt":"2016-02-25T22:16:20","guid":{"rendered":"http:\/\/centrourbano.com\/?p=31038"},"modified":"2016-02-25T16:22:39","modified_gmt":"2016-02-25T22:22:39","slug":"ambrosi-etchegaray-gana-concurso-para-pabellon-de-la-fca-2016","status":"publish","type":"post","link":"https:\/\/centrourbano.com\/revista\/arquitectura-2\/ambrosi-etchegaray-gana-concurso-para-pabellon-de-la-fca-2016\/","title":{"rendered":"Ambrosi Etchegaray gana concurso para Pabell\u00f3n de la FCA 2016"},"content":{"rendered":"<p><em>La <a class=\"expresscurate_contentTags\" href=\"http:\/\/centrourbano.com\/tag\/feria-de-las-culturas-amigas\/\">#Feria de las Culturas Amigas<\/a> se llevar\u00e1 a cabo del 21 de mayo al 05 de junio 2016 en la Ciudad de M\u00e9xico<br \/>\n<\/em><br \/>\n<!--more--><\/p>\n<p>El pasado 23 de febrero los despachos de <a class=\"expresscurate_contentTags\" href=\"http:\/\/centrourbano.com\/tag\/arquitectura\/\">#arquitectura<\/a> finalistas de la Convocatoria Abierta para el Proyecto Conceptual de la Intervenci\u00f3n <a class=\"expresscurate_contentTags\" href=\"http:\/\/centrourbano.com\/tag\/arquitectonica\/\">#Arquitect\u00f3nica<\/a> de la Feria de las Culturas Amigas 2016 expusieron sus propuestas ante el jurado de la segunda etapa de este concurso. <\/p>\n<p>Ambrosi Etchegaray, Dellekamp Arquitectos y EL UMBRAL, fueron las tres firmas elegidas entre un total de 77 portafolios recibidos, que cumpl\u00edan con los requisitos establecidos en las bases.<\/p>\n<p>Cabe recordar que el objetivo de esta convocatoria es conocer y seleccionar un proyecto que logre dotar de una visi\u00f3n de sustentabilidad y eficiencia que incida en el mejoramiento de la infraestructura, operaci\u00f3n y calidad de los servicios de la Feria de la Culturas Amigas, garantizando el respeto y la optimizaci\u00f3n del espacio p\u00fablico utilizado para albergar este importante evento, facilitando el acceso a la movilidad y seguridad de los visitantes. <\/p>\n<p>El jurado cont\u00f3 con 30 minutos para revisar las memorias gr\u00e1ficas y descriptivas de las mismas, y al finalizar, se llev\u00f3 a cabo la exposici\u00f3n de los proyectos conceptuales a cargo de los representantes de los despachos de arquitectura finalistas. <\/p>\n<p>Cada exposici\u00f3n tuvo una duraci\u00f3n de 20 minutos e incluy\u00f3 una secci\u00f3n de preguntas y respuestas, la cual se realiz\u00f3 \u00fanicamente ante la presencia de los miembros del jurado. Posterior a esto, se dio lugar a la sesi\u00f3n de deliberaci\u00f3n, durante la cual, en un transcurso de 40 minutos, cada miembro del jurado emiti\u00f3 y argument\u00f3 su voto. <\/p>\n<p>Con base en lo anterior, el d\u00eda de hoy se dieron a conocer los resultados de la segunda etapa, determinado por unanimidad al despacho de arquitectura Ambrosi Etchegaray como ganador de la Convocatoria Abierta para el Proyecto Conceptual de la Intervenci\u00f3n Arquitect\u00f3nica de la Feria de las Culturas Amigas 2016. <\/p>\n<a href=\"http:\/\/centrourbano.com\/revista\/wp-content\/uploads\/Pabell\u00f3n-Feria-de-las-Culturas-Amigas-2016-e1456438323544.jpg\" rel=\"attachment wp-att-31040\"><img loading=\"lazy\" decoding=\"async\" src=\"http:\/\/centrourbano.com\/revista\/wp-content\/uploads\/Pabell\u00f3n-Feria-de-las-Culturas-Amigas-2016-e1456438323544.jpg\" alt=\"Pabell\u00f3n Feria de las Culturas Amigas 2016\" width=\"500\" height=\"260\" class=\"alignnone size-full wp-image-31040\" srcset=\"https:\/\/centrourbano.com\/revista\/wp-content\/uploads\/Pabell\u00f3n-Feria-de-las-Culturas-Amigas-2016-e1456438323544.jpg 500w, https:\/\/centrourbano.com\/revista\/wp-content\/uploads\/Pabell\u00f3n-Feria-de-las-Culturas-Amigas-2016-e1456438323544-300x156.jpg 300w\" sizes=\"auto, (max-width: 500px) 100vw, 500px\" \/><\/a>\n<p>Este concurso lo realiza el Gobierno de la Ciudad de M\u00e9xico, a trav\u00e9s de la Coordinaci\u00f3n General de Asuntos Internacionales, contando con el apoyo t\u00e9cnico de LIGA, Espacio para Arquitectura, DF. se llevar\u00e1 a cabo del 21 de mayo al 05 de junio 2016 en la Ciudad de M\u00e9xico<\/p>\n<p>El Jurado de la Segunda Etapa estuvo conformado por el ingeniero Cuauht\u00e9moc C\u00e1rdenas Sol\u00f3rzano, coordinador General de Asuntos Internacionales; el arquitecto Felipe de Jes\u00fas Guti\u00e9rrez Guti\u00e9rrez, secretario de Desarrollo <a class=\"expresscurate_contentTags\" href=\"http:\/\/centrourbano.com\/tag\/urbano\/\">#Urbano<\/a> y <a class=\"expresscurate_contentTags\" href=\"http:\/\/centrourbano.com\/tag\/vivienda\/\">#Vivienda<\/a>; Alejandro Hern\u00e1ndez, arquitecto y director de contenidos en Arquine; Emmanuel Ram\u00edrez, arquitecto, socio-fundador de MMX, despacho responsable del Pabell\u00f3n para la Feria de las Culturas Amigas 2015; Fernanda Canales, arquitecta; Francisco Pardo, arquitecto y socio-fundador de AT103; as\u00ed como Jos\u00e9 Luis Cort\u00e9s, presidente del Colegio de Arquitectos de la Ciudad de M\u00e9xico. <\/p>\n<p>El ingeniero Cuauht\u00e9moc C\u00e1rdenas Sol\u00f3rzano, tras felicitar a los tres despachos finalistas, emiti\u00f3 su voto en favor de Ambrosi Etchegaray y sugiri\u00f3 que el despacho realice una reuni\u00f3n posterior con el jurado para recibir retroalimentaci\u00f3n. <\/p>\n<p>Por su parte, Felipe de Jes\u00fas Guti\u00e9rrez Guti\u00e9rrez emiti\u00f3 su voto en favor de Ambrosi Etchegaray, considerando que este despacho present\u00f3 la mejor propuesta arquitect\u00f3nica. <\/p>\n<p>Alejandro Hern\u00e1ndez tambi\u00e9n se pronunci\u00f3 a favor de Ambrosi Etchegaray por la contundencia de la intervenci\u00f3n, la cual, dijo, es muy simple y a la vez muy fuerte; as\u00ed como por la manera de entender el espacio del Z\u00f3calo que con un solo elemento produce una plaza dentro de otra plaza. <\/p>\n<p>En tanto, Emmanuel Ram\u00edrez vot\u00f3 en favor de Ambrosi Etchegaray debido a la riqueza de la experiencia de espacio p\u00fablico que el proyecto puede generar relacion\u00e1ndose tanto con el exterior como con el nuevo espacio p\u00fablico interior a trav\u00e9s del corredor principal. <\/p>\n<p>Fernanda Canales emiti\u00f3 su voto en favor de Ambrosi Etchegaray debido al car\u00e1cter ajer\u00e1rquico de su propuesta y al inter\u00e9s en una soluci\u00f3n que rompe con el formato habitual reticular-cuadricular de los stands y ofrece tres opciones de recorrido: un vac\u00edo circular al interior como oasis que resalta los monumentos hist\u00f3ricos del Z\u00f3calo, una calle intermedia con un recorrido en un segundo nivel de altura y un exterior continuo. <\/p>\n<p>Adem\u00e1s, Francisco Pardo vot\u00f3 a favor de Ambrosi Etchegaray, destacando la fuerza formal pensada para la gente. La situaci\u00f3n del foro de conciertos, su escala y relaci\u00f3n con el Pabell\u00f3n debe ser revisada en relaci\u00f3n a la calle de Madero.<\/p>\n<p>Por \u00faltimo, Jos\u00e9 Luis Cort\u00e9s se pronunci\u00f3 a favor de Ambrosi Etchegaray, enfatizando la necesidad de que el proyecto sea terminado a tiempo, realizado dentro el presupuesto destinado a tal efecto y que la factura sea de gran calidad. Recomend\u00f3 definir con precisi\u00f3n el tema de la iluminaci\u00f3n y en caso de lluvia las descargas de agua; as\u00ed como reflexionar acerca del emplazamiento general del Pabell\u00f3n dentro de la plancha del Z\u00f3calo. <\/p>\n","protected":false},"excerpt":{"rendered":"<p>La #Feria de las Culturas Amigas se llevar\u00e1 a cabo del 21 de mayo al 05 de junio 2016 en la Ciudad de M\u00e9xico<\/p>\n","protected":false},"author":9,"featured_media":31039,"comment_status":"open","ping_status":"closed","sticky":false,"template":"","format":"standard","meta":{"om_disable_all_campaigns":false,"inline_featured_image":false,"_monsterinsights_skip_tracking":false,"_monsterinsights_sitenote_active":false,"_monsterinsights_sitenote_note":"","_monsterinsights_sitenote_category":0,"footnotes":""},"categories":[81],"tags":[4435,7783,20,7782,5089,516,5737],"class_list":["post-31038","post","type-post","status-publish","format-standard","has-post-thumbnail","hentry","category-arquitectura-2","tag-ambrosi-etchegaray","tag-arquitectonica","tag-arquitectura","tag-fca-2016","tag-feria-de-las-culturas-amigas","tag-urbano","tag-vivienda"],"yoast_head":"<!-- This site is optimized with the Yoast SEO plugin v27.5 - https:\/\/yoast.com\/product\/yoast-seo-wordpress\/ -->\n<title>Ambrosi Etchegaray gana concurso para Pabell\u00f3n de la FCA 2016 -<\/title>\n<meta name=\"description\" content=\"La #Feria de las Culturas Amigas se llevar\u00e1 a cabo del 21 de mayo al 05 de junio 2016 en la Ciudad de M\u00e9xico El pasado 23 de febrero los despachos de\" \/>\n<meta name=\"robots\" content=\"index, follow, max-snippet:-1, max-image-preview:large, max-video-preview:-1\" \/>\n<link rel=\"canonical\" href=\"https:\/\/centrourbano.com\/revista\/arquitectura-2\/ambrosi-etchegaray-gana-concurso-para-pabellon-de-la-fca-2016\/\" \/>\n<meta property=\"og:locale\" content=\"es_ES\" \/>\n<meta property=\"og:type\" content=\"article\" \/>\n<meta property=\"og:title\" content=\"Ambrosi Etchegaray gana concurso para Pabell\u00f3n de la FCA 2016 -\" \/>\n<meta property=\"og:description\" content=\"La #Feria de las Culturas Amigas se llevar\u00e1 a cabo del 21 de mayo al 05 de junio 2016 en la Ciudad de M\u00e9xico El pasado 23 de febrero los despachos de\" \/>\n<meta property=\"og:url\" content=\"https:\/\/centrourbano.com\/revista\/arquitectura-2\/ambrosi-etchegaray-gana-concurso-para-pabellon-de-la-fca-2016\/\" \/>\n<meta property=\"og:site_name\" content=\"Centro Urbano\" \/>\n<meta property=\"article:publisher\" content=\"https:\/\/www.facebook.com\/portalcentrourbano\" \/>\n<meta property=\"article:published_time\" content=\"2016-02-25T22:16:20+00:00\" \/>\n<meta property=\"article:modified_time\" content=\"2016-02-25T22:22:39+00:00\" \/>\n<meta property=\"og:image\" content=\"https:\/\/centrourbano.com\/revista\/wp-content\/uploads\/Ambrosi-Etchegaray-Pabell\u00f3n-FCA-2016-e1456438349960.jpg\" \/>\n\t<meta property=\"og:image:width\" content=\"800\" \/>\n\t<meta property=\"og:image:height\" content=\"456\" \/>\n\t<meta property=\"og:image:type\" content=\"image\/jpeg\" \/>\n<meta name=\"author\" content=\"Dinorah Nava\" \/>\n<meta name=\"twitter:card\" content=\"summary_large_image\" \/>\n<meta name=\"twitter:creator\" content=\"@https:\/\/twitter.com\/Dinorah_Nava28\" \/>\n<meta name=\"twitter:site\" content=\"@CentroUrbano\" \/>\n<meta name=\"twitter:label1\" content=\"Escrito por\" \/>\n\t<meta name=\"twitter:data1\" content=\"Dinorah Nava\" \/>\n\t<meta name=\"twitter:label2\" content=\"Tiempo de lectura\" \/>\n\t<meta name=\"twitter:data2\" content=\"4 minutos\" \/>\n<script type=\"application\/ld+json\" class=\"yoast-schema-graph\">{\"@context\":\"https:\\\/\\\/schema.org\",\"@graph\":[{\"@type\":\"Article\",\"@id\":\"https:\\\/\\\/centrourbano.com\\\/revista\\\/arquitectura-2\\\/ambrosi-etchegaray-gana-concurso-para-pabellon-de-la-fca-2016\\\/#article\",\"isPartOf\":{\"@id\":\"https:\\\/\\\/centrourbano.com\\\/revista\\\/arquitectura-2\\\/ambrosi-etchegaray-gana-concurso-para-pabellon-de-la-fca-2016\\\/\"},\"author\":{\"name\":\"Dinorah Nava\",\"@id\":\"https:\\\/\\\/centrourbano.com\\\/revista\\\/#\\\/schema\\\/person\\\/b45db815d96831257ba428a3d5a5fbdc\"},\"headline\":\"Ambrosi Etchegaray gana concurso para Pabell\u00f3n de la FCA 2016\",\"datePublished\":\"2016-02-25T22:16:20+00:00\",\"dateModified\":\"2016-02-25T22:22:39+00:00\",\"mainEntityOfPage\":{\"@id\":\"https:\\\/\\\/centrourbano.com\\\/revista\\\/arquitectura-2\\\/ambrosi-etchegaray-gana-concurso-para-pabellon-de-la-fca-2016\\\/\"},\"wordCount\":846,\"commentCount\":0,\"publisher\":{\"@id\":\"https:\\\/\\\/centrourbano.com\\\/revista\\\/#organization\"},\"image\":{\"@id\":\"https:\\\/\\\/centrourbano.com\\\/revista\\\/arquitectura-2\\\/ambrosi-etchegaray-gana-concurso-para-pabellon-de-la-fca-2016\\\/#primaryimage\"},\"thumbnailUrl\":\"https:\\\/\\\/centrourbano.com\\\/revista\\\/wp-content\\\/uploads\\\/Ambrosi-Etchegaray-Pabell\u00f3n-FCA-2016-e1456438349960.jpg\",\"keywords\":[\"Ambrosi- Etchegaray\",\"arquitect\u00f3nica\",\"arquitectura\",\"FCA 2016\",\"Feria de las Culturas Amigas\",\"urbano\",\"vivienda+\"],\"articleSection\":[\"Arquitectura\"],\"inLanguage\":\"es\",\"potentialAction\":[{\"@type\":\"CommentAction\",\"name\":\"Comment\",\"target\":[\"https:\\\/\\\/centrourbano.com\\\/revista\\\/arquitectura-2\\\/ambrosi-etchegaray-gana-concurso-para-pabellon-de-la-fca-2016\\\/#respond\"]}]},{\"@type\":\"WebPage\",\"@id\":\"https:\\\/\\\/centrourbano.com\\\/revista\\\/arquitectura-2\\\/ambrosi-etchegaray-gana-concurso-para-pabellon-de-la-fca-2016\\\/\",\"url\":\"https:\\\/\\\/centrourbano.com\\\/revista\\\/arquitectura-2\\\/ambrosi-etchegaray-gana-concurso-para-pabellon-de-la-fca-2016\\\/\",\"name\":\"Ambrosi Etchegaray gana concurso para Pabell\u00f3n de la FCA 2016 -\",\"isPartOf\":{\"@id\":\"https:\\\/\\\/centrourbano.com\\\/revista\\\/#website\"},\"primaryImageOfPage\":{\"@id\":\"https:\\\/\\\/centrourbano.com\\\/revista\\\/arquitectura-2\\\/ambrosi-etchegaray-gana-concurso-para-pabellon-de-la-fca-2016\\\/#primaryimage\"},\"image\":{\"@id\":\"https:\\\/\\\/centrourbano.com\\\/revista\\\/arquitectura-2\\\/ambrosi-etchegaray-gana-concurso-para-pabellon-de-la-fca-2016\\\/#primaryimage\"},\"thumbnailUrl\":\"https:\\\/\\\/centrourbano.com\\\/revista\\\/wp-content\\\/uploads\\\/Ambrosi-Etchegaray-Pabell\u00f3n-FCA-2016-e1456438349960.jpg\",\"datePublished\":\"2016-02-25T22:16:20+00:00\",\"dateModified\":\"2016-02-25T22:22:39+00:00\",\"description\":\"La #Feria de las Culturas Amigas se llevar\u00e1 a cabo del 21 de mayo al 05 de junio 2016 en la Ciudad de M\u00e9xico El pasado 23 de febrero los despachos de\",\"breadcrumb\":{\"@id\":\"https:\\\/\\\/centrourbano.com\\\/revista\\\/arquitectura-2\\\/ambrosi-etchegaray-gana-concurso-para-pabellon-de-la-fca-2016\\\/#breadcrumb\"},\"inLanguage\":\"es\",\"potentialAction\":[{\"@type\":\"ReadAction\",\"target\":[\"https:\\\/\\\/centrourbano.com\\\/revista\\\/arquitectura-2\\\/ambrosi-etchegaray-gana-concurso-para-pabellon-de-la-fca-2016\\\/\"]}]},{\"@type\":\"ImageObject\",\"inLanguage\":\"es\",\"@id\":\"https:\\\/\\\/centrourbano.com\\\/revista\\\/arquitectura-2\\\/ambrosi-etchegaray-gana-concurso-para-pabellon-de-la-fca-2016\\\/#primaryimage\",\"url\":\"https:\\\/\\\/centrourbano.com\\\/revista\\\/wp-content\\\/uploads\\\/Ambrosi-Etchegaray-Pabell\u00f3n-FCA-2016-e1456438349960.jpg\",\"contentUrl\":\"https:\\\/\\\/centrourbano.com\\\/revista\\\/wp-content\\\/uploads\\\/Ambrosi-Etchegaray-Pabell\u00f3n-FCA-2016-e1456438349960.jpg\",\"width\":800,\"height\":456,\"caption\":\"El Centro Hist\u00f3rico de la Ciudad de M\u00e9xico est\u00e1 listo para realizar m\u00e1s de 200 actividades art\u00edsticas y culturales con el objetivo de promover el intercambio multicultural\"},{\"@type\":\"BreadcrumbList\",\"@id\":\"https:\\\/\\\/centrourbano.com\\\/revista\\\/arquitectura-2\\\/ambrosi-etchegaray-gana-concurso-para-pabellon-de-la-fca-2016\\\/#breadcrumb\",\"itemListElement\":[{\"@type\":\"ListItem\",\"position\":1,\"name\":\"Portada\",\"item\":\"https:\\\/\\\/centrourbano.com\\\/revista\\\/\"},{\"@type\":\"ListItem\",\"position\":2,\"name\":\"Ambrosi Etchegaray gana concurso para Pabell\u00f3n de la FCA 2016\"}]},{\"@type\":\"WebSite\",\"@id\":\"https:\\\/\\\/centrourbano.com\\\/revista\\\/#website\",\"url\":\"https:\\\/\\\/centrourbano.com\\\/revista\\\/\",\"name\":\"Centro Urbano\",\"description\":\"Medio especializado en los sectores vivienda, inmobiliario, construcci\u00f3n, arquitectura y urbanismo.\",\"publisher\":{\"@id\":\"https:\\\/\\\/centrourbano.com\\\/revista\\\/#organization\"},\"potentialAction\":[{\"@type\":\"SearchAction\",\"target\":{\"@type\":\"EntryPoint\",\"urlTemplate\":\"https:\\\/\\\/centrourbano.com\\\/revista\\\/?s={search_term_string}\"},\"query-input\":{\"@type\":\"PropertyValueSpecification\",\"valueRequired\":true,\"valueName\":\"search_term_string\"}}],\"inLanguage\":\"es\"},{\"@type\":\"Organization\",\"@id\":\"https:\\\/\\\/centrourbano.com\\\/revista\\\/#organization\",\"name\":\"Centro Urbano\",\"url\":\"https:\\\/\\\/centrourbano.com\\\/revista\\\/\",\"logo\":{\"@type\":\"ImageObject\",\"inLanguage\":\"es\",\"@id\":\"https:\\\/\\\/centrourbano.com\\\/revista\\\/#\\\/schema\\\/logo\\\/image\\\/\",\"url\":\"https:\\\/\\\/centrourbano.com\\\/revista\\\/wp-content\\\/uploads\\\/web_CU_logo-1.png\",\"contentUrl\":\"https:\\\/\\\/centrourbano.com\\\/revista\\\/wp-content\\\/uploads\\\/web_CU_logo-1.png\",\"width\":350,\"height\":91,\"caption\":\"Centro Urbano\"},\"image\":{\"@id\":\"https:\\\/\\\/centrourbano.com\\\/revista\\\/#\\\/schema\\\/logo\\\/image\\\/\"},\"sameAs\":[\"https:\\\/\\\/www.facebook.com\\\/portalcentrourbano\",\"https:\\\/\\\/x.com\\\/CentroUrbano\",\"https:\\\/\\\/www.instagram.com\\\/centro_urbano\\\/\",\"https:\\\/\\\/www.linkedin.com\\\/company\\\/centro-urbano\\\/\",\"http:\\\/\\\/www.youtube.com\\\/user\\\/portalcentrourbano\"]},{\"@type\":\"Person\",\"@id\":\"https:\\\/\\\/centrourbano.com\\\/revista\\\/#\\\/schema\\\/person\\\/b45db815d96831257ba428a3d5a5fbdc\",\"name\":\"Dinorah Nava\",\"image\":{\"@type\":\"ImageObject\",\"inLanguage\":\"es\",\"@id\":\"https:\\\/\\\/secure.gravatar.com\\\/avatar\\\/f6ca6430c51d147f363940f84e1225aa4b8183885c11802cc3b042305a4ecc1a?s=96&d=mm&r=g\",\"url\":\"https:\\\/\\\/secure.gravatar.com\\\/avatar\\\/f6ca6430c51d147f363940f84e1225aa4b8183885c11802cc3b042305a4ecc1a?s=96&d=mm&r=g\",\"contentUrl\":\"https:\\\/\\\/secure.gravatar.com\\\/avatar\\\/f6ca6430c51d147f363940f84e1225aa4b8183885c11802cc3b042305a4ecc1a?s=96&d=mm&r=g\",\"caption\":\"Dinorah Nava\"},\"description\":\"Editora de Contenidos y Estrategias Digitales en Centro Urbano y Coeditora en Peri\u00f3dico Mi Casa. Egresada de la licenciatura en Comunicaci\u00f3n y Periodismo de la Facultad de Estudios Superiores Arag\u00f3n (UNAM). Amante de la edici\u00f3n y correcci\u00f3n de estilo, las redes sociales y el mundo digital. Especialista en temas son arquitectura, inmobiliario y urbanismo.\",\"sameAs\":[\"linkedin.com\\\/in\\\/dinorah-nava\",\"https:\\\/\\\/x.com\\\/https:\\\/\\\/twitter.com\\\/Dinorah_Nava28\"],\"url\":\"https:\\\/\\\/centrourbano.com\\\/revista\\\/author\\\/dinorah-nava\\\/\"}]}<\/script>\n<!-- \/ Yoast SEO plugin. -->","yoast_head_json":{"title":"Ambrosi Etchegaray gana concurso para Pabell\u00f3n de la FCA 2016 -","description":"La #Feria de las Culturas Amigas se llevar\u00e1 a cabo del 21 de mayo al 05 de junio 2016 en la Ciudad de M\u00e9xico El pasado 23 de febrero los despachos de","robots":{"index":"index","follow":"follow","max-snippet":"max-snippet:-1","max-image-preview":"max-image-preview:large","max-video-preview":"max-video-preview:-1"},"canonical":"https:\/\/centrourbano.com\/revista\/arquitectura-2\/ambrosi-etchegaray-gana-concurso-para-pabellon-de-la-fca-2016\/","og_locale":"es_ES","og_type":"article","og_title":"Ambrosi Etchegaray gana concurso para Pabell\u00f3n de la FCA 2016 -","og_description":"La #Feria de las Culturas Amigas se llevar\u00e1 a cabo del 21 de mayo al 05 de junio 2016 en la Ciudad de M\u00e9xico El pasado 23 de febrero los despachos de","og_url":"https:\/\/centrourbano.com\/revista\/arquitectura-2\/ambrosi-etchegaray-gana-concurso-para-pabellon-de-la-fca-2016\/","og_site_name":"Centro Urbano","article_publisher":"https:\/\/www.facebook.com\/portalcentrourbano","article_published_time":"2016-02-25T22:16:20+00:00","article_modified_time":"2016-02-25T22:22:39+00:00","og_image":[{"width":800,"height":456,"url":"https:\/\/centrourbano.com\/revista\/wp-content\/uploads\/Ambrosi-Etchegaray-Pabell\u00f3n-FCA-2016-e1456438349960.jpg","type":"image\/jpeg"}],"author":"Dinorah Nava","twitter_card":"summary_large_image","twitter_creator":"@https:\/\/twitter.com\/Dinorah_Nava28","twitter_site":"@CentroUrbano","twitter_misc":{"Escrito por":"Dinorah Nava","Tiempo de lectura":"4 minutos"},"schema":{"@context":"https:\/\/schema.org","@graph":[{"@type":"Article","@id":"https:\/\/centrourbano.com\/revista\/arquitectura-2\/ambrosi-etchegaray-gana-concurso-para-pabellon-de-la-fca-2016\/#article","isPartOf":{"@id":"https:\/\/centrourbano.com\/revista\/arquitectura-2\/ambrosi-etchegaray-gana-concurso-para-pabellon-de-la-fca-2016\/"},"author":{"name":"Dinorah Nava","@id":"https:\/\/centrourbano.com\/revista\/#\/schema\/person\/b45db815d96831257ba428a3d5a5fbdc"},"headline":"Ambrosi Etchegaray gana concurso para Pabell\u00f3n de la FCA 2016","datePublished":"2016-02-25T22:16:20+00:00","dateModified":"2016-02-25T22:22:39+00:00","mainEntityOfPage":{"@id":"https:\/\/centrourbano.com\/revista\/arquitectura-2\/ambrosi-etchegaray-gana-concurso-para-pabellon-de-la-fca-2016\/"},"wordCount":846,"commentCount":0,"publisher":{"@id":"https:\/\/centrourbano.com\/revista\/#organization"},"image":{"@id":"https:\/\/centrourbano.com\/revista\/arquitectura-2\/ambrosi-etchegaray-gana-concurso-para-pabellon-de-la-fca-2016\/#primaryimage"},"thumbnailUrl":"https:\/\/centrourbano.com\/revista\/wp-content\/uploads\/Ambrosi-Etchegaray-Pabell\u00f3n-FCA-2016-e1456438349960.jpg","keywords":["Ambrosi- Etchegaray","arquitect\u00f3nica","arquitectura","FCA 2016","Feria de las Culturas Amigas","urbano","vivienda+"],"articleSection":["Arquitectura"],"inLanguage":"es","potentialAction":[{"@type":"CommentAction","name":"Comment","target":["https:\/\/centrourbano.com\/revista\/arquitectura-2\/ambrosi-etchegaray-gana-concurso-para-pabellon-de-la-fca-2016\/#respond"]}]},{"@type":"WebPage","@id":"https:\/\/centrourbano.com\/revista\/arquitectura-2\/ambrosi-etchegaray-gana-concurso-para-pabellon-de-la-fca-2016\/","url":"https:\/\/centrourbano.com\/revista\/arquitectura-2\/ambrosi-etchegaray-gana-concurso-para-pabellon-de-la-fca-2016\/","name":"Ambrosi Etchegaray gana concurso para Pabell\u00f3n de la FCA 2016 -","isPartOf":{"@id":"https:\/\/centrourbano.com\/revista\/#website"},"primaryImageOfPage":{"@id":"https:\/\/centrourbano.com\/revista\/arquitectura-2\/ambrosi-etchegaray-gana-concurso-para-pabellon-de-la-fca-2016\/#primaryimage"},"image":{"@id":"https:\/\/centrourbano.com\/revista\/arquitectura-2\/ambrosi-etchegaray-gana-concurso-para-pabellon-de-la-fca-2016\/#primaryimage"},"thumbnailUrl":"https:\/\/centrourbano.com\/revista\/wp-content\/uploads\/Ambrosi-Etchegaray-Pabell\u00f3n-FCA-2016-e1456438349960.jpg","datePublished":"2016-02-25T22:16:20+00:00","dateModified":"2016-02-25T22:22:39+00:00","description":"La #Feria de las Culturas Amigas se llevar\u00e1 a cabo del 21 de mayo al 05 de junio 2016 en la Ciudad de M\u00e9xico El pasado 23 de febrero los despachos de","breadcrumb":{"@id":"https:\/\/centrourbano.com\/revista\/arquitectura-2\/ambrosi-etchegaray-gana-concurso-para-pabellon-de-la-fca-2016\/#breadcrumb"},"inLanguage":"es","potentialAction":[{"@type":"ReadAction","target":["https:\/\/centrourbano.com\/revista\/arquitectura-2\/ambrosi-etchegaray-gana-concurso-para-pabellon-de-la-fca-2016\/"]}]},{"@type":"ImageObject","inLanguage":"es","@id":"https:\/\/centrourbano.com\/revista\/arquitectura-2\/ambrosi-etchegaray-gana-concurso-para-pabellon-de-la-fca-2016\/#primaryimage","url":"https:\/\/centrourbano.com\/revista\/wp-content\/uploads\/Ambrosi-Etchegaray-Pabell\u00f3n-FCA-2016-e1456438349960.jpg","contentUrl":"https:\/\/centrourbano.com\/revista\/wp-content\/uploads\/Ambrosi-Etchegaray-Pabell\u00f3n-FCA-2016-e1456438349960.jpg","width":800,"height":456,"caption":"El Centro Hist\u00f3rico de la Ciudad de M\u00e9xico est\u00e1 listo para realizar m\u00e1s de 200 actividades art\u00edsticas y culturales con el objetivo de promover el intercambio multicultural"},{"@type":"BreadcrumbList","@id":"https:\/\/centrourbano.com\/revista\/arquitectura-2\/ambrosi-etchegaray-gana-concurso-para-pabellon-de-la-fca-2016\/#breadcrumb","itemListElement":[{"@type":"ListItem","position":1,"name":"Portada","item":"https:\/\/centrourbano.com\/revista\/"},{"@type":"ListItem","position":2,"name":"Ambrosi Etchegaray gana concurso para Pabell\u00f3n de la FCA 2016"}]},{"@type":"WebSite","@id":"https:\/\/centrourbano.com\/revista\/#website","url":"https:\/\/centrourbano.com\/revista\/","name":"Centro Urbano","description":"Medio especializado en los sectores vivienda, inmobiliario, construcci\u00f3n, arquitectura y urbanismo.","publisher":{"@id":"https:\/\/centrourbano.com\/revista\/#organization"},"potentialAction":[{"@type":"SearchAction","target":{"@type":"EntryPoint","urlTemplate":"https:\/\/centrourbano.com\/revista\/?s={search_term_string}"},"query-input":{"@type":"PropertyValueSpecification","valueRequired":true,"valueName":"search_term_string"}}],"inLanguage":"es"},{"@type":"Organization","@id":"https:\/\/centrourbano.com\/revista\/#organization","name":"Centro Urbano","url":"https:\/\/centrourbano.com\/revista\/","logo":{"@type":"ImageObject","inLanguage":"es","@id":"https:\/\/centrourbano.com\/revista\/#\/schema\/logo\/image\/","url":"https:\/\/centrourbano.com\/revista\/wp-content\/uploads\/web_CU_logo-1.png","contentUrl":"https:\/\/centrourbano.com\/revista\/wp-content\/uploads\/web_CU_logo-1.png","width":350,"height":91,"caption":"Centro Urbano"},"image":{"@id":"https:\/\/centrourbano.com\/revista\/#\/schema\/logo\/image\/"},"sameAs":["https:\/\/www.facebook.com\/portalcentrourbano","https:\/\/x.com\/CentroUrbano","https:\/\/www.instagram.com\/centro_urbano\/","https:\/\/www.linkedin.com\/company\/centro-urbano\/","http:\/\/www.youtube.com\/user\/portalcentrourbano"]},{"@type":"Person","@id":"https:\/\/centrourbano.com\/revista\/#\/schema\/person\/b45db815d96831257ba428a3d5a5fbdc","name":"Dinorah Nava","image":{"@type":"ImageObject","inLanguage":"es","@id":"https:\/\/secure.gravatar.com\/avatar\/f6ca6430c51d147f363940f84e1225aa4b8183885c11802cc3b042305a4ecc1a?s=96&d=mm&r=g","url":"https:\/\/secure.gravatar.com\/avatar\/f6ca6430c51d147f363940f84e1225aa4b8183885c11802cc3b042305a4ecc1a?s=96&d=mm&r=g","contentUrl":"https:\/\/secure.gravatar.com\/avatar\/f6ca6430c51d147f363940f84e1225aa4b8183885c11802cc3b042305a4ecc1a?s=96&d=mm&r=g","caption":"Dinorah Nava"},"description":"Editora de Contenidos y Estrategias Digitales en Centro Urbano y Coeditora en Peri\u00f3dico Mi Casa. Egresada de la licenciatura en Comunicaci\u00f3n y Periodismo de la Facultad de Estudios Superiores Arag\u00f3n (UNAM). Amante de la edici\u00f3n y correcci\u00f3n de estilo, las redes sociales y el mundo digital. Especialista en temas son arquitectura, inmobiliario y urbanismo.","sameAs":["linkedin.com\/in\/dinorah-nava","https:\/\/x.com\/https:\/\/twitter.com\/Dinorah_Nava28"],"url":"https:\/\/centrourbano.com\/revista\/author\/dinorah-nava\/"}]}},"_links":{"self":[{"href":"https:\/\/centrourbano.com\/revista\/wp-json\/wp\/v2\/posts\/31038","targetHints":{"allow":["GET"]}}],"collection":[{"href":"https:\/\/centrourbano.com\/revista\/wp-json\/wp\/v2\/posts"}],"about":[{"href":"https:\/\/centrourbano.com\/revista\/wp-json\/wp\/v2\/types\/post"}],"author":[{"embeddable":true,"href":"https:\/\/centrourbano.com\/revista\/wp-json\/wp\/v2\/users\/9"}],"replies":[{"embeddable":true,"href":"https:\/\/centrourbano.com\/revista\/wp-json\/wp\/v2\/comments?post=31038"}],"version-history":[{"count":0,"href":"https:\/\/centrourbano.com\/revista\/wp-json\/wp\/v2\/posts\/31038\/revisions"}],"wp:featuredmedia":[{"embeddable":true,"href":"https:\/\/centrourbano.com\/revista\/wp-json\/wp\/v2\/media\/31039"}],"wp:attachment":[{"href":"https:\/\/centrourbano.com\/revista\/wp-json\/wp\/v2\/media?parent=31038"}],"wp:term":[{"taxonomy":"category","embeddable":true,"href":"https:\/\/centrourbano.com\/revista\/wp-json\/wp\/v2\/categories?post=31038"},{"taxonomy":"post_tag","embeddable":true,"href":"https:\/\/centrourbano.com\/revista\/wp-json\/wp\/v2\/tags?post=31038"}],"curies":[{"name":"wp","href":"https:\/\/api.w.org\/{rel}","templated":true}]}}