{"id":30845,"date":"2016-02-24T16:30:56","date_gmt":"2016-02-24T22:30:56","guid":{"rendered":"http:\/\/centrourbano.com\/?p=30845"},"modified":"2016-02-24T16:32:52","modified_gmt":"2016-02-24T22:32:52","slug":"construiran-planta-lechera-en-ciudad-obregon","status":"publish","type":"post","link":"https:\/\/centrourbano.com\/revista\/construccion\/construiran-planta-lechera-en-ciudad-obregon\/","title":{"rendered":"Construir\u00e1n planta lechera en Ciudad Obreg\u00f3n"},"content":{"rendered":"<p><em>Tendr\u00e1 capacidad de producir 200 mil litros diarios, se invertir\u00e1n 350 mdp <\/em><br \/>\n<!--more--><\/p>\n<p>La empresa de productos l\u00e1cteos Grupo <a class=\"expresscurate_contentTags\" href=\"http:\/\/centrourbano.com\/tag\/lala\/\">#LALA<\/a> anunci\u00f3 que iniciar\u00e1 la <a class=\"expresscurate_contentTags\" href=\"http:\/\/centrourbano.com\/tag\/construccion-2\/\">#construcci\u00f3n<\/a> de una planta de leche pasteurizada en <a class=\"expresscurate_contentTags\" href=\"http:\/\/centrourbano.com\/tag\/ciudad-obregon\/\">#Ciudad Obreg\u00f3n<\/a>, <a class=\"expresscurate_contentTags\" href=\"http:\/\/centrourbano.com\/tag\/sonora\/\">#Sonora<\/a>. El monto inicial ser\u00e1 por 350,000,000 de pesos, con capacidad para procesar 200,000 litros diarios. <\/p>\n<p>Esta ser\u00eda la primera planta de la empresa en la entidad y fomentar\u00e1 a impulsar la ganader\u00eda del estado, asegur\u00f3 la empresa. Adem\u00e1s, la empresa \u201ccontar\u00e1 con la tecnolog\u00eda m\u00e1s avanzada en el proceso de pasteurizaci\u00f3n y empaque de leche, lo que fortalecer\u00e1 la cadena productiva del estado, generar\u00e1 oportunidades de crecimiento para el talento de la regi\u00f3n y atender\u00e1 las necesidades de los consumidores en Sonora\u201d, explic\u00f3 la empresa en un comunicado. <\/p>\n<p>LALA agreg\u00f3 que Sonora es uno de las regiones m\u00e1s importantes en el sector agroalimentario que genera alrededor de 108 millones de litros al a\u00f1o con un hato lechero de 18,711 cabezas.<\/p>\n<p>Luis Rey Delgado, subdirector de Comunicaci\u00f3n y Relaciones P\u00fablicas de Grupo LALA, agradeci\u00f3 a las autoridades estatales por apoyarlos en la construcci\u00f3n del proyecto. <\/p>\n<p>\u201cCon esta nueva planta de leche pasteurizada ratificamos nuestro compromiso de crecer de la mano con el estado de Sonora y continuar impulsando el desarrollo agroalimentario y econ\u00f3mico de nuestro pa\u00eds. Grupo LALA reitera que seguir\u00e1 contribuyendo a la alimentaci\u00f3n saludable de los mexicanos a trav\u00e9s de la m\u00e1s amplia variedad de leches y derivados l\u00e1cteos como queso, crema, yogurt, mantequilla, fermentados l\u00e1cteos, leche ultrapasteurizada\u201d.<\/p>\n","protected":false},"excerpt":{"rendered":"<p>Tendr\u00e1 capacidad de producir 200 mil litros diarios, se invertir\u00e1n 350 mdp<\/p>\n","protected":false},"author":37,"featured_media":30941,"comment_status":"open","ping_status":"closed","sticky":false,"template":"","format":"standard","meta":{"om_disable_all_campaigns":false,"inline_featured_image":false,"_monsterinsights_skip_tracking":false,"_monsterinsights_sitenote_active":false,"_monsterinsights_sitenote_note":"","_monsterinsights_sitenote_category":0,"footnotes":""},"categories":[14],"tags":[7775,22,7774,1010],"class_list":["post-30845","post","type-post","status-publish","format-standard","has-post-thumbnail","hentry","category-construccion","tag-ciudad-obregon","tag-construccion-2","tag-lala","tag-sonora"],"yoast_head":"<!-- This site is optimized with the Yoast SEO plugin v27.4 - https:\/\/yoast.com\/product\/yoast-seo-wordpress\/ -->\n<title>Construir\u00e1n planta lechera en Ciudad Obreg\u00f3n -<\/title>\n<meta name=\"description\" content=\"Tendr\u00e1 capacidad de producir 200 mil litros diarios, se invertir\u00e1n 350 mdp La empresa de productos l\u00e1cteos Grupo #LALA anunci\u00f3 que iniciar\u00e1 la\" \/>\n<meta name=\"robots\" content=\"index, follow, max-snippet:-1, max-image-preview:large, max-video-preview:-1\" \/>\n<link rel=\"canonical\" href=\"https:\/\/centrourbano.com\/revista\/construccion\/construiran-planta-lechera-en-ciudad-obregon\/\" \/>\n<meta property=\"og:locale\" content=\"es_ES\" \/>\n<meta property=\"og:type\" content=\"article\" \/>\n<meta property=\"og:title\" content=\"Construir\u00e1n planta lechera en Ciudad Obreg\u00f3n -\" \/>\n<meta property=\"og:description\" content=\"Tendr\u00e1 capacidad de producir 200 mil litros diarios, se invertir\u00e1n 350 mdp La empresa de productos l\u00e1cteos Grupo #LALA anunci\u00f3 que iniciar\u00e1 la\" \/>\n<meta property=\"og:url\" content=\"https:\/\/centrourbano.com\/revista\/construccion\/construiran-planta-lechera-en-ciudad-obregon\/\" \/>\n<meta property=\"og:site_name\" content=\"Centro Urbano\" \/>\n<meta property=\"article:publisher\" content=\"https:\/\/www.facebook.com\/portalcentrourbano\" \/>\n<meta property=\"article:published_time\" content=\"2016-02-24T22:30:56+00:00\" \/>\n<meta property=\"article:modified_time\" content=\"2016-02-24T22:32:52+00:00\" \/>\n<meta property=\"og:image\" content=\"https:\/\/centrourbano.com\/revista\/wp-content\/uploads\/grupo-lala.jpg\" \/>\n\t<meta property=\"og:image:width\" content=\"1024\" \/>\n\t<meta property=\"og:image:height\" content=\"768\" \/>\n\t<meta property=\"og:image:type\" content=\"image\/jpeg\" \/>\n<meta name=\"author\" content=\"Diego Rodr\u00edguez\" \/>\n<meta name=\"twitter:card\" content=\"summary_large_image\" \/>\n<meta name=\"twitter:creator\" content=\"@CentroUrbano\" \/>\n<meta name=\"twitter:site\" content=\"@CentroUrbano\" \/>\n<meta name=\"twitter:label1\" content=\"Escrito por\" \/>\n\t<meta name=\"twitter:data1\" content=\"Diego Rodr\u00edguez\" \/>\n\t<meta name=\"twitter:label2\" content=\"Tiempo de lectura\" \/>\n\t<meta name=\"twitter:data2\" content=\"1 minuto\" \/>\n<script type=\"application\/ld+json\" class=\"yoast-schema-graph\">{\"@context\":\"https:\\\/\\\/schema.org\",\"@graph\":[{\"@type\":\"Article\",\"@id\":\"https:\\\/\\\/centrourbano.com\\\/revista\\\/construccion\\\/construiran-planta-lechera-en-ciudad-obregon\\\/#article\",\"isPartOf\":{\"@id\":\"https:\\\/\\\/centrourbano.com\\\/revista\\\/construccion\\\/construiran-planta-lechera-en-ciudad-obregon\\\/\"},\"author\":{\"name\":\"Diego Rodr\u00edguez\",\"@id\":\"https:\\\/\\\/centrourbano.com\\\/revista\\\/#\\\/schema\\\/person\\\/b50192a3cd0e680841b45dc537f53970\"},\"headline\":\"Construir\u00e1n planta lechera en Ciudad Obreg\u00f3n\",\"datePublished\":\"2016-02-24T22:30:56+00:00\",\"dateModified\":\"2016-02-24T22:32:52+00:00\",\"mainEntityOfPage\":{\"@id\":\"https:\\\/\\\/centrourbano.com\\\/revista\\\/construccion\\\/construiran-planta-lechera-en-ciudad-obregon\\\/\"},\"wordCount\":268,\"commentCount\":0,\"publisher\":{\"@id\":\"https:\\\/\\\/centrourbano.com\\\/revista\\\/#organization\"},\"image\":{\"@id\":\"https:\\\/\\\/centrourbano.com\\\/revista\\\/construccion\\\/construiran-planta-lechera-en-ciudad-obregon\\\/#primaryimage\"},\"thumbnailUrl\":\"https:\\\/\\\/centrourbano.com\\\/revista\\\/wp-content\\\/uploads\\\/grupo-lala.jpg\",\"keywords\":[\"Ciudad Obreg\u00f3n\",\"construcci\u00f3n\",\"LALA\",\"Sonora\"],\"articleSection\":[\"Construcci\u00f3n\"],\"inLanguage\":\"es\",\"potentialAction\":[{\"@type\":\"CommentAction\",\"name\":\"Comment\",\"target\":[\"https:\\\/\\\/centrourbano.com\\\/revista\\\/construccion\\\/construiran-planta-lechera-en-ciudad-obregon\\\/#respond\"]}]},{\"@type\":\"WebPage\",\"@id\":\"https:\\\/\\\/centrourbano.com\\\/revista\\\/construccion\\\/construiran-planta-lechera-en-ciudad-obregon\\\/\",\"url\":\"https:\\\/\\\/centrourbano.com\\\/revista\\\/construccion\\\/construiran-planta-lechera-en-ciudad-obregon\\\/\",\"name\":\"Construir\u00e1n planta lechera en Ciudad Obreg\u00f3n -\",\"isPartOf\":{\"@id\":\"https:\\\/\\\/centrourbano.com\\\/revista\\\/#website\"},\"primaryImageOfPage\":{\"@id\":\"https:\\\/\\\/centrourbano.com\\\/revista\\\/construccion\\\/construiran-planta-lechera-en-ciudad-obregon\\\/#primaryimage\"},\"image\":{\"@id\":\"https:\\\/\\\/centrourbano.com\\\/revista\\\/construccion\\\/construiran-planta-lechera-en-ciudad-obregon\\\/#primaryimage\"},\"thumbnailUrl\":\"https:\\\/\\\/centrourbano.com\\\/revista\\\/wp-content\\\/uploads\\\/grupo-lala.jpg\",\"datePublished\":\"2016-02-24T22:30:56+00:00\",\"dateModified\":\"2016-02-24T22:32:52+00:00\",\"description\":\"Tendr\u00e1 capacidad de producir 200 mil litros diarios, se invertir\u00e1n 350 mdp La empresa de productos l\u00e1cteos Grupo #LALA anunci\u00f3 que iniciar\u00e1 la\",\"breadcrumb\":{\"@id\":\"https:\\\/\\\/centrourbano.com\\\/revista\\\/construccion\\\/construiran-planta-lechera-en-ciudad-obregon\\\/#breadcrumb\"},\"inLanguage\":\"es\",\"potentialAction\":[{\"@type\":\"ReadAction\",\"target\":[\"https:\\\/\\\/centrourbano.com\\\/revista\\\/construccion\\\/construiran-planta-lechera-en-ciudad-obregon\\\/\"]}]},{\"@type\":\"ImageObject\",\"inLanguage\":\"es\",\"@id\":\"https:\\\/\\\/centrourbano.com\\\/revista\\\/construccion\\\/construiran-planta-lechera-en-ciudad-obregon\\\/#primaryimage\",\"url\":\"https:\\\/\\\/centrourbano.com\\\/revista\\\/wp-content\\\/uploads\\\/grupo-lala.jpg\",\"contentUrl\":\"https:\\\/\\\/centrourbano.com\\\/revista\\\/wp-content\\\/uploads\\\/grupo-lala.jpg\",\"width\":1024,\"height\":768},{\"@type\":\"BreadcrumbList\",\"@id\":\"https:\\\/\\\/centrourbano.com\\\/revista\\\/construccion\\\/construiran-planta-lechera-en-ciudad-obregon\\\/#breadcrumb\",\"itemListElement\":[{\"@type\":\"ListItem\",\"position\":1,\"name\":\"Portada\",\"item\":\"https:\\\/\\\/centrourbano.com\\\/revista\\\/\"},{\"@type\":\"ListItem\",\"position\":2,\"name\":\"Construir\u00e1n planta lechera en Ciudad Obreg\u00f3n\"}]},{\"@type\":\"WebSite\",\"@id\":\"https:\\\/\\\/centrourbano.com\\\/revista\\\/#website\",\"url\":\"https:\\\/\\\/centrourbano.com\\\/revista\\\/\",\"name\":\"Centro Urbano\",\"description\":\"Medio especializado en los sectores vivienda, inmobiliario, construcci\u00f3n, arquitectura y urbanismo.\",\"publisher\":{\"@id\":\"https:\\\/\\\/centrourbano.com\\\/revista\\\/#organization\"},\"potentialAction\":[{\"@type\":\"SearchAction\",\"target\":{\"@type\":\"EntryPoint\",\"urlTemplate\":\"https:\\\/\\\/centrourbano.com\\\/revista\\\/?s={search_term_string}\"},\"query-input\":{\"@type\":\"PropertyValueSpecification\",\"valueRequired\":true,\"valueName\":\"search_term_string\"}}],\"inLanguage\":\"es\"},{\"@type\":\"Organization\",\"@id\":\"https:\\\/\\\/centrourbano.com\\\/revista\\\/#organization\",\"name\":\"Centro Urbano\",\"url\":\"https:\\\/\\\/centrourbano.com\\\/revista\\\/\",\"logo\":{\"@type\":\"ImageObject\",\"inLanguage\":\"es\",\"@id\":\"https:\\\/\\\/centrourbano.com\\\/revista\\\/#\\\/schema\\\/logo\\\/image\\\/\",\"url\":\"https:\\\/\\\/centrourbano.com\\\/revista\\\/wp-content\\\/uploads\\\/web_CU_logo-1.png\",\"contentUrl\":\"https:\\\/\\\/centrourbano.com\\\/revista\\\/wp-content\\\/uploads\\\/web_CU_logo-1.png\",\"width\":350,\"height\":91,\"caption\":\"Centro Urbano\"},\"image\":{\"@id\":\"https:\\\/\\\/centrourbano.com\\\/revista\\\/#\\\/schema\\\/logo\\\/image\\\/\"},\"sameAs\":[\"https:\\\/\\\/www.facebook.com\\\/portalcentrourbano\",\"https:\\\/\\\/x.com\\\/CentroUrbano\",\"https:\\\/\\\/www.instagram.com\\\/centro_urbano\\\/\",\"https:\\\/\\\/www.linkedin.com\\\/company\\\/centro-urbano\\\/\",\"http:\\\/\\\/www.youtube.com\\\/user\\\/portalcentrourbano\"]},{\"@type\":\"Person\",\"@id\":\"https:\\\/\\\/centrourbano.com\\\/revista\\\/#\\\/schema\\\/person\\\/b50192a3cd0e680841b45dc537f53970\",\"name\":\"Diego Rodr\u00edguez\",\"image\":{\"@type\":\"ImageObject\",\"inLanguage\":\"es\",\"@id\":\"https:\\\/\\\/secure.gravatar.com\\\/avatar\\\/d217565525df2df5d4e7265d47758506f41845ed9529510921a7625d8365789d?s=96&d=mm&r=g\",\"url\":\"https:\\\/\\\/secure.gravatar.com\\\/avatar\\\/d217565525df2df5d4e7265d47758506f41845ed9529510921a7625d8365789d?s=96&d=mm&r=g\",\"contentUrl\":\"https:\\\/\\\/secure.gravatar.com\\\/avatar\\\/d217565525df2df5d4e7265d47758506f41845ed9529510921a7625d8365789d?s=96&d=mm&r=g\",\"caption\":\"Diego Rodr\u00edguez\"},\"description\":\"Egresado de la Facultad de Estudios Superiores Acatl\u00e1n de la carrera en Comunicaci\u00f3n, con especialidad en medios escritos. Reportero del desaparecido peri\u00f3dico Nuestro M\u00e9xico, en donde cubri\u00f3 las fuentes delegacionales y Asamblea Legislativa. Tambi\u00e9n trabaj\u00f3 en la Coordinaci\u00f3n de Comunicaci\u00f3n Social en la delegaci\u00f3n \u00c1lvaro Obreg\u00f3n. Le gusta leer novelas y cuentos.\",\"url\":\"https:\\\/\\\/centrourbano.com\\\/revista\\\/author\\\/diegorodriguez\\\/\"}]}<\/script>\n<!-- \/ Yoast SEO plugin. -->","yoast_head_json":{"title":"Construir\u00e1n planta lechera en Ciudad Obreg\u00f3n -","description":"Tendr\u00e1 capacidad de producir 200 mil litros diarios, se invertir\u00e1n 350 mdp La empresa de productos l\u00e1cteos Grupo #LALA anunci\u00f3 que iniciar\u00e1 la","robots":{"index":"index","follow":"follow","max-snippet":"max-snippet:-1","max-image-preview":"max-image-preview:large","max-video-preview":"max-video-preview:-1"},"canonical":"https:\/\/centrourbano.com\/revista\/construccion\/construiran-planta-lechera-en-ciudad-obregon\/","og_locale":"es_ES","og_type":"article","og_title":"Construir\u00e1n planta lechera en Ciudad Obreg\u00f3n -","og_description":"Tendr\u00e1 capacidad de producir 200 mil litros diarios, se invertir\u00e1n 350 mdp La empresa de productos l\u00e1cteos Grupo #LALA anunci\u00f3 que iniciar\u00e1 la","og_url":"https:\/\/centrourbano.com\/revista\/construccion\/construiran-planta-lechera-en-ciudad-obregon\/","og_site_name":"Centro Urbano","article_publisher":"https:\/\/www.facebook.com\/portalcentrourbano","article_published_time":"2016-02-24T22:30:56+00:00","article_modified_time":"2016-02-24T22:32:52+00:00","og_image":[{"width":1024,"height":768,"url":"https:\/\/centrourbano.com\/revista\/wp-content\/uploads\/grupo-lala.jpg","type":"image\/jpeg"}],"author":"Diego Rodr\u00edguez","twitter_card":"summary_large_image","twitter_creator":"@CentroUrbano","twitter_site":"@CentroUrbano","twitter_misc":{"Escrito por":"Diego Rodr\u00edguez","Tiempo de lectura":"1 minuto"},"schema":{"@context":"https:\/\/schema.org","@graph":[{"@type":"Article","@id":"https:\/\/centrourbano.com\/revista\/construccion\/construiran-planta-lechera-en-ciudad-obregon\/#article","isPartOf":{"@id":"https:\/\/centrourbano.com\/revista\/construccion\/construiran-planta-lechera-en-ciudad-obregon\/"},"author":{"name":"Diego Rodr\u00edguez","@id":"https:\/\/centrourbano.com\/revista\/#\/schema\/person\/b50192a3cd0e680841b45dc537f53970"},"headline":"Construir\u00e1n planta lechera en Ciudad Obreg\u00f3n","datePublished":"2016-02-24T22:30:56+00:00","dateModified":"2016-02-24T22:32:52+00:00","mainEntityOfPage":{"@id":"https:\/\/centrourbano.com\/revista\/construccion\/construiran-planta-lechera-en-ciudad-obregon\/"},"wordCount":268,"commentCount":0,"publisher":{"@id":"https:\/\/centrourbano.com\/revista\/#organization"},"image":{"@id":"https:\/\/centrourbano.com\/revista\/construccion\/construiran-planta-lechera-en-ciudad-obregon\/#primaryimage"},"thumbnailUrl":"https:\/\/centrourbano.com\/revista\/wp-content\/uploads\/grupo-lala.jpg","keywords":["Ciudad Obreg\u00f3n","construcci\u00f3n","LALA","Sonora"],"articleSection":["Construcci\u00f3n"],"inLanguage":"es","potentialAction":[{"@type":"CommentAction","name":"Comment","target":["https:\/\/centrourbano.com\/revista\/construccion\/construiran-planta-lechera-en-ciudad-obregon\/#respond"]}]},{"@type":"WebPage","@id":"https:\/\/centrourbano.com\/revista\/construccion\/construiran-planta-lechera-en-ciudad-obregon\/","url":"https:\/\/centrourbano.com\/revista\/construccion\/construiran-planta-lechera-en-ciudad-obregon\/","name":"Construir\u00e1n planta lechera en Ciudad Obreg\u00f3n -","isPartOf":{"@id":"https:\/\/centrourbano.com\/revista\/#website"},"primaryImageOfPage":{"@id":"https:\/\/centrourbano.com\/revista\/construccion\/construiran-planta-lechera-en-ciudad-obregon\/#primaryimage"},"image":{"@id":"https:\/\/centrourbano.com\/revista\/construccion\/construiran-planta-lechera-en-ciudad-obregon\/#primaryimage"},"thumbnailUrl":"https:\/\/centrourbano.com\/revista\/wp-content\/uploads\/grupo-lala.jpg","datePublished":"2016-02-24T22:30:56+00:00","dateModified":"2016-02-24T22:32:52+00:00","description":"Tendr\u00e1 capacidad de producir 200 mil litros diarios, se invertir\u00e1n 350 mdp La empresa de productos l\u00e1cteos Grupo #LALA anunci\u00f3 que iniciar\u00e1 la","breadcrumb":{"@id":"https:\/\/centrourbano.com\/revista\/construccion\/construiran-planta-lechera-en-ciudad-obregon\/#breadcrumb"},"inLanguage":"es","potentialAction":[{"@type":"ReadAction","target":["https:\/\/centrourbano.com\/revista\/construccion\/construiran-planta-lechera-en-ciudad-obregon\/"]}]},{"@type":"ImageObject","inLanguage":"es","@id":"https:\/\/centrourbano.com\/revista\/construccion\/construiran-planta-lechera-en-ciudad-obregon\/#primaryimage","url":"https:\/\/centrourbano.com\/revista\/wp-content\/uploads\/grupo-lala.jpg","contentUrl":"https:\/\/centrourbano.com\/revista\/wp-content\/uploads\/grupo-lala.jpg","width":1024,"height":768},{"@type":"BreadcrumbList","@id":"https:\/\/centrourbano.com\/revista\/construccion\/construiran-planta-lechera-en-ciudad-obregon\/#breadcrumb","itemListElement":[{"@type":"ListItem","position":1,"name":"Portada","item":"https:\/\/centrourbano.com\/revista\/"},{"@type":"ListItem","position":2,"name":"Construir\u00e1n planta lechera en Ciudad Obreg\u00f3n"}]},{"@type":"WebSite","@id":"https:\/\/centrourbano.com\/revista\/#website","url":"https:\/\/centrourbano.com\/revista\/","name":"Centro Urbano","description":"Medio especializado en los sectores vivienda, inmobiliario, construcci\u00f3n, arquitectura y urbanismo.","publisher":{"@id":"https:\/\/centrourbano.com\/revista\/#organization"},"potentialAction":[{"@type":"SearchAction","target":{"@type":"EntryPoint","urlTemplate":"https:\/\/centrourbano.com\/revista\/?s={search_term_string}"},"query-input":{"@type":"PropertyValueSpecification","valueRequired":true,"valueName":"search_term_string"}}],"inLanguage":"es"},{"@type":"Organization","@id":"https:\/\/centrourbano.com\/revista\/#organization","name":"Centro Urbano","url":"https:\/\/centrourbano.com\/revista\/","logo":{"@type":"ImageObject","inLanguage":"es","@id":"https:\/\/centrourbano.com\/revista\/#\/schema\/logo\/image\/","url":"https:\/\/centrourbano.com\/revista\/wp-content\/uploads\/web_CU_logo-1.png","contentUrl":"https:\/\/centrourbano.com\/revista\/wp-content\/uploads\/web_CU_logo-1.png","width":350,"height":91,"caption":"Centro Urbano"},"image":{"@id":"https:\/\/centrourbano.com\/revista\/#\/schema\/logo\/image\/"},"sameAs":["https:\/\/www.facebook.com\/portalcentrourbano","https:\/\/x.com\/CentroUrbano","https:\/\/www.instagram.com\/centro_urbano\/","https:\/\/www.linkedin.com\/company\/centro-urbano\/","http:\/\/www.youtube.com\/user\/portalcentrourbano"]},{"@type":"Person","@id":"https:\/\/centrourbano.com\/revista\/#\/schema\/person\/b50192a3cd0e680841b45dc537f53970","name":"Diego Rodr\u00edguez","image":{"@type":"ImageObject","inLanguage":"es","@id":"https:\/\/secure.gravatar.com\/avatar\/d217565525df2df5d4e7265d47758506f41845ed9529510921a7625d8365789d?s=96&d=mm&r=g","url":"https:\/\/secure.gravatar.com\/avatar\/d217565525df2df5d4e7265d47758506f41845ed9529510921a7625d8365789d?s=96&d=mm&r=g","contentUrl":"https:\/\/secure.gravatar.com\/avatar\/d217565525df2df5d4e7265d47758506f41845ed9529510921a7625d8365789d?s=96&d=mm&r=g","caption":"Diego Rodr\u00edguez"},"description":"Egresado de la Facultad de Estudios Superiores Acatl\u00e1n de la carrera en Comunicaci\u00f3n, con especialidad en medios escritos. Reportero del desaparecido peri\u00f3dico Nuestro M\u00e9xico, en donde cubri\u00f3 las fuentes delegacionales y Asamblea Legislativa. Tambi\u00e9n trabaj\u00f3 en la Coordinaci\u00f3n de Comunicaci\u00f3n Social en la delegaci\u00f3n \u00c1lvaro Obreg\u00f3n. Le gusta leer novelas y cuentos.","url":"https:\/\/centrourbano.com\/revista\/author\/diegorodriguez\/"}]}},"_links":{"self":[{"href":"https:\/\/centrourbano.com\/revista\/wp-json\/wp\/v2\/posts\/30845","targetHints":{"allow":["GET"]}}],"collection":[{"href":"https:\/\/centrourbano.com\/revista\/wp-json\/wp\/v2\/posts"}],"about":[{"href":"https:\/\/centrourbano.com\/revista\/wp-json\/wp\/v2\/types\/post"}],"author":[{"embeddable":true,"href":"https:\/\/centrourbano.com\/revista\/wp-json\/wp\/v2\/users\/37"}],"replies":[{"embeddable":true,"href":"https:\/\/centrourbano.com\/revista\/wp-json\/wp\/v2\/comments?post=30845"}],"version-history":[{"count":0,"href":"https:\/\/centrourbano.com\/revista\/wp-json\/wp\/v2\/posts\/30845\/revisions"}],"wp:featuredmedia":[{"embeddable":true,"href":"https:\/\/centrourbano.com\/revista\/wp-json\/wp\/v2\/media\/30941"}],"wp:attachment":[{"href":"https:\/\/centrourbano.com\/revista\/wp-json\/wp\/v2\/media?parent=30845"}],"wp:term":[{"taxonomy":"category","embeddable":true,"href":"https:\/\/centrourbano.com\/revista\/wp-json\/wp\/v2\/categories?post=30845"},{"taxonomy":"post_tag","embeddable":true,"href":"https:\/\/centrourbano.com\/revista\/wp-json\/wp\/v2\/tags?post=30845"}],"curies":[{"name":"wp","href":"https:\/\/api.w.org\/{rel}","templated":true}]}}