{"id":30769,"date":"2016-02-24T08:00:51","date_gmt":"2016-02-24T14:00:51","guid":{"rendered":"http:\/\/centrourbano.com\/?p=30769"},"modified":"2016-02-23T11:58:02","modified_gmt":"2016-02-23T17:58:02","slug":"invertiran-en-remodelacion-de-parque-acuatico-oaxtepec","status":"publish","type":"post","link":"https:\/\/centrourbano.com\/revista\/inmobiliario\/invertiran-en-remodelacion-de-parque-acuatico-oaxtepec\/","title":{"rendered":"Invertir\u00e1n en remodelaci\u00f3n de Parque Acu\u00e1tico Oaxtepec"},"content":{"rendered":"<p><em>Hurricane Harbor Oaxtepec ser\u00e1 el nuevo nombre del parque<\/em><br \/>\n<!--more--><\/p>\n<p>La cadena de parque de diversiones Six Flags, anunci\u00f3 que invertir\u00e1 entre 15 y 18, 000,000 de d\u00f3lares en la remodelaci\u00f3n del Parque Acu\u00e1tico Oaxtepec, para transformarlo en Hurricane Harbor Oaxtepec.<\/p>\n<p>\u201cAntes de que el parque abra, en la primavera de 2017, pretendemos hacer una sola inversi\u00f3n inicial de capital por aproximadamente 15 a 18, 000,000 de d\u00f3lares\u201d, inform\u00f3 James W.P. Reid-Anderson, presidente y director ejecutivo de Six Flags.<\/p>\n<p>En una conferencia con analistas, el ejecutivo se mostr\u00f3 emocionado con el proyecto y  asegur\u00f3 que el retorno de la inversi\u00f3n ser\u00e1 r\u00e1pido.Con respecto a los trabajos de remodelaci\u00f3n, las tiendas, toboganes, ser\u00e1n cambiados y se incluir\u00e1 un \u00e1rea de juegos. <\/p>\n<p>Seg\u00fan declaraciones del ejecutivo, los n\u00fameros de la empresa son buenos y prueba de ello es el aumento en sus visitas con membres\u00eda en un 26 por ciento.<br \/>\nLuego de un informe de sus ingresos, mostrado por la compa\u00f1\u00eda mostr\u00f3 que sus ingresos en el \u00faltimo trimestre de 2015 fueron de 217,400,000 de d\u00f3lares superando el mismo periodo de 2014.<\/p>\n<p>Actualmente, la empresa opera 18 parques, los cuales est\u00e1n ubicados en Estados Unidos, M\u00e9xico y Canad\u00e1.<\/p>\n","protected":false},"excerpt":{"rendered":"<p>Hurricane Harbor Oaxtepec ser\u00e1 el nuevo nombre del parque<\/p>\n","protected":false},"author":77,"featured_media":30771,"comment_status":"open","ping_status":"closed","sticky":false,"template":"","format":"standard","meta":{"inline_featured_image":false,"footnotes":""},"categories":[15],"tags":[7752,7751,5994],"class_list":["post-30769","post","type-post","status-publish","format-standard","has-post-thumbnail","hentry","category-inmobiliario","tag-hurricane-harbor-oaxtepec","tag-parque-acuatico-oaxtepec","tag-six-flags"],"yoast_head":"<!-- This site is optimized with the Yoast SEO plugin v28.4 - https:\/\/yoast.com\/product\/yoast-seo-wordpress\/ -->\n<title>Invertir\u00e1n en remodelaci\u00f3n de Parque Acu\u00e1tico Oaxtepec -<\/title>\n<meta name=\"description\" content=\"Hurricane Harbor Oaxtepec ser\u00e1 el nuevo nombre del parque La cadena de parque de diversiones Six Flags, anunci\u00f3 que invertir\u00e1 entre 15 y 18, 000,000 de\" \/>\n<meta name=\"robots\" content=\"index, follow, max-snippet:-1, max-image-preview:large, max-video-preview:-1\" \/>\n<link rel=\"canonical\" href=\"https:\/\/centrourbano.com\/revista\/inmobiliario\/invertiran-en-remodelacion-de-parque-acuatico-oaxtepec\/\" \/>\n<meta property=\"og:locale\" content=\"es_ES\" \/>\n<meta property=\"og:type\" content=\"article\" \/>\n<meta property=\"og:title\" content=\"Invertir\u00e1n en remodelaci\u00f3n de Parque Acu\u00e1tico Oaxtepec -\" \/>\n<meta property=\"og:description\" content=\"Hurricane Harbor Oaxtepec ser\u00e1 el nuevo nombre del parque La cadena de parque de diversiones Six Flags, anunci\u00f3 que invertir\u00e1 entre 15 y 18, 000,000 de\" \/>\n<meta property=\"og:url\" content=\"https:\/\/centrourbano.com\/revista\/inmobiliario\/invertiran-en-remodelacion-de-parque-acuatico-oaxtepec\/\" \/>\n<meta property=\"og:site_name\" content=\"Centro Urbano\" \/>\n<meta property=\"article:publisher\" content=\"https:\/\/www.facebook.com\/portalcentrourbano\" \/>\n<meta property=\"article:published_time\" content=\"2016-02-24T14:00:51+00:00\" \/>\n<meta property=\"og:image\" content=\"https:\/\/centrourbano.com\/revista\/wp-content\/uploads\/parque-acuatico-oaxtepec_2780461.jpg\" \/>\n\t<meta property=\"og:image:width\" content=\"500\" \/>\n\t<meta property=\"og:image:height\" content=\"356\" \/>\n\t<meta property=\"og:image:type\" content=\"image\/jpeg\" \/>\n<meta name=\"author\" content=\"G4A\" \/>\n<meta name=\"twitter:card\" content=\"summary_large_image\" \/>\n<meta name=\"twitter:creator\" content=\"@CentroUrbano\" \/>\n<meta name=\"twitter:site\" content=\"@CentroUrbano\" \/>\n<meta name=\"twitter:label1\" content=\"Escrito por\" \/>\n\t<meta name=\"twitter:data1\" content=\"G4A\" \/>\n\t<meta name=\"twitter:label2\" content=\"Tiempo de lectura\" \/>\n\t<meta name=\"twitter:data2\" content=\"1 minuto\" \/>\n<script type=\"application\/ld+json\" class=\"yoast-schema-graph\">{\"@context\":\"https:\\\/\\\/schema.org\",\"@graph\":[{\"@type\":\"Article\",\"@id\":\"https:\\\/\\\/centrourbano.com\\\/revista\\\/inmobiliario\\\/invertiran-en-remodelacion-de-parque-acuatico-oaxtepec\\\/#article\",\"isPartOf\":{\"@id\":\"https:\\\/\\\/centrourbano.com\\\/revista\\\/inmobiliario\\\/invertiran-en-remodelacion-de-parque-acuatico-oaxtepec\\\/\"},\"author\":{\"name\":\"G4A\",\"@id\":\"https:\\\/\\\/centrourbano.com\\\/revista\\\/#\\\/schema\\\/person\\\/370fa0ba2d8dd5bde3fdb8b62ad360aa\"},\"headline\":\"Invertir\u00e1n en remodelaci\u00f3n de Parque Acu\u00e1tico Oaxtepec\",\"datePublished\":\"2016-02-24T14:00:51+00:00\",\"mainEntityOfPage\":{\"@id\":\"https:\\\/\\\/centrourbano.com\\\/revista\\\/inmobiliario\\\/invertiran-en-remodelacion-de-parque-acuatico-oaxtepec\\\/\"},\"wordCount\":211,\"commentCount\":0,\"publisher\":{\"@id\":\"https:\\\/\\\/centrourbano.com\\\/revista\\\/#organization\"},\"image\":{\"@id\":\"https:\\\/\\\/centrourbano.com\\\/revista\\\/inmobiliario\\\/invertiran-en-remodelacion-de-parque-acuatico-oaxtepec\\\/#primaryimage\"},\"thumbnailUrl\":\"https:\\\/\\\/centrourbano.com\\\/revista\\\/wp-content\\\/uploads\\\/parque-acuatico-oaxtepec_2780461.jpg\",\"keywords\":[\"Hurricane Harbor Oaxtepec\",\"Parque Acu\u00e1tico Oaxtepec\",\"Six Flags\"],\"articleSection\":[\"Inmobiliario\"],\"inLanguage\":\"es\"},{\"@type\":\"WebPage\",\"@id\":\"https:\\\/\\\/centrourbano.com\\\/revista\\\/inmobiliario\\\/invertiran-en-remodelacion-de-parque-acuatico-oaxtepec\\\/\",\"url\":\"https:\\\/\\\/centrourbano.com\\\/revista\\\/inmobiliario\\\/invertiran-en-remodelacion-de-parque-acuatico-oaxtepec\\\/\",\"name\":\"Invertir\u00e1n en remodelaci\u00f3n de Parque Acu\u00e1tico Oaxtepec -\",\"isPartOf\":{\"@id\":\"https:\\\/\\\/centrourbano.com\\\/revista\\\/#website\"},\"primaryImageOfPage\":{\"@id\":\"https:\\\/\\\/centrourbano.com\\\/revista\\\/inmobiliario\\\/invertiran-en-remodelacion-de-parque-acuatico-oaxtepec\\\/#primaryimage\"},\"image\":{\"@id\":\"https:\\\/\\\/centrourbano.com\\\/revista\\\/inmobiliario\\\/invertiran-en-remodelacion-de-parque-acuatico-oaxtepec\\\/#primaryimage\"},\"thumbnailUrl\":\"https:\\\/\\\/centrourbano.com\\\/revista\\\/wp-content\\\/uploads\\\/parque-acuatico-oaxtepec_2780461.jpg\",\"datePublished\":\"2016-02-24T14:00:51+00:00\",\"description\":\"Hurricane Harbor Oaxtepec ser\u00e1 el nuevo nombre del parque La cadena de parque de diversiones Six Flags, anunci\u00f3 que invertir\u00e1 entre 15 y 18, 000,000 de\",\"breadcrumb\":{\"@id\":\"https:\\\/\\\/centrourbano.com\\\/revista\\\/inmobiliario\\\/invertiran-en-remodelacion-de-parque-acuatico-oaxtepec\\\/#breadcrumb\"},\"inLanguage\":\"es\",\"potentialAction\":[{\"@type\":\"ReadAction\",\"target\":[\"https:\\\/\\\/centrourbano.com\\\/revista\\\/inmobiliario\\\/invertiran-en-remodelacion-de-parque-acuatico-oaxtepec\\\/\"]}]},{\"@type\":\"ImageObject\",\"inLanguage\":\"es\",\"@id\":\"https:\\\/\\\/centrourbano.com\\\/revista\\\/inmobiliario\\\/invertiran-en-remodelacion-de-parque-acuatico-oaxtepec\\\/#primaryimage\",\"url\":\"https:\\\/\\\/centrourbano.com\\\/revista\\\/wp-content\\\/uploads\\\/parque-acuatico-oaxtepec_2780461.jpg\",\"contentUrl\":\"https:\\\/\\\/centrourbano.com\\\/revista\\\/wp-content\\\/uploads\\\/parque-acuatico-oaxtepec_2780461.jpg\",\"width\":500,\"height\":356},{\"@type\":\"BreadcrumbList\",\"@id\":\"https:\\\/\\\/centrourbano.com\\\/revista\\\/inmobiliario\\\/invertiran-en-remodelacion-de-parque-acuatico-oaxtepec\\\/#breadcrumb\",\"itemListElement\":[{\"@type\":\"ListItem\",\"position\":1,\"name\":\"Portada\",\"item\":\"https:\\\/\\\/centrourbano.com\\\/revista\\\/\"},{\"@type\":\"ListItem\",\"position\":2,\"name\":\"Invertir\u00e1n en remodelaci\u00f3n de Parque Acu\u00e1tico Oaxtepec\"}]},{\"@type\":\"WebSite\",\"@id\":\"https:\\\/\\\/centrourbano.com\\\/revista\\\/#website\",\"url\":\"https:\\\/\\\/centrourbano.com\\\/revista\\\/\",\"name\":\"Centro Urbano\",\"description\":\"Medio especializado en los sectores vivienda, inmobiliario, construcci\u00f3n, arquitectura y urbanismo.\",\"publisher\":{\"@id\":\"https:\\\/\\\/centrourbano.com\\\/revista\\\/#organization\"},\"potentialAction\":[{\"@type\":\"SearchAction\",\"target\":{\"@type\":\"EntryPoint\",\"urlTemplate\":\"https:\\\/\\\/centrourbano.com\\\/revista\\\/?s={search_term_string}\"},\"query-input\":{\"@type\":\"PropertyValueSpecification\",\"valueRequired\":true,\"valueName\":\"search_term_string\"}}],\"inLanguage\":\"es\"},{\"@type\":\"Organization\",\"@id\":\"https:\\\/\\\/centrourbano.com\\\/revista\\\/#organization\",\"name\":\"Centro Urbano\",\"url\":\"https:\\\/\\\/centrourbano.com\\\/revista\\\/\",\"logo\":{\"@type\":\"ImageObject\",\"inLanguage\":\"es\",\"@id\":\"https:\\\/\\\/centrourbano.com\\\/revista\\\/#\\\/schema\\\/logo\\\/image\\\/\",\"url\":\"https:\\\/\\\/centrourbano.com\\\/revista\\\/wp-content\\\/uploads\\\/web_CU_logo-1.png\",\"contentUrl\":\"https:\\\/\\\/centrourbano.com\\\/revista\\\/wp-content\\\/uploads\\\/web_CU_logo-1.png\",\"width\":350,\"height\":91,\"caption\":\"Centro Urbano\"},\"image\":{\"@id\":\"https:\\\/\\\/centrourbano.com\\\/revista\\\/#\\\/schema\\\/logo\\\/image\\\/\"},\"sameAs\":[\"https:\\\/\\\/www.facebook.com\\\/portalcentrourbano\",\"https:\\\/\\\/x.com\\\/CentroUrbano\",\"https:\\\/\\\/www.instagram.com\\\/centro_urbano\\\/\",\"https:\\\/\\\/www.linkedin.com\\\/company\\\/centro-urbano\\\/\",\"http:\\\/\\\/www.youtube.com\\\/user\\\/portalcentrourbano\"]},{\"@type\":\"Person\",\"@id\":\"https:\\\/\\\/centrourbano.com\\\/revista\\\/#\\\/schema\\\/person\\\/370fa0ba2d8dd5bde3fdb8b62ad360aa\",\"name\":\"G4A\",\"image\":{\"@type\":\"ImageObject\",\"inLanguage\":\"es\",\"@id\":\"https:\\\/\\\/secure.gravatar.com\\\/avatar\\\/932a97121b13d5de5bbd8193c6c83d3b92c9eda0f39623607d4280e7a5778d97?s=96&d=mm&r=g\",\"url\":\"https:\\\/\\\/secure.gravatar.com\\\/avatar\\\/932a97121b13d5de5bbd8193c6c83d3b92c9eda0f39623607d4280e7a5778d97?s=96&d=mm&r=g\",\"contentUrl\":\"https:\\\/\\\/secure.gravatar.com\\\/avatar\\\/932a97121b13d5de5bbd8193c6c83d3b92c9eda0f39623607d4280e7a5778d97?s=96&d=mm&r=g\",\"caption\":\"G4A\"},\"url\":\"https:\\\/\\\/centrourbano.com\\\/revista\\\/author\\\/admin-g4a\\\/\"}]}<\/script>\n<!-- \/ Yoast SEO plugin. -->","yoast_head_json":{"title":"Invertir\u00e1n en remodelaci\u00f3n de Parque Acu\u00e1tico Oaxtepec -","description":"Hurricane Harbor Oaxtepec ser\u00e1 el nuevo nombre del parque La cadena de parque de diversiones Six Flags, anunci\u00f3 que invertir\u00e1 entre 15 y 18, 000,000 de","robots":{"index":"index","follow":"follow","max-snippet":"max-snippet:-1","max-image-preview":"max-image-preview:large","max-video-preview":"max-video-preview:-1"},"canonical":"https:\/\/centrourbano.com\/revista\/inmobiliario\/invertiran-en-remodelacion-de-parque-acuatico-oaxtepec\/","og_locale":"es_ES","og_type":"article","og_title":"Invertir\u00e1n en remodelaci\u00f3n de Parque Acu\u00e1tico Oaxtepec -","og_description":"Hurricane Harbor Oaxtepec ser\u00e1 el nuevo nombre del parque La cadena de parque de diversiones Six Flags, anunci\u00f3 que invertir\u00e1 entre 15 y 18, 000,000 de","og_url":"https:\/\/centrourbano.com\/revista\/inmobiliario\/invertiran-en-remodelacion-de-parque-acuatico-oaxtepec\/","og_site_name":"Centro Urbano","article_publisher":"https:\/\/www.facebook.com\/portalcentrourbano","article_published_time":"2016-02-24T14:00:51+00:00","og_image":[{"width":500,"height":356,"url":"https:\/\/centrourbano.com\/revista\/wp-content\/uploads\/parque-acuatico-oaxtepec_2780461.jpg","type":"image\/jpeg"}],"author":"G4A","twitter_card":"summary_large_image","twitter_creator":"@CentroUrbano","twitter_site":"@CentroUrbano","twitter_misc":{"Escrito por":"G4A","Tiempo de lectura":"1 minuto"},"schema":{"@context":"https:\/\/schema.org","@graph":[{"@type":"Article","@id":"https:\/\/centrourbano.com\/revista\/inmobiliario\/invertiran-en-remodelacion-de-parque-acuatico-oaxtepec\/#article","isPartOf":{"@id":"https:\/\/centrourbano.com\/revista\/inmobiliario\/invertiran-en-remodelacion-de-parque-acuatico-oaxtepec\/"},"author":{"name":"G4A","@id":"https:\/\/centrourbano.com\/revista\/#\/schema\/person\/370fa0ba2d8dd5bde3fdb8b62ad360aa"},"headline":"Invertir\u00e1n en remodelaci\u00f3n de Parque Acu\u00e1tico Oaxtepec","datePublished":"2016-02-24T14:00:51+00:00","mainEntityOfPage":{"@id":"https:\/\/centrourbano.com\/revista\/inmobiliario\/invertiran-en-remodelacion-de-parque-acuatico-oaxtepec\/"},"wordCount":211,"commentCount":0,"publisher":{"@id":"https:\/\/centrourbano.com\/revista\/#organization"},"image":{"@id":"https:\/\/centrourbano.com\/revista\/inmobiliario\/invertiran-en-remodelacion-de-parque-acuatico-oaxtepec\/#primaryimage"},"thumbnailUrl":"https:\/\/centrourbano.com\/revista\/wp-content\/uploads\/parque-acuatico-oaxtepec_2780461.jpg","keywords":["Hurricane Harbor Oaxtepec","Parque Acu\u00e1tico Oaxtepec","Six Flags"],"articleSection":["Inmobiliario"],"inLanguage":"es"},{"@type":"WebPage","@id":"https:\/\/centrourbano.com\/revista\/inmobiliario\/invertiran-en-remodelacion-de-parque-acuatico-oaxtepec\/","url":"https:\/\/centrourbano.com\/revista\/inmobiliario\/invertiran-en-remodelacion-de-parque-acuatico-oaxtepec\/","name":"Invertir\u00e1n en remodelaci\u00f3n de Parque Acu\u00e1tico Oaxtepec -","isPartOf":{"@id":"https:\/\/centrourbano.com\/revista\/#website"},"primaryImageOfPage":{"@id":"https:\/\/centrourbano.com\/revista\/inmobiliario\/invertiran-en-remodelacion-de-parque-acuatico-oaxtepec\/#primaryimage"},"image":{"@id":"https:\/\/centrourbano.com\/revista\/inmobiliario\/invertiran-en-remodelacion-de-parque-acuatico-oaxtepec\/#primaryimage"},"thumbnailUrl":"https:\/\/centrourbano.com\/revista\/wp-content\/uploads\/parque-acuatico-oaxtepec_2780461.jpg","datePublished":"2016-02-24T14:00:51+00:00","description":"Hurricane Harbor Oaxtepec ser\u00e1 el nuevo nombre del parque La cadena de parque de diversiones Six Flags, anunci\u00f3 que invertir\u00e1 entre 15 y 18, 000,000 de","breadcrumb":{"@id":"https:\/\/centrourbano.com\/revista\/inmobiliario\/invertiran-en-remodelacion-de-parque-acuatico-oaxtepec\/#breadcrumb"},"inLanguage":"es","potentialAction":[{"@type":"ReadAction","target":["https:\/\/centrourbano.com\/revista\/inmobiliario\/invertiran-en-remodelacion-de-parque-acuatico-oaxtepec\/"]}]},{"@type":"ImageObject","inLanguage":"es","@id":"https:\/\/centrourbano.com\/revista\/inmobiliario\/invertiran-en-remodelacion-de-parque-acuatico-oaxtepec\/#primaryimage","url":"https:\/\/centrourbano.com\/revista\/wp-content\/uploads\/parque-acuatico-oaxtepec_2780461.jpg","contentUrl":"https:\/\/centrourbano.com\/revista\/wp-content\/uploads\/parque-acuatico-oaxtepec_2780461.jpg","width":500,"height":356},{"@type":"BreadcrumbList","@id":"https:\/\/centrourbano.com\/revista\/inmobiliario\/invertiran-en-remodelacion-de-parque-acuatico-oaxtepec\/#breadcrumb","itemListElement":[{"@type":"ListItem","position":1,"name":"Portada","item":"https:\/\/centrourbano.com\/revista\/"},{"@type":"ListItem","position":2,"name":"Invertir\u00e1n en remodelaci\u00f3n de Parque Acu\u00e1tico Oaxtepec"}]},{"@type":"WebSite","@id":"https:\/\/centrourbano.com\/revista\/#website","url":"https:\/\/centrourbano.com\/revista\/","name":"Centro Urbano","description":"Medio especializado en los sectores vivienda, inmobiliario, construcci\u00f3n, arquitectura y urbanismo.","publisher":{"@id":"https:\/\/centrourbano.com\/revista\/#organization"},"potentialAction":[{"@type":"SearchAction","target":{"@type":"EntryPoint","urlTemplate":"https:\/\/centrourbano.com\/revista\/?s={search_term_string}"},"query-input":{"@type":"PropertyValueSpecification","valueRequired":true,"valueName":"search_term_string"}}],"inLanguage":"es"},{"@type":"Organization","@id":"https:\/\/centrourbano.com\/revista\/#organization","name":"Centro Urbano","url":"https:\/\/centrourbano.com\/revista\/","logo":{"@type":"ImageObject","inLanguage":"es","@id":"https:\/\/centrourbano.com\/revista\/#\/schema\/logo\/image\/","url":"https:\/\/centrourbano.com\/revista\/wp-content\/uploads\/web_CU_logo-1.png","contentUrl":"https:\/\/centrourbano.com\/revista\/wp-content\/uploads\/web_CU_logo-1.png","width":350,"height":91,"caption":"Centro Urbano"},"image":{"@id":"https:\/\/centrourbano.com\/revista\/#\/schema\/logo\/image\/"},"sameAs":["https:\/\/www.facebook.com\/portalcentrourbano","https:\/\/x.com\/CentroUrbano","https:\/\/www.instagram.com\/centro_urbano\/","https:\/\/www.linkedin.com\/company\/centro-urbano\/","http:\/\/www.youtube.com\/user\/portalcentrourbano"]},{"@type":"Person","@id":"https:\/\/centrourbano.com\/revista\/#\/schema\/person\/370fa0ba2d8dd5bde3fdb8b62ad360aa","name":"G4A","image":{"@type":"ImageObject","inLanguage":"es","@id":"https:\/\/secure.gravatar.com\/avatar\/932a97121b13d5de5bbd8193c6c83d3b92c9eda0f39623607d4280e7a5778d97?s=96&d=mm&r=g","url":"https:\/\/secure.gravatar.com\/avatar\/932a97121b13d5de5bbd8193c6c83d3b92c9eda0f39623607d4280e7a5778d97?s=96&d=mm&r=g","contentUrl":"https:\/\/secure.gravatar.com\/avatar\/932a97121b13d5de5bbd8193c6c83d3b92c9eda0f39623607d4280e7a5778d97?s=96&d=mm&r=g","caption":"G4A"},"url":"https:\/\/centrourbano.com\/revista\/author\/admin-g4a\/"}]}},"_links":{"self":[{"href":"https:\/\/centrourbano.com\/revista\/wp-json\/wp\/v2\/posts\/30769","targetHints":{"allow":["GET"]}}],"collection":[{"href":"https:\/\/centrourbano.com\/revista\/wp-json\/wp\/v2\/posts"}],"about":[{"href":"https:\/\/centrourbano.com\/revista\/wp-json\/wp\/v2\/types\/post"}],"author":[{"embeddable":true,"href":"https:\/\/centrourbano.com\/revista\/wp-json\/wp\/v2\/users\/77"}],"replies":[{"embeddable":true,"href":"https:\/\/centrourbano.com\/revista\/wp-json\/wp\/v2\/comments?post=30769"}],"version-history":[{"count":0,"href":"https:\/\/centrourbano.com\/revista\/wp-json\/wp\/v2\/posts\/30769\/revisions"}],"wp:featuredmedia":[{"embeddable":true,"href":"https:\/\/centrourbano.com\/revista\/wp-json\/wp\/v2\/media\/30771"}],"wp:attachment":[{"href":"https:\/\/centrourbano.com\/revista\/wp-json\/wp\/v2\/media?parent=30769"}],"wp:term":[{"taxonomy":"category","embeddable":true,"href":"https:\/\/centrourbano.com\/revista\/wp-json\/wp\/v2\/categories?post=30769"},{"taxonomy":"post_tag","embeddable":true,"href":"https:\/\/centrourbano.com\/revista\/wp-json\/wp\/v2\/tags?post=30769"}],"curies":[{"name":"wp","href":"https:\/\/api.w.org\/{rel}","templated":true}]}}