{"id":30750,"date":"2016-02-23T09:59:10","date_gmt":"2016-02-23T15:59:10","guid":{"rendered":"http:\/\/centrourbano.com\/?p=30750"},"modified":"2016-02-23T09:59:38","modified_gmt":"2016-02-23T15:59:38","slug":"construiran-34-parques-urbanos-en-chile","status":"publish","type":"post","link":"https:\/\/centrourbano.com\/revista\/urbanismo\/construiran-34-parques-urbanos-en-chile\/","title":{"rendered":"Construir\u00e1n 34 parques urbanos en Chile"},"content":{"rendered":"<p><em>Contemplan sumar 2, 900,000 de metros cuadrados de <a class=\"expresscurate_contentTags\" href=\"http:\/\/centrourbano.com\/tag\/areas-verdes\/\">#\u00e1reas verdes<\/a><\/em><br \/>\n<!--more--><\/p>\n<p>De acuerdo con un proyecto llamado Plan <a class=\"expresscurate_contentTags\" href=\"http:\/\/centrourbano.com\/tag\/chile\/\">#Chile<\/a> \u00c1rea Verde, impulsado por el gobierno de Chile, se estableci\u00f3 una meta para construir 34 <a class=\"expresscurate_contentTags\" href=\"http:\/\/centrourbano.com\/tag\/parques\/\">#parques<\/a> <a class=\"expresscurate_contentTags\" href=\"http:\/\/centrourbano.com\/tag\/urbanos\/\">#urbanos<\/a> alrededor de 15 regiones del pa\u00eds con un d\u00e9ficit en \u00e1reas verdes.<\/p>\n<p>El proyecto fue lanzado en 2014 y est\u00e1 siendo implementado por el Ministerio de <a class=\"expresscurate_contentTags\" href=\"http:\/\/centrourbano.com\/tag\/vivienda\/\">#Vivienda<\/a> y <a class=\"expresscurate_contentTags\" href=\"http:\/\/centrourbano.com\/tag\/urbanismo\/\">#Urbanismo<\/a> (Minvu) de la regi\u00f3n; los parques est\u00e1n proyectados en espacios p\u00fablicos abandonados para su recuperaci\u00f3n. <\/p>\n<p>Se espera que en 2018 existan cerca de 2, 900,000 de metros cuadrados de nuevas \u00e1reas verdes, equivalentes a 289 hect\u00e1reas. Del total de los parques, 27 se empezar\u00e1n a construir en 2016 y se espera la inauguraci\u00f3n de 5 m\u00e1s durante el a\u00f1o, siendo el Parque Combarbal\u00e1 en La Granja el pr\u00f3ximo por inaugurarse. <\/p>\n<p>Los cinco parques que se inaugurar\u00e1n este 2016 son:<br \/>\n1. Punta Norte \u2013 21,000 m\u00b2 \u2013 Arica<br \/>\n2. Placilla (etapa 2, 3 y 4) \u2013 42,942 m\u00b2 \u2013 Valpara\u00edso<br \/>\n3. Borde Estero San Felipe (Etapa las Acacias) \u2013 15,700 m\u00b2 \u2013 San Felipe<br \/>\n4. Intercomunal R\u00edo Viejo La Hondanada \u2013 260,000 m\u00b2 \u2013 Cerro Navia<br \/>\n5. Parque Combarbal\u00e1 \u2013 46,000 m\u00b2 \u2013 La Granja<\/p>\n<p>Durante el 2015 se entregaron 5 parques y se espera que los 11 restantes se entreguen en 2017 y 2018.<\/p>\n","protected":false},"excerpt":{"rendered":"<p>Contemplan sumar 2, 900,000 de metros cuadrados de #\u00e1reas verdes<\/p>\n","protected":false},"author":36,"featured_media":30752,"comment_status":"open","ping_status":"closed","sticky":false,"template":"","format":"standard","meta":{"om_disable_all_campaigns":false,"inline_featured_image":false,"_monsterinsights_skip_tracking":false,"_monsterinsights_sitenote_active":false,"_monsterinsights_sitenote_note":"","_monsterinsights_sitenote_category":0,"footnotes":""},"categories":[82],"tags":[666,617,781,6156,7748,5737],"class_list":["post-30750","post","type-post","status-publish","format-standard","has-post-thumbnail","hentry","category-urbanismo","tag-areas-verdes","tag-chile","tag-parques","tag-urbanismo","tag-urbanos","tag-vivienda"],"yoast_head":"<!-- This site is optimized with the Yoast SEO plugin v27.4 - https:\/\/yoast.com\/product\/yoast-seo-wordpress\/ -->\n<title>Construir\u00e1n 34 parques urbanos en Chile -<\/title>\n<meta name=\"description\" content=\"Contemplan sumar 2, 900,000 de metros cuadrados de #\u00e1reas verdes De acuerdo con un proyecto llamado Plan #Chile \u00c1rea Verde, impulsado por el gobierno de\" \/>\n<meta name=\"robots\" content=\"index, follow, max-snippet:-1, max-image-preview:large, max-video-preview:-1\" \/>\n<link rel=\"canonical\" href=\"https:\/\/centrourbano.com\/revista\/urbanismo\/construiran-34-parques-urbanos-en-chile\/\" \/>\n<meta property=\"og:locale\" content=\"es_ES\" \/>\n<meta property=\"og:type\" content=\"article\" \/>\n<meta property=\"og:title\" content=\"Construir\u00e1n 34 parques urbanos en Chile -\" \/>\n<meta property=\"og:description\" content=\"Contemplan sumar 2, 900,000 de metros cuadrados de #\u00e1reas verdes De acuerdo con un proyecto llamado Plan #Chile \u00c1rea Verde, impulsado por el gobierno de\" \/>\n<meta property=\"og:url\" content=\"https:\/\/centrourbano.com\/revista\/urbanismo\/construiran-34-parques-urbanos-en-chile\/\" \/>\n<meta property=\"og:site_name\" content=\"Centro Urbano\" \/>\n<meta property=\"article:publisher\" content=\"https:\/\/www.facebook.com\/portalcentrourbano\" \/>\n<meta property=\"article:published_time\" content=\"2016-02-23T15:59:10+00:00\" \/>\n<meta property=\"article:modified_time\" content=\"2016-02-23T15:59:38+00:00\" \/>\n<meta property=\"og:image\" content=\"https:\/\/centrourbano.com\/revista\/wp-content\/uploads\/plano-parque-la-hondonada-cerro-navia-plan-chile-area-verde-1000x377-e1456243133830.png\" \/>\n\t<meta property=\"og:image:width\" content=\"580\" \/>\n\t<meta property=\"og:image:height\" content=\"219\" \/>\n\t<meta property=\"og:image:type\" content=\"image\/png\" \/>\n<meta name=\"author\" content=\"Yareth Casanova\" \/>\n<meta name=\"twitter:card\" content=\"summary_large_image\" \/>\n<meta name=\"twitter:creator\" content=\"@CentroUrbano\" \/>\n<meta name=\"twitter:site\" content=\"@CentroUrbano\" \/>\n<meta name=\"twitter:label1\" content=\"Escrito por\" \/>\n\t<meta name=\"twitter:data1\" content=\"Yareth Casanova\" \/>\n\t<meta name=\"twitter:label2\" content=\"Tiempo de lectura\" \/>\n\t<meta name=\"twitter:data2\" content=\"1 minuto\" \/>\n<script type=\"application\/ld+json\" class=\"yoast-schema-graph\">{\"@context\":\"https:\\\/\\\/schema.org\",\"@graph\":[{\"@type\":\"Article\",\"@id\":\"https:\\\/\\\/centrourbano.com\\\/revista\\\/urbanismo\\\/construiran-34-parques-urbanos-en-chile\\\/#article\",\"isPartOf\":{\"@id\":\"https:\\\/\\\/centrourbano.com\\\/revista\\\/urbanismo\\\/construiran-34-parques-urbanos-en-chile\\\/\"},\"author\":{\"name\":\"Yareth Casanova\",\"@id\":\"https:\\\/\\\/centrourbano.com\\\/revista\\\/#\\\/schema\\\/person\\\/fa3124fc7c30aaf90c5e85dc5ce88a3d\"},\"headline\":\"Construir\u00e1n 34 parques urbanos en Chile\",\"datePublished\":\"2016-02-23T15:59:10+00:00\",\"dateModified\":\"2016-02-23T15:59:38+00:00\",\"mainEntityOfPage\":{\"@id\":\"https:\\\/\\\/centrourbano.com\\\/revista\\\/urbanismo\\\/construiran-34-parques-urbanos-en-chile\\\/\"},\"wordCount\":198,\"commentCount\":0,\"publisher\":{\"@id\":\"https:\\\/\\\/centrourbano.com\\\/revista\\\/#organization\"},\"image\":{\"@id\":\"https:\\\/\\\/centrourbano.com\\\/revista\\\/urbanismo\\\/construiran-34-parques-urbanos-en-chile\\\/#primaryimage\"},\"thumbnailUrl\":\"https:\\\/\\\/centrourbano.com\\\/revista\\\/wp-content\\\/uploads\\\/plano-parque-la-hondonada-cerro-navia-plan-chile-area-verde-1000x377-e1456243133830.png\",\"keywords\":[\"\u00c1reas verdes\",\"Chile\",\"Parques\",\"Urbanismo\",\"urbanos\",\"vivienda+\"],\"articleSection\":[\"Urbanismo\"],\"inLanguage\":\"es\",\"potentialAction\":[{\"@type\":\"CommentAction\",\"name\":\"Comment\",\"target\":[\"https:\\\/\\\/centrourbano.com\\\/revista\\\/urbanismo\\\/construiran-34-parques-urbanos-en-chile\\\/#respond\"]}]},{\"@type\":\"WebPage\",\"@id\":\"https:\\\/\\\/centrourbano.com\\\/revista\\\/urbanismo\\\/construiran-34-parques-urbanos-en-chile\\\/\",\"url\":\"https:\\\/\\\/centrourbano.com\\\/revista\\\/urbanismo\\\/construiran-34-parques-urbanos-en-chile\\\/\",\"name\":\"Construir\u00e1n 34 parques urbanos en Chile -\",\"isPartOf\":{\"@id\":\"https:\\\/\\\/centrourbano.com\\\/revista\\\/#website\"},\"primaryImageOfPage\":{\"@id\":\"https:\\\/\\\/centrourbano.com\\\/revista\\\/urbanismo\\\/construiran-34-parques-urbanos-en-chile\\\/#primaryimage\"},\"image\":{\"@id\":\"https:\\\/\\\/centrourbano.com\\\/revista\\\/urbanismo\\\/construiran-34-parques-urbanos-en-chile\\\/#primaryimage\"},\"thumbnailUrl\":\"https:\\\/\\\/centrourbano.com\\\/revista\\\/wp-content\\\/uploads\\\/plano-parque-la-hondonada-cerro-navia-plan-chile-area-verde-1000x377-e1456243133830.png\",\"datePublished\":\"2016-02-23T15:59:10+00:00\",\"dateModified\":\"2016-02-23T15:59:38+00:00\",\"description\":\"Contemplan sumar 2, 900,000 de metros cuadrados de #\u00e1reas verdes De acuerdo con un proyecto llamado Plan #Chile \u00c1rea Verde, impulsado por el gobierno de\",\"breadcrumb\":{\"@id\":\"https:\\\/\\\/centrourbano.com\\\/revista\\\/urbanismo\\\/construiran-34-parques-urbanos-en-chile\\\/#breadcrumb\"},\"inLanguage\":\"es\",\"potentialAction\":[{\"@type\":\"ReadAction\",\"target\":[\"https:\\\/\\\/centrourbano.com\\\/revista\\\/urbanismo\\\/construiran-34-parques-urbanos-en-chile\\\/\"]}]},{\"@type\":\"ImageObject\",\"inLanguage\":\"es\",\"@id\":\"https:\\\/\\\/centrourbano.com\\\/revista\\\/urbanismo\\\/construiran-34-parques-urbanos-en-chile\\\/#primaryimage\",\"url\":\"https:\\\/\\\/centrourbano.com\\\/revista\\\/wp-content\\\/uploads\\\/plano-parque-la-hondonada-cerro-navia-plan-chile-area-verde-1000x377-e1456243133830.png\",\"contentUrl\":\"https:\\\/\\\/centrourbano.com\\\/revista\\\/wp-content\\\/uploads\\\/plano-parque-la-hondonada-cerro-navia-plan-chile-area-verde-1000x377-e1456243133830.png\",\"width\":580,\"height\":219},{\"@type\":\"BreadcrumbList\",\"@id\":\"https:\\\/\\\/centrourbano.com\\\/revista\\\/urbanismo\\\/construiran-34-parques-urbanos-en-chile\\\/#breadcrumb\",\"itemListElement\":[{\"@type\":\"ListItem\",\"position\":1,\"name\":\"Portada\",\"item\":\"https:\\\/\\\/centrourbano.com\\\/revista\\\/\"},{\"@type\":\"ListItem\",\"position\":2,\"name\":\"Construir\u00e1n 34 parques urbanos en Chile\"}]},{\"@type\":\"WebSite\",\"@id\":\"https:\\\/\\\/centrourbano.com\\\/revista\\\/#website\",\"url\":\"https:\\\/\\\/centrourbano.com\\\/revista\\\/\",\"name\":\"Centro Urbano\",\"description\":\"Medio especializado en los sectores vivienda, inmobiliario, construcci\u00f3n, arquitectura y urbanismo.\",\"publisher\":{\"@id\":\"https:\\\/\\\/centrourbano.com\\\/revista\\\/#organization\"},\"potentialAction\":[{\"@type\":\"SearchAction\",\"target\":{\"@type\":\"EntryPoint\",\"urlTemplate\":\"https:\\\/\\\/centrourbano.com\\\/revista\\\/?s={search_term_string}\"},\"query-input\":{\"@type\":\"PropertyValueSpecification\",\"valueRequired\":true,\"valueName\":\"search_term_string\"}}],\"inLanguage\":\"es\"},{\"@type\":\"Organization\",\"@id\":\"https:\\\/\\\/centrourbano.com\\\/revista\\\/#organization\",\"name\":\"Centro Urbano\",\"url\":\"https:\\\/\\\/centrourbano.com\\\/revista\\\/\",\"logo\":{\"@type\":\"ImageObject\",\"inLanguage\":\"es\",\"@id\":\"https:\\\/\\\/centrourbano.com\\\/revista\\\/#\\\/schema\\\/logo\\\/image\\\/\",\"url\":\"https:\\\/\\\/centrourbano.com\\\/revista\\\/wp-content\\\/uploads\\\/web_CU_logo-1.png\",\"contentUrl\":\"https:\\\/\\\/centrourbano.com\\\/revista\\\/wp-content\\\/uploads\\\/web_CU_logo-1.png\",\"width\":350,\"height\":91,\"caption\":\"Centro Urbano\"},\"image\":{\"@id\":\"https:\\\/\\\/centrourbano.com\\\/revista\\\/#\\\/schema\\\/logo\\\/image\\\/\"},\"sameAs\":[\"https:\\\/\\\/www.facebook.com\\\/portalcentrourbano\",\"https:\\\/\\\/x.com\\\/CentroUrbano\",\"https:\\\/\\\/www.instagram.com\\\/centro_urbano\\\/\",\"https:\\\/\\\/www.linkedin.com\\\/company\\\/centro-urbano\\\/\",\"http:\\\/\\\/www.youtube.com\\\/user\\\/portalcentrourbano\"]},{\"@type\":\"Person\",\"@id\":\"https:\\\/\\\/centrourbano.com\\\/revista\\\/#\\\/schema\\\/person\\\/fa3124fc7c30aaf90c5e85dc5ce88a3d\",\"name\":\"Yareth Casanova\",\"image\":{\"@type\":\"ImageObject\",\"inLanguage\":\"es\",\"@id\":\"https:\\\/\\\/secure.gravatar.com\\\/avatar\\\/cc5021d028a26acc18cd90754b870114c9449717d0cf43cc142712f089324f6d?s=96&d=mm&r=g\",\"url\":\"https:\\\/\\\/secure.gravatar.com\\\/avatar\\\/cc5021d028a26acc18cd90754b870114c9449717d0cf43cc142712f089324f6d?s=96&d=mm&r=g\",\"contentUrl\":\"https:\\\/\\\/secure.gravatar.com\\\/avatar\\\/cc5021d028a26acc18cd90754b870114c9449717d0cf43cc142712f089324f6d?s=96&d=mm&r=g\",\"caption\":\"Yareth Casanova\"},\"description\":\"Egresada de la Universidad del Valle de M\u00e9xico en Ciencias de la Comunicaci\u00f3n. Fungi\u00f3 como community manager en el Senado de la Rep\u00fablica y como becaria en editorial Televisa. Actualmente se desempe\u00f1a como community manager y reportera en Centro Urbano. Es amante de los perros y sus pasiones son el baile, el cine, la pol\u00edtica y la moda.\",\"url\":\"https:\\\/\\\/centrourbano.com\\\/revista\\\/author\\\/yarethcu\\\/\"}]}<\/script>\n<!-- \/ Yoast SEO plugin. -->","yoast_head_json":{"title":"Construir\u00e1n 34 parques urbanos en Chile -","description":"Contemplan sumar 2, 900,000 de metros cuadrados de #\u00e1reas verdes De acuerdo con un proyecto llamado Plan #Chile \u00c1rea Verde, impulsado por el gobierno de","robots":{"index":"index","follow":"follow","max-snippet":"max-snippet:-1","max-image-preview":"max-image-preview:large","max-video-preview":"max-video-preview:-1"},"canonical":"https:\/\/centrourbano.com\/revista\/urbanismo\/construiran-34-parques-urbanos-en-chile\/","og_locale":"es_ES","og_type":"article","og_title":"Construir\u00e1n 34 parques urbanos en Chile -","og_description":"Contemplan sumar 2, 900,000 de metros cuadrados de #\u00e1reas verdes De acuerdo con un proyecto llamado Plan #Chile \u00c1rea Verde, impulsado por el gobierno de","og_url":"https:\/\/centrourbano.com\/revista\/urbanismo\/construiran-34-parques-urbanos-en-chile\/","og_site_name":"Centro Urbano","article_publisher":"https:\/\/www.facebook.com\/portalcentrourbano","article_published_time":"2016-02-23T15:59:10+00:00","article_modified_time":"2016-02-23T15:59:38+00:00","og_image":[{"width":580,"height":219,"url":"https:\/\/centrourbano.com\/revista\/wp-content\/uploads\/plano-parque-la-hondonada-cerro-navia-plan-chile-area-verde-1000x377-e1456243133830.png","type":"image\/png"}],"author":"Yareth Casanova","twitter_card":"summary_large_image","twitter_creator":"@CentroUrbano","twitter_site":"@CentroUrbano","twitter_misc":{"Escrito por":"Yareth Casanova","Tiempo de lectura":"1 minuto"},"schema":{"@context":"https:\/\/schema.org","@graph":[{"@type":"Article","@id":"https:\/\/centrourbano.com\/revista\/urbanismo\/construiran-34-parques-urbanos-en-chile\/#article","isPartOf":{"@id":"https:\/\/centrourbano.com\/revista\/urbanismo\/construiran-34-parques-urbanos-en-chile\/"},"author":{"name":"Yareth Casanova","@id":"https:\/\/centrourbano.com\/revista\/#\/schema\/person\/fa3124fc7c30aaf90c5e85dc5ce88a3d"},"headline":"Construir\u00e1n 34 parques urbanos en Chile","datePublished":"2016-02-23T15:59:10+00:00","dateModified":"2016-02-23T15:59:38+00:00","mainEntityOfPage":{"@id":"https:\/\/centrourbano.com\/revista\/urbanismo\/construiran-34-parques-urbanos-en-chile\/"},"wordCount":198,"commentCount":0,"publisher":{"@id":"https:\/\/centrourbano.com\/revista\/#organization"},"image":{"@id":"https:\/\/centrourbano.com\/revista\/urbanismo\/construiran-34-parques-urbanos-en-chile\/#primaryimage"},"thumbnailUrl":"https:\/\/centrourbano.com\/revista\/wp-content\/uploads\/plano-parque-la-hondonada-cerro-navia-plan-chile-area-verde-1000x377-e1456243133830.png","keywords":["\u00c1reas verdes","Chile","Parques","Urbanismo","urbanos","vivienda+"],"articleSection":["Urbanismo"],"inLanguage":"es","potentialAction":[{"@type":"CommentAction","name":"Comment","target":["https:\/\/centrourbano.com\/revista\/urbanismo\/construiran-34-parques-urbanos-en-chile\/#respond"]}]},{"@type":"WebPage","@id":"https:\/\/centrourbano.com\/revista\/urbanismo\/construiran-34-parques-urbanos-en-chile\/","url":"https:\/\/centrourbano.com\/revista\/urbanismo\/construiran-34-parques-urbanos-en-chile\/","name":"Construir\u00e1n 34 parques urbanos en Chile -","isPartOf":{"@id":"https:\/\/centrourbano.com\/revista\/#website"},"primaryImageOfPage":{"@id":"https:\/\/centrourbano.com\/revista\/urbanismo\/construiran-34-parques-urbanos-en-chile\/#primaryimage"},"image":{"@id":"https:\/\/centrourbano.com\/revista\/urbanismo\/construiran-34-parques-urbanos-en-chile\/#primaryimage"},"thumbnailUrl":"https:\/\/centrourbano.com\/revista\/wp-content\/uploads\/plano-parque-la-hondonada-cerro-navia-plan-chile-area-verde-1000x377-e1456243133830.png","datePublished":"2016-02-23T15:59:10+00:00","dateModified":"2016-02-23T15:59:38+00:00","description":"Contemplan sumar 2, 900,000 de metros cuadrados de #\u00e1reas verdes De acuerdo con un proyecto llamado Plan #Chile \u00c1rea Verde, impulsado por el gobierno de","breadcrumb":{"@id":"https:\/\/centrourbano.com\/revista\/urbanismo\/construiran-34-parques-urbanos-en-chile\/#breadcrumb"},"inLanguage":"es","potentialAction":[{"@type":"ReadAction","target":["https:\/\/centrourbano.com\/revista\/urbanismo\/construiran-34-parques-urbanos-en-chile\/"]}]},{"@type":"ImageObject","inLanguage":"es","@id":"https:\/\/centrourbano.com\/revista\/urbanismo\/construiran-34-parques-urbanos-en-chile\/#primaryimage","url":"https:\/\/centrourbano.com\/revista\/wp-content\/uploads\/plano-parque-la-hondonada-cerro-navia-plan-chile-area-verde-1000x377-e1456243133830.png","contentUrl":"https:\/\/centrourbano.com\/revista\/wp-content\/uploads\/plano-parque-la-hondonada-cerro-navia-plan-chile-area-verde-1000x377-e1456243133830.png","width":580,"height":219},{"@type":"BreadcrumbList","@id":"https:\/\/centrourbano.com\/revista\/urbanismo\/construiran-34-parques-urbanos-en-chile\/#breadcrumb","itemListElement":[{"@type":"ListItem","position":1,"name":"Portada","item":"https:\/\/centrourbano.com\/revista\/"},{"@type":"ListItem","position":2,"name":"Construir\u00e1n 34 parques urbanos en Chile"}]},{"@type":"WebSite","@id":"https:\/\/centrourbano.com\/revista\/#website","url":"https:\/\/centrourbano.com\/revista\/","name":"Centro Urbano","description":"Medio especializado en los sectores vivienda, inmobiliario, construcci\u00f3n, arquitectura y urbanismo.","publisher":{"@id":"https:\/\/centrourbano.com\/revista\/#organization"},"potentialAction":[{"@type":"SearchAction","target":{"@type":"EntryPoint","urlTemplate":"https:\/\/centrourbano.com\/revista\/?s={search_term_string}"},"query-input":{"@type":"PropertyValueSpecification","valueRequired":true,"valueName":"search_term_string"}}],"inLanguage":"es"},{"@type":"Organization","@id":"https:\/\/centrourbano.com\/revista\/#organization","name":"Centro Urbano","url":"https:\/\/centrourbano.com\/revista\/","logo":{"@type":"ImageObject","inLanguage":"es","@id":"https:\/\/centrourbano.com\/revista\/#\/schema\/logo\/image\/","url":"https:\/\/centrourbano.com\/revista\/wp-content\/uploads\/web_CU_logo-1.png","contentUrl":"https:\/\/centrourbano.com\/revista\/wp-content\/uploads\/web_CU_logo-1.png","width":350,"height":91,"caption":"Centro Urbano"},"image":{"@id":"https:\/\/centrourbano.com\/revista\/#\/schema\/logo\/image\/"},"sameAs":["https:\/\/www.facebook.com\/portalcentrourbano","https:\/\/x.com\/CentroUrbano","https:\/\/www.instagram.com\/centro_urbano\/","https:\/\/www.linkedin.com\/company\/centro-urbano\/","http:\/\/www.youtube.com\/user\/portalcentrourbano"]},{"@type":"Person","@id":"https:\/\/centrourbano.com\/revista\/#\/schema\/person\/fa3124fc7c30aaf90c5e85dc5ce88a3d","name":"Yareth Casanova","image":{"@type":"ImageObject","inLanguage":"es","@id":"https:\/\/secure.gravatar.com\/avatar\/cc5021d028a26acc18cd90754b870114c9449717d0cf43cc142712f089324f6d?s=96&d=mm&r=g","url":"https:\/\/secure.gravatar.com\/avatar\/cc5021d028a26acc18cd90754b870114c9449717d0cf43cc142712f089324f6d?s=96&d=mm&r=g","contentUrl":"https:\/\/secure.gravatar.com\/avatar\/cc5021d028a26acc18cd90754b870114c9449717d0cf43cc142712f089324f6d?s=96&d=mm&r=g","caption":"Yareth Casanova"},"description":"Egresada de la Universidad del Valle de M\u00e9xico en Ciencias de la Comunicaci\u00f3n. Fungi\u00f3 como community manager en el Senado de la Rep\u00fablica y como becaria en editorial Televisa. Actualmente se desempe\u00f1a como community manager y reportera en Centro Urbano. Es amante de los perros y sus pasiones son el baile, el cine, la pol\u00edtica y la moda.","url":"https:\/\/centrourbano.com\/revista\/author\/yarethcu\/"}]}},"_links":{"self":[{"href":"https:\/\/centrourbano.com\/revista\/wp-json\/wp\/v2\/posts\/30750","targetHints":{"allow":["GET"]}}],"collection":[{"href":"https:\/\/centrourbano.com\/revista\/wp-json\/wp\/v2\/posts"}],"about":[{"href":"https:\/\/centrourbano.com\/revista\/wp-json\/wp\/v2\/types\/post"}],"author":[{"embeddable":true,"href":"https:\/\/centrourbano.com\/revista\/wp-json\/wp\/v2\/users\/36"}],"replies":[{"embeddable":true,"href":"https:\/\/centrourbano.com\/revista\/wp-json\/wp\/v2\/comments?post=30750"}],"version-history":[{"count":0,"href":"https:\/\/centrourbano.com\/revista\/wp-json\/wp\/v2\/posts\/30750\/revisions"}],"wp:featuredmedia":[{"embeddable":true,"href":"https:\/\/centrourbano.com\/revista\/wp-json\/wp\/v2\/media\/30752"}],"wp:attachment":[{"href":"https:\/\/centrourbano.com\/revista\/wp-json\/wp\/v2\/media?parent=30750"}],"wp:term":[{"taxonomy":"category","embeddable":true,"href":"https:\/\/centrourbano.com\/revista\/wp-json\/wp\/v2\/categories?post=30750"},{"taxonomy":"post_tag","embeddable":true,"href":"https:\/\/centrourbano.com\/revista\/wp-json\/wp\/v2\/tags?post=30750"}],"curies":[{"name":"wp","href":"https:\/\/api.w.org\/{rel}","templated":true}]}}