{"id":30686,"date":"2016-02-23T08:00:12","date_gmt":"2016-02-23T14:00:12","guid":{"rendered":"http:\/\/centrourbano.com\/?p=30686"},"modified":"2016-02-22T12:42:22","modified_gmt":"2016-02-22T18:42:22","slug":"adquieren-terreno-para-parque-industrial-en-slp","status":"publish","type":"post","link":"https:\/\/centrourbano.com\/revista\/inmobiliario\/adquieren-terreno-para-parque-industrial-en-slp\/","title":{"rendered":"Adquieren terreno para parque industrial en SLP"},"content":{"rendered":"<p><em>Se instalar\u00e1n 20 empresas a lo largo de 100 hect\u00e1reas <\/em><br \/>\n<!--more--><\/p>\n<p><a class=\"expresscurate_contentTags\" href=\"http:\/\/centrourbano.com\/tag\/grupo-amistad\/\">#Grupo Amistad<\/a> logr\u00f3 concretar la adquisici\u00f3n de un terreno de cerca de 100 hect\u00e1reas contempladas para la <a class=\"expresscurate_contentTags\" href=\"http:\/\/centrourbano.com\/tag\/construccion-2\/\">#construcci\u00f3n<\/a> de un <a class=\"expresscurate_contentTags\" href=\"http:\/\/centrourbano.com\/tag\/parque-industrial\/\">#parque industrial<\/a> en San Lu\u00eds Potos\u00ed, donde empresas armadoras como <a class=\"expresscurate_contentTags\" href=\"http:\/\/centrourbano.com\/tag\/bmw\/\">#BMW<\/a>, <a class=\"expresscurate_contentTags\" href=\"http:\/\/centrourbano.com\/tag\/gm\/\">#GM<\/a> y <a class=\"expresscurate_contentTags\" href=\"http:\/\/centrourbano.com\/tag\/ford\/\">#Ford<\/a> ser\u00e1n parte del mismo.<\/p>\n<p>En 2015 la empresa dio a conocer que la armadora BMW hab\u00eda presentado su propuesta para desarrollar en el parque industrial, sin embargo el presidente de Parque Industriales Amistad, Marco Alberto dijo que se realiz\u00f3 una evaluaci\u00f3n donde se est\u00e1n revisando otros puntos atractivos para el parque. <\/p>\n<p>La empresa contempla  cerrar las negociaciones este a\u00f1o y en 2017 iniciar con su construcci\u00f3n para la instalaci\u00f3n de 20 empresas en las 100 hect\u00e1reas.<\/p>\n<p>Con respecto al caso del Parque Industrial Amistad Aeropuerto, en Ramos Arizpe, el parque se encuentra en la cuarta etapa con 50 hect\u00e1reas en las que ya se instal\u00f3 la primera empresa que fue Vuteq y se espera la instalaci\u00f3n de 10 m\u00e1s; adem\u00e1s de que a\u00fan cuentan con 70 hect\u00e1reas en las que se espera desarrollar una quinta etapa.<\/p>\n","protected":false},"excerpt":{"rendered":"<p>Se instalar\u00e1n 20 empresas a lo largo de 100 hect\u00e1reas<\/p>\n","protected":false},"author":36,"featured_media":30687,"comment_status":"open","ping_status":"closed","sticky":false,"template":"","format":"standard","meta":{"om_disable_all_campaigns":false,"inline_featured_image":false,"_monsterinsights_skip_tracking":false,"_monsterinsights_sitenote_active":false,"_monsterinsights_sitenote_note":"","_monsterinsights_sitenote_category":0,"footnotes":""},"categories":[15],"tags":[1580,22,4865,7737,7738,301],"class_list":["post-30686","post","type-post","status-publish","format-standard","has-post-thumbnail","hentry","category-inmobiliario","tag-bmw","tag-construccion-2","tag-ford","tag-gm","tag-grupo-amistad","tag-parque-industrial"],"yoast_head":"<!-- This site is optimized with the Yoast SEO plugin v27.5 - https:\/\/yoast.com\/product\/yoast-seo-wordpress\/ -->\n<title>Adquieren terreno para parque industrial en SLP -<\/title>\n<meta name=\"description\" content=\"Se instalar\u00e1n 20 empresas a lo largo de 100 hect\u00e1reas #Grupo Amistad logr\u00f3 concretar la adquisici\u00f3n de un terreno de cerca de 100 hect\u00e1reas contempladas\" \/>\n<meta name=\"robots\" content=\"index, follow, max-snippet:-1, max-image-preview:large, max-video-preview:-1\" \/>\n<link rel=\"canonical\" href=\"https:\/\/centrourbano.com\/revista\/inmobiliario\/adquieren-terreno-para-parque-industrial-en-slp\/\" \/>\n<meta property=\"og:locale\" content=\"es_ES\" \/>\n<meta property=\"og:type\" content=\"article\" \/>\n<meta property=\"og:title\" content=\"Adquieren terreno para parque industrial en SLP -\" \/>\n<meta property=\"og:description\" content=\"Se instalar\u00e1n 20 empresas a lo largo de 100 hect\u00e1reas #Grupo Amistad logr\u00f3 concretar la adquisici\u00f3n de un terreno de cerca de 100 hect\u00e1reas contempladas\" \/>\n<meta property=\"og:url\" content=\"https:\/\/centrourbano.com\/revista\/inmobiliario\/adquieren-terreno-para-parque-industrial-en-slp\/\" \/>\n<meta property=\"og:site_name\" content=\"Centro Urbano\" \/>\n<meta property=\"article:publisher\" content=\"https:\/\/www.facebook.com\/portalcentrourbano\" \/>\n<meta property=\"article:published_time\" content=\"2016-02-23T14:00:12+00:00\" \/>\n<meta property=\"og:image\" content=\"https:\/\/centrourbano.com\/revista\/wp-content\/uploads\/parque_ind-e1456166427477.jpg\" \/>\n\t<meta property=\"og:image:width\" content=\"580\" \/>\n\t<meta property=\"og:image:height\" content=\"326\" \/>\n\t<meta property=\"og:image:type\" content=\"image\/jpeg\" \/>\n<meta name=\"author\" content=\"Yareth Casanova\" \/>\n<meta name=\"twitter:card\" content=\"summary_large_image\" \/>\n<meta name=\"twitter:creator\" content=\"@CentroUrbano\" \/>\n<meta name=\"twitter:site\" content=\"@CentroUrbano\" \/>\n<meta name=\"twitter:label1\" content=\"Escrito por\" \/>\n\t<meta name=\"twitter:data1\" content=\"Yareth Casanova\" \/>\n\t<meta name=\"twitter:label2\" content=\"Tiempo de lectura\" \/>\n\t<meta name=\"twitter:data2\" content=\"1 minuto\" \/>\n<script type=\"application\/ld+json\" class=\"yoast-schema-graph\">{\"@context\":\"https:\\\/\\\/schema.org\",\"@graph\":[{\"@type\":\"Article\",\"@id\":\"https:\\\/\\\/centrourbano.com\\\/revista\\\/inmobiliario\\\/adquieren-terreno-para-parque-industrial-en-slp\\\/#article\",\"isPartOf\":{\"@id\":\"https:\\\/\\\/centrourbano.com\\\/revista\\\/inmobiliario\\\/adquieren-terreno-para-parque-industrial-en-slp\\\/\"},\"author\":{\"name\":\"Yareth Casanova\",\"@id\":\"https:\\\/\\\/centrourbano.com\\\/revista\\\/#\\\/schema\\\/person\\\/fa3124fc7c30aaf90c5e85dc5ce88a3d\"},\"headline\":\"Adquieren terreno para parque industrial en SLP\",\"datePublished\":\"2016-02-23T14:00:12+00:00\",\"mainEntityOfPage\":{\"@id\":\"https:\\\/\\\/centrourbano.com\\\/revista\\\/inmobiliario\\\/adquieren-terreno-para-parque-industrial-en-slp\\\/\"},\"wordCount\":197,\"commentCount\":0,\"publisher\":{\"@id\":\"https:\\\/\\\/centrourbano.com\\\/revista\\\/#organization\"},\"image\":{\"@id\":\"https:\\\/\\\/centrourbano.com\\\/revista\\\/inmobiliario\\\/adquieren-terreno-para-parque-industrial-en-slp\\\/#primaryimage\"},\"thumbnailUrl\":\"https:\\\/\\\/centrourbano.com\\\/revista\\\/wp-content\\\/uploads\\\/parque_ind-e1456166427477.jpg\",\"keywords\":[\"BMW\",\"construcci\u00f3n\",\"Ford\",\"GM\",\"Grupo Amistad\",\"parque industrial\"],\"articleSection\":[\"Inmobiliario\"],\"inLanguage\":\"es\",\"potentialAction\":[{\"@type\":\"CommentAction\",\"name\":\"Comment\",\"target\":[\"https:\\\/\\\/centrourbano.com\\\/revista\\\/inmobiliario\\\/adquieren-terreno-para-parque-industrial-en-slp\\\/#respond\"]}]},{\"@type\":\"WebPage\",\"@id\":\"https:\\\/\\\/centrourbano.com\\\/revista\\\/inmobiliario\\\/adquieren-terreno-para-parque-industrial-en-slp\\\/\",\"url\":\"https:\\\/\\\/centrourbano.com\\\/revista\\\/inmobiliario\\\/adquieren-terreno-para-parque-industrial-en-slp\\\/\",\"name\":\"Adquieren terreno para parque industrial en SLP -\",\"isPartOf\":{\"@id\":\"https:\\\/\\\/centrourbano.com\\\/revista\\\/#website\"},\"primaryImageOfPage\":{\"@id\":\"https:\\\/\\\/centrourbano.com\\\/revista\\\/inmobiliario\\\/adquieren-terreno-para-parque-industrial-en-slp\\\/#primaryimage\"},\"image\":{\"@id\":\"https:\\\/\\\/centrourbano.com\\\/revista\\\/inmobiliario\\\/adquieren-terreno-para-parque-industrial-en-slp\\\/#primaryimage\"},\"thumbnailUrl\":\"https:\\\/\\\/centrourbano.com\\\/revista\\\/wp-content\\\/uploads\\\/parque_ind-e1456166427477.jpg\",\"datePublished\":\"2016-02-23T14:00:12+00:00\",\"description\":\"Se instalar\u00e1n 20 empresas a lo largo de 100 hect\u00e1reas #Grupo Amistad logr\u00f3 concretar la adquisici\u00f3n de un terreno de cerca de 100 hect\u00e1reas contempladas\",\"breadcrumb\":{\"@id\":\"https:\\\/\\\/centrourbano.com\\\/revista\\\/inmobiliario\\\/adquieren-terreno-para-parque-industrial-en-slp\\\/#breadcrumb\"},\"inLanguage\":\"es\",\"potentialAction\":[{\"@type\":\"ReadAction\",\"target\":[\"https:\\\/\\\/centrourbano.com\\\/revista\\\/inmobiliario\\\/adquieren-terreno-para-parque-industrial-en-slp\\\/\"]}]},{\"@type\":\"ImageObject\",\"inLanguage\":\"es\",\"@id\":\"https:\\\/\\\/centrourbano.com\\\/revista\\\/inmobiliario\\\/adquieren-terreno-para-parque-industrial-en-slp\\\/#primaryimage\",\"url\":\"https:\\\/\\\/centrourbano.com\\\/revista\\\/wp-content\\\/uploads\\\/parque_ind-e1456166427477.jpg\",\"contentUrl\":\"https:\\\/\\\/centrourbano.com\\\/revista\\\/wp-content\\\/uploads\\\/parque_ind-e1456166427477.jpg\",\"width\":580,\"height\":326,\"caption\":\"El inventario industrial lleg\u00f3 a 8.6 millones de metros cuadrados\"},{\"@type\":\"BreadcrumbList\",\"@id\":\"https:\\\/\\\/centrourbano.com\\\/revista\\\/inmobiliario\\\/adquieren-terreno-para-parque-industrial-en-slp\\\/#breadcrumb\",\"itemListElement\":[{\"@type\":\"ListItem\",\"position\":1,\"name\":\"Portada\",\"item\":\"https:\\\/\\\/centrourbano.com\\\/revista\\\/\"},{\"@type\":\"ListItem\",\"position\":2,\"name\":\"Adquieren terreno para parque industrial en SLP\"}]},{\"@type\":\"WebSite\",\"@id\":\"https:\\\/\\\/centrourbano.com\\\/revista\\\/#website\",\"url\":\"https:\\\/\\\/centrourbano.com\\\/revista\\\/\",\"name\":\"Centro Urbano\",\"description\":\"Medio especializado en los sectores vivienda, inmobiliario, construcci\u00f3n, arquitectura y urbanismo.\",\"publisher\":{\"@id\":\"https:\\\/\\\/centrourbano.com\\\/revista\\\/#organization\"},\"potentialAction\":[{\"@type\":\"SearchAction\",\"target\":{\"@type\":\"EntryPoint\",\"urlTemplate\":\"https:\\\/\\\/centrourbano.com\\\/revista\\\/?s={search_term_string}\"},\"query-input\":{\"@type\":\"PropertyValueSpecification\",\"valueRequired\":true,\"valueName\":\"search_term_string\"}}],\"inLanguage\":\"es\"},{\"@type\":\"Organization\",\"@id\":\"https:\\\/\\\/centrourbano.com\\\/revista\\\/#organization\",\"name\":\"Centro Urbano\",\"url\":\"https:\\\/\\\/centrourbano.com\\\/revista\\\/\",\"logo\":{\"@type\":\"ImageObject\",\"inLanguage\":\"es\",\"@id\":\"https:\\\/\\\/centrourbano.com\\\/revista\\\/#\\\/schema\\\/logo\\\/image\\\/\",\"url\":\"https:\\\/\\\/centrourbano.com\\\/revista\\\/wp-content\\\/uploads\\\/web_CU_logo-1.png\",\"contentUrl\":\"https:\\\/\\\/centrourbano.com\\\/revista\\\/wp-content\\\/uploads\\\/web_CU_logo-1.png\",\"width\":350,\"height\":91,\"caption\":\"Centro Urbano\"},\"image\":{\"@id\":\"https:\\\/\\\/centrourbano.com\\\/revista\\\/#\\\/schema\\\/logo\\\/image\\\/\"},\"sameAs\":[\"https:\\\/\\\/www.facebook.com\\\/portalcentrourbano\",\"https:\\\/\\\/x.com\\\/CentroUrbano\",\"https:\\\/\\\/www.instagram.com\\\/centro_urbano\\\/\",\"https:\\\/\\\/www.linkedin.com\\\/company\\\/centro-urbano\\\/\",\"http:\\\/\\\/www.youtube.com\\\/user\\\/portalcentrourbano\"]},{\"@type\":\"Person\",\"@id\":\"https:\\\/\\\/centrourbano.com\\\/revista\\\/#\\\/schema\\\/person\\\/fa3124fc7c30aaf90c5e85dc5ce88a3d\",\"name\":\"Yareth Casanova\",\"image\":{\"@type\":\"ImageObject\",\"inLanguage\":\"es\",\"@id\":\"https:\\\/\\\/secure.gravatar.com\\\/avatar\\\/cc5021d028a26acc18cd90754b870114c9449717d0cf43cc142712f089324f6d?s=96&d=mm&r=g\",\"url\":\"https:\\\/\\\/secure.gravatar.com\\\/avatar\\\/cc5021d028a26acc18cd90754b870114c9449717d0cf43cc142712f089324f6d?s=96&d=mm&r=g\",\"contentUrl\":\"https:\\\/\\\/secure.gravatar.com\\\/avatar\\\/cc5021d028a26acc18cd90754b870114c9449717d0cf43cc142712f089324f6d?s=96&d=mm&r=g\",\"caption\":\"Yareth Casanova\"},\"description\":\"Egresada de la Universidad del Valle de M\u00e9xico en Ciencias de la Comunicaci\u00f3n. Fungi\u00f3 como community manager en el Senado de la Rep\u00fablica y como becaria en editorial Televisa. Actualmente se desempe\u00f1a como community manager y reportera en Centro Urbano. Es amante de los perros y sus pasiones son el baile, el cine, la pol\u00edtica y la moda.\",\"url\":\"https:\\\/\\\/centrourbano.com\\\/revista\\\/author\\\/yarethcu\\\/\"}]}<\/script>\n<!-- \/ Yoast SEO plugin. -->","yoast_head_json":{"title":"Adquieren terreno para parque industrial en SLP -","description":"Se instalar\u00e1n 20 empresas a lo largo de 100 hect\u00e1reas #Grupo Amistad logr\u00f3 concretar la adquisici\u00f3n de un terreno de cerca de 100 hect\u00e1reas contempladas","robots":{"index":"index","follow":"follow","max-snippet":"max-snippet:-1","max-image-preview":"max-image-preview:large","max-video-preview":"max-video-preview:-1"},"canonical":"https:\/\/centrourbano.com\/revista\/inmobiliario\/adquieren-terreno-para-parque-industrial-en-slp\/","og_locale":"es_ES","og_type":"article","og_title":"Adquieren terreno para parque industrial en SLP -","og_description":"Se instalar\u00e1n 20 empresas a lo largo de 100 hect\u00e1reas #Grupo Amistad logr\u00f3 concretar la adquisici\u00f3n de un terreno de cerca de 100 hect\u00e1reas contempladas","og_url":"https:\/\/centrourbano.com\/revista\/inmobiliario\/adquieren-terreno-para-parque-industrial-en-slp\/","og_site_name":"Centro Urbano","article_publisher":"https:\/\/www.facebook.com\/portalcentrourbano","article_published_time":"2016-02-23T14:00:12+00:00","og_image":[{"width":580,"height":326,"url":"https:\/\/centrourbano.com\/revista\/wp-content\/uploads\/parque_ind-e1456166427477.jpg","type":"image\/jpeg"}],"author":"Yareth Casanova","twitter_card":"summary_large_image","twitter_creator":"@CentroUrbano","twitter_site":"@CentroUrbano","twitter_misc":{"Escrito por":"Yareth Casanova","Tiempo de lectura":"1 minuto"},"schema":{"@context":"https:\/\/schema.org","@graph":[{"@type":"Article","@id":"https:\/\/centrourbano.com\/revista\/inmobiliario\/adquieren-terreno-para-parque-industrial-en-slp\/#article","isPartOf":{"@id":"https:\/\/centrourbano.com\/revista\/inmobiliario\/adquieren-terreno-para-parque-industrial-en-slp\/"},"author":{"name":"Yareth Casanova","@id":"https:\/\/centrourbano.com\/revista\/#\/schema\/person\/fa3124fc7c30aaf90c5e85dc5ce88a3d"},"headline":"Adquieren terreno para parque industrial en SLP","datePublished":"2016-02-23T14:00:12+00:00","mainEntityOfPage":{"@id":"https:\/\/centrourbano.com\/revista\/inmobiliario\/adquieren-terreno-para-parque-industrial-en-slp\/"},"wordCount":197,"commentCount":0,"publisher":{"@id":"https:\/\/centrourbano.com\/revista\/#organization"},"image":{"@id":"https:\/\/centrourbano.com\/revista\/inmobiliario\/adquieren-terreno-para-parque-industrial-en-slp\/#primaryimage"},"thumbnailUrl":"https:\/\/centrourbano.com\/revista\/wp-content\/uploads\/parque_ind-e1456166427477.jpg","keywords":["BMW","construcci\u00f3n","Ford","GM","Grupo Amistad","parque industrial"],"articleSection":["Inmobiliario"],"inLanguage":"es","potentialAction":[{"@type":"CommentAction","name":"Comment","target":["https:\/\/centrourbano.com\/revista\/inmobiliario\/adquieren-terreno-para-parque-industrial-en-slp\/#respond"]}]},{"@type":"WebPage","@id":"https:\/\/centrourbano.com\/revista\/inmobiliario\/adquieren-terreno-para-parque-industrial-en-slp\/","url":"https:\/\/centrourbano.com\/revista\/inmobiliario\/adquieren-terreno-para-parque-industrial-en-slp\/","name":"Adquieren terreno para parque industrial en SLP -","isPartOf":{"@id":"https:\/\/centrourbano.com\/revista\/#website"},"primaryImageOfPage":{"@id":"https:\/\/centrourbano.com\/revista\/inmobiliario\/adquieren-terreno-para-parque-industrial-en-slp\/#primaryimage"},"image":{"@id":"https:\/\/centrourbano.com\/revista\/inmobiliario\/adquieren-terreno-para-parque-industrial-en-slp\/#primaryimage"},"thumbnailUrl":"https:\/\/centrourbano.com\/revista\/wp-content\/uploads\/parque_ind-e1456166427477.jpg","datePublished":"2016-02-23T14:00:12+00:00","description":"Se instalar\u00e1n 20 empresas a lo largo de 100 hect\u00e1reas #Grupo Amistad logr\u00f3 concretar la adquisici\u00f3n de un terreno de cerca de 100 hect\u00e1reas contempladas","breadcrumb":{"@id":"https:\/\/centrourbano.com\/revista\/inmobiliario\/adquieren-terreno-para-parque-industrial-en-slp\/#breadcrumb"},"inLanguage":"es","potentialAction":[{"@type":"ReadAction","target":["https:\/\/centrourbano.com\/revista\/inmobiliario\/adquieren-terreno-para-parque-industrial-en-slp\/"]}]},{"@type":"ImageObject","inLanguage":"es","@id":"https:\/\/centrourbano.com\/revista\/inmobiliario\/adquieren-terreno-para-parque-industrial-en-slp\/#primaryimage","url":"https:\/\/centrourbano.com\/revista\/wp-content\/uploads\/parque_ind-e1456166427477.jpg","contentUrl":"https:\/\/centrourbano.com\/revista\/wp-content\/uploads\/parque_ind-e1456166427477.jpg","width":580,"height":326,"caption":"El inventario industrial lleg\u00f3 a 8.6 millones de metros cuadrados"},{"@type":"BreadcrumbList","@id":"https:\/\/centrourbano.com\/revista\/inmobiliario\/adquieren-terreno-para-parque-industrial-en-slp\/#breadcrumb","itemListElement":[{"@type":"ListItem","position":1,"name":"Portada","item":"https:\/\/centrourbano.com\/revista\/"},{"@type":"ListItem","position":2,"name":"Adquieren terreno para parque industrial en SLP"}]},{"@type":"WebSite","@id":"https:\/\/centrourbano.com\/revista\/#website","url":"https:\/\/centrourbano.com\/revista\/","name":"Centro Urbano","description":"Medio especializado en los sectores vivienda, inmobiliario, construcci\u00f3n, arquitectura y urbanismo.","publisher":{"@id":"https:\/\/centrourbano.com\/revista\/#organization"},"potentialAction":[{"@type":"SearchAction","target":{"@type":"EntryPoint","urlTemplate":"https:\/\/centrourbano.com\/revista\/?s={search_term_string}"},"query-input":{"@type":"PropertyValueSpecification","valueRequired":true,"valueName":"search_term_string"}}],"inLanguage":"es"},{"@type":"Organization","@id":"https:\/\/centrourbano.com\/revista\/#organization","name":"Centro Urbano","url":"https:\/\/centrourbano.com\/revista\/","logo":{"@type":"ImageObject","inLanguage":"es","@id":"https:\/\/centrourbano.com\/revista\/#\/schema\/logo\/image\/","url":"https:\/\/centrourbano.com\/revista\/wp-content\/uploads\/web_CU_logo-1.png","contentUrl":"https:\/\/centrourbano.com\/revista\/wp-content\/uploads\/web_CU_logo-1.png","width":350,"height":91,"caption":"Centro Urbano"},"image":{"@id":"https:\/\/centrourbano.com\/revista\/#\/schema\/logo\/image\/"},"sameAs":["https:\/\/www.facebook.com\/portalcentrourbano","https:\/\/x.com\/CentroUrbano","https:\/\/www.instagram.com\/centro_urbano\/","https:\/\/www.linkedin.com\/company\/centro-urbano\/","http:\/\/www.youtube.com\/user\/portalcentrourbano"]},{"@type":"Person","@id":"https:\/\/centrourbano.com\/revista\/#\/schema\/person\/fa3124fc7c30aaf90c5e85dc5ce88a3d","name":"Yareth Casanova","image":{"@type":"ImageObject","inLanguage":"es","@id":"https:\/\/secure.gravatar.com\/avatar\/cc5021d028a26acc18cd90754b870114c9449717d0cf43cc142712f089324f6d?s=96&d=mm&r=g","url":"https:\/\/secure.gravatar.com\/avatar\/cc5021d028a26acc18cd90754b870114c9449717d0cf43cc142712f089324f6d?s=96&d=mm&r=g","contentUrl":"https:\/\/secure.gravatar.com\/avatar\/cc5021d028a26acc18cd90754b870114c9449717d0cf43cc142712f089324f6d?s=96&d=mm&r=g","caption":"Yareth Casanova"},"description":"Egresada de la Universidad del Valle de M\u00e9xico en Ciencias de la Comunicaci\u00f3n. Fungi\u00f3 como community manager en el Senado de la Rep\u00fablica y como becaria en editorial Televisa. Actualmente se desempe\u00f1a como community manager y reportera en Centro Urbano. Es amante de los perros y sus pasiones son el baile, el cine, la pol\u00edtica y la moda.","url":"https:\/\/centrourbano.com\/revista\/author\/yarethcu\/"}]}},"_links":{"self":[{"href":"https:\/\/centrourbano.com\/revista\/wp-json\/wp\/v2\/posts\/30686","targetHints":{"allow":["GET"]}}],"collection":[{"href":"https:\/\/centrourbano.com\/revista\/wp-json\/wp\/v2\/posts"}],"about":[{"href":"https:\/\/centrourbano.com\/revista\/wp-json\/wp\/v2\/types\/post"}],"author":[{"embeddable":true,"href":"https:\/\/centrourbano.com\/revista\/wp-json\/wp\/v2\/users\/36"}],"replies":[{"embeddable":true,"href":"https:\/\/centrourbano.com\/revista\/wp-json\/wp\/v2\/comments?post=30686"}],"version-history":[{"count":0,"href":"https:\/\/centrourbano.com\/revista\/wp-json\/wp\/v2\/posts\/30686\/revisions"}],"wp:featuredmedia":[{"embeddable":true,"href":"https:\/\/centrourbano.com\/revista\/wp-json\/wp\/v2\/media\/30687"}],"wp:attachment":[{"href":"https:\/\/centrourbano.com\/revista\/wp-json\/wp\/v2\/media?parent=30686"}],"wp:term":[{"taxonomy":"category","embeddable":true,"href":"https:\/\/centrourbano.com\/revista\/wp-json\/wp\/v2\/categories?post=30686"},{"taxonomy":"post_tag","embeddable":true,"href":"https:\/\/centrourbano.com\/revista\/wp-json\/wp\/v2\/tags?post=30686"}],"curies":[{"name":"wp","href":"https:\/\/api.w.org\/{rel}","templated":true}]}}