{"id":30613,"date":"2016-02-19T13:59:36","date_gmt":"2016-02-19T19:59:36","guid":{"rendered":"http:\/\/centrourbano.com\/?p=30613"},"modified":"2016-02-19T14:09:58","modified_gmt":"2016-02-19T20:09:58","slug":"arquitectos-mexicanos-son-reconocidos-como-voces-emergentes-en-ny","status":"publish","type":"post","link":"https:\/\/centrourbano.com\/revista\/arquitectura-2\/arquitectos-mexicanos-son-reconocidos-como-voces-emergentes-en-ny\/","title":{"rendered":"Arquitectos mexicanos son reconocidos como \u201cVoces Emergentes\u201d en NY"},"content":{"rendered":"<p><em>En la edici\u00f3n 2016 fueron seleccionados Rozana Montiel, del despacho <a class=\"expresscurate_contentTags\" href=\"http:\/\/centrourbano.com\/tag\/rozana-montiel-estudio-de-arquitectura\/\">#Rozana Montiel Estudio de Arquitectura<\/a>, as\u00ed como el estudio <a class=\"expresscurate_contentTags\" href=\"http:\/\/centrourbano.com\/tag\/s-ar\/\">#S-AR<\/a> de Monterrey<br \/>\n<\/em><!--more--><\/p>\n<p><a class=\"expresscurate_contentTags\" href=\"http:\/\/centrourbano.com\/tag\/the-architectural-league\/\">#The Architectural League<\/a> cada a\u00f1o organiza una serie de competiciones con el prop\u00f3sito de fomentar la excelencia en la <a class=\"expresscurate_contentTags\" href=\"http:\/\/centrourbano.com\/tag\/arquitectura\/\">#arquitectura<\/a>, sobre todo entre los dise\u00f1adores m\u00e1s j\u00f3venes, y as\u00ed explorar las ideas de la actualidad.<\/p>\n<p>Desde hace 34 ediciones, esta liga selecciona y distingue a ocho pr\u00e1cticas con el <a class=\"expresscurate_contentTags\" href=\"http:\/\/centrourbano.com\/tag\/premio\/\">#premio<\/a> \u201cVoces Emergentes\u201d (Emerging Voices), el cual reconoce a las empresas de Am\u00e9rica del Norte y a las personas que cuenten con las voces de un dise\u00f1o distinto y \u00f3rganos importantes del trabajo realizado.<\/p>\n<p>\u00c9stas, pueden ser tanto personas como oficinas de arquitectura con sede en Estados Unidos, Canad\u00e1 y M\u00e9xico, quienes deben tener un potencial para influir en las disciplinas de arquitectura, <a class=\"expresscurate_contentTags\" href=\"http:\/\/centrourbano.com\/tag\/urbanismo\/\">#urbanismo<\/a> y paisajismo.<\/p>\n<p>En esta edici\u00f3n 2016 dos mexicanos fueron seleccionados como \u201cVoces Emergentes\u201d: Rozana Montiel, fundadora del despacho Rozana Montiel Estudio de Arquitectura; as\u00ed como el estudio de arquitectura S-AR de la ciudad de Monterrey, Nuevo Le\u00f3n. <\/p>\n<p>Adem\u00e1s, las otras seis \u201cvoces\u201d corresponden a Alex y Nick Anmahian Winton, directores y co-fundadores, de Anmahian Winton Architects, con sede en Cambridge, Massachusetts; Omar Gandhi, director de Omar Gandhi Arquitecto, con sede en Halifax y Toronto; Frank Jacobus y Marc Manack, directores de SILO AR + D, con sede en Arkansas; Jon Lott, director del Proyecto Par\u00e1 y miembro co-fundador de Colectivo-LOK, en la ciudad de Nueva York; E. B. <\/p>\n<p>Min y Jeffrey L. Day, directores de Min | Day, con sede en San Francisco y Omaha; adem\u00e1s de Heather Roberge, director de Murmur, con sede en Los \u00c1ngeles. <\/p>\n<p>Para seleccionar a los ganadores el jurado se encarga de revisar a detalle los trabajos realizados y considera los logros en el dise\u00f1o y las comunidades acad\u00e9micas. El trabajo de cada Voz Emergente representa lo mejor de su clase, y aborda los problemas m\u00e1s grandes dentro de la arquitectura, el paisaje y el entorno construido. <\/p>\n<p>Este a\u00f1o el jurado incluy\u00f3 a Sunil Calvo, Henry N. Cobb, Susannah Drake, Mario Gooden, Karrie Jacobs, Anna Kats, Thomas Phifer, y Billie Tsien. <\/p>\n","protected":false},"excerpt":{"rendered":"<p>En la edici\u00f3n 2016 fueron seleccionados Rozana Montiel, del despacho #Rozana Montiel Estudio de Arquitectura, as\u00ed como el estudio #S-AR de Monterrey<\/p>\n","protected":false},"author":9,"featured_media":30614,"comment_status":"open","ping_status":"closed","sticky":false,"template":"","format":"standard","meta":{"om_disable_all_campaigns":false,"inline_featured_image":false,"_monsterinsights_skip_tracking":false,"_monsterinsights_sitenote_active":false,"_monsterinsights_sitenote_note":"","_monsterinsights_sitenote_category":0,"footnotes":""},"categories":[81],"tags":[1273,20,7724,260,7726,7727,7725,6156],"class_list":["post-30613","post","type-post","status-publish","format-standard","has-post-thumbnail","hentry","category-arquitectura-2","tag-arquitectos","tag-arquitectura","tag-oces-emergentes","tag-premio","tag-rozana-montiel-estudio-de-arquitectura","tag-s-ar","tag-the-architectural-league","tag-urbanismo"],"yoast_head":"<!-- This site is optimized with the Yoast SEO plugin v27.4 - https:\/\/yoast.com\/product\/yoast-seo-wordpress\/ -->\n<title>Arquitectos mexicanos son reconocidos como \u201cVoces Emergentes\u201d en NY -<\/title>\n<meta name=\"description\" content=\"En la edici\u00f3n 2016 fueron seleccionados Rozana Montiel, del despacho #Rozana Montiel Estudio de Arquitectura, as\u00ed como el estudio #S-AR de Monterrey #The\" \/>\n<meta name=\"robots\" content=\"index, follow, max-snippet:-1, max-image-preview:large, max-video-preview:-1\" \/>\n<link rel=\"canonical\" href=\"https:\/\/centrourbano.com\/revista\/arquitectura-2\/arquitectos-mexicanos-son-reconocidos-como-voces-emergentes-en-ny\/\" \/>\n<meta property=\"og:locale\" content=\"es_ES\" \/>\n<meta property=\"og:type\" content=\"article\" \/>\n<meta property=\"og:title\" content=\"Arquitectos mexicanos son reconocidos como \u201cVoces Emergentes\u201d en NY -\" \/>\n<meta property=\"og:description\" content=\"En la edici\u00f3n 2016 fueron seleccionados Rozana Montiel, del despacho #Rozana Montiel Estudio de Arquitectura, as\u00ed como el estudio #S-AR de Monterrey #The\" \/>\n<meta property=\"og:url\" content=\"https:\/\/centrourbano.com\/revista\/arquitectura-2\/arquitectos-mexicanos-son-reconocidos-como-voces-emergentes-en-ny\/\" \/>\n<meta property=\"og:site_name\" content=\"Centro Urbano\" \/>\n<meta property=\"article:publisher\" content=\"https:\/\/www.facebook.com\/portalcentrourbano\" \/>\n<meta property=\"article:published_time\" content=\"2016-02-19T19:59:36+00:00\" \/>\n<meta property=\"article:modified_time\" content=\"2016-02-19T20:09:58+00:00\" \/>\n<meta property=\"og:image\" content=\"https:\/\/centrourbano.com\/revista\/wp-content\/uploads\/intro_6-768x576.jpg\" \/>\n\t<meta property=\"og:image:width\" content=\"768\" \/>\n\t<meta property=\"og:image:height\" content=\"576\" \/>\n\t<meta property=\"og:image:type\" content=\"image\/jpeg\" \/>\n<meta name=\"author\" content=\"Dinorah Nava\" \/>\n<meta name=\"twitter:card\" content=\"summary_large_image\" \/>\n<meta name=\"twitter:creator\" content=\"@https:\/\/twitter.com\/Dinorah_Nava28\" \/>\n<meta name=\"twitter:site\" content=\"@CentroUrbano\" \/>\n<meta name=\"twitter:label1\" content=\"Escrito por\" \/>\n\t<meta name=\"twitter:data1\" content=\"Dinorah Nava\" \/>\n\t<meta name=\"twitter:label2\" content=\"Tiempo de lectura\" \/>\n\t<meta name=\"twitter:data2\" content=\"2 minutos\" \/>\n<script type=\"application\/ld+json\" class=\"yoast-schema-graph\">{\"@context\":\"https:\\\/\\\/schema.org\",\"@graph\":[{\"@type\":\"Article\",\"@id\":\"https:\\\/\\\/centrourbano.com\\\/revista\\\/arquitectura-2\\\/arquitectos-mexicanos-son-reconocidos-como-voces-emergentes-en-ny\\\/#article\",\"isPartOf\":{\"@id\":\"https:\\\/\\\/centrourbano.com\\\/revista\\\/arquitectura-2\\\/arquitectos-mexicanos-son-reconocidos-como-voces-emergentes-en-ny\\\/\"},\"author\":{\"name\":\"Dinorah Nava\",\"@id\":\"https:\\\/\\\/centrourbano.com\\\/revista\\\/#\\\/schema\\\/person\\\/b45db815d96831257ba428a3d5a5fbdc\"},\"headline\":\"Arquitectos mexicanos son reconocidos como \u201cVoces Emergentes\u201d en NY\",\"datePublished\":\"2016-02-19T19:59:36+00:00\",\"dateModified\":\"2016-02-19T20:09:58+00:00\",\"mainEntityOfPage\":{\"@id\":\"https:\\\/\\\/centrourbano.com\\\/revista\\\/arquitectura-2\\\/arquitectos-mexicanos-son-reconocidos-como-voces-emergentes-en-ny\\\/\"},\"wordCount\":373,\"commentCount\":0,\"publisher\":{\"@id\":\"https:\\\/\\\/centrourbano.com\\\/revista\\\/#organization\"},\"image\":{\"@id\":\"https:\\\/\\\/centrourbano.com\\\/revista\\\/arquitectura-2\\\/arquitectos-mexicanos-son-reconocidos-como-voces-emergentes-en-ny\\\/#primaryimage\"},\"thumbnailUrl\":\"https:\\\/\\\/centrourbano.com\\\/revista\\\/wp-content\\\/uploads\\\/intro_6-768x576.jpg\",\"keywords\":[\"arquitectos\",\"arquitectura\",\"oces Emergentes\",\"Premio\",\"Rozana Montiel Estudio de Arquitectura\",\"S-AR\",\"The Architectural League\",\"Urbanismo\"],\"articleSection\":[\"Arquitectura\"],\"inLanguage\":\"es\",\"potentialAction\":[{\"@type\":\"CommentAction\",\"name\":\"Comment\",\"target\":[\"https:\\\/\\\/centrourbano.com\\\/revista\\\/arquitectura-2\\\/arquitectos-mexicanos-son-reconocidos-como-voces-emergentes-en-ny\\\/#respond\"]}]},{\"@type\":\"WebPage\",\"@id\":\"https:\\\/\\\/centrourbano.com\\\/revista\\\/arquitectura-2\\\/arquitectos-mexicanos-son-reconocidos-como-voces-emergentes-en-ny\\\/\",\"url\":\"https:\\\/\\\/centrourbano.com\\\/revista\\\/arquitectura-2\\\/arquitectos-mexicanos-son-reconocidos-como-voces-emergentes-en-ny\\\/\",\"name\":\"Arquitectos mexicanos son reconocidos como \u201cVoces Emergentes\u201d en NY -\",\"isPartOf\":{\"@id\":\"https:\\\/\\\/centrourbano.com\\\/revista\\\/#website\"},\"primaryImageOfPage\":{\"@id\":\"https:\\\/\\\/centrourbano.com\\\/revista\\\/arquitectura-2\\\/arquitectos-mexicanos-son-reconocidos-como-voces-emergentes-en-ny\\\/#primaryimage\"},\"image\":{\"@id\":\"https:\\\/\\\/centrourbano.com\\\/revista\\\/arquitectura-2\\\/arquitectos-mexicanos-son-reconocidos-como-voces-emergentes-en-ny\\\/#primaryimage\"},\"thumbnailUrl\":\"https:\\\/\\\/centrourbano.com\\\/revista\\\/wp-content\\\/uploads\\\/intro_6-768x576.jpg\",\"datePublished\":\"2016-02-19T19:59:36+00:00\",\"dateModified\":\"2016-02-19T20:09:58+00:00\",\"description\":\"En la edici\u00f3n 2016 fueron seleccionados Rozana Montiel, del despacho #Rozana Montiel Estudio de Arquitectura, as\u00ed como el estudio #S-AR de Monterrey #The\",\"breadcrumb\":{\"@id\":\"https:\\\/\\\/centrourbano.com\\\/revista\\\/arquitectura-2\\\/arquitectos-mexicanos-son-reconocidos-como-voces-emergentes-en-ny\\\/#breadcrumb\"},\"inLanguage\":\"es\",\"potentialAction\":[{\"@type\":\"ReadAction\",\"target\":[\"https:\\\/\\\/centrourbano.com\\\/revista\\\/arquitectura-2\\\/arquitectos-mexicanos-son-reconocidos-como-voces-emergentes-en-ny\\\/\"]}]},{\"@type\":\"ImageObject\",\"inLanguage\":\"es\",\"@id\":\"https:\\\/\\\/centrourbano.com\\\/revista\\\/arquitectura-2\\\/arquitectos-mexicanos-son-reconocidos-como-voces-emergentes-en-ny\\\/#primaryimage\",\"url\":\"https:\\\/\\\/centrourbano.com\\\/revista\\\/wp-content\\\/uploads\\\/intro_6-768x576.jpg\",\"contentUrl\":\"https:\\\/\\\/centrourbano.com\\\/revista\\\/wp-content\\\/uploads\\\/intro_6-768x576.jpg\",\"width\":768,\"height\":576},{\"@type\":\"BreadcrumbList\",\"@id\":\"https:\\\/\\\/centrourbano.com\\\/revista\\\/arquitectura-2\\\/arquitectos-mexicanos-son-reconocidos-como-voces-emergentes-en-ny\\\/#breadcrumb\",\"itemListElement\":[{\"@type\":\"ListItem\",\"position\":1,\"name\":\"Portada\",\"item\":\"https:\\\/\\\/centrourbano.com\\\/revista\\\/\"},{\"@type\":\"ListItem\",\"position\":2,\"name\":\"Arquitectos mexicanos son reconocidos como \u201cVoces Emergentes\u201d en NY\"}]},{\"@type\":\"WebSite\",\"@id\":\"https:\\\/\\\/centrourbano.com\\\/revista\\\/#website\",\"url\":\"https:\\\/\\\/centrourbano.com\\\/revista\\\/\",\"name\":\"Centro Urbano\",\"description\":\"Medio especializado en los sectores vivienda, inmobiliario, construcci\u00f3n, arquitectura y urbanismo.\",\"publisher\":{\"@id\":\"https:\\\/\\\/centrourbano.com\\\/revista\\\/#organization\"},\"potentialAction\":[{\"@type\":\"SearchAction\",\"target\":{\"@type\":\"EntryPoint\",\"urlTemplate\":\"https:\\\/\\\/centrourbano.com\\\/revista\\\/?s={search_term_string}\"},\"query-input\":{\"@type\":\"PropertyValueSpecification\",\"valueRequired\":true,\"valueName\":\"search_term_string\"}}],\"inLanguage\":\"es\"},{\"@type\":\"Organization\",\"@id\":\"https:\\\/\\\/centrourbano.com\\\/revista\\\/#organization\",\"name\":\"Centro Urbano\",\"url\":\"https:\\\/\\\/centrourbano.com\\\/revista\\\/\",\"logo\":{\"@type\":\"ImageObject\",\"inLanguage\":\"es\",\"@id\":\"https:\\\/\\\/centrourbano.com\\\/revista\\\/#\\\/schema\\\/logo\\\/image\\\/\",\"url\":\"https:\\\/\\\/centrourbano.com\\\/revista\\\/wp-content\\\/uploads\\\/web_CU_logo-1.png\",\"contentUrl\":\"https:\\\/\\\/centrourbano.com\\\/revista\\\/wp-content\\\/uploads\\\/web_CU_logo-1.png\",\"width\":350,\"height\":91,\"caption\":\"Centro Urbano\"},\"image\":{\"@id\":\"https:\\\/\\\/centrourbano.com\\\/revista\\\/#\\\/schema\\\/logo\\\/image\\\/\"},\"sameAs\":[\"https:\\\/\\\/www.facebook.com\\\/portalcentrourbano\",\"https:\\\/\\\/x.com\\\/CentroUrbano\",\"https:\\\/\\\/www.instagram.com\\\/centro_urbano\\\/\",\"https:\\\/\\\/www.linkedin.com\\\/company\\\/centro-urbano\\\/\",\"http:\\\/\\\/www.youtube.com\\\/user\\\/portalcentrourbano\"]},{\"@type\":\"Person\",\"@id\":\"https:\\\/\\\/centrourbano.com\\\/revista\\\/#\\\/schema\\\/person\\\/b45db815d96831257ba428a3d5a5fbdc\",\"name\":\"Dinorah Nava\",\"image\":{\"@type\":\"ImageObject\",\"inLanguage\":\"es\",\"@id\":\"https:\\\/\\\/secure.gravatar.com\\\/avatar\\\/f6ca6430c51d147f363940f84e1225aa4b8183885c11802cc3b042305a4ecc1a?s=96&d=mm&r=g\",\"url\":\"https:\\\/\\\/secure.gravatar.com\\\/avatar\\\/f6ca6430c51d147f363940f84e1225aa4b8183885c11802cc3b042305a4ecc1a?s=96&d=mm&r=g\",\"contentUrl\":\"https:\\\/\\\/secure.gravatar.com\\\/avatar\\\/f6ca6430c51d147f363940f84e1225aa4b8183885c11802cc3b042305a4ecc1a?s=96&d=mm&r=g\",\"caption\":\"Dinorah Nava\"},\"description\":\"Editora de Contenidos y Estrategias Digitales en Centro Urbano y Coeditora en Peri\u00f3dico Mi Casa. Egresada de la licenciatura en Comunicaci\u00f3n y Periodismo de la Facultad de Estudios Superiores Arag\u00f3n (UNAM). Amante de la edici\u00f3n y correcci\u00f3n de estilo, las redes sociales y el mundo digital. Especialista en temas son arquitectura, inmobiliario y urbanismo.\",\"sameAs\":[\"linkedin.com\\\/in\\\/dinorah-nava\",\"https:\\\/\\\/x.com\\\/https:\\\/\\\/twitter.com\\\/Dinorah_Nava28\"],\"url\":\"https:\\\/\\\/centrourbano.com\\\/revista\\\/author\\\/dinorah-nava\\\/\"}]}<\/script>\n<!-- \/ Yoast SEO plugin. -->","yoast_head_json":{"title":"Arquitectos mexicanos son reconocidos como \u201cVoces Emergentes\u201d en NY -","description":"En la edici\u00f3n 2016 fueron seleccionados Rozana Montiel, del despacho #Rozana Montiel Estudio de Arquitectura, as\u00ed como el estudio #S-AR de Monterrey #The","robots":{"index":"index","follow":"follow","max-snippet":"max-snippet:-1","max-image-preview":"max-image-preview:large","max-video-preview":"max-video-preview:-1"},"canonical":"https:\/\/centrourbano.com\/revista\/arquitectura-2\/arquitectos-mexicanos-son-reconocidos-como-voces-emergentes-en-ny\/","og_locale":"es_ES","og_type":"article","og_title":"Arquitectos mexicanos son reconocidos como \u201cVoces Emergentes\u201d en NY -","og_description":"En la edici\u00f3n 2016 fueron seleccionados Rozana Montiel, del despacho #Rozana Montiel Estudio de Arquitectura, as\u00ed como el estudio #S-AR de Monterrey #The","og_url":"https:\/\/centrourbano.com\/revista\/arquitectura-2\/arquitectos-mexicanos-son-reconocidos-como-voces-emergentes-en-ny\/","og_site_name":"Centro Urbano","article_publisher":"https:\/\/www.facebook.com\/portalcentrourbano","article_published_time":"2016-02-19T19:59:36+00:00","article_modified_time":"2016-02-19T20:09:58+00:00","og_image":[{"width":768,"height":576,"url":"https:\/\/centrourbano.com\/revista\/wp-content\/uploads\/intro_6-768x576.jpg","type":"image\/jpeg"}],"author":"Dinorah Nava","twitter_card":"summary_large_image","twitter_creator":"@https:\/\/twitter.com\/Dinorah_Nava28","twitter_site":"@CentroUrbano","twitter_misc":{"Escrito por":"Dinorah Nava","Tiempo de lectura":"2 minutos"},"schema":{"@context":"https:\/\/schema.org","@graph":[{"@type":"Article","@id":"https:\/\/centrourbano.com\/revista\/arquitectura-2\/arquitectos-mexicanos-son-reconocidos-como-voces-emergentes-en-ny\/#article","isPartOf":{"@id":"https:\/\/centrourbano.com\/revista\/arquitectura-2\/arquitectos-mexicanos-son-reconocidos-como-voces-emergentes-en-ny\/"},"author":{"name":"Dinorah Nava","@id":"https:\/\/centrourbano.com\/revista\/#\/schema\/person\/b45db815d96831257ba428a3d5a5fbdc"},"headline":"Arquitectos mexicanos son reconocidos como \u201cVoces Emergentes\u201d en NY","datePublished":"2016-02-19T19:59:36+00:00","dateModified":"2016-02-19T20:09:58+00:00","mainEntityOfPage":{"@id":"https:\/\/centrourbano.com\/revista\/arquitectura-2\/arquitectos-mexicanos-son-reconocidos-como-voces-emergentes-en-ny\/"},"wordCount":373,"commentCount":0,"publisher":{"@id":"https:\/\/centrourbano.com\/revista\/#organization"},"image":{"@id":"https:\/\/centrourbano.com\/revista\/arquitectura-2\/arquitectos-mexicanos-son-reconocidos-como-voces-emergentes-en-ny\/#primaryimage"},"thumbnailUrl":"https:\/\/centrourbano.com\/revista\/wp-content\/uploads\/intro_6-768x576.jpg","keywords":["arquitectos","arquitectura","oces Emergentes","Premio","Rozana Montiel Estudio de Arquitectura","S-AR","The Architectural League","Urbanismo"],"articleSection":["Arquitectura"],"inLanguage":"es","potentialAction":[{"@type":"CommentAction","name":"Comment","target":["https:\/\/centrourbano.com\/revista\/arquitectura-2\/arquitectos-mexicanos-son-reconocidos-como-voces-emergentes-en-ny\/#respond"]}]},{"@type":"WebPage","@id":"https:\/\/centrourbano.com\/revista\/arquitectura-2\/arquitectos-mexicanos-son-reconocidos-como-voces-emergentes-en-ny\/","url":"https:\/\/centrourbano.com\/revista\/arquitectura-2\/arquitectos-mexicanos-son-reconocidos-como-voces-emergentes-en-ny\/","name":"Arquitectos mexicanos son reconocidos como \u201cVoces Emergentes\u201d en NY -","isPartOf":{"@id":"https:\/\/centrourbano.com\/revista\/#website"},"primaryImageOfPage":{"@id":"https:\/\/centrourbano.com\/revista\/arquitectura-2\/arquitectos-mexicanos-son-reconocidos-como-voces-emergentes-en-ny\/#primaryimage"},"image":{"@id":"https:\/\/centrourbano.com\/revista\/arquitectura-2\/arquitectos-mexicanos-son-reconocidos-como-voces-emergentes-en-ny\/#primaryimage"},"thumbnailUrl":"https:\/\/centrourbano.com\/revista\/wp-content\/uploads\/intro_6-768x576.jpg","datePublished":"2016-02-19T19:59:36+00:00","dateModified":"2016-02-19T20:09:58+00:00","description":"En la edici\u00f3n 2016 fueron seleccionados Rozana Montiel, del despacho #Rozana Montiel Estudio de Arquitectura, as\u00ed como el estudio #S-AR de Monterrey #The","breadcrumb":{"@id":"https:\/\/centrourbano.com\/revista\/arquitectura-2\/arquitectos-mexicanos-son-reconocidos-como-voces-emergentes-en-ny\/#breadcrumb"},"inLanguage":"es","potentialAction":[{"@type":"ReadAction","target":["https:\/\/centrourbano.com\/revista\/arquitectura-2\/arquitectos-mexicanos-son-reconocidos-como-voces-emergentes-en-ny\/"]}]},{"@type":"ImageObject","inLanguage":"es","@id":"https:\/\/centrourbano.com\/revista\/arquitectura-2\/arquitectos-mexicanos-son-reconocidos-como-voces-emergentes-en-ny\/#primaryimage","url":"https:\/\/centrourbano.com\/revista\/wp-content\/uploads\/intro_6-768x576.jpg","contentUrl":"https:\/\/centrourbano.com\/revista\/wp-content\/uploads\/intro_6-768x576.jpg","width":768,"height":576},{"@type":"BreadcrumbList","@id":"https:\/\/centrourbano.com\/revista\/arquitectura-2\/arquitectos-mexicanos-son-reconocidos-como-voces-emergentes-en-ny\/#breadcrumb","itemListElement":[{"@type":"ListItem","position":1,"name":"Portada","item":"https:\/\/centrourbano.com\/revista\/"},{"@type":"ListItem","position":2,"name":"Arquitectos mexicanos son reconocidos como \u201cVoces Emergentes\u201d en NY"}]},{"@type":"WebSite","@id":"https:\/\/centrourbano.com\/revista\/#website","url":"https:\/\/centrourbano.com\/revista\/","name":"Centro Urbano","description":"Medio especializado en los sectores vivienda, inmobiliario, construcci\u00f3n, arquitectura y urbanismo.","publisher":{"@id":"https:\/\/centrourbano.com\/revista\/#organization"},"potentialAction":[{"@type":"SearchAction","target":{"@type":"EntryPoint","urlTemplate":"https:\/\/centrourbano.com\/revista\/?s={search_term_string}"},"query-input":{"@type":"PropertyValueSpecification","valueRequired":true,"valueName":"search_term_string"}}],"inLanguage":"es"},{"@type":"Organization","@id":"https:\/\/centrourbano.com\/revista\/#organization","name":"Centro Urbano","url":"https:\/\/centrourbano.com\/revista\/","logo":{"@type":"ImageObject","inLanguage":"es","@id":"https:\/\/centrourbano.com\/revista\/#\/schema\/logo\/image\/","url":"https:\/\/centrourbano.com\/revista\/wp-content\/uploads\/web_CU_logo-1.png","contentUrl":"https:\/\/centrourbano.com\/revista\/wp-content\/uploads\/web_CU_logo-1.png","width":350,"height":91,"caption":"Centro Urbano"},"image":{"@id":"https:\/\/centrourbano.com\/revista\/#\/schema\/logo\/image\/"},"sameAs":["https:\/\/www.facebook.com\/portalcentrourbano","https:\/\/x.com\/CentroUrbano","https:\/\/www.instagram.com\/centro_urbano\/","https:\/\/www.linkedin.com\/company\/centro-urbano\/","http:\/\/www.youtube.com\/user\/portalcentrourbano"]},{"@type":"Person","@id":"https:\/\/centrourbano.com\/revista\/#\/schema\/person\/b45db815d96831257ba428a3d5a5fbdc","name":"Dinorah Nava","image":{"@type":"ImageObject","inLanguage":"es","@id":"https:\/\/secure.gravatar.com\/avatar\/f6ca6430c51d147f363940f84e1225aa4b8183885c11802cc3b042305a4ecc1a?s=96&d=mm&r=g","url":"https:\/\/secure.gravatar.com\/avatar\/f6ca6430c51d147f363940f84e1225aa4b8183885c11802cc3b042305a4ecc1a?s=96&d=mm&r=g","contentUrl":"https:\/\/secure.gravatar.com\/avatar\/f6ca6430c51d147f363940f84e1225aa4b8183885c11802cc3b042305a4ecc1a?s=96&d=mm&r=g","caption":"Dinorah Nava"},"description":"Editora de Contenidos y Estrategias Digitales en Centro Urbano y Coeditora en Peri\u00f3dico Mi Casa. Egresada de la licenciatura en Comunicaci\u00f3n y Periodismo de la Facultad de Estudios Superiores Arag\u00f3n (UNAM). Amante de la edici\u00f3n y correcci\u00f3n de estilo, las redes sociales y el mundo digital. Especialista en temas son arquitectura, inmobiliario y urbanismo.","sameAs":["linkedin.com\/in\/dinorah-nava","https:\/\/x.com\/https:\/\/twitter.com\/Dinorah_Nava28"],"url":"https:\/\/centrourbano.com\/revista\/author\/dinorah-nava\/"}]}},"_links":{"self":[{"href":"https:\/\/centrourbano.com\/revista\/wp-json\/wp\/v2\/posts\/30613","targetHints":{"allow":["GET"]}}],"collection":[{"href":"https:\/\/centrourbano.com\/revista\/wp-json\/wp\/v2\/posts"}],"about":[{"href":"https:\/\/centrourbano.com\/revista\/wp-json\/wp\/v2\/types\/post"}],"author":[{"embeddable":true,"href":"https:\/\/centrourbano.com\/revista\/wp-json\/wp\/v2\/users\/9"}],"replies":[{"embeddable":true,"href":"https:\/\/centrourbano.com\/revista\/wp-json\/wp\/v2\/comments?post=30613"}],"version-history":[{"count":0,"href":"https:\/\/centrourbano.com\/revista\/wp-json\/wp\/v2\/posts\/30613\/revisions"}],"wp:featuredmedia":[{"embeddable":true,"href":"https:\/\/centrourbano.com\/revista\/wp-json\/wp\/v2\/media\/30614"}],"wp:attachment":[{"href":"https:\/\/centrourbano.com\/revista\/wp-json\/wp\/v2\/media?parent=30613"}],"wp:term":[{"taxonomy":"category","embeddable":true,"href":"https:\/\/centrourbano.com\/revista\/wp-json\/wp\/v2\/categories?post=30613"},{"taxonomy":"post_tag","embeddable":true,"href":"https:\/\/centrourbano.com\/revista\/wp-json\/wp\/v2\/tags?post=30613"}],"curies":[{"name":"wp","href":"https:\/\/api.w.org\/{rel}","templated":true}]}}