{"id":30598,"date":"2016-02-19T11:19:56","date_gmt":"2016-02-19T17:19:56","guid":{"rendered":"http:\/\/centrourbano.com\/?p=30598"},"modified":"2016-02-22T10:00:20","modified_gmt":"2016-02-22T16:00:20","slug":"enrique-margain-y-fernando-de-abiega-en-vivienda-en-verde","status":"publish","type":"post","link":"https:\/\/centrourbano.com\/revista\/actualidad\/enrique-margain-y-fernando-de-abiega-en-vivienda-en-verde\/","title":{"rendered":"Enrique Margain y Fernando de Abiega en Vivienda en Verde"},"content":{"rendered":"<p><em>El arquitecto Horacio <a class=\"expresscurate_contentTags\" href=\"http:\/\/centrourbano.com\/tag\/urbano\/\">#Urbano<\/a>, el director general de cr\u00e9dito hipotecario de <a class=\"expresscurate_contentTags\" href=\"http:\/\/centrourbano.com\/tag\/scotiabank\/\">#Scotiabank<\/a> y el director general de <a class=\"expresscurate_contentTags\" href=\"http:\/\/centrourbano.com\/tag\/soc-asesores\/\">#SOC Asesores<\/a> Hipotecarios reflexionar\u00e1n sobre el comportamiento de las <a class=\"expresscurate_contentTags\" href=\"http:\/\/centrourbano.com\/tag\/hipotecas\/\">#hipotecas<\/a> en el marco del cambios financieros<\/em><br \/>\n<!--more--><\/p>\n<p><a class=\"expresscurate_contentTags\" href=\"http:\/\/centrourbano.com\/tag\/enrique-margain\/\">#Enrique Margain<\/a> Pitman y <a class=\"expresscurate_contentTags\" href=\"http:\/\/centrourbano.com\/tag\/fernando-de-abiega\/\">#Fernando de Abiega<\/a>, respectivamente, reflexionar\u00e1n sobre el entorno de cambios financieros en el \u00e1mbito internacional y el aumento en las tasas de inter\u00e9s bancarias para hipotecas.<\/p>\n<p>Tambi\u00e9n analizar\u00e1n el tema del quehacer el asesor hipotecario -llamdo tambi\u00e9n broker- que d\u00eda a d\u00eda est\u00e1 tomando m\u00e1s fuerza en el mercado hipotecario en el pa\u00eds, donde Scotiabank tiene una cartera importante y c\u00f3mo \u00e9ste tambi\u00e9n es un facilitador en el tr\u00e1mite de hipotecas, adem\u00e1s de que brinda asesor\u00edas especializadas para cambiar de opci\u00f3n bancaria a una con mejor tasa. <\/p>\n<p>Esta amena pl\u00e1tica con el arquitecto Horacio Urbano ser\u00e1 en punto de las 22:30 horas en <a class=\"expresscurate_contentTags\" href=\"http:\/\/centrourbano.com\/tag\/vivienda\/\">#Vivienda<\/a> en Verde y es un programa de estreno, el cual no te puedes perder si te interesan los temas de h\u00e1bitat en el pa\u00eds.<\/p>\n<p>Acomp\u00e1\u00f1anos este viernes 29 de enero a las 22:30 horas por las frecuencias de Green TV y Efekto TV, por SKY, IZZI, Total Play y Megacable, o sinton\u00edzalo en vivo a trav\u00e9s del sitio web greentv.com.mx desde tu m\u00f3vil, tablet o computadora.<\/p>\n","protected":false},"excerpt":{"rendered":"<p>El arquitecto Horacio #Urbano, el director general de cr\u00e9dito hipotecario de #Scotiabank y el director general de #SOC Asesores Hipotecarios reflexionar\u00e1n sobre el comportamiento de las #hipotecas en el marco del cambios financieros<\/p>\n","protected":false},"author":28,"featured_media":30599,"comment_status":"open","ping_status":"closed","sticky":false,"template":"","format":"standard","meta":{"om_disable_all_campaigns":false,"inline_featured_image":false,"_monsterinsights_skip_tracking":false,"_monsterinsights_sitenote_active":false,"_monsterinsights_sitenote_note":"","_monsterinsights_sitenote_category":0,"footnotes":""},"categories":[80],"tags":[1877,7721,1291,1104,7722,516,5737],"class_list":["post-30598","post","type-post","status-publish","format-standard","has-post-thumbnail","hentry","category-actualidad","tag-enrique-margain","tag-fernando-de-abiega","tag-hipotecas","tag-scotiabank","tag-soc-asesores","tag-urbano","tag-vivienda"],"yoast_head":"<!-- This site is optimized with the Yoast SEO plugin v27.5 - https:\/\/yoast.com\/product\/yoast-seo-wordpress\/ -->\n<title>Enrique Margain y Fernando de Abiega en Vivienda en Verde -<\/title>\n<meta name=\"description\" content=\"El arquitecto Horacio #Urbano, el director general de cr\u00e9dito hipotecario de #Scotiabank y el director general de #SOC Asesores Hipotecarios reflexionar\u00e1n\" \/>\n<meta name=\"robots\" content=\"index, follow, max-snippet:-1, max-image-preview:large, max-video-preview:-1\" \/>\n<link rel=\"canonical\" href=\"https:\/\/centrourbano.com\/revista\/actualidad\/enrique-margain-y-fernando-de-abiega-en-vivienda-en-verde\/\" \/>\n<meta property=\"og:locale\" content=\"es_ES\" \/>\n<meta property=\"og:type\" content=\"article\" \/>\n<meta property=\"og:title\" content=\"Enrique Margain y Fernando de Abiega en Vivienda en Verde -\" \/>\n<meta property=\"og:description\" content=\"El arquitecto Horacio #Urbano, el director general de cr\u00e9dito hipotecario de #Scotiabank y el director general de #SOC Asesores Hipotecarios reflexionar\u00e1n\" \/>\n<meta property=\"og:url\" content=\"https:\/\/centrourbano.com\/revista\/actualidad\/enrique-margain-y-fernando-de-abiega-en-vivienda-en-verde\/\" \/>\n<meta property=\"og:site_name\" content=\"Centro Urbano\" \/>\n<meta property=\"article:publisher\" content=\"https:\/\/www.facebook.com\/portalcentrourbano\" \/>\n<meta property=\"article:published_time\" content=\"2016-02-19T17:19:56+00:00\" \/>\n<meta property=\"article:modified_time\" content=\"2016-02-22T16:00:20+00:00\" \/>\n<meta property=\"og:image\" content=\"https:\/\/centrourbano.com\/revista\/wp-content\/uploads\/Fernando-de-Abiega-y-Enrique-Margain-Scotiabak-scaled.jpg\" \/>\n\t<meta property=\"og:image:width\" content=\"2560\" \/>\n\t<meta property=\"og:image:height\" content=\"1724\" \/>\n\t<meta property=\"og:image:type\" content=\"image\/jpeg\" \/>\n<meta name=\"author\" content=\"Mario V\u00e1zquez Barrios\" \/>\n<meta name=\"twitter:card\" content=\"summary_large_image\" \/>\n<meta name=\"twitter:creator\" content=\"@MarioDeNiro\" \/>\n<meta name=\"twitter:site\" content=\"@CentroUrbano\" \/>\n<meta name=\"twitter:label1\" content=\"Escrito por\" \/>\n\t<meta name=\"twitter:data1\" content=\"Mario V\u00e1zquez Barrios\" \/>\n\t<meta name=\"twitter:label2\" content=\"Tiempo de lectura\" \/>\n\t<meta name=\"twitter:data2\" content=\"1 minuto\" \/>\n<script type=\"application\/ld+json\" class=\"yoast-schema-graph\">{\"@context\":\"https:\\\/\\\/schema.org\",\"@graph\":[{\"@type\":\"Article\",\"@id\":\"https:\\\/\\\/centrourbano.com\\\/revista\\\/actualidad\\\/enrique-margain-y-fernando-de-abiega-en-vivienda-en-verde\\\/#article\",\"isPartOf\":{\"@id\":\"https:\\\/\\\/centrourbano.com\\\/revista\\\/actualidad\\\/enrique-margain-y-fernando-de-abiega-en-vivienda-en-verde\\\/\"},\"author\":{\"name\":\"Mario V\u00e1zquez Barrios\",\"@id\":\"https:\\\/\\\/centrourbano.com\\\/revista\\\/#\\\/schema\\\/person\\\/71e020a5b63ca4230c0f1228a36cde93\"},\"headline\":\"Enrique Margain y Fernando de Abiega en Vivienda en Verde\",\"datePublished\":\"2016-02-19T17:19:56+00:00\",\"dateModified\":\"2016-02-22T16:00:20+00:00\",\"mainEntityOfPage\":{\"@id\":\"https:\\\/\\\/centrourbano.com\\\/revista\\\/actualidad\\\/enrique-margain-y-fernando-de-abiega-en-vivienda-en-verde\\\/\"},\"wordCount\":240,\"commentCount\":0,\"publisher\":{\"@id\":\"https:\\\/\\\/centrourbano.com\\\/revista\\\/#organization\"},\"image\":{\"@id\":\"https:\\\/\\\/centrourbano.com\\\/revista\\\/actualidad\\\/enrique-margain-y-fernando-de-abiega-en-vivienda-en-verde\\\/#primaryimage\"},\"thumbnailUrl\":\"https:\\\/\\\/centrourbano.com\\\/revista\\\/wp-content\\\/uploads\\\/Fernando-de-Abiega-y-Enrique-Margain-Scotiabak-scaled.jpg\",\"keywords\":[\"Enrique Margain\",\"Fernando de Abiega\",\"Hipotecas\",\"Scotiabank\",\"SOC Asesores\",\"urbano\",\"vivienda+\"],\"articleSection\":[\"Actualidad\"],\"inLanguage\":\"es\",\"potentialAction\":[{\"@type\":\"CommentAction\",\"name\":\"Comment\",\"target\":[\"https:\\\/\\\/centrourbano.com\\\/revista\\\/actualidad\\\/enrique-margain-y-fernando-de-abiega-en-vivienda-en-verde\\\/#respond\"]}]},{\"@type\":\"WebPage\",\"@id\":\"https:\\\/\\\/centrourbano.com\\\/revista\\\/actualidad\\\/enrique-margain-y-fernando-de-abiega-en-vivienda-en-verde\\\/\",\"url\":\"https:\\\/\\\/centrourbano.com\\\/revista\\\/actualidad\\\/enrique-margain-y-fernando-de-abiega-en-vivienda-en-verde\\\/\",\"name\":\"Enrique Margain y Fernando de Abiega en Vivienda en Verde -\",\"isPartOf\":{\"@id\":\"https:\\\/\\\/centrourbano.com\\\/revista\\\/#website\"},\"primaryImageOfPage\":{\"@id\":\"https:\\\/\\\/centrourbano.com\\\/revista\\\/actualidad\\\/enrique-margain-y-fernando-de-abiega-en-vivienda-en-verde\\\/#primaryimage\"},\"image\":{\"@id\":\"https:\\\/\\\/centrourbano.com\\\/revista\\\/actualidad\\\/enrique-margain-y-fernando-de-abiega-en-vivienda-en-verde\\\/#primaryimage\"},\"thumbnailUrl\":\"https:\\\/\\\/centrourbano.com\\\/revista\\\/wp-content\\\/uploads\\\/Fernando-de-Abiega-y-Enrique-Margain-Scotiabak-scaled.jpg\",\"datePublished\":\"2016-02-19T17:19:56+00:00\",\"dateModified\":\"2016-02-22T16:00:20+00:00\",\"description\":\"El arquitecto Horacio #Urbano, el director general de cr\u00e9dito hipotecario de #Scotiabank y el director general de #SOC Asesores Hipotecarios reflexionar\u00e1n\",\"breadcrumb\":{\"@id\":\"https:\\\/\\\/centrourbano.com\\\/revista\\\/actualidad\\\/enrique-margain-y-fernando-de-abiega-en-vivienda-en-verde\\\/#breadcrumb\"},\"inLanguage\":\"es\",\"potentialAction\":[{\"@type\":\"ReadAction\",\"target\":[\"https:\\\/\\\/centrourbano.com\\\/revista\\\/actualidad\\\/enrique-margain-y-fernando-de-abiega-en-vivienda-en-verde\\\/\"]}]},{\"@type\":\"ImageObject\",\"inLanguage\":\"es\",\"@id\":\"https:\\\/\\\/centrourbano.com\\\/revista\\\/actualidad\\\/enrique-margain-y-fernando-de-abiega-en-vivienda-en-verde\\\/#primaryimage\",\"url\":\"https:\\\/\\\/centrourbano.com\\\/revista\\\/wp-content\\\/uploads\\\/Fernando-de-Abiega-y-Enrique-Margain-Scotiabak-scaled.jpg\",\"contentUrl\":\"https:\\\/\\\/centrourbano.com\\\/revista\\\/wp-content\\\/uploads\\\/Fernando-de-Abiega-y-Enrique-Margain-Scotiabak-scaled.jpg\",\"width\":2560,\"height\":1724},{\"@type\":\"BreadcrumbList\",\"@id\":\"https:\\\/\\\/centrourbano.com\\\/revista\\\/actualidad\\\/enrique-margain-y-fernando-de-abiega-en-vivienda-en-verde\\\/#breadcrumb\",\"itemListElement\":[{\"@type\":\"ListItem\",\"position\":1,\"name\":\"Portada\",\"item\":\"https:\\\/\\\/centrourbano.com\\\/revista\\\/\"},{\"@type\":\"ListItem\",\"position\":2,\"name\":\"Enrique Margain y Fernando de Abiega en Vivienda en Verde\"}]},{\"@type\":\"WebSite\",\"@id\":\"https:\\\/\\\/centrourbano.com\\\/revista\\\/#website\",\"url\":\"https:\\\/\\\/centrourbano.com\\\/revista\\\/\",\"name\":\"Centro Urbano\",\"description\":\"Medio especializado en los sectores vivienda, inmobiliario, construcci\u00f3n, arquitectura y urbanismo.\",\"publisher\":{\"@id\":\"https:\\\/\\\/centrourbano.com\\\/revista\\\/#organization\"},\"potentialAction\":[{\"@type\":\"SearchAction\",\"target\":{\"@type\":\"EntryPoint\",\"urlTemplate\":\"https:\\\/\\\/centrourbano.com\\\/revista\\\/?s={search_term_string}\"},\"query-input\":{\"@type\":\"PropertyValueSpecification\",\"valueRequired\":true,\"valueName\":\"search_term_string\"}}],\"inLanguage\":\"es\"},{\"@type\":\"Organization\",\"@id\":\"https:\\\/\\\/centrourbano.com\\\/revista\\\/#organization\",\"name\":\"Centro Urbano\",\"url\":\"https:\\\/\\\/centrourbano.com\\\/revista\\\/\",\"logo\":{\"@type\":\"ImageObject\",\"inLanguage\":\"es\",\"@id\":\"https:\\\/\\\/centrourbano.com\\\/revista\\\/#\\\/schema\\\/logo\\\/image\\\/\",\"url\":\"https:\\\/\\\/centrourbano.com\\\/revista\\\/wp-content\\\/uploads\\\/web_CU_logo-1.png\",\"contentUrl\":\"https:\\\/\\\/centrourbano.com\\\/revista\\\/wp-content\\\/uploads\\\/web_CU_logo-1.png\",\"width\":350,\"height\":91,\"caption\":\"Centro Urbano\"},\"image\":{\"@id\":\"https:\\\/\\\/centrourbano.com\\\/revista\\\/#\\\/schema\\\/logo\\\/image\\\/\"},\"sameAs\":[\"https:\\\/\\\/www.facebook.com\\\/portalcentrourbano\",\"https:\\\/\\\/x.com\\\/CentroUrbano\",\"https:\\\/\\\/www.instagram.com\\\/centro_urbano\\\/\",\"https:\\\/\\\/www.linkedin.com\\\/company\\\/centro-urbano\\\/\",\"http:\\\/\\\/www.youtube.com\\\/user\\\/portalcentrourbano\"]},{\"@type\":\"Person\",\"@id\":\"https:\\\/\\\/centrourbano.com\\\/revista\\\/#\\\/schema\\\/person\\\/71e020a5b63ca4230c0f1228a36cde93\",\"name\":\"Mario V\u00e1zquez Barrios\",\"image\":{\"@type\":\"ImageObject\",\"inLanguage\":\"es\",\"@id\":\"https:\\\/\\\/secure.gravatar.com\\\/avatar\\\/347e6d9c0b04f0194ca244ba64b0fe62752d716a3a93d1713bd259eb87aad5b6?s=96&d=mm&r=g\",\"url\":\"https:\\\/\\\/secure.gravatar.com\\\/avatar\\\/347e6d9c0b04f0194ca244ba64b0fe62752d716a3a93d1713bd259eb87aad5b6?s=96&d=mm&r=g\",\"contentUrl\":\"https:\\\/\\\/secure.gravatar.com\\\/avatar\\\/347e6d9c0b04f0194ca244ba64b0fe62752d716a3a93d1713bd259eb87aad5b6?s=96&d=mm&r=g\",\"caption\":\"Mario V\u00e1zquez Barrios\"},\"description\":\"Me inici\u00e9 en El Financiero haciendo reportajes; en MegaNoticias Televisi\u00f3n fui reportero titular; en EMedios, control de calidad; y Radio 13 Noticias me acogi\u00f3 como colaborador. Me gusta encontrar en las banquetas la nota, una entrevista y el inicio de un reportaje.\",\"sameAs\":[\"https:\\\/\\\/x.com\\\/@MarioDeNiro\"],\"url\":\"https:\\\/\\\/centrourbano.com\\\/revista\\\/author\\\/mario-vazquez\\\/\"}]}<\/script>\n<!-- \/ Yoast SEO plugin. -->","yoast_head_json":{"title":"Enrique Margain y Fernando de Abiega en Vivienda en Verde -","description":"El arquitecto Horacio #Urbano, el director general de cr\u00e9dito hipotecario de #Scotiabank y el director general de #SOC Asesores Hipotecarios reflexionar\u00e1n","robots":{"index":"index","follow":"follow","max-snippet":"max-snippet:-1","max-image-preview":"max-image-preview:large","max-video-preview":"max-video-preview:-1"},"canonical":"https:\/\/centrourbano.com\/revista\/actualidad\/enrique-margain-y-fernando-de-abiega-en-vivienda-en-verde\/","og_locale":"es_ES","og_type":"article","og_title":"Enrique Margain y Fernando de Abiega en Vivienda en Verde -","og_description":"El arquitecto Horacio #Urbano, el director general de cr\u00e9dito hipotecario de #Scotiabank y el director general de #SOC Asesores Hipotecarios reflexionar\u00e1n","og_url":"https:\/\/centrourbano.com\/revista\/actualidad\/enrique-margain-y-fernando-de-abiega-en-vivienda-en-verde\/","og_site_name":"Centro Urbano","article_publisher":"https:\/\/www.facebook.com\/portalcentrourbano","article_published_time":"2016-02-19T17:19:56+00:00","article_modified_time":"2016-02-22T16:00:20+00:00","og_image":[{"width":2560,"height":1724,"url":"https:\/\/centrourbano.com\/revista\/wp-content\/uploads\/Fernando-de-Abiega-y-Enrique-Margain-Scotiabak-scaled.jpg","type":"image\/jpeg"}],"author":"Mario V\u00e1zquez Barrios","twitter_card":"summary_large_image","twitter_creator":"@MarioDeNiro","twitter_site":"@CentroUrbano","twitter_misc":{"Escrito por":"Mario V\u00e1zquez Barrios","Tiempo de lectura":"1 minuto"},"schema":{"@context":"https:\/\/schema.org","@graph":[{"@type":"Article","@id":"https:\/\/centrourbano.com\/revista\/actualidad\/enrique-margain-y-fernando-de-abiega-en-vivienda-en-verde\/#article","isPartOf":{"@id":"https:\/\/centrourbano.com\/revista\/actualidad\/enrique-margain-y-fernando-de-abiega-en-vivienda-en-verde\/"},"author":{"name":"Mario V\u00e1zquez Barrios","@id":"https:\/\/centrourbano.com\/revista\/#\/schema\/person\/71e020a5b63ca4230c0f1228a36cde93"},"headline":"Enrique Margain y Fernando de Abiega en Vivienda en Verde","datePublished":"2016-02-19T17:19:56+00:00","dateModified":"2016-02-22T16:00:20+00:00","mainEntityOfPage":{"@id":"https:\/\/centrourbano.com\/revista\/actualidad\/enrique-margain-y-fernando-de-abiega-en-vivienda-en-verde\/"},"wordCount":240,"commentCount":0,"publisher":{"@id":"https:\/\/centrourbano.com\/revista\/#organization"},"image":{"@id":"https:\/\/centrourbano.com\/revista\/actualidad\/enrique-margain-y-fernando-de-abiega-en-vivienda-en-verde\/#primaryimage"},"thumbnailUrl":"https:\/\/centrourbano.com\/revista\/wp-content\/uploads\/Fernando-de-Abiega-y-Enrique-Margain-Scotiabak-scaled.jpg","keywords":["Enrique Margain","Fernando de Abiega","Hipotecas","Scotiabank","SOC Asesores","urbano","vivienda+"],"articleSection":["Actualidad"],"inLanguage":"es","potentialAction":[{"@type":"CommentAction","name":"Comment","target":["https:\/\/centrourbano.com\/revista\/actualidad\/enrique-margain-y-fernando-de-abiega-en-vivienda-en-verde\/#respond"]}]},{"@type":"WebPage","@id":"https:\/\/centrourbano.com\/revista\/actualidad\/enrique-margain-y-fernando-de-abiega-en-vivienda-en-verde\/","url":"https:\/\/centrourbano.com\/revista\/actualidad\/enrique-margain-y-fernando-de-abiega-en-vivienda-en-verde\/","name":"Enrique Margain y Fernando de Abiega en Vivienda en Verde -","isPartOf":{"@id":"https:\/\/centrourbano.com\/revista\/#website"},"primaryImageOfPage":{"@id":"https:\/\/centrourbano.com\/revista\/actualidad\/enrique-margain-y-fernando-de-abiega-en-vivienda-en-verde\/#primaryimage"},"image":{"@id":"https:\/\/centrourbano.com\/revista\/actualidad\/enrique-margain-y-fernando-de-abiega-en-vivienda-en-verde\/#primaryimage"},"thumbnailUrl":"https:\/\/centrourbano.com\/revista\/wp-content\/uploads\/Fernando-de-Abiega-y-Enrique-Margain-Scotiabak-scaled.jpg","datePublished":"2016-02-19T17:19:56+00:00","dateModified":"2016-02-22T16:00:20+00:00","description":"El arquitecto Horacio #Urbano, el director general de cr\u00e9dito hipotecario de #Scotiabank y el director general de #SOC Asesores Hipotecarios reflexionar\u00e1n","breadcrumb":{"@id":"https:\/\/centrourbano.com\/revista\/actualidad\/enrique-margain-y-fernando-de-abiega-en-vivienda-en-verde\/#breadcrumb"},"inLanguage":"es","potentialAction":[{"@type":"ReadAction","target":["https:\/\/centrourbano.com\/revista\/actualidad\/enrique-margain-y-fernando-de-abiega-en-vivienda-en-verde\/"]}]},{"@type":"ImageObject","inLanguage":"es","@id":"https:\/\/centrourbano.com\/revista\/actualidad\/enrique-margain-y-fernando-de-abiega-en-vivienda-en-verde\/#primaryimage","url":"https:\/\/centrourbano.com\/revista\/wp-content\/uploads\/Fernando-de-Abiega-y-Enrique-Margain-Scotiabak-scaled.jpg","contentUrl":"https:\/\/centrourbano.com\/revista\/wp-content\/uploads\/Fernando-de-Abiega-y-Enrique-Margain-Scotiabak-scaled.jpg","width":2560,"height":1724},{"@type":"BreadcrumbList","@id":"https:\/\/centrourbano.com\/revista\/actualidad\/enrique-margain-y-fernando-de-abiega-en-vivienda-en-verde\/#breadcrumb","itemListElement":[{"@type":"ListItem","position":1,"name":"Portada","item":"https:\/\/centrourbano.com\/revista\/"},{"@type":"ListItem","position":2,"name":"Enrique Margain y Fernando de Abiega en Vivienda en Verde"}]},{"@type":"WebSite","@id":"https:\/\/centrourbano.com\/revista\/#website","url":"https:\/\/centrourbano.com\/revista\/","name":"Centro Urbano","description":"Medio especializado en los sectores vivienda, inmobiliario, construcci\u00f3n, arquitectura y urbanismo.","publisher":{"@id":"https:\/\/centrourbano.com\/revista\/#organization"},"potentialAction":[{"@type":"SearchAction","target":{"@type":"EntryPoint","urlTemplate":"https:\/\/centrourbano.com\/revista\/?s={search_term_string}"},"query-input":{"@type":"PropertyValueSpecification","valueRequired":true,"valueName":"search_term_string"}}],"inLanguage":"es"},{"@type":"Organization","@id":"https:\/\/centrourbano.com\/revista\/#organization","name":"Centro Urbano","url":"https:\/\/centrourbano.com\/revista\/","logo":{"@type":"ImageObject","inLanguage":"es","@id":"https:\/\/centrourbano.com\/revista\/#\/schema\/logo\/image\/","url":"https:\/\/centrourbano.com\/revista\/wp-content\/uploads\/web_CU_logo-1.png","contentUrl":"https:\/\/centrourbano.com\/revista\/wp-content\/uploads\/web_CU_logo-1.png","width":350,"height":91,"caption":"Centro Urbano"},"image":{"@id":"https:\/\/centrourbano.com\/revista\/#\/schema\/logo\/image\/"},"sameAs":["https:\/\/www.facebook.com\/portalcentrourbano","https:\/\/x.com\/CentroUrbano","https:\/\/www.instagram.com\/centro_urbano\/","https:\/\/www.linkedin.com\/company\/centro-urbano\/","http:\/\/www.youtube.com\/user\/portalcentrourbano"]},{"@type":"Person","@id":"https:\/\/centrourbano.com\/revista\/#\/schema\/person\/71e020a5b63ca4230c0f1228a36cde93","name":"Mario V\u00e1zquez Barrios","image":{"@type":"ImageObject","inLanguage":"es","@id":"https:\/\/secure.gravatar.com\/avatar\/347e6d9c0b04f0194ca244ba64b0fe62752d716a3a93d1713bd259eb87aad5b6?s=96&d=mm&r=g","url":"https:\/\/secure.gravatar.com\/avatar\/347e6d9c0b04f0194ca244ba64b0fe62752d716a3a93d1713bd259eb87aad5b6?s=96&d=mm&r=g","contentUrl":"https:\/\/secure.gravatar.com\/avatar\/347e6d9c0b04f0194ca244ba64b0fe62752d716a3a93d1713bd259eb87aad5b6?s=96&d=mm&r=g","caption":"Mario V\u00e1zquez Barrios"},"description":"Me inici\u00e9 en El Financiero haciendo reportajes; en MegaNoticias Televisi\u00f3n fui reportero titular; en EMedios, control de calidad; y Radio 13 Noticias me acogi\u00f3 como colaborador. Me gusta encontrar en las banquetas la nota, una entrevista y el inicio de un reportaje.","sameAs":["https:\/\/x.com\/@MarioDeNiro"],"url":"https:\/\/centrourbano.com\/revista\/author\/mario-vazquez\/"}]}},"_links":{"self":[{"href":"https:\/\/centrourbano.com\/revista\/wp-json\/wp\/v2\/posts\/30598","targetHints":{"allow":["GET"]}}],"collection":[{"href":"https:\/\/centrourbano.com\/revista\/wp-json\/wp\/v2\/posts"}],"about":[{"href":"https:\/\/centrourbano.com\/revista\/wp-json\/wp\/v2\/types\/post"}],"author":[{"embeddable":true,"href":"https:\/\/centrourbano.com\/revista\/wp-json\/wp\/v2\/users\/28"}],"replies":[{"embeddable":true,"href":"https:\/\/centrourbano.com\/revista\/wp-json\/wp\/v2\/comments?post=30598"}],"version-history":[{"count":0,"href":"https:\/\/centrourbano.com\/revista\/wp-json\/wp\/v2\/posts\/30598\/revisions"}],"wp:featuredmedia":[{"embeddable":true,"href":"https:\/\/centrourbano.com\/revista\/wp-json\/wp\/v2\/media\/30599"}],"wp:attachment":[{"href":"https:\/\/centrourbano.com\/revista\/wp-json\/wp\/v2\/media?parent=30598"}],"wp:term":[{"taxonomy":"category","embeddable":true,"href":"https:\/\/centrourbano.com\/revista\/wp-json\/wp\/v2\/categories?post=30598"},{"taxonomy":"post_tag","embeddable":true,"href":"https:\/\/centrourbano.com\/revista\/wp-json\/wp\/v2\/tags?post=30598"}],"curies":[{"name":"wp","href":"https:\/\/api.w.org\/{rel}","templated":true}]}}