{"id":30585,"date":"2016-02-19T11:39:10","date_gmt":"2016-02-19T17:39:10","guid":{"rendered":"http:\/\/centrourbano.com\/?p=30585"},"modified":"2016-02-19T11:56:08","modified_gmt":"2016-02-19T17:56:08","slug":"garantizada-construccion-del-naicm-pese-a-recorte-del-presupuesto","status":"publish","type":"post","link":"https:\/\/centrourbano.com\/revista\/construccion\/garantizada-construccion-del-naicm-pese-a-recorte-del-presupuesto\/","title":{"rendered":"Garantizada construcci\u00f3n del NAICM, pese a recorte del presupuesto"},"content":{"rendered":"<p><em>Se prev\u00e9n afectaciones en la <a class=\"expresscurate_contentTags\" href=\"http:\/\/centrourbano.com\/tag\/construccion-2\/\">#construcci\u00f3n<\/a> de <a class=\"expresscurate_contentTags\" href=\"http:\/\/centrourbano.com\/tag\/carreteras\/\">#carreteras<\/a>, pero no en autopistas<\/em><br \/>\n<!--more--><\/p>\n<p>Pese al recorte presupuestal que fue anunciado por las autoridades hacendarias del pa\u00eds, el secretario de Comunicaciones y Transportes, Gerardo Ruiz Esparza asegur\u00f3 que la construcci\u00f3n del Nuevo <a class=\"expresscurate_contentTags\" href=\"http:\/\/centrourbano.com\/tag\/aeropuerto\/\">#Aeropuerto<\/a> Internacional de la Ciudad de M\u00e9xico no se ver\u00e1 afectada ya que es una obra autofinanciable. <\/p>\n<p>\u201cLa instrucci\u00f3n presidencial es que contin\u00faen las obras de infraestructura que tengan una repercusi\u00f3n importante en lo econ\u00f3mico y en lo social, que no haya un efecto de cancelaci\u00f3n, sino m\u00e1s bien un efecto quiz\u00e1s de diferimiento\u201d, dijo durante una reuni\u00f3n con de legisladores en la C\u00e1mara de Diputados.<\/p>\n<p>Explic\u00f3 que los recursos para la construcci\u00f3n de la terminal a\u00e9rea son aportados por el actual Aeropuerto, as\u00ed como con financiamientos bancarios por 3,000 millones de d\u00f3lares. De esta forma, se garantiza el capital para los pr\u00f3ximos 2 a\u00f1os, actualmente est\u00e1 en proceso de licitaci\u00f3n para la primera pista; se continuar\u00e1 con la segunda pista y posteriormente con la tercera, as\u00ed como la estructura y la estaci\u00f3n el\u00e9ctrica.<\/p>\n<p>\u201cEn este proyecto, de 12,000 hect\u00e1reas, de las cuales 4,600 ser\u00e1n para el nuevo aeropuerto, se trabaja con total transparencia en las licitaciones, con la participaci\u00f3n de diversos organismos externos, nacionales y extranjeros, como la OCDE; con respeto al medio ambiente y con obras que preserven los recursos naturales\u201d, a\u00f1adi\u00f3.<\/p>\n<p>Asimismo, explic\u00f3 que se construyen 52 nuevas autopistas en el pa\u00eds, para mejorar la log\u00edstica de la producci\u00f3n nacional,  \u201chay que dar mayor accesibilidad a la frontera, a los puntos de los mercados m\u00e1s importantes, a los puertos, lo que est\u00e1 moviendo la construcci\u00f3n de estas 52 autopistas nuevas y de 80 carreteras, llevamos ya 53 terminadas, falta poco para la meta\u201d.<\/p>\n<p>Sobre el recorte presupuestal, asegur\u00f3 que ser\u00e1n pocas las afectaciones, aun as\u00ed se deben preservar las obras m\u00e1s importantes, sobre todo en carreteras ya que \u00e9stas dependen del presupuesto que otorga la C\u00e1mara de Diputados, mientras que en el caso de las autopistas en donde hay una mayor inversi\u00f3n privada.   <\/p>\n","protected":false},"excerpt":{"rendered":"<p>Se prev\u00e9n afectaciones en la #construcci\u00f3n de #carreteras, pero no en autopistas<\/p>\n","protected":false},"author":37,"featured_media":30607,"comment_status":"open","ping_status":"closed","sticky":false,"template":"","format":"standard","meta":{"om_disable_all_campaigns":false,"inline_featured_image":false,"_monsterinsights_skip_tracking":false,"_monsterinsights_sitenote_active":false,"_monsterinsights_sitenote_note":"","_monsterinsights_sitenote_category":0,"footnotes":""},"categories":[14],"tags":[636,7723,310,22,2925],"class_list":["post-30585","post","type-post","status-publish","format-standard","has-post-thumbnail","hentry","category-construccion","tag-aeropuerto","tag-autpistas","tag-carreteras","tag-construccion-2","tag-naicm"],"yoast_head":"<!-- This site is optimized with the Yoast SEO plugin v27.4 - https:\/\/yoast.com\/product\/yoast-seo-wordpress\/ -->\n<title>Garantizada construcci\u00f3n del NAICM, pese a recorte del presupuesto -<\/title>\n<meta name=\"description\" content=\"Se prev\u00e9n afectaciones en la #construcci\u00f3n de #carreteras, pero no en autopistas Pese al recorte presupuestal que fue anunciado por las autoridades\" \/>\n<meta name=\"robots\" content=\"index, follow, max-snippet:-1, max-image-preview:large, max-video-preview:-1\" \/>\n<link rel=\"canonical\" href=\"https:\/\/centrourbano.com\/revista\/construccion\/garantizada-construccion-del-naicm-pese-a-recorte-del-presupuesto\/\" \/>\n<meta property=\"og:locale\" content=\"es_ES\" \/>\n<meta property=\"og:type\" content=\"article\" \/>\n<meta property=\"og:title\" content=\"Garantizada construcci\u00f3n del NAICM, pese a recorte del presupuesto -\" \/>\n<meta property=\"og:description\" content=\"Se prev\u00e9n afectaciones en la #construcci\u00f3n de #carreteras, pero no en autopistas Pese al recorte presupuestal que fue anunciado por las autoridades\" \/>\n<meta property=\"og:url\" content=\"https:\/\/centrourbano.com\/revista\/construccion\/garantizada-construccion-del-naicm-pese-a-recorte-del-presupuesto\/\" \/>\n<meta property=\"og:site_name\" content=\"Centro Urbano\" \/>\n<meta property=\"article:publisher\" content=\"https:\/\/www.facebook.com\/portalcentrourbano\" \/>\n<meta property=\"article:published_time\" content=\"2016-02-19T17:39:10+00:00\" \/>\n<meta property=\"article:modified_time\" content=\"2016-02-19T17:56:08+00:00\" \/>\n<meta property=\"og:image\" content=\"https:\/\/centrourbano.com\/revista\/wp-content\/uploads\/FOTO-3.jpg\" \/>\n\t<meta property=\"og:image:width\" content=\"1024\" \/>\n\t<meta property=\"og:image:height\" content=\"620\" \/>\n\t<meta property=\"og:image:type\" content=\"image\/jpeg\" \/>\n<meta name=\"author\" content=\"Diego Rodr\u00edguez\" \/>\n<meta name=\"twitter:card\" content=\"summary_large_image\" \/>\n<meta name=\"twitter:creator\" content=\"@CentroUrbano\" \/>\n<meta name=\"twitter:site\" content=\"@CentroUrbano\" \/>\n<meta name=\"twitter:label1\" content=\"Escrito por\" \/>\n\t<meta name=\"twitter:data1\" content=\"Diego Rodr\u00edguez\" \/>\n\t<meta name=\"twitter:label2\" content=\"Tiempo de lectura\" \/>\n\t<meta name=\"twitter:data2\" content=\"2 minutos\" \/>\n<script type=\"application\/ld+json\" class=\"yoast-schema-graph\">{\"@context\":\"https:\\\/\\\/schema.org\",\"@graph\":[{\"@type\":\"Article\",\"@id\":\"https:\\\/\\\/centrourbano.com\\\/revista\\\/construccion\\\/garantizada-construccion-del-naicm-pese-a-recorte-del-presupuesto\\\/#article\",\"isPartOf\":{\"@id\":\"https:\\\/\\\/centrourbano.com\\\/revista\\\/construccion\\\/garantizada-construccion-del-naicm-pese-a-recorte-del-presupuesto\\\/\"},\"author\":{\"name\":\"Diego Rodr\u00edguez\",\"@id\":\"https:\\\/\\\/centrourbano.com\\\/revista\\\/#\\\/schema\\\/person\\\/b50192a3cd0e680841b45dc537f53970\"},\"headline\":\"Garantizada construcci\u00f3n del NAICM, pese a recorte del presupuesto\",\"datePublished\":\"2016-02-19T17:39:10+00:00\",\"dateModified\":\"2016-02-19T17:56:08+00:00\",\"mainEntityOfPage\":{\"@id\":\"https:\\\/\\\/centrourbano.com\\\/revista\\\/construccion\\\/garantizada-construccion-del-naicm-pese-a-recorte-del-presupuesto\\\/\"},\"wordCount\":373,\"commentCount\":0,\"publisher\":{\"@id\":\"https:\\\/\\\/centrourbano.com\\\/revista\\\/#organization\"},\"image\":{\"@id\":\"https:\\\/\\\/centrourbano.com\\\/revista\\\/construccion\\\/garantizada-construccion-del-naicm-pese-a-recorte-del-presupuesto\\\/#primaryimage\"},\"thumbnailUrl\":\"https:\\\/\\\/centrourbano.com\\\/revista\\\/wp-content\\\/uploads\\\/FOTO-3.jpg\",\"keywords\":[\"aeropuerto\",\"Autpistas\",\"carreteras\",\"construcci\u00f3n\",\"NAICM\"],\"articleSection\":[\"Construcci\u00f3n\"],\"inLanguage\":\"es\",\"potentialAction\":[{\"@type\":\"CommentAction\",\"name\":\"Comment\",\"target\":[\"https:\\\/\\\/centrourbano.com\\\/revista\\\/construccion\\\/garantizada-construccion-del-naicm-pese-a-recorte-del-presupuesto\\\/#respond\"]}]},{\"@type\":\"WebPage\",\"@id\":\"https:\\\/\\\/centrourbano.com\\\/revista\\\/construccion\\\/garantizada-construccion-del-naicm-pese-a-recorte-del-presupuesto\\\/\",\"url\":\"https:\\\/\\\/centrourbano.com\\\/revista\\\/construccion\\\/garantizada-construccion-del-naicm-pese-a-recorte-del-presupuesto\\\/\",\"name\":\"Garantizada construcci\u00f3n del NAICM, pese a recorte del presupuesto -\",\"isPartOf\":{\"@id\":\"https:\\\/\\\/centrourbano.com\\\/revista\\\/#website\"},\"primaryImageOfPage\":{\"@id\":\"https:\\\/\\\/centrourbano.com\\\/revista\\\/construccion\\\/garantizada-construccion-del-naicm-pese-a-recorte-del-presupuesto\\\/#primaryimage\"},\"image\":{\"@id\":\"https:\\\/\\\/centrourbano.com\\\/revista\\\/construccion\\\/garantizada-construccion-del-naicm-pese-a-recorte-del-presupuesto\\\/#primaryimage\"},\"thumbnailUrl\":\"https:\\\/\\\/centrourbano.com\\\/revista\\\/wp-content\\\/uploads\\\/FOTO-3.jpg\",\"datePublished\":\"2016-02-19T17:39:10+00:00\",\"dateModified\":\"2016-02-19T17:56:08+00:00\",\"description\":\"Se prev\u00e9n afectaciones en la #construcci\u00f3n de #carreteras, pero no en autopistas Pese al recorte presupuestal que fue anunciado por las autoridades\",\"breadcrumb\":{\"@id\":\"https:\\\/\\\/centrourbano.com\\\/revista\\\/construccion\\\/garantizada-construccion-del-naicm-pese-a-recorte-del-presupuesto\\\/#breadcrumb\"},\"inLanguage\":\"es\",\"potentialAction\":[{\"@type\":\"ReadAction\",\"target\":[\"https:\\\/\\\/centrourbano.com\\\/revista\\\/construccion\\\/garantizada-construccion-del-naicm-pese-a-recorte-del-presupuesto\\\/\"]}]},{\"@type\":\"ImageObject\",\"inLanguage\":\"es\",\"@id\":\"https:\\\/\\\/centrourbano.com\\\/revista\\\/construccion\\\/garantizada-construccion-del-naicm-pese-a-recorte-del-presupuesto\\\/#primaryimage\",\"url\":\"https:\\\/\\\/centrourbano.com\\\/revista\\\/wp-content\\\/uploads\\\/FOTO-3.jpg\",\"contentUrl\":\"https:\\\/\\\/centrourbano.com\\\/revista\\\/wp-content\\\/uploads\\\/FOTO-3.jpg\",\"width\":1024,\"height\":620},{\"@type\":\"BreadcrumbList\",\"@id\":\"https:\\\/\\\/centrourbano.com\\\/revista\\\/construccion\\\/garantizada-construccion-del-naicm-pese-a-recorte-del-presupuesto\\\/#breadcrumb\",\"itemListElement\":[{\"@type\":\"ListItem\",\"position\":1,\"name\":\"Portada\",\"item\":\"https:\\\/\\\/centrourbano.com\\\/revista\\\/\"},{\"@type\":\"ListItem\",\"position\":2,\"name\":\"Garantizada construcci\u00f3n del NAICM, pese a recorte del presupuesto\"}]},{\"@type\":\"WebSite\",\"@id\":\"https:\\\/\\\/centrourbano.com\\\/revista\\\/#website\",\"url\":\"https:\\\/\\\/centrourbano.com\\\/revista\\\/\",\"name\":\"Centro Urbano\",\"description\":\"Medio especializado en los sectores vivienda, inmobiliario, construcci\u00f3n, arquitectura y urbanismo.\",\"publisher\":{\"@id\":\"https:\\\/\\\/centrourbano.com\\\/revista\\\/#organization\"},\"potentialAction\":[{\"@type\":\"SearchAction\",\"target\":{\"@type\":\"EntryPoint\",\"urlTemplate\":\"https:\\\/\\\/centrourbano.com\\\/revista\\\/?s={search_term_string}\"},\"query-input\":{\"@type\":\"PropertyValueSpecification\",\"valueRequired\":true,\"valueName\":\"search_term_string\"}}],\"inLanguage\":\"es\"},{\"@type\":\"Organization\",\"@id\":\"https:\\\/\\\/centrourbano.com\\\/revista\\\/#organization\",\"name\":\"Centro Urbano\",\"url\":\"https:\\\/\\\/centrourbano.com\\\/revista\\\/\",\"logo\":{\"@type\":\"ImageObject\",\"inLanguage\":\"es\",\"@id\":\"https:\\\/\\\/centrourbano.com\\\/revista\\\/#\\\/schema\\\/logo\\\/image\\\/\",\"url\":\"https:\\\/\\\/centrourbano.com\\\/revista\\\/wp-content\\\/uploads\\\/web_CU_logo-1.png\",\"contentUrl\":\"https:\\\/\\\/centrourbano.com\\\/revista\\\/wp-content\\\/uploads\\\/web_CU_logo-1.png\",\"width\":350,\"height\":91,\"caption\":\"Centro Urbano\"},\"image\":{\"@id\":\"https:\\\/\\\/centrourbano.com\\\/revista\\\/#\\\/schema\\\/logo\\\/image\\\/\"},\"sameAs\":[\"https:\\\/\\\/www.facebook.com\\\/portalcentrourbano\",\"https:\\\/\\\/x.com\\\/CentroUrbano\",\"https:\\\/\\\/www.instagram.com\\\/centro_urbano\\\/\",\"https:\\\/\\\/www.linkedin.com\\\/company\\\/centro-urbano\\\/\",\"http:\\\/\\\/www.youtube.com\\\/user\\\/portalcentrourbano\"]},{\"@type\":\"Person\",\"@id\":\"https:\\\/\\\/centrourbano.com\\\/revista\\\/#\\\/schema\\\/person\\\/b50192a3cd0e680841b45dc537f53970\",\"name\":\"Diego Rodr\u00edguez\",\"image\":{\"@type\":\"ImageObject\",\"inLanguage\":\"es\",\"@id\":\"https:\\\/\\\/secure.gravatar.com\\\/avatar\\\/d217565525df2df5d4e7265d47758506f41845ed9529510921a7625d8365789d?s=96&d=mm&r=g\",\"url\":\"https:\\\/\\\/secure.gravatar.com\\\/avatar\\\/d217565525df2df5d4e7265d47758506f41845ed9529510921a7625d8365789d?s=96&d=mm&r=g\",\"contentUrl\":\"https:\\\/\\\/secure.gravatar.com\\\/avatar\\\/d217565525df2df5d4e7265d47758506f41845ed9529510921a7625d8365789d?s=96&d=mm&r=g\",\"caption\":\"Diego Rodr\u00edguez\"},\"description\":\"Egresado de la Facultad de Estudios Superiores Acatl\u00e1n de la carrera en Comunicaci\u00f3n, con especialidad en medios escritos. Reportero del desaparecido peri\u00f3dico Nuestro M\u00e9xico, en donde cubri\u00f3 las fuentes delegacionales y Asamblea Legislativa. Tambi\u00e9n trabaj\u00f3 en la Coordinaci\u00f3n de Comunicaci\u00f3n Social en la delegaci\u00f3n \u00c1lvaro Obreg\u00f3n. Le gusta leer novelas y cuentos.\",\"url\":\"https:\\\/\\\/centrourbano.com\\\/revista\\\/author\\\/diegorodriguez\\\/\"}]}<\/script>\n<!-- \/ Yoast SEO plugin. -->","yoast_head_json":{"title":"Garantizada construcci\u00f3n del NAICM, pese a recorte del presupuesto -","description":"Se prev\u00e9n afectaciones en la #construcci\u00f3n de #carreteras, pero no en autopistas Pese al recorte presupuestal que fue anunciado por las autoridades","robots":{"index":"index","follow":"follow","max-snippet":"max-snippet:-1","max-image-preview":"max-image-preview:large","max-video-preview":"max-video-preview:-1"},"canonical":"https:\/\/centrourbano.com\/revista\/construccion\/garantizada-construccion-del-naicm-pese-a-recorte-del-presupuesto\/","og_locale":"es_ES","og_type":"article","og_title":"Garantizada construcci\u00f3n del NAICM, pese a recorte del presupuesto -","og_description":"Se prev\u00e9n afectaciones en la #construcci\u00f3n de #carreteras, pero no en autopistas Pese al recorte presupuestal que fue anunciado por las autoridades","og_url":"https:\/\/centrourbano.com\/revista\/construccion\/garantizada-construccion-del-naicm-pese-a-recorte-del-presupuesto\/","og_site_name":"Centro Urbano","article_publisher":"https:\/\/www.facebook.com\/portalcentrourbano","article_published_time":"2016-02-19T17:39:10+00:00","article_modified_time":"2016-02-19T17:56:08+00:00","og_image":[{"width":1024,"height":620,"url":"https:\/\/centrourbano.com\/revista\/wp-content\/uploads\/FOTO-3.jpg","type":"image\/jpeg"}],"author":"Diego Rodr\u00edguez","twitter_card":"summary_large_image","twitter_creator":"@CentroUrbano","twitter_site":"@CentroUrbano","twitter_misc":{"Escrito por":"Diego Rodr\u00edguez","Tiempo de lectura":"2 minutos"},"schema":{"@context":"https:\/\/schema.org","@graph":[{"@type":"Article","@id":"https:\/\/centrourbano.com\/revista\/construccion\/garantizada-construccion-del-naicm-pese-a-recorte-del-presupuesto\/#article","isPartOf":{"@id":"https:\/\/centrourbano.com\/revista\/construccion\/garantizada-construccion-del-naicm-pese-a-recorte-del-presupuesto\/"},"author":{"name":"Diego Rodr\u00edguez","@id":"https:\/\/centrourbano.com\/revista\/#\/schema\/person\/b50192a3cd0e680841b45dc537f53970"},"headline":"Garantizada construcci\u00f3n del NAICM, pese a recorte del presupuesto","datePublished":"2016-02-19T17:39:10+00:00","dateModified":"2016-02-19T17:56:08+00:00","mainEntityOfPage":{"@id":"https:\/\/centrourbano.com\/revista\/construccion\/garantizada-construccion-del-naicm-pese-a-recorte-del-presupuesto\/"},"wordCount":373,"commentCount":0,"publisher":{"@id":"https:\/\/centrourbano.com\/revista\/#organization"},"image":{"@id":"https:\/\/centrourbano.com\/revista\/construccion\/garantizada-construccion-del-naicm-pese-a-recorte-del-presupuesto\/#primaryimage"},"thumbnailUrl":"https:\/\/centrourbano.com\/revista\/wp-content\/uploads\/FOTO-3.jpg","keywords":["aeropuerto","Autpistas","carreteras","construcci\u00f3n","NAICM"],"articleSection":["Construcci\u00f3n"],"inLanguage":"es","potentialAction":[{"@type":"CommentAction","name":"Comment","target":["https:\/\/centrourbano.com\/revista\/construccion\/garantizada-construccion-del-naicm-pese-a-recorte-del-presupuesto\/#respond"]}]},{"@type":"WebPage","@id":"https:\/\/centrourbano.com\/revista\/construccion\/garantizada-construccion-del-naicm-pese-a-recorte-del-presupuesto\/","url":"https:\/\/centrourbano.com\/revista\/construccion\/garantizada-construccion-del-naicm-pese-a-recorte-del-presupuesto\/","name":"Garantizada construcci\u00f3n del NAICM, pese a recorte del presupuesto -","isPartOf":{"@id":"https:\/\/centrourbano.com\/revista\/#website"},"primaryImageOfPage":{"@id":"https:\/\/centrourbano.com\/revista\/construccion\/garantizada-construccion-del-naicm-pese-a-recorte-del-presupuesto\/#primaryimage"},"image":{"@id":"https:\/\/centrourbano.com\/revista\/construccion\/garantizada-construccion-del-naicm-pese-a-recorte-del-presupuesto\/#primaryimage"},"thumbnailUrl":"https:\/\/centrourbano.com\/revista\/wp-content\/uploads\/FOTO-3.jpg","datePublished":"2016-02-19T17:39:10+00:00","dateModified":"2016-02-19T17:56:08+00:00","description":"Se prev\u00e9n afectaciones en la #construcci\u00f3n de #carreteras, pero no en autopistas Pese al recorte presupuestal que fue anunciado por las autoridades","breadcrumb":{"@id":"https:\/\/centrourbano.com\/revista\/construccion\/garantizada-construccion-del-naicm-pese-a-recorte-del-presupuesto\/#breadcrumb"},"inLanguage":"es","potentialAction":[{"@type":"ReadAction","target":["https:\/\/centrourbano.com\/revista\/construccion\/garantizada-construccion-del-naicm-pese-a-recorte-del-presupuesto\/"]}]},{"@type":"ImageObject","inLanguage":"es","@id":"https:\/\/centrourbano.com\/revista\/construccion\/garantizada-construccion-del-naicm-pese-a-recorte-del-presupuesto\/#primaryimage","url":"https:\/\/centrourbano.com\/revista\/wp-content\/uploads\/FOTO-3.jpg","contentUrl":"https:\/\/centrourbano.com\/revista\/wp-content\/uploads\/FOTO-3.jpg","width":1024,"height":620},{"@type":"BreadcrumbList","@id":"https:\/\/centrourbano.com\/revista\/construccion\/garantizada-construccion-del-naicm-pese-a-recorte-del-presupuesto\/#breadcrumb","itemListElement":[{"@type":"ListItem","position":1,"name":"Portada","item":"https:\/\/centrourbano.com\/revista\/"},{"@type":"ListItem","position":2,"name":"Garantizada construcci\u00f3n del NAICM, pese a recorte del presupuesto"}]},{"@type":"WebSite","@id":"https:\/\/centrourbano.com\/revista\/#website","url":"https:\/\/centrourbano.com\/revista\/","name":"Centro Urbano","description":"Medio especializado en los sectores vivienda, inmobiliario, construcci\u00f3n, arquitectura y urbanismo.","publisher":{"@id":"https:\/\/centrourbano.com\/revista\/#organization"},"potentialAction":[{"@type":"SearchAction","target":{"@type":"EntryPoint","urlTemplate":"https:\/\/centrourbano.com\/revista\/?s={search_term_string}"},"query-input":{"@type":"PropertyValueSpecification","valueRequired":true,"valueName":"search_term_string"}}],"inLanguage":"es"},{"@type":"Organization","@id":"https:\/\/centrourbano.com\/revista\/#organization","name":"Centro Urbano","url":"https:\/\/centrourbano.com\/revista\/","logo":{"@type":"ImageObject","inLanguage":"es","@id":"https:\/\/centrourbano.com\/revista\/#\/schema\/logo\/image\/","url":"https:\/\/centrourbano.com\/revista\/wp-content\/uploads\/web_CU_logo-1.png","contentUrl":"https:\/\/centrourbano.com\/revista\/wp-content\/uploads\/web_CU_logo-1.png","width":350,"height":91,"caption":"Centro Urbano"},"image":{"@id":"https:\/\/centrourbano.com\/revista\/#\/schema\/logo\/image\/"},"sameAs":["https:\/\/www.facebook.com\/portalcentrourbano","https:\/\/x.com\/CentroUrbano","https:\/\/www.instagram.com\/centro_urbano\/","https:\/\/www.linkedin.com\/company\/centro-urbano\/","http:\/\/www.youtube.com\/user\/portalcentrourbano"]},{"@type":"Person","@id":"https:\/\/centrourbano.com\/revista\/#\/schema\/person\/b50192a3cd0e680841b45dc537f53970","name":"Diego Rodr\u00edguez","image":{"@type":"ImageObject","inLanguage":"es","@id":"https:\/\/secure.gravatar.com\/avatar\/d217565525df2df5d4e7265d47758506f41845ed9529510921a7625d8365789d?s=96&d=mm&r=g","url":"https:\/\/secure.gravatar.com\/avatar\/d217565525df2df5d4e7265d47758506f41845ed9529510921a7625d8365789d?s=96&d=mm&r=g","contentUrl":"https:\/\/secure.gravatar.com\/avatar\/d217565525df2df5d4e7265d47758506f41845ed9529510921a7625d8365789d?s=96&d=mm&r=g","caption":"Diego Rodr\u00edguez"},"description":"Egresado de la Facultad de Estudios Superiores Acatl\u00e1n de la carrera en Comunicaci\u00f3n, con especialidad en medios escritos. Reportero del desaparecido peri\u00f3dico Nuestro M\u00e9xico, en donde cubri\u00f3 las fuentes delegacionales y Asamblea Legislativa. Tambi\u00e9n trabaj\u00f3 en la Coordinaci\u00f3n de Comunicaci\u00f3n Social en la delegaci\u00f3n \u00c1lvaro Obreg\u00f3n. Le gusta leer novelas y cuentos.","url":"https:\/\/centrourbano.com\/revista\/author\/diegorodriguez\/"}]}},"_links":{"self":[{"href":"https:\/\/centrourbano.com\/revista\/wp-json\/wp\/v2\/posts\/30585","targetHints":{"allow":["GET"]}}],"collection":[{"href":"https:\/\/centrourbano.com\/revista\/wp-json\/wp\/v2\/posts"}],"about":[{"href":"https:\/\/centrourbano.com\/revista\/wp-json\/wp\/v2\/types\/post"}],"author":[{"embeddable":true,"href":"https:\/\/centrourbano.com\/revista\/wp-json\/wp\/v2\/users\/37"}],"replies":[{"embeddable":true,"href":"https:\/\/centrourbano.com\/revista\/wp-json\/wp\/v2\/comments?post=30585"}],"version-history":[{"count":0,"href":"https:\/\/centrourbano.com\/revista\/wp-json\/wp\/v2\/posts\/30585\/revisions"}],"wp:featuredmedia":[{"embeddable":true,"href":"https:\/\/centrourbano.com\/revista\/wp-json\/wp\/v2\/media\/30607"}],"wp:attachment":[{"href":"https:\/\/centrourbano.com\/revista\/wp-json\/wp\/v2\/media?parent=30585"}],"wp:term":[{"taxonomy":"category","embeddable":true,"href":"https:\/\/centrourbano.com\/revista\/wp-json\/wp\/v2\/categories?post=30585"},{"taxonomy":"post_tag","embeddable":true,"href":"https:\/\/centrourbano.com\/revista\/wp-json\/wp\/v2\/tags?post=30585"}],"curies":[{"name":"wp","href":"https:\/\/api.w.org\/{rel}","templated":true}]}}