{"id":29820,"date":"2016-02-09T11:21:59","date_gmt":"2016-02-09T17:21:59","guid":{"rendered":"http:\/\/centrourbano.com\/?p=29820"},"modified":"2016-02-12T13:14:33","modified_gmt":"2016-02-12T19:14:33","slug":"ampip-analiza-beneficios-del-regimen-rfe","status":"publish","type":"post","link":"https:\/\/centrourbano.com\/revista\/inmobiliario\/ampip-analiza-beneficios-del-regimen-rfe\/","title":{"rendered":"Ampip analiza beneficios del r\u00e9gimen RFE"},"content":{"rendered":"<p>250 miembros de la <a class=\"expresscurate_contentTags\" href=\"http:\/\/centrourbano.com\/tag\/ampip\/\">#Ampip<\/a> esperan conocer m\u00e1s detalles del decreto de ley<br \/>\n<!--more--><\/p>\n<p>La secretar\u00eda de Hacienda y Cr\u00e9dito P\u00fablico (<a class=\"expresscurate_contentTags\" href=\"http:\/\/centrourbano.com\/tag\/shcp\/\">#SHCP<\/a>) hizo p\u00fablico un nuevo decreto, donde se ofrecen est\u00edmulos fiscales para las empresas que decidan destinar sus mercanc\u00edas en los Recintos Fiscales Estrat\u00e9gicos (<a class=\"expresscurate_contentTags\" href=\"http:\/\/centrourbano.com\/tag\/rfe\/\">#RFE<\/a>) y facilidades administrativas para los inmuebles, como <a class=\"expresscurate_contentTags\" href=\"http:\/\/centrourbano.com\/tag\/parques-industriales\/\">#parques industriales<\/a>, que decidan convertirse en uno.<\/p>\n<p>Debido a esto, los parques industriales evaluar\u00e1n esta iniciativa, ya que su implementaci\u00f3n podr\u00eda elevar los costos de los negocios ya instalados. <\/p>\n<p>Claudia \u00c1vila, Directora General de la Asociaci\u00f3n Mexicana de Parques Industriales (Ampip), dijo que se han mantenido en distintas ocasiones reuniones con las autoridades, donde han externado su preocupaci\u00f3n y las implicaciones que tendr\u00eda la implementaci\u00f3n del decreto.<\/p>\n<p>Agreg\u00f3 que cerca de 250 miembros de la asociaci\u00f3n, esperan conocer los detalles de las facilidades administrativas que ofrece incorporarse al r\u00e9gimen RFE y las empresas que ah\u00ed operar\u00edan, ya que muchas pertenecen al Programa IMMEX.<\/p>\n<p>\u00c1vila puntualiz\u00f3 que para los parques industriales con empresas operando en ellos, esta conversi\u00f3n les traer\u00eda implicar mayores inversiones, pero que, en los nuevos proyectos es viable porque parten desde el inicio de una planeaci\u00f3n dirigida a promover los servicios de un RFE, que podr\u00edan atraer empresas que no necesariamente est\u00e9n bajo el r\u00e9gimen de IMMEX y que les atraiga la posibilidad de tener esa facilitaci\u00f3n aduanera y fiscal que ofrece este r\u00e9gimen.<\/p>\n<p>Actualmente s\u00f3lo 2 de los 250 parques industriales de la Ampip, operan como RFE, WTC Industrial, ubicado en San Luis Potos\u00ed, e Interpuerto Monterrey, en Nuevo Le\u00f3n.<\/p>\n","protected":false},"excerpt":{"rendered":"<p>250 miembros de la #Ampip esperan conocer m\u00e1s detalles del decreto de ley<\/p>\n","protected":false},"author":36,"featured_media":29827,"comment_status":"open","ping_status":"closed","sticky":false,"template":"","format":"standard","meta":{"om_disable_all_campaigns":false,"inline_featured_image":false,"_monsterinsights_skip_tracking":false,"_monsterinsights_sitenote_active":false,"_monsterinsights_sitenote_note":"","_monsterinsights_sitenote_category":0,"footnotes":""},"categories":[15],"tags":[416,223,7651,483],"class_list":["post-29820","post","type-post","status-publish","format-standard","has-post-thumbnail","hentry","category-inmobiliario","tag-ampip","tag-parques-industriales","tag-rfe","tag-shcp"],"yoast_head":"<!-- This site is optimized with the Yoast SEO plugin v27.5 - https:\/\/yoast.com\/product\/yoast-seo-wordpress\/ -->\n<title>Ampip analiza beneficios del r\u00e9gimen RFE -<\/title>\n<meta name=\"description\" content=\"250 miembros de la #Ampip esperan conocer m\u00e1s detalles del decreto de ley La secretar\u00eda de Hacienda y Cr\u00e9dito P\u00fablico (#SHCP) hizo p\u00fablico un nuevo\" \/>\n<meta name=\"robots\" content=\"index, follow, max-snippet:-1, max-image-preview:large, max-video-preview:-1\" \/>\n<link rel=\"canonical\" href=\"https:\/\/centrourbano.com\/revista\/inmobiliario\/ampip-analiza-beneficios-del-regimen-rfe\/\" \/>\n<meta property=\"og:locale\" content=\"es_ES\" \/>\n<meta property=\"og:type\" content=\"article\" \/>\n<meta property=\"og:title\" content=\"Ampip analiza beneficios del r\u00e9gimen RFE -\" \/>\n<meta property=\"og:description\" content=\"250 miembros de la #Ampip esperan conocer m\u00e1s detalles del decreto de ley La secretar\u00eda de Hacienda y Cr\u00e9dito P\u00fablico (#SHCP) hizo p\u00fablico un nuevo\" \/>\n<meta property=\"og:url\" content=\"https:\/\/centrourbano.com\/revista\/inmobiliario\/ampip-analiza-beneficios-del-regimen-rfe\/\" \/>\n<meta property=\"og:site_name\" content=\"Centro Urbano\" \/>\n<meta property=\"article:publisher\" content=\"https:\/\/www.facebook.com\/portalcentrourbano\" \/>\n<meta property=\"article:published_time\" content=\"2016-02-09T17:21:59+00:00\" \/>\n<meta property=\"article:modified_time\" content=\"2016-02-12T19:14:33+00:00\" \/>\n<meta property=\"og:image\" content=\"https:\/\/centrourbano.com\/revista\/wp-content\/uploads\/Parque-Industrial1-1.jpg\" \/>\n\t<meta property=\"og:image:width\" content=\"617\" \/>\n\t<meta property=\"og:image:height\" content=\"428\" \/>\n\t<meta property=\"og:image:type\" content=\"image\/jpeg\" \/>\n<meta name=\"author\" content=\"Yareth Casanova\" \/>\n<meta name=\"twitter:card\" content=\"summary_large_image\" \/>\n<meta name=\"twitter:creator\" content=\"@CentroUrbano\" \/>\n<meta name=\"twitter:site\" content=\"@CentroUrbano\" \/>\n<meta name=\"twitter:label1\" content=\"Escrito por\" \/>\n\t<meta name=\"twitter:data1\" content=\"Yareth Casanova\" \/>\n\t<meta name=\"twitter:label2\" content=\"Tiempo de lectura\" \/>\n\t<meta name=\"twitter:data2\" content=\"1 minuto\" \/>\n<script type=\"application\/ld+json\" class=\"yoast-schema-graph\">{\"@context\":\"https:\\\/\\\/schema.org\",\"@graph\":[{\"@type\":\"Article\",\"@id\":\"https:\\\/\\\/centrourbano.com\\\/revista\\\/inmobiliario\\\/ampip-analiza-beneficios-del-regimen-rfe\\\/#article\",\"isPartOf\":{\"@id\":\"https:\\\/\\\/centrourbano.com\\\/revista\\\/inmobiliario\\\/ampip-analiza-beneficios-del-regimen-rfe\\\/\"},\"author\":{\"name\":\"Yareth Casanova\",\"@id\":\"https:\\\/\\\/centrourbano.com\\\/revista\\\/#\\\/schema\\\/person\\\/dae97fa1bb2cf633b516aff6ba661f46\"},\"headline\":\"Ampip analiza beneficios del r\u00e9gimen RFE\",\"datePublished\":\"2016-02-09T17:21:59+00:00\",\"dateModified\":\"2016-02-12T19:14:33+00:00\",\"mainEntityOfPage\":{\"@id\":\"https:\\\/\\\/centrourbano.com\\\/revista\\\/inmobiliario\\\/ampip-analiza-beneficios-del-regimen-rfe\\\/\"},\"wordCount\":286,\"commentCount\":0,\"publisher\":{\"@id\":\"https:\\\/\\\/centrourbano.com\\\/revista\\\/#organization\"},\"image\":{\"@id\":\"https:\\\/\\\/centrourbano.com\\\/revista\\\/inmobiliario\\\/ampip-analiza-beneficios-del-regimen-rfe\\\/#primaryimage\"},\"thumbnailUrl\":\"https:\\\/\\\/centrourbano.com\\\/revista\\\/wp-content\\\/uploads\\\/Parque-Industrial1-1.jpg\",\"keywords\":[\"AMPIP\",\"parques industriales\",\"RFE\",\"SHCP\"],\"articleSection\":[\"Inmobiliario\"],\"inLanguage\":\"es\",\"potentialAction\":[{\"@type\":\"CommentAction\",\"name\":\"Comment\",\"target\":[\"https:\\\/\\\/centrourbano.com\\\/revista\\\/inmobiliario\\\/ampip-analiza-beneficios-del-regimen-rfe\\\/#respond\"]}]},{\"@type\":\"WebPage\",\"@id\":\"https:\\\/\\\/centrourbano.com\\\/revista\\\/inmobiliario\\\/ampip-analiza-beneficios-del-regimen-rfe\\\/\",\"url\":\"https:\\\/\\\/centrourbano.com\\\/revista\\\/inmobiliario\\\/ampip-analiza-beneficios-del-regimen-rfe\\\/\",\"name\":\"Ampip analiza beneficios del r\u00e9gimen RFE -\",\"isPartOf\":{\"@id\":\"https:\\\/\\\/centrourbano.com\\\/revista\\\/#website\"},\"primaryImageOfPage\":{\"@id\":\"https:\\\/\\\/centrourbano.com\\\/revista\\\/inmobiliario\\\/ampip-analiza-beneficios-del-regimen-rfe\\\/#primaryimage\"},\"image\":{\"@id\":\"https:\\\/\\\/centrourbano.com\\\/revista\\\/inmobiliario\\\/ampip-analiza-beneficios-del-regimen-rfe\\\/#primaryimage\"},\"thumbnailUrl\":\"https:\\\/\\\/centrourbano.com\\\/revista\\\/wp-content\\\/uploads\\\/Parque-Industrial1-1.jpg\",\"datePublished\":\"2016-02-09T17:21:59+00:00\",\"dateModified\":\"2016-02-12T19:14:33+00:00\",\"description\":\"250 miembros de la #Ampip esperan conocer m\u00e1s detalles del decreto de ley La secretar\u00eda de Hacienda y Cr\u00e9dito P\u00fablico (#SHCP) hizo p\u00fablico un nuevo\",\"breadcrumb\":{\"@id\":\"https:\\\/\\\/centrourbano.com\\\/revista\\\/inmobiliario\\\/ampip-analiza-beneficios-del-regimen-rfe\\\/#breadcrumb\"},\"inLanguage\":\"es\",\"potentialAction\":[{\"@type\":\"ReadAction\",\"target\":[\"https:\\\/\\\/centrourbano.com\\\/revista\\\/inmobiliario\\\/ampip-analiza-beneficios-del-regimen-rfe\\\/\"]}]},{\"@type\":\"ImageObject\",\"inLanguage\":\"es\",\"@id\":\"https:\\\/\\\/centrourbano.com\\\/revista\\\/inmobiliario\\\/ampip-analiza-beneficios-del-regimen-rfe\\\/#primaryimage\",\"url\":\"https:\\\/\\\/centrourbano.com\\\/revista\\\/wp-content\\\/uploads\\\/Parque-Industrial1-1.jpg\",\"contentUrl\":\"https:\\\/\\\/centrourbano.com\\\/revista\\\/wp-content\\\/uploads\\\/Parque-Industrial1-1.jpg\",\"width\":617,\"height\":428,\"caption\":\"Se contempla la apertura de dos parques industriales; el municipio invertir\u00eda en la urbanizaci\u00f3n de estos espacios\"},{\"@type\":\"BreadcrumbList\",\"@id\":\"https:\\\/\\\/centrourbano.com\\\/revista\\\/inmobiliario\\\/ampip-analiza-beneficios-del-regimen-rfe\\\/#breadcrumb\",\"itemListElement\":[{\"@type\":\"ListItem\",\"position\":1,\"name\":\"Portada\",\"item\":\"https:\\\/\\\/centrourbano.com\\\/revista\\\/\"},{\"@type\":\"ListItem\",\"position\":2,\"name\":\"Ampip analiza beneficios del r\u00e9gimen RFE\"}]},{\"@type\":\"WebSite\",\"@id\":\"https:\\\/\\\/centrourbano.com\\\/revista\\\/#website\",\"url\":\"https:\\\/\\\/centrourbano.com\\\/revista\\\/\",\"name\":\"Centro Urbano\",\"description\":\"Medio especializado en los sectores vivienda, inmobiliario, construcci\u00f3n, arquitectura y urbanismo.\",\"publisher\":{\"@id\":\"https:\\\/\\\/centrourbano.com\\\/revista\\\/#organization\"},\"potentialAction\":[{\"@type\":\"SearchAction\",\"target\":{\"@type\":\"EntryPoint\",\"urlTemplate\":\"https:\\\/\\\/centrourbano.com\\\/revista\\\/?s={search_term_string}\"},\"query-input\":{\"@type\":\"PropertyValueSpecification\",\"valueRequired\":true,\"valueName\":\"search_term_string\"}}],\"inLanguage\":\"es\"},{\"@type\":\"Organization\",\"@id\":\"https:\\\/\\\/centrourbano.com\\\/revista\\\/#organization\",\"name\":\"Centro Urbano\",\"url\":\"https:\\\/\\\/centrourbano.com\\\/revista\\\/\",\"logo\":{\"@type\":\"ImageObject\",\"inLanguage\":\"es\",\"@id\":\"https:\\\/\\\/centrourbano.com\\\/revista\\\/#\\\/schema\\\/logo\\\/image\\\/\",\"url\":\"https:\\\/\\\/centrourbano.com\\\/revista\\\/wp-content\\\/uploads\\\/web_CU_logo-1.png\",\"contentUrl\":\"https:\\\/\\\/centrourbano.com\\\/revista\\\/wp-content\\\/uploads\\\/web_CU_logo-1.png\",\"width\":350,\"height\":91,\"caption\":\"Centro Urbano\"},\"image\":{\"@id\":\"https:\\\/\\\/centrourbano.com\\\/revista\\\/#\\\/schema\\\/logo\\\/image\\\/\"},\"sameAs\":[\"https:\\\/\\\/www.facebook.com\\\/portalcentrourbano\",\"https:\\\/\\\/x.com\\\/CentroUrbano\",\"https:\\\/\\\/www.instagram.com\\\/centro_urbano\\\/\",\"https:\\\/\\\/www.linkedin.com\\\/company\\\/centro-urbano\\\/\",\"http:\\\/\\\/www.youtube.com\\\/user\\\/portalcentrourbano\"]},{\"@type\":\"Person\",\"@id\":\"https:\\\/\\\/centrourbano.com\\\/revista\\\/#\\\/schema\\\/person\\\/dae97fa1bb2cf633b516aff6ba661f46\",\"name\":\"Yareth Casanova\",\"image\":{\"@type\":\"ImageObject\",\"inLanguage\":\"es\",\"@id\":\"https:\\\/\\\/secure.gravatar.com\\\/avatar\\\/cc5021d028a26acc18cd90754b870114c9449717d0cf43cc142712f089324f6d?s=96&d=mm&r=g\",\"url\":\"https:\\\/\\\/secure.gravatar.com\\\/avatar\\\/cc5021d028a26acc18cd90754b870114c9449717d0cf43cc142712f089324f6d?s=96&d=mm&r=g\",\"contentUrl\":\"https:\\\/\\\/secure.gravatar.com\\\/avatar\\\/cc5021d028a26acc18cd90754b870114c9449717d0cf43cc142712f089324f6d?s=96&d=mm&r=g\",\"caption\":\"Yareth Casanova\"},\"description\":\"Egresada de la Universidad del Valle de M\u00e9xico en Ciencias de la Comunicaci\u00f3n. Fungi\u00f3 como community manager en el Senado de la Rep\u00fablica y como becaria en editorial Televisa. Actualmente se desempe\u00f1a como community manager y reportera en Centro Urbano. Es amante de los perros y sus pasiones son el baile, el cine, la pol\u00edtica y la moda.\",\"url\":\"https:\\\/\\\/centrourbano.com\\\/revista\\\/author\\\/yarethcu\\\/\"}]}<\/script>\n<!-- \/ Yoast SEO plugin. -->","yoast_head_json":{"title":"Ampip analiza beneficios del r\u00e9gimen RFE -","description":"250 miembros de la #Ampip esperan conocer m\u00e1s detalles del decreto de ley La secretar\u00eda de Hacienda y Cr\u00e9dito P\u00fablico (#SHCP) hizo p\u00fablico un nuevo","robots":{"index":"index","follow":"follow","max-snippet":"max-snippet:-1","max-image-preview":"max-image-preview:large","max-video-preview":"max-video-preview:-1"},"canonical":"https:\/\/centrourbano.com\/revista\/inmobiliario\/ampip-analiza-beneficios-del-regimen-rfe\/","og_locale":"es_ES","og_type":"article","og_title":"Ampip analiza beneficios del r\u00e9gimen RFE -","og_description":"250 miembros de la #Ampip esperan conocer m\u00e1s detalles del decreto de ley La secretar\u00eda de Hacienda y Cr\u00e9dito P\u00fablico (#SHCP) hizo p\u00fablico un nuevo","og_url":"https:\/\/centrourbano.com\/revista\/inmobiliario\/ampip-analiza-beneficios-del-regimen-rfe\/","og_site_name":"Centro Urbano","article_publisher":"https:\/\/www.facebook.com\/portalcentrourbano","article_published_time":"2016-02-09T17:21:59+00:00","article_modified_time":"2016-02-12T19:14:33+00:00","og_image":[{"width":617,"height":428,"url":"https:\/\/centrourbano.com\/revista\/wp-content\/uploads\/Parque-Industrial1-1.jpg","type":"image\/jpeg"}],"author":"Yareth Casanova","twitter_card":"summary_large_image","twitter_creator":"@CentroUrbano","twitter_site":"@CentroUrbano","twitter_misc":{"Escrito por":"Yareth Casanova","Tiempo de lectura":"1 minuto"},"schema":{"@context":"https:\/\/schema.org","@graph":[{"@type":"Article","@id":"https:\/\/centrourbano.com\/revista\/inmobiliario\/ampip-analiza-beneficios-del-regimen-rfe\/#article","isPartOf":{"@id":"https:\/\/centrourbano.com\/revista\/inmobiliario\/ampip-analiza-beneficios-del-regimen-rfe\/"},"author":{"name":"Yareth Casanova","@id":"https:\/\/centrourbano.com\/revista\/#\/schema\/person\/dae97fa1bb2cf633b516aff6ba661f46"},"headline":"Ampip analiza beneficios del r\u00e9gimen RFE","datePublished":"2016-02-09T17:21:59+00:00","dateModified":"2016-02-12T19:14:33+00:00","mainEntityOfPage":{"@id":"https:\/\/centrourbano.com\/revista\/inmobiliario\/ampip-analiza-beneficios-del-regimen-rfe\/"},"wordCount":286,"commentCount":0,"publisher":{"@id":"https:\/\/centrourbano.com\/revista\/#organization"},"image":{"@id":"https:\/\/centrourbano.com\/revista\/inmobiliario\/ampip-analiza-beneficios-del-regimen-rfe\/#primaryimage"},"thumbnailUrl":"https:\/\/centrourbano.com\/revista\/wp-content\/uploads\/Parque-Industrial1-1.jpg","keywords":["AMPIP","parques industriales","RFE","SHCP"],"articleSection":["Inmobiliario"],"inLanguage":"es","potentialAction":[{"@type":"CommentAction","name":"Comment","target":["https:\/\/centrourbano.com\/revista\/inmobiliario\/ampip-analiza-beneficios-del-regimen-rfe\/#respond"]}]},{"@type":"WebPage","@id":"https:\/\/centrourbano.com\/revista\/inmobiliario\/ampip-analiza-beneficios-del-regimen-rfe\/","url":"https:\/\/centrourbano.com\/revista\/inmobiliario\/ampip-analiza-beneficios-del-regimen-rfe\/","name":"Ampip analiza beneficios del r\u00e9gimen RFE -","isPartOf":{"@id":"https:\/\/centrourbano.com\/revista\/#website"},"primaryImageOfPage":{"@id":"https:\/\/centrourbano.com\/revista\/inmobiliario\/ampip-analiza-beneficios-del-regimen-rfe\/#primaryimage"},"image":{"@id":"https:\/\/centrourbano.com\/revista\/inmobiliario\/ampip-analiza-beneficios-del-regimen-rfe\/#primaryimage"},"thumbnailUrl":"https:\/\/centrourbano.com\/revista\/wp-content\/uploads\/Parque-Industrial1-1.jpg","datePublished":"2016-02-09T17:21:59+00:00","dateModified":"2016-02-12T19:14:33+00:00","description":"250 miembros de la #Ampip esperan conocer m\u00e1s detalles del decreto de ley La secretar\u00eda de Hacienda y Cr\u00e9dito P\u00fablico (#SHCP) hizo p\u00fablico un nuevo","breadcrumb":{"@id":"https:\/\/centrourbano.com\/revista\/inmobiliario\/ampip-analiza-beneficios-del-regimen-rfe\/#breadcrumb"},"inLanguage":"es","potentialAction":[{"@type":"ReadAction","target":["https:\/\/centrourbano.com\/revista\/inmobiliario\/ampip-analiza-beneficios-del-regimen-rfe\/"]}]},{"@type":"ImageObject","inLanguage":"es","@id":"https:\/\/centrourbano.com\/revista\/inmobiliario\/ampip-analiza-beneficios-del-regimen-rfe\/#primaryimage","url":"https:\/\/centrourbano.com\/revista\/wp-content\/uploads\/Parque-Industrial1-1.jpg","contentUrl":"https:\/\/centrourbano.com\/revista\/wp-content\/uploads\/Parque-Industrial1-1.jpg","width":617,"height":428,"caption":"Se contempla la apertura de dos parques industriales; el municipio invertir\u00eda en la urbanizaci\u00f3n de estos espacios"},{"@type":"BreadcrumbList","@id":"https:\/\/centrourbano.com\/revista\/inmobiliario\/ampip-analiza-beneficios-del-regimen-rfe\/#breadcrumb","itemListElement":[{"@type":"ListItem","position":1,"name":"Portada","item":"https:\/\/centrourbano.com\/revista\/"},{"@type":"ListItem","position":2,"name":"Ampip analiza beneficios del r\u00e9gimen RFE"}]},{"@type":"WebSite","@id":"https:\/\/centrourbano.com\/revista\/#website","url":"https:\/\/centrourbano.com\/revista\/","name":"Centro Urbano","description":"Medio especializado en los sectores vivienda, inmobiliario, construcci\u00f3n, arquitectura y urbanismo.","publisher":{"@id":"https:\/\/centrourbano.com\/revista\/#organization"},"potentialAction":[{"@type":"SearchAction","target":{"@type":"EntryPoint","urlTemplate":"https:\/\/centrourbano.com\/revista\/?s={search_term_string}"},"query-input":{"@type":"PropertyValueSpecification","valueRequired":true,"valueName":"search_term_string"}}],"inLanguage":"es"},{"@type":"Organization","@id":"https:\/\/centrourbano.com\/revista\/#organization","name":"Centro Urbano","url":"https:\/\/centrourbano.com\/revista\/","logo":{"@type":"ImageObject","inLanguage":"es","@id":"https:\/\/centrourbano.com\/revista\/#\/schema\/logo\/image\/","url":"https:\/\/centrourbano.com\/revista\/wp-content\/uploads\/web_CU_logo-1.png","contentUrl":"https:\/\/centrourbano.com\/revista\/wp-content\/uploads\/web_CU_logo-1.png","width":350,"height":91,"caption":"Centro Urbano"},"image":{"@id":"https:\/\/centrourbano.com\/revista\/#\/schema\/logo\/image\/"},"sameAs":["https:\/\/www.facebook.com\/portalcentrourbano","https:\/\/x.com\/CentroUrbano","https:\/\/www.instagram.com\/centro_urbano\/","https:\/\/www.linkedin.com\/company\/centro-urbano\/","http:\/\/www.youtube.com\/user\/portalcentrourbano"]},{"@type":"Person","@id":"https:\/\/centrourbano.com\/revista\/#\/schema\/person\/dae97fa1bb2cf633b516aff6ba661f46","name":"Yareth Casanova","image":{"@type":"ImageObject","inLanguage":"es","@id":"https:\/\/secure.gravatar.com\/avatar\/cc5021d028a26acc18cd90754b870114c9449717d0cf43cc142712f089324f6d?s=96&d=mm&r=g","url":"https:\/\/secure.gravatar.com\/avatar\/cc5021d028a26acc18cd90754b870114c9449717d0cf43cc142712f089324f6d?s=96&d=mm&r=g","contentUrl":"https:\/\/secure.gravatar.com\/avatar\/cc5021d028a26acc18cd90754b870114c9449717d0cf43cc142712f089324f6d?s=96&d=mm&r=g","caption":"Yareth Casanova"},"description":"Egresada de la Universidad del Valle de M\u00e9xico en Ciencias de la Comunicaci\u00f3n. Fungi\u00f3 como community manager en el Senado de la Rep\u00fablica y como becaria en editorial Televisa. Actualmente se desempe\u00f1a como community manager y reportera en Centro Urbano. Es amante de los perros y sus pasiones son el baile, el cine, la pol\u00edtica y la moda.","url":"https:\/\/centrourbano.com\/revista\/author\/yarethcu\/"}]}},"_links":{"self":[{"href":"https:\/\/centrourbano.com\/revista\/wp-json\/wp\/v2\/posts\/29820","targetHints":{"allow":["GET"]}}],"collection":[{"href":"https:\/\/centrourbano.com\/revista\/wp-json\/wp\/v2\/posts"}],"about":[{"href":"https:\/\/centrourbano.com\/revista\/wp-json\/wp\/v2\/types\/post"}],"author":[{"embeddable":true,"href":"https:\/\/centrourbano.com\/revista\/wp-json\/wp\/v2\/users\/36"}],"replies":[{"embeddable":true,"href":"https:\/\/centrourbano.com\/revista\/wp-json\/wp\/v2\/comments?post=29820"}],"version-history":[{"count":0,"href":"https:\/\/centrourbano.com\/revista\/wp-json\/wp\/v2\/posts\/29820\/revisions"}],"wp:featuredmedia":[{"embeddable":true,"href":"https:\/\/centrourbano.com\/revista\/wp-json\/wp\/v2\/media\/29827"}],"wp:attachment":[{"href":"https:\/\/centrourbano.com\/revista\/wp-json\/wp\/v2\/media?parent=29820"}],"wp:term":[{"taxonomy":"category","embeddable":true,"href":"https:\/\/centrourbano.com\/revista\/wp-json\/wp\/v2\/categories?post=29820"},{"taxonomy":"post_tag","embeddable":true,"href":"https:\/\/centrourbano.com\/revista\/wp-json\/wp\/v2\/tags?post=29820"}],"curies":[{"name":"wp","href":"https:\/\/api.w.org\/{rel}","templated":true}]}}