{"id":29816,"date":"2016-02-09T10:35:03","date_gmt":"2016-02-09T16:35:03","guid":{"rendered":"http:\/\/centrourbano.com\/?p=29816"},"modified":"2016-02-09T10:35:29","modified_gmt":"2016-02-09T16:35:29","slug":"inauguran-bachillerato-universitario-en-azcapotzalco","status":"publish","type":"post","link":"https:\/\/centrourbano.com\/revista\/actualidad\/inauguran-bachillerato-universitario-en-azcapotzalco\/","title":{"rendered":"Inauguran Bachillerato Universitario en Azcapotzalco"},"content":{"rendered":"<p><em>15,000 <a class=\"expresscurate_contentTags\" href=\"http:\/\/centrourbano.com\/tag\/jovenes\/\">#j\u00f3venes<\/a> se ver\u00e1n beneficiados<br \/>\n<\/em><br \/>\nSe llev\u00f3 a cabo la ceremonia de inauguraci\u00f3n del <a class=\"expresscurate_contentTags\" href=\"http:\/\/centrourbano.com\/tag\/bachillerato\/\">#Bachillerato<\/a> Universitario de <a class=\"expresscurate_contentTags\" href=\"http:\/\/centrourbano.com\/tag\/azcapotzalco\/\">#Azcapotzalco<\/a>, este ser\u00eda el segundo de cinco planteles dise\u00f1ados en el programa \u201cEducaci\u00f3n por Ti\u201d.<\/p>\n<p>El jefe de gobierno, Miguel \u00c1ngel Mancera, encabez\u00f3 el evento donde asegur\u00f3 que  \u201cla Ciudad de M\u00e9xico lleva 15 mil j\u00f3venes, hombres y mujeres, que regresan a su vocaci\u00f3n, que regresan a estudiar. Son m\u00e1s de 15 mil familias que van a recibir este beneficio, porque un solo joven puede estar representando la esperanza de varias familias\u201d.<\/p>\n<p>Luego de cortar el list\u00f3n inaugural, el mandatario capitalino dijo que el plantel se construy\u00f3 en un espacio p\u00fablico recuperado para los j\u00f3venes.<\/p>\n<p>El nuevo plantel est\u00e1 ubicado en la colonia Ampliaci\u00f3n Providencia, delegaci\u00f3n Azcapotzalco. En un terreno de 4,500 metros cuadrados se construyeron aulas de estudio, laboratorio de c\u00f3mputo, salones de danza y de usos m\u00faltiples, oficinas administrativas, canchas deportivas y una biblioteca.<\/p>\n","protected":false},"excerpt":{"rendered":"<p>15,000 #j\u00f3venes se ver\u00e1n beneficiados Se llev\u00f3 a cabo la ceremonia de inauguraci\u00f3n del #Bachillerato Universitario de #Azcapotzalco, este ser\u00eda el segundo de cinco planteles dise\u00f1ados en el programa \u201cEducaci\u00f3n por Ti\u201d. El jefe de gobierno, Miguel \u00c1ngel Mancera, encabez\u00f3 el evento donde asegur\u00f3 que \u201cla Ciudad de M\u00e9xico lleva 15 mil j\u00f3venes, hombres y [&hellip;]<\/p>\n","protected":false},"author":77,"featured_media":29817,"comment_status":"open","ping_status":"closed","sticky":false,"template":"","format":"standard","meta":{"inline_featured_image":false,"footnotes":""},"categories":[80],"tags":[1098,7648,7649,4389],"class_list":["post-29816","post","type-post","status-publish","format-standard","has-post-thumbnail","hentry","category-actualidad","tag-azcapotzalco","tag-bachillerato","tag-inauguran","tag-jovenes"],"yoast_head":"<!-- This site is optimized with the Yoast SEO plugin v28.4 - https:\/\/yoast.com\/product\/yoast-seo-wordpress\/ -->\n<title>Inauguran Bachillerato Universitario en Azcapotzalco -<\/title>\n<meta name=\"description\" content=\"15,000 #j\u00f3venes se ver\u00e1n beneficiados Se llev\u00f3 a cabo la ceremonia de inauguraci\u00f3n del #Bachillerato Universitario de #Azcapotzalco, este ser\u00eda el segundo\" \/>\n<meta name=\"robots\" content=\"index, follow, max-snippet:-1, max-image-preview:large, max-video-preview:-1\" \/>\n<link rel=\"canonical\" href=\"https:\/\/centrourbano.com\/revista\/actualidad\/inauguran-bachillerato-universitario-en-azcapotzalco\/\" \/>\n<meta property=\"og:locale\" content=\"es_ES\" \/>\n<meta property=\"og:type\" content=\"article\" \/>\n<meta property=\"og:title\" content=\"Inauguran Bachillerato Universitario en Azcapotzalco -\" \/>\n<meta property=\"og:description\" content=\"15,000 #j\u00f3venes se ver\u00e1n beneficiados Se llev\u00f3 a cabo la ceremonia de inauguraci\u00f3n del #Bachillerato Universitario de #Azcapotzalco, este ser\u00eda el segundo\" \/>\n<meta property=\"og:url\" content=\"https:\/\/centrourbano.com\/revista\/actualidad\/inauguran-bachillerato-universitario-en-azcapotzalco\/\" \/>\n<meta property=\"og:site_name\" content=\"Centro Urbano\" \/>\n<meta property=\"article:publisher\" content=\"https:\/\/www.facebook.com\/portalcentrourbano\" \/>\n<meta property=\"article:published_time\" content=\"2016-02-09T16:35:03+00:00\" \/>\n<meta property=\"article:modified_time\" content=\"2016-02-09T16:35:29+00:00\" \/>\n<meta property=\"og:image\" content=\"https:\/\/centrourbano.com\/revista\/wp-content\/uploads\/080216-MIGUEL-\u00c1NGEL-MANCERA-ENTREGA-DEL-PLANTEL-AZCAPOTZALCO-BACHILLERATO-UNIVERSITARIO-11-e1455035627670.jpg\" \/>\n\t<meta property=\"og:image:width\" content=\"580\" \/>\n\t<meta property=\"og:image:height\" content=\"387\" \/>\n\t<meta property=\"og:image:type\" content=\"image\/jpeg\" \/>\n<meta name=\"author\" content=\"G4A\" \/>\n<meta name=\"twitter:card\" content=\"summary_large_image\" \/>\n<meta name=\"twitter:creator\" content=\"@CentroUrbano\" \/>\n<meta name=\"twitter:site\" content=\"@CentroUrbano\" \/>\n<meta name=\"twitter:label1\" content=\"Escrito por\" \/>\n\t<meta name=\"twitter:data1\" content=\"G4A\" \/>\n\t<meta name=\"twitter:label2\" content=\"Tiempo de lectura\" \/>\n\t<meta name=\"twitter:data2\" content=\"1 minuto\" \/>\n<script type=\"application\/ld+json\" class=\"yoast-schema-graph\">{\"@context\":\"https:\\\/\\\/schema.org\",\"@graph\":[{\"@type\":\"Article\",\"@id\":\"https:\\\/\\\/centrourbano.com\\\/revista\\\/actualidad\\\/inauguran-bachillerato-universitario-en-azcapotzalco\\\/#article\",\"isPartOf\":{\"@id\":\"https:\\\/\\\/centrourbano.com\\\/revista\\\/actualidad\\\/inauguran-bachillerato-universitario-en-azcapotzalco\\\/\"},\"author\":{\"name\":\"G4A\",\"@id\":\"https:\\\/\\\/centrourbano.com\\\/revista\\\/#\\\/schema\\\/person\\\/370fa0ba2d8dd5bde3fdb8b62ad360aa\"},\"headline\":\"Inauguran Bachillerato Universitario en Azcapotzalco\",\"datePublished\":\"2016-02-09T16:35:03+00:00\",\"dateModified\":\"2016-02-09T16:35:29+00:00\",\"mainEntityOfPage\":{\"@id\":\"https:\\\/\\\/centrourbano.com\\\/revista\\\/actualidad\\\/inauguran-bachillerato-universitario-en-azcapotzalco\\\/\"},\"wordCount\":171,\"commentCount\":0,\"publisher\":{\"@id\":\"https:\\\/\\\/centrourbano.com\\\/revista\\\/#organization\"},\"image\":{\"@id\":\"https:\\\/\\\/centrourbano.com\\\/revista\\\/actualidad\\\/inauguran-bachillerato-universitario-en-azcapotzalco\\\/#primaryimage\"},\"thumbnailUrl\":\"https:\\\/\\\/centrourbano.com\\\/revista\\\/wp-content\\\/uploads\\\/080216-MIGUEL-\u00c1NGEL-MANCERA-ENTREGA-DEL-PLANTEL-AZCAPOTZALCO-BACHILLERATO-UNIVERSITARIO-11-e1455035627670.jpg\",\"keywords\":[\"Azcapotzalco\",\"bachillerato\",\"inauguran\",\"j\u00f3venes\"],\"articleSection\":[\"Actualidad\"],\"inLanguage\":\"es\"},{\"@type\":\"WebPage\",\"@id\":\"https:\\\/\\\/centrourbano.com\\\/revista\\\/actualidad\\\/inauguran-bachillerato-universitario-en-azcapotzalco\\\/\",\"url\":\"https:\\\/\\\/centrourbano.com\\\/revista\\\/actualidad\\\/inauguran-bachillerato-universitario-en-azcapotzalco\\\/\",\"name\":\"Inauguran Bachillerato Universitario en Azcapotzalco -\",\"isPartOf\":{\"@id\":\"https:\\\/\\\/centrourbano.com\\\/revista\\\/#website\"},\"primaryImageOfPage\":{\"@id\":\"https:\\\/\\\/centrourbano.com\\\/revista\\\/actualidad\\\/inauguran-bachillerato-universitario-en-azcapotzalco\\\/#primaryimage\"},\"image\":{\"@id\":\"https:\\\/\\\/centrourbano.com\\\/revista\\\/actualidad\\\/inauguran-bachillerato-universitario-en-azcapotzalco\\\/#primaryimage\"},\"thumbnailUrl\":\"https:\\\/\\\/centrourbano.com\\\/revista\\\/wp-content\\\/uploads\\\/080216-MIGUEL-\u00c1NGEL-MANCERA-ENTREGA-DEL-PLANTEL-AZCAPOTZALCO-BACHILLERATO-UNIVERSITARIO-11-e1455035627670.jpg\",\"datePublished\":\"2016-02-09T16:35:03+00:00\",\"dateModified\":\"2016-02-09T16:35:29+00:00\",\"description\":\"15,000 #j\u00f3venes se ver\u00e1n beneficiados Se llev\u00f3 a cabo la ceremonia de inauguraci\u00f3n del #Bachillerato Universitario de #Azcapotzalco, este ser\u00eda el segundo\",\"breadcrumb\":{\"@id\":\"https:\\\/\\\/centrourbano.com\\\/revista\\\/actualidad\\\/inauguran-bachillerato-universitario-en-azcapotzalco\\\/#breadcrumb\"},\"inLanguage\":\"es\",\"potentialAction\":[{\"@type\":\"ReadAction\",\"target\":[\"https:\\\/\\\/centrourbano.com\\\/revista\\\/actualidad\\\/inauguran-bachillerato-universitario-en-azcapotzalco\\\/\"]}]},{\"@type\":\"ImageObject\",\"inLanguage\":\"es\",\"@id\":\"https:\\\/\\\/centrourbano.com\\\/revista\\\/actualidad\\\/inauguran-bachillerato-universitario-en-azcapotzalco\\\/#primaryimage\",\"url\":\"https:\\\/\\\/centrourbano.com\\\/revista\\\/wp-content\\\/uploads\\\/080216-MIGUEL-\u00c1NGEL-MANCERA-ENTREGA-DEL-PLANTEL-AZCAPOTZALCO-BACHILLERATO-UNIVERSITARIO-11-e1455035627670.jpg\",\"contentUrl\":\"https:\\\/\\\/centrourbano.com\\\/revista\\\/wp-content\\\/uploads\\\/080216-MIGUEL-\u00c1NGEL-MANCERA-ENTREGA-DEL-PLANTEL-AZCAPOTZALCO-BACHILLERATO-UNIVERSITARIO-11-e1455035627670.jpg\",\"width\":580,\"height\":387},{\"@type\":\"BreadcrumbList\",\"@id\":\"https:\\\/\\\/centrourbano.com\\\/revista\\\/actualidad\\\/inauguran-bachillerato-universitario-en-azcapotzalco\\\/#breadcrumb\",\"itemListElement\":[{\"@type\":\"ListItem\",\"position\":1,\"name\":\"Portada\",\"item\":\"https:\\\/\\\/centrourbano.com\\\/revista\\\/\"},{\"@type\":\"ListItem\",\"position\":2,\"name\":\"Inauguran Bachillerato Universitario en Azcapotzalco\"}]},{\"@type\":\"WebSite\",\"@id\":\"https:\\\/\\\/centrourbano.com\\\/revista\\\/#website\",\"url\":\"https:\\\/\\\/centrourbano.com\\\/revista\\\/\",\"name\":\"Centro Urbano\",\"description\":\"Medio especializado en los sectores vivienda, inmobiliario, construcci\u00f3n, arquitectura y urbanismo.\",\"publisher\":{\"@id\":\"https:\\\/\\\/centrourbano.com\\\/revista\\\/#organization\"},\"potentialAction\":[{\"@type\":\"SearchAction\",\"target\":{\"@type\":\"EntryPoint\",\"urlTemplate\":\"https:\\\/\\\/centrourbano.com\\\/revista\\\/?s={search_term_string}\"},\"query-input\":{\"@type\":\"PropertyValueSpecification\",\"valueRequired\":true,\"valueName\":\"search_term_string\"}}],\"inLanguage\":\"es\"},{\"@type\":\"Organization\",\"@id\":\"https:\\\/\\\/centrourbano.com\\\/revista\\\/#organization\",\"name\":\"Centro Urbano\",\"url\":\"https:\\\/\\\/centrourbano.com\\\/revista\\\/\",\"logo\":{\"@type\":\"ImageObject\",\"inLanguage\":\"es\",\"@id\":\"https:\\\/\\\/centrourbano.com\\\/revista\\\/#\\\/schema\\\/logo\\\/image\\\/\",\"url\":\"https:\\\/\\\/centrourbano.com\\\/revista\\\/wp-content\\\/uploads\\\/web_CU_logo-1.png\",\"contentUrl\":\"https:\\\/\\\/centrourbano.com\\\/revista\\\/wp-content\\\/uploads\\\/web_CU_logo-1.png\",\"width\":350,\"height\":91,\"caption\":\"Centro Urbano\"},\"image\":{\"@id\":\"https:\\\/\\\/centrourbano.com\\\/revista\\\/#\\\/schema\\\/logo\\\/image\\\/\"},\"sameAs\":[\"https:\\\/\\\/www.facebook.com\\\/portalcentrourbano\",\"https:\\\/\\\/x.com\\\/CentroUrbano\",\"https:\\\/\\\/www.instagram.com\\\/centro_urbano\\\/\",\"https:\\\/\\\/www.linkedin.com\\\/company\\\/centro-urbano\\\/\",\"http:\\\/\\\/www.youtube.com\\\/user\\\/portalcentrourbano\"]},{\"@type\":\"Person\",\"@id\":\"https:\\\/\\\/centrourbano.com\\\/revista\\\/#\\\/schema\\\/person\\\/370fa0ba2d8dd5bde3fdb8b62ad360aa\",\"name\":\"G4A\",\"image\":{\"@type\":\"ImageObject\",\"inLanguage\":\"es\",\"@id\":\"https:\\\/\\\/secure.gravatar.com\\\/avatar\\\/932a97121b13d5de5bbd8193c6c83d3b92c9eda0f39623607d4280e7a5778d97?s=96&d=mm&r=g\",\"url\":\"https:\\\/\\\/secure.gravatar.com\\\/avatar\\\/932a97121b13d5de5bbd8193c6c83d3b92c9eda0f39623607d4280e7a5778d97?s=96&d=mm&r=g\",\"contentUrl\":\"https:\\\/\\\/secure.gravatar.com\\\/avatar\\\/932a97121b13d5de5bbd8193c6c83d3b92c9eda0f39623607d4280e7a5778d97?s=96&d=mm&r=g\",\"caption\":\"G4A\"},\"url\":\"https:\\\/\\\/centrourbano.com\\\/revista\\\/author\\\/admin-g4a\\\/\"}]}<\/script>\n<!-- \/ Yoast SEO plugin. -->","yoast_head_json":{"title":"Inauguran Bachillerato Universitario en Azcapotzalco -","description":"15,000 #j\u00f3venes se ver\u00e1n beneficiados Se llev\u00f3 a cabo la ceremonia de inauguraci\u00f3n del #Bachillerato Universitario de #Azcapotzalco, este ser\u00eda el segundo","robots":{"index":"index","follow":"follow","max-snippet":"max-snippet:-1","max-image-preview":"max-image-preview:large","max-video-preview":"max-video-preview:-1"},"canonical":"https:\/\/centrourbano.com\/revista\/actualidad\/inauguran-bachillerato-universitario-en-azcapotzalco\/","og_locale":"es_ES","og_type":"article","og_title":"Inauguran Bachillerato Universitario en Azcapotzalco -","og_description":"15,000 #j\u00f3venes se ver\u00e1n beneficiados Se llev\u00f3 a cabo la ceremonia de inauguraci\u00f3n del #Bachillerato Universitario de #Azcapotzalco, este ser\u00eda el segundo","og_url":"https:\/\/centrourbano.com\/revista\/actualidad\/inauguran-bachillerato-universitario-en-azcapotzalco\/","og_site_name":"Centro Urbano","article_publisher":"https:\/\/www.facebook.com\/portalcentrourbano","article_published_time":"2016-02-09T16:35:03+00:00","article_modified_time":"2016-02-09T16:35:29+00:00","og_image":[{"width":580,"height":387,"url":"https:\/\/centrourbano.com\/revista\/wp-content\/uploads\/080216-MIGUEL-\u00c1NGEL-MANCERA-ENTREGA-DEL-PLANTEL-AZCAPOTZALCO-BACHILLERATO-UNIVERSITARIO-11-e1455035627670.jpg","type":"image\/jpeg"}],"author":"G4A","twitter_card":"summary_large_image","twitter_creator":"@CentroUrbano","twitter_site":"@CentroUrbano","twitter_misc":{"Escrito por":"G4A","Tiempo de lectura":"1 minuto"},"schema":{"@context":"https:\/\/schema.org","@graph":[{"@type":"Article","@id":"https:\/\/centrourbano.com\/revista\/actualidad\/inauguran-bachillerato-universitario-en-azcapotzalco\/#article","isPartOf":{"@id":"https:\/\/centrourbano.com\/revista\/actualidad\/inauguran-bachillerato-universitario-en-azcapotzalco\/"},"author":{"name":"G4A","@id":"https:\/\/centrourbano.com\/revista\/#\/schema\/person\/370fa0ba2d8dd5bde3fdb8b62ad360aa"},"headline":"Inauguran Bachillerato Universitario en Azcapotzalco","datePublished":"2016-02-09T16:35:03+00:00","dateModified":"2016-02-09T16:35:29+00:00","mainEntityOfPage":{"@id":"https:\/\/centrourbano.com\/revista\/actualidad\/inauguran-bachillerato-universitario-en-azcapotzalco\/"},"wordCount":171,"commentCount":0,"publisher":{"@id":"https:\/\/centrourbano.com\/revista\/#organization"},"image":{"@id":"https:\/\/centrourbano.com\/revista\/actualidad\/inauguran-bachillerato-universitario-en-azcapotzalco\/#primaryimage"},"thumbnailUrl":"https:\/\/centrourbano.com\/revista\/wp-content\/uploads\/080216-MIGUEL-\u00c1NGEL-MANCERA-ENTREGA-DEL-PLANTEL-AZCAPOTZALCO-BACHILLERATO-UNIVERSITARIO-11-e1455035627670.jpg","keywords":["Azcapotzalco","bachillerato","inauguran","j\u00f3venes"],"articleSection":["Actualidad"],"inLanguage":"es"},{"@type":"WebPage","@id":"https:\/\/centrourbano.com\/revista\/actualidad\/inauguran-bachillerato-universitario-en-azcapotzalco\/","url":"https:\/\/centrourbano.com\/revista\/actualidad\/inauguran-bachillerato-universitario-en-azcapotzalco\/","name":"Inauguran Bachillerato Universitario en Azcapotzalco -","isPartOf":{"@id":"https:\/\/centrourbano.com\/revista\/#website"},"primaryImageOfPage":{"@id":"https:\/\/centrourbano.com\/revista\/actualidad\/inauguran-bachillerato-universitario-en-azcapotzalco\/#primaryimage"},"image":{"@id":"https:\/\/centrourbano.com\/revista\/actualidad\/inauguran-bachillerato-universitario-en-azcapotzalco\/#primaryimage"},"thumbnailUrl":"https:\/\/centrourbano.com\/revista\/wp-content\/uploads\/080216-MIGUEL-\u00c1NGEL-MANCERA-ENTREGA-DEL-PLANTEL-AZCAPOTZALCO-BACHILLERATO-UNIVERSITARIO-11-e1455035627670.jpg","datePublished":"2016-02-09T16:35:03+00:00","dateModified":"2016-02-09T16:35:29+00:00","description":"15,000 #j\u00f3venes se ver\u00e1n beneficiados Se llev\u00f3 a cabo la ceremonia de inauguraci\u00f3n del #Bachillerato Universitario de #Azcapotzalco, este ser\u00eda el segundo","breadcrumb":{"@id":"https:\/\/centrourbano.com\/revista\/actualidad\/inauguran-bachillerato-universitario-en-azcapotzalco\/#breadcrumb"},"inLanguage":"es","potentialAction":[{"@type":"ReadAction","target":["https:\/\/centrourbano.com\/revista\/actualidad\/inauguran-bachillerato-universitario-en-azcapotzalco\/"]}]},{"@type":"ImageObject","inLanguage":"es","@id":"https:\/\/centrourbano.com\/revista\/actualidad\/inauguran-bachillerato-universitario-en-azcapotzalco\/#primaryimage","url":"https:\/\/centrourbano.com\/revista\/wp-content\/uploads\/080216-MIGUEL-\u00c1NGEL-MANCERA-ENTREGA-DEL-PLANTEL-AZCAPOTZALCO-BACHILLERATO-UNIVERSITARIO-11-e1455035627670.jpg","contentUrl":"https:\/\/centrourbano.com\/revista\/wp-content\/uploads\/080216-MIGUEL-\u00c1NGEL-MANCERA-ENTREGA-DEL-PLANTEL-AZCAPOTZALCO-BACHILLERATO-UNIVERSITARIO-11-e1455035627670.jpg","width":580,"height":387},{"@type":"BreadcrumbList","@id":"https:\/\/centrourbano.com\/revista\/actualidad\/inauguran-bachillerato-universitario-en-azcapotzalco\/#breadcrumb","itemListElement":[{"@type":"ListItem","position":1,"name":"Portada","item":"https:\/\/centrourbano.com\/revista\/"},{"@type":"ListItem","position":2,"name":"Inauguran Bachillerato Universitario en Azcapotzalco"}]},{"@type":"WebSite","@id":"https:\/\/centrourbano.com\/revista\/#website","url":"https:\/\/centrourbano.com\/revista\/","name":"Centro Urbano","description":"Medio especializado en los sectores vivienda, inmobiliario, construcci\u00f3n, arquitectura y urbanismo.","publisher":{"@id":"https:\/\/centrourbano.com\/revista\/#organization"},"potentialAction":[{"@type":"SearchAction","target":{"@type":"EntryPoint","urlTemplate":"https:\/\/centrourbano.com\/revista\/?s={search_term_string}"},"query-input":{"@type":"PropertyValueSpecification","valueRequired":true,"valueName":"search_term_string"}}],"inLanguage":"es"},{"@type":"Organization","@id":"https:\/\/centrourbano.com\/revista\/#organization","name":"Centro Urbano","url":"https:\/\/centrourbano.com\/revista\/","logo":{"@type":"ImageObject","inLanguage":"es","@id":"https:\/\/centrourbano.com\/revista\/#\/schema\/logo\/image\/","url":"https:\/\/centrourbano.com\/revista\/wp-content\/uploads\/web_CU_logo-1.png","contentUrl":"https:\/\/centrourbano.com\/revista\/wp-content\/uploads\/web_CU_logo-1.png","width":350,"height":91,"caption":"Centro Urbano"},"image":{"@id":"https:\/\/centrourbano.com\/revista\/#\/schema\/logo\/image\/"},"sameAs":["https:\/\/www.facebook.com\/portalcentrourbano","https:\/\/x.com\/CentroUrbano","https:\/\/www.instagram.com\/centro_urbano\/","https:\/\/www.linkedin.com\/company\/centro-urbano\/","http:\/\/www.youtube.com\/user\/portalcentrourbano"]},{"@type":"Person","@id":"https:\/\/centrourbano.com\/revista\/#\/schema\/person\/370fa0ba2d8dd5bde3fdb8b62ad360aa","name":"G4A","image":{"@type":"ImageObject","inLanguage":"es","@id":"https:\/\/secure.gravatar.com\/avatar\/932a97121b13d5de5bbd8193c6c83d3b92c9eda0f39623607d4280e7a5778d97?s=96&d=mm&r=g","url":"https:\/\/secure.gravatar.com\/avatar\/932a97121b13d5de5bbd8193c6c83d3b92c9eda0f39623607d4280e7a5778d97?s=96&d=mm&r=g","contentUrl":"https:\/\/secure.gravatar.com\/avatar\/932a97121b13d5de5bbd8193c6c83d3b92c9eda0f39623607d4280e7a5778d97?s=96&d=mm&r=g","caption":"G4A"},"url":"https:\/\/centrourbano.com\/revista\/author\/admin-g4a\/"}]}},"_links":{"self":[{"href":"https:\/\/centrourbano.com\/revista\/wp-json\/wp\/v2\/posts\/29816","targetHints":{"allow":["GET"]}}],"collection":[{"href":"https:\/\/centrourbano.com\/revista\/wp-json\/wp\/v2\/posts"}],"about":[{"href":"https:\/\/centrourbano.com\/revista\/wp-json\/wp\/v2\/types\/post"}],"author":[{"embeddable":true,"href":"https:\/\/centrourbano.com\/revista\/wp-json\/wp\/v2\/users\/77"}],"replies":[{"embeddable":true,"href":"https:\/\/centrourbano.com\/revista\/wp-json\/wp\/v2\/comments?post=29816"}],"version-history":[{"count":0,"href":"https:\/\/centrourbano.com\/revista\/wp-json\/wp\/v2\/posts\/29816\/revisions"}],"wp:featuredmedia":[{"embeddable":true,"href":"https:\/\/centrourbano.com\/revista\/wp-json\/wp\/v2\/media\/29817"}],"wp:attachment":[{"href":"https:\/\/centrourbano.com\/revista\/wp-json\/wp\/v2\/media?parent=29816"}],"wp:term":[{"taxonomy":"category","embeddable":true,"href":"https:\/\/centrourbano.com\/revista\/wp-json\/wp\/v2\/categories?post=29816"},{"taxonomy":"post_tag","embeddable":true,"href":"https:\/\/centrourbano.com\/revista\/wp-json\/wp\/v2\/tags?post=29816"}],"curies":[{"name":"wp","href":"https:\/\/api.w.org\/{rel}","templated":true}]}}