{"id":29584,"date":"2016-02-04T09:42:16","date_gmt":"2016-02-04T15:42:16","guid":{"rendered":"http:\/\/centrourbano.com\/?p=29584"},"modified":"2016-02-04T09:42:38","modified_gmt":"2016-02-04T15:42:38","slug":"suspenden-definitivamente-obras-de-malecon-tajamar","status":"publish","type":"post","link":"https:\/\/centrourbano.com\/revista\/inmobiliario\/suspenden-definitivamente-obras-de-malecon-tajamar\/","title":{"rendered":"Suspenden definitivamente obras de Malec\u00f3n Tajamar"},"content":{"rendered":"<p><em>Las obras se reactivaron a mediados del mes de enero luego de casi cinco meses detenidas<\/em><!--more--><\/p>\n<p>Tras el desarrollo de la audiencia incidental sobre la demanda de amparo 86\/2016 en la que la ciudadan\u00eda reclam\u00f3 la protecci\u00f3n de los recursos naturales del predio en el que se llevaban a cabo las obras del proyecto inmobiliario de usos mixtos <a class=\"expresscurate_contentTags\" href=\"http:\/\/centrourbano.com\/tag\/malecon-tajamar\/\">#Malec\u00f3n Tajamar<\/a>, en <a class=\"expresscurate_contentTags\" href=\"http:\/\/centrourbano.com\/tag\/cancun\/\">#Canc\u00fan<\/a>, Quintana Roo, el Juzgado Segundo de Distrito, concedi\u00f3 la suspensi\u00f3n definitiva del proyecto e impedir\u00e1 la continuidad de las obras en el pol\u00edgono. <\/p>\n<p>El caso llam\u00f3 la atenci\u00f3n de grupos ambientalistas cuando, a mediados del mes de enero, se retomaron las actividades en el predio luego de una suspensi\u00f3n en agosto de 2015 tras detectarse da\u00f1os al medio ambiente, misma que fue retirada luego de que el Fondo Nacional de Turismo (<a class=\"expresscurate_contentTags\" href=\"http:\/\/centrourbano.com\/tag\/fonatur\/\">#Fonatur<\/a>) corroborara los permisos ambientales correspondientes desde 2005. <\/p>\n<p>Malec\u00f3n Tajamar se construir\u00eda en un predio de 78 hect\u00e1reas, con 69 desarrollos de uso mixto distribuidos en 12 manzanas con vistas a la laguna Nichupt\u00e9, aunque de los 784,000 metros cuadrados de terreno, solo en 386,902 podr\u00edan construirse, y de esa cifra poco m\u00e1s de 1,053 metros cuadrados se encuentran frente a la laguna. En general, el proyecto inclu\u00eda viviendas, oficinas y \u00e1reas comerciales, as\u00ed como un templo cat\u00f3lico y una rambla tur\u00edstica de 617 metros de longitud y un camell\u00f3n de 40 metros de ancho para espacios recreativos y culturales.<\/p>\n","protected":false},"excerpt":{"rendered":"<p>Las obras se reactivaron a mediados del mes de enero luego de casi cinco meses detenidas<\/p>\n","protected":false},"author":77,"featured_media":29587,"comment_status":"open","ping_status":"closed","sticky":false,"template":"","format":"standard","meta":{"inline_featured_image":false,"footnotes":""},"categories":[15],"tags":[363,994,4367],"class_list":["post-29584","post","type-post","status-publish","format-standard","has-post-thumbnail","hentry","category-inmobiliario","tag-cancun","tag-fonatur","tag-malecon-tajamar"],"yoast_head":"<!-- This site is optimized with the Yoast SEO plugin v28.4 - https:\/\/yoast.com\/product\/yoast-seo-wordpress\/ -->\n<title>Suspenden definitivamente obras de Malec\u00f3n Tajamar -<\/title>\n<meta name=\"description\" content=\"Las obras se reactivaron a mediados del mes de enero luego de casi cinco meses detenidas Tras el desarrollo de la audiencia incidental sobre la demanda de\" \/>\n<meta name=\"robots\" content=\"index, follow, max-snippet:-1, max-image-preview:large, max-video-preview:-1\" \/>\n<link rel=\"canonical\" href=\"https:\/\/centrourbano.com\/revista\/inmobiliario\/suspenden-definitivamente-obras-de-malecon-tajamar\/\" \/>\n<meta property=\"og:locale\" content=\"es_ES\" \/>\n<meta property=\"og:type\" content=\"article\" \/>\n<meta property=\"og:title\" content=\"Suspenden definitivamente obras de Malec\u00f3n Tajamar -\" \/>\n<meta property=\"og:description\" content=\"Las obras se reactivaron a mediados del mes de enero luego de casi cinco meses detenidas Tras el desarrollo de la audiencia incidental sobre la demanda de\" \/>\n<meta property=\"og:url\" content=\"https:\/\/centrourbano.com\/revista\/inmobiliario\/suspenden-definitivamente-obras-de-malecon-tajamar\/\" \/>\n<meta property=\"og:site_name\" content=\"Centro Urbano\" \/>\n<meta property=\"article:publisher\" content=\"https:\/\/www.facebook.com\/portalcentrourbano\" \/>\n<meta property=\"article:published_time\" content=\"2016-02-04T15:42:16+00:00\" \/>\n<meta property=\"article:modified_time\" content=\"2016-02-04T15:42:38+00:00\" \/>\n<meta property=\"og:image\" content=\"https:\/\/centrourbano.com\/revista\/wp-content\/uploads\/Tajamar.jpg\" \/>\n\t<meta property=\"og:image:width\" content=\"800\" \/>\n\t<meta property=\"og:image:height\" content=\"534\" \/>\n\t<meta property=\"og:image:type\" content=\"image\/jpeg\" \/>\n<meta name=\"author\" content=\"G4A\" \/>\n<meta name=\"twitter:card\" content=\"summary_large_image\" \/>\n<meta name=\"twitter:creator\" content=\"@CentroUrbano\" \/>\n<meta name=\"twitter:site\" content=\"@CentroUrbano\" \/>\n<meta name=\"twitter:label1\" content=\"Escrito por\" \/>\n\t<meta name=\"twitter:data1\" content=\"G4A\" \/>\n\t<meta name=\"twitter:label2\" content=\"Tiempo de lectura\" \/>\n\t<meta name=\"twitter:data2\" content=\"1 minuto\" \/>\n<script type=\"application\/ld+json\" class=\"yoast-schema-graph\">{\"@context\":\"https:\\\/\\\/schema.org\",\"@graph\":[{\"@type\":\"Article\",\"@id\":\"https:\\\/\\\/centrourbano.com\\\/revista\\\/inmobiliario\\\/suspenden-definitivamente-obras-de-malecon-tajamar\\\/#article\",\"isPartOf\":{\"@id\":\"https:\\\/\\\/centrourbano.com\\\/revista\\\/inmobiliario\\\/suspenden-definitivamente-obras-de-malecon-tajamar\\\/\"},\"author\":{\"name\":\"G4A\",\"@id\":\"https:\\\/\\\/centrourbano.com\\\/revista\\\/#\\\/schema\\\/person\\\/370fa0ba2d8dd5bde3fdb8b62ad360aa\"},\"headline\":\"Suspenden definitivamente obras de Malec\u00f3n Tajamar\",\"datePublished\":\"2016-02-04T15:42:16+00:00\",\"dateModified\":\"2016-02-04T15:42:38+00:00\",\"mainEntityOfPage\":{\"@id\":\"https:\\\/\\\/centrourbano.com\\\/revista\\\/inmobiliario\\\/suspenden-definitivamente-obras-de-malecon-tajamar\\\/\"},\"wordCount\":247,\"commentCount\":0,\"publisher\":{\"@id\":\"https:\\\/\\\/centrourbano.com\\\/revista\\\/#organization\"},\"image\":{\"@id\":\"https:\\\/\\\/centrourbano.com\\\/revista\\\/inmobiliario\\\/suspenden-definitivamente-obras-de-malecon-tajamar\\\/#primaryimage\"},\"thumbnailUrl\":\"https:\\\/\\\/centrourbano.com\\\/revista\\\/wp-content\\\/uploads\\\/Tajamar.jpg\",\"keywords\":[\"Canc\u00fan\",\"Fonatur\",\"Malec\u00f3n Tajamar\"],\"articleSection\":[\"Inmobiliario\"],\"inLanguage\":\"es\"},{\"@type\":\"WebPage\",\"@id\":\"https:\\\/\\\/centrourbano.com\\\/revista\\\/inmobiliario\\\/suspenden-definitivamente-obras-de-malecon-tajamar\\\/\",\"url\":\"https:\\\/\\\/centrourbano.com\\\/revista\\\/inmobiliario\\\/suspenden-definitivamente-obras-de-malecon-tajamar\\\/\",\"name\":\"Suspenden definitivamente obras de Malec\u00f3n Tajamar -\",\"isPartOf\":{\"@id\":\"https:\\\/\\\/centrourbano.com\\\/revista\\\/#website\"},\"primaryImageOfPage\":{\"@id\":\"https:\\\/\\\/centrourbano.com\\\/revista\\\/inmobiliario\\\/suspenden-definitivamente-obras-de-malecon-tajamar\\\/#primaryimage\"},\"image\":{\"@id\":\"https:\\\/\\\/centrourbano.com\\\/revista\\\/inmobiliario\\\/suspenden-definitivamente-obras-de-malecon-tajamar\\\/#primaryimage\"},\"thumbnailUrl\":\"https:\\\/\\\/centrourbano.com\\\/revista\\\/wp-content\\\/uploads\\\/Tajamar.jpg\",\"datePublished\":\"2016-02-04T15:42:16+00:00\",\"dateModified\":\"2016-02-04T15:42:38+00:00\",\"description\":\"Las obras se reactivaron a mediados del mes de enero luego de casi cinco meses detenidas Tras el desarrollo de la audiencia incidental sobre la demanda de\",\"breadcrumb\":{\"@id\":\"https:\\\/\\\/centrourbano.com\\\/revista\\\/inmobiliario\\\/suspenden-definitivamente-obras-de-malecon-tajamar\\\/#breadcrumb\"},\"inLanguage\":\"es\",\"potentialAction\":[{\"@type\":\"ReadAction\",\"target\":[\"https:\\\/\\\/centrourbano.com\\\/revista\\\/inmobiliario\\\/suspenden-definitivamente-obras-de-malecon-tajamar\\\/\"]}]},{\"@type\":\"ImageObject\",\"inLanguage\":\"es\",\"@id\":\"https:\\\/\\\/centrourbano.com\\\/revista\\\/inmobiliario\\\/suspenden-definitivamente-obras-de-malecon-tajamar\\\/#primaryimage\",\"url\":\"https:\\\/\\\/centrourbano.com\\\/revista\\\/wp-content\\\/uploads\\\/Tajamar.jpg\",\"contentUrl\":\"https:\\\/\\\/centrourbano.com\\\/revista\\\/wp-content\\\/uploads\\\/Tajamar.jpg\",\"width\":800,\"height\":534},{\"@type\":\"BreadcrumbList\",\"@id\":\"https:\\\/\\\/centrourbano.com\\\/revista\\\/inmobiliario\\\/suspenden-definitivamente-obras-de-malecon-tajamar\\\/#breadcrumb\",\"itemListElement\":[{\"@type\":\"ListItem\",\"position\":1,\"name\":\"Portada\",\"item\":\"https:\\\/\\\/centrourbano.com\\\/revista\\\/\"},{\"@type\":\"ListItem\",\"position\":2,\"name\":\"Suspenden definitivamente obras de Malec\u00f3n Tajamar\"}]},{\"@type\":\"WebSite\",\"@id\":\"https:\\\/\\\/centrourbano.com\\\/revista\\\/#website\",\"url\":\"https:\\\/\\\/centrourbano.com\\\/revista\\\/\",\"name\":\"Centro Urbano\",\"description\":\"Medio especializado en los sectores vivienda, inmobiliario, construcci\u00f3n, arquitectura y urbanismo.\",\"publisher\":{\"@id\":\"https:\\\/\\\/centrourbano.com\\\/revista\\\/#organization\"},\"potentialAction\":[{\"@type\":\"SearchAction\",\"target\":{\"@type\":\"EntryPoint\",\"urlTemplate\":\"https:\\\/\\\/centrourbano.com\\\/revista\\\/?s={search_term_string}\"},\"query-input\":{\"@type\":\"PropertyValueSpecification\",\"valueRequired\":true,\"valueName\":\"search_term_string\"}}],\"inLanguage\":\"es\"},{\"@type\":\"Organization\",\"@id\":\"https:\\\/\\\/centrourbano.com\\\/revista\\\/#organization\",\"name\":\"Centro Urbano\",\"url\":\"https:\\\/\\\/centrourbano.com\\\/revista\\\/\",\"logo\":{\"@type\":\"ImageObject\",\"inLanguage\":\"es\",\"@id\":\"https:\\\/\\\/centrourbano.com\\\/revista\\\/#\\\/schema\\\/logo\\\/image\\\/\",\"url\":\"https:\\\/\\\/centrourbano.com\\\/revista\\\/wp-content\\\/uploads\\\/web_CU_logo-1.png\",\"contentUrl\":\"https:\\\/\\\/centrourbano.com\\\/revista\\\/wp-content\\\/uploads\\\/web_CU_logo-1.png\",\"width\":350,\"height\":91,\"caption\":\"Centro Urbano\"},\"image\":{\"@id\":\"https:\\\/\\\/centrourbano.com\\\/revista\\\/#\\\/schema\\\/logo\\\/image\\\/\"},\"sameAs\":[\"https:\\\/\\\/www.facebook.com\\\/portalcentrourbano\",\"https:\\\/\\\/x.com\\\/CentroUrbano\",\"https:\\\/\\\/www.instagram.com\\\/centro_urbano\\\/\",\"https:\\\/\\\/www.linkedin.com\\\/company\\\/centro-urbano\\\/\",\"http:\\\/\\\/www.youtube.com\\\/user\\\/portalcentrourbano\"]},{\"@type\":\"Person\",\"@id\":\"https:\\\/\\\/centrourbano.com\\\/revista\\\/#\\\/schema\\\/person\\\/370fa0ba2d8dd5bde3fdb8b62ad360aa\",\"name\":\"G4A\",\"image\":{\"@type\":\"ImageObject\",\"inLanguage\":\"es\",\"@id\":\"https:\\\/\\\/secure.gravatar.com\\\/avatar\\\/932a97121b13d5de5bbd8193c6c83d3b92c9eda0f39623607d4280e7a5778d97?s=96&d=mm&r=g\",\"url\":\"https:\\\/\\\/secure.gravatar.com\\\/avatar\\\/932a97121b13d5de5bbd8193c6c83d3b92c9eda0f39623607d4280e7a5778d97?s=96&d=mm&r=g\",\"contentUrl\":\"https:\\\/\\\/secure.gravatar.com\\\/avatar\\\/932a97121b13d5de5bbd8193c6c83d3b92c9eda0f39623607d4280e7a5778d97?s=96&d=mm&r=g\",\"caption\":\"G4A\"},\"url\":\"https:\\\/\\\/centrourbano.com\\\/revista\\\/author\\\/admin-g4a\\\/\"}]}<\/script>\n<!-- \/ Yoast SEO plugin. -->","yoast_head_json":{"title":"Suspenden definitivamente obras de Malec\u00f3n Tajamar -","description":"Las obras se reactivaron a mediados del mes de enero luego de casi cinco meses detenidas Tras el desarrollo de la audiencia incidental sobre la demanda de","robots":{"index":"index","follow":"follow","max-snippet":"max-snippet:-1","max-image-preview":"max-image-preview:large","max-video-preview":"max-video-preview:-1"},"canonical":"https:\/\/centrourbano.com\/revista\/inmobiliario\/suspenden-definitivamente-obras-de-malecon-tajamar\/","og_locale":"es_ES","og_type":"article","og_title":"Suspenden definitivamente obras de Malec\u00f3n Tajamar -","og_description":"Las obras se reactivaron a mediados del mes de enero luego de casi cinco meses detenidas Tras el desarrollo de la audiencia incidental sobre la demanda de","og_url":"https:\/\/centrourbano.com\/revista\/inmobiliario\/suspenden-definitivamente-obras-de-malecon-tajamar\/","og_site_name":"Centro Urbano","article_publisher":"https:\/\/www.facebook.com\/portalcentrourbano","article_published_time":"2016-02-04T15:42:16+00:00","article_modified_time":"2016-02-04T15:42:38+00:00","og_image":[{"width":800,"height":534,"url":"https:\/\/centrourbano.com\/revista\/wp-content\/uploads\/Tajamar.jpg","type":"image\/jpeg"}],"author":"G4A","twitter_card":"summary_large_image","twitter_creator":"@CentroUrbano","twitter_site":"@CentroUrbano","twitter_misc":{"Escrito por":"G4A","Tiempo de lectura":"1 minuto"},"schema":{"@context":"https:\/\/schema.org","@graph":[{"@type":"Article","@id":"https:\/\/centrourbano.com\/revista\/inmobiliario\/suspenden-definitivamente-obras-de-malecon-tajamar\/#article","isPartOf":{"@id":"https:\/\/centrourbano.com\/revista\/inmobiliario\/suspenden-definitivamente-obras-de-malecon-tajamar\/"},"author":{"name":"G4A","@id":"https:\/\/centrourbano.com\/revista\/#\/schema\/person\/370fa0ba2d8dd5bde3fdb8b62ad360aa"},"headline":"Suspenden definitivamente obras de Malec\u00f3n Tajamar","datePublished":"2016-02-04T15:42:16+00:00","dateModified":"2016-02-04T15:42:38+00:00","mainEntityOfPage":{"@id":"https:\/\/centrourbano.com\/revista\/inmobiliario\/suspenden-definitivamente-obras-de-malecon-tajamar\/"},"wordCount":247,"commentCount":0,"publisher":{"@id":"https:\/\/centrourbano.com\/revista\/#organization"},"image":{"@id":"https:\/\/centrourbano.com\/revista\/inmobiliario\/suspenden-definitivamente-obras-de-malecon-tajamar\/#primaryimage"},"thumbnailUrl":"https:\/\/centrourbano.com\/revista\/wp-content\/uploads\/Tajamar.jpg","keywords":["Canc\u00fan","Fonatur","Malec\u00f3n Tajamar"],"articleSection":["Inmobiliario"],"inLanguage":"es"},{"@type":"WebPage","@id":"https:\/\/centrourbano.com\/revista\/inmobiliario\/suspenden-definitivamente-obras-de-malecon-tajamar\/","url":"https:\/\/centrourbano.com\/revista\/inmobiliario\/suspenden-definitivamente-obras-de-malecon-tajamar\/","name":"Suspenden definitivamente obras de Malec\u00f3n Tajamar -","isPartOf":{"@id":"https:\/\/centrourbano.com\/revista\/#website"},"primaryImageOfPage":{"@id":"https:\/\/centrourbano.com\/revista\/inmobiliario\/suspenden-definitivamente-obras-de-malecon-tajamar\/#primaryimage"},"image":{"@id":"https:\/\/centrourbano.com\/revista\/inmobiliario\/suspenden-definitivamente-obras-de-malecon-tajamar\/#primaryimage"},"thumbnailUrl":"https:\/\/centrourbano.com\/revista\/wp-content\/uploads\/Tajamar.jpg","datePublished":"2016-02-04T15:42:16+00:00","dateModified":"2016-02-04T15:42:38+00:00","description":"Las obras se reactivaron a mediados del mes de enero luego de casi cinco meses detenidas Tras el desarrollo de la audiencia incidental sobre la demanda de","breadcrumb":{"@id":"https:\/\/centrourbano.com\/revista\/inmobiliario\/suspenden-definitivamente-obras-de-malecon-tajamar\/#breadcrumb"},"inLanguage":"es","potentialAction":[{"@type":"ReadAction","target":["https:\/\/centrourbano.com\/revista\/inmobiliario\/suspenden-definitivamente-obras-de-malecon-tajamar\/"]}]},{"@type":"ImageObject","inLanguage":"es","@id":"https:\/\/centrourbano.com\/revista\/inmobiliario\/suspenden-definitivamente-obras-de-malecon-tajamar\/#primaryimage","url":"https:\/\/centrourbano.com\/revista\/wp-content\/uploads\/Tajamar.jpg","contentUrl":"https:\/\/centrourbano.com\/revista\/wp-content\/uploads\/Tajamar.jpg","width":800,"height":534},{"@type":"BreadcrumbList","@id":"https:\/\/centrourbano.com\/revista\/inmobiliario\/suspenden-definitivamente-obras-de-malecon-tajamar\/#breadcrumb","itemListElement":[{"@type":"ListItem","position":1,"name":"Portada","item":"https:\/\/centrourbano.com\/revista\/"},{"@type":"ListItem","position":2,"name":"Suspenden definitivamente obras de Malec\u00f3n Tajamar"}]},{"@type":"WebSite","@id":"https:\/\/centrourbano.com\/revista\/#website","url":"https:\/\/centrourbano.com\/revista\/","name":"Centro Urbano","description":"Medio especializado en los sectores vivienda, inmobiliario, construcci\u00f3n, arquitectura y urbanismo.","publisher":{"@id":"https:\/\/centrourbano.com\/revista\/#organization"},"potentialAction":[{"@type":"SearchAction","target":{"@type":"EntryPoint","urlTemplate":"https:\/\/centrourbano.com\/revista\/?s={search_term_string}"},"query-input":{"@type":"PropertyValueSpecification","valueRequired":true,"valueName":"search_term_string"}}],"inLanguage":"es"},{"@type":"Organization","@id":"https:\/\/centrourbano.com\/revista\/#organization","name":"Centro Urbano","url":"https:\/\/centrourbano.com\/revista\/","logo":{"@type":"ImageObject","inLanguage":"es","@id":"https:\/\/centrourbano.com\/revista\/#\/schema\/logo\/image\/","url":"https:\/\/centrourbano.com\/revista\/wp-content\/uploads\/web_CU_logo-1.png","contentUrl":"https:\/\/centrourbano.com\/revista\/wp-content\/uploads\/web_CU_logo-1.png","width":350,"height":91,"caption":"Centro Urbano"},"image":{"@id":"https:\/\/centrourbano.com\/revista\/#\/schema\/logo\/image\/"},"sameAs":["https:\/\/www.facebook.com\/portalcentrourbano","https:\/\/x.com\/CentroUrbano","https:\/\/www.instagram.com\/centro_urbano\/","https:\/\/www.linkedin.com\/company\/centro-urbano\/","http:\/\/www.youtube.com\/user\/portalcentrourbano"]},{"@type":"Person","@id":"https:\/\/centrourbano.com\/revista\/#\/schema\/person\/370fa0ba2d8dd5bde3fdb8b62ad360aa","name":"G4A","image":{"@type":"ImageObject","inLanguage":"es","@id":"https:\/\/secure.gravatar.com\/avatar\/932a97121b13d5de5bbd8193c6c83d3b92c9eda0f39623607d4280e7a5778d97?s=96&d=mm&r=g","url":"https:\/\/secure.gravatar.com\/avatar\/932a97121b13d5de5bbd8193c6c83d3b92c9eda0f39623607d4280e7a5778d97?s=96&d=mm&r=g","contentUrl":"https:\/\/secure.gravatar.com\/avatar\/932a97121b13d5de5bbd8193c6c83d3b92c9eda0f39623607d4280e7a5778d97?s=96&d=mm&r=g","caption":"G4A"},"url":"https:\/\/centrourbano.com\/revista\/author\/admin-g4a\/"}]}},"_links":{"self":[{"href":"https:\/\/centrourbano.com\/revista\/wp-json\/wp\/v2\/posts\/29584","targetHints":{"allow":["GET"]}}],"collection":[{"href":"https:\/\/centrourbano.com\/revista\/wp-json\/wp\/v2\/posts"}],"about":[{"href":"https:\/\/centrourbano.com\/revista\/wp-json\/wp\/v2\/types\/post"}],"author":[{"embeddable":true,"href":"https:\/\/centrourbano.com\/revista\/wp-json\/wp\/v2\/users\/77"}],"replies":[{"embeddable":true,"href":"https:\/\/centrourbano.com\/revista\/wp-json\/wp\/v2\/comments?post=29584"}],"version-history":[{"count":0,"href":"https:\/\/centrourbano.com\/revista\/wp-json\/wp\/v2\/posts\/29584\/revisions"}],"wp:featuredmedia":[{"embeddable":true,"href":"https:\/\/centrourbano.com\/revista\/wp-json\/wp\/v2\/media\/29587"}],"wp:attachment":[{"href":"https:\/\/centrourbano.com\/revista\/wp-json\/wp\/v2\/media?parent=29584"}],"wp:term":[{"taxonomy":"category","embeddable":true,"href":"https:\/\/centrourbano.com\/revista\/wp-json\/wp\/v2\/categories?post=29584"},{"taxonomy":"post_tag","embeddable":true,"href":"https:\/\/centrourbano.com\/revista\/wp-json\/wp\/v2\/tags?post=29584"}],"curies":[{"name":"wp","href":"https:\/\/api.w.org\/{rel}","templated":true}]}}