{"id":2936,"date":"2014-01-22T09:06:41","date_gmt":"2014-01-22T15:06:41","guid":{"rendered":"http:\/\/centrourbano.com\/?p=2936"},"modified":"2014-03-20T09:24:20","modified_gmt":"2014-03-20T15:24:20","slug":"preparan-tren-ligero-en-jalisco","status":"publish","type":"post","link":"https:\/\/centrourbano.com\/revista\/construccion\/preparan-tren-ligero-en-jalisco\/","title":{"rendered":"Preparan Tren Ligero en Jalisco"},"content":{"rendered":"<p><em>La construcci\u00f3n de la L\u00ednea 3 comenzar\u00e1 en el primer semestre de este 2014, y se estima que el proceso de obra se desarrollar\u00e1 hasta por alrededor de cuatro a\u00f1os<\/em><\/p>\n<p><em><!--more--><\/em><\/p>\n<p>Durante el primer trimestre del a\u00f1o ser\u00e1n lanzadas las licitaciones correspondientes a las\u00a0obras\u00a0para la construcci\u00f3n de la L\u00ednea 3 del\u00a0Tren Ligero, y ser\u00e1n para la realizaci\u00f3n de trabajos en al menos tres frentes: Oriente, Poniente y centro; la socializaci\u00f3n est\u00e1 en proceso de planeaci\u00f3n.<br \/>\n\u00abCuando iniciemos la\u00a0obra\u00a0vamos a iniciar de manera conjunta tanto lo que son los viaductos elevados, como la preparaci\u00f3n para llevar a cabo la perforaci\u00f3n del t\u00fanel, lo m\u00e1s tardado es la perforaci\u00f3n del t\u00fanel\u00bb; el periodo m\u00e1s dif\u00edcil para la construcci\u00f3n ser\u00e1n los a\u00f1os 2014 y 2015, consider\u00f3 el director del Centro Jalisco de la Secretar\u00eda de Comunicaciones y Transportes (SCT), Bernardo Guti\u00e9rrez Navarro.<\/p>\n<p>La construcci\u00f3n de la L\u00ednea 3 del Tren Ligero comenzar\u00e1 en el primer semestre de este 2014, y se estima, de acuerdo al an\u00e1lisis costo-beneficio, que el proceso de obra se desarrollar\u00e1 hasta por alrededor de cuatro a\u00f1os, mencion\u00f3.<\/p>\n<p>\u00abVamos a tener antes del primer trimestre la licitaci\u00f3n en l\u00ednea para que quien quiera participar se inscriba\u00bb, indic\u00f3 el funcionario.<\/p>\n<p>Ante las afectaciones a la circulaci\u00f3n que generar\u00e1 la obra, el funcionario coment\u00f3 que tratar\u00e1n de reducirlas en un trabajo conjunto con Gobierno del Estado.<\/p>\n<p>La L\u00ednea 3 del Tren Ligero se construir\u00e1 en la Diagonal Zapopan-Guadalajara-Tlaquepaque, la ruta ser\u00e1 elevada y subterr\u00e1nea. La inversi\u00f3n para este proyecto ascender\u00e1 a m\u00e1s de 17 mil 692 millones de pesos.<\/p>\n<p>Respecto a la construcci\u00f3n de un kil\u00f3metro en la L\u00ednea 1 del Tren Ligero y la ampliaci\u00f3n de las estaciones, Guti\u00e9rrez Navarro dijo que los trabajos comenzar\u00e1n a finales de febrero pr\u00f3ximo.\u00a0 En este proyecto se destinar\u00e1n mil 353 millones de pesos, contar\u00e1 con aportaci\u00f3n del Fondo Nacional de Infraestructura (Fonadin), Gobierno del Estado y un particular en un esquema de inversi\u00f3n p\u00fablico-privado.<\/p>\n","protected":false},"excerpt":{"rendered":"<p>La construcci\u00f3n de la L\u00ednea 3 comenzar\u00e1 en el primer semestre de este 2014, y se estima que el proceso de obra se desarrollar\u00e1 hasta por alrededor de cuatro a\u00f1os<\/p>\n","protected":false},"author":9,"featured_media":0,"comment_status":"open","ping_status":"closed","sticky":false,"template":"","format":"standard","meta":{"om_disable_all_campaigns":false,"inline_featured_image":false,"_monsterinsights_skip_tracking":false,"_monsterinsights_sitenote_active":false,"_monsterinsights_sitenote_note":"","_monsterinsights_sitenote_category":0,"footnotes":""},"categories":[14],"tags":[],"class_list":["post-2936","post","type-post","status-publish","format-standard","hentry","category-construccion"],"yoast_head":"<!-- This site is optimized with the Yoast SEO plugin v27.4 - https:\/\/yoast.com\/product\/yoast-seo-wordpress\/ -->\n<title>Preparan Tren Ligero en Jalisco -<\/title>\n<meta name=\"description\" content=\"La construcci\u00f3n de la L\u00ednea 3 comenzar\u00e1 en el primer semestre de este 2014, y se estima que el proceso de obra se desarrollar\u00e1 hasta por alrededor de\" \/>\n<meta name=\"robots\" content=\"index, follow, max-snippet:-1, max-image-preview:large, max-video-preview:-1\" \/>\n<link rel=\"canonical\" href=\"https:\/\/centrourbano.com\/revista\/construccion\/preparan-tren-ligero-en-jalisco\/\" \/>\n<meta property=\"og:locale\" content=\"es_ES\" \/>\n<meta property=\"og:type\" content=\"article\" \/>\n<meta property=\"og:title\" content=\"Preparan Tren Ligero en Jalisco -\" \/>\n<meta property=\"og:description\" content=\"La construcci\u00f3n de la L\u00ednea 3 comenzar\u00e1 en el primer semestre de este 2014, y se estima que el proceso de obra se desarrollar\u00e1 hasta por alrededor de\" \/>\n<meta property=\"og:url\" content=\"https:\/\/centrourbano.com\/revista\/construccion\/preparan-tren-ligero-en-jalisco\/\" \/>\n<meta property=\"og:site_name\" content=\"Centro Urbano\" \/>\n<meta property=\"article:publisher\" content=\"https:\/\/www.facebook.com\/portalcentrourbano\" \/>\n<meta property=\"article:published_time\" content=\"2014-01-22T15:06:41+00:00\" \/>\n<meta property=\"article:modified_time\" content=\"2014-03-20T15:24:20+00:00\" \/>\n<meta property=\"og:image\" content=\"https:\/\/centrourbano.com\/revista\/wp-content\/uploads\/CU-logo.png\" \/>\n\t<meta property=\"og:image:width\" content=\"350\" \/>\n\t<meta property=\"og:image:height\" content=\"91\" \/>\n\t<meta property=\"og:image:type\" content=\"image\/png\" \/>\n<meta name=\"author\" content=\"Dinorah Nava\" \/>\n<meta name=\"twitter:card\" content=\"summary_large_image\" \/>\n<meta name=\"twitter:creator\" content=\"@https:\/\/twitter.com\/Dinorah_Nava28\" \/>\n<meta name=\"twitter:site\" content=\"@CentroUrbano\" \/>\n<meta name=\"twitter:label1\" content=\"Escrito por\" \/>\n\t<meta name=\"twitter:data1\" content=\"Dinorah Nava\" \/>\n\t<meta name=\"twitter:label2\" content=\"Tiempo de lectura\" \/>\n\t<meta name=\"twitter:data2\" content=\"2 minutos\" \/>\n<script type=\"application\/ld+json\" class=\"yoast-schema-graph\">{\"@context\":\"https:\\\/\\\/schema.org\",\"@graph\":[{\"@type\":\"Article\",\"@id\":\"https:\\\/\\\/centrourbano.com\\\/revista\\\/construccion\\\/preparan-tren-ligero-en-jalisco\\\/#article\",\"isPartOf\":{\"@id\":\"https:\\\/\\\/centrourbano.com\\\/revista\\\/construccion\\\/preparan-tren-ligero-en-jalisco\\\/\"},\"author\":{\"name\":\"Dinorah Nava\",\"@id\":\"https:\\\/\\\/centrourbano.com\\\/revista\\\/#\\\/schema\\\/person\\\/b45db815d96831257ba428a3d5a5fbdc\"},\"headline\":\"Preparan Tren Ligero en Jalisco\",\"datePublished\":\"2014-01-22T15:06:41+00:00\",\"dateModified\":\"2014-03-20T15:24:20+00:00\",\"mainEntityOfPage\":{\"@id\":\"https:\\\/\\\/centrourbano.com\\\/revista\\\/construccion\\\/preparan-tren-ligero-en-jalisco\\\/\"},\"wordCount\":364,\"commentCount\":0,\"publisher\":{\"@id\":\"https:\\\/\\\/centrourbano.com\\\/revista\\\/#organization\"},\"articleSection\":[\"Construcci\u00f3n\"],\"inLanguage\":\"es\",\"potentialAction\":[{\"@type\":\"CommentAction\",\"name\":\"Comment\",\"target\":[\"https:\\\/\\\/centrourbano.com\\\/revista\\\/construccion\\\/preparan-tren-ligero-en-jalisco\\\/#respond\"]}]},{\"@type\":\"WebPage\",\"@id\":\"https:\\\/\\\/centrourbano.com\\\/revista\\\/construccion\\\/preparan-tren-ligero-en-jalisco\\\/\",\"url\":\"https:\\\/\\\/centrourbano.com\\\/revista\\\/construccion\\\/preparan-tren-ligero-en-jalisco\\\/\",\"name\":\"Preparan Tren Ligero en Jalisco -\",\"isPartOf\":{\"@id\":\"https:\\\/\\\/centrourbano.com\\\/revista\\\/#website\"},\"datePublished\":\"2014-01-22T15:06:41+00:00\",\"dateModified\":\"2014-03-20T15:24:20+00:00\",\"description\":\"La construcci\u00f3n de la L\u00ednea 3 comenzar\u00e1 en el primer semestre de este 2014, y se estima que el proceso de obra se desarrollar\u00e1 hasta por alrededor de\",\"breadcrumb\":{\"@id\":\"https:\\\/\\\/centrourbano.com\\\/revista\\\/construccion\\\/preparan-tren-ligero-en-jalisco\\\/#breadcrumb\"},\"inLanguage\":\"es\",\"potentialAction\":[{\"@type\":\"ReadAction\",\"target\":[\"https:\\\/\\\/centrourbano.com\\\/revista\\\/construccion\\\/preparan-tren-ligero-en-jalisco\\\/\"]}]},{\"@type\":\"BreadcrumbList\",\"@id\":\"https:\\\/\\\/centrourbano.com\\\/revista\\\/construccion\\\/preparan-tren-ligero-en-jalisco\\\/#breadcrumb\",\"itemListElement\":[{\"@type\":\"ListItem\",\"position\":1,\"name\":\"Portada\",\"item\":\"https:\\\/\\\/centrourbano.com\\\/revista\\\/\"},{\"@type\":\"ListItem\",\"position\":2,\"name\":\"Preparan Tren Ligero en Jalisco\"}]},{\"@type\":\"WebSite\",\"@id\":\"https:\\\/\\\/centrourbano.com\\\/revista\\\/#website\",\"url\":\"https:\\\/\\\/centrourbano.com\\\/revista\\\/\",\"name\":\"Centro Urbano\",\"description\":\"Medio especializado en los sectores vivienda, inmobiliario, construcci\u00f3n, arquitectura y urbanismo.\",\"publisher\":{\"@id\":\"https:\\\/\\\/centrourbano.com\\\/revista\\\/#organization\"},\"potentialAction\":[{\"@type\":\"SearchAction\",\"target\":{\"@type\":\"EntryPoint\",\"urlTemplate\":\"https:\\\/\\\/centrourbano.com\\\/revista\\\/?s={search_term_string}\"},\"query-input\":{\"@type\":\"PropertyValueSpecification\",\"valueRequired\":true,\"valueName\":\"search_term_string\"}}],\"inLanguage\":\"es\"},{\"@type\":\"Organization\",\"@id\":\"https:\\\/\\\/centrourbano.com\\\/revista\\\/#organization\",\"name\":\"Centro Urbano\",\"url\":\"https:\\\/\\\/centrourbano.com\\\/revista\\\/\",\"logo\":{\"@type\":\"ImageObject\",\"inLanguage\":\"es\",\"@id\":\"https:\\\/\\\/centrourbano.com\\\/revista\\\/#\\\/schema\\\/logo\\\/image\\\/\",\"url\":\"https:\\\/\\\/centrourbano.com\\\/revista\\\/wp-content\\\/uploads\\\/web_CU_logo-1.png\",\"contentUrl\":\"https:\\\/\\\/centrourbano.com\\\/revista\\\/wp-content\\\/uploads\\\/web_CU_logo-1.png\",\"width\":350,\"height\":91,\"caption\":\"Centro Urbano\"},\"image\":{\"@id\":\"https:\\\/\\\/centrourbano.com\\\/revista\\\/#\\\/schema\\\/logo\\\/image\\\/\"},\"sameAs\":[\"https:\\\/\\\/www.facebook.com\\\/portalcentrourbano\",\"https:\\\/\\\/x.com\\\/CentroUrbano\",\"https:\\\/\\\/www.instagram.com\\\/centro_urbano\\\/\",\"https:\\\/\\\/www.linkedin.com\\\/company\\\/centro-urbano\\\/\",\"http:\\\/\\\/www.youtube.com\\\/user\\\/portalcentrourbano\"]},{\"@type\":\"Person\",\"@id\":\"https:\\\/\\\/centrourbano.com\\\/revista\\\/#\\\/schema\\\/person\\\/b45db815d96831257ba428a3d5a5fbdc\",\"name\":\"Dinorah Nava\",\"image\":{\"@type\":\"ImageObject\",\"inLanguage\":\"es\",\"@id\":\"https:\\\/\\\/secure.gravatar.com\\\/avatar\\\/f6ca6430c51d147f363940f84e1225aa4b8183885c11802cc3b042305a4ecc1a?s=96&d=mm&r=g\",\"url\":\"https:\\\/\\\/secure.gravatar.com\\\/avatar\\\/f6ca6430c51d147f363940f84e1225aa4b8183885c11802cc3b042305a4ecc1a?s=96&d=mm&r=g\",\"contentUrl\":\"https:\\\/\\\/secure.gravatar.com\\\/avatar\\\/f6ca6430c51d147f363940f84e1225aa4b8183885c11802cc3b042305a4ecc1a?s=96&d=mm&r=g\",\"caption\":\"Dinorah Nava\"},\"description\":\"Editora de Contenidos y Estrategias Digitales en Centro Urbano y Coeditora en Peri\u00f3dico Mi Casa. Egresada de la licenciatura en Comunicaci\u00f3n y Periodismo de la Facultad de Estudios Superiores Arag\u00f3n (UNAM). Amante de la edici\u00f3n y correcci\u00f3n de estilo, las redes sociales y el mundo digital. Especialista en temas son arquitectura, inmobiliario y urbanismo.\",\"sameAs\":[\"linkedin.com\\\/in\\\/dinorah-nava\",\"https:\\\/\\\/x.com\\\/https:\\\/\\\/twitter.com\\\/Dinorah_Nava28\"],\"url\":\"https:\\\/\\\/centrourbano.com\\\/revista\\\/author\\\/dinorah-nava\\\/\"}]}<\/script>\n<!-- \/ Yoast SEO plugin. -->","yoast_head_json":{"title":"Preparan Tren Ligero en Jalisco -","description":"La construcci\u00f3n de la L\u00ednea 3 comenzar\u00e1 en el primer semestre de este 2014, y se estima que el proceso de obra se desarrollar\u00e1 hasta por alrededor de","robots":{"index":"index","follow":"follow","max-snippet":"max-snippet:-1","max-image-preview":"max-image-preview:large","max-video-preview":"max-video-preview:-1"},"canonical":"https:\/\/centrourbano.com\/revista\/construccion\/preparan-tren-ligero-en-jalisco\/","og_locale":"es_ES","og_type":"article","og_title":"Preparan Tren Ligero en Jalisco -","og_description":"La construcci\u00f3n de la L\u00ednea 3 comenzar\u00e1 en el primer semestre de este 2014, y se estima que el proceso de obra se desarrollar\u00e1 hasta por alrededor de","og_url":"https:\/\/centrourbano.com\/revista\/construccion\/preparan-tren-ligero-en-jalisco\/","og_site_name":"Centro Urbano","article_publisher":"https:\/\/www.facebook.com\/portalcentrourbano","article_published_time":"2014-01-22T15:06:41+00:00","article_modified_time":"2014-03-20T15:24:20+00:00","og_image":[{"width":350,"height":91,"url":"https:\/\/centrourbano.com\/revista\/wp-content\/uploads\/CU-logo.png","type":"image\/png"}],"author":"Dinorah Nava","twitter_card":"summary_large_image","twitter_creator":"@https:\/\/twitter.com\/Dinorah_Nava28","twitter_site":"@CentroUrbano","twitter_misc":{"Escrito por":"Dinorah Nava","Tiempo de lectura":"2 minutos"},"schema":{"@context":"https:\/\/schema.org","@graph":[{"@type":"Article","@id":"https:\/\/centrourbano.com\/revista\/construccion\/preparan-tren-ligero-en-jalisco\/#article","isPartOf":{"@id":"https:\/\/centrourbano.com\/revista\/construccion\/preparan-tren-ligero-en-jalisco\/"},"author":{"name":"Dinorah Nava","@id":"https:\/\/centrourbano.com\/revista\/#\/schema\/person\/b45db815d96831257ba428a3d5a5fbdc"},"headline":"Preparan Tren Ligero en Jalisco","datePublished":"2014-01-22T15:06:41+00:00","dateModified":"2014-03-20T15:24:20+00:00","mainEntityOfPage":{"@id":"https:\/\/centrourbano.com\/revista\/construccion\/preparan-tren-ligero-en-jalisco\/"},"wordCount":364,"commentCount":0,"publisher":{"@id":"https:\/\/centrourbano.com\/revista\/#organization"},"articleSection":["Construcci\u00f3n"],"inLanguage":"es","potentialAction":[{"@type":"CommentAction","name":"Comment","target":["https:\/\/centrourbano.com\/revista\/construccion\/preparan-tren-ligero-en-jalisco\/#respond"]}]},{"@type":"WebPage","@id":"https:\/\/centrourbano.com\/revista\/construccion\/preparan-tren-ligero-en-jalisco\/","url":"https:\/\/centrourbano.com\/revista\/construccion\/preparan-tren-ligero-en-jalisco\/","name":"Preparan Tren Ligero en Jalisco -","isPartOf":{"@id":"https:\/\/centrourbano.com\/revista\/#website"},"datePublished":"2014-01-22T15:06:41+00:00","dateModified":"2014-03-20T15:24:20+00:00","description":"La construcci\u00f3n de la L\u00ednea 3 comenzar\u00e1 en el primer semestre de este 2014, y se estima que el proceso de obra se desarrollar\u00e1 hasta por alrededor de","breadcrumb":{"@id":"https:\/\/centrourbano.com\/revista\/construccion\/preparan-tren-ligero-en-jalisco\/#breadcrumb"},"inLanguage":"es","potentialAction":[{"@type":"ReadAction","target":["https:\/\/centrourbano.com\/revista\/construccion\/preparan-tren-ligero-en-jalisco\/"]}]},{"@type":"BreadcrumbList","@id":"https:\/\/centrourbano.com\/revista\/construccion\/preparan-tren-ligero-en-jalisco\/#breadcrumb","itemListElement":[{"@type":"ListItem","position":1,"name":"Portada","item":"https:\/\/centrourbano.com\/revista\/"},{"@type":"ListItem","position":2,"name":"Preparan Tren Ligero en Jalisco"}]},{"@type":"WebSite","@id":"https:\/\/centrourbano.com\/revista\/#website","url":"https:\/\/centrourbano.com\/revista\/","name":"Centro Urbano","description":"Medio especializado en los sectores vivienda, inmobiliario, construcci\u00f3n, arquitectura y urbanismo.","publisher":{"@id":"https:\/\/centrourbano.com\/revista\/#organization"},"potentialAction":[{"@type":"SearchAction","target":{"@type":"EntryPoint","urlTemplate":"https:\/\/centrourbano.com\/revista\/?s={search_term_string}"},"query-input":{"@type":"PropertyValueSpecification","valueRequired":true,"valueName":"search_term_string"}}],"inLanguage":"es"},{"@type":"Organization","@id":"https:\/\/centrourbano.com\/revista\/#organization","name":"Centro Urbano","url":"https:\/\/centrourbano.com\/revista\/","logo":{"@type":"ImageObject","inLanguage":"es","@id":"https:\/\/centrourbano.com\/revista\/#\/schema\/logo\/image\/","url":"https:\/\/centrourbano.com\/revista\/wp-content\/uploads\/web_CU_logo-1.png","contentUrl":"https:\/\/centrourbano.com\/revista\/wp-content\/uploads\/web_CU_logo-1.png","width":350,"height":91,"caption":"Centro Urbano"},"image":{"@id":"https:\/\/centrourbano.com\/revista\/#\/schema\/logo\/image\/"},"sameAs":["https:\/\/www.facebook.com\/portalcentrourbano","https:\/\/x.com\/CentroUrbano","https:\/\/www.instagram.com\/centro_urbano\/","https:\/\/www.linkedin.com\/company\/centro-urbano\/","http:\/\/www.youtube.com\/user\/portalcentrourbano"]},{"@type":"Person","@id":"https:\/\/centrourbano.com\/revista\/#\/schema\/person\/b45db815d96831257ba428a3d5a5fbdc","name":"Dinorah Nava","image":{"@type":"ImageObject","inLanguage":"es","@id":"https:\/\/secure.gravatar.com\/avatar\/f6ca6430c51d147f363940f84e1225aa4b8183885c11802cc3b042305a4ecc1a?s=96&d=mm&r=g","url":"https:\/\/secure.gravatar.com\/avatar\/f6ca6430c51d147f363940f84e1225aa4b8183885c11802cc3b042305a4ecc1a?s=96&d=mm&r=g","contentUrl":"https:\/\/secure.gravatar.com\/avatar\/f6ca6430c51d147f363940f84e1225aa4b8183885c11802cc3b042305a4ecc1a?s=96&d=mm&r=g","caption":"Dinorah Nava"},"description":"Editora de Contenidos y Estrategias Digitales en Centro Urbano y Coeditora en Peri\u00f3dico Mi Casa. Egresada de la licenciatura en Comunicaci\u00f3n y Periodismo de la Facultad de Estudios Superiores Arag\u00f3n (UNAM). Amante de la edici\u00f3n y correcci\u00f3n de estilo, las redes sociales y el mundo digital. Especialista en temas son arquitectura, inmobiliario y urbanismo.","sameAs":["linkedin.com\/in\/dinorah-nava","https:\/\/x.com\/https:\/\/twitter.com\/Dinorah_Nava28"],"url":"https:\/\/centrourbano.com\/revista\/author\/dinorah-nava\/"}]}},"_links":{"self":[{"href":"https:\/\/centrourbano.com\/revista\/wp-json\/wp\/v2\/posts\/2936","targetHints":{"allow":["GET"]}}],"collection":[{"href":"https:\/\/centrourbano.com\/revista\/wp-json\/wp\/v2\/posts"}],"about":[{"href":"https:\/\/centrourbano.com\/revista\/wp-json\/wp\/v2\/types\/post"}],"author":[{"embeddable":true,"href":"https:\/\/centrourbano.com\/revista\/wp-json\/wp\/v2\/users\/9"}],"replies":[{"embeddable":true,"href":"https:\/\/centrourbano.com\/revista\/wp-json\/wp\/v2\/comments?post=2936"}],"version-history":[{"count":0,"href":"https:\/\/centrourbano.com\/revista\/wp-json\/wp\/v2\/posts\/2936\/revisions"}],"wp:attachment":[{"href":"https:\/\/centrourbano.com\/revista\/wp-json\/wp\/v2\/media?parent=2936"}],"wp:term":[{"taxonomy":"category","embeddable":true,"href":"https:\/\/centrourbano.com\/revista\/wp-json\/wp\/v2\/categories?post=2936"},{"taxonomy":"post_tag","embeddable":true,"href":"https:\/\/centrourbano.com\/revista\/wp-json\/wp\/v2\/tags?post=2936"}],"curies":[{"name":"wp","href":"https:\/\/api.w.org\/{rel}","templated":true}]}}