{"id":29102,"date":"2016-01-25T09:28:41","date_gmt":"2016-01-25T15:28:41","guid":{"rendered":"http:\/\/centrourbano.com\/?p=29102"},"modified":"2016-01-25T10:34:20","modified_gmt":"2016-01-25T16:34:20","slug":"analizaran-suelo-para-construir-hospital-en-cuajimalpa","status":"publish","type":"post","link":"https:\/\/centrourbano.com\/revista\/construccion\/analizaran-suelo-para-construir-hospital-en-cuajimalpa\/","title":{"rendered":"Analizar\u00e1n suelo para construir hospital en Cuajimalpa"},"content":{"rendered":"<p><em>Nuevo edificio tendr\u00e1 72 <a class=\"expresscurate_contentTags\" href=\"http:\/\/centrourbano.com\/tag\/camas\/\">#camas<\/a> y hasta 3 niveles de altura, tendr\u00e1 accesibilidad universal<br \/>\n<\/em><br \/>\n<!--more--><\/p>\n<p>Esta semana se realizar\u00e1n los estudios de mec\u00e1nica de suelos en el terreno que ocupaba el <a class=\"expresscurate_contentTags\" href=\"http:\/\/centrourbano.com\/tag\/hospital\/\">#Hospital<\/a> Materno-Infantil de <a class=\"expresscurate_contentTags\" href=\"http:\/\/centrourbano.com\/tag\/cuajimalpa\/\">#Cuajimalpa<\/a>, con lo que se conocer\u00e1n las caracter\u00edsticas del subsuelo y as\u00ed poder realizar la cimentaci\u00f3n adecuada para la <a class=\"expresscurate_contentTags\" href=\"http:\/\/centrourbano.com\/tag\/construccion-2\/\">#construcci\u00f3n<\/a> de un nuevo hospital.<\/p>\n<p>La Secretar\u00eda de Obras y Servicios (SOBSE) del Distrito Federal, explic\u00f3 que este tipo de estudios son necesarios, ya que permiten conocer datos como las capacidades de carga, posibles asentamientos y desempe\u00f1o.<\/p>\n<p>\u201cEl predio que ocupar\u00e1 el nuevo Hospital General tendr\u00e1 una superficie de 10,000 metros cuadrados, con capacidad para 72 camas censables, caracter\u00edsticas que debe cumplir un nosocomio de este nivel, y que fueron determinadas por la Secretar\u00eda de Salud del Distrito Federal (SEDESA)\u201d, inform\u00f3 Obras.<\/p>\n<p>El nuevo edificio podr\u00eda alcanzar los 3 niveles de altura, uno m\u00e1s que el edificio anterior, se habilitar\u00e1 con elementos totalmente accesibles para permitir un mejor desplazamiento por el inmueble, que lo convertir\u00e1n en el primero con esas caracter\u00edsticas en Cuajimalpa.<\/p>\n<p>\u201cDe acuerdo con el programa de necesidades m\u00e9dico-arquitect\u00f3nicas que dise\u00f1\u00f3 la SEDESA, la nueva infraestructura requerir\u00e1 de una casa de m\u00e1quinas, locales de residuos, planta de tratamiento y una cisterna, entre otras instalaciones\u201d, agreg\u00f3 la Secretar\u00eda.<\/p>\n<p>Tambi\u00e9n se instalar\u00e1 un laboratorio, gabinete de electrodiagn\u00f3stico, \u00e1reas de urgencias, terapia intensiva, administrativas, de apoyo y una farmacia.<\/p>\n<p>En diciembre del a\u00f1o pasado concluyeron los trabajos de demolici\u00f3n del hospital, que result\u00f3 afectado por una explosi\u00f3n. Se desmantel\u00f3 la estructura anterior, se retiraron tuber\u00edas hidr\u00e1ulicas, canceler\u00eda, vidrio, fierro, madera. Tambi\u00e9n se excav\u00f3 para retirar la cimentaci\u00f3n y demolic\u00f3n de los elementos estructurales de concreto simple y armado.<\/p>\n<p>\u201cDurante una primera intervenci\u00f3n, en agosto del a\u00f1o pasado, la SOBSE, a trav\u00e9s de sus Direcciones Generales de Servicios Urbanos (DGSU), Obras P\u00fablicas (DGOP), Proyectos Especiales (DGPE), y con camiones de la Planta de Asfalto de la CDMX, trabaj\u00f3 en coordinaci\u00f3n para retirar 5,160 toneladas de escombro y 556 toneladas de desechos ferrosos; adem\u00e1s se realiz\u00f3 la recolecci\u00f3n de 48 toneladas de basura\u201d, concluy\u00f3 Obras.<\/p>\n<p>La SOBSE asegur\u00f3 que se construir\u00e1 una infraestructura sustentable y accesible, por lo que al nuevo proyecto de Hospital General se incluir\u00e1n elementos adecuados para garantizar su eficiencia, y se buscar\u00e1 que el m\u00e9todo constructivo permita acelerar la obra.<\/p>\n","protected":false},"excerpt":{"rendered":"<p>Nuevo edificio tendr\u00e1 72 #camas y hasta 3 niveles de altura, tendr\u00e1 accesibilidad universal<\/p>\n","protected":false},"author":37,"featured_media":29103,"comment_status":"open","ping_status":"closed","sticky":false,"template":"","format":"standard","meta":{"om_disable_all_campaigns":false,"inline_featured_image":false,"_monsterinsights_skip_tracking":false,"_monsterinsights_sitenote_active":false,"_monsterinsights_sitenote_note":"","_monsterinsights_sitenote_category":0,"footnotes":""},"categories":[14],"tags":[7531,22,679,488],"class_list":["post-29102","post","type-post","status-publish","format-standard","has-post-thumbnail","hentry","category-construccion","tag-camas","tag-construccion-2","tag-cuajimalpa","tag-hospital"],"yoast_head":"<!-- This site is optimized with the Yoast SEO plugin v27.4 - https:\/\/yoast.com\/product\/yoast-seo-wordpress\/ -->\n<title>Analizar\u00e1n suelo para construir hospital en Cuajimalpa -<\/title>\n<meta name=\"description\" content=\"Nuevo edificio tendr\u00e1 72 #camas y hasta 3 niveles de altura, tendr\u00e1 accesibilidad universal Esta semana se realizar\u00e1n los estudios de mec\u00e1nica de suelos\" \/>\n<meta name=\"robots\" content=\"index, follow, max-snippet:-1, max-image-preview:large, max-video-preview:-1\" \/>\n<link rel=\"canonical\" href=\"https:\/\/centrourbano.com\/revista\/construccion\/analizaran-suelo-para-construir-hospital-en-cuajimalpa\/\" \/>\n<meta property=\"og:locale\" content=\"es_ES\" \/>\n<meta property=\"og:type\" content=\"article\" \/>\n<meta property=\"og:title\" content=\"Analizar\u00e1n suelo para construir hospital en Cuajimalpa -\" \/>\n<meta property=\"og:description\" content=\"Nuevo edificio tendr\u00e1 72 #camas y hasta 3 niveles de altura, tendr\u00e1 accesibilidad universal Esta semana se realizar\u00e1n los estudios de mec\u00e1nica de suelos\" \/>\n<meta property=\"og:url\" content=\"https:\/\/centrourbano.com\/revista\/construccion\/analizaran-suelo-para-construir-hospital-en-cuajimalpa\/\" \/>\n<meta property=\"og:site_name\" content=\"Centro Urbano\" \/>\n<meta property=\"article:publisher\" content=\"https:\/\/www.facebook.com\/portalcentrourbano\" \/>\n<meta property=\"article:published_time\" content=\"2016-01-25T15:28:41+00:00\" \/>\n<meta property=\"article:modified_time\" content=\"2016-01-25T16:34:20+00:00\" \/>\n<meta property=\"og:image\" content=\"https:\/\/centrourbano.com\/revista\/wp-content\/uploads\/Predio-Hospital-Cuajimalpa-e1522191806434.jpg\" \/>\n\t<meta property=\"og:image:width\" content=\"800\" \/>\n\t<meta property=\"og:image:height\" content=\"533\" \/>\n\t<meta property=\"og:image:type\" content=\"image\/jpeg\" \/>\n<meta name=\"author\" content=\"Diego Rodr\u00edguez\" \/>\n<meta name=\"twitter:card\" content=\"summary_large_image\" \/>\n<meta name=\"twitter:creator\" content=\"@CentroUrbano\" \/>\n<meta name=\"twitter:site\" content=\"@CentroUrbano\" \/>\n<meta name=\"twitter:label1\" content=\"Escrito por\" \/>\n\t<meta name=\"twitter:data1\" content=\"Diego Rodr\u00edguez\" \/>\n\t<meta name=\"twitter:label2\" content=\"Tiempo de lectura\" \/>\n\t<meta name=\"twitter:data2\" content=\"2 minutos\" \/>\n<script type=\"application\/ld+json\" class=\"yoast-schema-graph\">{\"@context\":\"https:\\\/\\\/schema.org\",\"@graph\":[{\"@type\":\"Article\",\"@id\":\"https:\\\/\\\/centrourbano.com\\\/revista\\\/construccion\\\/analizaran-suelo-para-construir-hospital-en-cuajimalpa\\\/#article\",\"isPartOf\":{\"@id\":\"https:\\\/\\\/centrourbano.com\\\/revista\\\/construccion\\\/analizaran-suelo-para-construir-hospital-en-cuajimalpa\\\/\"},\"author\":{\"name\":\"Diego Rodr\u00edguez\",\"@id\":\"https:\\\/\\\/centrourbano.com\\\/revista\\\/#\\\/schema\\\/person\\\/b50192a3cd0e680841b45dc537f53970\"},\"headline\":\"Analizar\u00e1n suelo para construir hospital en Cuajimalpa\",\"datePublished\":\"2016-01-25T15:28:41+00:00\",\"dateModified\":\"2016-01-25T16:34:20+00:00\",\"mainEntityOfPage\":{\"@id\":\"https:\\\/\\\/centrourbano.com\\\/revista\\\/construccion\\\/analizaran-suelo-para-construir-hospital-en-cuajimalpa\\\/\"},\"wordCount\":421,\"commentCount\":0,\"publisher\":{\"@id\":\"https:\\\/\\\/centrourbano.com\\\/revista\\\/#organization\"},\"image\":{\"@id\":\"https:\\\/\\\/centrourbano.com\\\/revista\\\/construccion\\\/analizaran-suelo-para-construir-hospital-en-cuajimalpa\\\/#primaryimage\"},\"thumbnailUrl\":\"https:\\\/\\\/centrourbano.com\\\/revista\\\/wp-content\\\/uploads\\\/Predio-Hospital-Cuajimalpa-e1522191806434.jpg\",\"keywords\":[\"Camas\",\"construcci\u00f3n\",\"Cuajimalpa\",\"hospital\"],\"articleSection\":[\"Construcci\u00f3n\"],\"inLanguage\":\"es\",\"potentialAction\":[{\"@type\":\"CommentAction\",\"name\":\"Comment\",\"target\":[\"https:\\\/\\\/centrourbano.com\\\/revista\\\/construccion\\\/analizaran-suelo-para-construir-hospital-en-cuajimalpa\\\/#respond\"]}]},{\"@type\":\"WebPage\",\"@id\":\"https:\\\/\\\/centrourbano.com\\\/revista\\\/construccion\\\/analizaran-suelo-para-construir-hospital-en-cuajimalpa\\\/\",\"url\":\"https:\\\/\\\/centrourbano.com\\\/revista\\\/construccion\\\/analizaran-suelo-para-construir-hospital-en-cuajimalpa\\\/\",\"name\":\"Analizar\u00e1n suelo para construir hospital en Cuajimalpa -\",\"isPartOf\":{\"@id\":\"https:\\\/\\\/centrourbano.com\\\/revista\\\/#website\"},\"primaryImageOfPage\":{\"@id\":\"https:\\\/\\\/centrourbano.com\\\/revista\\\/construccion\\\/analizaran-suelo-para-construir-hospital-en-cuajimalpa\\\/#primaryimage\"},\"image\":{\"@id\":\"https:\\\/\\\/centrourbano.com\\\/revista\\\/construccion\\\/analizaran-suelo-para-construir-hospital-en-cuajimalpa\\\/#primaryimage\"},\"thumbnailUrl\":\"https:\\\/\\\/centrourbano.com\\\/revista\\\/wp-content\\\/uploads\\\/Predio-Hospital-Cuajimalpa-e1522191806434.jpg\",\"datePublished\":\"2016-01-25T15:28:41+00:00\",\"dateModified\":\"2016-01-25T16:34:20+00:00\",\"description\":\"Nuevo edificio tendr\u00e1 72 #camas y hasta 3 niveles de altura, tendr\u00e1 accesibilidad universal Esta semana se realizar\u00e1n los estudios de mec\u00e1nica de suelos\",\"breadcrumb\":{\"@id\":\"https:\\\/\\\/centrourbano.com\\\/revista\\\/construccion\\\/analizaran-suelo-para-construir-hospital-en-cuajimalpa\\\/#breadcrumb\"},\"inLanguage\":\"es\",\"potentialAction\":[{\"@type\":\"ReadAction\",\"target\":[\"https:\\\/\\\/centrourbano.com\\\/revista\\\/construccion\\\/analizaran-suelo-para-construir-hospital-en-cuajimalpa\\\/\"]}]},{\"@type\":\"ImageObject\",\"inLanguage\":\"es\",\"@id\":\"https:\\\/\\\/centrourbano.com\\\/revista\\\/construccion\\\/analizaran-suelo-para-construir-hospital-en-cuajimalpa\\\/#primaryimage\",\"url\":\"https:\\\/\\\/centrourbano.com\\\/revista\\\/wp-content\\\/uploads\\\/Predio-Hospital-Cuajimalpa-e1522191806434.jpg\",\"contentUrl\":\"https:\\\/\\\/centrourbano.com\\\/revista\\\/wp-content\\\/uploads\\\/Predio-Hospital-Cuajimalpa-e1522191806434.jpg\",\"width\":800,\"height\":533,\"caption\":\"Las propiedades vendidas en d\u00f3lares son las que menos se han apreciado, con promedio de 10%\"},{\"@type\":\"BreadcrumbList\",\"@id\":\"https:\\\/\\\/centrourbano.com\\\/revista\\\/construccion\\\/analizaran-suelo-para-construir-hospital-en-cuajimalpa\\\/#breadcrumb\",\"itemListElement\":[{\"@type\":\"ListItem\",\"position\":1,\"name\":\"Portada\",\"item\":\"https:\\\/\\\/centrourbano.com\\\/revista\\\/\"},{\"@type\":\"ListItem\",\"position\":2,\"name\":\"Analizar\u00e1n suelo para construir hospital en Cuajimalpa\"}]},{\"@type\":\"WebSite\",\"@id\":\"https:\\\/\\\/centrourbano.com\\\/revista\\\/#website\",\"url\":\"https:\\\/\\\/centrourbano.com\\\/revista\\\/\",\"name\":\"Centro Urbano\",\"description\":\"Medio especializado en los sectores vivienda, inmobiliario, construcci\u00f3n, arquitectura y urbanismo.\",\"publisher\":{\"@id\":\"https:\\\/\\\/centrourbano.com\\\/revista\\\/#organization\"},\"potentialAction\":[{\"@type\":\"SearchAction\",\"target\":{\"@type\":\"EntryPoint\",\"urlTemplate\":\"https:\\\/\\\/centrourbano.com\\\/revista\\\/?s={search_term_string}\"},\"query-input\":{\"@type\":\"PropertyValueSpecification\",\"valueRequired\":true,\"valueName\":\"search_term_string\"}}],\"inLanguage\":\"es\"},{\"@type\":\"Organization\",\"@id\":\"https:\\\/\\\/centrourbano.com\\\/revista\\\/#organization\",\"name\":\"Centro Urbano\",\"url\":\"https:\\\/\\\/centrourbano.com\\\/revista\\\/\",\"logo\":{\"@type\":\"ImageObject\",\"inLanguage\":\"es\",\"@id\":\"https:\\\/\\\/centrourbano.com\\\/revista\\\/#\\\/schema\\\/logo\\\/image\\\/\",\"url\":\"https:\\\/\\\/centrourbano.com\\\/revista\\\/wp-content\\\/uploads\\\/web_CU_logo-1.png\",\"contentUrl\":\"https:\\\/\\\/centrourbano.com\\\/revista\\\/wp-content\\\/uploads\\\/web_CU_logo-1.png\",\"width\":350,\"height\":91,\"caption\":\"Centro Urbano\"},\"image\":{\"@id\":\"https:\\\/\\\/centrourbano.com\\\/revista\\\/#\\\/schema\\\/logo\\\/image\\\/\"},\"sameAs\":[\"https:\\\/\\\/www.facebook.com\\\/portalcentrourbano\",\"https:\\\/\\\/x.com\\\/CentroUrbano\",\"https:\\\/\\\/www.instagram.com\\\/centro_urbano\\\/\",\"https:\\\/\\\/www.linkedin.com\\\/company\\\/centro-urbano\\\/\",\"http:\\\/\\\/www.youtube.com\\\/user\\\/portalcentrourbano\"]},{\"@type\":\"Person\",\"@id\":\"https:\\\/\\\/centrourbano.com\\\/revista\\\/#\\\/schema\\\/person\\\/b50192a3cd0e680841b45dc537f53970\",\"name\":\"Diego Rodr\u00edguez\",\"image\":{\"@type\":\"ImageObject\",\"inLanguage\":\"es\",\"@id\":\"https:\\\/\\\/secure.gravatar.com\\\/avatar\\\/d217565525df2df5d4e7265d47758506f41845ed9529510921a7625d8365789d?s=96&d=mm&r=g\",\"url\":\"https:\\\/\\\/secure.gravatar.com\\\/avatar\\\/d217565525df2df5d4e7265d47758506f41845ed9529510921a7625d8365789d?s=96&d=mm&r=g\",\"contentUrl\":\"https:\\\/\\\/secure.gravatar.com\\\/avatar\\\/d217565525df2df5d4e7265d47758506f41845ed9529510921a7625d8365789d?s=96&d=mm&r=g\",\"caption\":\"Diego Rodr\u00edguez\"},\"description\":\"Egresado de la Facultad de Estudios Superiores Acatl\u00e1n de la carrera en Comunicaci\u00f3n, con especialidad en medios escritos. Reportero del desaparecido peri\u00f3dico Nuestro M\u00e9xico, en donde cubri\u00f3 las fuentes delegacionales y Asamblea Legislativa. Tambi\u00e9n trabaj\u00f3 en la Coordinaci\u00f3n de Comunicaci\u00f3n Social en la delegaci\u00f3n \u00c1lvaro Obreg\u00f3n. Le gusta leer novelas y cuentos.\",\"url\":\"https:\\\/\\\/centrourbano.com\\\/revista\\\/author\\\/diegorodriguez\\\/\"}]}<\/script>\n<!-- \/ Yoast SEO plugin. -->","yoast_head_json":{"title":"Analizar\u00e1n suelo para construir hospital en Cuajimalpa -","description":"Nuevo edificio tendr\u00e1 72 #camas y hasta 3 niveles de altura, tendr\u00e1 accesibilidad universal Esta semana se realizar\u00e1n los estudios de mec\u00e1nica de suelos","robots":{"index":"index","follow":"follow","max-snippet":"max-snippet:-1","max-image-preview":"max-image-preview:large","max-video-preview":"max-video-preview:-1"},"canonical":"https:\/\/centrourbano.com\/revista\/construccion\/analizaran-suelo-para-construir-hospital-en-cuajimalpa\/","og_locale":"es_ES","og_type":"article","og_title":"Analizar\u00e1n suelo para construir hospital en Cuajimalpa -","og_description":"Nuevo edificio tendr\u00e1 72 #camas y hasta 3 niveles de altura, tendr\u00e1 accesibilidad universal Esta semana se realizar\u00e1n los estudios de mec\u00e1nica de suelos","og_url":"https:\/\/centrourbano.com\/revista\/construccion\/analizaran-suelo-para-construir-hospital-en-cuajimalpa\/","og_site_name":"Centro Urbano","article_publisher":"https:\/\/www.facebook.com\/portalcentrourbano","article_published_time":"2016-01-25T15:28:41+00:00","article_modified_time":"2016-01-25T16:34:20+00:00","og_image":[{"width":800,"height":533,"url":"https:\/\/centrourbano.com\/revista\/wp-content\/uploads\/Predio-Hospital-Cuajimalpa-e1522191806434.jpg","type":"image\/jpeg"}],"author":"Diego Rodr\u00edguez","twitter_card":"summary_large_image","twitter_creator":"@CentroUrbano","twitter_site":"@CentroUrbano","twitter_misc":{"Escrito por":"Diego Rodr\u00edguez","Tiempo de lectura":"2 minutos"},"schema":{"@context":"https:\/\/schema.org","@graph":[{"@type":"Article","@id":"https:\/\/centrourbano.com\/revista\/construccion\/analizaran-suelo-para-construir-hospital-en-cuajimalpa\/#article","isPartOf":{"@id":"https:\/\/centrourbano.com\/revista\/construccion\/analizaran-suelo-para-construir-hospital-en-cuajimalpa\/"},"author":{"name":"Diego Rodr\u00edguez","@id":"https:\/\/centrourbano.com\/revista\/#\/schema\/person\/b50192a3cd0e680841b45dc537f53970"},"headline":"Analizar\u00e1n suelo para construir hospital en Cuajimalpa","datePublished":"2016-01-25T15:28:41+00:00","dateModified":"2016-01-25T16:34:20+00:00","mainEntityOfPage":{"@id":"https:\/\/centrourbano.com\/revista\/construccion\/analizaran-suelo-para-construir-hospital-en-cuajimalpa\/"},"wordCount":421,"commentCount":0,"publisher":{"@id":"https:\/\/centrourbano.com\/revista\/#organization"},"image":{"@id":"https:\/\/centrourbano.com\/revista\/construccion\/analizaran-suelo-para-construir-hospital-en-cuajimalpa\/#primaryimage"},"thumbnailUrl":"https:\/\/centrourbano.com\/revista\/wp-content\/uploads\/Predio-Hospital-Cuajimalpa-e1522191806434.jpg","keywords":["Camas","construcci\u00f3n","Cuajimalpa","hospital"],"articleSection":["Construcci\u00f3n"],"inLanguage":"es","potentialAction":[{"@type":"CommentAction","name":"Comment","target":["https:\/\/centrourbano.com\/revista\/construccion\/analizaran-suelo-para-construir-hospital-en-cuajimalpa\/#respond"]}]},{"@type":"WebPage","@id":"https:\/\/centrourbano.com\/revista\/construccion\/analizaran-suelo-para-construir-hospital-en-cuajimalpa\/","url":"https:\/\/centrourbano.com\/revista\/construccion\/analizaran-suelo-para-construir-hospital-en-cuajimalpa\/","name":"Analizar\u00e1n suelo para construir hospital en Cuajimalpa -","isPartOf":{"@id":"https:\/\/centrourbano.com\/revista\/#website"},"primaryImageOfPage":{"@id":"https:\/\/centrourbano.com\/revista\/construccion\/analizaran-suelo-para-construir-hospital-en-cuajimalpa\/#primaryimage"},"image":{"@id":"https:\/\/centrourbano.com\/revista\/construccion\/analizaran-suelo-para-construir-hospital-en-cuajimalpa\/#primaryimage"},"thumbnailUrl":"https:\/\/centrourbano.com\/revista\/wp-content\/uploads\/Predio-Hospital-Cuajimalpa-e1522191806434.jpg","datePublished":"2016-01-25T15:28:41+00:00","dateModified":"2016-01-25T16:34:20+00:00","description":"Nuevo edificio tendr\u00e1 72 #camas y hasta 3 niveles de altura, tendr\u00e1 accesibilidad universal Esta semana se realizar\u00e1n los estudios de mec\u00e1nica de suelos","breadcrumb":{"@id":"https:\/\/centrourbano.com\/revista\/construccion\/analizaran-suelo-para-construir-hospital-en-cuajimalpa\/#breadcrumb"},"inLanguage":"es","potentialAction":[{"@type":"ReadAction","target":["https:\/\/centrourbano.com\/revista\/construccion\/analizaran-suelo-para-construir-hospital-en-cuajimalpa\/"]}]},{"@type":"ImageObject","inLanguage":"es","@id":"https:\/\/centrourbano.com\/revista\/construccion\/analizaran-suelo-para-construir-hospital-en-cuajimalpa\/#primaryimage","url":"https:\/\/centrourbano.com\/revista\/wp-content\/uploads\/Predio-Hospital-Cuajimalpa-e1522191806434.jpg","contentUrl":"https:\/\/centrourbano.com\/revista\/wp-content\/uploads\/Predio-Hospital-Cuajimalpa-e1522191806434.jpg","width":800,"height":533,"caption":"Las propiedades vendidas en d\u00f3lares son las que menos se han apreciado, con promedio de 10%"},{"@type":"BreadcrumbList","@id":"https:\/\/centrourbano.com\/revista\/construccion\/analizaran-suelo-para-construir-hospital-en-cuajimalpa\/#breadcrumb","itemListElement":[{"@type":"ListItem","position":1,"name":"Portada","item":"https:\/\/centrourbano.com\/revista\/"},{"@type":"ListItem","position":2,"name":"Analizar\u00e1n suelo para construir hospital en Cuajimalpa"}]},{"@type":"WebSite","@id":"https:\/\/centrourbano.com\/revista\/#website","url":"https:\/\/centrourbano.com\/revista\/","name":"Centro Urbano","description":"Medio especializado en los sectores vivienda, inmobiliario, construcci\u00f3n, arquitectura y urbanismo.","publisher":{"@id":"https:\/\/centrourbano.com\/revista\/#organization"},"potentialAction":[{"@type":"SearchAction","target":{"@type":"EntryPoint","urlTemplate":"https:\/\/centrourbano.com\/revista\/?s={search_term_string}"},"query-input":{"@type":"PropertyValueSpecification","valueRequired":true,"valueName":"search_term_string"}}],"inLanguage":"es"},{"@type":"Organization","@id":"https:\/\/centrourbano.com\/revista\/#organization","name":"Centro Urbano","url":"https:\/\/centrourbano.com\/revista\/","logo":{"@type":"ImageObject","inLanguage":"es","@id":"https:\/\/centrourbano.com\/revista\/#\/schema\/logo\/image\/","url":"https:\/\/centrourbano.com\/revista\/wp-content\/uploads\/web_CU_logo-1.png","contentUrl":"https:\/\/centrourbano.com\/revista\/wp-content\/uploads\/web_CU_logo-1.png","width":350,"height":91,"caption":"Centro Urbano"},"image":{"@id":"https:\/\/centrourbano.com\/revista\/#\/schema\/logo\/image\/"},"sameAs":["https:\/\/www.facebook.com\/portalcentrourbano","https:\/\/x.com\/CentroUrbano","https:\/\/www.instagram.com\/centro_urbano\/","https:\/\/www.linkedin.com\/company\/centro-urbano\/","http:\/\/www.youtube.com\/user\/portalcentrourbano"]},{"@type":"Person","@id":"https:\/\/centrourbano.com\/revista\/#\/schema\/person\/b50192a3cd0e680841b45dc537f53970","name":"Diego Rodr\u00edguez","image":{"@type":"ImageObject","inLanguage":"es","@id":"https:\/\/secure.gravatar.com\/avatar\/d217565525df2df5d4e7265d47758506f41845ed9529510921a7625d8365789d?s=96&d=mm&r=g","url":"https:\/\/secure.gravatar.com\/avatar\/d217565525df2df5d4e7265d47758506f41845ed9529510921a7625d8365789d?s=96&d=mm&r=g","contentUrl":"https:\/\/secure.gravatar.com\/avatar\/d217565525df2df5d4e7265d47758506f41845ed9529510921a7625d8365789d?s=96&d=mm&r=g","caption":"Diego Rodr\u00edguez"},"description":"Egresado de la Facultad de Estudios Superiores Acatl\u00e1n de la carrera en Comunicaci\u00f3n, con especialidad en medios escritos. Reportero del desaparecido peri\u00f3dico Nuestro M\u00e9xico, en donde cubri\u00f3 las fuentes delegacionales y Asamblea Legislativa. Tambi\u00e9n trabaj\u00f3 en la Coordinaci\u00f3n de Comunicaci\u00f3n Social en la delegaci\u00f3n \u00c1lvaro Obreg\u00f3n. Le gusta leer novelas y cuentos.","url":"https:\/\/centrourbano.com\/revista\/author\/diegorodriguez\/"}]}},"_links":{"self":[{"href":"https:\/\/centrourbano.com\/revista\/wp-json\/wp\/v2\/posts\/29102","targetHints":{"allow":["GET"]}}],"collection":[{"href":"https:\/\/centrourbano.com\/revista\/wp-json\/wp\/v2\/posts"}],"about":[{"href":"https:\/\/centrourbano.com\/revista\/wp-json\/wp\/v2\/types\/post"}],"author":[{"embeddable":true,"href":"https:\/\/centrourbano.com\/revista\/wp-json\/wp\/v2\/users\/37"}],"replies":[{"embeddable":true,"href":"https:\/\/centrourbano.com\/revista\/wp-json\/wp\/v2\/comments?post=29102"}],"version-history":[{"count":0,"href":"https:\/\/centrourbano.com\/revista\/wp-json\/wp\/v2\/posts\/29102\/revisions"}],"wp:featuredmedia":[{"embeddable":true,"href":"https:\/\/centrourbano.com\/revista\/wp-json\/wp\/v2\/media\/29103"}],"wp:attachment":[{"href":"https:\/\/centrourbano.com\/revista\/wp-json\/wp\/v2\/media?parent=29102"}],"wp:term":[{"taxonomy":"category","embeddable":true,"href":"https:\/\/centrourbano.com\/revista\/wp-json\/wp\/v2\/categories?post=29102"},{"taxonomy":"post_tag","embeddable":true,"href":"https:\/\/centrourbano.com\/revista\/wp-json\/wp\/v2\/tags?post=29102"}],"curies":[{"name":"wp","href":"https:\/\/api.w.org\/{rel}","templated":true}]}}