{"id":28949,"date":"2016-01-20T14:47:50","date_gmt":"2016-01-20T20:47:50","guid":{"rendered":"http:\/\/centrourbano.com\/?p=28949"},"modified":"2016-01-20T14:51:18","modified_gmt":"2016-01-20T20:51:18","slug":"se-encarece-vivienda-por-el-dolar-en-tabasco","status":"publish","type":"post","link":"https:\/\/centrourbano.com\/revista\/vivienda\/se-encarece-vivienda-por-el-dolar-en-tabasco\/","title":{"rendered":"Se encarece vivienda por el d\u00f3lar en Tabasco"},"content":{"rendered":"<p>La <a class=\"expresscurate_contentTags\" href=\"http:\/\/centrourbano.com\/tag\/vivienda\/\">#vivienda<\/a> residencial incrementar\u00e1 en un 10%, mientras la econ\u00f3mica e inter\u00e9s medio en 5%<\/p>\n<p>\nTras el aumento del  d\u00f3lar ante el peso se han generado efectos en el sector <a class=\"expresscurate_contentTags\" href=\"http:\/\/centrourbano.com\/tag\/inmobiliario-2\/\">#inmobiliario<\/a> en Tabasco, al incrementar el precio de la vivienda tipo residencial en un 10% y un 5% la vivienda econ\u00f3mica y media durante el primer semestre de <a class=\"expresscurate_contentTags\" href=\"http:\/\/centrourbano.com\/tag\/2016\/\">#2016<\/a>.<\/p>\n<p>\nC\u00e9sar Narv\u00e1ez Bautista, presidente de la C\u00e1mara Nacional de la Industria de Desarrollo y Promoci\u00f3n de la Vivienda (<a class=\"expresscurate_contentTags\" href=\"http:\/\/centrourbano.com\/tag\/canadevi\/\">#Canadevi<\/a>) en la entidad, explic\u00f3 que  el alza del d\u00f3lar impacta en el incremento en el precio de materiales de la industria de la <a class=\"expresscurate_contentTags\" href=\"http:\/\/centrourbano.com\/tag\/construccion-2\/\">#construcci\u00f3n<\/a>; el cemento, el acero y decorativos, lo que ha obligado a las <a class=\"expresscurate_contentTags\" href=\"http:\/\/centrourbano.com\/tag\/vivienderas\/\">#vivienderas<\/a> a ajustar a la alza hasta un 10 por ciento los precios.<\/p>\n<p>\nEl incremento al salario m\u00ednimo influir\u00e1 en el encarecimiento de la vivienda econ\u00f3mica, esto para que los vendedores puedan compensar el aumento de los gastos y no resientan las p\u00e9rdidas.<\/p>\n<p>\nEl titular de la Canadevi, se\u00f1al\u00f3 que para el segundo semestre las casas en Tabasco valdr\u00e1n 16,000 pesos m\u00e1s del costo que tienen actualmente, es decir una vivienda econ\u00f3mica de 338,000 pesos costar\u00e1 354,000 pesos.<\/p>\n<p>\nEn este sentido, M\u00f3nica \u00c1lvarez, presidente de la Asociaci\u00f3n Mexicana de Profesionales Inmobiliarios (AMPI) en el estado, destac\u00f3 que el aumento solo puede ser del 10% como m\u00e1ximo, de lo contrario bajar\u00eda la demanda y por ende la venta. Agreg\u00f3 que se descart\u00f3 un incremento en las rentas al no existir condiciones econ\u00f3micas para ello <\/p>\n","protected":false},"excerpt":{"rendered":"<p>La #vivienda residencial incrementar\u00e1 en un 10%, mientras la econ\u00f3mica e inter\u00e9s medio en 5% Tras el aumento del d\u00f3lar ante el peso se han generado efectos en el sector #inmobiliario en Tabasco, al incrementar el precio de la vivienda tipo residencial en un 10% y un 5% la vivienda econ\u00f3mica y media durante el [&hellip;]<\/p>\n","protected":false},"author":1,"featured_media":28951,"comment_status":"open","ping_status":"closed","sticky":false,"template":"","format":"standard","meta":{"om_disable_all_campaigns":false,"inline_featured_image":false,"_monsterinsights_skip_tracking":false,"_monsterinsights_sitenote_active":false,"_monsterinsights_sitenote_note":"","_monsterinsights_sitenote_category":0,"footnotes":""},"categories":[12],"tags":[1467,99,22,4165,21,7506,5737,4474],"class_list":["post-28949","post","type-post","status-publish","format-standard","has-post-thumbnail","hentry","category-vivienda","tag-1467","tag-canadevi","tag-construccion-2","tag-dolar","tag-inmobiliario-2","tag-tipo-de-cambio","tag-vivienda","tag-vivienderas"],"yoast_head":"<!-- This site is optimized with the Yoast SEO plugin v27.4 - https:\/\/yoast.com\/product\/yoast-seo-wordpress\/ -->\n<title>Se encarece vivienda por el d\u00f3lar en Tabasco -<\/title>\n<meta name=\"description\" content=\"La #vivienda residencial incrementar\u00e1 en un 10%, mientras la econ\u00f3mica e inter\u00e9s medio en 5% Tras el aumento del d\u00f3lar ante el peso se han generado\" \/>\n<meta name=\"robots\" content=\"index, follow, max-snippet:-1, max-image-preview:large, max-video-preview:-1\" \/>\n<link rel=\"canonical\" href=\"https:\/\/centrourbano.com\/revista\/vivienda\/se-encarece-vivienda-por-el-dolar-en-tabasco\/\" \/>\n<meta property=\"og:locale\" content=\"es_ES\" \/>\n<meta property=\"og:type\" content=\"article\" \/>\n<meta property=\"og:title\" content=\"Se encarece vivienda por el d\u00f3lar en Tabasco -\" \/>\n<meta property=\"og:description\" content=\"La #vivienda residencial incrementar\u00e1 en un 10%, mientras la econ\u00f3mica e inter\u00e9s medio en 5% Tras el aumento del d\u00f3lar ante el peso se han generado\" \/>\n<meta property=\"og:url\" content=\"https:\/\/centrourbano.com\/revista\/vivienda\/se-encarece-vivienda-por-el-dolar-en-tabasco\/\" \/>\n<meta property=\"og:site_name\" content=\"Centro Urbano\" \/>\n<meta property=\"article:publisher\" content=\"https:\/\/www.facebook.com\/portalcentrourbano\" \/>\n<meta property=\"article:published_time\" content=\"2016-01-20T20:47:50+00:00\" \/>\n<meta property=\"article:modified_time\" content=\"2016-01-20T20:51:18+00:00\" \/>\n<meta property=\"og:image\" content=\"https:\/\/centrourbano.com\/revista\/wp-content\/uploads\/vivienda-quintana.jpg\" \/>\n\t<meta property=\"og:image:width\" content=\"660\" \/>\n\t<meta property=\"og:image:height\" content=\"390\" \/>\n\t<meta property=\"og:image:type\" content=\"image\/jpeg\" \/>\n<meta name=\"author\" content=\"BlogCU 2022\" \/>\n<meta name=\"twitter:card\" content=\"summary_large_image\" \/>\n<meta name=\"twitter:creator\" content=\"@CentroUrbano\" \/>\n<meta name=\"twitter:site\" content=\"@CentroUrbano\" \/>\n<meta name=\"twitter:label1\" content=\"Escrito por\" \/>\n\t<meta name=\"twitter:data1\" content=\"BlogCU 2022\" \/>\n\t<meta name=\"twitter:label2\" content=\"Tiempo de lectura\" \/>\n\t<meta name=\"twitter:data2\" content=\"1 minuto\" \/>\n<script type=\"application\/ld+json\" class=\"yoast-schema-graph\">{\"@context\":\"https:\\\/\\\/schema.org\",\"@graph\":[{\"@type\":\"Article\",\"@id\":\"https:\\\/\\\/centrourbano.com\\\/revista\\\/vivienda\\\/se-encarece-vivienda-por-el-dolar-en-tabasco\\\/#article\",\"isPartOf\":{\"@id\":\"https:\\\/\\\/centrourbano.com\\\/revista\\\/vivienda\\\/se-encarece-vivienda-por-el-dolar-en-tabasco\\\/\"},\"author\":{\"name\":\"BlogCU 2022\",\"@id\":\"https:\\\/\\\/centrourbano.com\\\/revista\\\/#\\\/schema\\\/person\\\/26c0ab2d8952e32eb17ccf62f8e88ce6\"},\"headline\":\"Se encarece vivienda por el d\u00f3lar en Tabasco\",\"datePublished\":\"2016-01-20T20:47:50+00:00\",\"dateModified\":\"2016-01-20T20:51:18+00:00\",\"mainEntityOfPage\":{\"@id\":\"https:\\\/\\\/centrourbano.com\\\/revista\\\/vivienda\\\/se-encarece-vivienda-por-el-dolar-en-tabasco\\\/\"},\"wordCount\":268,\"commentCount\":0,\"publisher\":{\"@id\":\"https:\\\/\\\/centrourbano.com\\\/revista\\\/#organization\"},\"image\":{\"@id\":\"https:\\\/\\\/centrourbano.com\\\/revista\\\/vivienda\\\/se-encarece-vivienda-por-el-dolar-en-tabasco\\\/#primaryimage\"},\"thumbnailUrl\":\"https:\\\/\\\/centrourbano.com\\\/revista\\\/wp-content\\\/uploads\\\/vivienda-quintana.jpg\",\"keywords\":[\"2016\",\"Canadevi\",\"construcci\u00f3n\",\"dolar\",\"inmobiliario\",\"tipo de cambio\",\"vivienda+\",\"vivienderas\"],\"articleSection\":[\"Vivienda\"],\"inLanguage\":\"es\",\"potentialAction\":[{\"@type\":\"CommentAction\",\"name\":\"Comment\",\"target\":[\"https:\\\/\\\/centrourbano.com\\\/revista\\\/vivienda\\\/se-encarece-vivienda-por-el-dolar-en-tabasco\\\/#respond\"]}]},{\"@type\":\"WebPage\",\"@id\":\"https:\\\/\\\/centrourbano.com\\\/revista\\\/vivienda\\\/se-encarece-vivienda-por-el-dolar-en-tabasco\\\/\",\"url\":\"https:\\\/\\\/centrourbano.com\\\/revista\\\/vivienda\\\/se-encarece-vivienda-por-el-dolar-en-tabasco\\\/\",\"name\":\"Se encarece vivienda por el d\u00f3lar en Tabasco -\",\"isPartOf\":{\"@id\":\"https:\\\/\\\/centrourbano.com\\\/revista\\\/#website\"},\"primaryImageOfPage\":{\"@id\":\"https:\\\/\\\/centrourbano.com\\\/revista\\\/vivienda\\\/se-encarece-vivienda-por-el-dolar-en-tabasco\\\/#primaryimage\"},\"image\":{\"@id\":\"https:\\\/\\\/centrourbano.com\\\/revista\\\/vivienda\\\/se-encarece-vivienda-por-el-dolar-en-tabasco\\\/#primaryimage\"},\"thumbnailUrl\":\"https:\\\/\\\/centrourbano.com\\\/revista\\\/wp-content\\\/uploads\\\/vivienda-quintana.jpg\",\"datePublished\":\"2016-01-20T20:47:50+00:00\",\"dateModified\":\"2016-01-20T20:51:18+00:00\",\"description\":\"La #vivienda residencial incrementar\u00e1 en un 10%, mientras la econ\u00f3mica e inter\u00e9s medio en 5% Tras el aumento del d\u00f3lar ante el peso se han generado\",\"breadcrumb\":{\"@id\":\"https:\\\/\\\/centrourbano.com\\\/revista\\\/vivienda\\\/se-encarece-vivienda-por-el-dolar-en-tabasco\\\/#breadcrumb\"},\"inLanguage\":\"es\",\"potentialAction\":[{\"@type\":\"ReadAction\",\"target\":[\"https:\\\/\\\/centrourbano.com\\\/revista\\\/vivienda\\\/se-encarece-vivienda-por-el-dolar-en-tabasco\\\/\"]}]},{\"@type\":\"ImageObject\",\"inLanguage\":\"es\",\"@id\":\"https:\\\/\\\/centrourbano.com\\\/revista\\\/vivienda\\\/se-encarece-vivienda-por-el-dolar-en-tabasco\\\/#primaryimage\",\"url\":\"https:\\\/\\\/centrourbano.com\\\/revista\\\/wp-content\\\/uploads\\\/vivienda-quintana.jpg\",\"contentUrl\":\"https:\\\/\\\/centrourbano.com\\\/revista\\\/wp-content\\\/uploads\\\/vivienda-quintana.jpg\",\"width\":660,\"height\":390,\"caption\":\"La Conavi ha dado 276,000 subsidios del Programa de Acceso al Financiamiento para Soluciones Habitacionales\"},{\"@type\":\"BreadcrumbList\",\"@id\":\"https:\\\/\\\/centrourbano.com\\\/revista\\\/vivienda\\\/se-encarece-vivienda-por-el-dolar-en-tabasco\\\/#breadcrumb\",\"itemListElement\":[{\"@type\":\"ListItem\",\"position\":1,\"name\":\"Portada\",\"item\":\"https:\\\/\\\/centrourbano.com\\\/revista\\\/\"},{\"@type\":\"ListItem\",\"position\":2,\"name\":\"Se encarece vivienda por el d\u00f3lar en Tabasco\"}]},{\"@type\":\"WebSite\",\"@id\":\"https:\\\/\\\/centrourbano.com\\\/revista\\\/#website\",\"url\":\"https:\\\/\\\/centrourbano.com\\\/revista\\\/\",\"name\":\"Centro Urbano\",\"description\":\"Medio especializado en los sectores vivienda, inmobiliario, construcci\u00f3n, arquitectura y urbanismo.\",\"publisher\":{\"@id\":\"https:\\\/\\\/centrourbano.com\\\/revista\\\/#organization\"},\"potentialAction\":[{\"@type\":\"SearchAction\",\"target\":{\"@type\":\"EntryPoint\",\"urlTemplate\":\"https:\\\/\\\/centrourbano.com\\\/revista\\\/?s={search_term_string}\"},\"query-input\":{\"@type\":\"PropertyValueSpecification\",\"valueRequired\":true,\"valueName\":\"search_term_string\"}}],\"inLanguage\":\"es\"},{\"@type\":\"Organization\",\"@id\":\"https:\\\/\\\/centrourbano.com\\\/revista\\\/#organization\",\"name\":\"Centro Urbano\",\"url\":\"https:\\\/\\\/centrourbano.com\\\/revista\\\/\",\"logo\":{\"@type\":\"ImageObject\",\"inLanguage\":\"es\",\"@id\":\"https:\\\/\\\/centrourbano.com\\\/revista\\\/#\\\/schema\\\/logo\\\/image\\\/\",\"url\":\"https:\\\/\\\/centrourbano.com\\\/revista\\\/wp-content\\\/uploads\\\/web_CU_logo-1.png\",\"contentUrl\":\"https:\\\/\\\/centrourbano.com\\\/revista\\\/wp-content\\\/uploads\\\/web_CU_logo-1.png\",\"width\":350,\"height\":91,\"caption\":\"Centro Urbano\"},\"image\":{\"@id\":\"https:\\\/\\\/centrourbano.com\\\/revista\\\/#\\\/schema\\\/logo\\\/image\\\/\"},\"sameAs\":[\"https:\\\/\\\/www.facebook.com\\\/portalcentrourbano\",\"https:\\\/\\\/x.com\\\/CentroUrbano\",\"https:\\\/\\\/www.instagram.com\\\/centro_urbano\\\/\",\"https:\\\/\\\/www.linkedin.com\\\/company\\\/centro-urbano\\\/\",\"http:\\\/\\\/www.youtube.com\\\/user\\\/portalcentrourbano\"]},{\"@type\":\"Person\",\"@id\":\"https:\\\/\\\/centrourbano.com\\\/revista\\\/#\\\/schema\\\/person\\\/26c0ab2d8952e32eb17ccf62f8e88ce6\",\"name\":\"BlogCU 2022\",\"image\":{\"@type\":\"ImageObject\",\"inLanguage\":\"es\",\"@id\":\"https:\\\/\\\/secure.gravatar.com\\\/avatar\\\/5ec2975f6d4b1643c723f08ef135c488131c64cba4524740d438f2e04dbeacdc?s=96&d=mm&r=g\",\"url\":\"https:\\\/\\\/secure.gravatar.com\\\/avatar\\\/5ec2975f6d4b1643c723f08ef135c488131c64cba4524740d438f2e04dbeacdc?s=96&d=mm&r=g\",\"contentUrl\":\"https:\\\/\\\/secure.gravatar.com\\\/avatar\\\/5ec2975f6d4b1643c723f08ef135c488131c64cba4524740d438f2e04dbeacdc?s=96&d=mm&r=g\",\"caption\":\"BlogCU 2022\"},\"url\":\"https:\\\/\\\/centrourbano.com\\\/revista\\\/author\\\/BlogCU 2022\\\/\"}]}<\/script>\n<!-- \/ Yoast SEO plugin. -->","yoast_head_json":{"title":"Se encarece vivienda por el d\u00f3lar en Tabasco -","description":"La #vivienda residencial incrementar\u00e1 en un 10%, mientras la econ\u00f3mica e inter\u00e9s medio en 5% Tras el aumento del d\u00f3lar ante el peso se han generado","robots":{"index":"index","follow":"follow","max-snippet":"max-snippet:-1","max-image-preview":"max-image-preview:large","max-video-preview":"max-video-preview:-1"},"canonical":"https:\/\/centrourbano.com\/revista\/vivienda\/se-encarece-vivienda-por-el-dolar-en-tabasco\/","og_locale":"es_ES","og_type":"article","og_title":"Se encarece vivienda por el d\u00f3lar en Tabasco -","og_description":"La #vivienda residencial incrementar\u00e1 en un 10%, mientras la econ\u00f3mica e inter\u00e9s medio en 5% Tras el aumento del d\u00f3lar ante el peso se han generado","og_url":"https:\/\/centrourbano.com\/revista\/vivienda\/se-encarece-vivienda-por-el-dolar-en-tabasco\/","og_site_name":"Centro Urbano","article_publisher":"https:\/\/www.facebook.com\/portalcentrourbano","article_published_time":"2016-01-20T20:47:50+00:00","article_modified_time":"2016-01-20T20:51:18+00:00","og_image":[{"width":660,"height":390,"url":"https:\/\/centrourbano.com\/revista\/wp-content\/uploads\/vivienda-quintana.jpg","type":"image\/jpeg"}],"author":"BlogCU 2022","twitter_card":"summary_large_image","twitter_creator":"@CentroUrbano","twitter_site":"@CentroUrbano","twitter_misc":{"Escrito por":"BlogCU 2022","Tiempo de lectura":"1 minuto"},"schema":{"@context":"https:\/\/schema.org","@graph":[{"@type":"Article","@id":"https:\/\/centrourbano.com\/revista\/vivienda\/se-encarece-vivienda-por-el-dolar-en-tabasco\/#article","isPartOf":{"@id":"https:\/\/centrourbano.com\/revista\/vivienda\/se-encarece-vivienda-por-el-dolar-en-tabasco\/"},"author":{"name":"BlogCU 2022","@id":"https:\/\/centrourbano.com\/revista\/#\/schema\/person\/26c0ab2d8952e32eb17ccf62f8e88ce6"},"headline":"Se encarece vivienda por el d\u00f3lar en Tabasco","datePublished":"2016-01-20T20:47:50+00:00","dateModified":"2016-01-20T20:51:18+00:00","mainEntityOfPage":{"@id":"https:\/\/centrourbano.com\/revista\/vivienda\/se-encarece-vivienda-por-el-dolar-en-tabasco\/"},"wordCount":268,"commentCount":0,"publisher":{"@id":"https:\/\/centrourbano.com\/revista\/#organization"},"image":{"@id":"https:\/\/centrourbano.com\/revista\/vivienda\/se-encarece-vivienda-por-el-dolar-en-tabasco\/#primaryimage"},"thumbnailUrl":"https:\/\/centrourbano.com\/revista\/wp-content\/uploads\/vivienda-quintana.jpg","keywords":["2016","Canadevi","construcci\u00f3n","dolar","inmobiliario","tipo de cambio","vivienda+","vivienderas"],"articleSection":["Vivienda"],"inLanguage":"es","potentialAction":[{"@type":"CommentAction","name":"Comment","target":["https:\/\/centrourbano.com\/revista\/vivienda\/se-encarece-vivienda-por-el-dolar-en-tabasco\/#respond"]}]},{"@type":"WebPage","@id":"https:\/\/centrourbano.com\/revista\/vivienda\/se-encarece-vivienda-por-el-dolar-en-tabasco\/","url":"https:\/\/centrourbano.com\/revista\/vivienda\/se-encarece-vivienda-por-el-dolar-en-tabasco\/","name":"Se encarece vivienda por el d\u00f3lar en Tabasco -","isPartOf":{"@id":"https:\/\/centrourbano.com\/revista\/#website"},"primaryImageOfPage":{"@id":"https:\/\/centrourbano.com\/revista\/vivienda\/se-encarece-vivienda-por-el-dolar-en-tabasco\/#primaryimage"},"image":{"@id":"https:\/\/centrourbano.com\/revista\/vivienda\/se-encarece-vivienda-por-el-dolar-en-tabasco\/#primaryimage"},"thumbnailUrl":"https:\/\/centrourbano.com\/revista\/wp-content\/uploads\/vivienda-quintana.jpg","datePublished":"2016-01-20T20:47:50+00:00","dateModified":"2016-01-20T20:51:18+00:00","description":"La #vivienda residencial incrementar\u00e1 en un 10%, mientras la econ\u00f3mica e inter\u00e9s medio en 5% Tras el aumento del d\u00f3lar ante el peso se han generado","breadcrumb":{"@id":"https:\/\/centrourbano.com\/revista\/vivienda\/se-encarece-vivienda-por-el-dolar-en-tabasco\/#breadcrumb"},"inLanguage":"es","potentialAction":[{"@type":"ReadAction","target":["https:\/\/centrourbano.com\/revista\/vivienda\/se-encarece-vivienda-por-el-dolar-en-tabasco\/"]}]},{"@type":"ImageObject","inLanguage":"es","@id":"https:\/\/centrourbano.com\/revista\/vivienda\/se-encarece-vivienda-por-el-dolar-en-tabasco\/#primaryimage","url":"https:\/\/centrourbano.com\/revista\/wp-content\/uploads\/vivienda-quintana.jpg","contentUrl":"https:\/\/centrourbano.com\/revista\/wp-content\/uploads\/vivienda-quintana.jpg","width":660,"height":390,"caption":"La Conavi ha dado 276,000 subsidios del Programa de Acceso al Financiamiento para Soluciones Habitacionales"},{"@type":"BreadcrumbList","@id":"https:\/\/centrourbano.com\/revista\/vivienda\/se-encarece-vivienda-por-el-dolar-en-tabasco\/#breadcrumb","itemListElement":[{"@type":"ListItem","position":1,"name":"Portada","item":"https:\/\/centrourbano.com\/revista\/"},{"@type":"ListItem","position":2,"name":"Se encarece vivienda por el d\u00f3lar en Tabasco"}]},{"@type":"WebSite","@id":"https:\/\/centrourbano.com\/revista\/#website","url":"https:\/\/centrourbano.com\/revista\/","name":"Centro Urbano","description":"Medio especializado en los sectores vivienda, inmobiliario, construcci\u00f3n, arquitectura y urbanismo.","publisher":{"@id":"https:\/\/centrourbano.com\/revista\/#organization"},"potentialAction":[{"@type":"SearchAction","target":{"@type":"EntryPoint","urlTemplate":"https:\/\/centrourbano.com\/revista\/?s={search_term_string}"},"query-input":{"@type":"PropertyValueSpecification","valueRequired":true,"valueName":"search_term_string"}}],"inLanguage":"es"},{"@type":"Organization","@id":"https:\/\/centrourbano.com\/revista\/#organization","name":"Centro Urbano","url":"https:\/\/centrourbano.com\/revista\/","logo":{"@type":"ImageObject","inLanguage":"es","@id":"https:\/\/centrourbano.com\/revista\/#\/schema\/logo\/image\/","url":"https:\/\/centrourbano.com\/revista\/wp-content\/uploads\/web_CU_logo-1.png","contentUrl":"https:\/\/centrourbano.com\/revista\/wp-content\/uploads\/web_CU_logo-1.png","width":350,"height":91,"caption":"Centro Urbano"},"image":{"@id":"https:\/\/centrourbano.com\/revista\/#\/schema\/logo\/image\/"},"sameAs":["https:\/\/www.facebook.com\/portalcentrourbano","https:\/\/x.com\/CentroUrbano","https:\/\/www.instagram.com\/centro_urbano\/","https:\/\/www.linkedin.com\/company\/centro-urbano\/","http:\/\/www.youtube.com\/user\/portalcentrourbano"]},{"@type":"Person","@id":"https:\/\/centrourbano.com\/revista\/#\/schema\/person\/26c0ab2d8952e32eb17ccf62f8e88ce6","name":"BlogCU 2022","image":{"@type":"ImageObject","inLanguage":"es","@id":"https:\/\/secure.gravatar.com\/avatar\/5ec2975f6d4b1643c723f08ef135c488131c64cba4524740d438f2e04dbeacdc?s=96&d=mm&r=g","url":"https:\/\/secure.gravatar.com\/avatar\/5ec2975f6d4b1643c723f08ef135c488131c64cba4524740d438f2e04dbeacdc?s=96&d=mm&r=g","contentUrl":"https:\/\/secure.gravatar.com\/avatar\/5ec2975f6d4b1643c723f08ef135c488131c64cba4524740d438f2e04dbeacdc?s=96&d=mm&r=g","caption":"BlogCU 2022"},"url":"https:\/\/centrourbano.com\/revista\/author\/BlogCU 2022\/"}]}},"_links":{"self":[{"href":"https:\/\/centrourbano.com\/revista\/wp-json\/wp\/v2\/posts\/28949","targetHints":{"allow":["GET"]}}],"collection":[{"href":"https:\/\/centrourbano.com\/revista\/wp-json\/wp\/v2\/posts"}],"about":[{"href":"https:\/\/centrourbano.com\/revista\/wp-json\/wp\/v2\/types\/post"}],"author":[{"embeddable":true,"href":"https:\/\/centrourbano.com\/revista\/wp-json\/wp\/v2\/users\/1"}],"replies":[{"embeddable":true,"href":"https:\/\/centrourbano.com\/revista\/wp-json\/wp\/v2\/comments?post=28949"}],"version-history":[{"count":0,"href":"https:\/\/centrourbano.com\/revista\/wp-json\/wp\/v2\/posts\/28949\/revisions"}],"wp:featuredmedia":[{"embeddable":true,"href":"https:\/\/centrourbano.com\/revista\/wp-json\/wp\/v2\/media\/28951"}],"wp:attachment":[{"href":"https:\/\/centrourbano.com\/revista\/wp-json\/wp\/v2\/media?parent=28949"}],"wp:term":[{"taxonomy":"category","embeddable":true,"href":"https:\/\/centrourbano.com\/revista\/wp-json\/wp\/v2\/categories?post=28949"},{"taxonomy":"post_tag","embeddable":true,"href":"https:\/\/centrourbano.com\/revista\/wp-json\/wp\/v2\/tags?post=28949"}],"curies":[{"name":"wp","href":"https:\/\/api.w.org\/{rel}","templated":true}]}}