{"id":28652,"date":"2016-01-14T13:30:00","date_gmt":"2016-01-14T19:30:00","guid":{"rendered":"http:\/\/centrourbano.com\/?p=28652"},"modified":"2016-01-14T13:31:06","modified_gmt":"2016-01-14T19:31:06","slug":"alistan-bienal-iberoamericana-de-arquitectura-y-urbanismo","status":"publish","type":"post","link":"https:\/\/centrourbano.com\/revista\/arquitectura-2\/alistan-bienal-iberoamericana-de-arquitectura-y-urbanismo\/","title":{"rendered":"Alistan Bienal Iberoamericana de Arquitectura y Urbanismo"},"content":{"rendered":"<p><em><em>El evento, que se llevar\u00e1 a cabo en julio de este a\u00f1o, en la ciudad de Sao Paul, busca conocer la situaci\u00f3n actual y prospectiva de la <a class=\"expresscurate_contentTags\" href=\"http:\/\/centrourbano.com\/tag\/arquitectura\/\">#arquitectura<\/a> y del <a class=\"expresscurate_contentTags\" href=\"http:\/\/centrourbano.com\/tag\/urbanismo\/\">#urbanismo<\/a> en la comunidad iberoamericana<\/em><\/em><!--more--><\/p>\n<p>Bajo el lema \u201cDesplazamientos\u201d, en julio de este a\u00f1o se llevar\u00e1 a cabo la X <a class=\"expresscurate_contentTags\" href=\"http:\/\/centrourbano.com\/tag\/bienal-iberoamericana-de-arquitectura-y-urbanismo\/\">#Bienal Iberoamericana de Arquitectura y Urbanismo<\/a> (BIAU) en la ciudad de <a class=\"expresscurate_contentTags\" href=\"http:\/\/centrourbano.com\/tag\/sao-paulo\/\">#Sao Paulo<\/a>, en <a class=\"expresscurate_contentTags\" href=\"http:\/\/centrourbano.com\/tag\/brasil\/\">#Brasil<\/a>, evento que busca conocer la situaci\u00f3n actual y prospectiva de la arquitectura y del urbanismo en la comunidad iberoamericana.<\/p>\n<p>La BIAU es una iniciativa del Gobierno de <a class=\"expresscurate_contentTags\" href=\"http:\/\/centrourbano.com\/tag\/espana\/\">#Espa\u00f1a<\/a>, consolidada tras la realizaci\u00f3n de\u00a0nueve ediciones anteriores, que pretende dar raz\u00f3n de cu\u00e1ntos logros han llevado a cabo, en este sentido, <a class=\"expresscurate_contentTags\" href=\"http:\/\/centrourbano.com\/tag\/arquitectos\/\">#arquitectos<\/a> e instituciones en el amplio y heterog\u00e9neo espacio de los lugares y sociedades que abarca.<\/p>\n<p>Las actividades b\u00e1sicas que se llevan a cabo en este evento, giran en torno al reconocimiento de trayectorias profesionales y de obras significativas de arquitectura; a resaltar las mejores publicaciones del sector; a premiar los trabajos de investigaci\u00f3n m\u00e1s sobresalientes o las mejores ideas de arquitectos y estudiantes de arquitectura a trav\u00e9s de concursos en la red.<\/p>\n<p>En el X <a class=\"expresscurate_contentTags\" href=\"http:\/\/centrourbano.com\/tag\/bienal\/\">#Bienal<\/a> Iberoamericana podr\u00e1n presentarse las obras de arquitectura y urbanismo construidas en Iberoam\u00e9rica que hayan sido proyectadas por arquitectos, individualmente o en equipo, cuya fecha de finalizaci\u00f3n est\u00e9 comprendida entre el 1 de enero de 2014 y el 31 de diciembre de 2015 y que no hayan sido presentadas en anteriores ediciones de la BIAU.<\/p>\n<p>Asimismo, podr\u00e1n presentarse planes urbanos y proyectos de urbanismo o territoriales que al menos hayan sido objeto de una aprobaci\u00f3n inicial de acuerdo con la legislaci\u00f3n urban\u00edstica de cada pa\u00eds dentro del periodo anteriormente definido.<\/p>\n<p>El premio otorgado a los autores de las obras elegidas por el Jurado consiste en un diploma acreditativo y en formar parte de la selecci\u00f3n de obras que constituye el Panorama Iberoamericano de Arquitectura y Urbanismo de la X Bienal.<\/p>\n<p>La documentaci\u00f3n de cada obra se presentar\u00e1 de forma digital en la Secretaria Permanente de la BIAU antes de las 24:00 horas (hora local del lugar de env\u00edo)\u00a029 de Enero de 2016\u00a0\u00a0a trav\u00e9s de un formulario electr\u00f3nico que est\u00e1 disponible en <a href=\"http:\/\/www.bienaliberoamericana.org\/\">www.bienaliberoamericana.org<\/a>.<\/p>\n<p>Entre las propuestas presentadas en cada pa\u00eds o \u00e1mbito territorial, el Comit\u00e9 de Selecci\u00f3n, integrado por el Curador en cada pa\u00eds, seleccionar\u00e1 un m\u00e1ximo de 15 obras para que se valoren en la fase internacional.<\/p>\n<p>Las selecciones realizadas por los jurados de cada uno de los temas se incluir\u00e1n en el cat\u00e1logo y en las exposiciones correspondientes, basado en un Programa Acad\u00e9mico de actividades, que incluir\u00e1 la presentaci\u00f3n de los trabajos seleccionados en los distintos apartados de la convocatoria, una serie de conferencias magistrales, ponencias especializadas y mesas de debate articuladas alrededor del tema de la X BIAU.<\/p>\n<p>La convocatoria de la X BIAU es abierta y p\u00fablica, y se anuncia a trav\u00e9s de la p\u00e1gina <a href=\"http:\/\/www.bienaliberoamericana.es\/\">www.bienaliberoamericana.es<\/a>, adem\u00e1s de en otros medios de comunicaci\u00f3n, administraciones p\u00fablicas, colegios de arquitectos y asociaciones profesionales, escuelas y facultades de arquitectura.<\/p>\n<p>Principales fechas:<\/p>\n<p>Noviembre de 2015:\u00a0Lanzamiento de la convocatoria.<\/p>\n<p>29 de Enero de 2016:\u00a0Fecha l\u00edmite para enviar las propuestas de obras y candidatos al Premio Iberoamericano de Arquitectura y Urbanismo<\/p>\n<p>05 de Febrero de\u00a0 2016:\u00a0Fecha l\u00edmite para enviar las tesis doctorales y la documentaci\u00f3n digital de las publicaciones.<\/p>\n<p>15 de Marzo de 2016:\u00a0\u00a0Fecha l\u00edmite para que los Curadores remitan la selecci\u00f3n de obras a la Secretar\u00eda de la BIAU y para la recepci\u00f3n de las publicaciones en la secretar\u00eda de la BIAU<\/p>\n<p>Abril de 2016: Reuniones de los Jurados de obras, de publicaciones, de tesis doctorales y del Premio Iberoamericano de Arquitectura y Urbanismo.<\/p>\n<p>Abril de 2016:\u00a0Publicaci\u00f3n del fallo de los distintos Jurados.<\/p>\n<p>Julio de 2016: Celebraci\u00f3n de la X BIAU en Sao Paulo, Brasil<\/p>\n","protected":false},"excerpt":{"rendered":"<p>El evento, que se llevar\u00e1 a cabo en julio de este a\u00f1o, en la ciudad de Sao Paul, busca conocer la situaci\u00f3n actual y prospectiva de la #arquitectura y del #urbanismo en la comunidad iberoamericana<\/p>\n","protected":false},"author":9,"featured_media":28653,"comment_status":"open","ping_status":"closed","sticky":false,"template":"","format":"standard","meta":{"om_disable_all_campaigns":false,"inline_featured_image":false,"_monsterinsights_skip_tracking":false,"_monsterinsights_sitenote_active":false,"_monsterinsights_sitenote_note":"","_monsterinsights_sitenote_category":0,"footnotes":""},"categories":[81],"tags":[1273,20,5476,7448,929,46,1779,6156,7353],"class_list":["post-28652","post","type-post","status-publish","format-standard","has-post-thumbnail","hentry","category-arquitectura-2","tag-arquitectos","tag-arquitectura","tag-bienal","tag-bienal-iberoamericana-de-arquitectura-y-urbanismo","tag-brasil","tag-espana","tag-sao-paulo","tag-urbanismo","tag-urbanistas"],"yoast_head":"<!-- This site is optimized with the Yoast SEO plugin v27.5 - https:\/\/yoast.com\/product\/yoast-seo-wordpress\/ -->\n<title>Alistan Bienal Iberoamericana de Arquitectura y Urbanismo -<\/title>\n<meta name=\"description\" content=\"El evento, que se llevar\u00e1 a cabo en julio de este a\u00f1o, en la ciudad de Sao Paul, busca conocer la situaci\u00f3n actual y prospectiva de la #arquitectura y del\" \/>\n<meta name=\"robots\" content=\"index, follow, max-snippet:-1, max-image-preview:large, max-video-preview:-1\" \/>\n<link rel=\"canonical\" href=\"https:\/\/centrourbano.com\/revista\/arquitectura-2\/alistan-bienal-iberoamericana-de-arquitectura-y-urbanismo\/\" \/>\n<meta property=\"og:locale\" content=\"es_ES\" \/>\n<meta property=\"og:type\" content=\"article\" \/>\n<meta property=\"og:title\" content=\"Alistan Bienal Iberoamericana de Arquitectura y Urbanismo -\" \/>\n<meta property=\"og:description\" content=\"El evento, que se llevar\u00e1 a cabo en julio de este a\u00f1o, en la ciudad de Sao Paul, busca conocer la situaci\u00f3n actual y prospectiva de la #arquitectura y del\" \/>\n<meta property=\"og:url\" content=\"https:\/\/centrourbano.com\/revista\/arquitectura-2\/alistan-bienal-iberoamericana-de-arquitectura-y-urbanismo\/\" \/>\n<meta property=\"og:site_name\" content=\"Centro Urbano\" \/>\n<meta property=\"article:publisher\" content=\"https:\/\/www.facebook.com\/portalcentrourbano\" \/>\n<meta property=\"article:published_time\" content=\"2016-01-14T19:30:00+00:00\" \/>\n<meta property=\"article:modified_time\" content=\"2016-01-14T19:31:06+00:00\" \/>\n<meta property=\"og:image\" content=\"https:\/\/centrourbano.com\/revista\/wp-content\/uploads\/Brazil_-_SP_900x600.jpg\" \/>\n\t<meta property=\"og:image:width\" content=\"900\" \/>\n\t<meta property=\"og:image:height\" content=\"600\" \/>\n\t<meta property=\"og:image:type\" content=\"image\/jpeg\" \/>\n<meta name=\"author\" content=\"Dinorah Nava\" \/>\n<meta name=\"twitter:card\" content=\"summary_large_image\" \/>\n<meta name=\"twitter:creator\" content=\"@https:\/\/twitter.com\/Dinorah_Nava28\" \/>\n<meta name=\"twitter:site\" content=\"@CentroUrbano\" \/>\n<meta name=\"twitter:label1\" content=\"Escrito por\" \/>\n\t<meta name=\"twitter:data1\" content=\"Dinorah Nava\" \/>\n\t<meta name=\"twitter:label2\" content=\"Tiempo de lectura\" \/>\n\t<meta name=\"twitter:data2\" content=\"3 minutos\" \/>\n<script type=\"application\/ld+json\" class=\"yoast-schema-graph\">{\"@context\":\"https:\\\/\\\/schema.org\",\"@graph\":[{\"@type\":\"Article\",\"@id\":\"https:\\\/\\\/centrourbano.com\\\/revista\\\/arquitectura-2\\\/alistan-bienal-iberoamericana-de-arquitectura-y-urbanismo\\\/#article\",\"isPartOf\":{\"@id\":\"https:\\\/\\\/centrourbano.com\\\/revista\\\/arquitectura-2\\\/alistan-bienal-iberoamericana-de-arquitectura-y-urbanismo\\\/\"},\"author\":{\"name\":\"Dinorah Nava\",\"@id\":\"https:\\\/\\\/centrourbano.com\\\/revista\\\/#\\\/schema\\\/person\\\/baa9e569588d5544150642a11ad28b8b\"},\"headline\":\"Alistan Bienal Iberoamericana de Arquitectura y Urbanismo\",\"datePublished\":\"2016-01-14T19:30:00+00:00\",\"dateModified\":\"2016-01-14T19:31:06+00:00\",\"mainEntityOfPage\":{\"@id\":\"https:\\\/\\\/centrourbano.com\\\/revista\\\/arquitectura-2\\\/alistan-bienal-iberoamericana-de-arquitectura-y-urbanismo\\\/\"},\"wordCount\":674,\"commentCount\":0,\"publisher\":{\"@id\":\"https:\\\/\\\/centrourbano.com\\\/revista\\\/#organization\"},\"image\":{\"@id\":\"https:\\\/\\\/centrourbano.com\\\/revista\\\/arquitectura-2\\\/alistan-bienal-iberoamericana-de-arquitectura-y-urbanismo\\\/#primaryimage\"},\"thumbnailUrl\":\"https:\\\/\\\/centrourbano.com\\\/revista\\\/wp-content\\\/uploads\\\/Brazil_-_SP_900x600.jpg\",\"keywords\":[\"arquitectos\",\"arquitectura\",\"Bienal\",\"Bienal Iberoamericana de Arquitectura y Urbanismo\",\"Brasil\",\"Espa\u00f1a\",\"Sao Paulo\",\"Urbanismo\",\"urbanistas\"],\"articleSection\":[\"Arquitectura\"],\"inLanguage\":\"es\",\"potentialAction\":[{\"@type\":\"CommentAction\",\"name\":\"Comment\",\"target\":[\"https:\\\/\\\/centrourbano.com\\\/revista\\\/arquitectura-2\\\/alistan-bienal-iberoamericana-de-arquitectura-y-urbanismo\\\/#respond\"]}]},{\"@type\":\"WebPage\",\"@id\":\"https:\\\/\\\/centrourbano.com\\\/revista\\\/arquitectura-2\\\/alistan-bienal-iberoamericana-de-arquitectura-y-urbanismo\\\/\",\"url\":\"https:\\\/\\\/centrourbano.com\\\/revista\\\/arquitectura-2\\\/alistan-bienal-iberoamericana-de-arquitectura-y-urbanismo\\\/\",\"name\":\"Alistan Bienal Iberoamericana de Arquitectura y Urbanismo -\",\"isPartOf\":{\"@id\":\"https:\\\/\\\/centrourbano.com\\\/revista\\\/#website\"},\"primaryImageOfPage\":{\"@id\":\"https:\\\/\\\/centrourbano.com\\\/revista\\\/arquitectura-2\\\/alistan-bienal-iberoamericana-de-arquitectura-y-urbanismo\\\/#primaryimage\"},\"image\":{\"@id\":\"https:\\\/\\\/centrourbano.com\\\/revista\\\/arquitectura-2\\\/alistan-bienal-iberoamericana-de-arquitectura-y-urbanismo\\\/#primaryimage\"},\"thumbnailUrl\":\"https:\\\/\\\/centrourbano.com\\\/revista\\\/wp-content\\\/uploads\\\/Brazil_-_SP_900x600.jpg\",\"datePublished\":\"2016-01-14T19:30:00+00:00\",\"dateModified\":\"2016-01-14T19:31:06+00:00\",\"description\":\"El evento, que se llevar\u00e1 a cabo en julio de este a\u00f1o, en la ciudad de Sao Paul, busca conocer la situaci\u00f3n actual y prospectiva de la #arquitectura y del\",\"breadcrumb\":{\"@id\":\"https:\\\/\\\/centrourbano.com\\\/revista\\\/arquitectura-2\\\/alistan-bienal-iberoamericana-de-arquitectura-y-urbanismo\\\/#breadcrumb\"},\"inLanguage\":\"es\",\"potentialAction\":[{\"@type\":\"ReadAction\",\"target\":[\"https:\\\/\\\/centrourbano.com\\\/revista\\\/arquitectura-2\\\/alistan-bienal-iberoamericana-de-arquitectura-y-urbanismo\\\/\"]}]},{\"@type\":\"ImageObject\",\"inLanguage\":\"es\",\"@id\":\"https:\\\/\\\/centrourbano.com\\\/revista\\\/arquitectura-2\\\/alistan-bienal-iberoamericana-de-arquitectura-y-urbanismo\\\/#primaryimage\",\"url\":\"https:\\\/\\\/centrourbano.com\\\/revista\\\/wp-content\\\/uploads\\\/Brazil_-_SP_900x600.jpg\",\"contentUrl\":\"https:\\\/\\\/centrourbano.com\\\/revista\\\/wp-content\\\/uploads\\\/Brazil_-_SP_900x600.jpg\",\"width\":900,\"height\":600},{\"@type\":\"BreadcrumbList\",\"@id\":\"https:\\\/\\\/centrourbano.com\\\/revista\\\/arquitectura-2\\\/alistan-bienal-iberoamericana-de-arquitectura-y-urbanismo\\\/#breadcrumb\",\"itemListElement\":[{\"@type\":\"ListItem\",\"position\":1,\"name\":\"Portada\",\"item\":\"https:\\\/\\\/centrourbano.com\\\/revista\\\/\"},{\"@type\":\"ListItem\",\"position\":2,\"name\":\"Alistan Bienal Iberoamericana de Arquitectura y Urbanismo\"}]},{\"@type\":\"WebSite\",\"@id\":\"https:\\\/\\\/centrourbano.com\\\/revista\\\/#website\",\"url\":\"https:\\\/\\\/centrourbano.com\\\/revista\\\/\",\"name\":\"Centro Urbano\",\"description\":\"Medio especializado en los sectores vivienda, inmobiliario, construcci\u00f3n, arquitectura y urbanismo.\",\"publisher\":{\"@id\":\"https:\\\/\\\/centrourbano.com\\\/revista\\\/#organization\"},\"potentialAction\":[{\"@type\":\"SearchAction\",\"target\":{\"@type\":\"EntryPoint\",\"urlTemplate\":\"https:\\\/\\\/centrourbano.com\\\/revista\\\/?s={search_term_string}\"},\"query-input\":{\"@type\":\"PropertyValueSpecification\",\"valueRequired\":true,\"valueName\":\"search_term_string\"}}],\"inLanguage\":\"es\"},{\"@type\":\"Organization\",\"@id\":\"https:\\\/\\\/centrourbano.com\\\/revista\\\/#organization\",\"name\":\"Centro Urbano\",\"url\":\"https:\\\/\\\/centrourbano.com\\\/revista\\\/\",\"logo\":{\"@type\":\"ImageObject\",\"inLanguage\":\"es\",\"@id\":\"https:\\\/\\\/centrourbano.com\\\/revista\\\/#\\\/schema\\\/logo\\\/image\\\/\",\"url\":\"https:\\\/\\\/centrourbano.com\\\/revista\\\/wp-content\\\/uploads\\\/web_CU_logo-1.png\",\"contentUrl\":\"https:\\\/\\\/centrourbano.com\\\/revista\\\/wp-content\\\/uploads\\\/web_CU_logo-1.png\",\"width\":350,\"height\":91,\"caption\":\"Centro Urbano\"},\"image\":{\"@id\":\"https:\\\/\\\/centrourbano.com\\\/revista\\\/#\\\/schema\\\/logo\\\/image\\\/\"},\"sameAs\":[\"https:\\\/\\\/www.facebook.com\\\/portalcentrourbano\",\"https:\\\/\\\/x.com\\\/CentroUrbano\",\"https:\\\/\\\/www.instagram.com\\\/centro_urbano\\\/\",\"https:\\\/\\\/www.linkedin.com\\\/company\\\/centro-urbano\\\/\",\"http:\\\/\\\/www.youtube.com\\\/user\\\/portalcentrourbano\"]},{\"@type\":\"Person\",\"@id\":\"https:\\\/\\\/centrourbano.com\\\/revista\\\/#\\\/schema\\\/person\\\/baa9e569588d5544150642a11ad28b8b\",\"name\":\"Dinorah Nava\",\"image\":{\"@type\":\"ImageObject\",\"inLanguage\":\"es\",\"@id\":\"https:\\\/\\\/secure.gravatar.com\\\/avatar\\\/f6ca6430c51d147f363940f84e1225aa4b8183885c11802cc3b042305a4ecc1a?s=96&d=mm&r=g\",\"url\":\"https:\\\/\\\/secure.gravatar.com\\\/avatar\\\/f6ca6430c51d147f363940f84e1225aa4b8183885c11802cc3b042305a4ecc1a?s=96&d=mm&r=g\",\"contentUrl\":\"https:\\\/\\\/secure.gravatar.com\\\/avatar\\\/f6ca6430c51d147f363940f84e1225aa4b8183885c11802cc3b042305a4ecc1a?s=96&d=mm&r=g\",\"caption\":\"Dinorah Nava\"},\"description\":\"Editora de Contenidos y Estrategias Digitales en Centro Urbano y Coeditora en Peri\u00f3dico Mi Casa. Egresada de la licenciatura en Comunicaci\u00f3n y Periodismo de la Facultad de Estudios Superiores Arag\u00f3n (UNAM). Amante de la edici\u00f3n y correcci\u00f3n de estilo, las redes sociales y el mundo digital. Especialista en temas son arquitectura, inmobiliario y urbanismo.\",\"sameAs\":[\"linkedin.com\\\/in\\\/dinorah-nava\",\"https:\\\/\\\/x.com\\\/https:\\\/\\\/twitter.com\\\/Dinorah_Nava28\"],\"url\":\"https:\\\/\\\/centrourbano.com\\\/revista\\\/author\\\/dinorah-nava\\\/\"}]}<\/script>\n<!-- \/ Yoast SEO plugin. -->","yoast_head_json":{"title":"Alistan Bienal Iberoamericana de Arquitectura y Urbanismo -","description":"El evento, que se llevar\u00e1 a cabo en julio de este a\u00f1o, en la ciudad de Sao Paul, busca conocer la situaci\u00f3n actual y prospectiva de la #arquitectura y del","robots":{"index":"index","follow":"follow","max-snippet":"max-snippet:-1","max-image-preview":"max-image-preview:large","max-video-preview":"max-video-preview:-1"},"canonical":"https:\/\/centrourbano.com\/revista\/arquitectura-2\/alistan-bienal-iberoamericana-de-arquitectura-y-urbanismo\/","og_locale":"es_ES","og_type":"article","og_title":"Alistan Bienal Iberoamericana de Arquitectura y Urbanismo -","og_description":"El evento, que se llevar\u00e1 a cabo en julio de este a\u00f1o, en la ciudad de Sao Paul, busca conocer la situaci\u00f3n actual y prospectiva de la #arquitectura y del","og_url":"https:\/\/centrourbano.com\/revista\/arquitectura-2\/alistan-bienal-iberoamericana-de-arquitectura-y-urbanismo\/","og_site_name":"Centro Urbano","article_publisher":"https:\/\/www.facebook.com\/portalcentrourbano","article_published_time":"2016-01-14T19:30:00+00:00","article_modified_time":"2016-01-14T19:31:06+00:00","og_image":[{"width":900,"height":600,"url":"https:\/\/centrourbano.com\/revista\/wp-content\/uploads\/Brazil_-_SP_900x600.jpg","type":"image\/jpeg"}],"author":"Dinorah Nava","twitter_card":"summary_large_image","twitter_creator":"@https:\/\/twitter.com\/Dinorah_Nava28","twitter_site":"@CentroUrbano","twitter_misc":{"Escrito por":"Dinorah Nava","Tiempo de lectura":"3 minutos"},"schema":{"@context":"https:\/\/schema.org","@graph":[{"@type":"Article","@id":"https:\/\/centrourbano.com\/revista\/arquitectura-2\/alistan-bienal-iberoamericana-de-arquitectura-y-urbanismo\/#article","isPartOf":{"@id":"https:\/\/centrourbano.com\/revista\/arquitectura-2\/alistan-bienal-iberoamericana-de-arquitectura-y-urbanismo\/"},"author":{"name":"Dinorah Nava","@id":"https:\/\/centrourbano.com\/revista\/#\/schema\/person\/baa9e569588d5544150642a11ad28b8b"},"headline":"Alistan Bienal Iberoamericana de Arquitectura y Urbanismo","datePublished":"2016-01-14T19:30:00+00:00","dateModified":"2016-01-14T19:31:06+00:00","mainEntityOfPage":{"@id":"https:\/\/centrourbano.com\/revista\/arquitectura-2\/alistan-bienal-iberoamericana-de-arquitectura-y-urbanismo\/"},"wordCount":674,"commentCount":0,"publisher":{"@id":"https:\/\/centrourbano.com\/revista\/#organization"},"image":{"@id":"https:\/\/centrourbano.com\/revista\/arquitectura-2\/alistan-bienal-iberoamericana-de-arquitectura-y-urbanismo\/#primaryimage"},"thumbnailUrl":"https:\/\/centrourbano.com\/revista\/wp-content\/uploads\/Brazil_-_SP_900x600.jpg","keywords":["arquitectos","arquitectura","Bienal","Bienal Iberoamericana de Arquitectura y Urbanismo","Brasil","Espa\u00f1a","Sao Paulo","Urbanismo","urbanistas"],"articleSection":["Arquitectura"],"inLanguage":"es","potentialAction":[{"@type":"CommentAction","name":"Comment","target":["https:\/\/centrourbano.com\/revista\/arquitectura-2\/alistan-bienal-iberoamericana-de-arquitectura-y-urbanismo\/#respond"]}]},{"@type":"WebPage","@id":"https:\/\/centrourbano.com\/revista\/arquitectura-2\/alistan-bienal-iberoamericana-de-arquitectura-y-urbanismo\/","url":"https:\/\/centrourbano.com\/revista\/arquitectura-2\/alistan-bienal-iberoamericana-de-arquitectura-y-urbanismo\/","name":"Alistan Bienal Iberoamericana de Arquitectura y Urbanismo -","isPartOf":{"@id":"https:\/\/centrourbano.com\/revista\/#website"},"primaryImageOfPage":{"@id":"https:\/\/centrourbano.com\/revista\/arquitectura-2\/alistan-bienal-iberoamericana-de-arquitectura-y-urbanismo\/#primaryimage"},"image":{"@id":"https:\/\/centrourbano.com\/revista\/arquitectura-2\/alistan-bienal-iberoamericana-de-arquitectura-y-urbanismo\/#primaryimage"},"thumbnailUrl":"https:\/\/centrourbano.com\/revista\/wp-content\/uploads\/Brazil_-_SP_900x600.jpg","datePublished":"2016-01-14T19:30:00+00:00","dateModified":"2016-01-14T19:31:06+00:00","description":"El evento, que se llevar\u00e1 a cabo en julio de este a\u00f1o, en la ciudad de Sao Paul, busca conocer la situaci\u00f3n actual y prospectiva de la #arquitectura y del","breadcrumb":{"@id":"https:\/\/centrourbano.com\/revista\/arquitectura-2\/alistan-bienal-iberoamericana-de-arquitectura-y-urbanismo\/#breadcrumb"},"inLanguage":"es","potentialAction":[{"@type":"ReadAction","target":["https:\/\/centrourbano.com\/revista\/arquitectura-2\/alistan-bienal-iberoamericana-de-arquitectura-y-urbanismo\/"]}]},{"@type":"ImageObject","inLanguage":"es","@id":"https:\/\/centrourbano.com\/revista\/arquitectura-2\/alistan-bienal-iberoamericana-de-arquitectura-y-urbanismo\/#primaryimage","url":"https:\/\/centrourbano.com\/revista\/wp-content\/uploads\/Brazil_-_SP_900x600.jpg","contentUrl":"https:\/\/centrourbano.com\/revista\/wp-content\/uploads\/Brazil_-_SP_900x600.jpg","width":900,"height":600},{"@type":"BreadcrumbList","@id":"https:\/\/centrourbano.com\/revista\/arquitectura-2\/alistan-bienal-iberoamericana-de-arquitectura-y-urbanismo\/#breadcrumb","itemListElement":[{"@type":"ListItem","position":1,"name":"Portada","item":"https:\/\/centrourbano.com\/revista\/"},{"@type":"ListItem","position":2,"name":"Alistan Bienal Iberoamericana de Arquitectura y Urbanismo"}]},{"@type":"WebSite","@id":"https:\/\/centrourbano.com\/revista\/#website","url":"https:\/\/centrourbano.com\/revista\/","name":"Centro Urbano","description":"Medio especializado en los sectores vivienda, inmobiliario, construcci\u00f3n, arquitectura y urbanismo.","publisher":{"@id":"https:\/\/centrourbano.com\/revista\/#organization"},"potentialAction":[{"@type":"SearchAction","target":{"@type":"EntryPoint","urlTemplate":"https:\/\/centrourbano.com\/revista\/?s={search_term_string}"},"query-input":{"@type":"PropertyValueSpecification","valueRequired":true,"valueName":"search_term_string"}}],"inLanguage":"es"},{"@type":"Organization","@id":"https:\/\/centrourbano.com\/revista\/#organization","name":"Centro Urbano","url":"https:\/\/centrourbano.com\/revista\/","logo":{"@type":"ImageObject","inLanguage":"es","@id":"https:\/\/centrourbano.com\/revista\/#\/schema\/logo\/image\/","url":"https:\/\/centrourbano.com\/revista\/wp-content\/uploads\/web_CU_logo-1.png","contentUrl":"https:\/\/centrourbano.com\/revista\/wp-content\/uploads\/web_CU_logo-1.png","width":350,"height":91,"caption":"Centro Urbano"},"image":{"@id":"https:\/\/centrourbano.com\/revista\/#\/schema\/logo\/image\/"},"sameAs":["https:\/\/www.facebook.com\/portalcentrourbano","https:\/\/x.com\/CentroUrbano","https:\/\/www.instagram.com\/centro_urbano\/","https:\/\/www.linkedin.com\/company\/centro-urbano\/","http:\/\/www.youtube.com\/user\/portalcentrourbano"]},{"@type":"Person","@id":"https:\/\/centrourbano.com\/revista\/#\/schema\/person\/baa9e569588d5544150642a11ad28b8b","name":"Dinorah Nava","image":{"@type":"ImageObject","inLanguage":"es","@id":"https:\/\/secure.gravatar.com\/avatar\/f6ca6430c51d147f363940f84e1225aa4b8183885c11802cc3b042305a4ecc1a?s=96&d=mm&r=g","url":"https:\/\/secure.gravatar.com\/avatar\/f6ca6430c51d147f363940f84e1225aa4b8183885c11802cc3b042305a4ecc1a?s=96&d=mm&r=g","contentUrl":"https:\/\/secure.gravatar.com\/avatar\/f6ca6430c51d147f363940f84e1225aa4b8183885c11802cc3b042305a4ecc1a?s=96&d=mm&r=g","caption":"Dinorah Nava"},"description":"Editora de Contenidos y Estrategias Digitales en Centro Urbano y Coeditora en Peri\u00f3dico Mi Casa. Egresada de la licenciatura en Comunicaci\u00f3n y Periodismo de la Facultad de Estudios Superiores Arag\u00f3n (UNAM). Amante de la edici\u00f3n y correcci\u00f3n de estilo, las redes sociales y el mundo digital. Especialista en temas son arquitectura, inmobiliario y urbanismo.","sameAs":["linkedin.com\/in\/dinorah-nava","https:\/\/x.com\/https:\/\/twitter.com\/Dinorah_Nava28"],"url":"https:\/\/centrourbano.com\/revista\/author\/dinorah-nava\/"}]}},"_links":{"self":[{"href":"https:\/\/centrourbano.com\/revista\/wp-json\/wp\/v2\/posts\/28652","targetHints":{"allow":["GET"]}}],"collection":[{"href":"https:\/\/centrourbano.com\/revista\/wp-json\/wp\/v2\/posts"}],"about":[{"href":"https:\/\/centrourbano.com\/revista\/wp-json\/wp\/v2\/types\/post"}],"author":[{"embeddable":true,"href":"https:\/\/centrourbano.com\/revista\/wp-json\/wp\/v2\/users\/9"}],"replies":[{"embeddable":true,"href":"https:\/\/centrourbano.com\/revista\/wp-json\/wp\/v2\/comments?post=28652"}],"version-history":[{"count":0,"href":"https:\/\/centrourbano.com\/revista\/wp-json\/wp\/v2\/posts\/28652\/revisions"}],"wp:featuredmedia":[{"embeddable":true,"href":"https:\/\/centrourbano.com\/revista\/wp-json\/wp\/v2\/media\/28653"}],"wp:attachment":[{"href":"https:\/\/centrourbano.com\/revista\/wp-json\/wp\/v2\/media?parent=28652"}],"wp:term":[{"taxonomy":"category","embeddable":true,"href":"https:\/\/centrourbano.com\/revista\/wp-json\/wp\/v2\/categories?post=28652"},{"taxonomy":"post_tag","embeddable":true,"href":"https:\/\/centrourbano.com\/revista\/wp-json\/wp\/v2\/tags?post=28652"}],"curies":[{"name":"wp","href":"https:\/\/api.w.org\/{rel}","templated":true}]}}