{"id":28590,"date":"2016-01-13T14:42:05","date_gmt":"2016-01-13T20:42:05","guid":{"rendered":"http:\/\/centrourbano.com\/?p=28590"},"modified":"2016-01-13T14:44:35","modified_gmt":"2016-01-13T20:44:35","slug":"inauguran-nuevo-complejo-residencial-en-ensenada","status":"publish","type":"post","link":"https:\/\/centrourbano.com\/revista\/vivienda\/inauguran-nuevo-complejo-residencial-en-ensenada\/","title":{"rendered":"Inauguran nuevo complejo residencial en Ensenada"},"content":{"rendered":"<p>El tipo de <a class=\"expresscurate_contentTags\" href=\"http:\/\/centrourbano.com\/tag\/vivienda\/\">#vivienda<\/a> que se oferta es de estilo contempor\u00e1neo a precios accesibles  para quienes est\u00e1n en busca de un patrimonio<\/p>\n<p>\nEl presidente Municipal, Gilberto Hirata inaugur\u00f3 el nuevo desarrollo inmobiliario Lomas del Campanario con un total de 1,491 viviendas en la ciudad de <a class=\"expresscurate_contentTags\" href=\"http:\/\/centrourbano.com\/tag\/ensenada\/\">#Ensenada<\/a>, en compa\u00f1\u00eda de representantes de la desarrolladora Encasa S.A de C.V.<\/p>\n<p>\nEl conjunto inmobiliario se ubica en la zona noreste de la ciudad, el tipo de vivienda que se oferta es de estilo contempor\u00e1neo a precios accesibles para quienes est\u00e1n en busca de un patrimonio.<\/p>\n<p>\nGilberto Hiriata se\u00f1al\u00f3 la disposici\u00f3n de la inmobiliaria en materia de <a class=\"expresscurate_contentTags\" href=\"http:\/\/centrourbano.com\/tag\/inversion\/\">#inversi\u00f3n<\/a> de proyectos en la entidad como eje de crecimiento econ\u00f3mico y desarrollo comunitario para mejorar la calidad de vida de los ciudadanos.<\/p>\n<p>\nLa edificaci\u00f3n del proyecto inmobiliario generar\u00e1 250 empleos directos y 1,000 indirectos dentro del sector de la <a class=\"expresscurate_contentTags\" href=\"http:\/\/centrourbano.com\/tag\/construccion-2\/\">#construcci\u00f3n<\/a>.<\/p>\n<p>\nEl director general de Encasa, Javier Moreno, agradeci\u00f3 las facilidades a la administraci\u00f3n municipal y al Fondo Nacional de Vivienda para los <a class=\"expresscurate_contentTags\" href=\"http:\/\/centrourbano.com\/tag\/trabajadores\/\">#Trabajadores<\/a> (<a class=\"expresscurate_contentTags\" href=\"http:\/\/centrourbano.com\/tag\/infonavit\/\">#Infonavit<\/a>) por el apoyo para la planeaci\u00f3n de comunidades sustentables, accesibles y de primer nivel.<\/p>\n<p>\n\u201cEn el 2010 solamente se ejercieron 2,258 cr\u00e9ditos y el a\u00f1o pasado 1,000, de los que 800 fueron para viviendas usadas y solo 200 para nuevas, lo que evidencia el rezago y nos obliga a trabajar en una oferta m\u00e1s accesibles para los trabajadores que no tienen vivienda propia\u201d, a\u00f1adi\u00f3 Moreno.<\/p>\n<p>\nEl representante del Infonavit, Armando D\u00edaz Hoeflich, Gerente de <a class=\"expresscurate_contentTags\" href=\"http:\/\/centrourbano.com\/tag\/sustentabilidad\/\">#Sustentabilidad<\/a> y \u00c1rea T\u00e9cnica, felicit\u00f3 a la desarrolladora por seguir los lineamiento en Pol\u00edtica de Vivienda, y destac\u00f3 la confianza de la empresa por apostar en Ensenada y Baja California, pues el objetivo nacional  es la creaci\u00f3n de nuevos desarrollos sustentables, mejor equipados que aporten mejoras a la calidad de vida de la poblaci\u00f3n.  <\/p>\n","protected":false},"excerpt":{"rendered":"<p>El tipo de #vivienda que se oferta es de estilo contempor\u00e1neo a precios accesibles para quienes est\u00e1n en busca de un patrimonio El presidente Municipal, Gilberto Hirata inaugur\u00f3 el nuevo desarrollo inmobiliario Lomas del Campanario con un total de 1,491 viviendas en la ciudad de #Ensenada, en compa\u00f1\u00eda de representantes de la desarrolladora Encasa S.A [&hellip;]<\/p>\n","protected":false},"author":1,"featured_media":28591,"comment_status":"open","ping_status":"closed","sticky":false,"template":"","format":"standard","meta":{"om_disable_all_campaigns":false,"inline_featured_image":false,"_monsterinsights_skip_tracking":false,"_monsterinsights_sitenote_active":false,"_monsterinsights_sitenote_note":"","_monsterinsights_sitenote_category":0,"footnotes":""},"categories":[12],"tags":[7440,22,668,100,67,165,101,5737],"class_list":["post-28590","post","type-post","status-publish","format-standard","has-post-thumbnail","hentry","category-vivienda","tag-complejo-residencial","tag-construccion-2","tag-ensenada","tag-infonavit","tag-inversion","tag-sustentabilidad","tag-trabajadores","tag-vivienda"],"yoast_head":"<!-- This site is optimized with the Yoast SEO plugin v27.4 - https:\/\/yoast.com\/product\/yoast-seo-wordpress\/ -->\n<title>Inauguran nuevo complejo residencial en Ensenada -<\/title>\n<meta name=\"description\" content=\"El tipo de #vivienda que se oferta es de estilo contempor\u00e1neo a precios accesibles para quienes est\u00e1n en busca de un patrimonio El presidente Municipal,\" \/>\n<meta name=\"robots\" content=\"index, follow, max-snippet:-1, max-image-preview:large, max-video-preview:-1\" \/>\n<link rel=\"canonical\" href=\"https:\/\/centrourbano.com\/revista\/vivienda\/inauguran-nuevo-complejo-residencial-en-ensenada\/\" \/>\n<meta property=\"og:locale\" content=\"es_ES\" \/>\n<meta property=\"og:type\" content=\"article\" \/>\n<meta property=\"og:title\" content=\"Inauguran nuevo complejo residencial en Ensenada -\" \/>\n<meta property=\"og:description\" content=\"El tipo de #vivienda que se oferta es de estilo contempor\u00e1neo a precios accesibles para quienes est\u00e1n en busca de un patrimonio El presidente Municipal,\" \/>\n<meta property=\"og:url\" content=\"https:\/\/centrourbano.com\/revista\/vivienda\/inauguran-nuevo-complejo-residencial-en-ensenada\/\" \/>\n<meta property=\"og:site_name\" content=\"Centro Urbano\" \/>\n<meta property=\"article:publisher\" content=\"https:\/\/www.facebook.com\/portalcentrourbano\" \/>\n<meta property=\"article:published_time\" content=\"2016-01-13T20:42:05+00:00\" \/>\n<meta property=\"article:modified_time\" content=\"2016-01-13T20:44:35+00:00\" \/>\n<meta property=\"og:image\" content=\"https:\/\/centrourbano.com\/revista\/wp-content\/uploads\/ENSENADA-2.jpg\" \/>\n\t<meta property=\"og:image:width\" content=\"615\" \/>\n\t<meta property=\"og:image:height\" content=\"345\" \/>\n\t<meta property=\"og:image:type\" content=\"image\/jpeg\" \/>\n<meta name=\"author\" content=\"BlogCU 2022\" \/>\n<meta name=\"twitter:card\" content=\"summary_large_image\" \/>\n<meta name=\"twitter:creator\" content=\"@CentroUrbano\" \/>\n<meta name=\"twitter:site\" content=\"@CentroUrbano\" \/>\n<meta name=\"twitter:label1\" content=\"Escrito por\" \/>\n\t<meta name=\"twitter:data1\" content=\"BlogCU 2022\" \/>\n\t<meta name=\"twitter:label2\" content=\"Tiempo de lectura\" \/>\n\t<meta name=\"twitter:data2\" content=\"2 minutos\" \/>\n<script type=\"application\/ld+json\" class=\"yoast-schema-graph\">{\"@context\":\"https:\\\/\\\/schema.org\",\"@graph\":[{\"@type\":\"Article\",\"@id\":\"https:\\\/\\\/centrourbano.com\\\/revista\\\/vivienda\\\/inauguran-nuevo-complejo-residencial-en-ensenada\\\/#article\",\"isPartOf\":{\"@id\":\"https:\\\/\\\/centrourbano.com\\\/revista\\\/vivienda\\\/inauguran-nuevo-complejo-residencial-en-ensenada\\\/\"},\"author\":{\"name\":\"BlogCU 2022\",\"@id\":\"https:\\\/\\\/centrourbano.com\\\/revista\\\/#\\\/schema\\\/person\\\/26c0ab2d8952e32eb17ccf62f8e88ce6\"},\"headline\":\"Inauguran nuevo complejo residencial en Ensenada\",\"datePublished\":\"2016-01-13T20:42:05+00:00\",\"dateModified\":\"2016-01-13T20:44:35+00:00\",\"mainEntityOfPage\":{\"@id\":\"https:\\\/\\\/centrourbano.com\\\/revista\\\/vivienda\\\/inauguran-nuevo-complejo-residencial-en-ensenada\\\/\"},\"wordCount\":317,\"commentCount\":0,\"publisher\":{\"@id\":\"https:\\\/\\\/centrourbano.com\\\/revista\\\/#organization\"},\"image\":{\"@id\":\"https:\\\/\\\/centrourbano.com\\\/revista\\\/vivienda\\\/inauguran-nuevo-complejo-residencial-en-ensenada\\\/#primaryimage\"},\"thumbnailUrl\":\"https:\\\/\\\/centrourbano.com\\\/revista\\\/wp-content\\\/uploads\\\/ENSENADA-2.jpg\",\"keywords\":[\"complejo residencial\",\"construcci\u00f3n\",\"Ensenada\",\"Infonavit\",\"inversi\u00f3n\",\"sustentabilidad\",\"Trabajadores\",\"vivienda+\"],\"articleSection\":[\"Vivienda\"],\"inLanguage\":\"es\",\"potentialAction\":[{\"@type\":\"CommentAction\",\"name\":\"Comment\",\"target\":[\"https:\\\/\\\/centrourbano.com\\\/revista\\\/vivienda\\\/inauguran-nuevo-complejo-residencial-en-ensenada\\\/#respond\"]}]},{\"@type\":\"WebPage\",\"@id\":\"https:\\\/\\\/centrourbano.com\\\/revista\\\/vivienda\\\/inauguran-nuevo-complejo-residencial-en-ensenada\\\/\",\"url\":\"https:\\\/\\\/centrourbano.com\\\/revista\\\/vivienda\\\/inauguran-nuevo-complejo-residencial-en-ensenada\\\/\",\"name\":\"Inauguran nuevo complejo residencial en Ensenada -\",\"isPartOf\":{\"@id\":\"https:\\\/\\\/centrourbano.com\\\/revista\\\/#website\"},\"primaryImageOfPage\":{\"@id\":\"https:\\\/\\\/centrourbano.com\\\/revista\\\/vivienda\\\/inauguran-nuevo-complejo-residencial-en-ensenada\\\/#primaryimage\"},\"image\":{\"@id\":\"https:\\\/\\\/centrourbano.com\\\/revista\\\/vivienda\\\/inauguran-nuevo-complejo-residencial-en-ensenada\\\/#primaryimage\"},\"thumbnailUrl\":\"https:\\\/\\\/centrourbano.com\\\/revista\\\/wp-content\\\/uploads\\\/ENSENADA-2.jpg\",\"datePublished\":\"2016-01-13T20:42:05+00:00\",\"dateModified\":\"2016-01-13T20:44:35+00:00\",\"description\":\"El tipo de #vivienda que se oferta es de estilo contempor\u00e1neo a precios accesibles para quienes est\u00e1n en busca de un patrimonio El presidente Municipal,\",\"breadcrumb\":{\"@id\":\"https:\\\/\\\/centrourbano.com\\\/revista\\\/vivienda\\\/inauguran-nuevo-complejo-residencial-en-ensenada\\\/#breadcrumb\"},\"inLanguage\":\"es\",\"potentialAction\":[{\"@type\":\"ReadAction\",\"target\":[\"https:\\\/\\\/centrourbano.com\\\/revista\\\/vivienda\\\/inauguran-nuevo-complejo-residencial-en-ensenada\\\/\"]}]},{\"@type\":\"ImageObject\",\"inLanguage\":\"es\",\"@id\":\"https:\\\/\\\/centrourbano.com\\\/revista\\\/vivienda\\\/inauguran-nuevo-complejo-residencial-en-ensenada\\\/#primaryimage\",\"url\":\"https:\\\/\\\/centrourbano.com\\\/revista\\\/wp-content\\\/uploads\\\/ENSENADA-2.jpg\",\"contentUrl\":\"https:\\\/\\\/centrourbano.com\\\/revista\\\/wp-content\\\/uploads\\\/ENSENADA-2.jpg\",\"width\":615,\"height\":345},{\"@type\":\"BreadcrumbList\",\"@id\":\"https:\\\/\\\/centrourbano.com\\\/revista\\\/vivienda\\\/inauguran-nuevo-complejo-residencial-en-ensenada\\\/#breadcrumb\",\"itemListElement\":[{\"@type\":\"ListItem\",\"position\":1,\"name\":\"Portada\",\"item\":\"https:\\\/\\\/centrourbano.com\\\/revista\\\/\"},{\"@type\":\"ListItem\",\"position\":2,\"name\":\"Inauguran nuevo complejo residencial en Ensenada\"}]},{\"@type\":\"WebSite\",\"@id\":\"https:\\\/\\\/centrourbano.com\\\/revista\\\/#website\",\"url\":\"https:\\\/\\\/centrourbano.com\\\/revista\\\/\",\"name\":\"Centro Urbano\",\"description\":\"Medio especializado en los sectores vivienda, inmobiliario, construcci\u00f3n, arquitectura y urbanismo.\",\"publisher\":{\"@id\":\"https:\\\/\\\/centrourbano.com\\\/revista\\\/#organization\"},\"potentialAction\":[{\"@type\":\"SearchAction\",\"target\":{\"@type\":\"EntryPoint\",\"urlTemplate\":\"https:\\\/\\\/centrourbano.com\\\/revista\\\/?s={search_term_string}\"},\"query-input\":{\"@type\":\"PropertyValueSpecification\",\"valueRequired\":true,\"valueName\":\"search_term_string\"}}],\"inLanguage\":\"es\"},{\"@type\":\"Organization\",\"@id\":\"https:\\\/\\\/centrourbano.com\\\/revista\\\/#organization\",\"name\":\"Centro Urbano\",\"url\":\"https:\\\/\\\/centrourbano.com\\\/revista\\\/\",\"logo\":{\"@type\":\"ImageObject\",\"inLanguage\":\"es\",\"@id\":\"https:\\\/\\\/centrourbano.com\\\/revista\\\/#\\\/schema\\\/logo\\\/image\\\/\",\"url\":\"https:\\\/\\\/centrourbano.com\\\/revista\\\/wp-content\\\/uploads\\\/web_CU_logo-1.png\",\"contentUrl\":\"https:\\\/\\\/centrourbano.com\\\/revista\\\/wp-content\\\/uploads\\\/web_CU_logo-1.png\",\"width\":350,\"height\":91,\"caption\":\"Centro Urbano\"},\"image\":{\"@id\":\"https:\\\/\\\/centrourbano.com\\\/revista\\\/#\\\/schema\\\/logo\\\/image\\\/\"},\"sameAs\":[\"https:\\\/\\\/www.facebook.com\\\/portalcentrourbano\",\"https:\\\/\\\/x.com\\\/CentroUrbano\",\"https:\\\/\\\/www.instagram.com\\\/centro_urbano\\\/\",\"https:\\\/\\\/www.linkedin.com\\\/company\\\/centro-urbano\\\/\",\"http:\\\/\\\/www.youtube.com\\\/user\\\/portalcentrourbano\"]},{\"@type\":\"Person\",\"@id\":\"https:\\\/\\\/centrourbano.com\\\/revista\\\/#\\\/schema\\\/person\\\/26c0ab2d8952e32eb17ccf62f8e88ce6\",\"name\":\"BlogCU 2022\",\"image\":{\"@type\":\"ImageObject\",\"inLanguage\":\"es\",\"@id\":\"https:\\\/\\\/secure.gravatar.com\\\/avatar\\\/5ec2975f6d4b1643c723f08ef135c488131c64cba4524740d438f2e04dbeacdc?s=96&d=mm&r=g\",\"url\":\"https:\\\/\\\/secure.gravatar.com\\\/avatar\\\/5ec2975f6d4b1643c723f08ef135c488131c64cba4524740d438f2e04dbeacdc?s=96&d=mm&r=g\",\"contentUrl\":\"https:\\\/\\\/secure.gravatar.com\\\/avatar\\\/5ec2975f6d4b1643c723f08ef135c488131c64cba4524740d438f2e04dbeacdc?s=96&d=mm&r=g\",\"caption\":\"BlogCU 2022\"},\"url\":\"https:\\\/\\\/centrourbano.com\\\/revista\\\/author\\\/BlogCU 2022\\\/\"}]}<\/script>\n<!-- \/ Yoast SEO plugin. -->","yoast_head_json":{"title":"Inauguran nuevo complejo residencial en Ensenada -","description":"El tipo de #vivienda que se oferta es de estilo contempor\u00e1neo a precios accesibles para quienes est\u00e1n en busca de un patrimonio El presidente Municipal,","robots":{"index":"index","follow":"follow","max-snippet":"max-snippet:-1","max-image-preview":"max-image-preview:large","max-video-preview":"max-video-preview:-1"},"canonical":"https:\/\/centrourbano.com\/revista\/vivienda\/inauguran-nuevo-complejo-residencial-en-ensenada\/","og_locale":"es_ES","og_type":"article","og_title":"Inauguran nuevo complejo residencial en Ensenada -","og_description":"El tipo de #vivienda que se oferta es de estilo contempor\u00e1neo a precios accesibles para quienes est\u00e1n en busca de un patrimonio El presidente Municipal,","og_url":"https:\/\/centrourbano.com\/revista\/vivienda\/inauguran-nuevo-complejo-residencial-en-ensenada\/","og_site_name":"Centro Urbano","article_publisher":"https:\/\/www.facebook.com\/portalcentrourbano","article_published_time":"2016-01-13T20:42:05+00:00","article_modified_time":"2016-01-13T20:44:35+00:00","og_image":[{"width":615,"height":345,"url":"https:\/\/centrourbano.com\/revista\/wp-content\/uploads\/ENSENADA-2.jpg","type":"image\/jpeg"}],"author":"BlogCU 2022","twitter_card":"summary_large_image","twitter_creator":"@CentroUrbano","twitter_site":"@CentroUrbano","twitter_misc":{"Escrito por":"BlogCU 2022","Tiempo de lectura":"2 minutos"},"schema":{"@context":"https:\/\/schema.org","@graph":[{"@type":"Article","@id":"https:\/\/centrourbano.com\/revista\/vivienda\/inauguran-nuevo-complejo-residencial-en-ensenada\/#article","isPartOf":{"@id":"https:\/\/centrourbano.com\/revista\/vivienda\/inauguran-nuevo-complejo-residencial-en-ensenada\/"},"author":{"name":"BlogCU 2022","@id":"https:\/\/centrourbano.com\/revista\/#\/schema\/person\/26c0ab2d8952e32eb17ccf62f8e88ce6"},"headline":"Inauguran nuevo complejo residencial en Ensenada","datePublished":"2016-01-13T20:42:05+00:00","dateModified":"2016-01-13T20:44:35+00:00","mainEntityOfPage":{"@id":"https:\/\/centrourbano.com\/revista\/vivienda\/inauguran-nuevo-complejo-residencial-en-ensenada\/"},"wordCount":317,"commentCount":0,"publisher":{"@id":"https:\/\/centrourbano.com\/revista\/#organization"},"image":{"@id":"https:\/\/centrourbano.com\/revista\/vivienda\/inauguran-nuevo-complejo-residencial-en-ensenada\/#primaryimage"},"thumbnailUrl":"https:\/\/centrourbano.com\/revista\/wp-content\/uploads\/ENSENADA-2.jpg","keywords":["complejo residencial","construcci\u00f3n","Ensenada","Infonavit","inversi\u00f3n","sustentabilidad","Trabajadores","vivienda+"],"articleSection":["Vivienda"],"inLanguage":"es","potentialAction":[{"@type":"CommentAction","name":"Comment","target":["https:\/\/centrourbano.com\/revista\/vivienda\/inauguran-nuevo-complejo-residencial-en-ensenada\/#respond"]}]},{"@type":"WebPage","@id":"https:\/\/centrourbano.com\/revista\/vivienda\/inauguran-nuevo-complejo-residencial-en-ensenada\/","url":"https:\/\/centrourbano.com\/revista\/vivienda\/inauguran-nuevo-complejo-residencial-en-ensenada\/","name":"Inauguran nuevo complejo residencial en Ensenada -","isPartOf":{"@id":"https:\/\/centrourbano.com\/revista\/#website"},"primaryImageOfPage":{"@id":"https:\/\/centrourbano.com\/revista\/vivienda\/inauguran-nuevo-complejo-residencial-en-ensenada\/#primaryimage"},"image":{"@id":"https:\/\/centrourbano.com\/revista\/vivienda\/inauguran-nuevo-complejo-residencial-en-ensenada\/#primaryimage"},"thumbnailUrl":"https:\/\/centrourbano.com\/revista\/wp-content\/uploads\/ENSENADA-2.jpg","datePublished":"2016-01-13T20:42:05+00:00","dateModified":"2016-01-13T20:44:35+00:00","description":"El tipo de #vivienda que se oferta es de estilo contempor\u00e1neo a precios accesibles para quienes est\u00e1n en busca de un patrimonio El presidente Municipal,","breadcrumb":{"@id":"https:\/\/centrourbano.com\/revista\/vivienda\/inauguran-nuevo-complejo-residencial-en-ensenada\/#breadcrumb"},"inLanguage":"es","potentialAction":[{"@type":"ReadAction","target":["https:\/\/centrourbano.com\/revista\/vivienda\/inauguran-nuevo-complejo-residencial-en-ensenada\/"]}]},{"@type":"ImageObject","inLanguage":"es","@id":"https:\/\/centrourbano.com\/revista\/vivienda\/inauguran-nuevo-complejo-residencial-en-ensenada\/#primaryimage","url":"https:\/\/centrourbano.com\/revista\/wp-content\/uploads\/ENSENADA-2.jpg","contentUrl":"https:\/\/centrourbano.com\/revista\/wp-content\/uploads\/ENSENADA-2.jpg","width":615,"height":345},{"@type":"BreadcrumbList","@id":"https:\/\/centrourbano.com\/revista\/vivienda\/inauguran-nuevo-complejo-residencial-en-ensenada\/#breadcrumb","itemListElement":[{"@type":"ListItem","position":1,"name":"Portada","item":"https:\/\/centrourbano.com\/revista\/"},{"@type":"ListItem","position":2,"name":"Inauguran nuevo complejo residencial en Ensenada"}]},{"@type":"WebSite","@id":"https:\/\/centrourbano.com\/revista\/#website","url":"https:\/\/centrourbano.com\/revista\/","name":"Centro Urbano","description":"Medio especializado en los sectores vivienda, inmobiliario, construcci\u00f3n, arquitectura y urbanismo.","publisher":{"@id":"https:\/\/centrourbano.com\/revista\/#organization"},"potentialAction":[{"@type":"SearchAction","target":{"@type":"EntryPoint","urlTemplate":"https:\/\/centrourbano.com\/revista\/?s={search_term_string}"},"query-input":{"@type":"PropertyValueSpecification","valueRequired":true,"valueName":"search_term_string"}}],"inLanguage":"es"},{"@type":"Organization","@id":"https:\/\/centrourbano.com\/revista\/#organization","name":"Centro Urbano","url":"https:\/\/centrourbano.com\/revista\/","logo":{"@type":"ImageObject","inLanguage":"es","@id":"https:\/\/centrourbano.com\/revista\/#\/schema\/logo\/image\/","url":"https:\/\/centrourbano.com\/revista\/wp-content\/uploads\/web_CU_logo-1.png","contentUrl":"https:\/\/centrourbano.com\/revista\/wp-content\/uploads\/web_CU_logo-1.png","width":350,"height":91,"caption":"Centro Urbano"},"image":{"@id":"https:\/\/centrourbano.com\/revista\/#\/schema\/logo\/image\/"},"sameAs":["https:\/\/www.facebook.com\/portalcentrourbano","https:\/\/x.com\/CentroUrbano","https:\/\/www.instagram.com\/centro_urbano\/","https:\/\/www.linkedin.com\/company\/centro-urbano\/","http:\/\/www.youtube.com\/user\/portalcentrourbano"]},{"@type":"Person","@id":"https:\/\/centrourbano.com\/revista\/#\/schema\/person\/26c0ab2d8952e32eb17ccf62f8e88ce6","name":"BlogCU 2022","image":{"@type":"ImageObject","inLanguage":"es","@id":"https:\/\/secure.gravatar.com\/avatar\/5ec2975f6d4b1643c723f08ef135c488131c64cba4524740d438f2e04dbeacdc?s=96&d=mm&r=g","url":"https:\/\/secure.gravatar.com\/avatar\/5ec2975f6d4b1643c723f08ef135c488131c64cba4524740d438f2e04dbeacdc?s=96&d=mm&r=g","contentUrl":"https:\/\/secure.gravatar.com\/avatar\/5ec2975f6d4b1643c723f08ef135c488131c64cba4524740d438f2e04dbeacdc?s=96&d=mm&r=g","caption":"BlogCU 2022"},"url":"https:\/\/centrourbano.com\/revista\/author\/BlogCU 2022\/"}]}},"_links":{"self":[{"href":"https:\/\/centrourbano.com\/revista\/wp-json\/wp\/v2\/posts\/28590","targetHints":{"allow":["GET"]}}],"collection":[{"href":"https:\/\/centrourbano.com\/revista\/wp-json\/wp\/v2\/posts"}],"about":[{"href":"https:\/\/centrourbano.com\/revista\/wp-json\/wp\/v2\/types\/post"}],"author":[{"embeddable":true,"href":"https:\/\/centrourbano.com\/revista\/wp-json\/wp\/v2\/users\/1"}],"replies":[{"embeddable":true,"href":"https:\/\/centrourbano.com\/revista\/wp-json\/wp\/v2\/comments?post=28590"}],"version-history":[{"count":0,"href":"https:\/\/centrourbano.com\/revista\/wp-json\/wp\/v2\/posts\/28590\/revisions"}],"wp:featuredmedia":[{"embeddable":true,"href":"https:\/\/centrourbano.com\/revista\/wp-json\/wp\/v2\/media\/28591"}],"wp:attachment":[{"href":"https:\/\/centrourbano.com\/revista\/wp-json\/wp\/v2\/media?parent=28590"}],"wp:term":[{"taxonomy":"category","embeddable":true,"href":"https:\/\/centrourbano.com\/revista\/wp-json\/wp\/v2\/categories?post=28590"},{"taxonomy":"post_tag","embeddable":true,"href":"https:\/\/centrourbano.com\/revista\/wp-json\/wp\/v2\/tags?post=28590"}],"curies":[{"name":"wp","href":"https:\/\/api.w.org\/{rel}","templated":true}]}}