{"id":28530,"date":"2016-01-13T09:28:29","date_gmt":"2016-01-13T15:28:29","guid":{"rendered":"http:\/\/centrourbano.com\/?p=28530"},"modified":"2016-01-13T10:30:56","modified_gmt":"2016-01-13T16:30:56","slug":"reactivaran-el-proyecto-malecon-tajamar-en-cancun","status":"publish","type":"post","link":"https:\/\/centrourbano.com\/revista\/inmobiliario\/reactivaran-el-proyecto-malecon-tajamar-en-cancun\/","title":{"rendered":"Reactivar\u00e1n el proyecto Malec\u00f3n Tajamar en Canc\u00fan"},"content":{"rendered":"<p><em><br \/>\nLas obras incluyen <a class=\"expresscurate_contentTags\" href=\"http:\/\/centrourbano.com\/tag\/vivienda\/\">#vivienda<\/a>, <a class=\"expresscurate_contentTags\" href=\"http:\/\/centrourbano.com\/tag\/oficinas\/\">#oficinas<\/a> y comercio, fue suspendido en agosto de 2015 por da\u00f1os al medio ambiente<\/em><!--more--><\/p>\n<p>A finales de enero el proyecto de usos mixtos Malec\u00f3n Tajamar, el cual fue suspendido hace cinco meses al detectarse da\u00f1os al medio ambiente, podr\u00eda reactivarse tras comprobar que se cuenta con los permisos ambientales correspondientes desde 2005, mismo que contin\u00faan vigentes. <\/p>\n<p>En total el proyecto se construir\u00e1 en un predio de 78 hect\u00e1reas y abarca 69 desarrollos de uso mixto distribuidos en 12 manzanas que tienen como ventana la laguna Nichupt\u00e9. De manera espec\u00edfica, de los 784,000 metros cuadrados con los que se cuenta, solo en 386,902 podr\u00e1 construirse, y de esa cifra poco m\u00e1s de 1,053 metros cuadrados se encuentran frente a la laguna. <\/p>\n<p>Conforme al plan maestro del Fondo Nacional de Turismo (<a class=\"expresscurate_contentTags\" href=\"http:\/\/centrourbano.com\/tag\/fonatur\/\">#Fonatur<\/a>), en el terreno pueden desarrollarse 2,067 viviendas con una densidad de entre cuatro y 14 pisos, dependiendo de su cercan\u00eda con la laguna; adem\u00e1s se instalar\u00e1 una ciclopista y un foro acu\u00e1tico. En general, el proyecto incluye viviendas, oficinas y \u00e1reas comerciales, as\u00ed como un templo cat\u00f3lico y una rambla tur\u00edstica de 617 metros de longitud y un camell\u00f3n de 40 metros de ancho para espacios recreativos y culturales. <\/p>\n<p>Tajamar <a class=\"expresscurate_contentTags\" href=\"http:\/\/centrourbano.com\/tag\/cancun\/\">#Canc\u00fan<\/a> ser\u00e1 desarrollado por el consorcio italiano Bi&#038;Di y el grupo Ultramar, y aunque a\u00fan no hay una fecha exacta para retomar los trabajos de <a class=\"expresscurate_contentTags\" href=\"http:\/\/centrourbano.com\/tag\/construccion-2\/\">#construcci\u00f3n<\/a> en la zona, se espera que los inversionistas ingresen solicitudes de licencia de construcci\u00f3n y funcionamiento ante la Secretar\u00eda de Ecolog\u00eda y Desarrollo <a class=\"expresscurate_contentTags\" href=\"http:\/\/centrourbano.com\/tag\/urbano\/\">#Urbano<\/a> del gobierno municipal.<\/p>\n","protected":false},"excerpt":{"rendered":"<p>Las obras incluyen #vivienda, #oficinas y comercio, fue suspendido en agosto de 2015 por da\u00f1os al medio ambiente<\/p>\n","protected":false},"author":77,"featured_media":28537,"comment_status":"open","ping_status":"closed","sticky":false,"template":"","format":"standard","meta":{"inline_featured_image":false,"footnotes":""},"categories":[15],"tags":[363,22,7430,994,58,516,7429,5737],"class_list":["post-28530","post","type-post","status-publish","format-standard","has-post-thumbnail","hentry","category-inmobiliario","tag-cancun","tag-construccion-2","tag-espacios-comerciales","tag-fonatur","tag-oficinas","tag-urbano","tag-usoso-mixtos","tag-vivienda"],"yoast_head":"<!-- This site is optimized with the Yoast SEO plugin v28.4 - https:\/\/yoast.com\/product\/yoast-seo-wordpress\/ -->\n<title>Reactivar\u00e1n el proyecto Malec\u00f3n Tajamar en Canc\u00fan -<\/title>\n<meta name=\"description\" content=\"Las obras incluyen #vivienda, #oficinas y comercio, fue suspendido en agosto de 2015 por da\u00f1os al medio ambiente A finales de enero el proyecto de usos\" \/>\n<meta name=\"robots\" content=\"index, follow, max-snippet:-1, max-image-preview:large, max-video-preview:-1\" \/>\n<link rel=\"canonical\" href=\"https:\/\/centrourbano.com\/revista\/inmobiliario\/reactivaran-el-proyecto-malecon-tajamar-en-cancun\/\" \/>\n<meta property=\"og:locale\" content=\"es_ES\" \/>\n<meta property=\"og:type\" content=\"article\" \/>\n<meta property=\"og:title\" content=\"Reactivar\u00e1n el proyecto Malec\u00f3n Tajamar en Canc\u00fan -\" \/>\n<meta property=\"og:description\" content=\"Las obras incluyen #vivienda, #oficinas y comercio, fue suspendido en agosto de 2015 por da\u00f1os al medio ambiente A finales de enero el proyecto de usos\" \/>\n<meta property=\"og:url\" content=\"https:\/\/centrourbano.com\/revista\/inmobiliario\/reactivaran-el-proyecto-malecon-tajamar-en-cancun\/\" \/>\n<meta property=\"og:site_name\" content=\"Centro Urbano\" \/>\n<meta property=\"article:publisher\" content=\"https:\/\/www.facebook.com\/portalcentrourbano\" \/>\n<meta property=\"article:published_time\" content=\"2016-01-13T15:28:29+00:00\" \/>\n<meta property=\"article:modified_time\" content=\"2016-01-13T16:30:56+00:00\" \/>\n<meta property=\"og:image\" content=\"https:\/\/centrourbano.com\/revista\/wp-content\/uploads\/tajamar_slide21.jpg\" \/>\n\t<meta property=\"og:image:width\" content=\"800\" \/>\n\t<meta property=\"og:image:height\" content=\"484\" \/>\n\t<meta property=\"og:image:type\" content=\"image\/jpeg\" \/>\n<meta name=\"author\" content=\"G4A\" \/>\n<meta name=\"twitter:card\" content=\"summary_large_image\" \/>\n<meta name=\"twitter:creator\" content=\"@CentroUrbano\" \/>\n<meta name=\"twitter:site\" content=\"@CentroUrbano\" \/>\n<meta name=\"twitter:label1\" content=\"Escrito por\" \/>\n\t<meta name=\"twitter:data1\" content=\"G4A\" \/>\n\t<meta name=\"twitter:label2\" content=\"Tiempo de lectura\" \/>\n\t<meta name=\"twitter:data2\" content=\"1 minuto\" \/>\n<script type=\"application\/ld+json\" class=\"yoast-schema-graph\">{\"@context\":\"https:\\\/\\\/schema.org\",\"@graph\":[{\"@type\":\"Article\",\"@id\":\"https:\\\/\\\/centrourbano.com\\\/revista\\\/inmobiliario\\\/reactivaran-el-proyecto-malecon-tajamar-en-cancun\\\/#article\",\"isPartOf\":{\"@id\":\"https:\\\/\\\/centrourbano.com\\\/revista\\\/inmobiliario\\\/reactivaran-el-proyecto-malecon-tajamar-en-cancun\\\/\"},\"author\":{\"name\":\"G4A\",\"@id\":\"https:\\\/\\\/centrourbano.com\\\/revista\\\/#\\\/schema\\\/person\\\/370fa0ba2d8dd5bde3fdb8b62ad360aa\"},\"headline\":\"Reactivar\u00e1n el proyecto Malec\u00f3n Tajamar en Canc\u00fan\",\"datePublished\":\"2016-01-13T15:28:29+00:00\",\"dateModified\":\"2016-01-13T16:30:56+00:00\",\"mainEntityOfPage\":{\"@id\":\"https:\\\/\\\/centrourbano.com\\\/revista\\\/inmobiliario\\\/reactivaran-el-proyecto-malecon-tajamar-en-cancun\\\/\"},\"wordCount\":276,\"commentCount\":0,\"publisher\":{\"@id\":\"https:\\\/\\\/centrourbano.com\\\/revista\\\/#organization\"},\"image\":{\"@id\":\"https:\\\/\\\/centrourbano.com\\\/revista\\\/inmobiliario\\\/reactivaran-el-proyecto-malecon-tajamar-en-cancun\\\/#primaryimage\"},\"thumbnailUrl\":\"https:\\\/\\\/centrourbano.com\\\/revista\\\/wp-content\\\/uploads\\\/tajamar_slide21.jpg\",\"keywords\":[\"Canc\u00fan\",\"construcci\u00f3n\",\"espacios comerciales\",\"Fonatur\",\"oficinas\",\"urbano\",\"Usoso mixtos\",\"vivienda+\"],\"articleSection\":[\"Inmobiliario\"],\"inLanguage\":\"es\"},{\"@type\":\"WebPage\",\"@id\":\"https:\\\/\\\/centrourbano.com\\\/revista\\\/inmobiliario\\\/reactivaran-el-proyecto-malecon-tajamar-en-cancun\\\/\",\"url\":\"https:\\\/\\\/centrourbano.com\\\/revista\\\/inmobiliario\\\/reactivaran-el-proyecto-malecon-tajamar-en-cancun\\\/\",\"name\":\"Reactivar\u00e1n el proyecto Malec\u00f3n Tajamar en Canc\u00fan -\",\"isPartOf\":{\"@id\":\"https:\\\/\\\/centrourbano.com\\\/revista\\\/#website\"},\"primaryImageOfPage\":{\"@id\":\"https:\\\/\\\/centrourbano.com\\\/revista\\\/inmobiliario\\\/reactivaran-el-proyecto-malecon-tajamar-en-cancun\\\/#primaryimage\"},\"image\":{\"@id\":\"https:\\\/\\\/centrourbano.com\\\/revista\\\/inmobiliario\\\/reactivaran-el-proyecto-malecon-tajamar-en-cancun\\\/#primaryimage\"},\"thumbnailUrl\":\"https:\\\/\\\/centrourbano.com\\\/revista\\\/wp-content\\\/uploads\\\/tajamar_slide21.jpg\",\"datePublished\":\"2016-01-13T15:28:29+00:00\",\"dateModified\":\"2016-01-13T16:30:56+00:00\",\"description\":\"Las obras incluyen #vivienda, #oficinas y comercio, fue suspendido en agosto de 2015 por da\u00f1os al medio ambiente A finales de enero el proyecto de usos\",\"breadcrumb\":{\"@id\":\"https:\\\/\\\/centrourbano.com\\\/revista\\\/inmobiliario\\\/reactivaran-el-proyecto-malecon-tajamar-en-cancun\\\/#breadcrumb\"},\"inLanguage\":\"es\",\"potentialAction\":[{\"@type\":\"ReadAction\",\"target\":[\"https:\\\/\\\/centrourbano.com\\\/revista\\\/inmobiliario\\\/reactivaran-el-proyecto-malecon-tajamar-en-cancun\\\/\"]}]},{\"@type\":\"ImageObject\",\"inLanguage\":\"es\",\"@id\":\"https:\\\/\\\/centrourbano.com\\\/revista\\\/inmobiliario\\\/reactivaran-el-proyecto-malecon-tajamar-en-cancun\\\/#primaryimage\",\"url\":\"https:\\\/\\\/centrourbano.com\\\/revista\\\/wp-content\\\/uploads\\\/tajamar_slide21.jpg\",\"contentUrl\":\"https:\\\/\\\/centrourbano.com\\\/revista\\\/wp-content\\\/uploads\\\/tajamar_slide21.jpg\",\"width\":800,\"height\":484},{\"@type\":\"BreadcrumbList\",\"@id\":\"https:\\\/\\\/centrourbano.com\\\/revista\\\/inmobiliario\\\/reactivaran-el-proyecto-malecon-tajamar-en-cancun\\\/#breadcrumb\",\"itemListElement\":[{\"@type\":\"ListItem\",\"position\":1,\"name\":\"Portada\",\"item\":\"https:\\\/\\\/centrourbano.com\\\/revista\\\/\"},{\"@type\":\"ListItem\",\"position\":2,\"name\":\"Reactivar\u00e1n el proyecto Malec\u00f3n Tajamar en Canc\u00fan\"}]},{\"@type\":\"WebSite\",\"@id\":\"https:\\\/\\\/centrourbano.com\\\/revista\\\/#website\",\"url\":\"https:\\\/\\\/centrourbano.com\\\/revista\\\/\",\"name\":\"Centro Urbano\",\"description\":\"Medio especializado en los sectores vivienda, inmobiliario, construcci\u00f3n, arquitectura y urbanismo.\",\"publisher\":{\"@id\":\"https:\\\/\\\/centrourbano.com\\\/revista\\\/#organization\"},\"potentialAction\":[{\"@type\":\"SearchAction\",\"target\":{\"@type\":\"EntryPoint\",\"urlTemplate\":\"https:\\\/\\\/centrourbano.com\\\/revista\\\/?s={search_term_string}\"},\"query-input\":{\"@type\":\"PropertyValueSpecification\",\"valueRequired\":true,\"valueName\":\"search_term_string\"}}],\"inLanguage\":\"es\"},{\"@type\":\"Organization\",\"@id\":\"https:\\\/\\\/centrourbano.com\\\/revista\\\/#organization\",\"name\":\"Centro Urbano\",\"url\":\"https:\\\/\\\/centrourbano.com\\\/revista\\\/\",\"logo\":{\"@type\":\"ImageObject\",\"inLanguage\":\"es\",\"@id\":\"https:\\\/\\\/centrourbano.com\\\/revista\\\/#\\\/schema\\\/logo\\\/image\\\/\",\"url\":\"https:\\\/\\\/centrourbano.com\\\/revista\\\/wp-content\\\/uploads\\\/web_CU_logo-1.png\",\"contentUrl\":\"https:\\\/\\\/centrourbano.com\\\/revista\\\/wp-content\\\/uploads\\\/web_CU_logo-1.png\",\"width\":350,\"height\":91,\"caption\":\"Centro Urbano\"},\"image\":{\"@id\":\"https:\\\/\\\/centrourbano.com\\\/revista\\\/#\\\/schema\\\/logo\\\/image\\\/\"},\"sameAs\":[\"https:\\\/\\\/www.facebook.com\\\/portalcentrourbano\",\"https:\\\/\\\/x.com\\\/CentroUrbano\",\"https:\\\/\\\/www.instagram.com\\\/centro_urbano\\\/\",\"https:\\\/\\\/www.linkedin.com\\\/company\\\/centro-urbano\\\/\",\"http:\\\/\\\/www.youtube.com\\\/user\\\/portalcentrourbano\"]},{\"@type\":\"Person\",\"@id\":\"https:\\\/\\\/centrourbano.com\\\/revista\\\/#\\\/schema\\\/person\\\/370fa0ba2d8dd5bde3fdb8b62ad360aa\",\"name\":\"G4A\",\"image\":{\"@type\":\"ImageObject\",\"inLanguage\":\"es\",\"@id\":\"https:\\\/\\\/secure.gravatar.com\\\/avatar\\\/932a97121b13d5de5bbd8193c6c83d3b92c9eda0f39623607d4280e7a5778d97?s=96&d=mm&r=g\",\"url\":\"https:\\\/\\\/secure.gravatar.com\\\/avatar\\\/932a97121b13d5de5bbd8193c6c83d3b92c9eda0f39623607d4280e7a5778d97?s=96&d=mm&r=g\",\"contentUrl\":\"https:\\\/\\\/secure.gravatar.com\\\/avatar\\\/932a97121b13d5de5bbd8193c6c83d3b92c9eda0f39623607d4280e7a5778d97?s=96&d=mm&r=g\",\"caption\":\"G4A\"},\"url\":\"https:\\\/\\\/centrourbano.com\\\/revista\\\/author\\\/admin-g4a\\\/\"}]}<\/script>\n<!-- \/ Yoast SEO plugin. -->","yoast_head_json":{"title":"Reactivar\u00e1n el proyecto Malec\u00f3n Tajamar en Canc\u00fan -","description":"Las obras incluyen #vivienda, #oficinas y comercio, fue suspendido en agosto de 2015 por da\u00f1os al medio ambiente A finales de enero el proyecto de usos","robots":{"index":"index","follow":"follow","max-snippet":"max-snippet:-1","max-image-preview":"max-image-preview:large","max-video-preview":"max-video-preview:-1"},"canonical":"https:\/\/centrourbano.com\/revista\/inmobiliario\/reactivaran-el-proyecto-malecon-tajamar-en-cancun\/","og_locale":"es_ES","og_type":"article","og_title":"Reactivar\u00e1n el proyecto Malec\u00f3n Tajamar en Canc\u00fan -","og_description":"Las obras incluyen #vivienda, #oficinas y comercio, fue suspendido en agosto de 2015 por da\u00f1os al medio ambiente A finales de enero el proyecto de usos","og_url":"https:\/\/centrourbano.com\/revista\/inmobiliario\/reactivaran-el-proyecto-malecon-tajamar-en-cancun\/","og_site_name":"Centro Urbano","article_publisher":"https:\/\/www.facebook.com\/portalcentrourbano","article_published_time":"2016-01-13T15:28:29+00:00","article_modified_time":"2016-01-13T16:30:56+00:00","og_image":[{"width":800,"height":484,"url":"https:\/\/centrourbano.com\/revista\/wp-content\/uploads\/tajamar_slide21.jpg","type":"image\/jpeg"}],"author":"G4A","twitter_card":"summary_large_image","twitter_creator":"@CentroUrbano","twitter_site":"@CentroUrbano","twitter_misc":{"Escrito por":"G4A","Tiempo de lectura":"1 minuto"},"schema":{"@context":"https:\/\/schema.org","@graph":[{"@type":"Article","@id":"https:\/\/centrourbano.com\/revista\/inmobiliario\/reactivaran-el-proyecto-malecon-tajamar-en-cancun\/#article","isPartOf":{"@id":"https:\/\/centrourbano.com\/revista\/inmobiliario\/reactivaran-el-proyecto-malecon-tajamar-en-cancun\/"},"author":{"name":"G4A","@id":"https:\/\/centrourbano.com\/revista\/#\/schema\/person\/370fa0ba2d8dd5bde3fdb8b62ad360aa"},"headline":"Reactivar\u00e1n el proyecto Malec\u00f3n Tajamar en Canc\u00fan","datePublished":"2016-01-13T15:28:29+00:00","dateModified":"2016-01-13T16:30:56+00:00","mainEntityOfPage":{"@id":"https:\/\/centrourbano.com\/revista\/inmobiliario\/reactivaran-el-proyecto-malecon-tajamar-en-cancun\/"},"wordCount":276,"commentCount":0,"publisher":{"@id":"https:\/\/centrourbano.com\/revista\/#organization"},"image":{"@id":"https:\/\/centrourbano.com\/revista\/inmobiliario\/reactivaran-el-proyecto-malecon-tajamar-en-cancun\/#primaryimage"},"thumbnailUrl":"https:\/\/centrourbano.com\/revista\/wp-content\/uploads\/tajamar_slide21.jpg","keywords":["Canc\u00fan","construcci\u00f3n","espacios comerciales","Fonatur","oficinas","urbano","Usoso mixtos","vivienda+"],"articleSection":["Inmobiliario"],"inLanguage":"es"},{"@type":"WebPage","@id":"https:\/\/centrourbano.com\/revista\/inmobiliario\/reactivaran-el-proyecto-malecon-tajamar-en-cancun\/","url":"https:\/\/centrourbano.com\/revista\/inmobiliario\/reactivaran-el-proyecto-malecon-tajamar-en-cancun\/","name":"Reactivar\u00e1n el proyecto Malec\u00f3n Tajamar en Canc\u00fan -","isPartOf":{"@id":"https:\/\/centrourbano.com\/revista\/#website"},"primaryImageOfPage":{"@id":"https:\/\/centrourbano.com\/revista\/inmobiliario\/reactivaran-el-proyecto-malecon-tajamar-en-cancun\/#primaryimage"},"image":{"@id":"https:\/\/centrourbano.com\/revista\/inmobiliario\/reactivaran-el-proyecto-malecon-tajamar-en-cancun\/#primaryimage"},"thumbnailUrl":"https:\/\/centrourbano.com\/revista\/wp-content\/uploads\/tajamar_slide21.jpg","datePublished":"2016-01-13T15:28:29+00:00","dateModified":"2016-01-13T16:30:56+00:00","description":"Las obras incluyen #vivienda, #oficinas y comercio, fue suspendido en agosto de 2015 por da\u00f1os al medio ambiente A finales de enero el proyecto de usos","breadcrumb":{"@id":"https:\/\/centrourbano.com\/revista\/inmobiliario\/reactivaran-el-proyecto-malecon-tajamar-en-cancun\/#breadcrumb"},"inLanguage":"es","potentialAction":[{"@type":"ReadAction","target":["https:\/\/centrourbano.com\/revista\/inmobiliario\/reactivaran-el-proyecto-malecon-tajamar-en-cancun\/"]}]},{"@type":"ImageObject","inLanguage":"es","@id":"https:\/\/centrourbano.com\/revista\/inmobiliario\/reactivaran-el-proyecto-malecon-tajamar-en-cancun\/#primaryimage","url":"https:\/\/centrourbano.com\/revista\/wp-content\/uploads\/tajamar_slide21.jpg","contentUrl":"https:\/\/centrourbano.com\/revista\/wp-content\/uploads\/tajamar_slide21.jpg","width":800,"height":484},{"@type":"BreadcrumbList","@id":"https:\/\/centrourbano.com\/revista\/inmobiliario\/reactivaran-el-proyecto-malecon-tajamar-en-cancun\/#breadcrumb","itemListElement":[{"@type":"ListItem","position":1,"name":"Portada","item":"https:\/\/centrourbano.com\/revista\/"},{"@type":"ListItem","position":2,"name":"Reactivar\u00e1n el proyecto Malec\u00f3n Tajamar en Canc\u00fan"}]},{"@type":"WebSite","@id":"https:\/\/centrourbano.com\/revista\/#website","url":"https:\/\/centrourbano.com\/revista\/","name":"Centro Urbano","description":"Medio especializado en los sectores vivienda, inmobiliario, construcci\u00f3n, arquitectura y urbanismo.","publisher":{"@id":"https:\/\/centrourbano.com\/revista\/#organization"},"potentialAction":[{"@type":"SearchAction","target":{"@type":"EntryPoint","urlTemplate":"https:\/\/centrourbano.com\/revista\/?s={search_term_string}"},"query-input":{"@type":"PropertyValueSpecification","valueRequired":true,"valueName":"search_term_string"}}],"inLanguage":"es"},{"@type":"Organization","@id":"https:\/\/centrourbano.com\/revista\/#organization","name":"Centro Urbano","url":"https:\/\/centrourbano.com\/revista\/","logo":{"@type":"ImageObject","inLanguage":"es","@id":"https:\/\/centrourbano.com\/revista\/#\/schema\/logo\/image\/","url":"https:\/\/centrourbano.com\/revista\/wp-content\/uploads\/web_CU_logo-1.png","contentUrl":"https:\/\/centrourbano.com\/revista\/wp-content\/uploads\/web_CU_logo-1.png","width":350,"height":91,"caption":"Centro Urbano"},"image":{"@id":"https:\/\/centrourbano.com\/revista\/#\/schema\/logo\/image\/"},"sameAs":["https:\/\/www.facebook.com\/portalcentrourbano","https:\/\/x.com\/CentroUrbano","https:\/\/www.instagram.com\/centro_urbano\/","https:\/\/www.linkedin.com\/company\/centro-urbano\/","http:\/\/www.youtube.com\/user\/portalcentrourbano"]},{"@type":"Person","@id":"https:\/\/centrourbano.com\/revista\/#\/schema\/person\/370fa0ba2d8dd5bde3fdb8b62ad360aa","name":"G4A","image":{"@type":"ImageObject","inLanguage":"es","@id":"https:\/\/secure.gravatar.com\/avatar\/932a97121b13d5de5bbd8193c6c83d3b92c9eda0f39623607d4280e7a5778d97?s=96&d=mm&r=g","url":"https:\/\/secure.gravatar.com\/avatar\/932a97121b13d5de5bbd8193c6c83d3b92c9eda0f39623607d4280e7a5778d97?s=96&d=mm&r=g","contentUrl":"https:\/\/secure.gravatar.com\/avatar\/932a97121b13d5de5bbd8193c6c83d3b92c9eda0f39623607d4280e7a5778d97?s=96&d=mm&r=g","caption":"G4A"},"url":"https:\/\/centrourbano.com\/revista\/author\/admin-g4a\/"}]}},"_links":{"self":[{"href":"https:\/\/centrourbano.com\/revista\/wp-json\/wp\/v2\/posts\/28530","targetHints":{"allow":["GET"]}}],"collection":[{"href":"https:\/\/centrourbano.com\/revista\/wp-json\/wp\/v2\/posts"}],"about":[{"href":"https:\/\/centrourbano.com\/revista\/wp-json\/wp\/v2\/types\/post"}],"author":[{"embeddable":true,"href":"https:\/\/centrourbano.com\/revista\/wp-json\/wp\/v2\/users\/77"}],"replies":[{"embeddable":true,"href":"https:\/\/centrourbano.com\/revista\/wp-json\/wp\/v2\/comments?post=28530"}],"version-history":[{"count":0,"href":"https:\/\/centrourbano.com\/revista\/wp-json\/wp\/v2\/posts\/28530\/revisions"}],"wp:featuredmedia":[{"embeddable":true,"href":"https:\/\/centrourbano.com\/revista\/wp-json\/wp\/v2\/media\/28537"}],"wp:attachment":[{"href":"https:\/\/centrourbano.com\/revista\/wp-json\/wp\/v2\/media?parent=28530"}],"wp:term":[{"taxonomy":"category","embeddable":true,"href":"https:\/\/centrourbano.com\/revista\/wp-json\/wp\/v2\/categories?post=28530"},{"taxonomy":"post_tag","embeddable":true,"href":"https:\/\/centrourbano.com\/revista\/wp-json\/wp\/v2\/tags?post=28530"}],"curies":[{"name":"wp","href":"https:\/\/api.w.org\/{rel}","templated":true}]}}